{"id":1090,"date":"2011-01-27T16:47:12","date_gmt":"2011-01-27T15:47:12","guid":{"rendered":"http:\/\/www.spaziotorino.it\/scatto\/?p=1090"},"modified":"2011-01-28T09:47:39","modified_gmt":"2011-01-28T08:47:39","slug":"lecomuseo-urbano-arriva-in-circoscrizione-1","status":"publish","type":"post","link":"http:\/\/www.spaziotorino.it\/scatto\/?p=1090","title":{"rendered":"L&#8217;Ecomuseo Urbano arriva in Circoscrizione 1"},"content":{"rendered":"<p><a title=\"L'Ecomuseo Urbano arriva in Circoscrizione 1\" rel=\"lightbox[set_172]\" href=\"http:\/\/www.spaziotorino.it\/scatto\/wp-content\/gallery\/2011_01_27_ecomuseo\/2701_ecomuseo_7907.jpg\"><br \/>\n<img decoding=\"async\" loading=\"lazy\" class=\"ngg-singlepic\" title=\"L'Ecomuseo Urbano arriva in Circoscrizione 1\" src=\"http:\/\/www.spaziotorino.it\/scatto\/wp-content\/gallery\/2011_01_27_ecomuseo\/2701_ecomuseo_7907.jpg\" alt=\"\" width=\"540\" height=\"360\" \/><br \/>\n<\/a><\/p>\n<!-- index.php -->\n<div\n\tclass=\"ngg-galleryoverview ngg-ajax-pagination-none\"\n\tid=\"ngg-gallery-0c4b9686d6a5ac67e071b9493cb62afe-1\">\n\n    \t\t<!-- Thumbnails -->\n\t\t\t\t<div id=\"ngg-image-0\" class=\"ngg-gallery-thumbnail-box\" >\n\t\t\t\t        <div class=\"ngg-gallery-thumbnail\">\n            <a href=\"http:\/\/www.spaziotorino.it\/scatto\/wp-content\/gallery\/2011_01_27_ecomuseo\/2701_ecomuseo_7834.jpg\"\n               title=\"Un momento della presentazione del nuovo Ecomuseo Urbano della Circoscrizione 1\"\n               data-src=\"http:\/\/www.spaziotorino.it\/scatto\/wp-content\/gallery\/2011_01_27_ecomuseo\/2701_ecomuseo_7834.jpg\"\n               data-thumbnail=\"http:\/\/www.spaziotorino.it\/scatto\/wp-content\/gallery\/2011_01_27_ecomuseo\/thumbs\/thumbs_2701_ecomuseo_7834.jpg\"\n               data-image-id=\"2738\"\n               data-title=\"Un momento della presentazione del nuovo Ecomuseo Urbano della Circoscrizione 1\"\n               data-description=\"Un momento della presentazione del nuovo Ecomuseo Urbano della Circoscrizione 1\"\n               data-image-slug=\"un-momento-della-presentazione-del-nuovo-ecomuseo-urbano-della-circoscrizione-1\"\n               class=\"ngg-fancybox\" rel=\"0c4b9686d6a5ac67e071b9493cb62afe\">\n                <img\n                    title=\"Un momento della presentazione del nuovo Ecomuseo Urbano della Circoscrizione 1\"\n                    alt=\"Un momento della presentazione del nuovo Ecomuseo Urbano della Circoscrizione 1\"\n                    src=\"http:\/\/www.spaziotorino.it\/scatto\/wp-content\/gallery\/2011_01_27_ecomuseo\/cache\/2701_ecomuseo_7834.jpg-nggid042738-ngg0dyn-60x60x100-00f0w010c011r110f110r010t010.jpg\"\n                    width=\"60\"\n                    height=\"60\"\n                    style=\"max-width:100%;\"\n                \/>\n            <\/a>\n        <\/div>\n\t\t\t\t\t\t\t<\/div> \n\t\t\t\n        \n\t\t\t\t<div id=\"ngg-image-1\" class=\"ngg-gallery-thumbnail-box\" >\n\t\t\t\t        <div class=\"ngg-gallery-thumbnail\">\n            <a href=\"http:\/\/www.spaziotorino.it\/scatto\/wp-content\/gallery\/2011_01_27_ecomuseo\/2701_ecomuseo_7846.jpg\"\n               title=\"Massimo Guerrini e Fiorenzo Alfieri\"\n               data-src=\"http:\/\/www.spaziotorino.it\/scatto\/wp-content\/gallery\/2011_01_27_ecomuseo\/2701_ecomuseo_7846.jpg\"\n               data-thumbnail=\"http:\/\/www.spaziotorino.it\/scatto\/wp-content\/gallery\/2011_01_27_ecomuseo\/thumbs\/thumbs_2701_ecomuseo_7846.jpg\"\n               data-image-id=\"2739\"\n               data-title=\"Massimo Guerrini e Fiorenzo Alfieri\"\n               data-description=\"Massimo Guerrini e Fiorenzo Alfieri\"\n               data-image-slug=\"massimo-guerrini-e-fiorenzo-alfieri\"\n               class=\"ngg-fancybox\" rel=\"0c4b9686d6a5ac67e071b9493cb62afe\">\n                <img\n                    title=\"Massimo Guerrini e Fiorenzo Alfieri\"\n                    alt=\"Massimo Guerrini e Fiorenzo Alfieri\"\n                    src=\"http:\/\/www.spaziotorino.it\/scatto\/wp-content\/gallery\/2011_01_27_ecomuseo\/cache\/2701_ecomuseo_7846.jpg-nggid042739-ngg0dyn-60x60x100-00f0w010c011r110f110r010t010.jpg\"\n                    width=\"60\"\n                    height=\"60\"\n                    style=\"max-width:100%;\"\n                \/>\n            <\/a>\n        <\/div>\n\t\t\t\t\t\t\t<\/div> \n\t\t\t\n        \n\t\t\t\t<div id=\"ngg-image-2\" class=\"ngg-gallery-thumbnail-box\" >\n\t\t\t\t        <div class=\"ngg-gallery-thumbnail\">\n            <a href=\"http:\/\/www.spaziotorino.it\/scatto\/wp-content\/gallery\/2011_01_27_ecomuseo\/2701_ecomuseo_dsc08722.jpg\"\n               title=\"Il taglio del nastro\"\n               data-src=\"http:\/\/www.spaziotorino.it\/scatto\/wp-content\/gallery\/2011_01_27_ecomuseo\/2701_ecomuseo_dsc08722.jpg\"\n               data-thumbnail=\"http:\/\/www.spaziotorino.it\/scatto\/wp-content\/gallery\/2011_01_27_ecomuseo\/thumbs\/thumbs_2701_ecomuseo_dsc08722.jpg\"\n               data-image-id=\"2758\"\n               data-title=\"Il taglio del nastro\"\n               data-description=\"Il taglio del nastro\"\n               data-image-slug=\"il-taglio-del-nastro-8\"\n               class=\"ngg-fancybox\" rel=\"0c4b9686d6a5ac67e071b9493cb62afe\">\n                <img\n                    title=\"Il taglio del nastro\"\n                    alt=\"Il taglio del nastro\"\n                    src=\"http:\/\/www.spaziotorino.it\/scatto\/wp-content\/gallery\/2011_01_27_ecomuseo\/cache\/2701_ecomuseo_dsc08722.jpg-nggid042758-ngg0dyn-60x60x100-00f0w010c011r110f110r010t010.jpg\"\n                    width=\"60\"\n                    height=\"60\"\n                    style=\"max-width:100%;\"\n                \/>\n            <\/a>\n        <\/div>\n\t\t\t\t\t\t\t<\/div> \n\t\t\t\n        \n\t\t\t\t<div id=\"ngg-image-3\" class=\"ngg-gallery-thumbnail-box\" >\n\t\t\t\t        <div class=\"ngg-gallery-thumbnail\">\n            <a href=\"http:\/\/www.spaziotorino.it\/scatto\/wp-content\/gallery\/2011_01_27_ecomuseo\/2701_ecomuseo_7863.jpg\"\n               title=\"La mostra \\&quot;Una storia elementare: immagini, voci e ricordi dalla Scuola Sclopis\\&quot;\"\n               data-src=\"http:\/\/www.spaziotorino.it\/scatto\/wp-content\/gallery\/2011_01_27_ecomuseo\/2701_ecomuseo_7863.jpg\"\n               data-thumbnail=\"http:\/\/www.spaziotorino.it\/scatto\/wp-content\/gallery\/2011_01_27_ecomuseo\/thumbs\/thumbs_2701_ecomuseo_7863.jpg\"\n               data-image-id=\"2740\"\n               data-title=\"La mostra\"\n               data-description=\"La mostra &quot;Una storia elementare: immagini, voci e ricordi dalla Scuola Sclopis&quot;\"\n               data-image-slug=\"la-mostra-1\"\n               class=\"ngg-fancybox\" rel=\"0c4b9686d6a5ac67e071b9493cb62afe\">\n                <img\n                    title=\"La mostra\"\n                    alt=\"La mostra\"\n                    src=\"http:\/\/www.spaziotorino.it\/scatto\/wp-content\/gallery\/2011_01_27_ecomuseo\/cache\/2701_ecomuseo_7863.jpg-nggid042740-ngg0dyn-60x60x100-00f0w010c011r110f110r010t010.jpg\"\n                    width=\"60\"\n                    height=\"60\"\n                    style=\"max-width:100%;\"\n                \/>\n            <\/a>\n        <\/div>\n\t\t\t\t\t\t\t<\/div> \n\t\t\t\n        \n\t\t\t\t<div id=\"ngg-image-4\" class=\"ngg-gallery-thumbnail-box\" >\n\t\t\t\t        <div class=\"ngg-gallery-thumbnail\">\n            <a href=\"http:\/\/www.spaziotorino.it\/scatto\/wp-content\/gallery\/2011_01_27_ecomuseo\/2701_ecomuseo_7870.jpg\"\n               title=\"La mostra \\&quot;Una storia elementare: immagini, voci e ricordi dalla Scuola Sclopis\\&quot;\"\n               data-src=\"http:\/\/www.spaziotorino.it\/scatto\/wp-content\/gallery\/2011_01_27_ecomuseo\/2701_ecomuseo_7870.jpg\"\n               data-thumbnail=\"http:\/\/www.spaziotorino.it\/scatto\/wp-content\/gallery\/2011_01_27_ecomuseo\/thumbs\/thumbs_2701_ecomuseo_7870.jpg\"\n               data-image-id=\"2741\"\n               data-title=\"La mostra\"\n               data-description=\"La mostra &quot;Una storia elementare: immagini, voci e ricordi dalla Scuola Sclopis&quot;\"\n               data-image-slug=\"la-mostra\"\n               class=\"ngg-fancybox\" rel=\"0c4b9686d6a5ac67e071b9493cb62afe\">\n                <img\n                    title=\"La mostra\"\n                    alt=\"La mostra\"\n                    src=\"http:\/\/www.spaziotorino.it\/scatto\/wp-content\/gallery\/2011_01_27_ecomuseo\/cache\/2701_ecomuseo_7870.jpg-nggid042741-ngg0dyn-60x60x100-00f0w010c011r110f110r010t010.jpg\"\n                    width=\"60\"\n                    height=\"60\"\n                    style=\"max-width:100%;\"\n                \/>\n            <\/a>\n        <\/div>\n\t\t\t\t\t\t\t<\/div> \n\t\t\t\n        \n\t\t\t\t<div id=\"ngg-image-5\" class=\"ngg-gallery-thumbnail-box\" >\n\t\t\t\t        <div class=\"ngg-gallery-thumbnail\">\n            <a href=\"http:\/\/www.spaziotorino.it\/scatto\/wp-content\/gallery\/2011_01_27_ecomuseo\/2701_ecomuseo_7873.jpg\"\n               title=\"La mostra \\&quot;Una storia elementare: immagini, voci e ricordi dalla Scuola Sclopis\\&quot;\"\n               data-src=\"http:\/\/www.spaziotorino.it\/scatto\/wp-content\/gallery\/2011_01_27_ecomuseo\/2701_ecomuseo_7873.jpg\"\n               data-thumbnail=\"http:\/\/www.spaziotorino.it\/scatto\/wp-content\/gallery\/2011_01_27_ecomuseo\/thumbs\/thumbs_2701_ecomuseo_7873.jpg\"\n               data-image-id=\"2742\"\n               data-title=\"La mostra\"\n               data-description=\"La mostra &quot;Una storia elementare: immagini, voci e ricordi dalla Scuola Sclopis&quot;\"\n               data-image-slug=\"la-mostra-2\"\n               class=\"ngg-fancybox\" rel=\"0c4b9686d6a5ac67e071b9493cb62afe\">\n                <img\n                    title=\"La mostra\"\n                    alt=\"La mostra\"\n                    src=\"http:\/\/www.spaziotorino.it\/scatto\/wp-content\/gallery\/2011_01_27_ecomuseo\/cache\/2701_ecomuseo_7873.jpg-nggid042742-ngg0dyn-60x60x100-00f0w010c011r110f110r010t010.jpg\"\n                    width=\"60\"\n                    height=\"60\"\n                    style=\"max-width:100%;\"\n                \/>\n            <\/a>\n        <\/div>\n\t\t\t\t\t\t\t<\/div> \n\t\t\t\n        \n\t\t\t\t<div id=\"ngg-image-6\" class=\"ngg-gallery-thumbnail-box\" >\n\t\t\t\t        <div class=\"ngg-gallery-thumbnail\">\n            <a href=\"http:\/\/www.spaziotorino.it\/scatto\/wp-content\/gallery\/2011_01_27_ecomuseo\/2701_ecomuseo_7880.jpg\"\n               title=\"La mostra \\&quot;Una storia elementare: immagini, voci e ricordi dalla Scuola Sclopis\\&quot;\"\n               data-src=\"http:\/\/www.spaziotorino.it\/scatto\/wp-content\/gallery\/2011_01_27_ecomuseo\/2701_ecomuseo_7880.jpg\"\n               data-thumbnail=\"http:\/\/www.spaziotorino.it\/scatto\/wp-content\/gallery\/2011_01_27_ecomuseo\/thumbs\/thumbs_2701_ecomuseo_7880.jpg\"\n               data-image-id=\"2743\"\n               data-title=\"La mostra\"\n               data-description=\"La mostra &quot;Una storia elementare: immagini, voci e ricordi dalla Scuola Sclopis&quot;\"\n               data-image-slug=\"la-mostra-3\"\n               class=\"ngg-fancybox\" rel=\"0c4b9686d6a5ac67e071b9493cb62afe\">\n                <img\n                    title=\"La mostra\"\n                    alt=\"La mostra\"\n                    src=\"http:\/\/www.spaziotorino.it\/scatto\/wp-content\/gallery\/2011_01_27_ecomuseo\/cache\/2701_ecomuseo_7880.jpg-nggid042743-ngg0dyn-60x60x100-00f0w010c011r110f110r010t010.jpg\"\n                    width=\"60\"\n                    height=\"60\"\n                    style=\"max-width:100%;\"\n                \/>\n            <\/a>\n        <\/div>\n\t\t\t\t\t\t\t<\/div> \n\t\t\t\n        \n\t\t\t\t<div id=\"ngg-image-7\" class=\"ngg-gallery-thumbnail-box\" >\n\t\t\t\t        <div class=\"ngg-gallery-thumbnail\">\n            <a href=\"http:\/\/www.spaziotorino.it\/scatto\/wp-content\/gallery\/2011_01_27_ecomuseo\/2701_ecomuseo_7888.jpg\"\n               title=\"Il nuovo Ecomuseo Urbano della Circoscrizione 1\"\n               data-src=\"http:\/\/www.spaziotorino.it\/scatto\/wp-content\/gallery\/2011_01_27_ecomuseo\/2701_ecomuseo_7888.jpg\"\n               data-thumbnail=\"http:\/\/www.spaziotorino.it\/scatto\/wp-content\/gallery\/2011_01_27_ecomuseo\/thumbs\/thumbs_2701_ecomuseo_7888.jpg\"\n               data-image-id=\"2744\"\n               data-title=\"Il nuovo Ecomuseo Urbano della Circoscrizione 1\"\n               data-description=\"Il nuovo Ecomuseo Urbano della Circoscrizione 1\"\n               data-image-slug=\"il-nuovo-ecomuseo-urbano-della-circoscrizione-1\"\n               class=\"ngg-fancybox\" rel=\"0c4b9686d6a5ac67e071b9493cb62afe\">\n                <img\n                    title=\"Il nuovo Ecomuseo Urbano della Circoscrizione 1\"\n                    alt=\"Il nuovo Ecomuseo Urbano della Circoscrizione 1\"\n                    src=\"http:\/\/www.spaziotorino.it\/scatto\/wp-content\/gallery\/2011_01_27_ecomuseo\/cache\/2701_ecomuseo_7888.jpg-nggid042744-ngg0dyn-60x60x100-00f0w010c011r110f110r010t010.jpg\"\n                    width=\"60\"\n                    height=\"60\"\n                    style=\"max-width:100%;\"\n                \/>\n            <\/a>\n        <\/div>\n\t\t\t\t\t\t\t<\/div> \n\t\t\t\n        \n\t\t\t\t<div id=\"ngg-image-8\" class=\"ngg-gallery-thumbnail-box\" >\n\t\t\t\t        <div class=\"ngg-gallery-thumbnail\">\n            <a href=\"http:\/\/www.spaziotorino.it\/scatto\/wp-content\/gallery\/2011_01_27_ecomuseo\/2701_ecomuseo_7904.jpg\"\n               title=\"L\\&#039;ingresso di via Dego 6\"\n               data-src=\"http:\/\/www.spaziotorino.it\/scatto\/wp-content\/gallery\/2011_01_27_ecomuseo\/2701_ecomuseo_7904.jpg\"\n               data-thumbnail=\"http:\/\/www.spaziotorino.it\/scatto\/wp-content\/gallery\/2011_01_27_ecomuseo\/thumbs\/thumbs_2701_ecomuseo_7904.jpg\"\n               data-image-id=\"2745\"\n               data-title=\"L\\&#039;ingresso di via Dego 6\"\n               data-description=\"L&#039;ingresso di via Dego 6\"\n               data-image-slug=\"lingresso-di-via-dego-6\"\n               class=\"ngg-fancybox\" rel=\"0c4b9686d6a5ac67e071b9493cb62afe\">\n                <img\n                    title=\"L\\&#039;ingresso di via Dego 6\"\n                    alt=\"L\\&#039;ingresso di via Dego 6\"\n                    src=\"http:\/\/www.spaziotorino.it\/scatto\/wp-content\/gallery\/2011_01_27_ecomuseo\/cache\/2701_ecomuseo_7904.jpg-nggid042745-ngg0dyn-60x60x100-00f0w010c011r110f110r010t010.jpg\"\n                    width=\"60\"\n                    height=\"60\"\n                    style=\"max-width:100%;\"\n                \/>\n            <\/a>\n        <\/div>\n\t\t\t\t\t\t\t<\/div> \n\t\t\t\n        \n\t\t\t\t<div id=\"ngg-image-9\" class=\"ngg-gallery-thumbnail-box\" >\n\t\t\t\t        <div class=\"ngg-gallery-thumbnail\">\n            <a href=\"http:\/\/www.spaziotorino.it\/scatto\/wp-content\/gallery\/2011_01_27_ecomuseo\/2701_ecomuseo_7907.jpg\"\n               title=\"Il nastro giallo-blu tagliato per l\\&#039;inaugurazione\"\n               data-src=\"http:\/\/www.spaziotorino.it\/scatto\/wp-content\/gallery\/2011_01_27_ecomuseo\/2701_ecomuseo_7907.jpg\"\n               data-thumbnail=\"http:\/\/www.spaziotorino.it\/scatto\/wp-content\/gallery\/2011_01_27_ecomuseo\/thumbs\/thumbs_2701_ecomuseo_7907.jpg\"\n               data-image-id=\"2746\"\n               data-title=\"Il nastro giallo-blu tagliato per l\\&#039;inaugurazione\"\n               data-description=\"Il nastro giallo-blu tagliato per l&#039;inaugurazione\"\n               data-image-slug=\"il-nastro-giallo-blu-tagliato-per-linaugurazione\"\n               class=\"ngg-fancybox\" rel=\"0c4b9686d6a5ac67e071b9493cb62afe\">\n                <img\n                    title=\"Il nastro giallo-blu tagliato per l\\&#039;inaugurazione\"\n                    alt=\"Il nastro giallo-blu tagliato per l\\&#039;inaugurazione\"\n                    src=\"http:\/\/www.spaziotorino.it\/scatto\/wp-content\/gallery\/2011_01_27_ecomuseo\/cache\/2701_ecomuseo_7907.jpg-nggid042746-ngg0dyn-60x60x100-00f0w010c011r110f110r010t010.jpg\"\n                    width=\"60\"\n                    height=\"60\"\n                    style=\"max-width:100%;\"\n                \/>\n            <\/a>\n        <\/div>\n\t\t\t\t\t\t\t<\/div> \n\t\t\t\n        \n\t\t\t\t<div id=\"ngg-image-10\" class=\"ngg-gallery-thumbnail-box\" >\n\t\t\t\t        <div class=\"ngg-gallery-thumbnail\">\n            <a href=\"http:\/\/www.spaziotorino.it\/scatto\/wp-content\/gallery\/2011_01_27_ecomuseo\/2701_ecomuseo_7915.jpg\"\n               title=\"Benvenuti\"\n               data-src=\"http:\/\/www.spaziotorino.it\/scatto\/wp-content\/gallery\/2011_01_27_ecomuseo\/2701_ecomuseo_7915.jpg\"\n               data-thumbnail=\"http:\/\/www.spaziotorino.it\/scatto\/wp-content\/gallery\/2011_01_27_ecomuseo\/thumbs\/thumbs_2701_ecomuseo_7915.jpg\"\n               data-image-id=\"2747\"\n               data-title=\"Benvenuti\"\n               data-description=\"Benvenuti\"\n               data-image-slug=\"benvenuti-1\"\n               class=\"ngg-fancybox\" rel=\"0c4b9686d6a5ac67e071b9493cb62afe\">\n                <img\n                    title=\"Benvenuti\"\n                    alt=\"Benvenuti\"\n                    src=\"http:\/\/www.spaziotorino.it\/scatto\/wp-content\/gallery\/2011_01_27_ecomuseo\/cache\/2701_ecomuseo_7915.jpg-nggid042747-ngg0dyn-60x60x100-00f0w010c011r110f110r010t010.jpg\"\n                    width=\"60\"\n                    height=\"60\"\n                    style=\"max-width:100%;\"\n                \/>\n            <\/a>\n        <\/div>\n\t\t\t\t\t\t\t<\/div> \n\t\t\t\n        \n\t\t\t\t<div id=\"ngg-image-11\" class=\"ngg-gallery-thumbnail-box\" >\n\t\t\t\t        <div class=\"ngg-gallery-thumbnail\">\n            <a href=\"http:\/\/www.spaziotorino.it\/scatto\/wp-content\/gallery\/2011_01_27_ecomuseo\/2701_ecomuseo_7924.jpg\"\n               title=\"Una scolaresca all\\&#039;inaugurazione dell\\&#039;Ecomuseo\"\n               data-src=\"http:\/\/www.spaziotorino.it\/scatto\/wp-content\/gallery\/2011_01_27_ecomuseo\/2701_ecomuseo_7924.jpg\"\n               data-thumbnail=\"http:\/\/www.spaziotorino.it\/scatto\/wp-content\/gallery\/2011_01_27_ecomuseo\/thumbs\/thumbs_2701_ecomuseo_7924.jpg\"\n               data-image-id=\"2748\"\n               data-title=\"Una scolaresca all\\&#039;inaugurazione dell\\&#039;Ecomuseo\"\n               data-description=\"Una scolaresca all&#039;inaugurazione dell&#039;Ecomuseo\"\n               data-image-slug=\"una-scolaresca-allinaugurazione-dellecomuseo\"\n               class=\"ngg-fancybox\" rel=\"0c4b9686d6a5ac67e071b9493cb62afe\">\n                <img\n                    title=\"Una scolaresca all\\&#039;inaugurazione dell\\&#039;Ecomuseo\"\n                    alt=\"Una scolaresca all\\&#039;inaugurazione dell\\&#039;Ecomuseo\"\n                    src=\"http:\/\/www.spaziotorino.it\/scatto\/wp-content\/gallery\/2011_01_27_ecomuseo\/cache\/2701_ecomuseo_7924.jpg-nggid042748-ngg0dyn-60x60x100-00f0w010c011r110f110r010t010.jpg\"\n                    width=\"60\"\n                    height=\"60\"\n                    style=\"max-width:100%;\"\n                \/>\n            <\/a>\n        <\/div>\n\t\t\t\t\t\t\t<\/div> \n\t\t\t\n        \n\t\t\t\t<div id=\"ngg-image-12\" class=\"ngg-gallery-thumbnail-box\" >\n\t\t\t\t        <div class=\"ngg-gallery-thumbnail\">\n            <a href=\"http:\/\/www.spaziotorino.it\/scatto\/wp-content\/gallery\/2011_01_27_ecomuseo\/2701_ecomuseo_7928.jpg\"\n               title=\"Massimo Guerrini illustra il nuovo Ecomuseo Urbano\"\n               data-src=\"http:\/\/www.spaziotorino.it\/scatto\/wp-content\/gallery\/2011_01_27_ecomuseo\/2701_ecomuseo_7928.jpg\"\n               data-thumbnail=\"http:\/\/www.spaziotorino.it\/scatto\/wp-content\/gallery\/2011_01_27_ecomuseo\/thumbs\/thumbs_2701_ecomuseo_7928.jpg\"\n               data-image-id=\"2749\"\n               data-title=\"Massimo Guerrini illustra il nuovo Ecomuseo Urbano\"\n               data-description=\"Massimo Guerrini illustra il nuovo Ecomuseo Urbano\"\n               data-image-slug=\"massimo-guerrini-illustra-il-nuovo-ecomuseo-urbano\"\n               class=\"ngg-fancybox\" rel=\"0c4b9686d6a5ac67e071b9493cb62afe\">\n                <img\n                    title=\"Massimo Guerrini illustra il nuovo Ecomuseo Urbano\"\n                    alt=\"Massimo Guerrini illustra il nuovo Ecomuseo Urbano\"\n                    src=\"http:\/\/www.spaziotorino.it\/scatto\/wp-content\/gallery\/2011_01_27_ecomuseo\/cache\/2701_ecomuseo_7928.jpg-nggid042749-ngg0dyn-60x60x100-00f0w010c011r110f110r010t010.jpg\"\n                    width=\"60\"\n                    height=\"60\"\n                    style=\"max-width:100%;\"\n                \/>\n            <\/a>\n        <\/div>\n\t\t\t\t\t\t\t<\/div> \n\t\t\t\n        \n\t\t\t\t<div id=\"ngg-image-13\" class=\"ngg-gallery-thumbnail-box\" >\n\t\t\t\t        <div class=\"ngg-gallery-thumbnail\">\n            <a href=\"http:\/\/www.spaziotorino.it\/scatto\/wp-content\/gallery\/2011_01_27_ecomuseo\/2701_ecomuseo_7933.jpg\"\n               title=\"Massimo Guerrini e Fiorenzo Alfieri visitano la mostra \\&quot;Una storia elementare: immagini, voci e ricordi dalla Scuola Sclopis\\&quot;\"\n               data-src=\"http:\/\/www.spaziotorino.it\/scatto\/wp-content\/gallery\/2011_01_27_ecomuseo\/2701_ecomuseo_7933.jpg\"\n               data-thumbnail=\"http:\/\/www.spaziotorino.it\/scatto\/wp-content\/gallery\/2011_01_27_ecomuseo\/thumbs\/thumbs_2701_ecomuseo_7933.jpg\"\n               data-image-id=\"2750\"\n               data-title=\"Massimo Guerrini e Fiorenzo Alfieri visitano la mostra\"\n               data-description=\"Massimo Guerrini e Fiorenzo Alfieri visitano la mostra &quot;Una storia elementare: immagini, voci e ricordi dalla Scuola Sclopis&quot;\"\n               data-image-slug=\"massimo-guerrini-e-fiorenzo-alfieri-visitano-la-mostra\"\n               class=\"ngg-fancybox\" rel=\"0c4b9686d6a5ac67e071b9493cb62afe\">\n                <img\n                    title=\"Massimo Guerrini e Fiorenzo Alfieri visitano la mostra\"\n                    alt=\"Massimo Guerrini e Fiorenzo Alfieri visitano la mostra\"\n                    src=\"http:\/\/www.spaziotorino.it\/scatto\/wp-content\/gallery\/2011_01_27_ecomuseo\/cache\/2701_ecomuseo_7933.jpg-nggid042750-ngg0dyn-60x60x100-00f0w010c011r110f110r010t010.jpg\"\n                    width=\"60\"\n                    height=\"60\"\n                    style=\"max-width:100%;\"\n                \/>\n            <\/a>\n        <\/div>\n\t\t\t\t\t\t\t<\/div> \n\t\t\t\n        \n\t\t\n\t\t<!-- Pagination -->\n\t<div class='ngg-clear'><\/div>\t<\/div>\n\n<p>Da oggi anche la Circoscrizione 1 ha il suo Ecomuseo.<br \/>\nUltimo, ma non per importanza, inaugurato in via Dego &#8211; al piano terra della struttura che ospita da pi\u00f9 di un anno il Centro Famiglia Famili Far &#8211; l\u2019Eut 1 si propone di diventare un centro culturale di riferimento, un prezioso \u201ccontenitore\u201d dedicato alla memoria storica del territorio.<br \/>\n\u201c L\u2019ecomuseo \u00e8 uno dei luoghi pi\u00f9 significativi della citt\u00e0 \u2013 ha sottolineato in conferenza l\u2019assessore alla cultura della Citt\u00e0, Fiorenzo Alfieri -. \u00c8 un grande esempio di collaborazione tra cittadini e territorio urbano\u201d.<br \/>\nL\u2019idea di questo spazio espositivo \u00e8 nata nelle campagne delle province cittadine dove gli abitanti, desiderosi di raccogliere e conservare gli oggetti e le tradizioni tipiche della zona, hanno scelto di creare un \u201c raccoglitore\u201d di memoria storica, talvolta costruendo un vero e proprio edificio, altre invece riservando un\u2019area o una stanza all\u2019interno di uno stabile pubblico.<br \/>\n\u00c8 stato inaugurato con il taglio del nastro gialloblu dal presidente della Circoscrizione 1 Massimo Guerrini e l\u2019apertura della mostra Una storia elementare: immagini, voci e ricordi dalla Scuola Sclopis uno dei progetti considerato dalla circoscrizione il punto di riferimento dell\u2019intero quartiere.<br \/>\nAll\u2019interno delle sale del piano terra saranno promossi programmi e iniziative per favorire, tra i residenti, un maggior senso di appartenenza alimentato dalla riscoperta dei luoghi e della loro storia. \u201c Inaugurare in occasione della giornata della memoria \u2013 ha ricordato Guerrini &#8211; e aprire i battenti con una mostra dal titolo significativo Una storia elementare: immagini, voci e ricordi dalla Scuola Sclopis\u201d \u00e8 una scelta in linea con lo spirito dell\u2019ecomuseo\u201d.<br \/>\nIn esposizione quaderni, documenti, foto, pagelle e altri oggetti, un vero e proprio archivio di materiali posseduti dai residenti del territorio circostante nel secolo scorso e presentato con l\u2019aiuto di studenti e insegnanti. \u201c In questo ecomuseo \u00e8 stata scelta la scuola come organismo vivente della memoria \u2013 ha detto l\u2019assessore Alfieri \u2013 un elemento importante che aiuta a comprendere meglio il tessuto sociale e istituzionale del centro cittadino\u201d.<br \/>\nIl 18 marzo, al piano terra di Palazzo Madama, prender\u00e0 il via il nuovo progetto interattivo \u201c Museo Torino\u201d nel quale confluiranno i lavori sulla memoria storica di tutti e dieci gli ecomusei torinesi.<\/p>\n","protected":false},"excerpt":{"rendered":"<p>Da oggi anche la Circoscrizione 1 ha il suo Ecomuseo. Ultimo, ma non per importanza, inaugurato in via Dego &#8211; al piano terra della struttura che ospita da pi\u00f9 di un anno il Centro Famiglia Famili Far &#8211; l\u2019Eut 1 si propone di diventare un centro culturale di riferimento, un prezioso \u201ccontenitore\u201d dedicato alla memoria [&hellip;]<\/p>\n","protected":false},"author":1,"featured_media":0,"comment_status":"closed","ping_status":"open","sticky":false,"template":"","format":"standard","meta":{"ngg_post_thumbnail":0},"categories":[1,41,895],"tags":[3548,3547],"_links":{"self":[{"href":"http:\/\/www.spaziotorino.it\/scatto\/index.php?rest_route=\/wp\/v2\/posts\/1090"}],"collection":[{"href":"http:\/\/www.spaziotorino.it\/scatto\/index.php?rest_route=\/wp\/v2\/posts"}],"about":[{"href":"http:\/\/www.spaziotorino.it\/scatto\/index.php?rest_route=\/wp\/v2\/types\/post"}],"author":[{"embeddable":true,"href":"http:\/\/www.spaziotorino.it\/scatto\/index.php?rest_route=\/wp\/v2\/users\/1"}],"replies":[{"embeddable":true,"href":"http:\/\/www.spaziotorino.it\/scatto\/index.php?rest_route=%2Fwp%2Fv2%2Fcomments&post=1090"}],"version-history":[{"count":5,"href":"http:\/\/www.spaziotorino.it\/scatto\/index.php?rest_route=\/wp\/v2\/posts\/1090\/revisions"}],"predecessor-version":[{"id":1097,"href":"http:\/\/www.spaziotorino.it\/scatto\/index.php?rest_route=\/wp\/v2\/posts\/1090\/revisions\/1097"}],"wp:attachment":[{"href":"http:\/\/www.spaziotorino.it\/scatto\/index.php?rest_route=%2Fwp%2Fv2%2Fmedia&parent=1090"}],"wp:term":[{"taxonomy":"category","embeddable":true,"href":"http:\/\/www.spaziotorino.it\/scatto\/index.php?rest_route=%2Fwp%2Fv2%2Fcategories&post=1090"},{"taxonomy":"post_tag","embeddable":true,"href":"http:\/\/www.spaziotorino.it\/scatto\/index.php?rest_route=%2Fwp%2Fv2%2Ftags&post=1090"}],"curies":[{"name":"wp","href":"https:\/\/api.w.org\/{rel}","templated":true}]}}