{"id":11473,"date":"2018-06-10T13:36:46","date_gmt":"2018-06-10T12:36:46","guid":{"rendered":"http:\/\/www.spaziotorino.it\/scatto\/?p=11473"},"modified":"2018-06-11T11:39:41","modified_gmt":"2018-06-11T10:39:41","slug":"dal-10-al-16-giugno-torino-apre-le-sue-porte-a-iconica","status":"publish","type":"post","link":"http:\/\/www.spaziotorino.it\/scatto\/?p=11473","title":{"rendered":"Dal 10 al 16 giugno Torino apre le sue porte a Iconica"},"content":{"rendered":"<p><a class=\"ngg-fancybox\" title=\"Dal 10 al 16 giugno Torino apre le sue porte a Iconica\" href=\"http:\/\/www.spaziotorino.it\/scatto\/wp-content\/gallery\/2018_06_10_iconica\/pla-6315.jpg\" rel=\"4b930709be3cd16ad866b441788c6bc6\"><br \/>\n<img decoding=\"async\" loading=\"lazy\" class=\"ngg-singlepic\" title=\"Dal 10 al 16 giugno Torino apre le sue porte a Iconica\" src=\"http:\/\/www.spaziotorino.it\/scatto\/wp-content\/gallery\/2018_06_10_iconica\/pla-6315.jpg\" alt=\"\" width=\"540\" height=\"360\"\/><\/a><\/p>\n<!-- index.php -->\n<div\n\tclass=\"ngg-galleryoverview ngg-ajax-pagination-none\"\n\tid=\"ngg-gallery-b74392248b1e032497186d8cc5b823de-1\">\n\n    \t\t<!-- Thumbnails -->\n\t\t\t\t<div id=\"ngg-image-0\" class=\"ngg-gallery-thumbnail-box\" >\n\t\t\t\t        <div class=\"ngg-gallery-thumbnail\">\n            <a href=\"http:\/\/www.spaziotorino.it\/scatto\/wp-content\/gallery\/2018_06_10_iconica\/pla_6355.jpg\"\n               title=\"Palazzo della Luce in occasione di Open House\"\n               data-src=\"http:\/\/www.spaziotorino.it\/scatto\/wp-content\/gallery\/2018_06_10_iconica\/pla_6355.jpg\"\n               data-thumbnail=\"http:\/\/www.spaziotorino.it\/scatto\/wp-content\/gallery\/2018_06_10_iconica\/thumbs\/thumbs_pla_6355.jpg\"\n               data-image-id=\"20521\"\n               data-title=\"Palazzo della Luce in occasione di Open House\"\n               data-description=\"Palazzo della Luce in occasione di Open House\"\n               data-image-slug=\"pla_6355\"\n               class=\"ngg-fancybox\" rel=\"b74392248b1e032497186d8cc5b823de\">\n                <img\n                    title=\"Palazzo della Luce in occasione di Open House\"\n                    alt=\"Palazzo della Luce in occasione di Open House\"\n                    src=\"http:\/\/www.spaziotorino.it\/scatto\/wp-content\/gallery\/2018_06_10_iconica\/cache\/pla_6355.jpg-nggid0520521-ngg0dyn-60x60x100-00f0w010c011r110f110r010t010.jpg\"\n                    width=\"60\"\n                    height=\"60\"\n                    style=\"max-width:100%;\"\n                \/>\n            <\/a>\n        <\/div>\n\t\t\t\t\t\t\t<\/div> \n\t\t\t\n        \n\t\t\t\t<div id=\"ngg-image-1\" class=\"ngg-gallery-thumbnail-box\" >\n\t\t\t\t        <div class=\"ngg-gallery-thumbnail\">\n            <a href=\"http:\/\/www.spaziotorino.it\/scatto\/wp-content\/gallery\/2018_06_10_iconica\/pla-6318.jpg\"\n               title=\"Iconica. Preview al Palazzo della Luce in occasione di Open House\"\n               data-src=\"http:\/\/www.spaziotorino.it\/scatto\/wp-content\/gallery\/2018_06_10_iconica\/pla-6318.jpg\"\n               data-thumbnail=\"http:\/\/www.spaziotorino.it\/scatto\/wp-content\/gallery\/2018_06_10_iconica\/thumbs\/thumbs_pla-6318.jpg\"\n               data-image-id=\"20523\"\n               data-title=\"Iconica. Preview al Palazzo della Luce in occasione di Open House\"\n               data-description=\"Iconica. Preview al Palazzo della Luce in occasione di Open House\"\n               data-image-slug=\"pla-6318\"\n               class=\"ngg-fancybox\" rel=\"b74392248b1e032497186d8cc5b823de\">\n                <img\n                    title=\"Iconica. Preview al Palazzo della Luce in occasione di Open House\"\n                    alt=\"Iconica. Preview al Palazzo della Luce in occasione di Open House\"\n                    src=\"http:\/\/www.spaziotorino.it\/scatto\/wp-content\/gallery\/2018_06_10_iconica\/cache\/pla-6318.jpg-nggid0520523-ngg0dyn-60x60x100-00f0w010c011r110f110r010t010.jpg\"\n                    width=\"60\"\n                    height=\"60\"\n                    style=\"max-width:100%;\"\n                \/>\n            <\/a>\n        <\/div>\n\t\t\t\t\t\t\t<\/div> \n\t\t\t\n        \n\t\t\t\t<div id=\"ngg-image-2\" class=\"ngg-gallery-thumbnail-box\" >\n\t\t\t\t        <div class=\"ngg-gallery-thumbnail\">\n            <a href=\"http:\/\/www.spaziotorino.it\/scatto\/wp-content\/gallery\/2018_06_10_iconica\/pla-6319.jpg\"\n               title=\"Iconica. Preview al Palazzo della Luce in occasione di Open House\"\n               data-src=\"http:\/\/www.spaziotorino.it\/scatto\/wp-content\/gallery\/2018_06_10_iconica\/pla-6319.jpg\"\n               data-thumbnail=\"http:\/\/www.spaziotorino.it\/scatto\/wp-content\/gallery\/2018_06_10_iconica\/thumbs\/thumbs_pla-6319.jpg\"\n               data-image-id=\"20524\"\n               data-title=\"Iconica. Preview al Palazzo della Luce in occasione di Open House\"\n               data-description=\"Iconica. Preview al Palazzo della Luce in occasione di Open House\"\n               data-image-slug=\"pla-6319\"\n               class=\"ngg-fancybox\" rel=\"b74392248b1e032497186d8cc5b823de\">\n                <img\n                    title=\"Iconica. Preview al Palazzo della Luce in occasione di Open House\"\n                    alt=\"Iconica. Preview al Palazzo della Luce in occasione di Open House\"\n                    src=\"http:\/\/www.spaziotorino.it\/scatto\/wp-content\/gallery\/2018_06_10_iconica\/cache\/pla-6319.jpg-nggid0520524-ngg0dyn-60x60x100-00f0w010c011r110f110r010t010.jpg\"\n                    width=\"60\"\n                    height=\"60\"\n                    style=\"max-width:100%;\"\n                \/>\n            <\/a>\n        <\/div>\n\t\t\t\t\t\t\t<\/div> \n\t\t\t\n        \n\t\t\t\t<div id=\"ngg-image-3\" class=\"ngg-gallery-thumbnail-box\" >\n\t\t\t\t        <div class=\"ngg-gallery-thumbnail\">\n            <a href=\"http:\/\/www.spaziotorino.it\/scatto\/wp-content\/gallery\/2018_06_10_iconica\/pla-6323.jpg\"\n               title=\"Iconica. Preview al Palazzo della Luce in occasione di Open House\"\n               data-src=\"http:\/\/www.spaziotorino.it\/scatto\/wp-content\/gallery\/2018_06_10_iconica\/pla-6323.jpg\"\n               data-thumbnail=\"http:\/\/www.spaziotorino.it\/scatto\/wp-content\/gallery\/2018_06_10_iconica\/thumbs\/thumbs_pla-6323.jpg\"\n               data-image-id=\"20525\"\n               data-title=\"Iconica. Preview al Palazzo della Luce in occasione di Open House\"\n               data-description=\"Iconica. Preview al Palazzo della Luce in occasione di Open House\"\n               data-image-slug=\"pla-6323\"\n               class=\"ngg-fancybox\" rel=\"b74392248b1e032497186d8cc5b823de\">\n                <img\n                    title=\"Iconica. Preview al Palazzo della Luce in occasione di Open House\"\n                    alt=\"Iconica. Preview al Palazzo della Luce in occasione di Open House\"\n                    src=\"http:\/\/www.spaziotorino.it\/scatto\/wp-content\/gallery\/2018_06_10_iconica\/cache\/pla-6323.jpg-nggid0520525-ngg0dyn-60x60x100-00f0w010c011r110f110r010t010.jpg\"\n                    width=\"60\"\n                    height=\"60\"\n                    style=\"max-width:100%;\"\n                \/>\n            <\/a>\n        <\/div>\n\t\t\t\t\t\t\t<\/div> \n\t\t\t\n        \n\t\t\t\t<div id=\"ngg-image-4\" class=\"ngg-gallery-thumbnail-box\" >\n\t\t\t\t        <div class=\"ngg-gallery-thumbnail\">\n            <a href=\"http:\/\/www.spaziotorino.it\/scatto\/wp-content\/gallery\/2018_06_10_iconica\/pla-6333.jpg\"\n               title=\"Iconica. Preview al Palazzo della Luce in occasione di Open House\"\n               data-src=\"http:\/\/www.spaziotorino.it\/scatto\/wp-content\/gallery\/2018_06_10_iconica\/pla-6333.jpg\"\n               data-thumbnail=\"http:\/\/www.spaziotorino.it\/scatto\/wp-content\/gallery\/2018_06_10_iconica\/thumbs\/thumbs_pla-6333.jpg\"\n               data-image-id=\"20526\"\n               data-title=\"Iconica. Preview al Palazzo della Luce in occasione di Open House\"\n               data-description=\"Iconica. Preview al Palazzo della Luce in occasione di Open House\"\n               data-image-slug=\"pla-6333\"\n               class=\"ngg-fancybox\" rel=\"b74392248b1e032497186d8cc5b823de\">\n                <img\n                    title=\"Iconica. Preview al Palazzo della Luce in occasione di Open House\"\n                    alt=\"Iconica. Preview al Palazzo della Luce in occasione di Open House\"\n                    src=\"http:\/\/www.spaziotorino.it\/scatto\/wp-content\/gallery\/2018_06_10_iconica\/cache\/pla-6333.jpg-nggid0520526-ngg0dyn-60x60x100-00f0w010c011r110f110r010t010.jpg\"\n                    width=\"60\"\n                    height=\"60\"\n                    style=\"max-width:100%;\"\n                \/>\n            <\/a>\n        <\/div>\n\t\t\t\t\t\t\t<\/div> \n\t\t\t\n        \n\t\t\t\t<div id=\"ngg-image-5\" class=\"ngg-gallery-thumbnail-box\" >\n\t\t\t\t        <div class=\"ngg-gallery-thumbnail\">\n            <a href=\"http:\/\/www.spaziotorino.it\/scatto\/wp-content\/gallery\/2018_06_10_iconica\/pla-6340.jpg\"\n               title=\"Iconica. Preview al Palazzo della Luce in occasione di Open House\"\n               data-src=\"http:\/\/www.spaziotorino.it\/scatto\/wp-content\/gallery\/2018_06_10_iconica\/pla-6340.jpg\"\n               data-thumbnail=\"http:\/\/www.spaziotorino.it\/scatto\/wp-content\/gallery\/2018_06_10_iconica\/thumbs\/thumbs_pla-6340.jpg\"\n               data-image-id=\"20527\"\n               data-title=\"Iconica. Preview al Palazzo della Luce in occasione di Open House\"\n               data-description=\"Iconica. Preview al Palazzo della Luce in occasione di Open House\"\n               data-image-slug=\"pla-6340\"\n               class=\"ngg-fancybox\" rel=\"b74392248b1e032497186d8cc5b823de\">\n                <img\n                    title=\"Iconica. Preview al Palazzo della Luce in occasione di Open House\"\n                    alt=\"Iconica. Preview al Palazzo della Luce in occasione di Open House\"\n                    src=\"http:\/\/www.spaziotorino.it\/scatto\/wp-content\/gallery\/2018_06_10_iconica\/cache\/pla-6340.jpg-nggid0520527-ngg0dyn-60x60x100-00f0w010c011r110f110r010t010.jpg\"\n                    width=\"60\"\n                    height=\"60\"\n                    style=\"max-width:100%;\"\n                \/>\n            <\/a>\n        <\/div>\n\t\t\t\t\t\t\t<\/div> \n\t\t\t\n        \n\t\t\t\t<div id=\"ngg-image-6\" class=\"ngg-gallery-thumbnail-box\" >\n\t\t\t\t        <div class=\"ngg-gallery-thumbnail\">\n            <a href=\"http:\/\/www.spaziotorino.it\/scatto\/wp-content\/gallery\/2018_06_10_iconica\/pla-6353.jpg\"\n               title=\"Iconica. Preview al Palazzo della Luce in occasione di Open House\"\n               data-src=\"http:\/\/www.spaziotorino.it\/scatto\/wp-content\/gallery\/2018_06_10_iconica\/pla-6353.jpg\"\n               data-thumbnail=\"http:\/\/www.spaziotorino.it\/scatto\/wp-content\/gallery\/2018_06_10_iconica\/thumbs\/thumbs_pla-6353.jpg\"\n               data-image-id=\"20528\"\n               data-title=\"Iconica. Preview al Palazzo della Luce in occasione di Open House\"\n               data-description=\"Iconica. Preview al Palazzo della Luce in occasione di Open House\"\n               data-image-slug=\"pla-6353\"\n               class=\"ngg-fancybox\" rel=\"b74392248b1e032497186d8cc5b823de\">\n                <img\n                    title=\"Iconica. Preview al Palazzo della Luce in occasione di Open House\"\n                    alt=\"Iconica. Preview al Palazzo della Luce in occasione di Open House\"\n                    src=\"http:\/\/www.spaziotorino.it\/scatto\/wp-content\/gallery\/2018_06_10_iconica\/cache\/pla-6353.jpg-nggid0520528-ngg0dyn-60x60x100-00f0w010c011r110f110r010t010.jpg\"\n                    width=\"60\"\n                    height=\"60\"\n                    style=\"max-width:100%;\"\n                \/>\n            <\/a>\n        <\/div>\n\t\t\t\t\t\t\t<\/div> \n\t\t\t\n        \n\t\t\t\t<div id=\"ngg-image-7\" class=\"ngg-gallery-thumbnail-box\" >\n\t\t\t\t        <div class=\"ngg-gallery-thumbnail\">\n            <a href=\"http:\/\/www.spaziotorino.it\/scatto\/wp-content\/gallery\/2018_06_10_iconica\/pla-6315.jpg\"\n               title=\"Iconica. Preview al Palazzo della Luce in occasione di Open House\"\n               data-src=\"http:\/\/www.spaziotorino.it\/scatto\/wp-content\/gallery\/2018_06_10_iconica\/pla-6315.jpg\"\n               data-thumbnail=\"http:\/\/www.spaziotorino.it\/scatto\/wp-content\/gallery\/2018_06_10_iconica\/thumbs\/thumbs_pla-6315.jpg\"\n               data-image-id=\"20522\"\n               data-title=\"Iconica. Preview al Palazzo della Luce in occasione di Open House\"\n               data-description=\"Iconica. Preview al Palazzo della Luce in occasione di Open House\"\n               data-image-slug=\"pla-6315\"\n               class=\"ngg-fancybox\" rel=\"b74392248b1e032497186d8cc5b823de\">\n                <img\n                    title=\"Iconica. Preview al Palazzo della Luce in occasione di Open House\"\n                    alt=\"Iconica. Preview al Palazzo della Luce in occasione di Open House\"\n                    src=\"http:\/\/www.spaziotorino.it\/scatto\/wp-content\/gallery\/2018_06_10_iconica\/cache\/pla-6315.jpg-nggid0520522-ngg0dyn-60x60x100-00f0w010c011r110f110r010t010.jpg\"\n                    width=\"60\"\n                    height=\"60\"\n                    style=\"max-width:100%;\"\n                \/>\n            <\/a>\n        <\/div>\n\t\t\t\t\t\t\t<\/div> \n\t\t\t\n        \n\t\t\t\t<div id=\"ngg-image-8\" class=\"ngg-gallery-thumbnail-box\" >\n\t\t\t\t        <div class=\"ngg-gallery-thumbnail\">\n            <a href=\"http:\/\/www.spaziotorino.it\/scatto\/wp-content\/gallery\/2018_06_10_iconica\/pla-6365.jpg\"\n               title=\"Galleria Marco Polo. I capi vintage della Maison e YSL Rive Gauche\"\n               data-src=\"http:\/\/www.spaziotorino.it\/scatto\/wp-content\/gallery\/2018_06_10_iconica\/pla-6365.jpg\"\n               data-thumbnail=\"http:\/\/www.spaziotorino.it\/scatto\/wp-content\/gallery\/2018_06_10_iconica\/thumbs\/thumbs_pla-6365.jpg\"\n               data-image-id=\"20529\"\n               data-title=\"Galleria Marco Polo. I capi vintage della Maison e YSL Rive Gauche\"\n               data-description=\"Galleria Marco Polo. I capi vintage della Maison e YSL Rive Gauche\"\n               data-image-slug=\"pla-6365\"\n               class=\"ngg-fancybox\" rel=\"b74392248b1e032497186d8cc5b823de\">\n                <img\n                    title=\"Galleria Marco Polo. I capi vintage della Maison e YSL Rive Gauche\"\n                    alt=\"Galleria Marco Polo. I capi vintage della Maison e YSL Rive Gauche\"\n                    src=\"http:\/\/www.spaziotorino.it\/scatto\/wp-content\/gallery\/2018_06_10_iconica\/cache\/pla-6365.jpg-nggid0520529-ngg0dyn-60x60x100-00f0w010c011r110f110r010t010.jpg\"\n                    width=\"60\"\n                    height=\"60\"\n                    style=\"max-width:100%;\"\n                \/>\n            <\/a>\n        <\/div>\n\t\t\t\t\t\t\t<\/div> \n\t\t\t\n        \n\t\t\t\t<div id=\"ngg-image-9\" class=\"ngg-gallery-thumbnail-box\" >\n\t\t\t\t        <div class=\"ngg-gallery-thumbnail\">\n            <a href=\"http:\/\/www.spaziotorino.it\/scatto\/wp-content\/gallery\/2018_06_10_iconica\/pla-6370.jpg\"\n               title=\"Galleria Marco Polo. I capi vintage della Maison e YSL Rive Gauche\"\n               data-src=\"http:\/\/www.spaziotorino.it\/scatto\/wp-content\/gallery\/2018_06_10_iconica\/pla-6370.jpg\"\n               data-thumbnail=\"http:\/\/www.spaziotorino.it\/scatto\/wp-content\/gallery\/2018_06_10_iconica\/thumbs\/thumbs_pla-6370.jpg\"\n               data-image-id=\"20530\"\n               data-title=\"Galleria Marco Polo. I capi vintage della Maison e YSL Rive Gauche\"\n               data-description=\"Galleria Marco Polo. I capi vintage della Maison e YSL Rive Gauche\"\n               data-image-slug=\"pla-6370\"\n               class=\"ngg-fancybox\" rel=\"b74392248b1e032497186d8cc5b823de\">\n                <img\n                    title=\"Galleria Marco Polo. I capi vintage della Maison e YSL Rive Gauche\"\n                    alt=\"Galleria Marco Polo. I capi vintage della Maison e YSL Rive Gauche\"\n                    src=\"http:\/\/www.spaziotorino.it\/scatto\/wp-content\/gallery\/2018_06_10_iconica\/cache\/pla-6370.jpg-nggid0520530-ngg0dyn-60x60x100-00f0w010c011r110f110r010t010.jpg\"\n                    width=\"60\"\n                    height=\"60\"\n                    style=\"max-width:100%;\"\n                \/>\n            <\/a>\n        <\/div>\n\t\t\t\t\t\t\t<\/div> \n\t\t\t\n        \n\t\t\t\t<div id=\"ngg-image-10\" class=\"ngg-gallery-thumbnail-box\" >\n\t\t\t\t        <div class=\"ngg-gallery-thumbnail\">\n            <a href=\"http:\/\/www.spaziotorino.it\/scatto\/wp-content\/gallery\/2018_06_10_iconica\/pla-6372.jpg\"\n               title=\"Galleria Marco Polo. I capi vintage della Maison e YSL Rive Gauche\"\n               data-src=\"http:\/\/www.spaziotorino.it\/scatto\/wp-content\/gallery\/2018_06_10_iconica\/pla-6372.jpg\"\n               data-thumbnail=\"http:\/\/www.spaziotorino.it\/scatto\/wp-content\/gallery\/2018_06_10_iconica\/thumbs\/thumbs_pla-6372.jpg\"\n               data-image-id=\"20531\"\n               data-title=\"Galleria Marco Polo. I capi vintage della Maison e YSL Rive Gauche\"\n               data-description=\"Galleria Marco Polo. I capi vintage della Maison e YSL Rive Gauche\"\n               data-image-slug=\"pla-6372\"\n               class=\"ngg-fancybox\" rel=\"b74392248b1e032497186d8cc5b823de\">\n                <img\n                    title=\"Galleria Marco Polo. I capi vintage della Maison e YSL Rive Gauche\"\n                    alt=\"Galleria Marco Polo. I capi vintage della Maison e YSL Rive Gauche\"\n                    src=\"http:\/\/www.spaziotorino.it\/scatto\/wp-content\/gallery\/2018_06_10_iconica\/cache\/pla-6372.jpg-nggid0520531-ngg0dyn-60x60x100-00f0w010c011r110f110r010t010.jpg\"\n                    width=\"60\"\n                    height=\"60\"\n                    style=\"max-width:100%;\"\n                \/>\n            <\/a>\n        <\/div>\n\t\t\t\t\t\t\t<\/div> \n\t\t\t\n        \n\t\t\t\t<div id=\"ngg-image-11\" class=\"ngg-gallery-thumbnail-box\" >\n\t\t\t\t        <div class=\"ngg-gallery-thumbnail\">\n            <a href=\"http:\/\/www.spaziotorino.it\/scatto\/wp-content\/gallery\/2018_06_10_iconica\/pla-6373.jpg\"\n               title=\"Galleria Marco Polo. I capi vintage della Maison e YSL Rive Gauche\"\n               data-src=\"http:\/\/www.spaziotorino.it\/scatto\/wp-content\/gallery\/2018_06_10_iconica\/pla-6373.jpg\"\n               data-thumbnail=\"http:\/\/www.spaziotorino.it\/scatto\/wp-content\/gallery\/2018_06_10_iconica\/thumbs\/thumbs_pla-6373.jpg\"\n               data-image-id=\"20532\"\n               data-title=\"Galleria Marco Polo. I capi vintage della Maison e YSL Rive Gauche\"\n               data-description=\"Galleria Marco Polo. I capi vintage della Maison e YSL Rive Gauche\"\n               data-image-slug=\"pla-6373\"\n               class=\"ngg-fancybox\" rel=\"b74392248b1e032497186d8cc5b823de\">\n                <img\n                    title=\"Galleria Marco Polo. I capi vintage della Maison e YSL Rive Gauche\"\n                    alt=\"Galleria Marco Polo. I capi vintage della Maison e YSL Rive Gauche\"\n                    src=\"http:\/\/www.spaziotorino.it\/scatto\/wp-content\/gallery\/2018_06_10_iconica\/cache\/pla-6373.jpg-nggid0520532-ngg0dyn-60x60x100-00f0w010c011r110f110r010t010.jpg\"\n                    width=\"60\"\n                    height=\"60\"\n                    style=\"max-width:100%;\"\n                \/>\n            <\/a>\n        <\/div>\n\t\t\t\t\t\t\t<\/div> \n\t\t\t\n        \n\t\t\t\t<div id=\"ngg-image-12\" class=\"ngg-gallery-thumbnail-box\" >\n\t\t\t\t        <div class=\"ngg-gallery-thumbnail\">\n            <a href=\"http:\/\/www.spaziotorino.it\/scatto\/wp-content\/gallery\/2018_06_10_iconica\/pla-6376.jpg\"\n               title=\"Galleria Marco Polo\"\n               data-src=\"http:\/\/www.spaziotorino.it\/scatto\/wp-content\/gallery\/2018_06_10_iconica\/pla-6376.jpg\"\n               data-thumbnail=\"http:\/\/www.spaziotorino.it\/scatto\/wp-content\/gallery\/2018_06_10_iconica\/thumbs\/thumbs_pla-6376.jpg\"\n               data-image-id=\"20533\"\n               data-title=\"Galleria Marco Polo\"\n               data-description=\"Galleria Marco Polo\"\n               data-image-slug=\"pla-6376\"\n               class=\"ngg-fancybox\" rel=\"b74392248b1e032497186d8cc5b823de\">\n                <img\n                    title=\"Galleria Marco Polo\"\n                    alt=\"Galleria Marco Polo\"\n                    src=\"http:\/\/www.spaziotorino.it\/scatto\/wp-content\/gallery\/2018_06_10_iconica\/cache\/pla-6376.jpg-nggid0520533-ngg0dyn-60x60x100-00f0w010c011r110f110r010t010.jpg\"\n                    width=\"60\"\n                    height=\"60\"\n                    style=\"max-width:100%;\"\n                \/>\n            <\/a>\n        <\/div>\n\t\t\t\t\t\t\t<\/div> \n\t\t\t\n        \n\t\t\t\t<div id=\"ngg-image-13\" class=\"ngg-gallery-thumbnail-box\" >\n\t\t\t\t        <div class=\"ngg-gallery-thumbnail\">\n            <a href=\"http:\/\/www.spaziotorino.it\/scatto\/wp-content\/gallery\/2018_06_10_iconica\/pla-6379.jpg\"\n               title=\"Iconica nella Galleria Marco Polo\"\n               data-src=\"http:\/\/www.spaziotorino.it\/scatto\/wp-content\/gallery\/2018_06_10_iconica\/pla-6379.jpg\"\n               data-thumbnail=\"http:\/\/www.spaziotorino.it\/scatto\/wp-content\/gallery\/2018_06_10_iconica\/thumbs\/thumbs_pla-6379.jpg\"\n               data-image-id=\"20534\"\n               data-title=\"Iconica nella Galleria Marco Polo\"\n               data-description=\"Iconica nella Galleria Marco Polo\"\n               data-image-slug=\"pla-6379\"\n               class=\"ngg-fancybox\" rel=\"b74392248b1e032497186d8cc5b823de\">\n                <img\n                    title=\"Iconica nella Galleria Marco Polo\"\n                    alt=\"Iconica nella Galleria Marco Polo\"\n                    src=\"http:\/\/www.spaziotorino.it\/scatto\/wp-content\/gallery\/2018_06_10_iconica\/cache\/pla-6379.jpg-nggid0520534-ngg0dyn-60x60x100-00f0w010c011r110f110r010t010.jpg\"\n                    width=\"60\"\n                    height=\"60\"\n                    style=\"max-width:100%;\"\n                \/>\n            <\/a>\n        <\/div>\n\t\t\t\t\t\t\t<\/div> \n\t\t\t\n        \n\t\t\n\t\t<!-- Pagination -->\n\t<div class='ngg-clear'><\/div>\t<\/div>\n\n<p>Tutto \u00e8 nato grazie alla passione per uno stilista, Yves Saint Laurent.<\/p>\n<p>Lei, Mara, lo adorava talmente tanto che di suoi abiti e accessori ne ha comprati tantissimi, eleggendolo a miglior couturier in assoluto.<\/p>\n<p>Oggi che Mara non c\u2019\u00e8 pi\u00f9, questo amore \u00e8 arrivato fino a&nbsp;<strong>Monica Bruno e Angela Varasano.&nbsp;<\/strong>Loro, grazie al prezioso aiuto di un incredibile staff composto da&nbsp;<strong>Francesca Lorenzoni, Stefania Manfr\u00e8, Patrizia Reviglio, Paola Pellino, Mart, Lalli e Fiorenzo Naddeo,<\/strong>&nbsp;con i suoi capi e accessori&nbsp; hanno dato vita alla prima edizione di&nbsp;<strong>ICONICA<\/strong>&nbsp;un nuovo format, quest\u2019anno dedicato proprio a&nbsp;<strong>Yves Saint Laurent<\/strong>&nbsp;lo stilista che pi\u00f9 di tutti ha rappresentato la commistione profonda tra arte, cultura e societ\u00e0 del XX secolo, anticipando lucidamente il ruolo che la moda avrebbe avuto nel mondo contemporaneo.<\/p>\n<p><em>\u201cAbbiamo sempre considerato la moda una forma d\u2019arte al pari di altre pi\u00f9 celebrate \u2013<\/em>&nbsp;<strong>spiegano le curatrici Bruno e Varasano&nbsp;<\/strong>\u2013.&nbsp;<em>L\u2019idea di un abito, la sua realizzazione, i tagli, il tessuto, le foto che lo raccontano al pubblico, sono un sistema che ci affascina moltissimo. Scegliere, abbinare abiti, progettare outfit per una semplice gita o volere quella piccola scimmia di gesso perch\u00e9 deve stare su quella mensola tra un corallo e un ritaglio di tappezzeria di stoffa, questa \u00e8 la nostra tensione costante. Abbiamo pensato di creare Iconica \u2013<\/em>&nbsp;<strong>continuano le curatrici<\/strong>&nbsp;\u2013<em>&nbsp;per dar vita a un contenitore in cui \u2018riporre\u2019 ed esporre la vita di un\u2019icona e, al contempo, una scatola magica dalla quale tutti possano attingere storie di bellezza\u201d.<\/em><\/p>\n<p><strong>\u201cYves Saint Laurent \u2013 L\u2019Amour Fou\u201d<\/strong>&nbsp;\u00e8 realizzato con il&nbsp;<strong>patrocinio della Citt\u00e0 di Torino, della Camera di commercio di Torino<\/strong>&nbsp;e di&nbsp;<strong>Atout France (Agenzia per lo sviluppo del Turismo Francese)<\/strong>. Si tratta di una settimana di eventi, sfilate, mostre, incontri, workshop e laboratori che esplorano l\u2019universo dello stilista francese,&nbsp;<strong>in occasione dei dieci anni dalla sua scomparsa e a pochi mesi<\/strong>&nbsp;<strong>dall\u2019apertura, a Parigi e Marrakech, dei due musei a lui dedicati.<\/strong><\/p>\n<p>\u201c<em>Gli abiti appartenevano a Mara Viano Errani, una piccola donna che faceva sembrare una lucertola un coccodrillo, che riusciva in ogni cosa, che conquistava chiunque con il suo tono pacato ma deciso \u2013&nbsp;<\/em><strong>raccontano le curatrici<\/strong><em>&nbsp;-. Per Mara esisteva un solo sarto al mondo che lei potesse indossare. La giacca di Valentino, regalatale dal marito negli ultimi anni, \u00e8 rimasta col cartellino attaccato. Solo Yves Saint Laurent poteva vestire la sua vita, intensa, di alterne fortune, tesa alla ricerca della bellezza in ogni istante, immersa in una storia d\u2019amore meravigliosa. Abbiamo saputo tutto questo solo dopo aver avviato il progetto dedicato a Yves Saint Laurent.&nbsp;L\u2019incontro con la storia di Mara, conosciuta prima attraverso i suoi vestiti e, successivamente, nelle parole del marito Luciano, ci ha dato la certezza di essere sulla strada giusta. Tante le coincidenze e le affinit\u00e0 di pensiero con una donna di cui avevamo visto solo gli abiti e della quale poi abbiamo scoperto l\u2019anima. Per questo abbiamo voluto dedicarle un evento. Perch\u00e9 ci piace immaginarla cos\u00ec: una signora piena di charme, con un grande cappello mentre porta a spasso il suo cane in tailleur Saint Laurent\u201d.<\/em><\/p>\n<p>Partendo da una&nbsp;<strong>selezione privata<\/strong>&nbsp;di circa&nbsp;<strong>150 pezzi, fra abiti e accessori<\/strong>&nbsp;<strong><em>pr\u00eat-\u00e0-porter<\/em><\/strong><em>,<\/em>&nbsp;il primo pensiero di&nbsp;<strong>Monica Bruno e Angela Varasano<\/strong>&nbsp;\u00e8 stato raccontare, attraverso la testimonianza di una collezione dallo straordinario valore, un\u2019epoca in cui la moda era artefice di profondi cambiamenti culturali e dove prendevano forma le icone a cui guardano ancora oggi le maison internazionali.<\/p>\n<p>Passionale, anticonformista, adorato dalle sue sarte, muse e clienti di tutto il mondo,&nbsp;<strong>Yves Saint Laurent<\/strong>&nbsp;ha creato capi come il<strong>&nbsp;caban,<\/strong>&nbsp;il<strong>&nbsp;trench o l\u2019abito Mondrian<\/strong>&nbsp;diventati indiscussi simboli di stile. Ha&nbsp;<strong>svelato<\/strong>&nbsp;<strong>la<\/strong>&nbsp;<strong>femminilit\u00e0<\/strong>&nbsp;nascosta dello<strong>&nbsp;smoking<\/strong>, fino a quel momento massima espressione di eleganza maschile; ha riadattato la&nbsp;<strong>sahariana<\/strong>&nbsp;e inventato il&nbsp;<strong>tailleur pantalone<\/strong>&nbsp;con l\u2019ambizione di regalare alle donne pezzi intorno ai quali far ruotare un intero guardaroba.<\/p>\n<p><strong>Yves Saint Laurent<\/strong>, sottolineano, \u201c<strong><em>ha insegnato lo stile<\/em><\/strong>\u201d.<\/p>\n<p><strong>\u201cL\u2019Amour Fou\u201d<\/strong>&nbsp;\u00e8 il tema di&nbsp;<strong>ICONICA<\/strong>&nbsp;di quest\u2019anno ed \u00e8 tratto dal titolo del docufilm realizzato dal&nbsp;regista\/fotografo&nbsp;<strong>Pierre Thoretton<\/strong>&nbsp;che ripercorre le passioni estreme di&nbsp;<strong><em>Monsieur Saint Laurent<\/em><\/strong>, come lo chiamavano tutti nel suo quartier generale di Avenue Marceau.<\/p>\n<p>Lo stilista, infatti, ebbe amori senza misura: l\u2019amore per gli oggetti d\u2019arte, che doveva acquistare e collezionare con il&nbsp;<strong>compagno di una vita Pierre Berg\u00e9<\/strong>; l\u2019amore per Marrakech, che&nbsp;<em>gli aveva insegnato i colori<\/em>, dove si rifugiava per creare, per vivere la leggerezza che a Parigi gli risultava impossibile e dove volle che le sue ceneri fossero disperse; l\u2019amore per la letteratura e la pittura che lo portavano a riprodurre sui suoi abiti le opere dei grandi maestri; l\u2019amore folle, quella forza creativa che fin da bambino gli faceva disegnare bambole di carta, costruendo cos\u00ec un suo immaginario universo infantile.<\/p>\n<p>Per l\u2019immagine del manifesto della rassegna,&nbsp;<strong>scattata dal fotografo e artista Alessandro Lercara<\/strong>, \u00e8 stata scelta una modella di colore che indossa, al contrario, la giacca iconica di un tailleur pantalone, datato anni \u201880.&nbsp;<strong>Yves Saint Laurent&nbsp;<\/strong>fu il&nbsp;<strong>primo stilista a far sfilare mannequin di origine asiatica e africana<\/strong>, guardando spesso alle tradizioni extra europee, esotiche, come fonte di ispirazione. Cos\u00ec era&nbsp;<strong>Marrakech<\/strong>, dove dal 1966 amava rifugiarsi a preparare le sue collezioni. L\u2019idea di questa foto nasce dall\u2019esigenza di comunicare visivamente la rivoluzione dirompente che l\u2019artista ha saputo rappresentare per la sua epoca. L\u2019occhiale dalla montatura nera in mano alla modella evoca la presenza dello stilista. Infatti, in ogni foto di repertorio che lo ritrae,&nbsp;<strong>Yves&nbsp;<\/strong>indossa spesse lenti da miope. Sullo sfondo si intravede Torino, sede della manifestazione.<\/p>\n<p>La&nbsp;<strong>rassegna si apre domenica 10 giugno<\/strong>, dalle 10 alle 19,&nbsp;<strong>con una preview al Palazzo della Luce<\/strong>&nbsp;in occasione di&nbsp;<strong>Open House<\/strong>, iniziativa che permette di visitare residenze, palazzi, luoghi abitualmente non accessibili a Torino e scoprire cos\u00ec la ricchezza dell\u2019architettura e del paesaggio urbano. Il pubblico potr\u00e0 ammirare nel Salone Bianco del piano nobile un\u2019installazione realizzata da<strong>&nbsp;Angela Varasano&nbsp;<\/strong>e dall\u2019architetto<strong>&nbsp;Fiorenzo Naddeo<\/strong>&nbsp;in collaborazione&nbsp;<strong>con gli allievi<\/strong>&nbsp;del corso di&nbsp;<em>Textile &amp; fashion design&nbsp;<\/em>dello&nbsp;<strong>IAAD<\/strong>.<\/p>\n<p>Dal&nbsp;<strong>10 al 12 giugno&nbsp;<\/strong>nella&nbsp;<strong>Galleria Marco Polo<\/strong>&nbsp;(corso vittorio Emanuele II, 86) saranno esposti i capi vintage della&nbsp;<strong>Maison<\/strong>&nbsp;e YSL Rive Gauche, con un allestimento a cura dell\u2019architetto&nbsp;<strong>Fiorenzo Naddeo realizzato da Rezina<\/strong>.<\/p>\n<p>Il&nbsp;<strong>Palazzo della Luce<\/strong>,&nbsp;<strong>luned\u00ec 11 giugno<\/strong>, ospiter\u00e0 diversi&nbsp;<strong>workshop e incontri<\/strong>:&nbsp;<strong>alle 16.30<\/strong>&nbsp;<strong>Ulderica Masoni<\/strong>, esperta di gioielli, narrer\u00e0 il rapporto dello stilista con gli accessori attraverso un excursus sul bijoux vintage;&nbsp;<strong>alle 18.30,<\/strong>&nbsp;<strong>Enrica Acuto Jacobacci<\/strong>&nbsp;racconter\u00e0 il grande lavoro che permette di proteggere e valorizzare le espressioni dell\u2019ingegno umano attraverso la tutela dei marchi;&nbsp;<strong>alle 21,<\/strong><strong>Silvia&nbsp;<\/strong><strong>Vacirca<\/strong>, docente di forme e linguaggi della Moda all\u2019Universit\u00e0 di Torino e Clothes on Film alla Sapienza di Roma, spiegher\u00e0 l\u2019influenza del Mediterraneo nel lavoro dello stilista.<\/p>\n<p>Il&nbsp;<strong>Cinema Massimo<\/strong>,&nbsp;<strong>marted\u00ec 12 giugno<\/strong>,&nbsp;<strong>alle ore 21<\/strong>, proietter\u00e0 il film-documentario<strong>&nbsp;\u201cL\u2019Amour Fou\u201d<\/strong>.&nbsp;<strong>Patrizia Cavagli\u00e1<\/strong>, psicoterapeuta psicoanalista, durante l\u2019introduzione proporr\u00e0 alcuni spunti sugli aspetti pi\u00f9 intimi e privati dell\u2019universo affettivo-relazionale di&nbsp;<strong>Yves Saint Laurent<\/strong>. Nella stessa giornata alla&nbsp;<strong>Galleria Marco Polo e da Ocularium&nbsp;<\/strong>(via dei Mille 38\/A),<strong>&nbsp;in orario 11-18<\/strong>, si potr\u00e0 vivere l\u2019esperienza (a ingresso libero) di un set fotografico fra abiti vintage, occhiali e trucchi della Maison YSL, seguiti da stylist e fotografi.<\/p>\n<p>\u201c<em>Nella sfilata di mercoled\u00ec 13 giugno in Galleria Umberto I si cercher\u00e0 di ricreare le vivide atmosfere di un viaggio, da Parigi a Marrakech: la galleria torinese, infatti, realizzata in ferro e vetro, riporta alla mente i famosi passages della Rive Droite<\/em>\u201d \u2013&nbsp;<strong>sottolinea&nbsp;<\/strong><strong>Monica Bruno<\/strong>, citando uno degli appuntamenti.<\/p>\n<p>Il programma entrer\u00e0 nel clou&nbsp;<strong>il 13 giugno<\/strong>&nbsp;quando,<strong>&nbsp;dalle ore 20<\/strong><strong>,<\/strong>&nbsp;la&nbsp;<strong>Galleria Umberto I<\/strong>&nbsp;accoglier\u00e0&nbsp;<strong>la&nbsp;<\/strong><strong>sfilata delle creazioni del couturier, dagli anni \u201860 agli anni \u201990<\/strong>. In passerella, come le muse e le amiche di Yves, donne di tutte le et\u00e0 a interpretarne la modernit\u00e0.&nbsp;<strong>\u201cDa Parigi a Marrakech\u201d<\/strong>, titolo dell\u2019evento, \u00e8 a cura di&nbsp;<strong>Paola Pellino, Monica Bruno<\/strong>&nbsp;e&nbsp;<strong>M.art.<\/strong>&nbsp;in collaborazione con l\u2019<strong>Associazione Commercianti della Galleria Umberto I<\/strong>&nbsp;(su prenotazione tel. 3479445427).<\/p>\n<p><strong>\u201cDa Mondrian a Matisse, l\u2019arte influenza il lavoro di Yves Saint Laurent\u201d&nbsp;<\/strong>\u00e8 il workshop sulle ispirazioni pittoriche dello stilista a cui,&nbsp;<strong>gioved\u00ec 14 giugno<\/strong>&nbsp;al&nbsp;<strong>Laboratorio Luparia&nbsp;<\/strong>(via Bologna 220), il pubblico potr\u00e0 partecipare, sperimentando e realizzando, su diversi materiali tessili, i&nbsp;<strong><em>pattern&nbsp;<\/em>iconici di&nbsp;<\/strong><strong>Saint Laurent&nbsp;<\/strong>(su prenotazione tel. 3479445427).&nbsp;<strong>Dalle 18,<\/strong>&nbsp;in Galleria Umberto I,&nbsp;<strong>Cristina Morozzi<\/strong>, narratrice di design, critica e curatrice di mostre,&nbsp;<strong>Brand Ambassador dell\u2019Istituto Marangoni<\/strong>, dialogher\u00e0 con l\u2019architetto&nbsp;<strong>Giovanni Pellegrini<\/strong>&nbsp;sulla progettualit\u00e0 dello stilista.&nbsp;<strong>Alle 19<\/strong>,&nbsp;<strong>Gianluca Bovenzi,<\/strong>&nbsp;storico dell\u2019arte, racconter\u00e0 la passione del couturier per l\u2019arte e il collezionismo.<\/p>\n<p><strong>Venerdi 15 giugno<\/strong>&nbsp;nel&nbsp;<strong>Salotto Buono<\/strong>&nbsp;(via Provana 3), si terranno dei laboratori per bambini a cura di&nbsp;<strong>Angela Varasano<\/strong>&nbsp;durante i quali verranno realizzate delle bambole di carta. La storia della \u2018Paper Dolls\u2019 \u00e8 a tutti gli effetti l\u2019inizio della favola di&nbsp;<strong>Saint Laurent<\/strong>. Il giovane&nbsp;<strong>Yves<\/strong>, infatti, deciso a diventare un designer di abiti femminili, armato di carta, forbici e inchiostro ritagliava dalle edizioni di Vogue, Jardin des Modes e Paris Match le silhouette delle sue mannequin preferite che poi vestiva con capi da lui disegnati.<\/p>\n<p><strong>Alle 18.30,<\/strong>&nbsp;<strong>Francesca Lorenzoni<\/strong>, scrittrice e blogger, converser\u00e0 con&nbsp;<strong>Stefania Manfr\u00e8<\/strong>, blogger e talent scout su&nbsp;<strong>\u201cMuse Dive e donne normali: l\u2019universo femminile di Yves Saint Laurent\u201d<\/strong>.<\/p>\n<p><strong>Alle 21<\/strong>, in&nbsp;<strong>Galleria Marco Polo<\/strong>,&nbsp;<strong>Rosalba Graglia<\/strong>, giornalista e scrittrice, racconter\u00e0 lo spirito di intellettuali-collezionisti che hanno creato case a propria immagine e somiglianza. Come le due dimore della vita di&nbsp;<strong>Yves Saint Laurent<\/strong>&nbsp;a Parigi e Marrakech, vere opere d\u2019arte.<\/p>\n<p>Il programma si concluder\u00e0&nbsp;<strong>sabato 16 giugno<\/strong>&nbsp;a Villa Sassi,&nbsp;<strong>storica dimora del 700, immersa nel parco secolare, con&nbsp;<\/strong><strong>un cocktail dinner<\/strong>&nbsp;a cura di&nbsp;<strong>Liberamensa<\/strong>&nbsp;<strong>Cibi per Menti Libere<\/strong>&nbsp;dal titolo<strong>&nbsp;\u201cLa soir\u00e9e de&nbsp;<\/strong><strong>L\u2019Amour Fou<\/strong><strong>\u201d<\/strong>. Alle ore 20.30 si terr\u00e0 un\u2019asta benefica il cui ricavato sar\u00e0 devoluto alla&nbsp;<strong>Fondazione Crescere Insieme al Sant\u2019Anna Onlus<\/strong>. Introduce&nbsp;<strong>Elisa Giordano<\/strong>&nbsp;con un ricordo di Yves attraverso i suoi capi pi\u00f9 iconici. Alle 22.30 si potr\u00e0 assistere alla Lettura scenica delle&nbsp;<em>Lettere a Yves&nbsp;<\/em>di Pierre Berg\u00e9 con Pino Ammendola e la partecipazione di Eva Robin\u2019s. Regia di Roberto Piana. Una produzione Circolo dei Lettori di Torino.<\/p>\n<p>La&nbsp;<strong>Libreria Internazionale Luxemburg&nbsp;<\/strong>(via C. Battisti 7), bookshop della manifestazione, allestir\u00e0 una vetrina dedicata, esponendo una selezione di testi e libri fotografici sull\u2019universo dello stilista.<\/p>\n<p><strong>Niv\u00e0 Gelato<\/strong>&nbsp;ha creato appositamente un gusto dedicato a YSL dal sapore che nasce dai delicati rimandi dei suoi amati giardini. Per tutta la durata della rassegna sar\u00e0 possibile degustarlo nei punti vendita Niv\u00e0 presentando un tagliando che verr\u00e0 consegnato in tutte le location dell\u2019evento.<\/p>\n<p>Per informazioni sull\u2019intera rassegna:&nbsp;<a href=\"http:\/\/www.iconicatorino.it\/\" target=\"_blank\" rel=\"noopener\"><strong>www.iconicatorino.it<\/strong><\/a><\/p>\n","protected":false},"excerpt":{"rendered":"<p>Tutto \u00e8 nato grazie alla passione per uno stilista, Yves Saint Laurent. Lei, Mara, lo adorava talmente tanto che di suoi abiti e accessori ne ha comprati tantissimi, eleggendolo a miglior couturier in assoluto. Oggi che Mara non c\u2019\u00e8 pi\u00f9, questo amore \u00e8 arrivato fino a&nbsp;Monica Bruno e Angela Varasano.&nbsp;Loro, grazie al prezioso aiuto di [&hellip;]<\/p>\n","protected":false},"author":1,"featured_media":0,"comment_status":"closed","ping_status":"open","sticky":false,"template":"","format":"standard","meta":{"ngg_post_thumbnail":0},"categories":[54,1,41],"tags":[],"_links":{"self":[{"href":"http:\/\/www.spaziotorino.it\/scatto\/index.php?rest_route=\/wp\/v2\/posts\/11473"}],"collection":[{"href":"http:\/\/www.spaziotorino.it\/scatto\/index.php?rest_route=\/wp\/v2\/posts"}],"about":[{"href":"http:\/\/www.spaziotorino.it\/scatto\/index.php?rest_route=\/wp\/v2\/types\/post"}],"author":[{"embeddable":true,"href":"http:\/\/www.spaziotorino.it\/scatto\/index.php?rest_route=\/wp\/v2\/users\/1"}],"replies":[{"embeddable":true,"href":"http:\/\/www.spaziotorino.it\/scatto\/index.php?rest_route=%2Fwp%2Fv2%2Fcomments&post=11473"}],"version-history":[{"count":3,"href":"http:\/\/www.spaziotorino.it\/scatto\/index.php?rest_route=\/wp\/v2\/posts\/11473\/revisions"}],"predecessor-version":[{"id":11494,"href":"http:\/\/www.spaziotorino.it\/scatto\/index.php?rest_route=\/wp\/v2\/posts\/11473\/revisions\/11494"}],"wp:attachment":[{"href":"http:\/\/www.spaziotorino.it\/scatto\/index.php?rest_route=%2Fwp%2Fv2%2Fmedia&parent=11473"}],"wp:term":[{"taxonomy":"category","embeddable":true,"href":"http:\/\/www.spaziotorino.it\/scatto\/index.php?rest_route=%2Fwp%2Fv2%2Fcategories&post=11473"},{"taxonomy":"post_tag","embeddable":true,"href":"http:\/\/www.spaziotorino.it\/scatto\/index.php?rest_route=%2Fwp%2Fv2%2Ftags&post=11473"}],"curies":[{"name":"wp","href":"https:\/\/api.w.org\/{rel}","templated":true}]}}