{"id":11493,"date":"2018-06-13T19:14:00","date_gmt":"2018-06-13T18:14:00","guid":{"rendered":"http:\/\/www.spaziotorino.it\/scatto\/?p=11493"},"modified":"2018-06-14T11:18:53","modified_gmt":"2018-06-14T10:18:53","slug":"revisione-del-piano-regolatore-in-piazza-palazzo-di-citta-il-dialogo-con-i-cittadini","status":"publish","type":"post","link":"http:\/\/www.spaziotorino.it\/scatto\/?p=11493","title":{"rendered":"Revisione del Piano regolatore. In piazza Palazzo di Citt\u00e0 il dialogo con i cittadini"},"content":{"rendered":"<p><a class=\"ngg-fancybox\" title=\"Dal 10 al 16 giugno Torino apre le sue porte a Iconica\" href=\"http:\/\/www.spaziotorino.it\/scatto\/wp-content\/gallery\/2018_06_13_piano\/RIO_3811.jpg\" rel=\"6df9f28a8d5c2e9114f71df062efc5a1\"><br \/>\n<img decoding=\"async\" loading=\"lazy\" class=\"ngg-singlepic\" title=\"Dal 10 al 16 giugno Torino apre le sue porte a Iconica\" src=\"http:\/\/www.spaziotorino.it\/scatto\/wp-content\/gallery\/2018_06_13_piano\/RIO_3811.jpg\" alt=\"\" width=\"540\" height=\"360\"\/><\/a><\/p>\n<!-- index.php -->\n<div\n\tclass=\"ngg-galleryoverview ngg-ajax-pagination-none\"\n\tid=\"ngg-gallery-f4027f4da2d51b65481b3617f9500967-1\">\n\n    \t\t<!-- Thumbnails -->\n\t\t\t\t<div id=\"ngg-image-0\" class=\"ngg-gallery-thumbnail-box\" >\n\t\t\t\t        <div class=\"ngg-gallery-thumbnail\">\n            <a href=\"http:\/\/www.spaziotorino.it\/scatto\/wp-content\/gallery\/2018_06_13_piano\/IMG_6544-copia.jpg\"\n               title=\"\"\n               data-src=\"http:\/\/www.spaziotorino.it\/scatto\/wp-content\/gallery\/2018_06_13_piano\/IMG_6544-copia.jpg\"\n               data-thumbnail=\"http:\/\/www.spaziotorino.it\/scatto\/wp-content\/gallery\/2018_06_13_piano\/thumbs\/thumbs_IMG_6544-copia.jpg\"\n               data-image-id=\"20535\"\n               data-title=\"IMG_6544-copia\"\n               data-description=\"\"\n               data-image-slug=\"img_6544-copia\"\n               class=\"ngg-fancybox\" rel=\"f4027f4da2d51b65481b3617f9500967\">\n                <img\n                    title=\"IMG_6544-copia\"\n                    alt=\"IMG_6544-copia\"\n                    src=\"http:\/\/www.spaziotorino.it\/scatto\/wp-content\/gallery\/2018_06_13_piano\/cache\/IMG_6544-copia.jpg-nggid0520535-ngg0dyn-60x60x100-00f0w010c011r110f110r010t010.jpg\"\n                    width=\"60\"\n                    height=\"60\"\n                    style=\"max-width:100%;\"\n                \/>\n            <\/a>\n        <\/div>\n\t\t\t\t\t\t\t<\/div> \n\t\t\t\n        \n\t\t\t\t<div id=\"ngg-image-1\" class=\"ngg-gallery-thumbnail-box\" >\n\t\t\t\t        <div class=\"ngg-gallery-thumbnail\">\n            <a href=\"http:\/\/www.spaziotorino.it\/scatto\/wp-content\/gallery\/2018_06_13_piano\/IMG_6552-copia.jpg\"\n               title=\"\"\n               data-src=\"http:\/\/www.spaziotorino.it\/scatto\/wp-content\/gallery\/2018_06_13_piano\/IMG_6552-copia.jpg\"\n               data-thumbnail=\"http:\/\/www.spaziotorino.it\/scatto\/wp-content\/gallery\/2018_06_13_piano\/thumbs\/thumbs_IMG_6552-copia.jpg\"\n               data-image-id=\"20536\"\n               data-title=\"IMG_6552-copia\"\n               data-description=\"\"\n               data-image-slug=\"img_6552-copia\"\n               class=\"ngg-fancybox\" rel=\"f4027f4da2d51b65481b3617f9500967\">\n                <img\n                    title=\"IMG_6552-copia\"\n                    alt=\"IMG_6552-copia\"\n                    src=\"http:\/\/www.spaziotorino.it\/scatto\/wp-content\/gallery\/2018_06_13_piano\/cache\/IMG_6552-copia.jpg-nggid0520536-ngg0dyn-60x60x100-00f0w010c011r110f110r010t010.jpg\"\n                    width=\"60\"\n                    height=\"60\"\n                    style=\"max-width:100%;\"\n                \/>\n            <\/a>\n        <\/div>\n\t\t\t\t\t\t\t<\/div> \n\t\t\t\n        \n\t\t\t\t<div id=\"ngg-image-2\" class=\"ngg-gallery-thumbnail-box\" >\n\t\t\t\t        <div class=\"ngg-gallery-thumbnail\">\n            <a href=\"http:\/\/www.spaziotorino.it\/scatto\/wp-content\/gallery\/2018_06_13_piano\/RIO_3828.jpg\"\n               title=\"\"\n               data-src=\"http:\/\/www.spaziotorino.it\/scatto\/wp-content\/gallery\/2018_06_13_piano\/RIO_3828.jpg\"\n               data-thumbnail=\"http:\/\/www.spaziotorino.it\/scatto\/wp-content\/gallery\/2018_06_13_piano\/thumbs\/thumbs_RIO_3828.jpg\"\n               data-image-id=\"20539\"\n               data-title=\"RIO_3828\"\n               data-description=\"\"\n               data-image-slug=\"rio_3828\"\n               class=\"ngg-fancybox\" rel=\"f4027f4da2d51b65481b3617f9500967\">\n                <img\n                    title=\"RIO_3828\"\n                    alt=\"RIO_3828\"\n                    src=\"http:\/\/www.spaziotorino.it\/scatto\/wp-content\/gallery\/2018_06_13_piano\/cache\/RIO_3828.jpg-nggid0520539-ngg0dyn-60x60x100-00f0w010c011r110f110r010t010.jpg\"\n                    width=\"60\"\n                    height=\"60\"\n                    style=\"max-width:100%;\"\n                \/>\n            <\/a>\n        <\/div>\n\t\t\t\t\t\t\t<\/div> \n\t\t\t\n        \n\t\t\t\t<div id=\"ngg-image-3\" class=\"ngg-gallery-thumbnail-box\" >\n\t\t\t\t        <div class=\"ngg-gallery-thumbnail\">\n            <a href=\"http:\/\/www.spaziotorino.it\/scatto\/wp-content\/gallery\/2018_06_13_piano\/RIO_3831.jpg\"\n               title=\"\"\n               data-src=\"http:\/\/www.spaziotorino.it\/scatto\/wp-content\/gallery\/2018_06_13_piano\/RIO_3831.jpg\"\n               data-thumbnail=\"http:\/\/www.spaziotorino.it\/scatto\/wp-content\/gallery\/2018_06_13_piano\/thumbs\/thumbs_RIO_3831.jpg\"\n               data-image-id=\"20540\"\n               data-title=\"RIO_3831\"\n               data-description=\"\"\n               data-image-slug=\"rio_3831\"\n               class=\"ngg-fancybox\" rel=\"f4027f4da2d51b65481b3617f9500967\">\n                <img\n                    title=\"RIO_3831\"\n                    alt=\"RIO_3831\"\n                    src=\"http:\/\/www.spaziotorino.it\/scatto\/wp-content\/gallery\/2018_06_13_piano\/cache\/RIO_3831.jpg-nggid0520540-ngg0dyn-60x60x100-00f0w010c011r110f110r010t010.jpg\"\n                    width=\"60\"\n                    height=\"60\"\n                    style=\"max-width:100%;\"\n                \/>\n            <\/a>\n        <\/div>\n\t\t\t\t\t\t\t<\/div> \n\t\t\t\n        \n\t\t\t\t<div id=\"ngg-image-4\" class=\"ngg-gallery-thumbnail-box\" >\n\t\t\t\t        <div class=\"ngg-gallery-thumbnail\">\n            <a href=\"http:\/\/www.spaziotorino.it\/scatto\/wp-content\/gallery\/2018_06_13_piano\/IMG_6559-copia.jpg\"\n               title=\"\"\n               data-src=\"http:\/\/www.spaziotorino.it\/scatto\/wp-content\/gallery\/2018_06_13_piano\/IMG_6559-copia.jpg\"\n               data-thumbnail=\"http:\/\/www.spaziotorino.it\/scatto\/wp-content\/gallery\/2018_06_13_piano\/thumbs\/thumbs_IMG_6559-copia.jpg\"\n               data-image-id=\"20537\"\n               data-title=\"IMG_6559-copia\"\n               data-description=\"\"\n               data-image-slug=\"img_6559-copia\"\n               class=\"ngg-fancybox\" rel=\"f4027f4da2d51b65481b3617f9500967\">\n                <img\n                    title=\"IMG_6559-copia\"\n                    alt=\"IMG_6559-copia\"\n                    src=\"http:\/\/www.spaziotorino.it\/scatto\/wp-content\/gallery\/2018_06_13_piano\/cache\/IMG_6559-copia.jpg-nggid0520537-ngg0dyn-60x60x100-00f0w010c011r110f110r010t010.jpg\"\n                    width=\"60\"\n                    height=\"60\"\n                    style=\"max-width:100%;\"\n                \/>\n            <\/a>\n        <\/div>\n\t\t\t\t\t\t\t<\/div> \n\t\t\t\n        \n\t\t\t\t<div id=\"ngg-image-5\" class=\"ngg-gallery-thumbnail-box\" >\n\t\t\t\t        <div class=\"ngg-gallery-thumbnail\">\n            <a href=\"http:\/\/www.spaziotorino.it\/scatto\/wp-content\/gallery\/2018_06_13_piano\/RIO_3837.jpg\"\n               title=\"\"\n               data-src=\"http:\/\/www.spaziotorino.it\/scatto\/wp-content\/gallery\/2018_06_13_piano\/RIO_3837.jpg\"\n               data-thumbnail=\"http:\/\/www.spaziotorino.it\/scatto\/wp-content\/gallery\/2018_06_13_piano\/thumbs\/thumbs_RIO_3837.jpg\"\n               data-image-id=\"20541\"\n               data-title=\"RIO_3837\"\n               data-description=\"\"\n               data-image-slug=\"rio_3837\"\n               class=\"ngg-fancybox\" rel=\"f4027f4da2d51b65481b3617f9500967\">\n                <img\n                    title=\"RIO_3837\"\n                    alt=\"RIO_3837\"\n                    src=\"http:\/\/www.spaziotorino.it\/scatto\/wp-content\/gallery\/2018_06_13_piano\/cache\/RIO_3837.jpg-nggid0520541-ngg0dyn-60x60x100-00f0w010c011r110f110r010t010.jpg\"\n                    width=\"60\"\n                    height=\"60\"\n                    style=\"max-width:100%;\"\n                \/>\n            <\/a>\n        <\/div>\n\t\t\t\t\t\t\t<\/div> \n\t\t\t\n        \n\t\t\t\t<div id=\"ngg-image-6\" class=\"ngg-gallery-thumbnail-box\" >\n\t\t\t\t        <div class=\"ngg-gallery-thumbnail\">\n            <a href=\"http:\/\/www.spaziotorino.it\/scatto\/wp-content\/gallery\/2018_06_13_piano\/RIO_3811.jpg\"\n               title=\"\"\n               data-src=\"http:\/\/www.spaziotorino.it\/scatto\/wp-content\/gallery\/2018_06_13_piano\/RIO_3811.jpg\"\n               data-thumbnail=\"http:\/\/www.spaziotorino.it\/scatto\/wp-content\/gallery\/2018_06_13_piano\/thumbs\/thumbs_RIO_3811.jpg\"\n               data-image-id=\"20538\"\n               data-title=\"RIO_3811\"\n               data-description=\"\"\n               data-image-slug=\"rio_3811\"\n               class=\"ngg-fancybox\" rel=\"f4027f4da2d51b65481b3617f9500967\">\n                <img\n                    title=\"RIO_3811\"\n                    alt=\"RIO_3811\"\n                    src=\"http:\/\/www.spaziotorino.it\/scatto\/wp-content\/gallery\/2018_06_13_piano\/cache\/RIO_3811.jpg-nggid0520538-ngg0dyn-60x60x100-00f0w010c011r110f110r010t010.jpg\"\n                    width=\"60\"\n                    height=\"60\"\n                    style=\"max-width:100%;\"\n                \/>\n            <\/a>\n        <\/div>\n\t\t\t\t\t\t\t<\/div> \n\t\t\t\n        \n\t\t\n\t\t<!-- Pagination -->\n\t<div class='ngg-clear'><\/div>\t<\/div>\n\n<p>Proseguono gli appuntamenti del mercoled\u00ec in piazza Palazzo di Citt\u00e0 \u2013 per iniziativa del vicesindaco Guido Montanari \u2013 un confronto diretto con i cittadini sui temi legati alla riqualificazione del capoluogo. Torino \u00e8 una citt\u00e0 che sotto la spinta della globalizzazione dei mercati \u00e8 stata attraversata negli ultimi decenni da crisi ricorrenti, con una forte contrazione dell\u2019occupazione e la delocalizzazione di impianti produttivi, che hanno lasciato ampi \u201cvuoti\u201d urbani.<\/p>\n<p>Nel nostro Paese Torino si distingue tuttavia per la dinamicit\u00e0 di un distretto manifatturiero di prim\u2019ordine, confermandosi hub dell\u2019automotive e dell\u2019aerospazio, con presenze significative nel terziario e nei servizi, emergendo nel campo biomedicale e della ricerca. Con un\u2019attrazione crescente in campo turistico e culturale. E proprio allo scopo di rispondere alle mutate condizioni sotto il profilo economico e sociale, l\u2019Amministrazione comunale ha avviato da oltre un anno un percorso di revisione e aggiornamento del Piano regolatore generale varato oltre 23 anni fa.<\/p>\n<p>Per l\u2019aggiornamento del pi\u00f9 importante strumento di governo del territorio che norma l\u2019utilizzo e la trasformazione della citt\u00e0, \u00e8 in corso una vasta consultazione per individuare i grandi temi e raccogliere le prime proposte che fino a ora ha coinvolto specialisti e operatori in pi\u00f9 di trecento incontri. E che da mercoled\u00ec 30 maggio intende aprirsi alla cittadinanza raccogliendo osservazioni e proposte per la nuova Torino.<\/p>\n<p>\u201cCome tutelare lo straordinario patrimonio ambientale e paesaggistico che Torino vanta? Come determinare identit\u00e0 e qualit\u00e0 del vivere delle nostre periferie? Come migliorare la dotazione di servizi, in particolare nelle periferie, in un\u2019ottica sostenibile e di area metropolitana? Quali gli strumenti per attrarre e trattenere talenti? Come rafforzare la vocazione scientifica, produttiva e di innovazione della citt\u00e0?\u201d<\/p>\n<p>E\u2019 sulla base di questa traccia che nel tardo pomeriggio di ogni mercoled\u00ec \u2013 a partire dalle 17,30 \u2013 fino al 27 giugno lo spazio all\u2019aperto antistante l\u2019Urban Center, sotto i portici, si trasformer\u00e0 per un paio d\u2019ore in una vera e propria agor\u00e0 dove i cittadini potranno intervenire liberamente al dibattito aperto dallo stesso vicesindaco Montanari e condotto da Dario Castelletti, esprimendo opinioni in merito alla visione fortemente orientata allo sviluppo sostenibile dell\u2019Amministrazione comunale. Il ciclo di incontri \u2013 che potr\u00e0 essere seguito in diretta collegandosi a Radio Flash 97.6 \u2013 nasce come momento di discussione e approfondimento, ma anche di presentazione dei primi filoni tematici emersi dal lavoro di revisione del Piano svolto fino ad ora.<\/p>\n<p>L\u2019antica Piazza delle Erbe vedr\u00e0 quindi approfondire le questioni legate alla tutela dell\u2019ambiente, alla qualit\u00e0 urbana, alla produzione e al commercio, alla distribuzione capillare dei servizi e alla mobilit\u00e0. Ma all\u2019ordine del giorno ci saranno anche l\u2019innovazione e la ricerca, la formazione negli atenei.<\/p>\n<p>L\u2019esordio, mercoled\u00ec 30 maggio sar\u00e0 sul tema ambiente, verde e tutela del suolo: \u201cTorino \u2013 sottolinea il professor Montanari \u2013 possiede un patrimonio ambientale e paesaggistico straordinario. Un polmone verde composto da fiumi, parchi, colline e orti che plasmano l\u2019identit\u00e0 della citt\u00e0 e la qualit\u00e0 del vivere in citt\u00e0. Il nuovo piano regolatore mette al centro l\u2019ambiente e il verde promuovendo un consumo del suolo pari a zero, l\u2019incremento delle superfici permeabili, la tutela delle aree verdi, degli usi agricoli e degli orti urbani. A partire da queste linee guida, l\u2019incontro sar\u00e0 l\u2019occasione per fare il punto sul lavoro fatto e raccogliere proposte volte a rafforzare la qualit\u00e0 ambientale\u201d.<\/p>\n<p>Con I mercoled\u00ec del Piano curati dalla Divisione Urbanistica della Citt\u00e0 si avvia una fase aperta, di informazione e partecipazione ampia. La partecipazione \u00e8 libera fino a esaurimento dei posti disponibili, si consiglia la prenotazione su Eventbrite.<\/p>\n<p>I MERCOLED\u00cc DEL PIANO<\/p>\n<p>I successivi appuntamenti<\/p>\n<p>Ricerca, innovazione, scuola e Universit\u00e0<\/p>\n<p>20 giugno<\/p>\n<p>17.30 | Piazza Palazzo di Citt\u00e0<\/p>\n<p>Torino attualmente ospita pi\u00f9 di 100.000 studenti universitari, docenti e ricercatori che qui lavorano, vivono, studiano, si muovono, si divertono. E\u2019 una citt\u00e0 nella citt\u00e0, una ricchezza straordinaria che va promossa e incrementata, anche con l\u2019obiettivo di trattenere i migliori cervelli. Promuovere la ricerca scientifica e l\u2019innovazione, anche in rapporto alla produzione industriale e al lavoro \u00e8 uno dei temi centrali nella revisione del Piano. Occorre razionalizzare la collocazione delle sedi universitarie attraverso un dialogo tra i rispettivi masterplan. La citt\u00e0 ha bisogno di trasporti sostenibili, residenze, luoghi di ritrovo e di studio per i giovani in formazione. L\u2019incontro affronter\u00e0 queste tematiche, fortemente intersettoriali e connesse, per valorizzare l\u2019identit\u00e0 universitaria della citt\u00e0.<\/p>\n<p>Produzione e commercio<\/p>\n<p>27 giugno<\/p>\n<p>17.30 | Piazza Palazzo di Citt\u00e0<\/p>\n<p>Uno dei principali obiettivi della revisione del Piano \u00e8 offrire opportunit\u00e0 di investimento e di lavoro adeguate al ruolo e alla tradizione che la citt\u00e0 ha saputo esprimere. Ci\u00f2 significa consolidare i settori di punta del sistema economico torinese e guardare anche alle nuove economie, favorendo altres\u00ec usi temporanei, coworking e programmi di industria \u201c4.0\u201d. Occorre pianificare gli spazi destinati alle attivit\u00e0 commerciali tutelando la piccola distribuzione e controllando le scelte della media, conciliando le necessit\u00e0 commerciali con le esigenze di tutela e di salvaguardia del territorio e dei suoi abitanti. A partire da questi presupposti, l\u2019incontro sar\u00e0 l\u2019occasione per fare il punto sul lavoro fatto e raccogliere proposte volte a creare nuove opportunit\u00e0 di lavoro e investimento.<\/p>\n<p>[fonte: <a href=\"http:\/\/www.torinoclick.it\/?p=76598\">TorinoClick<\/a>]<\/p>\n","protected":false},"excerpt":{"rendered":"<p>Proseguono gli appuntamenti del mercoled\u00ec in piazza Palazzo di Citt\u00e0 \u2013 per iniziativa del vicesindaco Guido Montanari \u2013 un confronto diretto con i cittadini sui temi legati alla riqualificazione del capoluogo. Torino \u00e8 una citt\u00e0 che sotto la spinta della globalizzazione dei mercati \u00e8 stata attraversata negli ultimi decenni da crisi ricorrenti, con una forte [&hellip;]<\/p>\n","protected":false},"author":1,"featured_media":0,"comment_status":"closed","ping_status":"open","sticky":false,"template":"","format":"standard","meta":{"ngg_post_thumbnail":0},"categories":[1,41],"tags":[],"_links":{"self":[{"href":"http:\/\/www.spaziotorino.it\/scatto\/index.php?rest_route=\/wp\/v2\/posts\/11493"}],"collection":[{"href":"http:\/\/www.spaziotorino.it\/scatto\/index.php?rest_route=\/wp\/v2\/posts"}],"about":[{"href":"http:\/\/www.spaziotorino.it\/scatto\/index.php?rest_route=\/wp\/v2\/types\/post"}],"author":[{"embeddable":true,"href":"http:\/\/www.spaziotorino.it\/scatto\/index.php?rest_route=\/wp\/v2\/users\/1"}],"replies":[{"embeddable":true,"href":"http:\/\/www.spaziotorino.it\/scatto\/index.php?rest_route=%2Fwp%2Fv2%2Fcomments&post=11493"}],"version-history":[{"count":3,"href":"http:\/\/www.spaziotorino.it\/scatto\/index.php?rest_route=\/wp\/v2\/posts\/11493\/revisions"}],"predecessor-version":[{"id":11497,"href":"http:\/\/www.spaziotorino.it\/scatto\/index.php?rest_route=\/wp\/v2\/posts\/11493\/revisions\/11497"}],"wp:attachment":[{"href":"http:\/\/www.spaziotorino.it\/scatto\/index.php?rest_route=%2Fwp%2Fv2%2Fmedia&parent=11493"}],"wp:term":[{"taxonomy":"category","embeddable":true,"href":"http:\/\/www.spaziotorino.it\/scatto\/index.php?rest_route=%2Fwp%2Fv2%2Fcategories&post=11493"},{"taxonomy":"post_tag","embeddable":true,"href":"http:\/\/www.spaziotorino.it\/scatto\/index.php?rest_route=%2Fwp%2Fv2%2Ftags&post=11493"}],"curies":[{"name":"wp","href":"https:\/\/api.w.org\/{rel}","templated":true}]}}