{"id":11611,"date":"2018-06-15T13:51:17","date_gmt":"2018-06-15T12:51:17","guid":{"rendered":"http:\/\/www.spaziotorino.it\/scatto\/?p=11611"},"modified":"2018-06-15T15:38:45","modified_gmt":"2018-06-15T14:38:45","slug":"al-parco-dora-la-festa-di-fine-ramadan","status":"publish","type":"post","link":"http:\/\/www.spaziotorino.it\/scatto\/?p=11611","title":{"rendered":"Al Parco Dora la festa di fine Ramadan"},"content":{"rendered":"<p><a class=\"ngg-fancybox\" title=\"Al Parco Dora la festa di fine Ramadan\" href=\"http:\/\/www.spaziotorino.it\/scatto\/wp-content\/gallery\/2018_06_15_ramadan\/RIO_4103.jpg\" rel=\"17f369c6559bb190a2ae7536ca33806e\"><br \/>\n<img decoding=\"async\" loading=\"lazy\" class=\"ngg-singlepic\" title=\"Al Parco Dora la festa di fine Ramadan\" src=\"http:\/\/www.spaziotorino.it\/scatto\/wp-content\/gallery\/2018_06_15_ramadan\/RIO_4103.jpg\" alt=\"\" width=\"540\" height=\"360\"\/><\/a><\/p>\n<!-- index.php -->\n<div\n\tclass=\"ngg-galleryoverview ngg-ajax-pagination-none\"\n\tid=\"ngg-gallery-d1387ad85394836d1f052f0749c9a8d7-1\">\n\n    \t\t<!-- Thumbnails -->\n\t\t\t\t<div id=\"ngg-image-0\" class=\"ngg-gallery-thumbnail-box\" >\n\t\t\t\t        <div class=\"ngg-gallery-thumbnail\">\n            <a href=\"http:\/\/www.spaziotorino.it\/scatto\/wp-content\/gallery\/2018_06_15_ramadan\/RIO_4003.jpg\"\n               title=\"\"\n               data-src=\"http:\/\/www.spaziotorino.it\/scatto\/wp-content\/gallery\/2018_06_15_ramadan\/RIO_4003.jpg\"\n               data-thumbnail=\"http:\/\/www.spaziotorino.it\/scatto\/wp-content\/gallery\/2018_06_15_ramadan\/thumbs\/thumbs_RIO_4003.jpg\"\n               data-image-id=\"20577\"\n               data-title=\"RIO_4003\"\n               data-description=\"\"\n               data-image-slug=\"rio_4003\"\n               class=\"ngg-fancybox\" rel=\"d1387ad85394836d1f052f0749c9a8d7\">\n                <img\n                    title=\"RIO_4003\"\n                    alt=\"RIO_4003\"\n                    src=\"http:\/\/www.spaziotorino.it\/scatto\/wp-content\/gallery\/2018_06_15_ramadan\/cache\/RIO_4003.jpg-nggid0520577-ngg0dyn-60x60x100-00f0w010c011r110f110r010t010.jpg\"\n                    width=\"60\"\n                    height=\"60\"\n                    style=\"max-width:100%;\"\n                \/>\n            <\/a>\n        <\/div>\n\t\t\t\t\t\t\t<\/div> \n\t\t\t\n        \n\t\t\t\t<div id=\"ngg-image-1\" class=\"ngg-gallery-thumbnail-box\" >\n\t\t\t\t        <div class=\"ngg-gallery-thumbnail\">\n            <a href=\"http:\/\/www.spaziotorino.it\/scatto\/wp-content\/gallery\/2018_06_15_ramadan\/RIO_4007.jpg\"\n               title=\"\"\n               data-src=\"http:\/\/www.spaziotorino.it\/scatto\/wp-content\/gallery\/2018_06_15_ramadan\/RIO_4007.jpg\"\n               data-thumbnail=\"http:\/\/www.spaziotorino.it\/scatto\/wp-content\/gallery\/2018_06_15_ramadan\/thumbs\/thumbs_RIO_4007.jpg\"\n               data-image-id=\"20578\"\n               data-title=\"RIO_4007\"\n               data-description=\"\"\n               data-image-slug=\"rio_4007\"\n               class=\"ngg-fancybox\" rel=\"d1387ad85394836d1f052f0749c9a8d7\">\n                <img\n                    title=\"RIO_4007\"\n                    alt=\"RIO_4007\"\n                    src=\"http:\/\/www.spaziotorino.it\/scatto\/wp-content\/gallery\/2018_06_15_ramadan\/cache\/RIO_4007.jpg-nggid0520578-ngg0dyn-60x60x100-00f0w010c011r110f110r010t010.jpg\"\n                    width=\"60\"\n                    height=\"60\"\n                    style=\"max-width:100%;\"\n                \/>\n            <\/a>\n        <\/div>\n\t\t\t\t\t\t\t<\/div> \n\t\t\t\n        \n\t\t\t\t<div id=\"ngg-image-2\" class=\"ngg-gallery-thumbnail-box\" >\n\t\t\t\t        <div class=\"ngg-gallery-thumbnail\">\n            <a href=\"http:\/\/www.spaziotorino.it\/scatto\/wp-content\/gallery\/2018_06_15_ramadan\/RIO_4011.jpg\"\n               title=\"\"\n               data-src=\"http:\/\/www.spaziotorino.it\/scatto\/wp-content\/gallery\/2018_06_15_ramadan\/RIO_4011.jpg\"\n               data-thumbnail=\"http:\/\/www.spaziotorino.it\/scatto\/wp-content\/gallery\/2018_06_15_ramadan\/thumbs\/thumbs_RIO_4011.jpg\"\n               data-image-id=\"20579\"\n               data-title=\"RIO_4011\"\n               data-description=\"\"\n               data-image-slug=\"rio_4011\"\n               class=\"ngg-fancybox\" rel=\"d1387ad85394836d1f052f0749c9a8d7\">\n                <img\n                    title=\"RIO_4011\"\n                    alt=\"RIO_4011\"\n                    src=\"http:\/\/www.spaziotorino.it\/scatto\/wp-content\/gallery\/2018_06_15_ramadan\/cache\/RIO_4011.jpg-nggid0520579-ngg0dyn-60x60x100-00f0w010c011r110f110r010t010.jpg\"\n                    width=\"60\"\n                    height=\"60\"\n                    style=\"max-width:100%;\"\n                \/>\n            <\/a>\n        <\/div>\n\t\t\t\t\t\t\t<\/div> \n\t\t\t\n        \n\t\t\t\t<div id=\"ngg-image-3\" class=\"ngg-gallery-thumbnail-box\" >\n\t\t\t\t        <div class=\"ngg-gallery-thumbnail\">\n            <a href=\"http:\/\/www.spaziotorino.it\/scatto\/wp-content\/gallery\/2018_06_15_ramadan\/RIO_4027.jpg\"\n               title=\"\"\n               data-src=\"http:\/\/www.spaziotorino.it\/scatto\/wp-content\/gallery\/2018_06_15_ramadan\/RIO_4027.jpg\"\n               data-thumbnail=\"http:\/\/www.spaziotorino.it\/scatto\/wp-content\/gallery\/2018_06_15_ramadan\/thumbs\/thumbs_RIO_4027.jpg\"\n               data-image-id=\"20581\"\n               data-title=\"RIO_4027\"\n               data-description=\"\"\n               data-image-slug=\"rio_4027\"\n               class=\"ngg-fancybox\" rel=\"d1387ad85394836d1f052f0749c9a8d7\">\n                <img\n                    title=\"RIO_4027\"\n                    alt=\"RIO_4027\"\n                    src=\"http:\/\/www.spaziotorino.it\/scatto\/wp-content\/gallery\/2018_06_15_ramadan\/cache\/RIO_4027.jpg-nggid0520581-ngg0dyn-60x60x100-00f0w010c011r110f110r010t010.jpg\"\n                    width=\"60\"\n                    height=\"60\"\n                    style=\"max-width:100%;\"\n                \/>\n            <\/a>\n        <\/div>\n\t\t\t\t\t\t\t<\/div> \n\t\t\t\n        \n\t\t\t\t<div id=\"ngg-image-4\" class=\"ngg-gallery-thumbnail-box\" >\n\t\t\t\t        <div class=\"ngg-gallery-thumbnail\">\n            <a href=\"http:\/\/www.spaziotorino.it\/scatto\/wp-content\/gallery\/2018_06_15_ramadan\/RIO_4031.jpg\"\n               title=\"\"\n               data-src=\"http:\/\/www.spaziotorino.it\/scatto\/wp-content\/gallery\/2018_06_15_ramadan\/RIO_4031.jpg\"\n               data-thumbnail=\"http:\/\/www.spaziotorino.it\/scatto\/wp-content\/gallery\/2018_06_15_ramadan\/thumbs\/thumbs_RIO_4031.jpg\"\n               data-image-id=\"20582\"\n               data-title=\"RIO_4031\"\n               data-description=\"\"\n               data-image-slug=\"rio_4031\"\n               class=\"ngg-fancybox\" rel=\"d1387ad85394836d1f052f0749c9a8d7\">\n                <img\n                    title=\"RIO_4031\"\n                    alt=\"RIO_4031\"\n                    src=\"http:\/\/www.spaziotorino.it\/scatto\/wp-content\/gallery\/2018_06_15_ramadan\/cache\/RIO_4031.jpg-nggid0520582-ngg0dyn-60x60x100-00f0w010c011r110f110r010t010.jpg\"\n                    width=\"60\"\n                    height=\"60\"\n                    style=\"max-width:100%;\"\n                \/>\n            <\/a>\n        <\/div>\n\t\t\t\t\t\t\t<\/div> \n\t\t\t\n        \n\t\t\t\t<div id=\"ngg-image-5\" class=\"ngg-gallery-thumbnail-box\" >\n\t\t\t\t        <div class=\"ngg-gallery-thumbnail\">\n            <a href=\"http:\/\/www.spaziotorino.it\/scatto\/wp-content\/gallery\/2018_06_15_ramadan\/RIO_4038.jpg\"\n               title=\"\"\n               data-src=\"http:\/\/www.spaziotorino.it\/scatto\/wp-content\/gallery\/2018_06_15_ramadan\/RIO_4038.jpg\"\n               data-thumbnail=\"http:\/\/www.spaziotorino.it\/scatto\/wp-content\/gallery\/2018_06_15_ramadan\/thumbs\/thumbs_RIO_4038.jpg\"\n               data-image-id=\"20583\"\n               data-title=\"RIO_4038\"\n               data-description=\"\"\n               data-image-slug=\"rio_4038\"\n               class=\"ngg-fancybox\" rel=\"d1387ad85394836d1f052f0749c9a8d7\">\n                <img\n                    title=\"RIO_4038\"\n                    alt=\"RIO_4038\"\n                    src=\"http:\/\/www.spaziotorino.it\/scatto\/wp-content\/gallery\/2018_06_15_ramadan\/cache\/RIO_4038.jpg-nggid0520583-ngg0dyn-60x60x100-00f0w010c011r110f110r010t010.jpg\"\n                    width=\"60\"\n                    height=\"60\"\n                    style=\"max-width:100%;\"\n                \/>\n            <\/a>\n        <\/div>\n\t\t\t\t\t\t\t<\/div> \n\t\t\t\n        \n\t\t\t\t<div id=\"ngg-image-6\" class=\"ngg-gallery-thumbnail-box\" >\n\t\t\t\t        <div class=\"ngg-gallery-thumbnail\">\n            <a href=\"http:\/\/www.spaziotorino.it\/scatto\/wp-content\/gallery\/2018_06_15_ramadan\/RIO_4041.jpg\"\n               title=\"\"\n               data-src=\"http:\/\/www.spaziotorino.it\/scatto\/wp-content\/gallery\/2018_06_15_ramadan\/RIO_4041.jpg\"\n               data-thumbnail=\"http:\/\/www.spaziotorino.it\/scatto\/wp-content\/gallery\/2018_06_15_ramadan\/thumbs\/thumbs_RIO_4041.jpg\"\n               data-image-id=\"20584\"\n               data-title=\"RIO_4041\"\n               data-description=\"\"\n               data-image-slug=\"rio_4041\"\n               class=\"ngg-fancybox\" rel=\"d1387ad85394836d1f052f0749c9a8d7\">\n                <img\n                    title=\"RIO_4041\"\n                    alt=\"RIO_4041\"\n                    src=\"http:\/\/www.spaziotorino.it\/scatto\/wp-content\/gallery\/2018_06_15_ramadan\/cache\/RIO_4041.jpg-nggid0520584-ngg0dyn-60x60x100-00f0w010c011r110f110r010t010.jpg\"\n                    width=\"60\"\n                    height=\"60\"\n                    style=\"max-width:100%;\"\n                \/>\n            <\/a>\n        <\/div>\n\t\t\t\t\t\t\t<\/div> \n\t\t\t\n        \n\t\t\t\t<div id=\"ngg-image-7\" class=\"ngg-gallery-thumbnail-box\" >\n\t\t\t\t        <div class=\"ngg-gallery-thumbnail\">\n            <a href=\"http:\/\/www.spaziotorino.it\/scatto\/wp-content\/gallery\/2018_06_15_ramadan\/RIO_4071.jpg\"\n               title=\"\"\n               data-src=\"http:\/\/www.spaziotorino.it\/scatto\/wp-content\/gallery\/2018_06_15_ramadan\/RIO_4071.jpg\"\n               data-thumbnail=\"http:\/\/www.spaziotorino.it\/scatto\/wp-content\/gallery\/2018_06_15_ramadan\/thumbs\/thumbs_RIO_4071.jpg\"\n               data-image-id=\"20585\"\n               data-title=\"RIO_4071\"\n               data-description=\"\"\n               data-image-slug=\"rio_4071\"\n               class=\"ngg-fancybox\" rel=\"d1387ad85394836d1f052f0749c9a8d7\">\n                <img\n                    title=\"RIO_4071\"\n                    alt=\"RIO_4071\"\n                    src=\"http:\/\/www.spaziotorino.it\/scatto\/wp-content\/gallery\/2018_06_15_ramadan\/cache\/RIO_4071.jpg-nggid0520585-ngg0dyn-60x60x100-00f0w010c011r110f110r010t010.jpg\"\n                    width=\"60\"\n                    height=\"60\"\n                    style=\"max-width:100%;\"\n                \/>\n            <\/a>\n        <\/div>\n\t\t\t\t\t\t\t<\/div> \n\t\t\t\n        \n\t\t\t\t<div id=\"ngg-image-8\" class=\"ngg-gallery-thumbnail-box\" >\n\t\t\t\t        <div class=\"ngg-gallery-thumbnail\">\n            <a href=\"http:\/\/www.spaziotorino.it\/scatto\/wp-content\/gallery\/2018_06_15_ramadan\/RIO_4080.jpg\"\n               title=\"\"\n               data-src=\"http:\/\/www.spaziotorino.it\/scatto\/wp-content\/gallery\/2018_06_15_ramadan\/RIO_4080.jpg\"\n               data-thumbnail=\"http:\/\/www.spaziotorino.it\/scatto\/wp-content\/gallery\/2018_06_15_ramadan\/thumbs\/thumbs_RIO_4080.jpg\"\n               data-image-id=\"20586\"\n               data-title=\"RIO_4080\"\n               data-description=\"\"\n               data-image-slug=\"rio_4080\"\n               class=\"ngg-fancybox\" rel=\"d1387ad85394836d1f052f0749c9a8d7\">\n                <img\n                    title=\"RIO_4080\"\n                    alt=\"RIO_4080\"\n                    src=\"http:\/\/www.spaziotorino.it\/scatto\/wp-content\/gallery\/2018_06_15_ramadan\/cache\/RIO_4080.jpg-nggid0520586-ngg0dyn-60x60x100-00f0w010c011r110f110r010t010.jpg\"\n                    width=\"60\"\n                    height=\"60\"\n                    style=\"max-width:100%;\"\n                \/>\n            <\/a>\n        <\/div>\n\t\t\t\t\t\t\t<\/div> \n\t\t\t\n        \n\t\t\t\t<div id=\"ngg-image-9\" class=\"ngg-gallery-thumbnail-box\" >\n\t\t\t\t        <div class=\"ngg-gallery-thumbnail\">\n            <a href=\"http:\/\/www.spaziotorino.it\/scatto\/wp-content\/gallery\/2018_06_15_ramadan\/RIO_4099.jpg\"\n               title=\"\"\n               data-src=\"http:\/\/www.spaziotorino.it\/scatto\/wp-content\/gallery\/2018_06_15_ramadan\/RIO_4099.jpg\"\n               data-thumbnail=\"http:\/\/www.spaziotorino.it\/scatto\/wp-content\/gallery\/2018_06_15_ramadan\/thumbs\/thumbs_RIO_4099.jpg\"\n               data-image-id=\"20587\"\n               data-title=\"RIO_4099\"\n               data-description=\"\"\n               data-image-slug=\"rio_4099\"\n               class=\"ngg-fancybox\" rel=\"d1387ad85394836d1f052f0749c9a8d7\">\n                <img\n                    title=\"RIO_4099\"\n                    alt=\"RIO_4099\"\n                    src=\"http:\/\/www.spaziotorino.it\/scatto\/wp-content\/gallery\/2018_06_15_ramadan\/cache\/RIO_4099.jpg-nggid0520587-ngg0dyn-60x60x100-00f0w010c011r110f110r010t010.jpg\"\n                    width=\"60\"\n                    height=\"60\"\n                    style=\"max-width:100%;\"\n                \/>\n            <\/a>\n        <\/div>\n\t\t\t\t\t\t\t<\/div> \n\t\t\t\n        \n\t\t\t\t<div id=\"ngg-image-10\" class=\"ngg-gallery-thumbnail-box\" >\n\t\t\t\t        <div class=\"ngg-gallery-thumbnail\">\n            <a href=\"http:\/\/www.spaziotorino.it\/scatto\/wp-content\/gallery\/2018_06_15_ramadan\/RIO_4100.jpg\"\n               title=\"\"\n               data-src=\"http:\/\/www.spaziotorino.it\/scatto\/wp-content\/gallery\/2018_06_15_ramadan\/RIO_4100.jpg\"\n               data-thumbnail=\"http:\/\/www.spaziotorino.it\/scatto\/wp-content\/gallery\/2018_06_15_ramadan\/thumbs\/thumbs_RIO_4100.jpg\"\n               data-image-id=\"20588\"\n               data-title=\"RIO_4100\"\n               data-description=\"\"\n               data-image-slug=\"rio_4100\"\n               class=\"ngg-fancybox\" rel=\"d1387ad85394836d1f052f0749c9a8d7\">\n                <img\n                    title=\"RIO_4100\"\n                    alt=\"RIO_4100\"\n                    src=\"http:\/\/www.spaziotorino.it\/scatto\/wp-content\/gallery\/2018_06_15_ramadan\/cache\/RIO_4100.jpg-nggid0520588-ngg0dyn-60x60x100-00f0w010c011r110f110r010t010.jpg\"\n                    width=\"60\"\n                    height=\"60\"\n                    style=\"max-width:100%;\"\n                \/>\n            <\/a>\n        <\/div>\n\t\t\t\t\t\t\t<\/div> \n\t\t\t\n        \n\t\t\t\t<div id=\"ngg-image-11\" class=\"ngg-gallery-thumbnail-box\" >\n\t\t\t\t        <div class=\"ngg-gallery-thumbnail\">\n            <a href=\"http:\/\/www.spaziotorino.it\/scatto\/wp-content\/gallery\/2018_06_15_ramadan\/RIO_4103.jpg\"\n               title=\"\"\n               data-src=\"http:\/\/www.spaziotorino.it\/scatto\/wp-content\/gallery\/2018_06_15_ramadan\/RIO_4103.jpg\"\n               data-thumbnail=\"http:\/\/www.spaziotorino.it\/scatto\/wp-content\/gallery\/2018_06_15_ramadan\/thumbs\/thumbs_RIO_4103.jpg\"\n               data-image-id=\"20589\"\n               data-title=\"RIO_4103\"\n               data-description=\"\"\n               data-image-slug=\"rio_4103\"\n               class=\"ngg-fancybox\" rel=\"d1387ad85394836d1f052f0749c9a8d7\">\n                <img\n                    title=\"RIO_4103\"\n                    alt=\"RIO_4103\"\n                    src=\"http:\/\/www.spaziotorino.it\/scatto\/wp-content\/gallery\/2018_06_15_ramadan\/cache\/RIO_4103.jpg-nggid0520589-ngg0dyn-60x60x100-00f0w010c011r110f110r010t010.jpg\"\n                    width=\"60\"\n                    height=\"60\"\n                    style=\"max-width:100%;\"\n                \/>\n            <\/a>\n        <\/div>\n\t\t\t\t\t\t\t<\/div> \n\t\t\t\n        \n\t\t\t\t<div id=\"ngg-image-12\" class=\"ngg-gallery-thumbnail-box\" >\n\t\t\t\t        <div class=\"ngg-gallery-thumbnail\">\n            <a href=\"http:\/\/www.spaziotorino.it\/scatto\/wp-content\/gallery\/2018_06_15_ramadan\/RIO_4111.jpg\"\n               title=\"\"\n               data-src=\"http:\/\/www.spaziotorino.it\/scatto\/wp-content\/gallery\/2018_06_15_ramadan\/RIO_4111.jpg\"\n               data-thumbnail=\"http:\/\/www.spaziotorino.it\/scatto\/wp-content\/gallery\/2018_06_15_ramadan\/thumbs\/thumbs_RIO_4111.jpg\"\n               data-image-id=\"20590\"\n               data-title=\"RIO_4111\"\n               data-description=\"\"\n               data-image-slug=\"rio_4111\"\n               class=\"ngg-fancybox\" rel=\"d1387ad85394836d1f052f0749c9a8d7\">\n                <img\n                    title=\"RIO_4111\"\n                    alt=\"RIO_4111\"\n                    src=\"http:\/\/www.spaziotorino.it\/scatto\/wp-content\/gallery\/2018_06_15_ramadan\/cache\/RIO_4111.jpg-nggid0520590-ngg0dyn-60x60x100-00f0w010c011r110f110r010t010.jpg\"\n                    width=\"60\"\n                    height=\"60\"\n                    style=\"max-width:100%;\"\n                \/>\n            <\/a>\n        <\/div>\n\t\t\t\t\t\t\t<\/div> \n\t\t\t\n        \n\t\t\t\t<div id=\"ngg-image-13\" class=\"ngg-gallery-thumbnail-box\" >\n\t\t\t\t        <div class=\"ngg-gallery-thumbnail\">\n            <a href=\"http:\/\/www.spaziotorino.it\/scatto\/wp-content\/gallery\/2018_06_15_ramadan\/RIO_4117.jpg\"\n               title=\"\"\n               data-src=\"http:\/\/www.spaziotorino.it\/scatto\/wp-content\/gallery\/2018_06_15_ramadan\/RIO_4117.jpg\"\n               data-thumbnail=\"http:\/\/www.spaziotorino.it\/scatto\/wp-content\/gallery\/2018_06_15_ramadan\/thumbs\/thumbs_RIO_4117.jpg\"\n               data-image-id=\"20591\"\n               data-title=\"RIO_4117\"\n               data-description=\"\"\n               data-image-slug=\"rio_4117\"\n               class=\"ngg-fancybox\" rel=\"d1387ad85394836d1f052f0749c9a8d7\">\n                <img\n                    title=\"RIO_4117\"\n                    alt=\"RIO_4117\"\n                    src=\"http:\/\/www.spaziotorino.it\/scatto\/wp-content\/gallery\/2018_06_15_ramadan\/cache\/RIO_4117.jpg-nggid0520591-ngg0dyn-60x60x100-00f0w010c011r110f110r010t010.jpg\"\n                    width=\"60\"\n                    height=\"60\"\n                    style=\"max-width:100%;\"\n                \/>\n            <\/a>\n        <\/div>\n\t\t\t\t\t\t\t<\/div> \n\t\t\t\n        \n\t\t\n\t\t<!-- Pagination -->\n\t<div class='ngg-clear'><\/div>\t<\/div>\n\n<p>Si \u00e8 svolta questa mattina al Parco Dora la preghiera della comunit\u00e0 musulmana torinese in occasione della festivit\u00e0 di&nbsp;<em>Id al-fitr,<\/em>&nbsp;che segna la fine del mese di Ramadan. La sindaca Chiara Appendino ha fatto un breve saluto, cedendo il compito di portare la voce della Citt\u00e0 all\u2019assessore Marco Giusta.&nbsp;Erano presenti&nbsp; anche il Presidente del Consiglio Comunale, Fabio Versaci e l\u2019arcivescovo di Torino, Cesare Nosiglia.<\/p>\n<p>\u201cSe guardo al presente, vedo davanti a me un momento di festa, un momento di gioia \u2013 ha esordito l\u2019assessore \u2013 vedo una comunit\u00e0 numerosa, che parla con l\u2019amministrazione pubblica attraverso il nostro tavolo di lavoro, che attraverso l\u2019organizzazione di momenti come le moschee aperte e la chiusura del Ramadan \u00e8 sempre pi\u00f9 preparata, formata, consapevole\u201d.<\/p>\n<p>Un percorso importante, ma non ancora terminato, ricco di traguardi raggiunti ma anche di difficolt\u00e0 irrisolte. \u201cL\u2019unica soluzione \u00e8 quella di aprirci a vicenda\u201d, spiega Giusta, sottolineando il valore strategico del Patto di condivisione sottoscritto con l\u2019Amministrazione comunale da tutte le associazioni di fede islamica e il continuo dialogo con le istituzioni locali e nel Tavolo Interfedi che riunisce i rappresentanti delle religioni presenti in citt\u00e0.<\/p>\n<p>Il Patto sottolinea che il percorso comune di incontro \u201clo facciamo per i nostri figli e per le nostre figlie- prosegue Giusta \u2013 ed \u00e8 per loro che dobbiamo iniziare ad alzare lo sguardo e progettare il futuro. Integrazione, e partecipazione da sole non bastano senza il lavoro, senza i diritti sociali per tutte e per tutti. Il welfare, l\u2019educazione dei nostri figli e delle nostre figlie, la sicurezza sociale non sono temi che ci dividono, sono i temi che ci uniscono. Tutti contribuiamo, dobbiamo contribuire alla societ\u00e0, ognuno secondo le sue possibilit\u00e0\u201d.<\/p>\n<p>E ha concluso dicendo: \u201cLa Citt\u00e0 di Torino vuole essere la patria di comunit\u00e0 che si parlano, vuole essere famiglia, e come ogni famiglia lavorare insieme per il benessere comune\u201d.<\/p>\n","protected":false},"excerpt":{"rendered":"<p>Si \u00e8 svolta questa mattina al Parco Dora la preghiera della comunit\u00e0 musulmana torinese in occasione della festivit\u00e0 di&nbsp;Id al-fitr,&nbsp;che segna la fine del mese di Ramadan. La sindaca Chiara Appendino ha fatto un breve saluto, cedendo il compito di portare la voce della Citt\u00e0 all\u2019assessore Marco Giusta.&nbsp;Erano presenti&nbsp; anche il Presidente del Consiglio Comunale, [&hellip;]<\/p>\n","protected":false},"author":1,"featured_media":0,"comment_status":"closed","ping_status":"open","sticky":false,"template":"","format":"standard","meta":{"ngg_post_thumbnail":0},"categories":[133,1,41],"tags":[],"_links":{"self":[{"href":"http:\/\/www.spaziotorino.it\/scatto\/index.php?rest_route=\/wp\/v2\/posts\/11611"}],"collection":[{"href":"http:\/\/www.spaziotorino.it\/scatto\/index.php?rest_route=\/wp\/v2\/posts"}],"about":[{"href":"http:\/\/www.spaziotorino.it\/scatto\/index.php?rest_route=\/wp\/v2\/types\/post"}],"author":[{"embeddable":true,"href":"http:\/\/www.spaziotorino.it\/scatto\/index.php?rest_route=\/wp\/v2\/users\/1"}],"replies":[{"embeddable":true,"href":"http:\/\/www.spaziotorino.it\/scatto\/index.php?rest_route=%2Fwp%2Fv2%2Fcomments&post=11611"}],"version-history":[{"count":4,"href":"http:\/\/www.spaziotorino.it\/scatto\/index.php?rest_route=\/wp\/v2\/posts\/11611\/revisions"}],"predecessor-version":[{"id":11677,"href":"http:\/\/www.spaziotorino.it\/scatto\/index.php?rest_route=\/wp\/v2\/posts\/11611\/revisions\/11677"}],"wp:attachment":[{"href":"http:\/\/www.spaziotorino.it\/scatto\/index.php?rest_route=%2Fwp%2Fv2%2Fmedia&parent=11611"}],"wp:term":[{"taxonomy":"category","embeddable":true,"href":"http:\/\/www.spaziotorino.it\/scatto\/index.php?rest_route=%2Fwp%2Fv2%2Fcategories&post=11611"},{"taxonomy":"post_tag","embeddable":true,"href":"http:\/\/www.spaziotorino.it\/scatto\/index.php?rest_route=%2Fwp%2Fv2%2Ftags&post=11611"}],"curies":[{"name":"wp","href":"https:\/\/api.w.org\/{rel}","templated":true}]}}