{"id":11742,"date":"2018-06-15T18:15:12","date_gmt":"2018-06-15T17:15:12","guid":{"rendered":"http:\/\/www.spaziotorino.it\/scatto\/?p=11742"},"modified":"2018-06-20T14:23:05","modified_gmt":"2018-06-20T13:23:05","slug":"museo-scolastico-casa-del-sole-inaugurato-il-nuovo-allestimento","status":"publish","type":"post","link":"http:\/\/www.spaziotorino.it\/scatto\/?p=11742","title":{"rendered":"Museo scolastico \u201cCasa del Sole\u201d,  inaugurato il nuovo allestimento"},"content":{"rendered":"<p><a class=\"ngg-fancybox\" title=\"Museo scolastico \u201cCasa del Sole\u201d, inaugurato il nuovo allestimento\" href=\"http:\/\/www.spaziotorino.it\/scatto\/wp-content\/gallery\/2018_06_15_sole\/RIO_4132.jpg\" rel=\"6544328be0b50b0de319214ad7164152\"><br \/>\n<img decoding=\"async\" loading=\"lazy\" class=\"ngg-singlepic\" title=\"Museo scolastico \u201cCasa del Sole\u201d, inaugurato il nuovo allestimento\" src=\"http:\/\/www.spaziotorino.it\/scatto\/wp-content\/gallery\/2018_06_15_sole\/RIO_4132.jpg\" alt=\"\" width=\"540\" height=\"360\"\/><\/a><\/p>\n<!-- index.php -->\n<div\n\tclass=\"ngg-galleryoverview ngg-ajax-pagination-none\"\n\tid=\"ngg-gallery-f6222d4c94743cfa81c69f07f7bab10d-1\">\n\n    \t\t<!-- Thumbnails -->\n\t\t\t\t<div id=\"ngg-image-0\" class=\"ngg-gallery-thumbnail-box\" >\n\t\t\t\t        <div class=\"ngg-gallery-thumbnail\">\n            <a href=\"http:\/\/www.spaziotorino.it\/scatto\/wp-content\/gallery\/2018_06_15_sole\/RIO_4141.jpg\"\n               title=\"\"\n               data-src=\"http:\/\/www.spaziotorino.it\/scatto\/wp-content\/gallery\/2018_06_15_sole\/RIO_4141.jpg\"\n               data-thumbnail=\"http:\/\/www.spaziotorino.it\/scatto\/wp-content\/gallery\/2018_06_15_sole\/thumbs\/thumbs_RIO_4141.jpg\"\n               data-image-id=\"20642\"\n               data-title=\"RIO_4141\"\n               data-description=\"\"\n               data-image-slug=\"rio_4141\"\n               class=\"ngg-fancybox\" rel=\"f6222d4c94743cfa81c69f07f7bab10d\">\n                <img\n                    title=\"RIO_4141\"\n                    alt=\"RIO_4141\"\n                    src=\"http:\/\/www.spaziotorino.it\/scatto\/wp-content\/gallery\/2018_06_15_sole\/cache\/RIO_4141.jpg-nggid0520642-ngg0dyn-60x60x100-00f0w010c011r110f110r010t010.jpg\"\n                    width=\"60\"\n                    height=\"60\"\n                    style=\"max-width:100%;\"\n                \/>\n            <\/a>\n        <\/div>\n\t\t\t\t\t\t\t<\/div> \n\t\t\t\n        \n\t\t\t\t<div id=\"ngg-image-1\" class=\"ngg-gallery-thumbnail-box\" >\n\t\t\t\t        <div class=\"ngg-gallery-thumbnail\">\n            <a href=\"http:\/\/www.spaziotorino.it\/scatto\/wp-content\/gallery\/2018_06_15_sole\/RIO_4142.jpg\"\n               title=\"\"\n               data-src=\"http:\/\/www.spaziotorino.it\/scatto\/wp-content\/gallery\/2018_06_15_sole\/RIO_4142.jpg\"\n               data-thumbnail=\"http:\/\/www.spaziotorino.it\/scatto\/wp-content\/gallery\/2018_06_15_sole\/thumbs\/thumbs_RIO_4142.jpg\"\n               data-image-id=\"20643\"\n               data-title=\"RIO_4142\"\n               data-description=\"\"\n               data-image-slug=\"rio_4142\"\n               class=\"ngg-fancybox\" rel=\"f6222d4c94743cfa81c69f07f7bab10d\">\n                <img\n                    title=\"RIO_4142\"\n                    alt=\"RIO_4142\"\n                    src=\"http:\/\/www.spaziotorino.it\/scatto\/wp-content\/gallery\/2018_06_15_sole\/cache\/RIO_4142.jpg-nggid0520643-ngg0dyn-60x60x100-00f0w010c011r110f110r010t010.jpg\"\n                    width=\"60\"\n                    height=\"60\"\n                    style=\"max-width:100%;\"\n                \/>\n            <\/a>\n        <\/div>\n\t\t\t\t\t\t\t<\/div> \n\t\t\t\n        \n\t\t\t\t<div id=\"ngg-image-2\" class=\"ngg-gallery-thumbnail-box\" >\n\t\t\t\t        <div class=\"ngg-gallery-thumbnail\">\n            <a href=\"http:\/\/www.spaziotorino.it\/scatto\/wp-content\/gallery\/2018_06_15_sole\/RIO_4148.jpg\"\n               title=\"\"\n               data-src=\"http:\/\/www.spaziotorino.it\/scatto\/wp-content\/gallery\/2018_06_15_sole\/RIO_4148.jpg\"\n               data-thumbnail=\"http:\/\/www.spaziotorino.it\/scatto\/wp-content\/gallery\/2018_06_15_sole\/thumbs\/thumbs_RIO_4148.jpg\"\n               data-image-id=\"20644\"\n               data-title=\"RIO_4148\"\n               data-description=\"\"\n               data-image-slug=\"rio_4148\"\n               class=\"ngg-fancybox\" rel=\"f6222d4c94743cfa81c69f07f7bab10d\">\n                <img\n                    title=\"RIO_4148\"\n                    alt=\"RIO_4148\"\n                    src=\"http:\/\/www.spaziotorino.it\/scatto\/wp-content\/gallery\/2018_06_15_sole\/cache\/RIO_4148.jpg-nggid0520644-ngg0dyn-60x60x100-00f0w010c011r110f110r010t010.jpg\"\n                    width=\"60\"\n                    height=\"60\"\n                    style=\"max-width:100%;\"\n                \/>\n            <\/a>\n        <\/div>\n\t\t\t\t\t\t\t<\/div> \n\t\t\t\n        \n\t\t\t\t<div id=\"ngg-image-3\" class=\"ngg-gallery-thumbnail-box\" >\n\t\t\t\t        <div class=\"ngg-gallery-thumbnail\">\n            <a href=\"http:\/\/www.spaziotorino.it\/scatto\/wp-content\/gallery\/2018_06_15_sole\/RIO_4153.jpg\"\n               title=\"\"\n               data-src=\"http:\/\/www.spaziotorino.it\/scatto\/wp-content\/gallery\/2018_06_15_sole\/RIO_4153.jpg\"\n               data-thumbnail=\"http:\/\/www.spaziotorino.it\/scatto\/wp-content\/gallery\/2018_06_15_sole\/thumbs\/thumbs_RIO_4153.jpg\"\n               data-image-id=\"20645\"\n               data-title=\"RIO_4153\"\n               data-description=\"\"\n               data-image-slug=\"rio_4153\"\n               class=\"ngg-fancybox\" rel=\"f6222d4c94743cfa81c69f07f7bab10d\">\n                <img\n                    title=\"RIO_4153\"\n                    alt=\"RIO_4153\"\n                    src=\"http:\/\/www.spaziotorino.it\/scatto\/wp-content\/gallery\/2018_06_15_sole\/cache\/RIO_4153.jpg-nggid0520645-ngg0dyn-60x60x100-00f0w010c011r110f110r010t010.jpg\"\n                    width=\"60\"\n                    height=\"60\"\n                    style=\"max-width:100%;\"\n                \/>\n            <\/a>\n        <\/div>\n\t\t\t\t\t\t\t<\/div> \n\t\t\t\n        \n\t\t\t\t<div id=\"ngg-image-4\" class=\"ngg-gallery-thumbnail-box\" >\n\t\t\t\t        <div class=\"ngg-gallery-thumbnail\">\n            <a href=\"http:\/\/www.spaziotorino.it\/scatto\/wp-content\/gallery\/2018_06_15_sole\/RIO_4154.jpg\"\n               title=\"\"\n               data-src=\"http:\/\/www.spaziotorino.it\/scatto\/wp-content\/gallery\/2018_06_15_sole\/RIO_4154.jpg\"\n               data-thumbnail=\"http:\/\/www.spaziotorino.it\/scatto\/wp-content\/gallery\/2018_06_15_sole\/thumbs\/thumbs_RIO_4154.jpg\"\n               data-image-id=\"20646\"\n               data-title=\"RIO_4154\"\n               data-description=\"\"\n               data-image-slug=\"rio_4154\"\n               class=\"ngg-fancybox\" rel=\"f6222d4c94743cfa81c69f07f7bab10d\">\n                <img\n                    title=\"RIO_4154\"\n                    alt=\"RIO_4154\"\n                    src=\"http:\/\/www.spaziotorino.it\/scatto\/wp-content\/gallery\/2018_06_15_sole\/cache\/RIO_4154.jpg-nggid0520646-ngg0dyn-60x60x100-00f0w010c011r110f110r010t010.jpg\"\n                    width=\"60\"\n                    height=\"60\"\n                    style=\"max-width:100%;\"\n                \/>\n            <\/a>\n        <\/div>\n\t\t\t\t\t\t\t<\/div> \n\t\t\t\n        \n\t\t\t\t<div id=\"ngg-image-5\" class=\"ngg-gallery-thumbnail-box\" >\n\t\t\t\t        <div class=\"ngg-gallery-thumbnail\">\n            <a href=\"http:\/\/www.spaziotorino.it\/scatto\/wp-content\/gallery\/2018_06_15_sole\/RIO_4174.jpg\"\n               title=\"\"\n               data-src=\"http:\/\/www.spaziotorino.it\/scatto\/wp-content\/gallery\/2018_06_15_sole\/RIO_4174.jpg\"\n               data-thumbnail=\"http:\/\/www.spaziotorino.it\/scatto\/wp-content\/gallery\/2018_06_15_sole\/thumbs\/thumbs_RIO_4174.jpg\"\n               data-image-id=\"20647\"\n               data-title=\"RIO_4174\"\n               data-description=\"\"\n               data-image-slug=\"rio_4174\"\n               class=\"ngg-fancybox\" rel=\"f6222d4c94743cfa81c69f07f7bab10d\">\n                <img\n                    title=\"RIO_4174\"\n                    alt=\"RIO_4174\"\n                    src=\"http:\/\/www.spaziotorino.it\/scatto\/wp-content\/gallery\/2018_06_15_sole\/cache\/RIO_4174.jpg-nggid0520647-ngg0dyn-60x60x100-00f0w010c011r110f110r010t010.jpg\"\n                    width=\"60\"\n                    height=\"60\"\n                    style=\"max-width:100%;\"\n                \/>\n            <\/a>\n        <\/div>\n\t\t\t\t\t\t\t<\/div> \n\t\t\t\n        \n\t\t\t\t<div id=\"ngg-image-6\" class=\"ngg-gallery-thumbnail-box\" >\n\t\t\t\t        <div class=\"ngg-gallery-thumbnail\">\n            <a href=\"http:\/\/www.spaziotorino.it\/scatto\/wp-content\/gallery\/2018_06_15_sole\/RIO_4132.jpg\"\n               title=\"\"\n               data-src=\"http:\/\/www.spaziotorino.it\/scatto\/wp-content\/gallery\/2018_06_15_sole\/RIO_4132.jpg\"\n               data-thumbnail=\"http:\/\/www.spaziotorino.it\/scatto\/wp-content\/gallery\/2018_06_15_sole\/thumbs\/thumbs_RIO_4132.jpg\"\n               data-image-id=\"20641\"\n               data-title=\"RIO_4132\"\n               data-description=\"\"\n               data-image-slug=\"rio_4132\"\n               class=\"ngg-fancybox\" rel=\"f6222d4c94743cfa81c69f07f7bab10d\">\n                <img\n                    title=\"RIO_4132\"\n                    alt=\"RIO_4132\"\n                    src=\"http:\/\/www.spaziotorino.it\/scatto\/wp-content\/gallery\/2018_06_15_sole\/cache\/RIO_4132.jpg-nggid0520641-ngg0dyn-60x60x100-00f0w010c011r110f110r010t010.jpg\"\n                    width=\"60\"\n                    height=\"60\"\n                    style=\"max-width:100%;\"\n                \/>\n            <\/a>\n        <\/div>\n\t\t\t\t\t\t\t<\/div> \n\t\t\t\n        \n\t\t\n\t\t<!-- Pagination -->\n\t<div class='ngg-clear'><\/div>\t<\/div>\n\n<p>&nbsp;<\/p>\n<p>Ogni scuola possiede un patrimonio culturale da riscoprire e valorizzare. L\u2019esperienza della Casa del Sole, nata come luogo di accoglienza, di cura e di istruzione per bambini fragili, svantaggiati e soprattutto poveri e oggi scuola dell\u2019infanzia comunale, \u00e8 un esempio, tra i pi\u00f9 significativi, di costruzione e trasmissione della memoria.<\/p>\n<p>Il nuovo allestimento e l\u2019apertura permanente del suo museo, testimonianza d\u2019eccezione delle esperienze, delle persone, degli eventi che l\u00ec hanno lasciato una traccia indelebile sono stati inaugurati verned\u00ec 15 giugno.<\/p>\n<p>Creato due anni fa \u2013 partendo dal recupero di documenti, fotografie e testimonianze del periodo storico dal 1915 ai giorni nostri \u2013 oggi il museo si rinnova con una mostra, nella quale sono elementi centrali l\u2019esperienza e il protagonismo delle bambine e dei bambini: dalla scoperta alla raccolta, dalla catalogazione degli oggetti ritrovati all\u2019allestimento.<br \/>\nLe memorie raccolte sono presentate in ogni ambiente scolastico che viene cos\u00ec trasformato in uno spazio espositivo: il salone e il corridoio d\u2019ingresso accolgono la mostra permanente e la mappa del museo; le aule, i corridoi, gli uffici custodiscono gli oggetti cos\u00ec come sono stati ritrovati dai bimbi. L\u2019allestimento permanente \u00e8 suddiviso in quattro sezioni: storia della casa, vita della casa, voci dalla casa, la nostra amica Giorgina.<\/p>\n<p>\u201c<em>\u00c8 giusto e bello che un luogo speciale come la Casa del Sole sia il luogo dove celebrare la possibilit\u00e0 per bambine e bambini, anche di et\u00e0 davvero tenera, di fare storia, di rivolgere il motore potente della curiosit\u00e0 infantile verso l\u2019interrogazione degli oggetti, la costruzione di narrazioni e comprensioni. Da dove vengono gli oggetti intorno a noi, perch\u00e9 sono fatti cos\u00ec, e cosa ci raccontano se li interroghiamo? Queste domande possono essere l\u2019inizio di un viaggio di scoperta a qualunque et\u00e0<\/em>\u201d sottolinea Federica Patti, assessora all\u2019Istruzione della Citt\u00e0 di Torino.<\/p>\n<p>\u201c<em>Il museo scolastico Casa del Sole \u00e8 il risultato di un percorso iniziato nel 2016 quando la scuola ader\u00ec al progetto \u201cVuoi costruire il tuo museo scolastico? del servizio Archivi musei e patrimonio culturale. L\u2019esito di questa collaborazione fu la mostra \u201cLa casa del Sole, da soccorso laico e servizio pubblico\u201d con la quale si \u00e8 aperta una scommessa i cui esiti non erano certi. Con l\u2019inaugurazione del nuovo allestimento del museo possiamo dire che l\u2019educazione al patrimonio culturale, il prendersi cura della memoria collettiva, a partire dagli oggetti e dai segni lasciati dal passato, sono un percorso concretamente accessibile anche ai pi\u00f9 piccoli\u201d<\/em>&nbsp;afferma Francesca Leon, assessora alla Cultura della Citt\u00e0 di Torino.<\/p>\n<p>La costruzione del museo scolastico ha dato ai piccoli la possibilit\u00e0 di guardare con occhi diversi il mondo che li circonda e l\u2019aver focalizzato l\u2019attenzione su alcuni oggetti li ha resi speciali nella loro fantasia. Attraverso questa esperienza, inoltre, i bimbi hanno potuto confrontarsi con una nuova dimensione temporale dilatata e straordinaria.<\/p>\n<p>In occasione del centenario della fondazione della Casa del Sole, una delle pi\u00f9 significative esperienze novecentesche in campo laico, la Citt\u00e0 ha pubblicato il volume&nbsp;<strong>La Casa del Sole. Storia di una istituzione torinese<\/strong>&nbsp;a cura di Maria Grazia Tiozzo, Isabella De Gasperi e Alessio Bottai.<\/p>\n<p>Come altre 13 scuole torinesi, Casa del Sole ha aderito al progetto \u201cVuoi costruire il tuo museo scolastico?\u201d nato come disseminazione di un progetto europeo Comenius Regio (2009\/2011) ideato da museiscuol@ del Servizio Archivi, Museo e Patrimonio Culturale della Citt\u00e0 di Torino e dall\u2019Associazione culturale Strumento Testa e si avvale della consulenza scientifica di INDIRE \u2013 Istituto Nazionale di Documentazione, Innovazione e Ricerca Educativa.<\/p>\n<p>Il museo scolastico si propone come uno spazio di supporto e di potenziamento alla formazione e vuole essere il fulcro dell\u2019educazione al patrimonio culturale, un luogo di apprendimento partecipato e di inclusione, una palestra per lo studio attraverso le fonti, un territorio di memoria collettiva della comunit\u00e0, un patrimonio condiviso e appartenente a ciascuno di noi.<\/p>\n","protected":false},"excerpt":{"rendered":"<p>&nbsp; Ogni scuola possiede un patrimonio culturale da riscoprire e valorizzare. L\u2019esperienza della Casa del Sole, nata come luogo di accoglienza, di cura e di istruzione per bambini fragili, svantaggiati e soprattutto poveri e oggi scuola dell\u2019infanzia comunale, \u00e8 un esempio, tra i pi\u00f9 significativi, di costruzione e trasmissione della memoria. Il nuovo allestimento e [&hellip;]<\/p>\n","protected":false},"author":1,"featured_media":0,"comment_status":"closed","ping_status":"open","sticky":false,"template":"","format":"standard","meta":{"ngg_post_thumbnail":0},"categories":[1,41],"tags":[],"_links":{"self":[{"href":"http:\/\/www.spaziotorino.it\/scatto\/index.php?rest_route=\/wp\/v2\/posts\/11742"}],"collection":[{"href":"http:\/\/www.spaziotorino.it\/scatto\/index.php?rest_route=\/wp\/v2\/posts"}],"about":[{"href":"http:\/\/www.spaziotorino.it\/scatto\/index.php?rest_route=\/wp\/v2\/types\/post"}],"author":[{"embeddable":true,"href":"http:\/\/www.spaziotorino.it\/scatto\/index.php?rest_route=\/wp\/v2\/users\/1"}],"replies":[{"embeddable":true,"href":"http:\/\/www.spaziotorino.it\/scatto\/index.php?rest_route=%2Fwp%2Fv2%2Fcomments&post=11742"}],"version-history":[{"count":2,"href":"http:\/\/www.spaziotorino.it\/scatto\/index.php?rest_route=\/wp\/v2\/posts\/11742\/revisions"}],"predecessor-version":[{"id":11744,"href":"http:\/\/www.spaziotorino.it\/scatto\/index.php?rest_route=\/wp\/v2\/posts\/11742\/revisions\/11744"}],"wp:attachment":[{"href":"http:\/\/www.spaziotorino.it\/scatto\/index.php?rest_route=%2Fwp%2Fv2%2Fmedia&parent=11742"}],"wp:term":[{"taxonomy":"category","embeddable":true,"href":"http:\/\/www.spaziotorino.it\/scatto\/index.php?rest_route=%2Fwp%2Fv2%2Fcategories&post=11742"},{"taxonomy":"post_tag","embeddable":true,"href":"http:\/\/www.spaziotorino.it\/scatto\/index.php?rest_route=%2Fwp%2Fv2%2Ftags&post=11742"}],"curies":[{"name":"wp","href":"https:\/\/api.w.org\/{rel}","templated":true}]}}