{"id":11761,"date":"2018-06-20T15:18:51","date_gmt":"2018-06-20T14:18:51","guid":{"rendered":"http:\/\/www.spaziotorino.it\/scatto\/?p=11761"},"modified":"2018-06-21T12:21:24","modified_gmt":"2018-06-21T11:21:24","slug":"nuova-area-archeologica-della-cittadella","status":"publish","type":"post","link":"http:\/\/www.spaziotorino.it\/scatto\/?p=11761","title":{"rendered":"Nuova area archeologica della Cittadella. Visite guidate dal 24 giugno"},"content":{"rendered":"<p><a class=\"ngg-fancybox\" title=\"Nuova area archeologica della Cittadella\" href=\"http:\/\/www.spaziotorino.it\/scatto\/wp-content\/gallery\/2018_06_20_cittadella\/RIO_4242.jpg\" rel=\"63f212838e3fc3a9cb102449404743d3\"><br \/>\n<img decoding=\"async\" loading=\"lazy\" class=\"ngg-singlepic\" title=\"Nuova area archeologica della Cittadella\" src=\"http:\/\/www.spaziotorino.it\/scatto\/wp-content\/gallery\/2018_06_20_cittadella\/RIO_4242.jpg\" alt=\"\" width=\"540\" height=\"360\"\/><\/a><\/p>\n<!-- index.php -->\n<div\n\tclass=\"ngg-galleryoverview ngg-ajax-pagination-none\"\n\tid=\"ngg-gallery-da0a1f5463c2b3ec1b8b621fbca53fd9-1\">\n\n    \t\t<!-- Thumbnails -->\n\t\t\t\t<div id=\"ngg-image-0\" class=\"ngg-gallery-thumbnail-box\" >\n\t\t\t\t        <div class=\"ngg-gallery-thumbnail\">\n            <a href=\"http:\/\/www.spaziotorino.it\/scatto\/wp-content\/gallery\/2018_06_20_cittadella\/RIO_4231.jpg\"\n               title=\"\"\n               data-src=\"http:\/\/www.spaziotorino.it\/scatto\/wp-content\/gallery\/2018_06_20_cittadella\/RIO_4231.jpg\"\n               data-thumbnail=\"http:\/\/www.spaziotorino.it\/scatto\/wp-content\/gallery\/2018_06_20_cittadella\/thumbs\/thumbs_RIO_4231.jpg\"\n               data-image-id=\"20648\"\n               data-title=\"RIO_4231\"\n               data-description=\"\"\n               data-image-slug=\"rio_4231\"\n               class=\"ngg-fancybox\" rel=\"da0a1f5463c2b3ec1b8b621fbca53fd9\">\n                <img\n                    title=\"RIO_4231\"\n                    alt=\"RIO_4231\"\n                    src=\"http:\/\/www.spaziotorino.it\/scatto\/wp-content\/gallery\/2018_06_20_cittadella\/cache\/RIO_4231.jpg-nggid0520648-ngg0dyn-60x60x100-00f0w010c011r110f110r010t010.jpg\"\n                    width=\"60\"\n                    height=\"60\"\n                    style=\"max-width:100%;\"\n                \/>\n            <\/a>\n        <\/div>\n\t\t\t\t\t\t\t<\/div> \n\t\t\t\n        \n\t\t\t\t<div id=\"ngg-image-1\" class=\"ngg-gallery-thumbnail-box\" >\n\t\t\t\t        <div class=\"ngg-gallery-thumbnail\">\n            <a href=\"http:\/\/www.spaziotorino.it\/scatto\/wp-content\/gallery\/2018_06_20_cittadella\/RIO_4236.jpg\"\n               title=\"\"\n               data-src=\"http:\/\/www.spaziotorino.it\/scatto\/wp-content\/gallery\/2018_06_20_cittadella\/RIO_4236.jpg\"\n               data-thumbnail=\"http:\/\/www.spaziotorino.it\/scatto\/wp-content\/gallery\/2018_06_20_cittadella\/thumbs\/thumbs_RIO_4236.jpg\"\n               data-image-id=\"20649\"\n               data-title=\"RIO_4236\"\n               data-description=\"\"\n               data-image-slug=\"rio_4236\"\n               class=\"ngg-fancybox\" rel=\"da0a1f5463c2b3ec1b8b621fbca53fd9\">\n                <img\n                    title=\"RIO_4236\"\n                    alt=\"RIO_4236\"\n                    src=\"http:\/\/www.spaziotorino.it\/scatto\/wp-content\/gallery\/2018_06_20_cittadella\/cache\/RIO_4236.jpg-nggid0520649-ngg0dyn-60x60x100-00f0w010c011r110f110r010t010.jpg\"\n                    width=\"60\"\n                    height=\"60\"\n                    style=\"max-width:100%;\"\n                \/>\n            <\/a>\n        <\/div>\n\t\t\t\t\t\t\t<\/div> \n\t\t\t\n        \n\t\t\t\t<div id=\"ngg-image-2\" class=\"ngg-gallery-thumbnail-box\" >\n\t\t\t\t        <div class=\"ngg-gallery-thumbnail\">\n            <a href=\"http:\/\/www.spaziotorino.it\/scatto\/wp-content\/gallery\/2018_06_20_cittadella\/RIO_4241.jpg\"\n               title=\"\"\n               data-src=\"http:\/\/www.spaziotorino.it\/scatto\/wp-content\/gallery\/2018_06_20_cittadella\/RIO_4241.jpg\"\n               data-thumbnail=\"http:\/\/www.spaziotorino.it\/scatto\/wp-content\/gallery\/2018_06_20_cittadella\/thumbs\/thumbs_RIO_4241.jpg\"\n               data-image-id=\"20650\"\n               data-title=\"RIO_4241\"\n               data-description=\"\"\n               data-image-slug=\"rio_4241\"\n               class=\"ngg-fancybox\" rel=\"da0a1f5463c2b3ec1b8b621fbca53fd9\">\n                <img\n                    title=\"RIO_4241\"\n                    alt=\"RIO_4241\"\n                    src=\"http:\/\/www.spaziotorino.it\/scatto\/wp-content\/gallery\/2018_06_20_cittadella\/cache\/RIO_4241.jpg-nggid0520650-ngg0dyn-60x60x100-00f0w010c011r110f110r010t010.jpg\"\n                    width=\"60\"\n                    height=\"60\"\n                    style=\"max-width:100%;\"\n                \/>\n            <\/a>\n        <\/div>\n\t\t\t\t\t\t\t<\/div> \n\t\t\t\n        \n\t\t\t\t<div id=\"ngg-image-3\" class=\"ngg-gallery-thumbnail-box\" >\n\t\t\t\t        <div class=\"ngg-gallery-thumbnail\">\n            <a href=\"http:\/\/www.spaziotorino.it\/scatto\/wp-content\/gallery\/2018_06_20_cittadella\/RIO_4242.jpg\"\n               title=\"\"\n               data-src=\"http:\/\/www.spaziotorino.it\/scatto\/wp-content\/gallery\/2018_06_20_cittadella\/RIO_4242.jpg\"\n               data-thumbnail=\"http:\/\/www.spaziotorino.it\/scatto\/wp-content\/gallery\/2018_06_20_cittadella\/thumbs\/thumbs_RIO_4242.jpg\"\n               data-image-id=\"20651\"\n               data-title=\"RIO_4242\"\n               data-description=\"\"\n               data-image-slug=\"rio_4242\"\n               class=\"ngg-fancybox\" rel=\"da0a1f5463c2b3ec1b8b621fbca53fd9\">\n                <img\n                    title=\"RIO_4242\"\n                    alt=\"RIO_4242\"\n                    src=\"http:\/\/www.spaziotorino.it\/scatto\/wp-content\/gallery\/2018_06_20_cittadella\/cache\/RIO_4242.jpg-nggid0520651-ngg0dyn-60x60x100-00f0w010c011r110f110r010t010.jpg\"\n                    width=\"60\"\n                    height=\"60\"\n                    style=\"max-width:100%;\"\n                \/>\n            <\/a>\n        <\/div>\n\t\t\t\t\t\t\t<\/div> \n\t\t\t\n        \n\t\t\t\t<div id=\"ngg-image-4\" class=\"ngg-gallery-thumbnail-box\" >\n\t\t\t\t        <div class=\"ngg-gallery-thumbnail\">\n            <a href=\"http:\/\/www.spaziotorino.it\/scatto\/wp-content\/gallery\/2018_06_20_cittadella\/RIO_4243.jpg\"\n               title=\"\"\n               data-src=\"http:\/\/www.spaziotorino.it\/scatto\/wp-content\/gallery\/2018_06_20_cittadella\/RIO_4243.jpg\"\n               data-thumbnail=\"http:\/\/www.spaziotorino.it\/scatto\/wp-content\/gallery\/2018_06_20_cittadella\/thumbs\/thumbs_RIO_4243.jpg\"\n               data-image-id=\"20652\"\n               data-title=\"RIO_4243\"\n               data-description=\"\"\n               data-image-slug=\"rio_4243\"\n               class=\"ngg-fancybox\" rel=\"da0a1f5463c2b3ec1b8b621fbca53fd9\">\n                <img\n                    title=\"RIO_4243\"\n                    alt=\"RIO_4243\"\n                    src=\"http:\/\/www.spaziotorino.it\/scatto\/wp-content\/gallery\/2018_06_20_cittadella\/cache\/RIO_4243.jpg-nggid0520652-ngg0dyn-60x60x100-00f0w010c011r110f110r010t010.jpg\"\n                    width=\"60\"\n                    height=\"60\"\n                    style=\"max-width:100%;\"\n                \/>\n            <\/a>\n        <\/div>\n\t\t\t\t\t\t\t<\/div> \n\t\t\t\n        \n\t\t\t\t<div id=\"ngg-image-5\" class=\"ngg-gallery-thumbnail-box\" >\n\t\t\t\t        <div class=\"ngg-gallery-thumbnail\">\n            <a href=\"http:\/\/www.spaziotorino.it\/scatto\/wp-content\/gallery\/2018_06_20_cittadella\/RIO_4258.jpg\"\n               title=\"\"\n               data-src=\"http:\/\/www.spaziotorino.it\/scatto\/wp-content\/gallery\/2018_06_20_cittadella\/RIO_4258.jpg\"\n               data-thumbnail=\"http:\/\/www.spaziotorino.it\/scatto\/wp-content\/gallery\/2018_06_20_cittadella\/thumbs\/thumbs_RIO_4258.jpg\"\n               data-image-id=\"20653\"\n               data-title=\"RIO_4258\"\n               data-description=\"\"\n               data-image-slug=\"rio_4258\"\n               class=\"ngg-fancybox\" rel=\"da0a1f5463c2b3ec1b8b621fbca53fd9\">\n                <img\n                    title=\"RIO_4258\"\n                    alt=\"RIO_4258\"\n                    src=\"http:\/\/www.spaziotorino.it\/scatto\/wp-content\/gallery\/2018_06_20_cittadella\/cache\/RIO_4258.jpg-nggid0520653-ngg0dyn-60x60x100-00f0w010c011r110f110r010t010.jpg\"\n                    width=\"60\"\n                    height=\"60\"\n                    style=\"max-width:100%;\"\n                \/>\n            <\/a>\n        <\/div>\n\t\t\t\t\t\t\t<\/div> \n\t\t\t\n        \n\t\t\t\t<div id=\"ngg-image-6\" class=\"ngg-gallery-thumbnail-box\" >\n\t\t\t\t        <div class=\"ngg-gallery-thumbnail\">\n            <a href=\"http:\/\/www.spaziotorino.it\/scatto\/wp-content\/gallery\/2018_06_20_cittadella\/RIO_4265.jpg\"\n               title=\"\"\n               data-src=\"http:\/\/www.spaziotorino.it\/scatto\/wp-content\/gallery\/2018_06_20_cittadella\/RIO_4265.jpg\"\n               data-thumbnail=\"http:\/\/www.spaziotorino.it\/scatto\/wp-content\/gallery\/2018_06_20_cittadella\/thumbs\/thumbs_RIO_4265.jpg\"\n               data-image-id=\"20654\"\n               data-title=\"RIO_4265\"\n               data-description=\"\"\n               data-image-slug=\"rio_4265\"\n               class=\"ngg-fancybox\" rel=\"da0a1f5463c2b3ec1b8b621fbca53fd9\">\n                <img\n                    title=\"RIO_4265\"\n                    alt=\"RIO_4265\"\n                    src=\"http:\/\/www.spaziotorino.it\/scatto\/wp-content\/gallery\/2018_06_20_cittadella\/cache\/RIO_4265.jpg-nggid0520654-ngg0dyn-60x60x100-00f0w010c011r110f110r010t010.jpg\"\n                    width=\"60\"\n                    height=\"60\"\n                    style=\"max-width:100%;\"\n                \/>\n            <\/a>\n        <\/div>\n\t\t\t\t\t\t\t<\/div> \n\t\t\t\n        \n\t\t\n\t\t<!-- Pagination -->\n\t<div class='ngg-clear'><\/div>\t<\/div>\n\n<p><b>Primo recupero di<\/b><b>&nbsp;opere fortificate di \u2018superficie\u2019 della Cittadella di Torino&nbsp;dai tempi della sua demolizione, nella seconda met\u00e0 del XIX secolo \u2013&nbsp;Visite guidate dal 24 giugno.<\/b><\/p>\n<p>Domenica&nbsp;<strong>24 giugno<\/strong>&nbsp;(dalle ore 15), in coincidenza con la festa patronale,&nbsp;<strong>l\u2019Assessorato alla Cultura della Citt\u00e0 di Torino render\u00e0 accessibile al pubblico<\/strong>&nbsp;\u2013 attraverso visite guidate \u2013&nbsp;<strong>l\u2019Area archeologica della Cittadella<\/strong>&nbsp;venuta alla luce nel corso dei lavori per la realizzazione del parcheggio interrato \u2018Galileo Ferraris\u2019 e salvaguardata su progetto della Soprintendenza Archeologia, Belle Arti e Paesaggio per la Citt\u00e0 Metropolitana di Torino, su intervento della Societ\u00e0 concessionaria \u2018Parcheggio Galileo Ferraris srl\u2019.<\/p>\n<p>Viene cos\u00ec restituito alla Citt\u00e0 un ulteriore frammento di quella particolare ricchezza&nbsp;&nbsp;storica costituita da ci\u00f2 che rimane dell\u2019antico sistema difensivo torinese. Un patrimonio che l\u2019Amministrazione comunale sta attivamente valorizzando, sia attraverso il restauro della porzione cinquecentesca del Mastio della Cittadella, sia promuovendo, insieme con l\u2019Istituzione militare, il Centro Studi e Ricerche sull\u2019Architettura Militare del Piemonte e le Associazioni Amici del Museo di Artiglieria e del Museo Pietro Micca, la costituzione di un polo museale della Cittadella che ne consenta la fruizione, mettendolo in dialogo con le collezioni del Museo Nazionale di Artiglieria.<\/p>\n<p>L\u2019Area archeologica rappresenta il&nbsp;<strong>primo recupero in assoluto di un settore delle opere fortificate \u2018di superficie\u2019 della Cittadella di Torino dai tempi della sua demolizione<\/strong>, iniziata nella seconda met\u00e0 del XIX secolo.<\/p>\n<p>Riemersi nel corso degli scavi del parcheggio iniziati nel 2015, i resti delle fortificazioni costituiscono parti significative delle opere difensive della Cittadella appartenenti al fronte sud compreso fra i bastioni \u2018il Duca\u2019 e \u2018San Lazzaro\u2019. Qui, nel 1639, inizi\u00f2 un generale potenziamento delle difese con la costruzione di un\u2019ulteriore opera difensiva, a pianta triangolare, composta da un terrapieno rivestito da solide muraglie a scarpa dotate di parapetto lungo le due facce rivolte verso il nemico e un muro sul lato orientato verso la cinta principale della Cittadella da cui era separato da un ampio fossato.<\/p>\n<p><strong>Questo tipo di opera \u2013<\/strong>&nbsp;che fu contemporaneamente costruita su tutto il perimetro della Cittadella a potenziamento difensivo del tratto di muraglione di collegamento tra i bastioni contigui \u2013&nbsp;<strong>si chiamava in termine tecnico<\/strong>&nbsp;<strong>Rivellino<\/strong>&nbsp;<strong>e quello ritrovato<\/strong>, unico esempio rimasto dei cinque costruiti,&nbsp;<strong>\u00e8 detto \u2018degli Invalidi\u2019<\/strong>.<\/p>\n<p>Si accede all\u2019<strong>Area archeologica del Rivellino degli Invalidi&nbsp;<\/strong>attraverso un ingresso autonomo realizzato sul sedime del parcheggio in corrispondenza del nr 14 di corso Galileo Ferraris, che porta a circa 6 metri sotto il livello stradale dov\u2019\u00e8 visibile un buon tratto del fronte di gola del Rivellino rivolto verso la Cittadella. A seguire, un breve segmento delle mura del primo ampliamento urbanistico seicentesco della Citt\u00e0, risalente al 1619, che&nbsp;<strong>costituisce la struttura muraria pi\u00f9 antica fra quelle rinvenute e, fino a oggi, l\u2019unica testimonianza visibile delle difese della prima espansione della Citt\u00e0<\/strong>, iniziate da Ercole Negro di Sanfront proprio nel 1619 e terminate da Carlo di Castellamonte negli anni \u201830 del XVII secolo.<\/p>\n<p>Attraversando un ponticello metallico si potranno ammirare prima&nbsp;<strong>i resti della polveriera delle mine<\/strong>, salvaguardata solo in parte e unica trovata tra quelle dell\u2019epoca,&nbsp;<strong>e poi la galleria di collegamento tra la polveriera e la cittadella<\/strong>, entrambe risalenti agli anni \u201880 del XVII secolo. Quest\u2019ultima&nbsp;<strong>\u00e8 la prima grande galleria di comunicazione fino a oggi recuperata databile a questo periodo<\/strong>.<\/p>\n<p>Un tratto del fossato principale della Cittadella e le adiacenti rampe di accesso al terrapieno del rivellino, conservate in buona parte, concludono la visita delle strutture principali.<\/p>\n<p>Per guidare il visitatore alla scoperta del complesso sistema difensivo e dei resti delle opere eccezionalmente rinvenute e preservate, \u00e8 stato predisposto un&nbsp;<strong>dettagliato apparato illustrativo consistente in 17 grandi pannelli disposti lungo le pareti dell\u2019area archeologica<\/strong>realizzato da Ecplus Architects e dal Tavolo Scientifico Museologico e Museografico del \u201cPolo della Cittadella\u201d con la collaborazione del Museo Civico Pietro Micca e dell\u2019omonima Associazione.<\/p>\n<p>Al di fuori dell\u2019area archeologica, ma sempre all\u2019interno del parcheggio, \u00e8 stata inoltre conservata e resa liberamente fruibile una sezione della muraglia della faccia destra del Rivellino degli Invalidi e un\u2019area espositiva composta da 6 pannelli dedicati alle gallerie di contromina della Cittadella.<\/p>\n<p><strong>La gestione dell\u2019Area archeologica \u00e8 affidata al Museo Civico Pietro Micca e dell\u2019assedio di Torino del 1706 che, a partire dalla data inaugurale del prossimo 24 giugno (dalle ore 15) \u2013 e sperimentalmente a titolo gratuito \u2013<\/strong>,&nbsp;<strong>ne garantir\u00e0 l\u2019apertura e le visite guidate<\/strong>&nbsp;<strong>attraverso il personale della omonima Associazione<\/strong>&nbsp;fornendo al visitatore il completamento di un ideale itinerario storico con le gallerie del Museo civico Pietro Micca e dell\u2019assedio di Torino del 1706:<\/p>\n<p>\u2013&nbsp;&nbsp;&nbsp;&nbsp;&nbsp;&nbsp;tutte le domeniche con accesso a ogni inizio di ora dalle 15 alle 18 comprese;<\/p>\n<p>su prenotazione (tel. 011546317 \u2013&nbsp;<a href=\"mailto:mpm@biblioteche.ruparpiemonte.it\">mpm@biblioteche.ruparpiemonte.it<\/a>) anche in altre date e orari per gruppi di almeno 10 persone.<\/p>\n<p>La nuova struttura musealizzata si unisce allo straordinario patrimonio fortificato sotterraneo recuperato in piccola parte all\u2019inizio del \u2018900 e poi, dalla fine degli anni \u201850, a cura del Museo Civico Pietro Micca e dell\u2019omonima Associazione Amici, la cui attivit\u00e0 ha permesso la salvaguardia di tratti molto estesi delle contromine della Cittadella e anche di parte della del Pastiss e del Pozzo Grande, opere per le quali sono allo studio nuovi progetti di ricerca in vista della loro futura apertura al pubblico.<\/p>\n<p>Informazioni e prenotazioni c\/o Museo Pietro Micca e dell\u2019assedio di Torino del 1706 Tel. 011 546317 E-mail<a href=\"mailto:mpm@biblioteche.ruparpiemonte.it\">mpm@biblioteche.ruparpiemonte.it<\/a>&nbsp;&nbsp;Sito&nbsp;<a href=\"http:\/\/www.museopietromicca.it\/\" target=\"_blank\" rel=\"noopener\" data-saferedirecturl=\"https:\/\/www.google.com\/url?hl=it&amp;q=http:\/\/www.museopietromicca.it&amp;source=gmail&amp;ust=1529580562831000&amp;usg=AFQjCNFi6SbCogqhZXtj9qLCSYpD5zHjJQ\">www.museopietromicca.it<\/a><\/p>\n<p>[Fonte: <a href=\"http:\/\/www.torinoclick.it\/?p=77345\">TorinoClick<\/a>]<\/p>\n","protected":false},"excerpt":{"rendered":"<p>Primo recupero di&nbsp;opere fortificate di \u2018superficie\u2019 della Cittadella di Torino&nbsp;dai tempi della sua demolizione, nella seconda met\u00e0 del XIX secolo \u2013&nbsp;Visite guidate dal 24 giugno. Domenica&nbsp;24 giugno&nbsp;(dalle ore 15), in coincidenza con la festa patronale,&nbsp;l\u2019Assessorato alla Cultura della Citt\u00e0 di Torino render\u00e0 accessibile al pubblico&nbsp;\u2013 attraverso visite guidate \u2013&nbsp;l\u2019Area archeologica della Cittadella&nbsp;venuta alla luce nel [&hellip;]<\/p>\n","protected":false},"author":1,"featured_media":0,"comment_status":"closed","ping_status":"open","sticky":false,"template":"","format":"standard","meta":{"ngg_post_thumbnail":0},"categories":[1,41],"tags":[],"_links":{"self":[{"href":"http:\/\/www.spaziotorino.it\/scatto\/index.php?rest_route=\/wp\/v2\/posts\/11761"}],"collection":[{"href":"http:\/\/www.spaziotorino.it\/scatto\/index.php?rest_route=\/wp\/v2\/posts"}],"about":[{"href":"http:\/\/www.spaziotorino.it\/scatto\/index.php?rest_route=\/wp\/v2\/types\/post"}],"author":[{"embeddable":true,"href":"http:\/\/www.spaziotorino.it\/scatto\/index.php?rest_route=\/wp\/v2\/users\/1"}],"replies":[{"embeddable":true,"href":"http:\/\/www.spaziotorino.it\/scatto\/index.php?rest_route=%2Fwp%2Fv2%2Fcomments&post=11761"}],"version-history":[{"count":5,"href":"http:\/\/www.spaziotorino.it\/scatto\/index.php?rest_route=\/wp\/v2\/posts\/11761\/revisions"}],"predecessor-version":[{"id":11766,"href":"http:\/\/www.spaziotorino.it\/scatto\/index.php?rest_route=\/wp\/v2\/posts\/11761\/revisions\/11766"}],"wp:attachment":[{"href":"http:\/\/www.spaziotorino.it\/scatto\/index.php?rest_route=%2Fwp%2Fv2%2Fmedia&parent=11761"}],"wp:term":[{"taxonomy":"category","embeddable":true,"href":"http:\/\/www.spaziotorino.it\/scatto\/index.php?rest_route=%2Fwp%2Fv2%2Fcategories&post=11761"},{"taxonomy":"post_tag","embeddable":true,"href":"http:\/\/www.spaziotorino.it\/scatto\/index.php?rest_route=%2Fwp%2Fv2%2Ftags&post=11761"}],"curies":[{"name":"wp","href":"https:\/\/api.w.org\/{rel}","templated":true}]}}