{"id":11799,"date":"2018-06-21T13:29:56","date_gmt":"2018-06-21T12:29:56","guid":{"rendered":"http:\/\/www.spaziotorino.it\/scatto\/?p=11799"},"modified":"2018-06-21T15:55:02","modified_gmt":"2018-06-21T14:55:02","slug":"san-giovanni-2018-chiusura-dei-festeggiamenti-con-200-droni-intel-che-illuminano-il-cielo-sopra-la-citta","status":"publish","type":"post","link":"http:\/\/www.spaziotorino.it\/scatto\/?p=11799","title":{"rendered":"San Giovanni 2018: chiusura dei festeggiamenti con 200 droni Intel che illuminano il cielo sopra la citt\u00e0"},"content":{"rendered":"<p><a class=\"ngg-fancybox\" title=\"San Giovanni 2018: chiusura dei festeggiamenti con 200 droni Intel che illuminano il cielo sopra la citt\u00e0\" href=\"http:\/\/www.spaziotorino.it\/scatto\/wp-content\/gallery\/2018_06_21_droni\/IMG_9258-copia-1.jpg\" rel=\"17542dc077a10fa9c4de71be42ae9893\"><br \/>\n<img decoding=\"async\" loading=\"lazy\" class=\"ngg-singlepic\" title=\"San Giovanni 2018: chiusura dei festeggiamenti con 200 droni Intel che illuminano il cielo sopra la citt\u00e0\" src=\"http:\/\/www.spaziotorino.it\/scatto\/wp-content\/gallery\/2018_06_21_droni\/IMG_9258-copia-1.jpg\" alt=\"\" width=\"540\" height=\"360\"\/><\/a><\/p>\n<!-- index.php -->\n<div\n\tclass=\"ngg-galleryoverview ngg-ajax-pagination-none\"\n\tid=\"ngg-gallery-7783109e2b32855ad5a78061822283f6-1\">\n\n    \t\t<!-- Thumbnails -->\n\t\t\t\t<div id=\"ngg-image-0\" class=\"ngg-gallery-thumbnail-box\" >\n\t\t\t\t        <div class=\"ngg-gallery-thumbnail\">\n            <a href=\"http:\/\/www.spaziotorino.it\/scatto\/wp-content\/gallery\/2018_06_21_droni\/IMG_8986-copia.jpg\"\n               title=\"La conferenza stampa nella sala feste di Palazzo Madama\"\n               data-src=\"http:\/\/www.spaziotorino.it\/scatto\/wp-content\/gallery\/2018_06_21_droni\/IMG_8986-copia.jpg\"\n               data-thumbnail=\"http:\/\/www.spaziotorino.it\/scatto\/wp-content\/gallery\/2018_06_21_droni\/thumbs\/thumbs_IMG_8986-copia.jpg\"\n               data-image-id=\"20655\"\n               data-title=\"La conferenza stampa nella sala feste di Palazzo Madama\"\n               data-description=\"La conferenza stampa nella sala feste di Palazzo Madama\"\n               data-image-slug=\"img_8986-copia\"\n               class=\"ngg-fancybox\" rel=\"7783109e2b32855ad5a78061822283f6\">\n                <img\n                    title=\"La conferenza stampa nella sala feste di Palazzo Madama\"\n                    alt=\"La conferenza stampa nella sala feste di Palazzo Madama\"\n                    src=\"http:\/\/www.spaziotorino.it\/scatto\/wp-content\/gallery\/2018_06_21_droni\/cache\/IMG_8986-copia.jpg-nggid0520655-ngg0dyn-60x60x100-00f0w010c011r110f110r010t010.jpg\"\n                    width=\"60\"\n                    height=\"60\"\n                    style=\"max-width:100%;\"\n                \/>\n            <\/a>\n        <\/div>\n\t\t\t\t\t\t\t<\/div> \n\t\t\t\n        \n\t\t\t\t<div id=\"ngg-image-1\" class=\"ngg-gallery-thumbnail-box\" >\n\t\t\t\t        <div class=\"ngg-gallery-thumbnail\">\n            <a href=\"http:\/\/www.spaziotorino.it\/scatto\/wp-content\/gallery\/2018_06_21_droni\/IMG_9028-copia.jpg\"\n               title=\"Un momento della conferenza stampa\"\n               data-src=\"http:\/\/www.spaziotorino.it\/scatto\/wp-content\/gallery\/2018_06_21_droni\/IMG_9028-copia.jpg\"\n               data-thumbnail=\"http:\/\/www.spaziotorino.it\/scatto\/wp-content\/gallery\/2018_06_21_droni\/thumbs\/thumbs_IMG_9028-copia.jpg\"\n               data-image-id=\"20656\"\n               data-title=\"Un momento della conferenza stampa\"\n               data-description=\"Un momento della conferenza stampa\"\n               data-image-slug=\"img_9028-copia\"\n               class=\"ngg-fancybox\" rel=\"7783109e2b32855ad5a78061822283f6\">\n                <img\n                    title=\"Un momento della conferenza stampa\"\n                    alt=\"Un momento della conferenza stampa\"\n                    src=\"http:\/\/www.spaziotorino.it\/scatto\/wp-content\/gallery\/2018_06_21_droni\/cache\/IMG_9028-copia.jpg-nggid0520656-ngg0dyn-60x60x100-00f0w010c011r110f110r010t010.jpg\"\n                    width=\"60\"\n                    height=\"60\"\n                    style=\"max-width:100%;\"\n                \/>\n            <\/a>\n        <\/div>\n\t\t\t\t\t\t\t<\/div> \n\t\t\t\n        \n\t\t\t\t<div id=\"ngg-image-2\" class=\"ngg-gallery-thumbnail-box\" >\n\t\t\t\t        <div class=\"ngg-gallery-thumbnail\">\n            <a href=\"http:\/\/www.spaziotorino.it\/scatto\/wp-content\/gallery\/2018_06_21_droni\/IMG_9030-copia.jpg\"\n               title=\"L\u2019assessora all\u2019Innovazione, Paola Pisano\"\n               data-src=\"http:\/\/www.spaziotorino.it\/scatto\/wp-content\/gallery\/2018_06_21_droni\/IMG_9030-copia.jpg\"\n               data-thumbnail=\"http:\/\/www.spaziotorino.it\/scatto\/wp-content\/gallery\/2018_06_21_droni\/thumbs\/thumbs_IMG_9030-copia.jpg\"\n               data-image-id=\"20657\"\n               data-title=\"L\u2019assessora all\u2019Innovazione, Paola Pisano\"\n               data-description=\"L\u2019assessora all\u2019Innovazione, Paola Pisano\"\n               data-image-slug=\"img_9030-copia\"\n               class=\"ngg-fancybox\" rel=\"7783109e2b32855ad5a78061822283f6\">\n                <img\n                    title=\"L\u2019assessora all\u2019Innovazione, Paola Pisano\"\n                    alt=\"L\u2019assessora all\u2019Innovazione, Paola Pisano\"\n                    src=\"http:\/\/www.spaziotorino.it\/scatto\/wp-content\/gallery\/2018_06_21_droni\/cache\/IMG_9030-copia.jpg-nggid0520657-ngg0dyn-60x60x100-00f0w010c011r110f110r010t010.jpg\"\n                    width=\"60\"\n                    height=\"60\"\n                    style=\"max-width:100%;\"\n                \/>\n            <\/a>\n        <\/div>\n\t\t\t\t\t\t\t<\/div> \n\t\t\t\n        \n\t\t\t\t<div id=\"ngg-image-3\" class=\"ngg-gallery-thumbnail-box\" >\n\t\t\t\t        <div class=\"ngg-gallery-thumbnail\">\n            <a href=\"http:\/\/www.spaziotorino.it\/scatto\/wp-content\/gallery\/2018_06_21_droni\/IMG_9056-copia.jpg\"\n               title=\"Chiara Appendino e Paola Pisano\"\n               data-src=\"http:\/\/www.spaziotorino.it\/scatto\/wp-content\/gallery\/2018_06_21_droni\/IMG_9056-copia.jpg\"\n               data-thumbnail=\"http:\/\/www.spaziotorino.it\/scatto\/wp-content\/gallery\/2018_06_21_droni\/thumbs\/thumbs_IMG_9056-copia.jpg\"\n               data-image-id=\"20658\"\n               data-title=\"Chiara Appendino e Paola Pisano\"\n               data-description=\"Chiara Appendino e Paola Pisano\"\n               data-image-slug=\"img_9056-copia\"\n               class=\"ngg-fancybox\" rel=\"7783109e2b32855ad5a78061822283f6\">\n                <img\n                    title=\"Chiara Appendino e Paola Pisano\"\n                    alt=\"Chiara Appendino e Paola Pisano\"\n                    src=\"http:\/\/www.spaziotorino.it\/scatto\/wp-content\/gallery\/2018_06_21_droni\/cache\/IMG_9056-copia.jpg-nggid0520658-ngg0dyn-60x60x100-00f0w010c011r110f110r010t010.jpg\"\n                    width=\"60\"\n                    height=\"60\"\n                    style=\"max-width:100%;\"\n                \/>\n            <\/a>\n        <\/div>\n\t\t\t\t\t\t\t<\/div> \n\t\t\t\n        \n\t\t\t\t<div id=\"ngg-image-4\" class=\"ngg-gallery-thumbnail-box\" >\n\t\t\t\t        <div class=\"ngg-gallery-thumbnail\">\n            <a href=\"http:\/\/www.spaziotorino.it\/scatto\/wp-content\/gallery\/2018_06_21_droni\/IMG_9078-copia.jpg\"\n               title=\"Paolo Peveraro, Presidente di IREN\"\n               data-src=\"http:\/\/www.spaziotorino.it\/scatto\/wp-content\/gallery\/2018_06_21_droni\/IMG_9078-copia.jpg\"\n               data-thumbnail=\"http:\/\/www.spaziotorino.it\/scatto\/wp-content\/gallery\/2018_06_21_droni\/thumbs\/thumbs_IMG_9078-copia.jpg\"\n               data-image-id=\"20659\"\n               data-title=\"Paolo Peveraro, Presidente di IREN\"\n               data-description=\"Paolo Peveraro, Presidente di IREN\"\n               data-image-slug=\"img_9078-copia\"\n               class=\"ngg-fancybox\" rel=\"7783109e2b32855ad5a78061822283f6\">\n                <img\n                    title=\"Paolo Peveraro, Presidente di IREN\"\n                    alt=\"Paolo Peveraro, Presidente di IREN\"\n                    src=\"http:\/\/www.spaziotorino.it\/scatto\/wp-content\/gallery\/2018_06_21_droni\/cache\/IMG_9078-copia.jpg-nggid0520659-ngg0dyn-60x60x100-00f0w010c011r110f110r010t010.jpg\"\n                    width=\"60\"\n                    height=\"60\"\n                    style=\"max-width:100%;\"\n                \/>\n            <\/a>\n        <\/div>\n\t\t\t\t\t\t\t<\/div> \n\t\t\t\n        \n\t\t\t\t<div id=\"ngg-image-5\" class=\"ngg-gallery-thumbnail-box\" >\n\t\t\t\t        <div class=\"ngg-gallery-thumbnail\">\n            <a href=\"http:\/\/www.spaziotorino.it\/scatto\/wp-content\/gallery\/2018_06_21_droni\/IMG_9096-copia.jpg\"\n               title=\"Giuseppe Daniele Carrabba, Direttore Centrale Regolazione Aerea dell&#039;ENAC\"\n               data-src=\"http:\/\/www.spaziotorino.it\/scatto\/wp-content\/gallery\/2018_06_21_droni\/IMG_9096-copia.jpg\"\n               data-thumbnail=\"http:\/\/www.spaziotorino.it\/scatto\/wp-content\/gallery\/2018_06_21_droni\/thumbs\/thumbs_IMG_9096-copia.jpg\"\n               data-image-id=\"20660\"\n               data-title=\"Giuseppe Daniele Carrabba, Direttore Centrale Regolazione Aerea dell&#039;ENAC\"\n               data-description=\"Giuseppe Daniele Carrabba, Direttore Centrale Regolazione Aerea dell&#039;ENAC\"\n               data-image-slug=\"img_9096-copia\"\n               class=\"ngg-fancybox\" rel=\"7783109e2b32855ad5a78061822283f6\">\n                <img\n                    title=\"Giuseppe Daniele Carrabba, Direttore Centrale Regolazione Aerea dell&#039;ENAC\"\n                    alt=\"Giuseppe Daniele Carrabba, Direttore Centrale Regolazione Aerea dell&#039;ENAC\"\n                    src=\"http:\/\/www.spaziotorino.it\/scatto\/wp-content\/gallery\/2018_06_21_droni\/cache\/IMG_9096-copia.jpg-nggid0520660-ngg0dyn-60x60x100-00f0w010c011r110f110r010t010.jpg\"\n                    width=\"60\"\n                    height=\"60\"\n                    style=\"max-width:100%;\"\n                \/>\n            <\/a>\n        <\/div>\n\t\t\t\t\t\t\t<\/div> \n\t\t\t\n        \n\t\t\t\t<div id=\"ngg-image-6\" class=\"ngg-gallery-thumbnail-box\" >\n\t\t\t\t        <div class=\"ngg-gallery-thumbnail\">\n            <a href=\"http:\/\/www.spaziotorino.it\/scatto\/wp-content\/gallery\/2018_06_21_droni\/IMG_9116-copia.jpg\"\n               title=\"Nicola Procaccio, Country Lead Italia ed EMEA Territory Marketing Manager di Intel Corporation\"\n               data-src=\"http:\/\/www.spaziotorino.it\/scatto\/wp-content\/gallery\/2018_06_21_droni\/IMG_9116-copia.jpg\"\n               data-thumbnail=\"http:\/\/www.spaziotorino.it\/scatto\/wp-content\/gallery\/2018_06_21_droni\/thumbs\/thumbs_IMG_9116-copia.jpg\"\n               data-image-id=\"20661\"\n               data-title=\"Nicola Procaccio, Country Lead Italia ed EMEA Territory Marketing Manager di Intel Corporation\"\n               data-description=\"Nicola Procaccio, Country Lead Italia ed EMEA Territory Marketing Manager di Intel Corporation\"\n               data-image-slug=\"img_9116-copia\"\n               class=\"ngg-fancybox\" rel=\"7783109e2b32855ad5a78061822283f6\">\n                <img\n                    title=\"Nicola Procaccio, Country Lead Italia ed EMEA Territory Marketing Manager di Intel Corporation\"\n                    alt=\"Nicola Procaccio, Country Lead Italia ed EMEA Territory Marketing Manager di Intel Corporation\"\n                    src=\"http:\/\/www.spaziotorino.it\/scatto\/wp-content\/gallery\/2018_06_21_droni\/cache\/IMG_9116-copia.jpg-nggid0520661-ngg0dyn-60x60x100-00f0w010c011r110f110r010t010.jpg\"\n                    width=\"60\"\n                    height=\"60\"\n                    style=\"max-width:100%;\"\n                \/>\n            <\/a>\n        <\/div>\n\t\t\t\t\t\t\t<\/div> \n\t\t\t\n        \n\t\t\t\t<div id=\"ngg-image-7\" class=\"ngg-gallery-thumbnail-box\" >\n\t\t\t\t        <div class=\"ngg-gallery-thumbnail\">\n            <a href=\"http:\/\/www.spaziotorino.it\/scatto\/wp-content\/gallery\/2018_06_21_droni\/IMG_9145-copia.jpg\"\n               title=\"\"\n               data-src=\"http:\/\/www.spaziotorino.it\/scatto\/wp-content\/gallery\/2018_06_21_droni\/IMG_9145-copia.jpg\"\n               data-thumbnail=\"http:\/\/www.spaziotorino.it\/scatto\/wp-content\/gallery\/2018_06_21_droni\/thumbs\/thumbs_IMG_9145-copia.jpg\"\n               data-image-id=\"20662\"\n               data-title=\"IMG_9145-copia\"\n               data-description=\"\"\n               data-image-slug=\"img_9145-copia\"\n               class=\"ngg-fancybox\" rel=\"7783109e2b32855ad5a78061822283f6\">\n                <img\n                    title=\"IMG_9145-copia\"\n                    alt=\"IMG_9145-copia\"\n                    src=\"http:\/\/www.spaziotorino.it\/scatto\/wp-content\/gallery\/2018_06_21_droni\/cache\/IMG_9145-copia.jpg-nggid0520662-ngg0dyn-60x60x100-00f0w010c011r110f110r010t010.jpg\"\n                    width=\"60\"\n                    height=\"60\"\n                    style=\"max-width:100%;\"\n                \/>\n            <\/a>\n        <\/div>\n\t\t\t\t\t\t\t<\/div> \n\t\t\t\n        \n\t\t\t\t<div id=\"ngg-image-8\" class=\"ngg-gallery-thumbnail-box\" >\n\t\t\t\t        <div class=\"ngg-gallery-thumbnail\">\n            <a href=\"http:\/\/www.spaziotorino.it\/scatto\/wp-content\/gallery\/2018_06_21_droni\/IMG_9166-copia.jpg\"\n               title=\"Le autorit\u00e0 e gli sponsor presenti alla conferenza stampa\"\n               data-src=\"http:\/\/www.spaziotorino.it\/scatto\/wp-content\/gallery\/2018_06_21_droni\/IMG_9166-copia.jpg\"\n               data-thumbnail=\"http:\/\/www.spaziotorino.it\/scatto\/wp-content\/gallery\/2018_06_21_droni\/thumbs\/thumbs_IMG_9166-copia.jpg\"\n               data-image-id=\"20663\"\n               data-title=\"Le autorit\u00e0 e gli sponsor presenti alla conferenza stampa\"\n               data-description=\"Le autorit\u00e0 e gli sponsor presenti alla conferenza stampa\"\n               data-image-slug=\"img_9166-copia\"\n               class=\"ngg-fancybox\" rel=\"7783109e2b32855ad5a78061822283f6\">\n                <img\n                    title=\"Le autorit\u00e0 e gli sponsor presenti alla conferenza stampa\"\n                    alt=\"Le autorit\u00e0 e gli sponsor presenti alla conferenza stampa\"\n                    src=\"http:\/\/www.spaziotorino.it\/scatto\/wp-content\/gallery\/2018_06_21_droni\/cache\/IMG_9166-copia.jpg-nggid0520663-ngg0dyn-60x60x100-00f0w010c011r110f110r010t010.jpg\"\n                    width=\"60\"\n                    height=\"60\"\n                    style=\"max-width:100%;\"\n                \/>\n            <\/a>\n        <\/div>\n\t\t\t\t\t\t\t<\/div> \n\t\t\t\n        \n\t\t\t\t<div id=\"ngg-image-9\" class=\"ngg-gallery-thumbnail-box\" >\n\t\t\t\t        <div class=\"ngg-gallery-thumbnail\">\n            <a href=\"http:\/\/www.spaziotorino.it\/scatto\/wp-content\/gallery\/2018_06_21_droni\/IMG_9168-copia.jpg\"\n               title=\"Le autorit\u00e0 e gli sponsor presenti alla conferenza stampa\"\n               data-src=\"http:\/\/www.spaziotorino.it\/scatto\/wp-content\/gallery\/2018_06_21_droni\/IMG_9168-copia.jpg\"\n               data-thumbnail=\"http:\/\/www.spaziotorino.it\/scatto\/wp-content\/gallery\/2018_06_21_droni\/thumbs\/thumbs_IMG_9168-copia.jpg\"\n               data-image-id=\"20664\"\n               data-title=\"Le autorit\u00e0 e gli sponsor presenti alla conferenza stampa\"\n               data-description=\"Le autorit\u00e0 e gli sponsor presenti alla conferenza stampa\"\n               data-image-slug=\"img_9168-copia\"\n               class=\"ngg-fancybox\" rel=\"7783109e2b32855ad5a78061822283f6\">\n                <img\n                    title=\"Le autorit\u00e0 e gli sponsor presenti alla conferenza stampa\"\n                    alt=\"Le autorit\u00e0 e gli sponsor presenti alla conferenza stampa\"\n                    src=\"http:\/\/www.spaziotorino.it\/scatto\/wp-content\/gallery\/2018_06_21_droni\/cache\/IMG_9168-copia.jpg-nggid0520664-ngg0dyn-60x60x100-00f0w010c011r110f110r010t010.jpg\"\n                    width=\"60\"\n                    height=\"60\"\n                    style=\"max-width:100%;\"\n                \/>\n            <\/a>\n        <\/div>\n\t\t\t\t\t\t\t<\/div> \n\t\t\t\n        \n\t\t\t\t<div id=\"ngg-image-10\" class=\"ngg-gallery-thumbnail-box\" >\n\t\t\t\t        <div class=\"ngg-gallery-thumbnail\">\n            <a href=\"http:\/\/www.spaziotorino.it\/scatto\/wp-content\/gallery\/2018_06_21_droni\/IMG_9194-copia.jpg\"\n               title=\"L&#039;Assessora Pisano mostra la mappa dell&#039;area dell&#039;evento per San Giovanni\"\n               data-src=\"http:\/\/www.spaziotorino.it\/scatto\/wp-content\/gallery\/2018_06_21_droni\/IMG_9194-copia.jpg\"\n               data-thumbnail=\"http:\/\/www.spaziotorino.it\/scatto\/wp-content\/gallery\/2018_06_21_droni\/thumbs\/thumbs_IMG_9194-copia.jpg\"\n               data-image-id=\"20665\"\n               data-title=\"L&#039;Assessora Pisano mostra la mappa dell&#039;area dell&#039;evento per San Giovanni\"\n               data-description=\"L&#039;Assessora Pisano mostra la mappa dell&#039;area dell&#039;evento per San Giovanni\"\n               data-image-slug=\"img_9194-copia\"\n               class=\"ngg-fancybox\" rel=\"7783109e2b32855ad5a78061822283f6\">\n                <img\n                    title=\"L&#039;Assessora Pisano mostra la mappa dell&#039;area dell&#039;evento per San Giovanni\"\n                    alt=\"L&#039;Assessora Pisano mostra la mappa dell&#039;area dell&#039;evento per San Giovanni\"\n                    src=\"http:\/\/www.spaziotorino.it\/scatto\/wp-content\/gallery\/2018_06_21_droni\/cache\/IMG_9194-copia.jpg-nggid0520665-ngg0dyn-60x60x100-00f0w010c011r110f110r010t010.jpg\"\n                    width=\"60\"\n                    height=\"60\"\n                    style=\"max-width:100%;\"\n                \/>\n            <\/a>\n        <\/div>\n\t\t\t\t\t\t\t<\/div> \n\t\t\t\n        \n\t\t\t\t<div id=\"ngg-image-11\" class=\"ngg-gallery-thumbnail-box\" >\n\t\t\t\t        <div class=\"ngg-gallery-thumbnail\">\n            <a href=\"http:\/\/www.spaziotorino.it\/scatto\/wp-content\/gallery\/2018_06_21_droni\/IMG_9231-copia.jpg\"\n               title=\"La mappa dell&#039;area dell&#039;evento per San Giovanni\"\n               data-src=\"http:\/\/www.spaziotorino.it\/scatto\/wp-content\/gallery\/2018_06_21_droni\/IMG_9231-copia.jpg\"\n               data-thumbnail=\"http:\/\/www.spaziotorino.it\/scatto\/wp-content\/gallery\/2018_06_21_droni\/thumbs\/thumbs_IMG_9231-copia.jpg\"\n               data-image-id=\"20667\"\n               data-title=\"La mappa dell&#039;area dell&#039;evento per San Giovanni\"\n               data-description=\"La mappa dell&#039;area dell&#039;evento per San Giovanni\"\n               data-image-slug=\"img_9231-copia\"\n               class=\"ngg-fancybox\" rel=\"7783109e2b32855ad5a78061822283f6\">\n                <img\n                    title=\"La mappa dell&#039;area dell&#039;evento per San Giovanni\"\n                    alt=\"La mappa dell&#039;area dell&#039;evento per San Giovanni\"\n                    src=\"http:\/\/www.spaziotorino.it\/scatto\/wp-content\/gallery\/2018_06_21_droni\/cache\/IMG_9231-copia.jpg-nggid0520667-ngg0dyn-60x60x100-00f0w010c011r110f110r010t010.jpg\"\n                    width=\"60\"\n                    height=\"60\"\n                    style=\"max-width:100%;\"\n                \/>\n            <\/a>\n        <\/div>\n\t\t\t\t\t\t\t<\/div> \n\t\t\t\n        \n\t\t\t\t<div id=\"ngg-image-12\" class=\"ngg-gallery-thumbnail-box\" >\n\t\t\t\t        <div class=\"ngg-gallery-thumbnail\">\n            <a href=\"http:\/\/www.spaziotorino.it\/scatto\/wp-content\/gallery\/2018_06_21_droni\/IMG_9258-copia-1.jpg\"\n               title=\"La Sindaca Appendino e l&#039;Assessora Pisano con Shilpa Patel, project manager team droni di Intel\"\n               data-src=\"http:\/\/www.spaziotorino.it\/scatto\/wp-content\/gallery\/2018_06_21_droni\/IMG_9258-copia-1.jpg\"\n               data-thumbnail=\"http:\/\/www.spaziotorino.it\/scatto\/wp-content\/gallery\/2018_06_21_droni\/thumbs\/thumbs_IMG_9258-copia-1.jpg\"\n               data-image-id=\"20670\"\n               data-title=\"La Sindaca Appendino e l&#039;Assessora Pisano con Shilpa Patel, project manager team droni di Intel\"\n               data-description=\"La Sindaca Appendino e l&#039;Assessora Pisano con Shilpa Patel, project manager team droni di Intel\"\n               data-image-slug=\"img_9258-copia-1\"\n               class=\"ngg-fancybox\" rel=\"7783109e2b32855ad5a78061822283f6\">\n                <img\n                    title=\"La Sindaca Appendino e l&#039;Assessora Pisano con Shilpa Patel, project manager team droni di Intel\"\n                    alt=\"La Sindaca Appendino e l&#039;Assessora Pisano con Shilpa Patel, project manager team droni di Intel\"\n                    src=\"http:\/\/www.spaziotorino.it\/scatto\/wp-content\/gallery\/2018_06_21_droni\/cache\/IMG_9258-copia-1.jpg-nggid0520670-ngg0dyn-60x60x100-00f0w010c011r110f110r010t010.jpg\"\n                    width=\"60\"\n                    height=\"60\"\n                    style=\"max-width:100%;\"\n                \/>\n            <\/a>\n        <\/div>\n\t\t\t\t\t\t\t<\/div> \n\t\t\t\n        \n\t\t\t\t<div id=\"ngg-image-13\" class=\"ngg-gallery-thumbnail-box\" >\n\t\t\t\t        <div class=\"ngg-gallery-thumbnail\">\n            <a href=\"http:\/\/www.spaziotorino.it\/scatto\/wp-content\/gallery\/2018_06_21_droni\/IMG_9198.jpg\"\n               title=\"La Sindaca Appendino mostra uno dei droni che comporranno lo spettacolo\"\n               data-src=\"http:\/\/www.spaziotorino.it\/scatto\/wp-content\/gallery\/2018_06_21_droni\/IMG_9198.jpg\"\n               data-thumbnail=\"http:\/\/www.spaziotorino.it\/scatto\/wp-content\/gallery\/2018_06_21_droni\/thumbs\/thumbs_IMG_9198.jpg\"\n               data-image-id=\"20669\"\n               data-title=\"La Sindaca Appendino mostra uno dei droni che comporranno lo spettacolo\"\n               data-description=\"La Sindaca Appendino mostra uno dei droni che comporranno lo spettacolo\"\n               data-image-slug=\"img_9198\"\n               class=\"ngg-fancybox\" rel=\"7783109e2b32855ad5a78061822283f6\">\n                <img\n                    title=\"La Sindaca Appendino mostra uno dei droni che comporranno lo spettacolo\"\n                    alt=\"La Sindaca Appendino mostra uno dei droni che comporranno lo spettacolo\"\n                    src=\"http:\/\/www.spaziotorino.it\/scatto\/wp-content\/gallery\/2018_06_21_droni\/cache\/IMG_9198.jpg-nggid0520669-ngg0dyn-60x60x100-00f0w010c011r110f110r010t010.jpg\"\n                    width=\"60\"\n                    height=\"60\"\n                    style=\"max-width:100%;\"\n                \/>\n            <\/a>\n        <\/div>\n\t\t\t\t\t\t\t<\/div> \n\t\t\t\n        \n\t\t\n\t\t<!-- Pagination -->\n\t<div class='ngg-clear'><\/div>\t<\/div>\n\n<p><strong>La tradizionale festa del santo patrono di Torino culminer\u00e0 quest\u2019anno con uno spettacolo innovativo, mai visto prima in una citt\u00e0 europea<\/strong><\/p>\n<p>Per celebrare la serata conclusiva della Festa di San Giovanni di Torino, 200 droni Intel\u00ae Shooting Star\u2122 illumineranno il cielo sopra Piazza Castello in uno spettacolo di musiche e coreografie luminose. Uno show organizzato dalla Citt\u00e0 di Torino in collaborazione con aziende leader di settore quali Tim, Ericsson, Aizoon, Thales Alenia Space, Gruppo Iren, Open Fiber, e allestito da Intel.<\/p>\n<p>I droni Intel Shooting Star saranno dotati di led luminosi in grado di creare oltre 4 miliardi di combinazioni e voleranno in formazione, guidati da remoto da un unico pilota. Il programma di animazione di Intel rende possibile la creazione di uno show di droni luminosi in pochi giorni. Il pilota ha la possibilit\u00e0 di guidare i droni con il software proprietario di Intel in modo che disegnino, nel pi\u00f9 veloce percorso possibile e in sicurezza, le figure animate nel cielo, create per l\u2019occasione.<\/p>\n<p>\u00c8 la prima volta che una citt\u00e0 europea ospiter\u00e0 uno spettacolo simile in un evento pubblico. A livello internazionale, gli stessi droni Intel Shooting Star sono stati protagonisti in alcune delle pi\u00f9 note manifestazioni al mondo.<\/p>\n<p>\u201cTradizione e innovazione non sono certo alternative l\u2019una all\u2019altra. L\u2019evento che chiuder\u00e0 i festeggiamenti di San Giovanni \u2013 afferma la <strong>Sindaca Chiara Appendino<\/strong> \u2013 avr\u00e0 infatti caratteristiche sicuramente diverse da quelli organizzati in passato ma sar\u00e0 altrettanto, se non di pi\u00f9, spettacolare e, grazie all\u2019impiego di tecnologie all\u2019avanguardia, sar\u00e0 anche sostenibile perch\u00e9 rispettoso dell\u2019ambiente e a basso impatto acustico.<br \/>\nLa vocazione a innovare \u2013 sottolinea la <strong>Sindaca<\/strong> &#8211; \u00e8 un tratto caratteristico della nostra citt\u00e0. La scelta di proporre questo tipo di spettacolo, proprio a Torino e per la prima volta in Europa, e la collaborazione nell\u2019organizzazione di questo evento con aziende leader nel campo della ricerca e della sperimentazione di tecnologie innovative, ne \u00e8 la conferma\u201d.<\/p>\n<p>\u201cNovit\u00e0 assoluta nel programma dei tradizionali eventi di San Giovanni, Torino \u2013 sottolinea l\u2019<strong>assessora all\u2019Innovazione, Paola Pisano<\/strong> \u2013 avvicina l\u2019innovazione anche alla tradizione dimostrando cos\u00ec di essere una citt\u00e0 guida, a livello europeo, nella sperimentazione e innovazione di frontiera.<br \/>\nLo spettacolo che verr\u00e0 proposto, primo in Europa, ha evidenziato tre elementi rilevanti della nostra citt\u00e0: un\u2019attitudine alla sperimentazione e all\u2019attrazione di innovazione di frontiera, un ecosistema imprenditoriale dinamico e idoneo ad accogliere e sviluppare innovazione,&nbsp; un\u2019amministrazione impegnata nella semplificazione delle procedure e nella collaborazione con enti pubblici e privati.<br \/>\nL\u2019obiettivo dell\u2019attuale Amministrazione \u00e8 creare una citt\u00e0 che disegni le traiettorie dell\u2019innovazione del futuro grazie a soluzioni dove la contaminazione di tecnologia, impatto sociale e ambientale si fondono per creare un ambiente unico, inclusivo, sostenibile, competente e capace di produrre benessere sociale e economico.<\/p>\n<p>\u201cIntel \u00e8 entusiasta di portare il suo spettacolo a Torino, per una festa che affonda le sue radici nella tradizione locale\u201d \u2013 dichiara <strong>Nicola Procaccio, Country Lead Italia ed EMEA Territory Marketing Manager di Intel Corporation<\/strong>. \u201cNell\u2019anno del suo cinquantesimo anniversario, Intel continua ad innovare e ad offrire straordinarie esperienze in tutto il mondo. Gli spettacoli di droni luminosi di Intel consentono di<br \/>\nguardare al cielo in un modo nuovo. Possiamo pensarli come fuochi d\u2019artificio moderni, riutilizzabili, ricaricabili, eco-friendly e precisi. Una nuova generazione di spettacoli di luci resi possibili dall\u2019innovazione tecnologica\u201d.<\/p>\n<p>Lo spettacolo \u00e8 stato creato per la popolazione torinese. Le animazioni sono state ideate guardando da un lato alle ricche e profonde tradizioni della citt\u00e0 e dall\u2019altra hanno tratto ispirazione dalla vocazione di Torino ad essere un importante centro per l\u2019Italia nella crescita di innovazione e tecnologia.<br \/>\nL\u2019evento* &#8211; dopo quattro giorni di appuntamenti nelle piazze, lungo le strade e nei parchi cittadini &#8211; chiuder\u00e0 i festeggiamenti di San Giovanni proponendo e sperimentando, al posto dei tradizionali fuochi d\u2019artificio, una soluzione alternativa e pi\u00f9 attenta all\u2019ambiente e agli animali, ma di certo non meno spettacolare.<br \/>\n*Tutte le performance della Festa potrebbero subire modifiche in caso di condizioni climatiche sfavorevoli.<\/p>\n<p>Il <a href=\"http:\/\/www.comune.torino.it\/sportetempolibero\/bm~doc\/programma.pdf\"><strong>programma completo dei festeggiamenti per San Giovanni<\/strong><\/a><\/p>\n","protected":false},"excerpt":{"rendered":"<p>La tradizionale festa del santo patrono di Torino culminer\u00e0 quest\u2019anno con uno spettacolo innovativo, mai visto prima in una citt\u00e0 europea Per celebrare la serata conclusiva della Festa di San Giovanni di Torino, 200 droni Intel\u00ae Shooting Star\u2122 illumineranno il cielo sopra Piazza Castello in uno spettacolo di musiche e coreografie luminose. Uno show organizzato [&hellip;]<\/p>\n","protected":false},"author":1,"featured_media":0,"comment_status":"closed","ping_status":"open","sticky":false,"template":"","format":"standard","meta":{"ngg_post_thumbnail":0},"categories":[133,1],"tags":[],"_links":{"self":[{"href":"http:\/\/www.spaziotorino.it\/scatto\/index.php?rest_route=\/wp\/v2\/posts\/11799"}],"collection":[{"href":"http:\/\/www.spaziotorino.it\/scatto\/index.php?rest_route=\/wp\/v2\/posts"}],"about":[{"href":"http:\/\/www.spaziotorino.it\/scatto\/index.php?rest_route=\/wp\/v2\/types\/post"}],"author":[{"embeddable":true,"href":"http:\/\/www.spaziotorino.it\/scatto\/index.php?rest_route=\/wp\/v2\/users\/1"}],"replies":[{"embeddable":true,"href":"http:\/\/www.spaziotorino.it\/scatto\/index.php?rest_route=%2Fwp%2Fv2%2Fcomments&post=11799"}],"version-history":[{"count":5,"href":"http:\/\/www.spaziotorino.it\/scatto\/index.php?rest_route=\/wp\/v2\/posts\/11799\/revisions"}],"predecessor-version":[{"id":11850,"href":"http:\/\/www.spaziotorino.it\/scatto\/index.php?rest_route=\/wp\/v2\/posts\/11799\/revisions\/11850"}],"wp:attachment":[{"href":"http:\/\/www.spaziotorino.it\/scatto\/index.php?rest_route=%2Fwp%2Fv2%2Fmedia&parent=11799"}],"wp:term":[{"taxonomy":"category","embeddable":true,"href":"http:\/\/www.spaziotorino.it\/scatto\/index.php?rest_route=%2Fwp%2Fv2%2Fcategories&post=11799"},{"taxonomy":"post_tag","embeddable":true,"href":"http:\/\/www.spaziotorino.it\/scatto\/index.php?rest_route=%2Fwp%2Fv2%2Ftags&post=11799"}],"curies":[{"name":"wp","href":"https:\/\/api.w.org\/{rel}","templated":true}]}}