{"id":11951,"date":"2018-06-23T23:15:55","date_gmt":"2018-06-23T22:15:55","guid":{"rendered":"http:\/\/www.spaziotorino.it\/scatto\/?p=11951"},"modified":"2018-06-25T13:18:03","modified_gmt":"2018-06-25T12:18:03","slug":"faro-di-san-giovanni-e-corteo-storico","status":"publish","type":"post","link":"http:\/\/www.spaziotorino.it\/scatto\/?p=11951","title":{"rendered":"Far\u00f2 di San Giovanni e Corteo storico"},"content":{"rendered":"<p><a class=\"ngg-fancybox\" title=\"Far\u00f2 di San Giovanni e Corteo storico\" href=\"http:\/\/www.spaziotorino.it\/scatto\/wp-content\/gallery\/2018_06_23_faro\/RIO_4704.jpg\" rel=\"a78d81c1ec49a89828567dacc0d7f0db\"><br \/>\n<img decoding=\"async\" loading=\"lazy\" class=\"ngg-singlepic\" title=\"Far\u00f2 di San Giovanni e Corteo storico\" src=\"http:\/\/www.spaziotorino.it\/scatto\/wp-content\/gallery\/2018_06_23_faro\/RIO_4704.jpg\" alt=\"\" width=\"540\" height=\"360\"\/><\/a><\/p>\n<!-- index.php -->\n<div\n\tclass=\"ngg-galleryoverview ngg-ajax-pagination-none\"\n\tid=\"ngg-gallery-99acca9bf2303639de40d0c29de4134a-1\">\n\n    \t\t<!-- Thumbnails -->\n\t\t\t\t<div id=\"ngg-image-0\" class=\"ngg-gallery-thumbnail-box\" >\n\t\t\t\t        <div class=\"ngg-gallery-thumbnail\">\n            <a href=\"http:\/\/www.spaziotorino.it\/scatto\/wp-content\/gallery\/2018_06_23_faro\/RIO_4505.jpg\"\n               title=\"\"\n               data-src=\"http:\/\/www.spaziotorino.it\/scatto\/wp-content\/gallery\/2018_06_23_faro\/RIO_4505.jpg\"\n               data-thumbnail=\"http:\/\/www.spaziotorino.it\/scatto\/wp-content\/gallery\/2018_06_23_faro\/thumbs\/thumbs_RIO_4505.jpg\"\n               data-image-id=\"20716\"\n               data-title=\"RIO_4505\"\n               data-description=\"\"\n               data-image-slug=\"rio_4505\"\n               class=\"ngg-fancybox\" rel=\"99acca9bf2303639de40d0c29de4134a\">\n                <img\n                    title=\"RIO_4505\"\n                    alt=\"RIO_4505\"\n                    src=\"http:\/\/www.spaziotorino.it\/scatto\/wp-content\/gallery\/2018_06_23_faro\/cache\/RIO_4505.jpg-nggid0520716-ngg0dyn-60x60x100-00f0w010c011r110f110r010t010.jpg\"\n                    width=\"60\"\n                    height=\"60\"\n                    style=\"max-width:100%;\"\n                \/>\n            <\/a>\n        <\/div>\n\t\t\t\t\t\t\t<\/div> \n\t\t\t\n        \n\t\t\t\t<div id=\"ngg-image-1\" class=\"ngg-gallery-thumbnail-box\" >\n\t\t\t\t        <div class=\"ngg-gallery-thumbnail\">\n            <a href=\"http:\/\/www.spaziotorino.it\/scatto\/wp-content\/gallery\/2018_06_23_faro\/RIO_4526.jpg\"\n               title=\"\"\n               data-src=\"http:\/\/www.spaziotorino.it\/scatto\/wp-content\/gallery\/2018_06_23_faro\/RIO_4526.jpg\"\n               data-thumbnail=\"http:\/\/www.spaziotorino.it\/scatto\/wp-content\/gallery\/2018_06_23_faro\/thumbs\/thumbs_RIO_4526.jpg\"\n               data-image-id=\"20717\"\n               data-title=\"RIO_4526\"\n               data-description=\"\"\n               data-image-slug=\"rio_4526\"\n               class=\"ngg-fancybox\" rel=\"99acca9bf2303639de40d0c29de4134a\">\n                <img\n                    title=\"RIO_4526\"\n                    alt=\"RIO_4526\"\n                    src=\"http:\/\/www.spaziotorino.it\/scatto\/wp-content\/gallery\/2018_06_23_faro\/cache\/RIO_4526.jpg-nggid0520717-ngg0dyn-60x60x100-00f0w010c011r110f110r010t010.jpg\"\n                    width=\"60\"\n                    height=\"60\"\n                    style=\"max-width:100%;\"\n                \/>\n            <\/a>\n        <\/div>\n\t\t\t\t\t\t\t<\/div> \n\t\t\t\n        \n\t\t\t\t<div id=\"ngg-image-2\" class=\"ngg-gallery-thumbnail-box\" >\n\t\t\t\t        <div class=\"ngg-gallery-thumbnail\">\n            <a href=\"http:\/\/www.spaziotorino.it\/scatto\/wp-content\/gallery\/2018_06_23_faro\/RIO_4533.jpg\"\n               title=\"\"\n               data-src=\"http:\/\/www.spaziotorino.it\/scatto\/wp-content\/gallery\/2018_06_23_faro\/RIO_4533.jpg\"\n               data-thumbnail=\"http:\/\/www.spaziotorino.it\/scatto\/wp-content\/gallery\/2018_06_23_faro\/thumbs\/thumbs_RIO_4533.jpg\"\n               data-image-id=\"20718\"\n               data-title=\"RIO_4533\"\n               data-description=\"\"\n               data-image-slug=\"rio_4533\"\n               class=\"ngg-fancybox\" rel=\"99acca9bf2303639de40d0c29de4134a\">\n                <img\n                    title=\"RIO_4533\"\n                    alt=\"RIO_4533\"\n                    src=\"http:\/\/www.spaziotorino.it\/scatto\/wp-content\/gallery\/2018_06_23_faro\/cache\/RIO_4533.jpg-nggid0520718-ngg0dyn-60x60x100-00f0w010c011r110f110r010t010.jpg\"\n                    width=\"60\"\n                    height=\"60\"\n                    style=\"max-width:100%;\"\n                \/>\n            <\/a>\n        <\/div>\n\t\t\t\t\t\t\t<\/div> \n\t\t\t\n        \n\t\t\t\t<div id=\"ngg-image-3\" class=\"ngg-gallery-thumbnail-box\" >\n\t\t\t\t        <div class=\"ngg-gallery-thumbnail\">\n            <a href=\"http:\/\/www.spaziotorino.it\/scatto\/wp-content\/gallery\/2018_06_23_faro\/RIO_4577.jpg\"\n               title=\"\"\n               data-src=\"http:\/\/www.spaziotorino.it\/scatto\/wp-content\/gallery\/2018_06_23_faro\/RIO_4577.jpg\"\n               data-thumbnail=\"http:\/\/www.spaziotorino.it\/scatto\/wp-content\/gallery\/2018_06_23_faro\/thumbs\/thumbs_RIO_4577.jpg\"\n               data-image-id=\"20719\"\n               data-title=\"RIO_4577\"\n               data-description=\"\"\n               data-image-slug=\"rio_4577\"\n               class=\"ngg-fancybox\" rel=\"99acca9bf2303639de40d0c29de4134a\">\n                <img\n                    title=\"RIO_4577\"\n                    alt=\"RIO_4577\"\n                    src=\"http:\/\/www.spaziotorino.it\/scatto\/wp-content\/gallery\/2018_06_23_faro\/cache\/RIO_4577.jpg-nggid0520719-ngg0dyn-60x60x100-00f0w010c011r110f110r010t010.jpg\"\n                    width=\"60\"\n                    height=\"60\"\n                    style=\"max-width:100%;\"\n                \/>\n            <\/a>\n        <\/div>\n\t\t\t\t\t\t\t<\/div> \n\t\t\t\n        \n\t\t\t\t<div id=\"ngg-image-4\" class=\"ngg-gallery-thumbnail-box\" >\n\t\t\t\t        <div class=\"ngg-gallery-thumbnail\">\n            <a href=\"http:\/\/www.spaziotorino.it\/scatto\/wp-content\/gallery\/2018_06_23_faro\/RIO_4582.jpg\"\n               title=\"\"\n               data-src=\"http:\/\/www.spaziotorino.it\/scatto\/wp-content\/gallery\/2018_06_23_faro\/RIO_4582.jpg\"\n               data-thumbnail=\"http:\/\/www.spaziotorino.it\/scatto\/wp-content\/gallery\/2018_06_23_faro\/thumbs\/thumbs_RIO_4582.jpg\"\n               data-image-id=\"20720\"\n               data-title=\"RIO_4582\"\n               data-description=\"\"\n               data-image-slug=\"rio_4582\"\n               class=\"ngg-fancybox\" rel=\"99acca9bf2303639de40d0c29de4134a\">\n                <img\n                    title=\"RIO_4582\"\n                    alt=\"RIO_4582\"\n                    src=\"http:\/\/www.spaziotorino.it\/scatto\/wp-content\/gallery\/2018_06_23_faro\/cache\/RIO_4582.jpg-nggid0520720-ngg0dyn-60x60x100-00f0w010c011r110f110r010t010.jpg\"\n                    width=\"60\"\n                    height=\"60\"\n                    style=\"max-width:100%;\"\n                \/>\n            <\/a>\n        <\/div>\n\t\t\t\t\t\t\t<\/div> \n\t\t\t\n        \n\t\t\t\t<div id=\"ngg-image-5\" class=\"ngg-gallery-thumbnail-box\" >\n\t\t\t\t        <div class=\"ngg-gallery-thumbnail\">\n            <a href=\"http:\/\/www.spaziotorino.it\/scatto\/wp-content\/gallery\/2018_06_23_faro\/RIO_4586.jpg\"\n               title=\"\"\n               data-src=\"http:\/\/www.spaziotorino.it\/scatto\/wp-content\/gallery\/2018_06_23_faro\/RIO_4586.jpg\"\n               data-thumbnail=\"http:\/\/www.spaziotorino.it\/scatto\/wp-content\/gallery\/2018_06_23_faro\/thumbs\/thumbs_RIO_4586.jpg\"\n               data-image-id=\"20721\"\n               data-title=\"RIO_4586\"\n               data-description=\"\"\n               data-image-slug=\"rio_4586\"\n               class=\"ngg-fancybox\" rel=\"99acca9bf2303639de40d0c29de4134a\">\n                <img\n                    title=\"RIO_4586\"\n                    alt=\"RIO_4586\"\n                    src=\"http:\/\/www.spaziotorino.it\/scatto\/wp-content\/gallery\/2018_06_23_faro\/cache\/RIO_4586.jpg-nggid0520721-ngg0dyn-60x60x100-00f0w010c011r110f110r010t010.jpg\"\n                    width=\"60\"\n                    height=\"60\"\n                    style=\"max-width:100%;\"\n                \/>\n            <\/a>\n        <\/div>\n\t\t\t\t\t\t\t<\/div> \n\t\t\t\n        \n\t\t\t\t<div id=\"ngg-image-6\" class=\"ngg-gallery-thumbnail-box\" >\n\t\t\t\t        <div class=\"ngg-gallery-thumbnail\">\n            <a href=\"http:\/\/www.spaziotorino.it\/scatto\/wp-content\/gallery\/2018_06_23_faro\/RIO_4606.jpg\"\n               title=\"\"\n               data-src=\"http:\/\/www.spaziotorino.it\/scatto\/wp-content\/gallery\/2018_06_23_faro\/RIO_4606.jpg\"\n               data-thumbnail=\"http:\/\/www.spaziotorino.it\/scatto\/wp-content\/gallery\/2018_06_23_faro\/thumbs\/thumbs_RIO_4606.jpg\"\n               data-image-id=\"20722\"\n               data-title=\"RIO_4606\"\n               data-description=\"\"\n               data-image-slug=\"rio_4606\"\n               class=\"ngg-fancybox\" rel=\"99acca9bf2303639de40d0c29de4134a\">\n                <img\n                    title=\"RIO_4606\"\n                    alt=\"RIO_4606\"\n                    src=\"http:\/\/www.spaziotorino.it\/scatto\/wp-content\/gallery\/2018_06_23_faro\/cache\/RIO_4606.jpg-nggid0520722-ngg0dyn-60x60x100-00f0w010c011r110f110r010t010.jpg\"\n                    width=\"60\"\n                    height=\"60\"\n                    style=\"max-width:100%;\"\n                \/>\n            <\/a>\n        <\/div>\n\t\t\t\t\t\t\t<\/div> \n\t\t\t\n        \n\t\t\t\t<div id=\"ngg-image-7\" class=\"ngg-gallery-thumbnail-box\" >\n\t\t\t\t        <div class=\"ngg-gallery-thumbnail\">\n            <a href=\"http:\/\/www.spaziotorino.it\/scatto\/wp-content\/gallery\/2018_06_23_faro\/RIO_4607.jpg\"\n               title=\"\"\n               data-src=\"http:\/\/www.spaziotorino.it\/scatto\/wp-content\/gallery\/2018_06_23_faro\/RIO_4607.jpg\"\n               data-thumbnail=\"http:\/\/www.spaziotorino.it\/scatto\/wp-content\/gallery\/2018_06_23_faro\/thumbs\/thumbs_RIO_4607.jpg\"\n               data-image-id=\"20723\"\n               data-title=\"RIO_4607\"\n               data-description=\"\"\n               data-image-slug=\"rio_4607\"\n               class=\"ngg-fancybox\" rel=\"99acca9bf2303639de40d0c29de4134a\">\n                <img\n                    title=\"RIO_4607\"\n                    alt=\"RIO_4607\"\n                    src=\"http:\/\/www.spaziotorino.it\/scatto\/wp-content\/gallery\/2018_06_23_faro\/cache\/RIO_4607.jpg-nggid0520723-ngg0dyn-60x60x100-00f0w010c011r110f110r010t010.jpg\"\n                    width=\"60\"\n                    height=\"60\"\n                    style=\"max-width:100%;\"\n                \/>\n            <\/a>\n        <\/div>\n\t\t\t\t\t\t\t<\/div> \n\t\t\t\n        \n\t\t\t\t<div id=\"ngg-image-8\" class=\"ngg-gallery-thumbnail-box\" >\n\t\t\t\t        <div class=\"ngg-gallery-thumbnail\">\n            <a href=\"http:\/\/www.spaziotorino.it\/scatto\/wp-content\/gallery\/2018_06_23_faro\/RIO_4612.jpg\"\n               title=\"\"\n               data-src=\"http:\/\/www.spaziotorino.it\/scatto\/wp-content\/gallery\/2018_06_23_faro\/RIO_4612.jpg\"\n               data-thumbnail=\"http:\/\/www.spaziotorino.it\/scatto\/wp-content\/gallery\/2018_06_23_faro\/thumbs\/thumbs_RIO_4612.jpg\"\n               data-image-id=\"20724\"\n               data-title=\"RIO_4612\"\n               data-description=\"\"\n               data-image-slug=\"rio_4612\"\n               class=\"ngg-fancybox\" rel=\"99acca9bf2303639de40d0c29de4134a\">\n                <img\n                    title=\"RIO_4612\"\n                    alt=\"RIO_4612\"\n                    src=\"http:\/\/www.spaziotorino.it\/scatto\/wp-content\/gallery\/2018_06_23_faro\/cache\/RIO_4612.jpg-nggid0520724-ngg0dyn-60x60x100-00f0w010c011r110f110r010t010.jpg\"\n                    width=\"60\"\n                    height=\"60\"\n                    style=\"max-width:100%;\"\n                \/>\n            <\/a>\n        <\/div>\n\t\t\t\t\t\t\t<\/div> \n\t\t\t\n        \n\t\t\t\t<div id=\"ngg-image-9\" class=\"ngg-gallery-thumbnail-box\" >\n\t\t\t\t        <div class=\"ngg-gallery-thumbnail\">\n            <a href=\"http:\/\/www.spaziotorino.it\/scatto\/wp-content\/gallery\/2018_06_23_faro\/RIO_4619.jpg\"\n               title=\"\"\n               data-src=\"http:\/\/www.spaziotorino.it\/scatto\/wp-content\/gallery\/2018_06_23_faro\/RIO_4619.jpg\"\n               data-thumbnail=\"http:\/\/www.spaziotorino.it\/scatto\/wp-content\/gallery\/2018_06_23_faro\/thumbs\/thumbs_RIO_4619.jpg\"\n               data-image-id=\"20725\"\n               data-title=\"RIO_4619\"\n               data-description=\"\"\n               data-image-slug=\"rio_4619\"\n               class=\"ngg-fancybox\" rel=\"99acca9bf2303639de40d0c29de4134a\">\n                <img\n                    title=\"RIO_4619\"\n                    alt=\"RIO_4619\"\n                    src=\"http:\/\/www.spaziotorino.it\/scatto\/wp-content\/gallery\/2018_06_23_faro\/cache\/RIO_4619.jpg-nggid0520725-ngg0dyn-60x60x100-00f0w010c011r110f110r010t010.jpg\"\n                    width=\"60\"\n                    height=\"60\"\n                    style=\"max-width:100%;\"\n                \/>\n            <\/a>\n        <\/div>\n\t\t\t\t\t\t\t<\/div> \n\t\t\t\n        \n\t\t\t\t<div id=\"ngg-image-10\" class=\"ngg-gallery-thumbnail-box\" >\n\t\t\t\t        <div class=\"ngg-gallery-thumbnail\">\n            <a href=\"http:\/\/www.spaziotorino.it\/scatto\/wp-content\/gallery\/2018_06_23_faro\/RIO_4647.jpg\"\n               title=\"\"\n               data-src=\"http:\/\/www.spaziotorino.it\/scatto\/wp-content\/gallery\/2018_06_23_faro\/RIO_4647.jpg\"\n               data-thumbnail=\"http:\/\/www.spaziotorino.it\/scatto\/wp-content\/gallery\/2018_06_23_faro\/thumbs\/thumbs_RIO_4647.jpg\"\n               data-image-id=\"20726\"\n               data-title=\"RIO_4647\"\n               data-description=\"\"\n               data-image-slug=\"rio_4647\"\n               class=\"ngg-fancybox\" rel=\"99acca9bf2303639de40d0c29de4134a\">\n                <img\n                    title=\"RIO_4647\"\n                    alt=\"RIO_4647\"\n                    src=\"http:\/\/www.spaziotorino.it\/scatto\/wp-content\/gallery\/2018_06_23_faro\/cache\/RIO_4647.jpg-nggid0520726-ngg0dyn-60x60x100-00f0w010c011r110f110r010t010.jpg\"\n                    width=\"60\"\n                    height=\"60\"\n                    style=\"max-width:100%;\"\n                \/>\n            <\/a>\n        <\/div>\n\t\t\t\t\t\t\t<\/div> \n\t\t\t\n        \n\t\t\t\t<div id=\"ngg-image-11\" class=\"ngg-gallery-thumbnail-box\" >\n\t\t\t\t        <div class=\"ngg-gallery-thumbnail\">\n            <a href=\"http:\/\/www.spaziotorino.it\/scatto\/wp-content\/gallery\/2018_06_23_faro\/RIO_4664.jpg\"\n               title=\"\"\n               data-src=\"http:\/\/www.spaziotorino.it\/scatto\/wp-content\/gallery\/2018_06_23_faro\/RIO_4664.jpg\"\n               data-thumbnail=\"http:\/\/www.spaziotorino.it\/scatto\/wp-content\/gallery\/2018_06_23_faro\/thumbs\/thumbs_RIO_4664.jpg\"\n               data-image-id=\"20727\"\n               data-title=\"RIO_4664\"\n               data-description=\"\"\n               data-image-slug=\"rio_4664\"\n               class=\"ngg-fancybox\" rel=\"99acca9bf2303639de40d0c29de4134a\">\n                <img\n                    title=\"RIO_4664\"\n                    alt=\"RIO_4664\"\n                    src=\"http:\/\/www.spaziotorino.it\/scatto\/wp-content\/gallery\/2018_06_23_faro\/cache\/RIO_4664.jpg-nggid0520727-ngg0dyn-60x60x100-00f0w010c011r110f110r010t010.jpg\"\n                    width=\"60\"\n                    height=\"60\"\n                    style=\"max-width:100%;\"\n                \/>\n            <\/a>\n        <\/div>\n\t\t\t\t\t\t\t<\/div> \n\t\t\t\n        \n\t\t\t\t<div id=\"ngg-image-12\" class=\"ngg-gallery-thumbnail-box\" >\n\t\t\t\t        <div class=\"ngg-gallery-thumbnail\">\n            <a href=\"http:\/\/www.spaziotorino.it\/scatto\/wp-content\/gallery\/2018_06_23_faro\/RIO_4677.jpg\"\n               title=\"\"\n               data-src=\"http:\/\/www.spaziotorino.it\/scatto\/wp-content\/gallery\/2018_06_23_faro\/RIO_4677.jpg\"\n               data-thumbnail=\"http:\/\/www.spaziotorino.it\/scatto\/wp-content\/gallery\/2018_06_23_faro\/thumbs\/thumbs_RIO_4677.jpg\"\n               data-image-id=\"20728\"\n               data-title=\"RIO_4677\"\n               data-description=\"\"\n               data-image-slug=\"rio_4677\"\n               class=\"ngg-fancybox\" rel=\"99acca9bf2303639de40d0c29de4134a\">\n                <img\n                    title=\"RIO_4677\"\n                    alt=\"RIO_4677\"\n                    src=\"http:\/\/www.spaziotorino.it\/scatto\/wp-content\/gallery\/2018_06_23_faro\/cache\/RIO_4677.jpg-nggid0520728-ngg0dyn-60x60x100-00f0w010c011r110f110r010t010.jpg\"\n                    width=\"60\"\n                    height=\"60\"\n                    style=\"max-width:100%;\"\n                \/>\n            <\/a>\n        <\/div>\n\t\t\t\t\t\t\t<\/div> \n\t\t\t\n        \n\t\t\t\t<div id=\"ngg-image-13\" class=\"ngg-gallery-thumbnail-box\" >\n\t\t\t\t        <div class=\"ngg-gallery-thumbnail\">\n            <a href=\"http:\/\/www.spaziotorino.it\/scatto\/wp-content\/gallery\/2018_06_23_faro\/RIO_4681.jpg\"\n               title=\"\"\n               data-src=\"http:\/\/www.spaziotorino.it\/scatto\/wp-content\/gallery\/2018_06_23_faro\/RIO_4681.jpg\"\n               data-thumbnail=\"http:\/\/www.spaziotorino.it\/scatto\/wp-content\/gallery\/2018_06_23_faro\/thumbs\/thumbs_RIO_4681.jpg\"\n               data-image-id=\"20729\"\n               data-title=\"RIO_4681\"\n               data-description=\"\"\n               data-image-slug=\"rio_4681\"\n               class=\"ngg-fancybox\" rel=\"99acca9bf2303639de40d0c29de4134a\">\n                <img\n                    title=\"RIO_4681\"\n                    alt=\"RIO_4681\"\n                    src=\"http:\/\/www.spaziotorino.it\/scatto\/wp-content\/gallery\/2018_06_23_faro\/cache\/RIO_4681.jpg-nggid0520729-ngg0dyn-60x60x100-00f0w010c011r110f110r010t010.jpg\"\n                    width=\"60\"\n                    height=\"60\"\n                    style=\"max-width:100%;\"\n                \/>\n            <\/a>\n        <\/div>\n\t\t\t\t\t\t\t<\/div> \n\t\t\t\n        \n\t\t\t\t<div id=\"ngg-image-14\" class=\"ngg-gallery-thumbnail-box\" >\n\t\t\t\t        <div class=\"ngg-gallery-thumbnail\">\n            <a href=\"http:\/\/www.spaziotorino.it\/scatto\/wp-content\/gallery\/2018_06_23_faro\/RIO_4690.jpg\"\n               title=\"\"\n               data-src=\"http:\/\/www.spaziotorino.it\/scatto\/wp-content\/gallery\/2018_06_23_faro\/RIO_4690.jpg\"\n               data-thumbnail=\"http:\/\/www.spaziotorino.it\/scatto\/wp-content\/gallery\/2018_06_23_faro\/thumbs\/thumbs_RIO_4690.jpg\"\n               data-image-id=\"20730\"\n               data-title=\"RIO_4690\"\n               data-description=\"\"\n               data-image-slug=\"rio_4690\"\n               class=\"ngg-fancybox\" rel=\"99acca9bf2303639de40d0c29de4134a\">\n                <img\n                    title=\"RIO_4690\"\n                    alt=\"RIO_4690\"\n                    src=\"http:\/\/www.spaziotorino.it\/scatto\/wp-content\/gallery\/2018_06_23_faro\/cache\/RIO_4690.jpg-nggid0520730-ngg0dyn-60x60x100-00f0w010c011r110f110r010t010.jpg\"\n                    width=\"60\"\n                    height=\"60\"\n                    style=\"max-width:100%;\"\n                \/>\n            <\/a>\n        <\/div>\n\t\t\t\t\t\t\t<\/div> \n\t\t\t\n        \n\t\t\t\t<div id=\"ngg-image-15\" class=\"ngg-gallery-thumbnail-box\" >\n\t\t\t\t        <div class=\"ngg-gallery-thumbnail\">\n            <a href=\"http:\/\/www.spaziotorino.it\/scatto\/wp-content\/gallery\/2018_06_23_faro\/RIO_4692.jpg\"\n               title=\"\"\n               data-src=\"http:\/\/www.spaziotorino.it\/scatto\/wp-content\/gallery\/2018_06_23_faro\/RIO_4692.jpg\"\n               data-thumbnail=\"http:\/\/www.spaziotorino.it\/scatto\/wp-content\/gallery\/2018_06_23_faro\/thumbs\/thumbs_RIO_4692.jpg\"\n               data-image-id=\"20731\"\n               data-title=\"RIO_4692\"\n               data-description=\"\"\n               data-image-slug=\"rio_4692\"\n               class=\"ngg-fancybox\" rel=\"99acca9bf2303639de40d0c29de4134a\">\n                <img\n                    title=\"RIO_4692\"\n                    alt=\"RIO_4692\"\n                    src=\"http:\/\/www.spaziotorino.it\/scatto\/wp-content\/gallery\/2018_06_23_faro\/cache\/RIO_4692.jpg-nggid0520731-ngg0dyn-60x60x100-00f0w010c011r110f110r010t010.jpg\"\n                    width=\"60\"\n                    height=\"60\"\n                    style=\"max-width:100%;\"\n                \/>\n            <\/a>\n        <\/div>\n\t\t\t\t\t\t\t<\/div> \n\t\t\t\n        \n\t\t\t\t<div id=\"ngg-image-16\" class=\"ngg-gallery-thumbnail-box\" >\n\t\t\t\t        <div class=\"ngg-gallery-thumbnail\">\n            <a href=\"http:\/\/www.spaziotorino.it\/scatto\/wp-content\/gallery\/2018_06_23_faro\/RIO_4701.jpg\"\n               title=\"\"\n               data-src=\"http:\/\/www.spaziotorino.it\/scatto\/wp-content\/gallery\/2018_06_23_faro\/RIO_4701.jpg\"\n               data-thumbnail=\"http:\/\/www.spaziotorino.it\/scatto\/wp-content\/gallery\/2018_06_23_faro\/thumbs\/thumbs_RIO_4701.jpg\"\n               data-image-id=\"20732\"\n               data-title=\"RIO_4701\"\n               data-description=\"\"\n               data-image-slug=\"rio_4701\"\n               class=\"ngg-fancybox\" rel=\"99acca9bf2303639de40d0c29de4134a\">\n                <img\n                    title=\"RIO_4701\"\n                    alt=\"RIO_4701\"\n                    src=\"http:\/\/www.spaziotorino.it\/scatto\/wp-content\/gallery\/2018_06_23_faro\/cache\/RIO_4701.jpg-nggid0520732-ngg0dyn-60x60x100-00f0w010c011r110f110r010t010.jpg\"\n                    width=\"60\"\n                    height=\"60\"\n                    style=\"max-width:100%;\"\n                \/>\n            <\/a>\n        <\/div>\n\t\t\t\t\t\t\t<\/div> \n\t\t\t\n        \n\t\t\t\t<div id=\"ngg-image-17\" class=\"ngg-gallery-thumbnail-box\" >\n\t\t\t\t        <div class=\"ngg-gallery-thumbnail\">\n            <a href=\"http:\/\/www.spaziotorino.it\/scatto\/wp-content\/gallery\/2018_06_23_faro\/RIO_4702.jpg\"\n               title=\"\"\n               data-src=\"http:\/\/www.spaziotorino.it\/scatto\/wp-content\/gallery\/2018_06_23_faro\/RIO_4702.jpg\"\n               data-thumbnail=\"http:\/\/www.spaziotorino.it\/scatto\/wp-content\/gallery\/2018_06_23_faro\/thumbs\/thumbs_RIO_4702.jpg\"\n               data-image-id=\"20733\"\n               data-title=\"RIO_4702\"\n               data-description=\"\"\n               data-image-slug=\"rio_4702\"\n               class=\"ngg-fancybox\" rel=\"99acca9bf2303639de40d0c29de4134a\">\n                <img\n                    title=\"RIO_4702\"\n                    alt=\"RIO_4702\"\n                    src=\"http:\/\/www.spaziotorino.it\/scatto\/wp-content\/gallery\/2018_06_23_faro\/cache\/RIO_4702.jpg-nggid0520733-ngg0dyn-60x60x100-00f0w010c011r110f110r010t010.jpg\"\n                    width=\"60\"\n                    height=\"60\"\n                    style=\"max-width:100%;\"\n                \/>\n            <\/a>\n        <\/div>\n\t\t\t\t\t\t\t<\/div> \n\t\t\t\n        \n\t\t\t\t<div id=\"ngg-image-18\" class=\"ngg-gallery-thumbnail-box\" >\n\t\t\t\t        <div class=\"ngg-gallery-thumbnail\">\n            <a href=\"http:\/\/www.spaziotorino.it\/scatto\/wp-content\/gallery\/2018_06_23_faro\/RIO_4704.jpg\"\n               title=\"\"\n               data-src=\"http:\/\/www.spaziotorino.it\/scatto\/wp-content\/gallery\/2018_06_23_faro\/RIO_4704.jpg\"\n               data-thumbnail=\"http:\/\/www.spaziotorino.it\/scatto\/wp-content\/gallery\/2018_06_23_faro\/thumbs\/thumbs_RIO_4704.jpg\"\n               data-image-id=\"20734\"\n               data-title=\"RIO_4704\"\n               data-description=\"\"\n               data-image-slug=\"rio_4704\"\n               class=\"ngg-fancybox\" rel=\"99acca9bf2303639de40d0c29de4134a\">\n                <img\n                    title=\"RIO_4704\"\n                    alt=\"RIO_4704\"\n                    src=\"http:\/\/www.spaziotorino.it\/scatto\/wp-content\/gallery\/2018_06_23_faro\/cache\/RIO_4704.jpg-nggid0520734-ngg0dyn-60x60x100-00f0w010c011r110f110r010t010.jpg\"\n                    width=\"60\"\n                    height=\"60\"\n                    style=\"max-width:100%;\"\n                \/>\n            <\/a>\n        <\/div>\n\t\t\t\t\t\t\t<\/div> \n\t\t\t\n        \n\t\t\n\t\t<!-- Pagination -->\n\t<div class='ngg-clear'><\/div>\t<\/div>\n\n<p>Sabato 23 giugno si sono svolte le tradizionali celebrazioni per la festa di San Giovanni.<br \/>\nIn citt\u00e0 ha sfilato il Corteo Storico che ha fatto tappa al Duomo e poi in municipio dove Gianduja e Giacometta hanno consegnato alla Sindaca i Pani della Carit\u00e0 e sono state premiate le migliori tesi di laurea.<br \/>\nIl corteo \u00e8 poi ripartito da Palazzo Civico per raggiungere piazza Castello, dove la Sindaca Appendino, Gianduia e le autorit\u00e0 cittadine hanno appiccato il fuoco alla catasta del Far\u00f2.<br \/>\nCome da tradizione, a seconda di dove cade il Far\u00f2 di San Giovanni si possono fare previsioni sull\u2019anno a venire. Ieri sera la catasta accesa in piazza Castello \u00e8 caduta verso Porta Nuova, posizione che dovrebbe essere di buon auspicio.<\/p>\n","protected":false},"excerpt":{"rendered":"<p>Sabato 23 giugno si sono svolte le tradizionali celebrazioni per la festa di San Giovanni. In citt\u00e0 ha sfilato il Corteo Storico che ha fatto tappa al Duomo e poi in municipio dove Gianduja e Giacometta hanno consegnato alla Sindaca i Pani della Carit\u00e0 e sono state premiate le migliori tesi di laurea. Il corteo [&hellip;]<\/p>\n","protected":false},"author":1,"featured_media":0,"comment_status":"closed","ping_status":"open","sticky":false,"template":"","format":"standard","meta":{"ngg_post_thumbnail":0},"categories":[133,1,41],"tags":[],"_links":{"self":[{"href":"http:\/\/www.spaziotorino.it\/scatto\/index.php?rest_route=\/wp\/v2\/posts\/11951"}],"collection":[{"href":"http:\/\/www.spaziotorino.it\/scatto\/index.php?rest_route=\/wp\/v2\/posts"}],"about":[{"href":"http:\/\/www.spaziotorino.it\/scatto\/index.php?rest_route=\/wp\/v2\/types\/post"}],"author":[{"embeddable":true,"href":"http:\/\/www.spaziotorino.it\/scatto\/index.php?rest_route=\/wp\/v2\/users\/1"}],"replies":[{"embeddable":true,"href":"http:\/\/www.spaziotorino.it\/scatto\/index.php?rest_route=%2Fwp%2Fv2%2Fcomments&post=11951"}],"version-history":[{"count":2,"href":"http:\/\/www.spaziotorino.it\/scatto\/index.php?rest_route=\/wp\/v2\/posts\/11951\/revisions"}],"predecessor-version":[{"id":11953,"href":"http:\/\/www.spaziotorino.it\/scatto\/index.php?rest_route=\/wp\/v2\/posts\/11951\/revisions\/11953"}],"wp:attachment":[{"href":"http:\/\/www.spaziotorino.it\/scatto\/index.php?rest_route=%2Fwp%2Fv2%2Fmedia&parent=11951"}],"wp:term":[{"taxonomy":"category","embeddable":true,"href":"http:\/\/www.spaziotorino.it\/scatto\/index.php?rest_route=%2Fwp%2Fv2%2Fcategories&post=11951"},{"taxonomy":"post_tag","embeddable":true,"href":"http:\/\/www.spaziotorino.it\/scatto\/index.php?rest_route=%2Fwp%2Fv2%2Ftags&post=11951"}],"curies":[{"name":"wp","href":"https:\/\/api.w.org\/{rel}","templated":true}]}}