{"id":12025,"date":"2018-07-01T20:32:18","date_gmt":"2018-07-01T19:32:18","guid":{"rendered":"http:\/\/www.spaziotorino.it\/scatto\/?p=12025"},"modified":"2018-07-02T11:36:25","modified_gmt":"2018-07-02T10:36:25","slug":"parco-michelotti-aperta-al-pubblico-larea-giochi","status":"publish","type":"post","link":"http:\/\/www.spaziotorino.it\/scatto\/?p=12025","title":{"rendered":"Parco Michelotti, aperta al pubblico l\u2019area giochi"},"content":{"rendered":"<p><a class=\"ngg-fancybox\" title=\"Parco Michelotti, aperta al pubblico l\u2019area giochi\" href=\"http:\/\/www.spaziotorino.it\/scatto\/wp-content\/gallery\/2018_07_01_michelotti\/RIO_5024.jpg\" rel=\"955e550c6ff3ce76045847bbce808c84\"><br \/>\n<img decoding=\"async\" loading=\"lazy\" class=\"ngg-singlepic\" title=\"Parco Michelotti, aperta al pubblico l\u2019area giochi\" src=\"http:\/\/www.spaziotorino.it\/scatto\/wp-content\/gallery\/2018_07_01_michelotti\/RIO_5024.jpg\" alt=\"\" width=\"540\" height=\"360\"\/><\/a><\/p>\n<!-- index.php -->\n<div\n\tclass=\"ngg-galleryoverview ngg-ajax-pagination-none\"\n\tid=\"ngg-gallery-45dff763a437bd9c1876fe605db921e0-1\">\n\n    \t\t<!-- Thumbnails -->\n\t\t\t\t<div id=\"ngg-image-0\" class=\"ngg-gallery-thumbnail-box\" >\n\t\t\t\t        <div class=\"ngg-gallery-thumbnail\">\n            <a href=\"http:\/\/www.spaziotorino.it\/scatto\/wp-content\/gallery\/2018_07_01_michelotti\/RIO_5003.jpg\"\n               title=\"\"\n               data-src=\"http:\/\/www.spaziotorino.it\/scatto\/wp-content\/gallery\/2018_07_01_michelotti\/RIO_5003.jpg\"\n               data-thumbnail=\"http:\/\/www.spaziotorino.it\/scatto\/wp-content\/gallery\/2018_07_01_michelotti\/thumbs\/thumbs_RIO_5003.jpg\"\n               data-image-id=\"20756\"\n               data-title=\"RIO_5003\"\n               data-description=\"\"\n               data-image-slug=\"rio_5003\"\n               class=\"ngg-fancybox\" rel=\"45dff763a437bd9c1876fe605db921e0\">\n                <img\n                    title=\"RIO_5003\"\n                    alt=\"RIO_5003\"\n                    src=\"http:\/\/www.spaziotorino.it\/scatto\/wp-content\/gallery\/2018_07_01_michelotti\/cache\/RIO_5003.jpg-nggid0520756-ngg0dyn-60x60x100-00f0w010c011r110f110r010t010.jpg\"\n                    width=\"60\"\n                    height=\"60\"\n                    style=\"max-width:100%;\"\n                \/>\n            <\/a>\n        <\/div>\n\t\t\t\t\t\t\t<\/div> \n\t\t\t\n        \n\t\t\t\t<div id=\"ngg-image-1\" class=\"ngg-gallery-thumbnail-box\" >\n\t\t\t\t        <div class=\"ngg-gallery-thumbnail\">\n            <a href=\"http:\/\/www.spaziotorino.it\/scatto\/wp-content\/gallery\/2018_07_01_michelotti\/RIO_5007.jpg\"\n               title=\"\"\n               data-src=\"http:\/\/www.spaziotorino.it\/scatto\/wp-content\/gallery\/2018_07_01_michelotti\/RIO_5007.jpg\"\n               data-thumbnail=\"http:\/\/www.spaziotorino.it\/scatto\/wp-content\/gallery\/2018_07_01_michelotti\/thumbs\/thumbs_RIO_5007.jpg\"\n               data-image-id=\"20757\"\n               data-title=\"RIO_5007\"\n               data-description=\"\"\n               data-image-slug=\"rio_5007\"\n               class=\"ngg-fancybox\" rel=\"45dff763a437bd9c1876fe605db921e0\">\n                <img\n                    title=\"RIO_5007\"\n                    alt=\"RIO_5007\"\n                    src=\"http:\/\/www.spaziotorino.it\/scatto\/wp-content\/gallery\/2018_07_01_michelotti\/cache\/RIO_5007.jpg-nggid0520757-ngg0dyn-60x60x100-00f0w010c011r110f110r010t010.jpg\"\n                    width=\"60\"\n                    height=\"60\"\n                    style=\"max-width:100%;\"\n                \/>\n            <\/a>\n        <\/div>\n\t\t\t\t\t\t\t<\/div> \n\t\t\t\n        \n\t\t\t\t<div id=\"ngg-image-2\" class=\"ngg-gallery-thumbnail-box\" >\n\t\t\t\t        <div class=\"ngg-gallery-thumbnail\">\n            <a href=\"http:\/\/www.spaziotorino.it\/scatto\/wp-content\/gallery\/2018_07_01_michelotti\/RIO_5013.jpg\"\n               title=\"\"\n               data-src=\"http:\/\/www.spaziotorino.it\/scatto\/wp-content\/gallery\/2018_07_01_michelotti\/RIO_5013.jpg\"\n               data-thumbnail=\"http:\/\/www.spaziotorino.it\/scatto\/wp-content\/gallery\/2018_07_01_michelotti\/thumbs\/thumbs_RIO_5013.jpg\"\n               data-image-id=\"20758\"\n               data-title=\"RIO_5013\"\n               data-description=\"\"\n               data-image-slug=\"rio_5013\"\n               class=\"ngg-fancybox\" rel=\"45dff763a437bd9c1876fe605db921e0\">\n                <img\n                    title=\"RIO_5013\"\n                    alt=\"RIO_5013\"\n                    src=\"http:\/\/www.spaziotorino.it\/scatto\/wp-content\/gallery\/2018_07_01_michelotti\/cache\/RIO_5013.jpg-nggid0520758-ngg0dyn-60x60x100-00f0w010c011r110f110r010t010.jpg\"\n                    width=\"60\"\n                    height=\"60\"\n                    style=\"max-width:100%;\"\n                \/>\n            <\/a>\n        <\/div>\n\t\t\t\t\t\t\t<\/div> \n\t\t\t\n        \n\t\t\t\t<div id=\"ngg-image-3\" class=\"ngg-gallery-thumbnail-box\" >\n\t\t\t\t        <div class=\"ngg-gallery-thumbnail\">\n            <a href=\"http:\/\/www.spaziotorino.it\/scatto\/wp-content\/gallery\/2018_07_01_michelotti\/RIO_5014.jpg\"\n               title=\"\"\n               data-src=\"http:\/\/www.spaziotorino.it\/scatto\/wp-content\/gallery\/2018_07_01_michelotti\/RIO_5014.jpg\"\n               data-thumbnail=\"http:\/\/www.spaziotorino.it\/scatto\/wp-content\/gallery\/2018_07_01_michelotti\/thumbs\/thumbs_RIO_5014.jpg\"\n               data-image-id=\"20759\"\n               data-title=\"RIO_5014\"\n               data-description=\"\"\n               data-image-slug=\"rio_5014\"\n               class=\"ngg-fancybox\" rel=\"45dff763a437bd9c1876fe605db921e0\">\n                <img\n                    title=\"RIO_5014\"\n                    alt=\"RIO_5014\"\n                    src=\"http:\/\/www.spaziotorino.it\/scatto\/wp-content\/gallery\/2018_07_01_michelotti\/cache\/RIO_5014.jpg-nggid0520759-ngg0dyn-60x60x100-00f0w010c011r110f110r010t010.jpg\"\n                    width=\"60\"\n                    height=\"60\"\n                    style=\"max-width:100%;\"\n                \/>\n            <\/a>\n        <\/div>\n\t\t\t\t\t\t\t<\/div> \n\t\t\t\n        \n\t\t\t\t<div id=\"ngg-image-4\" class=\"ngg-gallery-thumbnail-box\" >\n\t\t\t\t        <div class=\"ngg-gallery-thumbnail\">\n            <a href=\"http:\/\/www.spaziotorino.it\/scatto\/wp-content\/gallery\/2018_07_01_michelotti\/RIO_5017.jpg\"\n               title=\"\"\n               data-src=\"http:\/\/www.spaziotorino.it\/scatto\/wp-content\/gallery\/2018_07_01_michelotti\/RIO_5017.jpg\"\n               data-thumbnail=\"http:\/\/www.spaziotorino.it\/scatto\/wp-content\/gallery\/2018_07_01_michelotti\/thumbs\/thumbs_RIO_5017.jpg\"\n               data-image-id=\"20760\"\n               data-title=\"RIO_5017\"\n               data-description=\"\"\n               data-image-slug=\"rio_5017\"\n               class=\"ngg-fancybox\" rel=\"45dff763a437bd9c1876fe605db921e0\">\n                <img\n                    title=\"RIO_5017\"\n                    alt=\"RIO_5017\"\n                    src=\"http:\/\/www.spaziotorino.it\/scatto\/wp-content\/gallery\/2018_07_01_michelotti\/cache\/RIO_5017.jpg-nggid0520760-ngg0dyn-60x60x100-00f0w010c011r110f110r010t010.jpg\"\n                    width=\"60\"\n                    height=\"60\"\n                    style=\"max-width:100%;\"\n                \/>\n            <\/a>\n        <\/div>\n\t\t\t\t\t\t\t<\/div> \n\t\t\t\n        \n\t\t\t\t<div id=\"ngg-image-5\" class=\"ngg-gallery-thumbnail-box\" >\n\t\t\t\t        <div class=\"ngg-gallery-thumbnail\">\n            <a href=\"http:\/\/www.spaziotorino.it\/scatto\/wp-content\/gallery\/2018_07_01_michelotti\/RIO_5024.jpg\"\n               title=\"\"\n               data-src=\"http:\/\/www.spaziotorino.it\/scatto\/wp-content\/gallery\/2018_07_01_michelotti\/RIO_5024.jpg\"\n               data-thumbnail=\"http:\/\/www.spaziotorino.it\/scatto\/wp-content\/gallery\/2018_07_01_michelotti\/thumbs\/thumbs_RIO_5024.jpg\"\n               data-image-id=\"20761\"\n               data-title=\"RIO_5024\"\n               data-description=\"\"\n               data-image-slug=\"rio_5024\"\n               class=\"ngg-fancybox\" rel=\"45dff763a437bd9c1876fe605db921e0\">\n                <img\n                    title=\"RIO_5024\"\n                    alt=\"RIO_5024\"\n                    src=\"http:\/\/www.spaziotorino.it\/scatto\/wp-content\/gallery\/2018_07_01_michelotti\/cache\/RIO_5024.jpg-nggid0520761-ngg0dyn-60x60x100-00f0w010c011r110f110r010t010.jpg\"\n                    width=\"60\"\n                    height=\"60\"\n                    style=\"max-width:100%;\"\n                \/>\n            <\/a>\n        <\/div>\n\t\t\t\t\t\t\t<\/div> \n\t\t\t\n        \n\t\t\t\t<div id=\"ngg-image-6\" class=\"ngg-gallery-thumbnail-box\" >\n\t\t\t\t        <div class=\"ngg-gallery-thumbnail\">\n            <a href=\"http:\/\/www.spaziotorino.it\/scatto\/wp-content\/gallery\/2018_07_01_michelotti\/RIO_5029.jpg\"\n               title=\"\"\n               data-src=\"http:\/\/www.spaziotorino.it\/scatto\/wp-content\/gallery\/2018_07_01_michelotti\/RIO_5029.jpg\"\n               data-thumbnail=\"http:\/\/www.spaziotorino.it\/scatto\/wp-content\/gallery\/2018_07_01_michelotti\/thumbs\/thumbs_RIO_5029.jpg\"\n               data-image-id=\"20762\"\n               data-title=\"RIO_5029\"\n               data-description=\"\"\n               data-image-slug=\"rio_5029\"\n               class=\"ngg-fancybox\" rel=\"45dff763a437bd9c1876fe605db921e0\">\n                <img\n                    title=\"RIO_5029\"\n                    alt=\"RIO_5029\"\n                    src=\"http:\/\/www.spaziotorino.it\/scatto\/wp-content\/gallery\/2018_07_01_michelotti\/cache\/RIO_5029.jpg-nggid0520762-ngg0dyn-60x60x100-00f0w010c011r110f110r010t010.jpg\"\n                    width=\"60\"\n                    height=\"60\"\n                    style=\"max-width:100%;\"\n                \/>\n            <\/a>\n        <\/div>\n\t\t\t\t\t\t\t<\/div> \n\t\t\t\n        \n\t\t\t\t<div id=\"ngg-image-7\" class=\"ngg-gallery-thumbnail-box\" >\n\t\t\t\t        <div class=\"ngg-gallery-thumbnail\">\n            <a href=\"http:\/\/www.spaziotorino.it\/scatto\/wp-content\/gallery\/2018_07_01_michelotti\/RIO_5031.jpg\"\n               title=\"\"\n               data-src=\"http:\/\/www.spaziotorino.it\/scatto\/wp-content\/gallery\/2018_07_01_michelotti\/RIO_5031.jpg\"\n               data-thumbnail=\"http:\/\/www.spaziotorino.it\/scatto\/wp-content\/gallery\/2018_07_01_michelotti\/thumbs\/thumbs_RIO_5031.jpg\"\n               data-image-id=\"20763\"\n               data-title=\"RIO_5031\"\n               data-description=\"\"\n               data-image-slug=\"rio_5031\"\n               class=\"ngg-fancybox\" rel=\"45dff763a437bd9c1876fe605db921e0\">\n                <img\n                    title=\"RIO_5031\"\n                    alt=\"RIO_5031\"\n                    src=\"http:\/\/www.spaziotorino.it\/scatto\/wp-content\/gallery\/2018_07_01_michelotti\/cache\/RIO_5031.jpg-nggid0520763-ngg0dyn-60x60x100-00f0w010c011r110f110r010t010.jpg\"\n                    width=\"60\"\n                    height=\"60\"\n                    style=\"max-width:100%;\"\n                \/>\n            <\/a>\n        <\/div>\n\t\t\t\t\t\t\t<\/div> \n\t\t\t\n        \n\t\t\t\t<div id=\"ngg-image-8\" class=\"ngg-gallery-thumbnail-box\" >\n\t\t\t\t        <div class=\"ngg-gallery-thumbnail\">\n            <a href=\"http:\/\/www.spaziotorino.it\/scatto\/wp-content\/gallery\/2018_07_01_michelotti\/RIO_5033.jpg\"\n               title=\"\"\n               data-src=\"http:\/\/www.spaziotorino.it\/scatto\/wp-content\/gallery\/2018_07_01_michelotti\/RIO_5033.jpg\"\n               data-thumbnail=\"http:\/\/www.spaziotorino.it\/scatto\/wp-content\/gallery\/2018_07_01_michelotti\/thumbs\/thumbs_RIO_5033.jpg\"\n               data-image-id=\"20764\"\n               data-title=\"RIO_5033\"\n               data-description=\"\"\n               data-image-slug=\"rio_5033\"\n               class=\"ngg-fancybox\" rel=\"45dff763a437bd9c1876fe605db921e0\">\n                <img\n                    title=\"RIO_5033\"\n                    alt=\"RIO_5033\"\n                    src=\"http:\/\/www.spaziotorino.it\/scatto\/wp-content\/gallery\/2018_07_01_michelotti\/cache\/RIO_5033.jpg-nggid0520764-ngg0dyn-60x60x100-00f0w010c011r110f110r010t010.jpg\"\n                    width=\"60\"\n                    height=\"60\"\n                    style=\"max-width:100%;\"\n                \/>\n            <\/a>\n        <\/div>\n\t\t\t\t\t\t\t<\/div> \n\t\t\t\n        \n\t\t\n\t\t<!-- Pagination -->\n\t<div class='ngg-clear'><\/div>\t<\/div>\n\n<p>Domenica 1 luglio ha aperto al pubblico la nuova area giochi del parco Michelotti:&nbsp;<strong>9700 metri quadrati<\/strong>(sui circa mila totali), recuperati a tempo di record e restituiti all&#8217;uso pubblico. L\u2019area verde che sei mesi fa, il 24 gennaio scorso, \u00e8 stata inserita dall&#8217;assessorato all&#8217;Ambiente della Citt\u00e0 di Torino in un percorso animato del Tavolo di progettazione civica del Comune, aprir\u00e0 con un ritardo di soli quindici giorni rispetto alla data preventivata del 15 giugno, causati del maltempo che ha prolungato la durata del cantiere.<span id=\"more-77264\"><\/span><\/p>\n<p>I tecnici del verde della Citt\u00e0 hanno restaurato e ripristinato i nove&nbsp;<strong>giochi<\/strong>&nbsp;gi\u00e0 presenti nell&#8217;area, aggiungendo un nuovo gioco per disabili. \u00c8 stata, inoltre, eseguita la&nbsp;<strong>bonifica&nbsp;<\/strong>igienica su tutta l\u2019area (pulizia di Amiat). La&nbsp;<strong>recinzione<\/strong>, messa in sicurezza, \u00e8 stata rinforzata nella parte interna e ha ora tre accessi su corso Casale. Altri interventi per rendere il parco pi\u00f9 accogliente: restaurate e riverniciate le&nbsp;<strong>panchine<\/strong>, grazie all&#8217;intervento dei volontari di&nbsp;<strong>Torino Spazio Pubblico<\/strong>, ripristinate le ringhiere e aperti nuovi&nbsp;<strong>percorsi&nbsp;<\/strong>interni. La cura del verde ha impegnato i tecnici nella messa in sicurezza degli alberi \u2013&nbsp;<strong>potature<\/strong>, controlli \u2013 e nel taglio del folto boschetto di&nbsp;<strong>bamb\u00f9&nbsp;<\/strong>che era diventato dimora dei topi. Il costo dell\u2019intervento \u00e8 di circa&nbsp;<strong>150mila euro<\/strong>; a questi si aggiunge il costo dell\u2019impianto di illuminazione a led, circa&nbsp;<strong>43mila euro<\/strong>, realizzato da&nbsp;<strong>Iren<\/strong>. La&nbsp;<strong>Polizia municipale&nbsp;<\/strong>ha contribuito alla sorveglianza dell\u2019area.<\/p>\n<p>In parallelo, a partire da gennaio, si \u00e8 condotto il percorso animato, coordinato dal&nbsp;<strong>Tavolo di progettazione civica<\/strong>&nbsp;della Citt\u00e0, che ha definito un\u2019<strong>identit\u00e0 di luogo<\/strong>, frutto della mediazione tra amministratori, tecnici comunali, associazioni ambientaliste e cittadini, che hanno offerto il loro tempo e le loro idee.<\/p>\n<p>Si \u00e8 inoltre dato spazio alle idee dei bambini delle scuole limitrofe che hanno potuto esprimere la propria visione del Parco pubblicamente negli incontri, aiutati dalle maestre e dai sopralluoghi condotti nel Parco stesso.<\/p>\n<p>Il percorso fin qui condotto ha permesso quindi di raccogliere informazioni, esperienze, bisogni dei cittadini e di superare i possibili conflitti su un tema molto dibattuto attraverso una mediazione conclusasi a fine maggio.<\/p>\n<p>Si \u00e8 cos\u00ec definita un\u2019<strong>identit\u00e0 del Parco&nbsp;<\/strong>con una visione decisamente conservativa dal punto di vista naturalistico, dove la natura sia libera di ritrovare i propri equilibri, rendendone adeguata testimonianza, e dove i cittadini di tutte le et\u00e0 e culture possano trascorrere il tempo incontrandosi e restando immersi in uno scenario naturale di grande fascino.<\/p>\n<p>La fase tecnico progettuale futura dovr\u00e0 essere coerente con i risultati ottenuti, ovvero con la definizione dell\u2019<em>idea<\/em>&nbsp;<em>di luogo<\/em>&nbsp;elaborata in questa prima fase di co-progettazione. Per poter verificare tale coerenza verr\u00e0 mantenuta una forma di partecipazione permanente dei cittadini e associazioni.<\/p>\n<p>Tra le&nbsp;<strong>proposte raccolte<\/strong>, due percorsi di mobilit\u00e0 ciclopedonale interna lungo i viali dei platani e dei ginkobiloba; servizi igienici gratuiti e punti d\u2019acqua potabile, illuminazione a led; mantenimento della vegetazione spontanea con un incremento del numero dei platani ed estensione del bosco urbano.<\/p>\n<p>L\u2019<strong>attivit\u00e0 educativa e culturale&nbsp;<\/strong>nel parco sar\u00e0 il prodotto di una collaborazione con le associazioni del territorio, attraverso un coordinamento unitario e permanente.<\/p>\n","protected":false},"excerpt":{"rendered":"<p>Domenica 1 luglio ha aperto al pubblico la nuova area giochi del parco Michelotti:&nbsp;9700 metri quadrati(sui circa mila totali), recuperati a tempo di record e restituiti all&#8217;uso pubblico. L\u2019area verde che sei mesi fa, il 24 gennaio scorso, \u00e8 stata inserita dall&#8217;assessorato all&#8217;Ambiente della Citt\u00e0 di Torino in un percorso animato del Tavolo di progettazione [&hellip;]<\/p>\n","protected":false},"author":1,"featured_media":0,"comment_status":"closed","ping_status":"open","sticky":false,"template":"","format":"standard","meta":{"ngg_post_thumbnail":0},"categories":[1,41],"tags":[],"_links":{"self":[{"href":"http:\/\/www.spaziotorino.it\/scatto\/index.php?rest_route=\/wp\/v2\/posts\/12025"}],"collection":[{"href":"http:\/\/www.spaziotorino.it\/scatto\/index.php?rest_route=\/wp\/v2\/posts"}],"about":[{"href":"http:\/\/www.spaziotorino.it\/scatto\/index.php?rest_route=\/wp\/v2\/types\/post"}],"author":[{"embeddable":true,"href":"http:\/\/www.spaziotorino.it\/scatto\/index.php?rest_route=\/wp\/v2\/users\/1"}],"replies":[{"embeddable":true,"href":"http:\/\/www.spaziotorino.it\/scatto\/index.php?rest_route=%2Fwp%2Fv2%2Fcomments&post=12025"}],"version-history":[{"count":2,"href":"http:\/\/www.spaziotorino.it\/scatto\/index.php?rest_route=\/wp\/v2\/posts\/12025\/revisions"}],"predecessor-version":[{"id":12027,"href":"http:\/\/www.spaziotorino.it\/scatto\/index.php?rest_route=\/wp\/v2\/posts\/12025\/revisions\/12027"}],"wp:attachment":[{"href":"http:\/\/www.spaziotorino.it\/scatto\/index.php?rest_route=%2Fwp%2Fv2%2Fmedia&parent=12025"}],"wp:term":[{"taxonomy":"category","embeddable":true,"href":"http:\/\/www.spaziotorino.it\/scatto\/index.php?rest_route=%2Fwp%2Fv2%2Fcategories&post=12025"},{"taxonomy":"post_tag","embeddable":true,"href":"http:\/\/www.spaziotorino.it\/scatto\/index.php?rest_route=%2Fwp%2Fv2%2Ftags&post=12025"}],"curies":[{"name":"wp","href":"https:\/\/api.w.org\/{rel}","templated":true}]}}