{"id":12063,"date":"2018-07-05T23:58:10","date_gmt":"2018-07-05T22:58:10","guid":{"rendered":"http:\/\/www.spaziotorino.it\/scatto\/?p=12063"},"modified":"2018-07-10T15:54:36","modified_gmt":"2018-07-10T14:54:36","slug":"lomaggio-a-lucio-dalla-in-piazzetta-reale","status":"publish","type":"post","link":"http:\/\/www.spaziotorino.it\/scatto\/?p=12063","title":{"rendered":"L&#8217;omaggio a Lucio Dalla in piazzetta Reale"},"content":{"rendered":"<p><a class=\"ngg-fancybox\" title=\"Gaetano Curreri e Paolo Fresu\" href=\"http:\/\/www.spaziotorino.it\/scatto\/wp-content\/gallery\/2018_07_05_dalla\/pla-1201.jpg\" rel=\"c3728cc68289d4c0d85d0634bc000d71\"><br \/>\n<img decoding=\"async\" loading=\"lazy\" class=\"ngg-singlepic\" title=\"Gaetano Curreri e Paolo Fresu\" src=\"http:\/\/www.spaziotorino.it\/scatto\/wp-content\/gallery\/2018_07_05_dalla\/pla-1201.jpg\" alt=\"\" width=\"540\" height=\"360\"\/><\/a><\/p>\n<!-- index.php -->\n<div\n\tclass=\"ngg-galleryoverview ngg-ajax-pagination-none\"\n\tid=\"ngg-gallery-4cca3b5e6080a7dbbd5acc7be21dc87d-1\">\n\n    \t\t<!-- Thumbnails -->\n\t\t\t\t<div id=\"ngg-image-0\" class=\"ngg-gallery-thumbnail-box\" >\n\t\t\t\t        <div class=\"ngg-gallery-thumbnail\">\n            <a href=\"http:\/\/www.spaziotorino.it\/scatto\/wp-content\/gallery\/2018_07_05_dalla\/pla-0926.jpg\"\n               title=\"\"\n               data-src=\"http:\/\/www.spaziotorino.it\/scatto\/wp-content\/gallery\/2018_07_05_dalla\/pla-0926.jpg\"\n               data-thumbnail=\"http:\/\/www.spaziotorino.it\/scatto\/wp-content\/gallery\/2018_07_05_dalla\/thumbs\/thumbs_pla-0926.jpg\"\n               data-image-id=\"20765\"\n               data-title=\"pla-0926\"\n               data-description=\"\"\n               data-image-slug=\"pla-0926\"\n               class=\"ngg-fancybox\" rel=\"4cca3b5e6080a7dbbd5acc7be21dc87d\">\n                <img\n                    title=\"pla-0926\"\n                    alt=\"pla-0926\"\n                    src=\"http:\/\/www.spaziotorino.it\/scatto\/wp-content\/gallery\/2018_07_05_dalla\/cache\/pla-0926.jpg-nggid0520765-ngg0dyn-60x60x100-00f0w010c011r110f110r010t010.jpg\"\n                    width=\"60\"\n                    height=\"60\"\n                    style=\"max-width:100%;\"\n                \/>\n            <\/a>\n        <\/div>\n\t\t\t\t\t\t\t<\/div> \n\t\t\t\n        \n\t\t\t\t<div id=\"ngg-image-1\" class=\"ngg-gallery-thumbnail-box\" >\n\t\t\t\t        <div class=\"ngg-gallery-thumbnail\">\n            <a href=\"http:\/\/www.spaziotorino.it\/scatto\/wp-content\/gallery\/2018_07_05_dalla\/pla-0978.jpg\"\n               title=\"\"\n               data-src=\"http:\/\/www.spaziotorino.it\/scatto\/wp-content\/gallery\/2018_07_05_dalla\/pla-0978.jpg\"\n               data-thumbnail=\"http:\/\/www.spaziotorino.it\/scatto\/wp-content\/gallery\/2018_07_05_dalla\/thumbs\/thumbs_pla-0978.jpg\"\n               data-image-id=\"20766\"\n               data-title=\"pla-0978\"\n               data-description=\"\"\n               data-image-slug=\"pla-0978-1\"\n               class=\"ngg-fancybox\" rel=\"4cca3b5e6080a7dbbd5acc7be21dc87d\">\n                <img\n                    title=\"pla-0978\"\n                    alt=\"pla-0978\"\n                    src=\"http:\/\/www.spaziotorino.it\/scatto\/wp-content\/gallery\/2018_07_05_dalla\/cache\/pla-0978.jpg-nggid0520766-ngg0dyn-60x60x100-00f0w010c011r110f110r010t010.jpg\"\n                    width=\"60\"\n                    height=\"60\"\n                    style=\"max-width:100%;\"\n                \/>\n            <\/a>\n        <\/div>\n\t\t\t\t\t\t\t<\/div> \n\t\t\t\n        \n\t\t\t\t<div id=\"ngg-image-2\" class=\"ngg-gallery-thumbnail-box\" >\n\t\t\t\t        <div class=\"ngg-gallery-thumbnail\">\n            <a href=\"http:\/\/www.spaziotorino.it\/scatto\/wp-content\/gallery\/2018_07_05_dalla\/pla-1013.jpg\"\n               title=\"\"\n               data-src=\"http:\/\/www.spaziotorino.it\/scatto\/wp-content\/gallery\/2018_07_05_dalla\/pla-1013.jpg\"\n               data-thumbnail=\"http:\/\/www.spaziotorino.it\/scatto\/wp-content\/gallery\/2018_07_05_dalla\/thumbs\/thumbs_pla-1013.jpg\"\n               data-image-id=\"20767\"\n               data-title=\"pla-1013\"\n               data-description=\"\"\n               data-image-slug=\"pla-1013\"\n               class=\"ngg-fancybox\" rel=\"4cca3b5e6080a7dbbd5acc7be21dc87d\">\n                <img\n                    title=\"pla-1013\"\n                    alt=\"pla-1013\"\n                    src=\"http:\/\/www.spaziotorino.it\/scatto\/wp-content\/gallery\/2018_07_05_dalla\/cache\/pla-1013.jpg-nggid0520767-ngg0dyn-60x60x100-00f0w010c011r110f110r010t010.jpg\"\n                    width=\"60\"\n                    height=\"60\"\n                    style=\"max-width:100%;\"\n                \/>\n            <\/a>\n        <\/div>\n\t\t\t\t\t\t\t<\/div> \n\t\t\t\n        \n\t\t\t\t<div id=\"ngg-image-3\" class=\"ngg-gallery-thumbnail-box\" >\n\t\t\t\t        <div class=\"ngg-gallery-thumbnail\">\n            <a href=\"http:\/\/www.spaziotorino.it\/scatto\/wp-content\/gallery\/2018_07_05_dalla\/pla-1015.jpg\"\n               title=\"\"\n               data-src=\"http:\/\/www.spaziotorino.it\/scatto\/wp-content\/gallery\/2018_07_05_dalla\/pla-1015.jpg\"\n               data-thumbnail=\"http:\/\/www.spaziotorino.it\/scatto\/wp-content\/gallery\/2018_07_05_dalla\/thumbs\/thumbs_pla-1015.jpg\"\n               data-image-id=\"20768\"\n               data-title=\"pla-1015\"\n               data-description=\"\"\n               data-image-slug=\"pla-1015\"\n               class=\"ngg-fancybox\" rel=\"4cca3b5e6080a7dbbd5acc7be21dc87d\">\n                <img\n                    title=\"pla-1015\"\n                    alt=\"pla-1015\"\n                    src=\"http:\/\/www.spaziotorino.it\/scatto\/wp-content\/gallery\/2018_07_05_dalla\/cache\/pla-1015.jpg-nggid0520768-ngg0dyn-60x60x100-00f0w010c011r110f110r010t010.jpg\"\n                    width=\"60\"\n                    height=\"60\"\n                    style=\"max-width:100%;\"\n                \/>\n            <\/a>\n        <\/div>\n\t\t\t\t\t\t\t<\/div> \n\t\t\t\n        \n\t\t\t\t<div id=\"ngg-image-4\" class=\"ngg-gallery-thumbnail-box\" >\n\t\t\t\t        <div class=\"ngg-gallery-thumbnail\">\n            <a href=\"http:\/\/www.spaziotorino.it\/scatto\/wp-content\/gallery\/2018_07_05_dalla\/pla-1022.jpg\"\n               title=\"\"\n               data-src=\"http:\/\/www.spaziotorino.it\/scatto\/wp-content\/gallery\/2018_07_05_dalla\/pla-1022.jpg\"\n               data-thumbnail=\"http:\/\/www.spaziotorino.it\/scatto\/wp-content\/gallery\/2018_07_05_dalla\/thumbs\/thumbs_pla-1022.jpg\"\n               data-image-id=\"20769\"\n               data-title=\"pla-1022\"\n               data-description=\"\"\n               data-image-slug=\"pla-1022\"\n               class=\"ngg-fancybox\" rel=\"4cca3b5e6080a7dbbd5acc7be21dc87d\">\n                <img\n                    title=\"pla-1022\"\n                    alt=\"pla-1022\"\n                    src=\"http:\/\/www.spaziotorino.it\/scatto\/wp-content\/gallery\/2018_07_05_dalla\/cache\/pla-1022.jpg-nggid0520769-ngg0dyn-60x60x100-00f0w010c011r110f110r010t010.jpg\"\n                    width=\"60\"\n                    height=\"60\"\n                    style=\"max-width:100%;\"\n                \/>\n            <\/a>\n        <\/div>\n\t\t\t\t\t\t\t<\/div> \n\t\t\t\n        \n\t\t\t\t<div id=\"ngg-image-5\" class=\"ngg-gallery-thumbnail-box\" >\n\t\t\t\t        <div class=\"ngg-gallery-thumbnail\">\n            <a href=\"http:\/\/www.spaziotorino.it\/scatto\/wp-content\/gallery\/2018_07_05_dalla\/pla-1047.jpg\"\n               title=\"\"\n               data-src=\"http:\/\/www.spaziotorino.it\/scatto\/wp-content\/gallery\/2018_07_05_dalla\/pla-1047.jpg\"\n               data-thumbnail=\"http:\/\/www.spaziotorino.it\/scatto\/wp-content\/gallery\/2018_07_05_dalla\/thumbs\/thumbs_pla-1047.jpg\"\n               data-image-id=\"20770\"\n               data-title=\"pla-1047\"\n               data-description=\"\"\n               data-image-slug=\"pla-1047\"\n               class=\"ngg-fancybox\" rel=\"4cca3b5e6080a7dbbd5acc7be21dc87d\">\n                <img\n                    title=\"pla-1047\"\n                    alt=\"pla-1047\"\n                    src=\"http:\/\/www.spaziotorino.it\/scatto\/wp-content\/gallery\/2018_07_05_dalla\/cache\/pla-1047.jpg-nggid0520770-ngg0dyn-60x60x100-00f0w010c011r110f110r010t010.jpg\"\n                    width=\"60\"\n                    height=\"60\"\n                    style=\"max-width:100%;\"\n                \/>\n            <\/a>\n        <\/div>\n\t\t\t\t\t\t\t<\/div> \n\t\t\t\n        \n\t\t\t\t<div id=\"ngg-image-6\" class=\"ngg-gallery-thumbnail-box\" >\n\t\t\t\t        <div class=\"ngg-gallery-thumbnail\">\n            <a href=\"http:\/\/www.spaziotorino.it\/scatto\/wp-content\/gallery\/2018_07_05_dalla\/pla-1064.jpg\"\n               title=\"\"\n               data-src=\"http:\/\/www.spaziotorino.it\/scatto\/wp-content\/gallery\/2018_07_05_dalla\/pla-1064.jpg\"\n               data-thumbnail=\"http:\/\/www.spaziotorino.it\/scatto\/wp-content\/gallery\/2018_07_05_dalla\/thumbs\/thumbs_pla-1064.jpg\"\n               data-image-id=\"20771\"\n               data-title=\"pla-1064\"\n               data-description=\"\"\n               data-image-slug=\"pla-1064\"\n               class=\"ngg-fancybox\" rel=\"4cca3b5e6080a7dbbd5acc7be21dc87d\">\n                <img\n                    title=\"pla-1064\"\n                    alt=\"pla-1064\"\n                    src=\"http:\/\/www.spaziotorino.it\/scatto\/wp-content\/gallery\/2018_07_05_dalla\/cache\/pla-1064.jpg-nggid0520771-ngg0dyn-60x60x100-00f0w010c011r110f110r010t010.jpg\"\n                    width=\"60\"\n                    height=\"60\"\n                    style=\"max-width:100%;\"\n                \/>\n            <\/a>\n        <\/div>\n\t\t\t\t\t\t\t<\/div> \n\t\t\t\n        \n\t\t\t\t<div id=\"ngg-image-7\" class=\"ngg-gallery-thumbnail-box\" >\n\t\t\t\t        <div class=\"ngg-gallery-thumbnail\">\n            <a href=\"http:\/\/www.spaziotorino.it\/scatto\/wp-content\/gallery\/2018_07_05_dalla\/pla-1094.jpg\"\n               title=\"\"\n               data-src=\"http:\/\/www.spaziotorino.it\/scatto\/wp-content\/gallery\/2018_07_05_dalla\/pla-1094.jpg\"\n               data-thumbnail=\"http:\/\/www.spaziotorino.it\/scatto\/wp-content\/gallery\/2018_07_05_dalla\/thumbs\/thumbs_pla-1094.jpg\"\n               data-image-id=\"20772\"\n               data-title=\"pla-1094\"\n               data-description=\"\"\n               data-image-slug=\"pla-1094\"\n               class=\"ngg-fancybox\" rel=\"4cca3b5e6080a7dbbd5acc7be21dc87d\">\n                <img\n                    title=\"pla-1094\"\n                    alt=\"pla-1094\"\n                    src=\"http:\/\/www.spaziotorino.it\/scatto\/wp-content\/gallery\/2018_07_05_dalla\/cache\/pla-1094.jpg-nggid0520772-ngg0dyn-60x60x100-00f0w010c011r110f110r010t010.jpg\"\n                    width=\"60\"\n                    height=\"60\"\n                    style=\"max-width:100%;\"\n                \/>\n            <\/a>\n        <\/div>\n\t\t\t\t\t\t\t<\/div> \n\t\t\t\n        \n\t\t\t\t<div id=\"ngg-image-8\" class=\"ngg-gallery-thumbnail-box\" >\n\t\t\t\t        <div class=\"ngg-gallery-thumbnail\">\n            <a href=\"http:\/\/www.spaziotorino.it\/scatto\/wp-content\/gallery\/2018_07_05_dalla\/pla-1101.jpg\"\n               title=\"\"\n               data-src=\"http:\/\/www.spaziotorino.it\/scatto\/wp-content\/gallery\/2018_07_05_dalla\/pla-1101.jpg\"\n               data-thumbnail=\"http:\/\/www.spaziotorino.it\/scatto\/wp-content\/gallery\/2018_07_05_dalla\/thumbs\/thumbs_pla-1101.jpg\"\n               data-image-id=\"20773\"\n               data-title=\"pla-1101\"\n               data-description=\"\"\n               data-image-slug=\"pla-1101\"\n               class=\"ngg-fancybox\" rel=\"4cca3b5e6080a7dbbd5acc7be21dc87d\">\n                <img\n                    title=\"pla-1101\"\n                    alt=\"pla-1101\"\n                    src=\"http:\/\/www.spaziotorino.it\/scatto\/wp-content\/gallery\/2018_07_05_dalla\/cache\/pla-1101.jpg-nggid0520773-ngg0dyn-60x60x100-00f0w010c011r110f110r010t010.jpg\"\n                    width=\"60\"\n                    height=\"60\"\n                    style=\"max-width:100%;\"\n                \/>\n            <\/a>\n        <\/div>\n\t\t\t\t\t\t\t<\/div> \n\t\t\t\n        \n\t\t\t\t<div id=\"ngg-image-9\" class=\"ngg-gallery-thumbnail-box\" >\n\t\t\t\t        <div class=\"ngg-gallery-thumbnail\">\n            <a href=\"http:\/\/www.spaziotorino.it\/scatto\/wp-content\/gallery\/2018_07_05_dalla\/pla-1106.jpg\"\n               title=\"\"\n               data-src=\"http:\/\/www.spaziotorino.it\/scatto\/wp-content\/gallery\/2018_07_05_dalla\/pla-1106.jpg\"\n               data-thumbnail=\"http:\/\/www.spaziotorino.it\/scatto\/wp-content\/gallery\/2018_07_05_dalla\/thumbs\/thumbs_pla-1106.jpg\"\n               data-image-id=\"20774\"\n               data-title=\"pla-1106\"\n               data-description=\"\"\n               data-image-slug=\"pla-1106\"\n               class=\"ngg-fancybox\" rel=\"4cca3b5e6080a7dbbd5acc7be21dc87d\">\n                <img\n                    title=\"pla-1106\"\n                    alt=\"pla-1106\"\n                    src=\"http:\/\/www.spaziotorino.it\/scatto\/wp-content\/gallery\/2018_07_05_dalla\/cache\/pla-1106.jpg-nggid0520774-ngg0dyn-60x60x100-00f0w010c011r110f110r010t010.jpg\"\n                    width=\"60\"\n                    height=\"60\"\n                    style=\"max-width:100%;\"\n                \/>\n            <\/a>\n        <\/div>\n\t\t\t\t\t\t\t<\/div> \n\t\t\t\n        \n\t\t\t\t<div id=\"ngg-image-10\" class=\"ngg-gallery-thumbnail-box\" >\n\t\t\t\t        <div class=\"ngg-gallery-thumbnail\">\n            <a href=\"http:\/\/www.spaziotorino.it\/scatto\/wp-content\/gallery\/2018_07_05_dalla\/pla-1117.jpg\"\n               title=\"\"\n               data-src=\"http:\/\/www.spaziotorino.it\/scatto\/wp-content\/gallery\/2018_07_05_dalla\/pla-1117.jpg\"\n               data-thumbnail=\"http:\/\/www.spaziotorino.it\/scatto\/wp-content\/gallery\/2018_07_05_dalla\/thumbs\/thumbs_pla-1117.jpg\"\n               data-image-id=\"20775\"\n               data-title=\"pla-1117\"\n               data-description=\"\"\n               data-image-slug=\"pla-1117\"\n               class=\"ngg-fancybox\" rel=\"4cca3b5e6080a7dbbd5acc7be21dc87d\">\n                <img\n                    title=\"pla-1117\"\n                    alt=\"pla-1117\"\n                    src=\"http:\/\/www.spaziotorino.it\/scatto\/wp-content\/gallery\/2018_07_05_dalla\/cache\/pla-1117.jpg-nggid0520775-ngg0dyn-60x60x100-00f0w010c011r110f110r010t010.jpg\"\n                    width=\"60\"\n                    height=\"60\"\n                    style=\"max-width:100%;\"\n                \/>\n            <\/a>\n        <\/div>\n\t\t\t\t\t\t\t<\/div> \n\t\t\t\n        \n\t\t\t\t<div id=\"ngg-image-11\" class=\"ngg-gallery-thumbnail-box\" >\n\t\t\t\t        <div class=\"ngg-gallery-thumbnail\">\n            <a href=\"http:\/\/www.spaziotorino.it\/scatto\/wp-content\/gallery\/2018_07_05_dalla\/pla-1154.jpg\"\n               title=\"\"\n               data-src=\"http:\/\/www.spaziotorino.it\/scatto\/wp-content\/gallery\/2018_07_05_dalla\/pla-1154.jpg\"\n               data-thumbnail=\"http:\/\/www.spaziotorino.it\/scatto\/wp-content\/gallery\/2018_07_05_dalla\/thumbs\/thumbs_pla-1154.jpg\"\n               data-image-id=\"20776\"\n               data-title=\"pla-1154\"\n               data-description=\"\"\n               data-image-slug=\"pla-1154-1\"\n               class=\"ngg-fancybox\" rel=\"4cca3b5e6080a7dbbd5acc7be21dc87d\">\n                <img\n                    title=\"pla-1154\"\n                    alt=\"pla-1154\"\n                    src=\"http:\/\/www.spaziotorino.it\/scatto\/wp-content\/gallery\/2018_07_05_dalla\/cache\/pla-1154.jpg-nggid0520776-ngg0dyn-60x60x100-00f0w010c011r110f110r010t010.jpg\"\n                    width=\"60\"\n                    height=\"60\"\n                    style=\"max-width:100%;\"\n                \/>\n            <\/a>\n        <\/div>\n\t\t\t\t\t\t\t<\/div> \n\t\t\t\n        \n\t\t\t\t<div id=\"ngg-image-12\" class=\"ngg-gallery-thumbnail-box\" >\n\t\t\t\t        <div class=\"ngg-gallery-thumbnail\">\n            <a href=\"http:\/\/www.spaziotorino.it\/scatto\/wp-content\/gallery\/2018_07_05_dalla\/pla-1191.jpg\"\n               title=\"\"\n               data-src=\"http:\/\/www.spaziotorino.it\/scatto\/wp-content\/gallery\/2018_07_05_dalla\/pla-1191.jpg\"\n               data-thumbnail=\"http:\/\/www.spaziotorino.it\/scatto\/wp-content\/gallery\/2018_07_05_dalla\/thumbs\/thumbs_pla-1191.jpg\"\n               data-image-id=\"20777\"\n               data-title=\"pla-1191\"\n               data-description=\"\"\n               data-image-slug=\"pla-1191\"\n               class=\"ngg-fancybox\" rel=\"4cca3b5e6080a7dbbd5acc7be21dc87d\">\n                <img\n                    title=\"pla-1191\"\n                    alt=\"pla-1191\"\n                    src=\"http:\/\/www.spaziotorino.it\/scatto\/wp-content\/gallery\/2018_07_05_dalla\/cache\/pla-1191.jpg-nggid0520777-ngg0dyn-60x60x100-00f0w010c011r110f110r010t010.jpg\"\n                    width=\"60\"\n                    height=\"60\"\n                    style=\"max-width:100%;\"\n                \/>\n            <\/a>\n        <\/div>\n\t\t\t\t\t\t\t<\/div> \n\t\t\t\n        \n\t\t\t\t<div id=\"ngg-image-13\" class=\"ngg-gallery-thumbnail-box\" >\n\t\t\t\t        <div class=\"ngg-gallery-thumbnail\">\n            <a href=\"http:\/\/www.spaziotorino.it\/scatto\/wp-content\/gallery\/2018_07_05_dalla\/pla-1201.jpg\"\n               title=\"\"\n               data-src=\"http:\/\/www.spaziotorino.it\/scatto\/wp-content\/gallery\/2018_07_05_dalla\/pla-1201.jpg\"\n               data-thumbnail=\"http:\/\/www.spaziotorino.it\/scatto\/wp-content\/gallery\/2018_07_05_dalla\/thumbs\/thumbs_pla-1201.jpg\"\n               data-image-id=\"20778\"\n               data-title=\"pla-1201\"\n               data-description=\"\"\n               data-image-slug=\"pla-1201\"\n               class=\"ngg-fancybox\" rel=\"4cca3b5e6080a7dbbd5acc7be21dc87d\">\n                <img\n                    title=\"pla-1201\"\n                    alt=\"pla-1201\"\n                    src=\"http:\/\/www.spaziotorino.it\/scatto\/wp-content\/gallery\/2018_07_05_dalla\/cache\/pla-1201.jpg-nggid0520778-ngg0dyn-60x60x100-00f0w010c011r110f110r010t010.jpg\"\n                    width=\"60\"\n                    height=\"60\"\n                    style=\"max-width:100%;\"\n                \/>\n            <\/a>\n        <\/div>\n\t\t\t\t\t\t\t<\/div> \n\t\t\t\n        \n\t\t\t\t<div id=\"ngg-image-14\" class=\"ngg-gallery-thumbnail-box\" >\n\t\t\t\t        <div class=\"ngg-gallery-thumbnail\">\n            <a href=\"http:\/\/www.spaziotorino.it\/scatto\/wp-content\/gallery\/2018_07_05_dalla\/pla-1220.jpg\"\n               title=\"\"\n               data-src=\"http:\/\/www.spaziotorino.it\/scatto\/wp-content\/gallery\/2018_07_05_dalla\/pla-1220.jpg\"\n               data-thumbnail=\"http:\/\/www.spaziotorino.it\/scatto\/wp-content\/gallery\/2018_07_05_dalla\/thumbs\/thumbs_pla-1220.jpg\"\n               data-image-id=\"20779\"\n               data-title=\"pla-1220\"\n               data-description=\"\"\n               data-image-slug=\"pla-1220\"\n               class=\"ngg-fancybox\" rel=\"4cca3b5e6080a7dbbd5acc7be21dc87d\">\n                <img\n                    title=\"pla-1220\"\n                    alt=\"pla-1220\"\n                    src=\"http:\/\/www.spaziotorino.it\/scatto\/wp-content\/gallery\/2018_07_05_dalla\/cache\/pla-1220.jpg-nggid0520779-ngg0dyn-60x60x100-00f0w010c011r110f110r010t010.jpg\"\n                    width=\"60\"\n                    height=\"60\"\n                    style=\"max-width:100%;\"\n                \/>\n            <\/a>\n        <\/div>\n\t\t\t\t\t\t\t<\/div> \n\t\t\t\n        \n\t\t\t\t<div id=\"ngg-image-15\" class=\"ngg-gallery-thumbnail-box\" >\n\t\t\t\t        <div class=\"ngg-gallery-thumbnail\">\n            <a href=\"http:\/\/www.spaziotorino.it\/scatto\/wp-content\/gallery\/2018_07_05_dalla\/pla-1261.jpg\"\n               title=\"\"\n               data-src=\"http:\/\/www.spaziotorino.it\/scatto\/wp-content\/gallery\/2018_07_05_dalla\/pla-1261.jpg\"\n               data-thumbnail=\"http:\/\/www.spaziotorino.it\/scatto\/wp-content\/gallery\/2018_07_05_dalla\/thumbs\/thumbs_pla-1261.jpg\"\n               data-image-id=\"20780\"\n               data-title=\"pla-1261\"\n               data-description=\"\"\n               data-image-slug=\"pla-1261\"\n               class=\"ngg-fancybox\" rel=\"4cca3b5e6080a7dbbd5acc7be21dc87d\">\n                <img\n                    title=\"pla-1261\"\n                    alt=\"pla-1261\"\n                    src=\"http:\/\/www.spaziotorino.it\/scatto\/wp-content\/gallery\/2018_07_05_dalla\/cache\/pla-1261.jpg-nggid0520780-ngg0dyn-60x60x100-00f0w010c011r110f110r010t010.jpg\"\n                    width=\"60\"\n                    height=\"60\"\n                    style=\"max-width:100%;\"\n                \/>\n            <\/a>\n        <\/div>\n\t\t\t\t\t\t\t<\/div> \n\t\t\t\n        \n\t\t\n\t\t<!-- Pagination -->\n\t<div class='ngg-clear'><\/div>\t<\/div>\n\n<p><iframe data-cc-src=\"https:\/\/www.youtube-nocookie.com\/embed\/CF8nPDjQfEo\" title=\"YouTube video player\" data-consent=\"youtube\" data-block=\"show\" allow=\"accelerometer; autoplay; clipboard-write; encrypted-media; gyroscope; picture-in-picture\" allowfullscreen=\"\" width=\"540\" height=\"360\" frameborder=\"0\"><\/iframe><\/p>\n<p><strong>(Estate Reale &#8211; piazzetta Reale fino al&nbsp;15 luglio)<\/strong>&nbsp;<a href=\"http:\/\/www.torinoestate.it\/\"><strong>www.torinoestate.it<\/strong><\/a><\/p>\n<p>\u2018<strong>Per Lucio<\/strong>\u2019<strong>&nbsp;<\/strong>\u00e8 il tributo che&nbsp;<strong>Gaetano Curreri<\/strong>,&nbsp;<strong>Paolo Fresu, Raffaele Casarano<\/strong>&nbsp;e&nbsp;<strong>Fabrizio Foschini<\/strong><strong>&nbsp;<\/strong>realizzeranno, gioved\u00ec&nbsp;<strong>5 luglio<\/strong>, a Lucio Dalla<strong>.<\/strong><\/p>\n<p>\u201c<em>La prima volta che ho incontrato Paolo Fresu ho capito subito che poteva essere mio amico \u2013 <\/em>dichiara <strong>Gaetano Curreri<\/strong>, <strong>voce degli Stadio<\/strong> \u2013 <em>sentirlo suonare faceva venir voglia di stare con lui sul palco. Lucio Dalla \u00e8 stato il gancio che ha unito la sua cultura musicale con la mia storia. La genialit\u00e0 musicale di Paolo mi ricorda tanto il mood di Lucio, sempre alla ricerca di strade nuove e nuove possibilit\u00e0 che solo la musica ti sa dare. Stare sul palco con Paolo mi fa sentire la stessa magia che respiravo insieme a Lucio. Quando canto le canzoni di Dalla, accompagnato dalla tromba di Paolo, sento che il \u201cragno\u201d \u00e8 ancora qui insieme a me.\u201d<\/em><\/p>\n<p>Di e con<br \/>\n<strong>Gaetano Curreri,<\/strong>&nbsp;voce<br \/>\n<strong>Paolo Fresu, <\/strong>tromba, flicorno,&nbsp;effetti<br \/>\n<strong>Raffaele Casarano,<\/strong> sax,&nbsp;effetti<br \/>\n<strong>Fabrizio Foschini,<\/strong>&nbsp;pianoforte<\/p>\n<p>&nbsp;<\/p>\n","protected":false},"excerpt":{"rendered":"<p>(Estate Reale &#8211; piazzetta Reale fino al&nbsp;15 luglio)&nbsp;www.torinoestate.it \u2018Per Lucio\u2019&nbsp;\u00e8 il tributo che&nbsp;Gaetano Curreri,&nbsp;Paolo Fresu, Raffaele Casarano&nbsp;e&nbsp;Fabrizio Foschini&nbsp;realizzeranno, gioved\u00ec&nbsp;5 luglio, a Lucio Dalla. \u201cLa prima volta che ho incontrato Paolo Fresu ho capito subito che poteva essere mio amico \u2013 dichiara Gaetano Curreri, voce degli Stadio \u2013 sentirlo suonare faceva venir voglia di stare con [&hellip;]<\/p>\n","protected":false},"author":1,"featured_media":0,"comment_status":"closed","ping_status":"open","sticky":false,"template":"","format":"standard","meta":{"ngg_post_thumbnail":0},"categories":[133,1,134,154],"tags":[],"_links":{"self":[{"href":"http:\/\/www.spaziotorino.it\/scatto\/index.php?rest_route=\/wp\/v2\/posts\/12063"}],"collection":[{"href":"http:\/\/www.spaziotorino.it\/scatto\/index.php?rest_route=\/wp\/v2\/posts"}],"about":[{"href":"http:\/\/www.spaziotorino.it\/scatto\/index.php?rest_route=\/wp\/v2\/types\/post"}],"author":[{"embeddable":true,"href":"http:\/\/www.spaziotorino.it\/scatto\/index.php?rest_route=\/wp\/v2\/users\/1"}],"replies":[{"embeddable":true,"href":"http:\/\/www.spaziotorino.it\/scatto\/index.php?rest_route=%2Fwp%2Fv2%2Fcomments&post=12063"}],"version-history":[{"count":6,"href":"http:\/\/www.spaziotorino.it\/scatto\/index.php?rest_route=\/wp\/v2\/posts\/12063\/revisions"}],"predecessor-version":[{"id":12090,"href":"http:\/\/www.spaziotorino.it\/scatto\/index.php?rest_route=\/wp\/v2\/posts\/12063\/revisions\/12090"}],"wp:attachment":[{"href":"http:\/\/www.spaziotorino.it\/scatto\/index.php?rest_route=%2Fwp%2Fv2%2Fmedia&parent=12063"}],"wp:term":[{"taxonomy":"category","embeddable":true,"href":"http:\/\/www.spaziotorino.it\/scatto\/index.php?rest_route=%2Fwp%2Fv2%2Fcategories&post=12063"},{"taxonomy":"post_tag","embeddable":true,"href":"http:\/\/www.spaziotorino.it\/scatto\/index.php?rest_route=%2Fwp%2Fv2%2Ftags&post=12063"}],"curies":[{"name":"wp","href":"https:\/\/api.w.org\/{rel}","templated":true}]}}