{"id":12105,"date":"2018-07-06T16:00:16","date_gmt":"2018-07-06T15:00:16","guid":{"rendered":"http:\/\/www.spaziotorino.it\/scatto\/?p=12105"},"modified":"2018-07-10T16:02:21","modified_gmt":"2018-07-10T15:02:21","slug":"una-targa-a-ricordo-di-manuela-papaveri-ai-giardini-reali","status":"publish","type":"post","link":"http:\/\/www.spaziotorino.it\/scatto\/?p=12105","title":{"rendered":"Una targa a ricordo di Manuela Papaveri ai Giardini reali"},"content":{"rendered":"<p><a class=\"ngg-fancybox\" title=\"Una targa a ricordo di Manuela Papaveri ai Giardini reali\" href=\"http:\/\/www.spaziotorino.it\/scatto\/wp-content\/gallery\/2018_07_06_papaveri\/RIO_5165.jpg\" rel=\"86da3c629d2d01dd7c2434f301d8f76e\"><br \/>\n<img decoding=\"async\" loading=\"lazy\" class=\"ngg-singlepic\" title=\"Una targa a ricordo di Manuela Papaveri ai Giardini reali\" src=\"http:\/\/www.spaziotorino.it\/scatto\/wp-content\/gallery\/2018_07_06_papaveri\/RIO_5165.jpg\" alt=\"\" width=\"540\" height=\"360\"\/><\/a><\/p>\n<!-- index.php -->\n<div\n\tclass=\"ngg-galleryoverview ngg-ajax-pagination-none\"\n\tid=\"ngg-gallery-f86e7ea211ae881a39ed860aa46da5c0-1\">\n\n    \t\t<!-- Thumbnails -->\n\t\t\t\t<div id=\"ngg-image-0\" class=\"ngg-gallery-thumbnail-box\" >\n\t\t\t\t        <div class=\"ngg-gallery-thumbnail\">\n            <a href=\"http:\/\/www.spaziotorino.it\/scatto\/wp-content\/gallery\/2018_07_06_papaveri\/RIO_5143.jpg\"\n               title=\"\"\n               data-src=\"http:\/\/www.spaziotorino.it\/scatto\/wp-content\/gallery\/2018_07_06_papaveri\/RIO_5143.jpg\"\n               data-thumbnail=\"http:\/\/www.spaziotorino.it\/scatto\/wp-content\/gallery\/2018_07_06_papaveri\/thumbs\/thumbs_RIO_5143.jpg\"\n               data-image-id=\"20788\"\n               data-title=\"RIO_5143\"\n               data-description=\"\"\n               data-image-slug=\"rio_5143\"\n               class=\"ngg-fancybox\" rel=\"f86e7ea211ae881a39ed860aa46da5c0\">\n                <img\n                    title=\"RIO_5143\"\n                    alt=\"RIO_5143\"\n                    src=\"http:\/\/www.spaziotorino.it\/scatto\/wp-content\/gallery\/2018_07_06_papaveri\/cache\/RIO_5143.jpg-nggid0520788-ngg0dyn-60x60x100-00f0w010c011r110f110r010t010.jpg\"\n                    width=\"60\"\n                    height=\"60\"\n                    style=\"max-width:100%;\"\n                \/>\n            <\/a>\n        <\/div>\n\t\t\t\t\t\t\t<\/div> \n\t\t\t\n        \n\t\t\t\t<div id=\"ngg-image-1\" class=\"ngg-gallery-thumbnail-box\" >\n\t\t\t\t        <div class=\"ngg-gallery-thumbnail\">\n            <a href=\"http:\/\/www.spaziotorino.it\/scatto\/wp-content\/gallery\/2018_07_06_papaveri\/RIO_5147.jpg\"\n               title=\"\"\n               data-src=\"http:\/\/www.spaziotorino.it\/scatto\/wp-content\/gallery\/2018_07_06_papaveri\/RIO_5147.jpg\"\n               data-thumbnail=\"http:\/\/www.spaziotorino.it\/scatto\/wp-content\/gallery\/2018_07_06_papaveri\/thumbs\/thumbs_RIO_5147.jpg\"\n               data-image-id=\"20789\"\n               data-title=\"RIO_5147\"\n               data-description=\"\"\n               data-image-slug=\"rio_5147\"\n               class=\"ngg-fancybox\" rel=\"f86e7ea211ae881a39ed860aa46da5c0\">\n                <img\n                    title=\"RIO_5147\"\n                    alt=\"RIO_5147\"\n                    src=\"http:\/\/www.spaziotorino.it\/scatto\/wp-content\/gallery\/2018_07_06_papaveri\/cache\/RIO_5147.jpg-nggid0520789-ngg0dyn-60x60x100-00f0w010c011r110f110r010t010.jpg\"\n                    width=\"60\"\n                    height=\"60\"\n                    style=\"max-width:100%;\"\n                \/>\n            <\/a>\n        <\/div>\n\t\t\t\t\t\t\t<\/div> \n\t\t\t\n        \n\t\t\t\t<div id=\"ngg-image-2\" class=\"ngg-gallery-thumbnail-box\" >\n\t\t\t\t        <div class=\"ngg-gallery-thumbnail\">\n            <a href=\"http:\/\/www.spaziotorino.it\/scatto\/wp-content\/gallery\/2018_07_06_papaveri\/RIO_5156.jpg\"\n               title=\"\"\n               data-src=\"http:\/\/www.spaziotorino.it\/scatto\/wp-content\/gallery\/2018_07_06_papaveri\/RIO_5156.jpg\"\n               data-thumbnail=\"http:\/\/www.spaziotorino.it\/scatto\/wp-content\/gallery\/2018_07_06_papaveri\/thumbs\/thumbs_RIO_5156.jpg\"\n               data-image-id=\"20790\"\n               data-title=\"RIO_5156\"\n               data-description=\"\"\n               data-image-slug=\"rio_5156\"\n               class=\"ngg-fancybox\" rel=\"f86e7ea211ae881a39ed860aa46da5c0\">\n                <img\n                    title=\"RIO_5156\"\n                    alt=\"RIO_5156\"\n                    src=\"http:\/\/www.spaziotorino.it\/scatto\/wp-content\/gallery\/2018_07_06_papaveri\/cache\/RIO_5156.jpg-nggid0520790-ngg0dyn-60x60x100-00f0w010c011r110f110r010t010.jpg\"\n                    width=\"60\"\n                    height=\"60\"\n                    style=\"max-width:100%;\"\n                \/>\n            <\/a>\n        <\/div>\n\t\t\t\t\t\t\t<\/div> \n\t\t\t\n        \n\t\t\t\t<div id=\"ngg-image-3\" class=\"ngg-gallery-thumbnail-box\" >\n\t\t\t\t        <div class=\"ngg-gallery-thumbnail\">\n            <a href=\"http:\/\/www.spaziotorino.it\/scatto\/wp-content\/gallery\/2018_07_06_papaveri\/RIO_5158.jpg\"\n               title=\"\"\n               data-src=\"http:\/\/www.spaziotorino.it\/scatto\/wp-content\/gallery\/2018_07_06_papaveri\/RIO_5158.jpg\"\n               data-thumbnail=\"http:\/\/www.spaziotorino.it\/scatto\/wp-content\/gallery\/2018_07_06_papaveri\/thumbs\/thumbs_RIO_5158.jpg\"\n               data-image-id=\"20791\"\n               data-title=\"RIO_5158\"\n               data-description=\"\"\n               data-image-slug=\"rio_5158\"\n               class=\"ngg-fancybox\" rel=\"f86e7ea211ae881a39ed860aa46da5c0\">\n                <img\n                    title=\"RIO_5158\"\n                    alt=\"RIO_5158\"\n                    src=\"http:\/\/www.spaziotorino.it\/scatto\/wp-content\/gallery\/2018_07_06_papaveri\/cache\/RIO_5158.jpg-nggid0520791-ngg0dyn-60x60x100-00f0w010c011r110f110r010t010.jpg\"\n                    width=\"60\"\n                    height=\"60\"\n                    style=\"max-width:100%;\"\n                \/>\n            <\/a>\n        <\/div>\n\t\t\t\t\t\t\t<\/div> \n\t\t\t\n        \n\t\t\t\t<div id=\"ngg-image-4\" class=\"ngg-gallery-thumbnail-box\" >\n\t\t\t\t        <div class=\"ngg-gallery-thumbnail\">\n            <a href=\"http:\/\/www.spaziotorino.it\/scatto\/wp-content\/gallery\/2018_07_06_papaveri\/RIO_5165.jpg\"\n               title=\"\"\n               data-src=\"http:\/\/www.spaziotorino.it\/scatto\/wp-content\/gallery\/2018_07_06_papaveri\/RIO_5165.jpg\"\n               data-thumbnail=\"http:\/\/www.spaziotorino.it\/scatto\/wp-content\/gallery\/2018_07_06_papaveri\/thumbs\/thumbs_RIO_5165.jpg\"\n               data-image-id=\"20792\"\n               data-title=\"RIO_5165\"\n               data-description=\"\"\n               data-image-slug=\"rio_5165\"\n               class=\"ngg-fancybox\" rel=\"f86e7ea211ae881a39ed860aa46da5c0\">\n                <img\n                    title=\"RIO_5165\"\n                    alt=\"RIO_5165\"\n                    src=\"http:\/\/www.spaziotorino.it\/scatto\/wp-content\/gallery\/2018_07_06_papaveri\/cache\/RIO_5165.jpg-nggid0520792-ngg0dyn-60x60x100-00f0w010c011r110f110r010t010.jpg\"\n                    width=\"60\"\n                    height=\"60\"\n                    style=\"max-width:100%;\"\n                \/>\n            <\/a>\n        <\/div>\n\t\t\t\t\t\t\t<\/div> \n\t\t\t\n        \n\t\t\n\t\t<!-- Pagination -->\n\t<div class='ngg-clear'><\/div>\t<\/div>\n\n<p>\u201cManuela ha sfruttato nella sua breve vita ogni occasione per lasciare un segno tangibile della sua esistenza. In un mondo che tende all\u2019egocentrismo, all\u2019individualismo alla discriminazione, lo ha fatto non per se stessa ma per fare qualcosa di buono per gli altri\u201d.<br \/>\nCon queste parole, il consigliere Marco Chessa \u00e8 intervenuto questa mattina, in rappresentanza della Citt\u00e0, alla cerimonia di scoprimento di una targa, presso i giardini reali inferiori, in ricordo di Manuela Papaveri, psicologa, terapeuta ma definita da tutti benefattrice.<br \/>\nScomparsa nel 2010 a soli 33 anni, si \u00e8 dedicata alla difesa dei pi\u00f9 deboli ed in particolare delle persone con disabilit\u00e0.<\/p>\n<p>Attraverso l\u2019associazione Area Onlus ha sviluppato, come psicologa, progetti patrocinati dalla Citt\u00e0, mentre grazie anche al contributo della Fondazione CRT, ha dato vita a Di.To., Disabilit\u00e0 a Torino, dedicato alle famiglie con bambini disabili di et\u00e0 compresa tra zero e quattordici anni.<br \/>\nLa sua attivit\u00e0, svolta anche come volontaria all\u2019interno delle associazioni Paideia ed Eg\u00f2, \u00e8 stata ricordata dall\u2019amico Emanuele Migliore e da Giovanna Recchi, presidente dell\u2019associazione Area Onlus. Alla cerimonia era presente anche il pap\u00e0 di Manuela, Giuseppe Papaveri.<br \/>\nPrima dello scoprimento della targa, ha portato il saluto della Circoscrizione 1 il vice presidente Francesco Martinez.<\/p>\n<p>Ufficio stampa Consiglio Comunale<\/p>\n","protected":false},"excerpt":{"rendered":"<p>\u201cManuela ha sfruttato nella sua breve vita ogni occasione per lasciare un segno tangibile della sua esistenza. In un mondo che tende all\u2019egocentrismo, all\u2019individualismo alla discriminazione, lo ha fatto non per se stessa ma per fare qualcosa di buono per gli altri\u201d. Con queste parole, il consigliere Marco Chessa \u00e8 intervenuto questa mattina, in rappresentanza [&hellip;]<\/p>\n","protected":false},"author":1,"featured_media":0,"comment_status":"closed","ping_status":"open","sticky":false,"template":"","format":"standard","meta":{"ngg_post_thumbnail":0},"categories":[1,895],"tags":[],"_links":{"self":[{"href":"http:\/\/www.spaziotorino.it\/scatto\/index.php?rest_route=\/wp\/v2\/posts\/12105"}],"collection":[{"href":"http:\/\/www.spaziotorino.it\/scatto\/index.php?rest_route=\/wp\/v2\/posts"}],"about":[{"href":"http:\/\/www.spaziotorino.it\/scatto\/index.php?rest_route=\/wp\/v2\/types\/post"}],"author":[{"embeddable":true,"href":"http:\/\/www.spaziotorino.it\/scatto\/index.php?rest_route=\/wp\/v2\/users\/1"}],"replies":[{"embeddable":true,"href":"http:\/\/www.spaziotorino.it\/scatto\/index.php?rest_route=%2Fwp%2Fv2%2Fcomments&post=12105"}],"version-history":[{"count":2,"href":"http:\/\/www.spaziotorino.it\/scatto\/index.php?rest_route=\/wp\/v2\/posts\/12105\/revisions"}],"predecessor-version":[{"id":12107,"href":"http:\/\/www.spaziotorino.it\/scatto\/index.php?rest_route=\/wp\/v2\/posts\/12105\/revisions\/12107"}],"wp:attachment":[{"href":"http:\/\/www.spaziotorino.it\/scatto\/index.php?rest_route=%2Fwp%2Fv2%2Fmedia&parent=12105"}],"wp:term":[{"taxonomy":"category","embeddable":true,"href":"http:\/\/www.spaziotorino.it\/scatto\/index.php?rest_route=%2Fwp%2Fv2%2Fcategories&post=12105"},{"taxonomy":"post_tag","embeddable":true,"href":"http:\/\/www.spaziotorino.it\/scatto\/index.php?rest_route=%2Fwp%2Fv2%2Ftags&post=12105"}],"curies":[{"name":"wp","href":"https:\/\/api.w.org\/{rel}","templated":true}]}}