{"id":12164,"date":"2018-07-11T16:04:36","date_gmt":"2018-07-11T15:04:36","guid":{"rendered":"http:\/\/www.spaziotorino.it\/scatto\/?p=12164"},"modified":"2018-07-11T16:04:36","modified_gmt":"2018-07-11T15:04:36","slug":"mancano-due-mesi-ai-mondiali-di-pallavolo","status":"publish","type":"post","link":"http:\/\/www.spaziotorino.it\/scatto\/?p=12164","title":{"rendered":"Mancano due mesi ai Mondiali di pallavolo"},"content":{"rendered":"<p><a class=\"ngg-fancybox\" title=\"Mancano due mesi ai Mondiali di pallavolo\" href=\"http:\/\/www.spaziotorino.it\/scatto\/wp-content\/gallery\/2018_07_11_volley\/pla_1587.jpg\" rel=\"6d9f6751ad048717904be7fc892b36a8\"><br \/>\n<img decoding=\"async\" loading=\"lazy\" class=\"ngg-singlepic\" title=\"Mancano due mesi ai Mondiali di pallavolo\" src=\"http:\/\/www.spaziotorino.it\/scatto\/wp-content\/gallery\/2018_07_11_volley\/pla_1587.jpg\" alt=\"\" width=\"540\" height=\"360\"\/><\/a><\/p>\n<!-- index.php -->\n<div\n\tclass=\"ngg-galleryoverview ngg-ajax-pagination-none\"\n\tid=\"ngg-gallery-60116365c5147c4cf6597481bab24ecd-1\">\n\n    \t\t<!-- Thumbnails -->\n\t\t\t\t<div id=\"ngg-image-0\" class=\"ngg-gallery-thumbnail-box\" >\n\t\t\t\t        <div class=\"ngg-gallery-thumbnail\">\n            <a href=\"http:\/\/www.spaziotorino.it\/scatto\/wp-content\/gallery\/2018_07_11_volley\/pla_1419.jpg\"\n               title=\"\"\n               data-src=\"http:\/\/www.spaziotorino.it\/scatto\/wp-content\/gallery\/2018_07_11_volley\/pla_1419.jpg\"\n               data-thumbnail=\"http:\/\/www.spaziotorino.it\/scatto\/wp-content\/gallery\/2018_07_11_volley\/thumbs\/thumbs_pla_1419.jpg\"\n               data-image-id=\"20807\"\n               data-title=\"pla_1419\"\n               data-description=\"\"\n               data-image-slug=\"pla_1419\"\n               class=\"ngg-fancybox\" rel=\"60116365c5147c4cf6597481bab24ecd\">\n                <img\n                    title=\"pla_1419\"\n                    alt=\"pla_1419\"\n                    src=\"http:\/\/www.spaziotorino.it\/scatto\/wp-content\/gallery\/2018_07_11_volley\/cache\/pla_1419.jpg-nggid0520807-ngg0dyn-60x60x100-00f0w010c011r110f110r010t010.jpg\"\n                    width=\"60\"\n                    height=\"60\"\n                    style=\"max-width:100%;\"\n                \/>\n            <\/a>\n        <\/div>\n\t\t\t\t\t\t\t<\/div> \n\t\t\t\n        \n\t\t\t\t<div id=\"ngg-image-1\" class=\"ngg-gallery-thumbnail-box\" >\n\t\t\t\t        <div class=\"ngg-gallery-thumbnail\">\n            <a href=\"http:\/\/www.spaziotorino.it\/scatto\/wp-content\/gallery\/2018_07_11_volley\/pla_1436.jpg\"\n               title=\"\"\n               data-src=\"http:\/\/www.spaziotorino.it\/scatto\/wp-content\/gallery\/2018_07_11_volley\/pla_1436.jpg\"\n               data-thumbnail=\"http:\/\/www.spaziotorino.it\/scatto\/wp-content\/gallery\/2018_07_11_volley\/thumbs\/thumbs_pla_1436.jpg\"\n               data-image-id=\"20809\"\n               data-title=\"pla_1436\"\n               data-description=\"\"\n               data-image-slug=\"pla_1436\"\n               class=\"ngg-fancybox\" rel=\"60116365c5147c4cf6597481bab24ecd\">\n                <img\n                    title=\"pla_1436\"\n                    alt=\"pla_1436\"\n                    src=\"http:\/\/www.spaziotorino.it\/scatto\/wp-content\/gallery\/2018_07_11_volley\/cache\/pla_1436.jpg-nggid0520809-ngg0dyn-60x60x100-00f0w010c011r110f110r010t010.jpg\"\n                    width=\"60\"\n                    height=\"60\"\n                    style=\"max-width:100%;\"\n                \/>\n            <\/a>\n        <\/div>\n\t\t\t\t\t\t\t<\/div> \n\t\t\t\n        \n\t\t\t\t<div id=\"ngg-image-2\" class=\"ngg-gallery-thumbnail-box\" >\n\t\t\t\t        <div class=\"ngg-gallery-thumbnail\">\n            <a href=\"http:\/\/www.spaziotorino.it\/scatto\/wp-content\/gallery\/2018_07_11_volley\/pla_1444.jpg\"\n               title=\"\"\n               data-src=\"http:\/\/www.spaziotorino.it\/scatto\/wp-content\/gallery\/2018_07_11_volley\/pla_1444.jpg\"\n               data-thumbnail=\"http:\/\/www.spaziotorino.it\/scatto\/wp-content\/gallery\/2018_07_11_volley\/thumbs\/thumbs_pla_1444.jpg\"\n               data-image-id=\"20810\"\n               data-title=\"pla_1444\"\n               data-description=\"\"\n               data-image-slug=\"pla_1444\"\n               class=\"ngg-fancybox\" rel=\"60116365c5147c4cf6597481bab24ecd\">\n                <img\n                    title=\"pla_1444\"\n                    alt=\"pla_1444\"\n                    src=\"http:\/\/www.spaziotorino.it\/scatto\/wp-content\/gallery\/2018_07_11_volley\/cache\/pla_1444.jpg-nggid0520810-ngg0dyn-60x60x100-00f0w010c011r110f110r010t010.jpg\"\n                    width=\"60\"\n                    height=\"60\"\n                    style=\"max-width:100%;\"\n                \/>\n            <\/a>\n        <\/div>\n\t\t\t\t\t\t\t<\/div> \n\t\t\t\n        \n\t\t\t\t<div id=\"ngg-image-3\" class=\"ngg-gallery-thumbnail-box\" >\n\t\t\t\t        <div class=\"ngg-gallery-thumbnail\">\n            <a href=\"http:\/\/www.spaziotorino.it\/scatto\/wp-content\/gallery\/2018_07_11_volley\/pla_1489.jpg\"\n               title=\"\"\n               data-src=\"http:\/\/www.spaziotorino.it\/scatto\/wp-content\/gallery\/2018_07_11_volley\/pla_1489.jpg\"\n               data-thumbnail=\"http:\/\/www.spaziotorino.it\/scatto\/wp-content\/gallery\/2018_07_11_volley\/thumbs\/thumbs_pla_1489.jpg\"\n               data-image-id=\"20811\"\n               data-title=\"pla_1489\"\n               data-description=\"\"\n               data-image-slug=\"pla_1489\"\n               class=\"ngg-fancybox\" rel=\"60116365c5147c4cf6597481bab24ecd\">\n                <img\n                    title=\"pla_1489\"\n                    alt=\"pla_1489\"\n                    src=\"http:\/\/www.spaziotorino.it\/scatto\/wp-content\/gallery\/2018_07_11_volley\/cache\/pla_1489.jpg-nggid0520811-ngg0dyn-60x60x100-00f0w010c011r110f110r010t010.jpg\"\n                    width=\"60\"\n                    height=\"60\"\n                    style=\"max-width:100%;\"\n                \/>\n            <\/a>\n        <\/div>\n\t\t\t\t\t\t\t<\/div> \n\t\t\t\n        \n\t\t\t\t<div id=\"ngg-image-4\" class=\"ngg-gallery-thumbnail-box\" >\n\t\t\t\t        <div class=\"ngg-gallery-thumbnail\">\n            <a href=\"http:\/\/www.spaziotorino.it\/scatto\/wp-content\/gallery\/2018_07_11_volley\/pla_1575.jpg\"\n               title=\"\"\n               data-src=\"http:\/\/www.spaziotorino.it\/scatto\/wp-content\/gallery\/2018_07_11_volley\/pla_1575.jpg\"\n               data-thumbnail=\"http:\/\/www.spaziotorino.it\/scatto\/wp-content\/gallery\/2018_07_11_volley\/thumbs\/thumbs_pla_1575.jpg\"\n               data-image-id=\"20812\"\n               data-title=\"pla_1575\"\n               data-description=\"\"\n               data-image-slug=\"pla_1575\"\n               class=\"ngg-fancybox\" rel=\"60116365c5147c4cf6597481bab24ecd\">\n                <img\n                    title=\"pla_1575\"\n                    alt=\"pla_1575\"\n                    src=\"http:\/\/www.spaziotorino.it\/scatto\/wp-content\/gallery\/2018_07_11_volley\/cache\/pla_1575.jpg-nggid0520812-ngg0dyn-60x60x100-00f0w010c011r110f110r010t010.jpg\"\n                    width=\"60\"\n                    height=\"60\"\n                    style=\"max-width:100%;\"\n                \/>\n            <\/a>\n        <\/div>\n\t\t\t\t\t\t\t<\/div> \n\t\t\t\n        \n\t\t\t\t<div id=\"ngg-image-5\" class=\"ngg-gallery-thumbnail-box\" >\n\t\t\t\t        <div class=\"ngg-gallery-thumbnail\">\n            <a href=\"http:\/\/www.spaziotorino.it\/scatto\/wp-content\/gallery\/2018_07_11_volley\/pla_1587.jpg\"\n               title=\"\"\n               data-src=\"http:\/\/www.spaziotorino.it\/scatto\/wp-content\/gallery\/2018_07_11_volley\/pla_1587.jpg\"\n               data-thumbnail=\"http:\/\/www.spaziotorino.it\/scatto\/wp-content\/gallery\/2018_07_11_volley\/thumbs\/thumbs_pla_1587.jpg\"\n               data-image-id=\"20813\"\n               data-title=\"pla_1587\"\n               data-description=\"\"\n               data-image-slug=\"pla_1587\"\n               class=\"ngg-fancybox\" rel=\"60116365c5147c4cf6597481bab24ecd\">\n                <img\n                    title=\"pla_1587\"\n                    alt=\"pla_1587\"\n                    src=\"http:\/\/www.spaziotorino.it\/scatto\/wp-content\/gallery\/2018_07_11_volley\/cache\/pla_1587.jpg-nggid0520813-ngg0dyn-60x60x100-00f0w010c011r110f110r010t010.jpg\"\n                    width=\"60\"\n                    height=\"60\"\n                    style=\"max-width:100%;\"\n                \/>\n            <\/a>\n        <\/div>\n\t\t\t\t\t\t\t<\/div> \n\t\t\t\n        \n\t\t\t\t<div id=\"ngg-image-6\" class=\"ngg-gallery-thumbnail-box\" >\n\t\t\t\t        <div class=\"ngg-gallery-thumbnail\">\n            <a href=\"http:\/\/www.spaziotorino.it\/scatto\/wp-content\/gallery\/2018_07_11_volley\/pla_1600.jpg\"\n               title=\"\"\n               data-src=\"http:\/\/www.spaziotorino.it\/scatto\/wp-content\/gallery\/2018_07_11_volley\/pla_1600.jpg\"\n               data-thumbnail=\"http:\/\/www.spaziotorino.it\/scatto\/wp-content\/gallery\/2018_07_11_volley\/thumbs\/thumbs_pla_1600.jpg\"\n               data-image-id=\"20814\"\n               data-title=\"pla_1600\"\n               data-description=\"\"\n               data-image-slug=\"pla_1600\"\n               class=\"ngg-fancybox\" rel=\"60116365c5147c4cf6597481bab24ecd\">\n                <img\n                    title=\"pla_1600\"\n                    alt=\"pla_1600\"\n                    src=\"http:\/\/www.spaziotorino.it\/scatto\/wp-content\/gallery\/2018_07_11_volley\/cache\/pla_1600.jpg-nggid0520814-ngg0dyn-60x60x100-00f0w010c011r110f110r010t010.jpg\"\n                    width=\"60\"\n                    height=\"60\"\n                    style=\"max-width:100%;\"\n                \/>\n            <\/a>\n        <\/div>\n\t\t\t\t\t\t\t<\/div> \n\t\t\t\n        \n\t\t\n\t\t<!-- Pagination -->\n\t<div class='ngg-clear'><\/div>\t<\/div>\n\n<p>Mancano due mesi all\u2019inizio dei Mondiali di pallavolo, che quest\u2019anno saranno ospitati dall\u2019Italia e dalla Bulgaria. Si partir\u00e0 con la prima fase il 9 settembre  e a cui si sono qualificate 24 squadre. La nostra Nazionale giocher\u00e0 nel gruppo A assieme a Argentina, Belgio, Slovenia, Giappone e Repubblica Domenicana. Succesivamente si passer\u00e0 alla seconda fase e in conclusione \u2013 le cui partite saranno disputate a Torino \u2013 a una terza. Nel capoluogo piemontese accederanno le sei squadre rimaste in lizza per il titolo che verranno suddivise, tramite sorteggio, in due gironi da tre squadre. Le prime due qualificate dei raggruppamenti giocheranno le semifinali e di conseguenza le finali.<\/p>\n<p>I Mondiali di pallavolo si giocheranno a Torino dal 26 al 30 settembre. Ovviamente c\u2019\u00e8 gi\u00e0 un grande entusiasmo da parte degli appasionati e la speranza di vedere al Pala Alpitour la Nazionale azzurra allenata dal torinese Gianlorenzo Blengini.<\/p>\n<p>Anche la sindaca Chiara Appendino ha voluto mettere in evidenza l\u2019orgoglio di poter accogliere i Mondiali 2018 di pallavolo a Torino. \u201cSiamo felici di poter ospitare le fasi finale di questa grande manifestazione \u2013 ha sottolineato la sindaca. La storia della pallavolo a Torino \u00e8 un racconto ricco di tradizione, gioie, successi, momenti unici e indimenticabili. Sono convinta che la citt\u00e0 abbia dimostrato la sua capacit\u00e0 di organizzare dei grandi eventi, non solo sportivi. Ospitare i Mondiali, per me vuol dire coinvolgere tutta la comunit\u00e0 e mettere al centro i valori dello sport che sono il lavoro di squadra, il duro allenamento per raggiungere gli obiettivi e il rispetto dell\u2019avversario\u201d.<\/p>\n<p>All\u2019interno dei Mondiali sono stati creati due concorsi. Il primo \u00e8 dedicato agli artisti ceramisti chiamati a esprimere la propria idea sul gioco del volley. Il secondo \u00e8 di carattere giornalistico a cui hanno partecipato i ragazzi tra i 18 e i 23 anni. L\u2019obiettivo era quello di avvicinare i giovani ad una professione bellissima, che pu\u00f2 regalare a volte molte soddisfazioni.<\/p>\n<p>[Fonte: <a href=\"http:\/\/www.torinoclick.it\/?p=77751\">TorinoClick<\/a>]<\/p>\n","protected":false},"excerpt":{"rendered":"<p>Mancano due mesi all\u2019inizio dei Mondiali di pallavolo, che quest\u2019anno saranno ospitati dall\u2019Italia e dalla Bulgaria. Si partir\u00e0 con la prima fase il 9 settembre e a cui si sono qualificate 24 squadre. La nostra Nazionale giocher\u00e0 nel gruppo A assieme a Argentina, Belgio, Slovenia, Giappone e Repubblica Domenicana. Succesivamente si passer\u00e0 alla seconda fase [&hellip;]<\/p>\n","protected":false},"author":1,"featured_media":0,"comment_status":"closed","ping_status":"open","sticky":false,"template":"","format":"standard","meta":{"ngg_post_thumbnail":0},"categories":[133,1,10],"tags":[],"_links":{"self":[{"href":"http:\/\/www.spaziotorino.it\/scatto\/index.php?rest_route=\/wp\/v2\/posts\/12164"}],"collection":[{"href":"http:\/\/www.spaziotorino.it\/scatto\/index.php?rest_route=\/wp\/v2\/posts"}],"about":[{"href":"http:\/\/www.spaziotorino.it\/scatto\/index.php?rest_route=\/wp\/v2\/types\/post"}],"author":[{"embeddable":true,"href":"http:\/\/www.spaziotorino.it\/scatto\/index.php?rest_route=\/wp\/v2\/users\/1"}],"replies":[{"embeddable":true,"href":"http:\/\/www.spaziotorino.it\/scatto\/index.php?rest_route=%2Fwp%2Fv2%2Fcomments&post=12164"}],"version-history":[{"count":2,"href":"http:\/\/www.spaziotorino.it\/scatto\/index.php?rest_route=\/wp\/v2\/posts\/12164\/revisions"}],"predecessor-version":[{"id":12166,"href":"http:\/\/www.spaziotorino.it\/scatto\/index.php?rest_route=\/wp\/v2\/posts\/12164\/revisions\/12166"}],"wp:attachment":[{"href":"http:\/\/www.spaziotorino.it\/scatto\/index.php?rest_route=%2Fwp%2Fv2%2Fmedia&parent=12164"}],"wp:term":[{"taxonomy":"category","embeddable":true,"href":"http:\/\/www.spaziotorino.it\/scatto\/index.php?rest_route=%2Fwp%2Fv2%2Fcategories&post=12164"},{"taxonomy":"post_tag","embeddable":true,"href":"http:\/\/www.spaziotorino.it\/scatto\/index.php?rest_route=%2Fwp%2Fv2%2Ftags&post=12164"}],"curies":[{"name":"wp","href":"https:\/\/api.w.org\/{rel}","templated":true}]}}