{"id":1223,"date":"2011-03-07T16:00:56","date_gmt":"2011-03-07T15:00:56","guid":{"rendered":"http:\/\/www.spaziotorino.it\/scatto\/?p=1223"},"modified":"2011-03-07T18:27:03","modified_gmt":"2011-03-07T17:27:03","slug":"2%c2%b0-arena-european-championships-diving","status":"publish","type":"post","link":"http:\/\/www.spaziotorino.it\/scatto\/?p=1223","title":{"rendered":"2\u00b0 Arena European Championships Diving"},"content":{"rendered":"<p><a title=\"2\u00b0 Arena European Championships Diving\" rel=\"lightbox[set_194]\" href=\"http:\/\/www.spaziotorino.it\/scatto\/wp-content\/gallery\/2011_03_07_european_diving\/dsc_0872.jpg\"><br \/>\n<img decoding=\"async\" loading=\"lazy\" class=\"ngg-singlepic\" title=\"2\u00b0 Arena European Championships Diving\" src=\"http:\/\/www.spaziotorino.it\/scatto\/wp-content\/gallery\/2011_03_07_european_diving\/dsc_0872.jpg\" alt=\"\" width=\"540\" height=\"360\" \/><br \/>\n<\/a><\/p>\n<!-- index.php -->\n<div\n\tclass=\"ngg-galleryoverview ngg-ajax-pagination-none\"\n\tid=\"ngg-gallery-6a95768db4645011c1a2a77156f4a02a-1\">\n\n    \t\t<!-- Thumbnails -->\n\t\t\t\t<div id=\"ngg-image-0\" class=\"ngg-gallery-thumbnail-box\" >\n\t\t\t\t        <div class=\"ngg-gallery-thumbnail\">\n            <a href=\"http:\/\/www.spaziotorino.it\/scatto\/wp-content\/gallery\/2011_03_07_european_diving\/dsc_0872.jpg\"\n               title=\"Gianfranco Porqueddu\"\n               data-src=\"http:\/\/www.spaziotorino.it\/scatto\/wp-content\/gallery\/2011_03_07_european_diving\/dsc_0872.jpg\"\n               data-thumbnail=\"http:\/\/www.spaziotorino.it\/scatto\/wp-content\/gallery\/2011_03_07_european_diving\/thumbs\/thumbs_dsc_0872.jpg\"\n               data-image-id=\"3075\"\n               data-title=\"Gianfranco Porqueddu\"\n               data-description=\"Gianfranco Porqueddu\"\n               data-image-slug=\"gianfranco-porqueddu\"\n               class=\"ngg-fancybox\" rel=\"6a95768db4645011c1a2a77156f4a02a\">\n                <img\n                    title=\"Gianfranco Porqueddu\"\n                    alt=\"Gianfranco Porqueddu\"\n                    src=\"http:\/\/www.spaziotorino.it\/scatto\/wp-content\/gallery\/2011_03_07_european_diving\/cache\/dsc_0872.jpg-nggid043075-ngg0dyn-60x60x100-00f0w010c011r110f110r010t010.jpg\"\n                    width=\"60\"\n                    height=\"60\"\n                    style=\"max-width:100%;\"\n                \/>\n            <\/a>\n        <\/div>\n\t\t\t\t\t\t\t<\/div> \n\t\t\t\n        \n\t\t\t\t<div id=\"ngg-image-1\" class=\"ngg-gallery-thumbnail-box\" >\n\t\t\t\t        <div class=\"ngg-gallery-thumbnail\">\n            <a href=\"http:\/\/www.spaziotorino.it\/scatto\/wp-content\/gallery\/2011_03_07_european_diving\/dsc_0883.jpg\"\n               title=\"Il Team Italiano\"\n               data-src=\"http:\/\/www.spaziotorino.it\/scatto\/wp-content\/gallery\/2011_03_07_european_diving\/dsc_0883.jpg\"\n               data-thumbnail=\"http:\/\/www.spaziotorino.it\/scatto\/wp-content\/gallery\/2011_03_07_european_diving\/thumbs\/thumbs_dsc_0883.jpg\"\n               data-image-id=\"3076\"\n               data-title=\"Il Team Italiano\"\n               data-description=\"Il Team Italiano\"\n               data-image-slug=\"il-team-italiano\"\n               class=\"ngg-fancybox\" rel=\"6a95768db4645011c1a2a77156f4a02a\">\n                <img\n                    title=\"Il Team Italiano\"\n                    alt=\"Il Team Italiano\"\n                    src=\"http:\/\/www.spaziotorino.it\/scatto\/wp-content\/gallery\/2011_03_07_european_diving\/cache\/dsc_0883.jpg-nggid043076-ngg0dyn-60x60x100-00f0w010c011r110f110r010t010.jpg\"\n                    width=\"60\"\n                    height=\"60\"\n                    style=\"max-width:100%;\"\n                \/>\n            <\/a>\n        <\/div>\n\t\t\t\t\t\t\t<\/div> \n\t\t\t\n        \n\t\t\t\t<div id=\"ngg-image-2\" class=\"ngg-gallery-thumbnail-box\" >\n\t\t\t\t        <div class=\"ngg-gallery-thumbnail\">\n            <a href=\"http:\/\/www.spaziotorino.it\/scatto\/wp-content\/gallery\/2011_03_07_european_diving\/dsc_0903.jpg\"\n               title=\"Il tavolo dei relatori\"\n               data-src=\"http:\/\/www.spaziotorino.it\/scatto\/wp-content\/gallery\/2011_03_07_european_diving\/dsc_0903.jpg\"\n               data-thumbnail=\"http:\/\/www.spaziotorino.it\/scatto\/wp-content\/gallery\/2011_03_07_european_diving\/thumbs\/thumbs_dsc_0903.jpg\"\n               data-image-id=\"3077\"\n               data-title=\"Il tavolo dei relatori\"\n               data-description=\"Il tavolo dei relatori\"\n               data-image-slug=\"il-tavolo-dei-relatori-3\"\n               class=\"ngg-fancybox\" rel=\"6a95768db4645011c1a2a77156f4a02a\">\n                <img\n                    title=\"Il tavolo dei relatori\"\n                    alt=\"Il tavolo dei relatori\"\n                    src=\"http:\/\/www.spaziotorino.it\/scatto\/wp-content\/gallery\/2011_03_07_european_diving\/cache\/dsc_0903.jpg-nggid043077-ngg0dyn-60x60x100-00f0w010c011r110f110r010t010.jpg\"\n                    width=\"60\"\n                    height=\"60\"\n                    style=\"max-width:100%;\"\n                \/>\n            <\/a>\n        <\/div>\n\t\t\t\t\t\t\t<\/div> \n\t\t\t\n        \n\t\t\t\t<div id=\"ngg-image-3\" class=\"ngg-gallery-thumbnail-box\" >\n\t\t\t\t        <div class=\"ngg-gallery-thumbnail\">\n            <a href=\"http:\/\/www.spaziotorino.it\/scatto\/wp-content\/gallery\/2011_03_07_european_diving\/dsc_0940.jpg\"\n               title=\"La sala gremita\"\n               data-src=\"http:\/\/www.spaziotorino.it\/scatto\/wp-content\/gallery\/2011_03_07_european_diving\/dsc_0940.jpg\"\n               data-thumbnail=\"http:\/\/www.spaziotorino.it\/scatto\/wp-content\/gallery\/2011_03_07_european_diving\/thumbs\/thumbs_dsc_0940.jpg\"\n               data-image-id=\"3078\"\n               data-title=\"La sala gremita\"\n               data-description=\"La sala gremita\"\n               data-image-slug=\"la-sala-gremita\"\n               class=\"ngg-fancybox\" rel=\"6a95768db4645011c1a2a77156f4a02a\">\n                <img\n                    title=\"La sala gremita\"\n                    alt=\"La sala gremita\"\n                    src=\"http:\/\/www.spaziotorino.it\/scatto\/wp-content\/gallery\/2011_03_07_european_diving\/cache\/dsc_0940.jpg-nggid043078-ngg0dyn-60x60x100-00f0w010c011r110f110r010t010.jpg\"\n                    width=\"60\"\n                    height=\"60\"\n                    style=\"max-width:100%;\"\n                \/>\n            <\/a>\n        <\/div>\n\t\t\t\t\t\t\t<\/div> \n\t\t\t\n        \n\t\t\t\t<div id=\"ngg-image-4\" class=\"ngg-gallery-thumbnail-box\" >\n\t\t\t\t        <div class=\"ngg-gallery-thumbnail\">\n            <a href=\"http:\/\/www.spaziotorino.it\/scatto\/wp-content\/gallery\/2011_03_07_european_diving\/dsc_0947.jpg\"\n               title=\"Nory Kruchten - Presidente Ligue Europ\u00e9enne de Natation\"\n               data-src=\"http:\/\/www.spaziotorino.it\/scatto\/wp-content\/gallery\/2011_03_07_european_diving\/dsc_0947.jpg\"\n               data-thumbnail=\"http:\/\/www.spaziotorino.it\/scatto\/wp-content\/gallery\/2011_03_07_european_diving\/thumbs\/thumbs_dsc_0947.jpg\"\n               data-image-id=\"3079\"\n               data-title=\"Nory Kruchten - Presidente Ligue Europ\u00e9enne de Natation\"\n               data-description=\"Nory Kruchten - Presidente Ligue Europ\u00e9enne de Natation\"\n               data-image-slug=\"nory-kruchten-presidente-ligue-europ%c3%a9enne-de-natation\"\n               class=\"ngg-fancybox\" rel=\"6a95768db4645011c1a2a77156f4a02a\">\n                <img\n                    title=\"Nory Kruchten - Presidente Ligue Europ\u00e9enne de Natation\"\n                    alt=\"Nory Kruchten - Presidente Ligue Europ\u00e9enne de Natation\"\n                    src=\"http:\/\/www.spaziotorino.it\/scatto\/wp-content\/gallery\/2011_03_07_european_diving\/cache\/dsc_0947.jpg-nggid043079-ngg0dyn-60x60x100-00f0w010c011r110f110r010t010.jpg\"\n                    width=\"60\"\n                    height=\"60\"\n                    style=\"max-width:100%;\"\n                \/>\n            <\/a>\n        <\/div>\n\t\t\t\t\t\t\t<\/div> \n\t\t\t\n        \n\t\t\t\t<div id=\"ngg-image-5\" class=\"ngg-gallery-thumbnail-box\" >\n\t\t\t\t        <div class=\"ngg-gallery-thumbnail\">\n            <a href=\"http:\/\/www.spaziotorino.it\/scatto\/wp-content\/gallery\/2011_03_07_european_diving\/dsc_1015.jpg\"\n               title=\"Enzo Bellardi - Presidente FIN Piemonte e Valle d\\&#039;Aosta\"\n               data-src=\"http:\/\/www.spaziotorino.it\/scatto\/wp-content\/gallery\/2011_03_07_european_diving\/dsc_1015.jpg\"\n               data-thumbnail=\"http:\/\/www.spaziotorino.it\/scatto\/wp-content\/gallery\/2011_03_07_european_diving\/thumbs\/thumbs_dsc_1015.jpg\"\n               data-image-id=\"3080\"\n               data-title=\"Enzo Bellardi - Presidente FIN Piemonte e Valle d\\&#039;Aosta\"\n               data-description=\"Enzo Bellardi - Presidente FIN Piemonte e Valle d&#039;Aosta\"\n               data-image-slug=\"enzo-bellardi-presidente-fin-piemonte-e-valle-daosta\"\n               class=\"ngg-fancybox\" rel=\"6a95768db4645011c1a2a77156f4a02a\">\n                <img\n                    title=\"Enzo Bellardi - Presidente FIN Piemonte e Valle d\\&#039;Aosta\"\n                    alt=\"Enzo Bellardi - Presidente FIN Piemonte e Valle d\\&#039;Aosta\"\n                    src=\"http:\/\/www.spaziotorino.it\/scatto\/wp-content\/gallery\/2011_03_07_european_diving\/cache\/dsc_1015.jpg-nggid043080-ngg0dyn-60x60x100-00f0w010c011r110f110r010t010.jpg\"\n                    width=\"60\"\n                    height=\"60\"\n                    style=\"max-width:100%;\"\n                \/>\n            <\/a>\n        <\/div>\n\t\t\t\t\t\t\t<\/div> \n\t\t\t\n        \n\t\t\t\t<div id=\"ngg-image-6\" class=\"ngg-gallery-thumbnail-box\" >\n\t\t\t\t        <div class=\"ngg-gallery-thumbnail\">\n            <a href=\"http:\/\/www.spaziotorino.it\/scatto\/wp-content\/gallery\/2011_03_07_european_diving\/dsc_1022.jpg\"\n               title=\"Maria Marconi - Argento agli Europei del 2009\"\n               data-src=\"http:\/\/www.spaziotorino.it\/scatto\/wp-content\/gallery\/2011_03_07_european_diving\/dsc_1022.jpg\"\n               data-thumbnail=\"http:\/\/www.spaziotorino.it\/scatto\/wp-content\/gallery\/2011_03_07_european_diving\/thumbs\/thumbs_dsc_1022.jpg\"\n               data-image-id=\"3081\"\n               data-title=\"Maria Marconi - Argento agli Europei del 2009\"\n               data-description=\"Maria Marconi - Argento agli Europei del 2009\"\n               data-image-slug=\"maria-marconi-argento-agli-europei-del-2009\"\n               class=\"ngg-fancybox\" rel=\"6a95768db4645011c1a2a77156f4a02a\">\n                <img\n                    title=\"Maria Marconi - Argento agli Europei del 2009\"\n                    alt=\"Maria Marconi - Argento agli Europei del 2009\"\n                    src=\"http:\/\/www.spaziotorino.it\/scatto\/wp-content\/gallery\/2011_03_07_european_diving\/cache\/dsc_1022.jpg-nggid043081-ngg0dyn-60x60x100-00f0w010c011r110f110r010t010.jpg\"\n                    width=\"60\"\n                    height=\"60\"\n                    style=\"max-width:100%;\"\n                \/>\n            <\/a>\n        <\/div>\n\t\t\t\t\t\t\t<\/div> \n\t\t\t\n        \n\t\t\t\t<div id=\"ngg-image-7\" class=\"ngg-gallery-thumbnail-box\" >\n\t\t\t\t        <div class=\"ngg-gallery-thumbnail\">\n            <a href=\"http:\/\/www.spaziotorino.it\/scatto\/wp-content\/gallery\/2011_03_07_european_diving\/dsc_1028.jpg\"\n               title=\"Francesca Dallap\u00e9 - Oro agli Europei del 2009\"\n               data-src=\"http:\/\/www.spaziotorino.it\/scatto\/wp-content\/gallery\/2011_03_07_european_diving\/dsc_1028.jpg\"\n               data-thumbnail=\"http:\/\/www.spaziotorino.it\/scatto\/wp-content\/gallery\/2011_03_07_european_diving\/thumbs\/thumbs_dsc_1028.jpg\"\n               data-image-id=\"3082\"\n               data-title=\"Francesca Dallap\u00e9 - Oro agli Europei del 2009\"\n               data-description=\"Francesca Dallap\u00e9 - Oro agli Europei del 2009\"\n               data-image-slug=\"francesca-dallap%c3%a9-oro-agli-europei-del-2009\"\n               class=\"ngg-fancybox\" rel=\"6a95768db4645011c1a2a77156f4a02a\">\n                <img\n                    title=\"Francesca Dallap\u00e9 - Oro agli Europei del 2009\"\n                    alt=\"Francesca Dallap\u00e9 - Oro agli Europei del 2009\"\n                    src=\"http:\/\/www.spaziotorino.it\/scatto\/wp-content\/gallery\/2011_03_07_european_diving\/cache\/dsc_1028.jpg-nggid043082-ngg0dyn-60x60x100-00f0w010c011r110f110r010t010.jpg\"\n                    width=\"60\"\n                    height=\"60\"\n                    style=\"max-width:100%;\"\n                \/>\n            <\/a>\n        <\/div>\n\t\t\t\t\t\t\t<\/div> \n\t\t\t\n        \n\t\t\t\t<div id=\"ngg-image-8\" class=\"ngg-gallery-thumbnail-box\" >\n\t\t\t\t        <div class=\"ngg-gallery-thumbnail\">\n            <a href=\"http:\/\/www.spaziotorino.it\/scatto\/wp-content\/gallery\/2011_03_07_european_diving\/dsc_1062.jpg\"\n               title=\"Le atlete indossano il braccialetto per ITALIA 150\"\n               data-src=\"http:\/\/www.spaziotorino.it\/scatto\/wp-content\/gallery\/2011_03_07_european_diving\/dsc_1062.jpg\"\n               data-thumbnail=\"http:\/\/www.spaziotorino.it\/scatto\/wp-content\/gallery\/2011_03_07_european_diving\/thumbs\/thumbs_dsc_1062.jpg\"\n               data-image-id=\"3084\"\n               data-title=\"Le atlete indossano il braccialetto per ITALIA 150\"\n               data-description=\"Le atlete indossano il braccialetto per ITALIA 150\"\n               data-image-slug=\"le-atlete-indossano-il-braccialetto-per-italia-150\"\n               class=\"ngg-fancybox\" rel=\"6a95768db4645011c1a2a77156f4a02a\">\n                <img\n                    title=\"Le atlete indossano il braccialetto per ITALIA 150\"\n                    alt=\"Le atlete indossano il braccialetto per ITALIA 150\"\n                    src=\"http:\/\/www.spaziotorino.it\/scatto\/wp-content\/gallery\/2011_03_07_european_diving\/cache\/dsc_1062.jpg-nggid043084-ngg0dyn-60x60x100-00f0w010c011r110f110r010t010.jpg\"\n                    width=\"60\"\n                    height=\"60\"\n                    style=\"max-width:100%;\"\n                \/>\n            <\/a>\n        <\/div>\n\t\t\t\t\t\t\t<\/div> \n\t\t\t\n        \n\t\t\t\t<div id=\"ngg-image-9\" class=\"ngg-gallery-thumbnail-box\" >\n\t\t\t\t        <div class=\"ngg-gallery-thumbnail\">\n            <a href=\"http:\/\/www.spaziotorino.it\/scatto\/wp-content\/gallery\/2011_03_07_european_diving\/dsc_1148.jpg\"\n               title=\"Anna Lindberg - Campionessa Svedese\"\n               data-src=\"http:\/\/www.spaziotorino.it\/scatto\/wp-content\/gallery\/2011_03_07_european_diving\/dsc_1148.jpg\"\n               data-thumbnail=\"http:\/\/www.spaziotorino.it\/scatto\/wp-content\/gallery\/2011_03_07_european_diving\/thumbs\/thumbs_dsc_1148.jpg\"\n               data-image-id=\"3085\"\n               data-title=\"Anna Lindberg - Campionessa Svedese\"\n               data-description=\"Anna Lindberg - Campionessa Svedese\"\n               data-image-slug=\"anna-lindberg-campionessa-svedese\"\n               class=\"ngg-fancybox\" rel=\"6a95768db4645011c1a2a77156f4a02a\">\n                <img\n                    title=\"Anna Lindberg - Campionessa Svedese\"\n                    alt=\"Anna Lindberg - Campionessa Svedese\"\n                    src=\"http:\/\/www.spaziotorino.it\/scatto\/wp-content\/gallery\/2011_03_07_european_diving\/cache\/dsc_1148.jpg-nggid043085-ngg0dyn-60x60x100-00f0w010c011r110f110r010t010.jpg\"\n                    width=\"60\"\n                    height=\"60\"\n                    style=\"max-width:100%;\"\n                \/>\n            <\/a>\n        <\/div>\n\t\t\t\t\t\t\t<\/div> \n\t\t\t\n        \n\t\t\t\t<div id=\"ngg-image-10\" class=\"ngg-gallery-thumbnail-box\" >\n\t\t\t\t        <div class=\"ngg-gallery-thumbnail\">\n            <a href=\"http:\/\/www.spaziotorino.it\/scatto\/wp-content\/gallery\/2011_03_07_european_diving\/dsc_1224.jpg\"\n               title=\"Marco Benati - Presidente del Comitato d\\&#039;Onore\"\n               data-src=\"http:\/\/www.spaziotorino.it\/scatto\/wp-content\/gallery\/2011_03_07_european_diving\/dsc_1224.jpg\"\n               data-thumbnail=\"http:\/\/www.spaziotorino.it\/scatto\/wp-content\/gallery\/2011_03_07_european_diving\/thumbs\/thumbs_dsc_1224.jpg\"\n               data-image-id=\"3087\"\n               data-title=\"Marco Benati - Presidente del Comitato d\\&#039;Onore\"\n               data-description=\"Marco Benati - Presidente del Comitato d&#039;Onore\"\n               data-image-slug=\"marco-benati-presidente-del-comitato-donore\"\n               class=\"ngg-fancybox\" rel=\"6a95768db4645011c1a2a77156f4a02a\">\n                <img\n                    title=\"Marco Benati - Presidente del Comitato d\\&#039;Onore\"\n                    alt=\"Marco Benati - Presidente del Comitato d\\&#039;Onore\"\n                    src=\"http:\/\/www.spaziotorino.it\/scatto\/wp-content\/gallery\/2011_03_07_european_diving\/cache\/dsc_1224.jpg-nggid043087-ngg0dyn-60x60x100-00f0w010c011r110f110r010t010.jpg\"\n                    width=\"60\"\n                    height=\"60\"\n                    style=\"max-width:100%;\"\n                \/>\n            <\/a>\n        <\/div>\n\t\t\t\t\t\t\t<\/div> \n\t\t\t\n        \n\t\t\n\t\t<!-- Pagination -->\n\t<div class='ngg-clear'><\/div>\t<\/div>\n\n<p>Dopo il grande successo della prima edizione dei Campionati Europei di tuffi, svoltasi proprio due anni fa presso la piscina Stadio Monumentale di corso Galileo Ferraris, la Ligue Europ\u00e9enne de Natation ha scelto di nuovo Torino.<\/p>\n<p>\u00c8 un privilegio per il capoluogo piemontese perch\u00e9 per la seconda volta, dal 8 al 13 marzo 2011, gli Europei di tuffi non si svolgeranno nel contesto degli Europei di nuoto ma si disputeranno individualmente proprio come nel 2009. <\/p>\n<p>La piscina Stadio Monumentale \u00e8 pronta per accogliere i pi\u00f9 grandi talenti continentali, partendo proprio dalla Nazionale italiana guidata dal Commissario Tecnico Giorgio Cagnotto e capitanata dalla campionessa europea (trampolino mt 1 e 3 mt sincro), nonch\u00e9 argento e bronzo mondiale a Roma 2009 (3 mt sincro e 3 individuale), Tania Cagnotto. In azzurro \u00e8 assicurata la presenza di Francesca Dallap\u00e9, campionessa europea insieme alla Cagnotto dai 3 mt sincro, Noemi Batki reduce da un argento europeo dalla piattaforma sempre a Budapest, Michele Benedetti, Maria, Nicola e Tommaso Marconi, Valentina Marocchi, Cristopher Sacchin, Brenda Spaziani e Maicol Verzotto. <\/p>\n<p>Per la FIN Piemonte e Valle d\u2019Aosta \u00e8 grande l\u2019entusiasmo di ospitare nuovamente a Torino gli Europei di tuffi. Il ringraziamento principale va alle Istituzioni di Citt\u00e0, Provincia e Regione per il loro patrocinio e a Esperienza Italia, che oltre al patrocinio ha inserito la Manifestazione continentale nel calendario eventi che da marzo a novembre 2011 metteranno Torino sotto i riflettori. Sar\u00e0 un po\u2019 come un ritorno a Torino 2006: tante manifestazioni sportive, tra cui anche questa importante seconda edizione degli Europei di tuffi. Un ringraziamento per la fiducia alla Federazione Italiana Nuoto e alla Ligue Europ\u00e9enne de Natation nel riassegnare gli Europei di tuffi al capoluogo piemontese.<\/p>\n<p>Anche per questa edizione l&#8217;entrata in piscina per vedere le gare sar\u00e0 gratuita ma su prenotazione. <\/p>\n<p><a href=\"http:\/\/www.torinodiving2011.com\/\"><strong>Il sito ufficiale<\/strong><\/a><\/p>\n","protected":false},"excerpt":{"rendered":"<p>Dopo il grande successo della prima edizione dei Campionati Europei di tuffi, svoltasi proprio due anni fa presso la piscina Stadio Monumentale di corso Galileo Ferraris, la Ligue Europ\u00e9enne de Natation ha scelto di nuovo Torino. \u00c8 un privilegio per il capoluogo piemontese perch\u00e9 per la seconda volta, dal 8 al 13 marzo 2011, gli [&hellip;]<\/p>\n","protected":false},"author":1,"featured_media":0,"comment_status":"closed","ping_status":"open","sticky":false,"template":"","format":"standard","meta":{"ngg_post_thumbnail":0},"categories":[1,41,10],"tags":[3600,995,3228,3599,3598],"_links":{"self":[{"href":"http:\/\/www.spaziotorino.it\/scatto\/index.php?rest_route=\/wp\/v2\/posts\/1223"}],"collection":[{"href":"http:\/\/www.spaziotorino.it\/scatto\/index.php?rest_route=\/wp\/v2\/posts"}],"about":[{"href":"http:\/\/www.spaziotorino.it\/scatto\/index.php?rest_route=\/wp\/v2\/types\/post"}],"author":[{"embeddable":true,"href":"http:\/\/www.spaziotorino.it\/scatto\/index.php?rest_route=\/wp\/v2\/users\/1"}],"replies":[{"embeddable":true,"href":"http:\/\/www.spaziotorino.it\/scatto\/index.php?rest_route=%2Fwp%2Fv2%2Fcomments&post=1223"}],"version-history":[{"count":1,"href":"http:\/\/www.spaziotorino.it\/scatto\/index.php?rest_route=\/wp\/v2\/posts\/1223\/revisions"}],"predecessor-version":[{"id":1225,"href":"http:\/\/www.spaziotorino.it\/scatto\/index.php?rest_route=\/wp\/v2\/posts\/1223\/revisions\/1225"}],"wp:attachment":[{"href":"http:\/\/www.spaziotorino.it\/scatto\/index.php?rest_route=%2Fwp%2Fv2%2Fmedia&parent=1223"}],"wp:term":[{"taxonomy":"category","embeddable":true,"href":"http:\/\/www.spaziotorino.it\/scatto\/index.php?rest_route=%2Fwp%2Fv2%2Fcategories&post=1223"},{"taxonomy":"post_tag","embeddable":true,"href":"http:\/\/www.spaziotorino.it\/scatto\/index.php?rest_route=%2Fwp%2Fv2%2Ftags&post=1223"}],"curies":[{"name":"wp","href":"https:\/\/api.w.org\/{rel}","templated":true}]}}