{"id":1251,"date":"2011-03-10T16:54:08","date_gmt":"2011-03-10T15:54:08","guid":{"rendered":"http:\/\/www.spaziotorino.it\/scatto\/?p=1251"},"modified":"2011-03-10T16:54:08","modified_gmt":"2011-03-10T15:54:08","slug":"curia-maxima-arte-maxima","status":"publish","type":"post","link":"http:\/\/www.spaziotorino.it\/scatto\/?p=1251","title":{"rendered":"Curia Maxima, Arte Maxima"},"content":{"rendered":"<p><a title=\"il Gruppo Radici\" rel=\"lightbox[set_200]\" href=\"http:\/\/www.spaziotorino.it\/scatto\/wp-content\/gallery\/2011_03_10_curiamax\/1003_curiamax_3965.jpg\"><br \/>\n<img decoding=\"async\" loading=\"lazy\" class=\"ngg-singlepic\" title=\"il Gruppo Radici\" src=\"http:\/\/www.spaziotorino.it\/scatto\/wp-content\/gallery\/2011_03_10_curiamax\/1003_curiamax_3965.jpg\" alt=\"\" width=\"540\" height=\"360\" \/><br \/>\n<\/a><\/p>\n<!-- index.php -->\n<div\n\tclass=\"ngg-galleryoverview ngg-ajax-pagination-none\"\n\tid=\"ngg-gallery-8a49a983a0de9314f8bb375eef5254dc-1\">\n\n    \t\t<!-- Thumbnails -->\n\t\t\t\t<div id=\"ngg-image-0\" class=\"ngg-gallery-thumbnail-box\" >\n\t\t\t\t        <div class=\"ngg-gallery-thumbnail\">\n            <a href=\"http:\/\/www.spaziotorino.it\/scatto\/wp-content\/gallery\/2011_03_10_curiamax\/1003_curiamax_3880.jpg\"\n               title=\"Le opere realizzate dagli studenti del Gruppo Radici\"\n               data-src=\"http:\/\/www.spaziotorino.it\/scatto\/wp-content\/gallery\/2011_03_10_curiamax\/1003_curiamax_3880.jpg\"\n               data-thumbnail=\"http:\/\/www.spaziotorino.it\/scatto\/wp-content\/gallery\/2011_03_10_curiamax\/thumbs\/thumbs_1003_curiamax_3880.jpg\"\n               data-image-id=\"3130\"\n               data-title=\"Le opere realizzate dagli studenti del Gruppo Radici\"\n               data-description=\"Le opere realizzate dagli studenti del Gruppo Radici\"\n               data-image-slug=\"le-opere-realizzate-dagli-studenti-del-gruppo-radici\"\n               class=\"ngg-fancybox\" rel=\"8a49a983a0de9314f8bb375eef5254dc\">\n                <img\n                    title=\"Le opere realizzate dagli studenti del Gruppo Radici\"\n                    alt=\"Le opere realizzate dagli studenti del Gruppo Radici\"\n                    src=\"http:\/\/www.spaziotorino.it\/scatto\/wp-content\/gallery\/2011_03_10_curiamax\/cache\/1003_curiamax_3880.jpg-nggid043130-ngg0dyn-60x60x100-00f0w010c011r110f110r010t010.jpg\"\n                    width=\"60\"\n                    height=\"60\"\n                    style=\"max-width:100%;\"\n                \/>\n            <\/a>\n        <\/div>\n\t\t\t\t\t\t\t<\/div> \n\t\t\t\n        \n\t\t\t\t<div id=\"ngg-image-1\" class=\"ngg-gallery-thumbnail-box\" >\n\t\t\t\t        <div class=\"ngg-gallery-thumbnail\">\n            <a href=\"http:\/\/www.spaziotorino.it\/scatto\/wp-content\/gallery\/2011_03_10_curiamax\/1003_curiamax_3888.jpg\"\n               title=\"Disvelamento delle installazioni pittoriche Nell\u2019Aula Camerale del Palazzo del Senato Sabaudo\"\n               data-src=\"http:\/\/www.spaziotorino.it\/scatto\/wp-content\/gallery\/2011_03_10_curiamax\/1003_curiamax_3888.jpg\"\n               data-thumbnail=\"http:\/\/www.spaziotorino.it\/scatto\/wp-content\/gallery\/2011_03_10_curiamax\/thumbs\/thumbs_1003_curiamax_3888.jpg\"\n               data-image-id=\"3131\"\n               data-title=\"Disvelamento delle installazioni pittoriche Nell\u2019Aula Camerale del Palazzo del Senato Sabaudo\"\n               data-description=\"Disvelamento delle installazioni pittoriche Nell\u2019Aula Camerale del Palazzo del Senato Sabaudo\"\n               data-image-slug=\"disvelamento-delle-installazioni-pittoriche-nell%e2%80%99aula-camerale-del-palazzo-del-senato-sabaudo\"\n               class=\"ngg-fancybox\" rel=\"8a49a983a0de9314f8bb375eef5254dc\">\n                <img\n                    title=\"Disvelamento delle installazioni pittoriche Nell\u2019Aula Camerale del Palazzo del Senato Sabaudo\"\n                    alt=\"Disvelamento delle installazioni pittoriche Nell\u2019Aula Camerale del Palazzo del Senato Sabaudo\"\n                    src=\"http:\/\/www.spaziotorino.it\/scatto\/wp-content\/gallery\/2011_03_10_curiamax\/cache\/1003_curiamax_3888.jpg-nggid043131-ngg0dyn-60x60x100-00f0w010c011r110f110r010t010.jpg\"\n                    width=\"60\"\n                    height=\"60\"\n                    style=\"max-width:100%;\"\n                \/>\n            <\/a>\n        <\/div>\n\t\t\t\t\t\t\t<\/div> \n\t\t\t\n        \n\t\t\t\t<div id=\"ngg-image-2\" class=\"ngg-gallery-thumbnail-box\" >\n\t\t\t\t        <div class=\"ngg-gallery-thumbnail\">\n            <a href=\"http:\/\/www.spaziotorino.it\/scatto\/wp-content\/gallery\/2011_03_10_curiamax\/1003_curiamax_3890.jpg\"\n               title=\"l\\&#039;Aula Camerale del Palazzo del Senato Sabaudo\"\n               data-src=\"http:\/\/www.spaziotorino.it\/scatto\/wp-content\/gallery\/2011_03_10_curiamax\/1003_curiamax_3890.jpg\"\n               data-thumbnail=\"http:\/\/www.spaziotorino.it\/scatto\/wp-content\/gallery\/2011_03_10_curiamax\/thumbs\/thumbs_1003_curiamax_3890.jpg\"\n               data-image-id=\"3132\"\n               data-title=\"l\\&#039;Aula Camerale del Palazzo del Senato Sabaudo\"\n               data-description=\"l&#039;Aula Camerale del Palazzo del Senato Sabaudo\"\n               data-image-slug=\"laula-camerale-del-palazzo-del-senato-sabaudo\"\n               class=\"ngg-fancybox\" rel=\"8a49a983a0de9314f8bb375eef5254dc\">\n                <img\n                    title=\"l\\&#039;Aula Camerale del Palazzo del Senato Sabaudo\"\n                    alt=\"l\\&#039;Aula Camerale del Palazzo del Senato Sabaudo\"\n                    src=\"http:\/\/www.spaziotorino.it\/scatto\/wp-content\/gallery\/2011_03_10_curiamax\/cache\/1003_curiamax_3890.jpg-nggid043132-ngg0dyn-60x60x100-00f0w010c011r110f110r010t010.jpg\"\n                    width=\"60\"\n                    height=\"60\"\n                    style=\"max-width:100%;\"\n                \/>\n            <\/a>\n        <\/div>\n\t\t\t\t\t\t\t<\/div> \n\t\t\t\n        \n\t\t\t\t<div id=\"ngg-image-3\" class=\"ngg-gallery-thumbnail-box\" >\n\t\t\t\t        <div class=\"ngg-gallery-thumbnail\">\n            <a href=\"http:\/\/www.spaziotorino.it\/scatto\/wp-content\/gallery\/2011_03_10_curiamax\/1003_curiamax_3913.jpg\"\n               title=\"Un particolare delle opere\"\n               data-src=\"http:\/\/www.spaziotorino.it\/scatto\/wp-content\/gallery\/2011_03_10_curiamax\/1003_curiamax_3913.jpg\"\n               data-thumbnail=\"http:\/\/www.spaziotorino.it\/scatto\/wp-content\/gallery\/2011_03_10_curiamax\/thumbs\/thumbs_1003_curiamax_3913.jpg\"\n               data-image-id=\"3133\"\n               data-title=\"Un particolare delle opere\"\n               data-description=\"Un particolare delle opere\"\n               data-image-slug=\"un-particolare-delle-opere\"\n               class=\"ngg-fancybox\" rel=\"8a49a983a0de9314f8bb375eef5254dc\">\n                <img\n                    title=\"Un particolare delle opere\"\n                    alt=\"Un particolare delle opere\"\n                    src=\"http:\/\/www.spaziotorino.it\/scatto\/wp-content\/gallery\/2011_03_10_curiamax\/cache\/1003_curiamax_3913.jpg-nggid043133-ngg0dyn-60x60x100-00f0w010c011r110f110r010t010.jpg\"\n                    width=\"60\"\n                    height=\"60\"\n                    style=\"max-width:100%;\"\n                \/>\n            <\/a>\n        <\/div>\n\t\t\t\t\t\t\t<\/div> \n\t\t\t\n        \n\t\t\t\t<div id=\"ngg-image-4\" class=\"ngg-gallery-thumbnail-box\" >\n\t\t\t\t        <div class=\"ngg-gallery-thumbnail\">\n            <a href=\"http:\/\/www.spaziotorino.it\/scatto\/wp-content\/gallery\/2011_03_10_curiamax\/1003_curiamax_3940.jpg\"\n               title=\"Giovanni Maria Ferraris e Luigi Lana\"\n               data-src=\"http:\/\/www.spaziotorino.it\/scatto\/wp-content\/gallery\/2011_03_10_curiamax\/1003_curiamax_3940.jpg\"\n               data-thumbnail=\"http:\/\/www.spaziotorino.it\/scatto\/wp-content\/gallery\/2011_03_10_curiamax\/thumbs\/thumbs_1003_curiamax_3940.jpg\"\n               data-image-id=\"3134\"\n               data-title=\"Giovanni Maria Ferraris e Luigi Lana\"\n               data-description=\"Giovanni Maria Ferraris e Luigi Lana\"\n               data-image-slug=\"giovanni-maria-ferraris-e-luigi-lana\"\n               class=\"ngg-fancybox\" rel=\"8a49a983a0de9314f8bb375eef5254dc\">\n                <img\n                    title=\"Giovanni Maria Ferraris e Luigi Lana\"\n                    alt=\"Giovanni Maria Ferraris e Luigi Lana\"\n                    src=\"http:\/\/www.spaziotorino.it\/scatto\/wp-content\/gallery\/2011_03_10_curiamax\/cache\/1003_curiamax_3940.jpg-nggid043134-ngg0dyn-60x60x100-00f0w010c011r110f110r010t010.jpg\"\n                    width=\"60\"\n                    height=\"60\"\n                    style=\"max-width:100%;\"\n                \/>\n            <\/a>\n        <\/div>\n\t\t\t\t\t\t\t<\/div> \n\t\t\t\n        \n\t\t\t\t<div id=\"ngg-image-5\" class=\"ngg-gallery-thumbnail-box\" >\n\t\t\t\t        <div class=\"ngg-gallery-thumbnail\">\n            <a href=\"http:\/\/www.spaziotorino.it\/scatto\/wp-content\/gallery\/2011_03_10_curiamax\/1003_curiamax_3965.jpg\"\n               title=\"Il Gruppo Radici\"\n               data-src=\"http:\/\/www.spaziotorino.it\/scatto\/wp-content\/gallery\/2011_03_10_curiamax\/1003_curiamax_3965.jpg\"\n               data-thumbnail=\"http:\/\/www.spaziotorino.it\/scatto\/wp-content\/gallery\/2011_03_10_curiamax\/thumbs\/thumbs_1003_curiamax_3965.jpg\"\n               data-image-id=\"3135\"\n               data-title=\"Il Gruppo Radici\"\n               data-description=\"Il Gruppo Radici\"\n               data-image-slug=\"il-gruppo-radici\"\n               class=\"ngg-fancybox\" rel=\"8a49a983a0de9314f8bb375eef5254dc\">\n                <img\n                    title=\"Il Gruppo Radici\"\n                    alt=\"Il Gruppo Radici\"\n                    src=\"http:\/\/www.spaziotorino.it\/scatto\/wp-content\/gallery\/2011_03_10_curiamax\/cache\/1003_curiamax_3965.jpg-nggid043135-ngg0dyn-60x60x100-00f0w010c011r110f110r010t010.jpg\"\n                    width=\"60\"\n                    height=\"60\"\n                    style=\"max-width:100%;\"\n                \/>\n            <\/a>\n        <\/div>\n\t\t\t\t\t\t\t<\/div> \n\t\t\t\n        \n\t\t\t\t<div id=\"ngg-image-6\" class=\"ngg-gallery-thumbnail-box\" >\n\t\t\t\t        <div class=\"ngg-gallery-thumbnail\">\n            <a href=\"http:\/\/www.spaziotorino.it\/scatto\/wp-content\/gallery\/2011_03_10_curiamax\/1003_curiamax_3979.jpg\"\n               title=\"Lettura fra le opere d\\&#039;arte\"\n               data-src=\"http:\/\/www.spaziotorino.it\/scatto\/wp-content\/gallery\/2011_03_10_curiamax\/1003_curiamax_3979.jpg\"\n               data-thumbnail=\"http:\/\/www.spaziotorino.it\/scatto\/wp-content\/gallery\/2011_03_10_curiamax\/thumbs\/thumbs_1003_curiamax_3979.jpg\"\n               data-image-id=\"3136\"\n               data-title=\"Lettura fra le opere d\\&#039;arte\"\n               data-description=\"Lettura fra le opere d&#039;arte\"\n               data-image-slug=\"lettura-fra-le-opere-darte\"\n               class=\"ngg-fancybox\" rel=\"8a49a983a0de9314f8bb375eef5254dc\">\n                <img\n                    title=\"Lettura fra le opere d\\&#039;arte\"\n                    alt=\"Lettura fra le opere d\\&#039;arte\"\n                    src=\"http:\/\/www.spaziotorino.it\/scatto\/wp-content\/gallery\/2011_03_10_curiamax\/cache\/1003_curiamax_3979.jpg-nggid043136-ngg0dyn-60x60x100-00f0w010c011r110f110r010t010.jpg\"\n                    width=\"60\"\n                    height=\"60\"\n                    style=\"max-width:100%;\"\n                \/>\n            <\/a>\n        <\/div>\n\t\t\t\t\t\t\t<\/div> \n\t\t\t\n        \n\t\t\t\t<div id=\"ngg-image-7\" class=\"ngg-gallery-thumbnail-box\" >\n\t\t\t\t        <div class=\"ngg-gallery-thumbnail\">\n            <a href=\"http:\/\/www.spaziotorino.it\/scatto\/wp-content\/gallery\/2011_03_10_curiamax\/1003_curiamax_3985.jpg\"\n               title=\"Gli interventi della conferenza stampa\"\n               data-src=\"http:\/\/www.spaziotorino.it\/scatto\/wp-content\/gallery\/2011_03_10_curiamax\/1003_curiamax_3985.jpg\"\n               data-thumbnail=\"http:\/\/www.spaziotorino.it\/scatto\/wp-content\/gallery\/2011_03_10_curiamax\/thumbs\/thumbs_1003_curiamax_3985.jpg\"\n               data-image-id=\"3137\"\n               data-title=\"Gli interventi della conferenza stampa\"\n               data-description=\"Gli interventi della conferenza stampa\"\n               data-image-slug=\"gli-interventi-della-conferenza-stampa\"\n               class=\"ngg-fancybox\" rel=\"8a49a983a0de9314f8bb375eef5254dc\">\n                <img\n                    title=\"Gli interventi della conferenza stampa\"\n                    alt=\"Gli interventi della conferenza stampa\"\n                    src=\"http:\/\/www.spaziotorino.it\/scatto\/wp-content\/gallery\/2011_03_10_curiamax\/cache\/1003_curiamax_3985.jpg-nggid043137-ngg0dyn-60x60x100-00f0w010c011r110f110r010t010.jpg\"\n                    width=\"60\"\n                    height=\"60\"\n                    style=\"max-width:100%;\"\n                \/>\n            <\/a>\n        <\/div>\n\t\t\t\t\t\t\t<\/div> \n\t\t\t\n        \n\t\t\t\t<div id=\"ngg-image-8\" class=\"ngg-gallery-thumbnail-box\" >\n\t\t\t\t        <div class=\"ngg-gallery-thumbnail\">\n            <a href=\"http:\/\/www.spaziotorino.it\/scatto\/wp-content\/gallery\/2011_03_10_curiamax\/1003_curiamax_3994.jpg\"\n               title=\"Il Gruppo Radici con l\\&#039;Assessore Ferraris\"\n               data-src=\"http:\/\/www.spaziotorino.it\/scatto\/wp-content\/gallery\/2011_03_10_curiamax\/1003_curiamax_3994.jpg\"\n               data-thumbnail=\"http:\/\/www.spaziotorino.it\/scatto\/wp-content\/gallery\/2011_03_10_curiamax\/thumbs\/thumbs_1003_curiamax_3994.jpg\"\n               data-image-id=\"3138\"\n               data-title=\"Il Gruppo Radici con l\\&#039;Assessore Ferraris\"\n               data-description=\"Il Gruppo Radici con l&#039;Assessore Ferraris\"\n               data-image-slug=\"il-gruppo-radici-con-lassessore-ferraris\"\n               class=\"ngg-fancybox\" rel=\"8a49a983a0de9314f8bb375eef5254dc\">\n                <img\n                    title=\"Il Gruppo Radici con l\\&#039;Assessore Ferraris\"\n                    alt=\"Il Gruppo Radici con l\\&#039;Assessore Ferraris\"\n                    src=\"http:\/\/www.spaziotorino.it\/scatto\/wp-content\/gallery\/2011_03_10_curiamax\/cache\/1003_curiamax_3994.jpg-nggid043138-ngg0dyn-60x60x100-00f0w010c011r110f110r010t010.jpg\"\n                    width=\"60\"\n                    height=\"60\"\n                    style=\"max-width:100%;\"\n                \/>\n            <\/a>\n        <\/div>\n\t\t\t\t\t\t\t<\/div> \n\t\t\t\n        \n\t\t\t\t<div id=\"ngg-image-9\" class=\"ngg-gallery-thumbnail-box\" >\n\t\t\t\t        <div class=\"ngg-gallery-thumbnail\">\n            <a href=\"http:\/\/www.spaziotorino.it\/scatto\/wp-content\/gallery\/2011_03_10_curiamax\/1003_curiamax_4010.jpg\"\n               title=\"Un momento della conferenza stampa\"\n               data-src=\"http:\/\/www.spaziotorino.it\/scatto\/wp-content\/gallery\/2011_03_10_curiamax\/1003_curiamax_4010.jpg\"\n               data-thumbnail=\"http:\/\/www.spaziotorino.it\/scatto\/wp-content\/gallery\/2011_03_10_curiamax\/thumbs\/thumbs_1003_curiamax_4010.jpg\"\n               data-image-id=\"3139\"\n               data-title=\"Un momento della conferenza stampa\"\n               data-description=\"Un momento della conferenza stampa\"\n               data-image-slug=\"un-momento-della-conferenza-stampa-67\"\n               class=\"ngg-fancybox\" rel=\"8a49a983a0de9314f8bb375eef5254dc\">\n                <img\n                    title=\"Un momento della conferenza stampa\"\n                    alt=\"Un momento della conferenza stampa\"\n                    src=\"http:\/\/www.spaziotorino.it\/scatto\/wp-content\/gallery\/2011_03_10_curiamax\/cache\/1003_curiamax_4010.jpg-nggid043139-ngg0dyn-60x60x100-00f0w010c011r110f110r010t010.jpg\"\n                    width=\"60\"\n                    height=\"60\"\n                    style=\"max-width:100%;\"\n                \/>\n            <\/a>\n        <\/div>\n\t\t\t\t\t\t\t<\/div> \n\t\t\t\n        \n\t\t\t\t<div id=\"ngg-image-10\" class=\"ngg-gallery-thumbnail-box\" >\n\t\t\t\t        <div class=\"ngg-gallery-thumbnail\">\n            <a href=\"http:\/\/www.spaziotorino.it\/scatto\/wp-content\/gallery\/2011_03_10_curiamax\/1003_curiamax_4035.jpg\"\n               title=\"Un momento della conferenza stampa\"\n               data-src=\"http:\/\/www.spaziotorino.it\/scatto\/wp-content\/gallery\/2011_03_10_curiamax\/1003_curiamax_4035.jpg\"\n               data-thumbnail=\"http:\/\/www.spaziotorino.it\/scatto\/wp-content\/gallery\/2011_03_10_curiamax\/thumbs\/thumbs_1003_curiamax_4035.jpg\"\n               data-image-id=\"3140\"\n               data-title=\"Un momento della conferenza stampa\"\n               data-description=\"Un momento della conferenza stampa\"\n               data-image-slug=\"un-momento-della-conferenza-stampa-66\"\n               class=\"ngg-fancybox\" rel=\"8a49a983a0de9314f8bb375eef5254dc\">\n                <img\n                    title=\"Un momento della conferenza stampa\"\n                    alt=\"Un momento della conferenza stampa\"\n                    src=\"http:\/\/www.spaziotorino.it\/scatto\/wp-content\/gallery\/2011_03_10_curiamax\/cache\/1003_curiamax_4035.jpg-nggid043140-ngg0dyn-60x60x100-00f0w010c011r110f110r010t010.jpg\"\n                    width=\"60\"\n                    height=\"60\"\n                    style=\"max-width:100%;\"\n                \/>\n            <\/a>\n        <\/div>\n\t\t\t\t\t\t\t<\/div> \n\t\t\t\n        \n\t\t\t\t<div id=\"ngg-image-11\" class=\"ngg-gallery-thumbnail-box\" >\n\t\t\t\t        <div class=\"ngg-gallery-thumbnail\">\n            <a href=\"http:\/\/www.spaziotorino.it\/scatto\/wp-content\/gallery\/2011_03_10_curiamax\/1003_curiamax_4040.jpg\"\n               title=\"Dal progetto al disvelamento\"\n               data-src=\"http:\/\/www.spaziotorino.it\/scatto\/wp-content\/gallery\/2011_03_10_curiamax\/1003_curiamax_4040.jpg\"\n               data-thumbnail=\"http:\/\/www.spaziotorino.it\/scatto\/wp-content\/gallery\/2011_03_10_curiamax\/thumbs\/thumbs_1003_curiamax_4040.jpg\"\n               data-image-id=\"3141\"\n               data-title=\"Dal progetto al disvelamento\"\n               data-description=\"Dal progetto al disvelamento\"\n               data-image-slug=\"dal-progetto-al-disvelamento\"\n               class=\"ngg-fancybox\" rel=\"8a49a983a0de9314f8bb375eef5254dc\">\n                <img\n                    title=\"Dal progetto al disvelamento\"\n                    alt=\"Dal progetto al disvelamento\"\n                    src=\"http:\/\/www.spaziotorino.it\/scatto\/wp-content\/gallery\/2011_03_10_curiamax\/cache\/1003_curiamax_4040.jpg-nggid043141-ngg0dyn-60x60x100-00f0w010c011r110f110r010t010.jpg\"\n                    width=\"60\"\n                    height=\"60\"\n                    style=\"max-width:100%;\"\n                \/>\n            <\/a>\n        <\/div>\n\t\t\t\t\t\t\t<\/div> \n\t\t\t\n        \n\t\t\n\t\t<!-- Pagination -->\n\t<div class='ngg-clear'><\/div>\t<\/div>\n\n<p>Nel salone juvarriano dell\u2019ex Curia Maxima, palazzo monumentale neoclassico di via Corte d\u2019Appello 16 a Torino, la cui costruzione inizi\u00f2 con Filippo Juvarra e termin\u00f2 nella seconda met\u00e0 dell\u2019Ottocento, \u00e8 stata rivelata l\u2019opera realizzata dai giovani artisti del Gruppo Radici dell\u2019Accademia di Belle Arti, coordinati dal professor Claudio Pieroni. Il ciclo pittorico comprende due trittici che sono stati affissi alle pareti dell\u2019Aula Camerale dell\u2019ex Curia Maxima, una volta palazzo di giustizia, primaria sede della Camera dei Conti e del Senato del Piemonte, risalente al tempo di Vittorio Amedeo II, ora sede dell\u2019Assessorato ai Servizi Civici, Cooperazione e Relazioni Internazionali della Citt\u00e0 di Torino. I due trittici, composti da pannelli lignei di dimensioni 260&#215;188 cm, installati uno di fronte all\u2019altro nell&#8217;Aula Camerale, sono stati realizzati con il contributo della Societ\u00e0 Reale Mutua di Assicurazioni. <\/p>\n<p>\u00abLa Curia Maxima rappresenta un palazzo di grande pregio della nostra Citt\u00e0, ricco di storia e cultura civica, ma anche di invidiabile valore artistico. La presenza di alcuni uffici dell\u2019amministrazione comunale all\u2019interno di questa sede ne ha aumentato il valore, rendendolo nuovamente un edificio al servizio della Citt\u00e0\u00bb, dichiara Giovanni Maria Ferraris, Assessore ai Servizi Civici, Cooperazione e Relazioni Internazionali, Citt\u00e0 di Torino. \u00abPer questo motivo ho desiderato fin da subito che l\u2019Aula Camerale, gi\u00e0 ufficio del Ministro Siccardi, aprisse le porte all&#8217;arte per rievocare personaggi e tratti di storia della Citt\u00e0 e ammirarli nelle opere di giovani e promettenti artisti, allievi dell&#8217;Accademia Albertina. Nulla per\u00f2 sarebbe stato possibile senza il contributo della Societ\u00e0 Reale Mutua di Assicurazioni, che ha condiviso e sostenuto il progetto, consentendo all\u2019idea di divenire realt\u00e0.\u00bb<\/p>\n<p>\u00abGrazie all&#8217;impegno entusiasta e intelligente del Professor Claudio Pieroni, titolare della Cattedra di Pittura, l&#8217;Accademia Albertina di Belle Arti di Torino finalmente ritrova la sua antica vocazione di essere un Istituto d&#8217;Alta Cultura in grado di produrre e proporre opere d&#8217;arte che dialogano con altre importanti Istituzioni culturali torinesi\u00bb, commenta a margine Guido Curto, Direttore dell\u2019Accademia Albertina di Belle Arti. \u00abInfatti, il Professor Pieroni, in solo due anni di docenza a Torino, ha saputo coalizzare intorno a s\u00e9, un attivissimo gruppo di giovani artisti-studenti, il Gruppo Radici. Proprio questi giovani, hanno risposto con slancio all&#8217;invito dell&#8217;Assessore Ferraris e hanno creato nella sede aulica dell&#8217;Assessorato un&#8217;opera site specific di carattere permanente, ispirata ai luoghi esemplari di Torino e ai protagonisti di quella visionariet\u00e0 intellettuale che ha proiettato la citt\u00e0 verso il futuro, rendendola un caso unico in Italia.\u00bb<br \/>\n\u00abDa sempre Reale Mutua ha scelto di fare del mecenatismo, sostenendo il mondo dell\u2019arte con il lavoro che sa fare meglio \u2013 offrendo cio\u00e8 tutela alle esposizioni pi\u00f9 prestigiose \u2013 o in modi nuovi, come in questo caso. Non appena ci \u00e8 stata presentata l\u2019opportunit\u00e0, abbiamo aderito con entusiasmo\u00bb, dichiara Luigi Lana, Direttore Generale di Reale Mutua. \u00abParliamo, infatti, di un\u2019opera d\u2019arte che rester\u00e0 alla citt\u00e0 di Torino e che vede la collaborazione dell\u2019Accademia Albertina, prestigioso istituto da sempre dedito alla formazione di giovani di talento. Le sei tavole lignee sono anche un simbolo di fiducia in un futuro in cui creativit\u00e0 e impegno conteranno sempre di pi\u00f9. Reale Mutua \u00e8 vicina al lavoro di questi ragazzi e di questa benemerita istituzione, con cui condivide i principi di impegno ed eccellenza.\u00bb<\/p>\n<p>I partecipanti al Gruppo Radici, guidati dal prof. Claudio Pieroni, sono:<\/p>\n<p>Fabrizio Amante<br \/>\nFederica Beretta<br \/>\nConcetta Cicoira<br \/>\nDamiano Fenoglio<br \/>\nValentina Menegatti<br \/>\nLorenzo Mo<br \/>\nFrancesca Raffo<br \/>\nErmal Rexhepi<br \/>\nMarta Scanu<br \/>\nAlejandro Tamagno<\/p>\n","protected":false},"excerpt":{"rendered":"<p>Nel salone juvarriano dell\u2019ex Curia Maxima, palazzo monumentale neoclassico di via Corte d\u2019Appello 16 a Torino, la cui costruzione inizi\u00f2 con Filippo Juvarra e termin\u00f2 nella seconda met\u00e0 dell\u2019Ottocento, \u00e8 stata rivelata l\u2019opera realizzata dai giovani artisti del Gruppo Radici dell\u2019Accademia di Belle Arti, coordinati dal professor Claudio Pieroni. Il ciclo pittorico comprende due trittici [&hellip;]<\/p>\n","protected":false},"author":1,"featured_media":0,"comment_status":"closed","ping_status":"open","sticky":false,"template":"","format":"standard","meta":{"ngg_post_thumbnail":0},"categories":[54,1],"tags":[3082,3021,3584,3613],"_links":{"self":[{"href":"http:\/\/www.spaziotorino.it\/scatto\/index.php?rest_route=\/wp\/v2\/posts\/1251"}],"collection":[{"href":"http:\/\/www.spaziotorino.it\/scatto\/index.php?rest_route=\/wp\/v2\/posts"}],"about":[{"href":"http:\/\/www.spaziotorino.it\/scatto\/index.php?rest_route=\/wp\/v2\/types\/post"}],"author":[{"embeddable":true,"href":"http:\/\/www.spaziotorino.it\/scatto\/index.php?rest_route=\/wp\/v2\/users\/1"}],"replies":[{"embeddable":true,"href":"http:\/\/www.spaziotorino.it\/scatto\/index.php?rest_route=%2Fwp%2Fv2%2Fcomments&post=1251"}],"version-history":[{"count":3,"href":"http:\/\/www.spaziotorino.it\/scatto\/index.php?rest_route=\/wp\/v2\/posts\/1251\/revisions"}],"predecessor-version":[{"id":1254,"href":"http:\/\/www.spaziotorino.it\/scatto\/index.php?rest_route=\/wp\/v2\/posts\/1251\/revisions\/1254"}],"wp:attachment":[{"href":"http:\/\/www.spaziotorino.it\/scatto\/index.php?rest_route=%2Fwp%2Fv2%2Fmedia&parent=1251"}],"wp:term":[{"taxonomy":"category","embeddable":true,"href":"http:\/\/www.spaziotorino.it\/scatto\/index.php?rest_route=%2Fwp%2Fv2%2Fcategories&post=1251"},{"taxonomy":"post_tag","embeddable":true,"href":"http:\/\/www.spaziotorino.it\/scatto\/index.php?rest_route=%2Fwp%2Fv2%2Ftags&post=1251"}],"curies":[{"name":"wp","href":"https:\/\/api.w.org\/{rel}","templated":true}]}}