{"id":12514,"date":"2018-09-19T12:36:36","date_gmt":"2018-09-19T11:36:36","guid":{"rendered":"http:\/\/www.spaziotorino.it\/scatto\/?p=12514"},"modified":"2018-09-20T08:59:26","modified_gmt":"2018-09-20T07:59:26","slug":"artissima-2018-25a-edizione","status":"publish","type":"post","link":"http:\/\/www.spaziotorino.it\/scatto\/?p=12514","title":{"rendered":"ARTISSIMA 2018 &#8211; 25\u00e0 edizione"},"content":{"rendered":"<p><a class=\"ngg-fancybox\" title=\"ARTISSIMA 2018 - 25\u00e0 edizione\" href=\"http:\/\/www.spaziotorino.it\/scatto\/wp-content\/gallery\/2018_09_19_artissima\/ama-.jpg\" rel=\"f5014591d8e173642184e9c3a1d4c618\"><br \/>\n<img decoding=\"async\" loading=\"lazy\" class=\"ngg-singlepic\" title=\"ARTISSIMA 2018 - 25\u00e0 edizione\" src=\"http:\/\/www.spaziotorino.it\/scatto\/wp-content\/gallery\/2018_09_19_artissima\/ama-.jpg\" alt=\"\" width=\"540\" height=\"360\"\/><\/a><\/p>\n<!-- index.php -->\n<div\n\tclass=\"ngg-galleryoverview ngg-ajax-pagination-none\"\n\tid=\"ngg-gallery-95b429bec557e95638150d46788be464-1\">\n\n    \t\t<!-- Thumbnails -->\n\t\t\t\t<div id=\"ngg-image-0\" class=\"ngg-gallery-thumbnail-box\" >\n\t\t\t\t        <div class=\"ngg-gallery-thumbnail\">\n            <a href=\"http:\/\/www.spaziotorino.it\/scatto\/wp-content\/gallery\/2018_09_19_artissima\/ama-0229.jpg\"\n               title=\"\"\n               data-src=\"http:\/\/www.spaziotorino.it\/scatto\/wp-content\/gallery\/2018_09_19_artissima\/ama-0229.jpg\"\n               data-thumbnail=\"http:\/\/www.spaziotorino.it\/scatto\/wp-content\/gallery\/2018_09_19_artissima\/thumbs\/thumbs_ama-0229.jpg\"\n               data-image-id=\"20943\"\n               data-title=\"ama-0229\"\n               data-description=\"\"\n               data-image-slug=\"ama-0229\"\n               class=\"ngg-fancybox\" rel=\"95b429bec557e95638150d46788be464\">\n                <img\n                    title=\"ama-0229\"\n                    alt=\"ama-0229\"\n                    src=\"http:\/\/www.spaziotorino.it\/scatto\/wp-content\/gallery\/2018_09_19_artissima\/cache\/ama-0229.jpg-nggid0520943-ngg0dyn-60x60x100-00f0w010c011r110f110r010t010.jpg\"\n                    width=\"60\"\n                    height=\"60\"\n                    style=\"max-width:100%;\"\n                \/>\n            <\/a>\n        <\/div>\n\t\t\t\t\t\t\t<\/div> \n\t\t\t\n        \n\t\t\t\t<div id=\"ngg-image-1\" class=\"ngg-gallery-thumbnail-box\" >\n\t\t\t\t        <div class=\"ngg-gallery-thumbnail\">\n            <a href=\"http:\/\/www.spaziotorino.it\/scatto\/wp-content\/gallery\/2018_09_19_artissima\/ama-0233.jpg\"\n               title=\"\"\n               data-src=\"http:\/\/www.spaziotorino.it\/scatto\/wp-content\/gallery\/2018_09_19_artissima\/ama-0233.jpg\"\n               data-thumbnail=\"http:\/\/www.spaziotorino.it\/scatto\/wp-content\/gallery\/2018_09_19_artissima\/thumbs\/thumbs_ama-0233.jpg\"\n               data-image-id=\"20944\"\n               data-title=\"ama-0233\"\n               data-description=\"\"\n               data-image-slug=\"ama-0233\"\n               class=\"ngg-fancybox\" rel=\"95b429bec557e95638150d46788be464\">\n                <img\n                    title=\"ama-0233\"\n                    alt=\"ama-0233\"\n                    src=\"http:\/\/www.spaziotorino.it\/scatto\/wp-content\/gallery\/2018_09_19_artissima\/cache\/ama-0233.jpg-nggid0520944-ngg0dyn-60x60x100-00f0w010c011r110f110r010t010.jpg\"\n                    width=\"60\"\n                    height=\"60\"\n                    style=\"max-width:100%;\"\n                \/>\n            <\/a>\n        <\/div>\n\t\t\t\t\t\t\t<\/div> \n\t\t\t\n        \n\t\t\t\t<div id=\"ngg-image-2\" class=\"ngg-gallery-thumbnail-box\" >\n\t\t\t\t        <div class=\"ngg-gallery-thumbnail\">\n            <a href=\"http:\/\/www.spaziotorino.it\/scatto\/wp-content\/gallery\/2018_09_19_artissima\/ama-0275.jpg\"\n               title=\"\"\n               data-src=\"http:\/\/www.spaziotorino.it\/scatto\/wp-content\/gallery\/2018_09_19_artissima\/ama-0275.jpg\"\n               data-thumbnail=\"http:\/\/www.spaziotorino.it\/scatto\/wp-content\/gallery\/2018_09_19_artissima\/thumbs\/thumbs_ama-0275.jpg\"\n               data-image-id=\"20945\"\n               data-title=\"ama-0275\"\n               data-description=\"\"\n               data-image-slug=\"ama-0275\"\n               class=\"ngg-fancybox\" rel=\"95b429bec557e95638150d46788be464\">\n                <img\n                    title=\"ama-0275\"\n                    alt=\"ama-0275\"\n                    src=\"http:\/\/www.spaziotorino.it\/scatto\/wp-content\/gallery\/2018_09_19_artissima\/cache\/ama-0275.jpg-nggid0520945-ngg0dyn-60x60x100-00f0w010c011r110f110r010t010.jpg\"\n                    width=\"60\"\n                    height=\"60\"\n                    style=\"max-width:100%;\"\n                \/>\n            <\/a>\n        <\/div>\n\t\t\t\t\t\t\t<\/div> \n\t\t\t\n        \n\t\t\t\t<div id=\"ngg-image-3\" class=\"ngg-gallery-thumbnail-box\" >\n\t\t\t\t        <div class=\"ngg-gallery-thumbnail\">\n            <a href=\"http:\/\/www.spaziotorino.it\/scatto\/wp-content\/gallery\/2018_09_19_artissima\/ama-0281.jpg\"\n               title=\"\"\n               data-src=\"http:\/\/www.spaziotorino.it\/scatto\/wp-content\/gallery\/2018_09_19_artissima\/ama-0281.jpg\"\n               data-thumbnail=\"http:\/\/www.spaziotorino.it\/scatto\/wp-content\/gallery\/2018_09_19_artissima\/thumbs\/thumbs_ama-0281.jpg\"\n               data-image-id=\"20946\"\n               data-title=\"ama-0281\"\n               data-description=\"\"\n               data-image-slug=\"ama-0281\"\n               class=\"ngg-fancybox\" rel=\"95b429bec557e95638150d46788be464\">\n                <img\n                    title=\"ama-0281\"\n                    alt=\"ama-0281\"\n                    src=\"http:\/\/www.spaziotorino.it\/scatto\/wp-content\/gallery\/2018_09_19_artissima\/cache\/ama-0281.jpg-nggid0520946-ngg0dyn-60x60x100-00f0w010c011r110f110r010t010.jpg\"\n                    width=\"60\"\n                    height=\"60\"\n                    style=\"max-width:100%;\"\n                \/>\n            <\/a>\n        <\/div>\n\t\t\t\t\t\t\t<\/div> \n\t\t\t\n        \n\t\t\t\t<div id=\"ngg-image-4\" class=\"ngg-gallery-thumbnail-box\" >\n\t\t\t\t        <div class=\"ngg-gallery-thumbnail\">\n            <a href=\"http:\/\/www.spaziotorino.it\/scatto\/wp-content\/gallery\/2018_09_19_artissima\/ama-0289.jpg\"\n               title=\"\"\n               data-src=\"http:\/\/www.spaziotorino.it\/scatto\/wp-content\/gallery\/2018_09_19_artissima\/ama-0289.jpg\"\n               data-thumbnail=\"http:\/\/www.spaziotorino.it\/scatto\/wp-content\/gallery\/2018_09_19_artissima\/thumbs\/thumbs_ama-0289.jpg\"\n               data-image-id=\"20947\"\n               data-title=\"ama-0289\"\n               data-description=\"\"\n               data-image-slug=\"ama-0289\"\n               class=\"ngg-fancybox\" rel=\"95b429bec557e95638150d46788be464\">\n                <img\n                    title=\"ama-0289\"\n                    alt=\"ama-0289\"\n                    src=\"http:\/\/www.spaziotorino.it\/scatto\/wp-content\/gallery\/2018_09_19_artissima\/cache\/ama-0289.jpg-nggid0520947-ngg0dyn-60x60x100-00f0w010c011r110f110r010t010.jpg\"\n                    width=\"60\"\n                    height=\"60\"\n                    style=\"max-width:100%;\"\n                \/>\n            <\/a>\n        <\/div>\n\t\t\t\t\t\t\t<\/div> \n\t\t\t\n        \n\t\t\t\t<div id=\"ngg-image-5\" class=\"ngg-gallery-thumbnail-box\" >\n\t\t\t\t        <div class=\"ngg-gallery-thumbnail\">\n            <a href=\"http:\/\/www.spaziotorino.it\/scatto\/wp-content\/gallery\/2018_09_19_artissima\/ama-0302.jpg\"\n               title=\"\"\n               data-src=\"http:\/\/www.spaziotorino.it\/scatto\/wp-content\/gallery\/2018_09_19_artissima\/ama-0302.jpg\"\n               data-thumbnail=\"http:\/\/www.spaziotorino.it\/scatto\/wp-content\/gallery\/2018_09_19_artissima\/thumbs\/thumbs_ama-0302.jpg\"\n               data-image-id=\"20948\"\n               data-title=\"ama-0302\"\n               data-description=\"\"\n               data-image-slug=\"ama-0302\"\n               class=\"ngg-fancybox\" rel=\"95b429bec557e95638150d46788be464\">\n                <img\n                    title=\"ama-0302\"\n                    alt=\"ama-0302\"\n                    src=\"http:\/\/www.spaziotorino.it\/scatto\/wp-content\/gallery\/2018_09_19_artissima\/cache\/ama-0302.jpg-nggid0520948-ngg0dyn-60x60x100-00f0w010c011r110f110r010t010.jpg\"\n                    width=\"60\"\n                    height=\"60\"\n                    style=\"max-width:100%;\"\n                \/>\n            <\/a>\n        <\/div>\n\t\t\t\t\t\t\t<\/div> \n\t\t\t\n        \n\t\t\n\t\t<!-- Pagination -->\n\t<div class='ngg-clear'><\/div>\t<\/div>\n\n<p>Artissima nel 2018 celebra il suo venticinquesimo anniversario. Diretta per  il secondo anno da Ilaria Bonacossa, inaugurer\u00e0 gioved\u00ec 1 novembre, e aprir\u00e0 le porte ai suoi oltre 50.000 visitatori da venerd\u00ec 2 a domenica 4 novembre all\u2019OVAL di Torino.<br \/>\nRiconosciuta a livello internazionale per l\u2019attenzione alle pratiche sperimentali e come trampolino di lancio per artisti emergenti e gallerie di  ricerca,  Artissima  \u00e8 un appuntamento unico,  che attrae ogni anno un  pubblico di collezionisti, professionisti del settore e appassionati.<br \/>\nLa fiera,  la  sola in Italia dedicata esclusivamente al contemporaneo, si riconferma come la preferita la curatori, direttori di istituzioni e fondazioni d\u2019arte e patron di musei provenienti da tutto il mondo, coinvolti a vario titolo nei progetti di Artissima.<br \/>\nIl fil rouge dell a venticinquesima  edizione sar\u00e0 \u201cil tempo\u201d (Time is on our side \u2013 Il tempo \u00e8 dalla nostra parte) inteso non come statica cristallizzazione del ricordo e della celebrazione, ma proposto come flusso dinamico, in grado di imprimere il ritmo del cambiamento, preservando la sospensione temporale dell\u2019emozione dell\u2019opera d\u2019arte.<br \/>\nIl  \u201ctempo\u201d di Artissima assume quindi una duplice valenza, quella di un passato eloquente e quella di un futuro aperto all\u2019indagine creativa: la fiera parte infatti sempre dalla propria storia e dalla propria identit\u00e0 \u2013segnata dalla coerenza di un percorso volto al rinnovamento e alla sperimentazione costante ma sempre capace di mantenere viva la propria riconoscibilit\u00e0 \u2013 per partecipare alla costruzione della futura storiadell\u2019arte.<br \/>\nLa vitalit\u00e0 di Artissima e la sua forza innovatrice si riverberano ulteriormente su tutta la citt\u00e0, grazie alla collaborazione attiva con numerose istituzioni pubbliche, musei, fondazioni, gallerie e di riflesso, con i progetti culturali del territorio.<br \/>\nLa fiera riafferma cos\u00ecla propria forza dinamica contribuendo alla crescita del mercato italiano, stimolando e sostenendo il collezionismo attento alla ricerca e una visione critica e curatoriale in continua evoluzione.<\/p>\n<p>\u201cIl taglio del traguardo dei venticinque anni di Artissima che ci apprestiamo a festeggiare, \u00e8 il segno tangibile di una manifestazione internazionale di successo e della grande e straordinaria attenzione riservata a Torino all\u2019espressivit\u00e0 artistica contemporanea \u2013 sottolinea con orgoglio la sindaca Chiara Appendino -. E\u2019 il riconoscimento di un impegno ben sedimentato, che la nostra Amministrazione intende sostenere, frutto dell\u2019estro di pittori e scultori con opere e installazioni di notevole bellezza e di critici e storici dell\u2019arte che hanno contribuito a costruire quel tratto identitario di citt\u00e0 aperta alla sperimentazione e all\u2019innovazione nel campo delle arti figurative. Il fertile clima creativo che si respira tra gli artisti, l\u2019entusiasmo di conservatori museali e di galleristi e il legame forte tra istituzioni pubbliche e private impegnate nel mecenatismo culturale, assecondano la crescita di talenti\u201d.<\/p>\n","protected":false},"excerpt":{"rendered":"<p>Artissima nel 2018 celebra il suo venticinquesimo anniversario. Diretta per il secondo anno da Ilaria Bonacossa, inaugurer\u00e0 gioved\u00ec 1 novembre, e aprir\u00e0 le porte ai suoi oltre 50.000 visitatori da venerd\u00ec 2 a domenica 4 novembre all\u2019OVAL di Torino. Riconosciuta a livello internazionale per l\u2019attenzione alle pratiche sperimentali e come trampolino di lancio per artisti [&hellip;]<\/p>\n","protected":false},"author":1,"featured_media":0,"comment_status":"closed","ping_status":"open","sticky":false,"template":"","format":"standard","meta":{"ngg_post_thumbnail":0},"categories":[54,1],"tags":[],"_links":{"self":[{"href":"http:\/\/www.spaziotorino.it\/scatto\/index.php?rest_route=\/wp\/v2\/posts\/12514"}],"collection":[{"href":"http:\/\/www.spaziotorino.it\/scatto\/index.php?rest_route=\/wp\/v2\/posts"}],"about":[{"href":"http:\/\/www.spaziotorino.it\/scatto\/index.php?rest_route=\/wp\/v2\/types\/post"}],"author":[{"embeddable":true,"href":"http:\/\/www.spaziotorino.it\/scatto\/index.php?rest_route=\/wp\/v2\/users\/1"}],"replies":[{"embeddable":true,"href":"http:\/\/www.spaziotorino.it\/scatto\/index.php?rest_route=%2Fwp%2Fv2%2Fcomments&post=12514"}],"version-history":[{"count":2,"href":"http:\/\/www.spaziotorino.it\/scatto\/index.php?rest_route=\/wp\/v2\/posts\/12514\/revisions"}],"predecessor-version":[{"id":12516,"href":"http:\/\/www.spaziotorino.it\/scatto\/index.php?rest_route=\/wp\/v2\/posts\/12514\/revisions\/12516"}],"wp:attachment":[{"href":"http:\/\/www.spaziotorino.it\/scatto\/index.php?rest_route=%2Fwp%2Fv2%2Fmedia&parent=12514"}],"wp:term":[{"taxonomy":"category","embeddable":true,"href":"http:\/\/www.spaziotorino.it\/scatto\/index.php?rest_route=%2Fwp%2Fv2%2Fcategories&post=12514"},{"taxonomy":"post_tag","embeddable":true,"href":"http:\/\/www.spaziotorino.it\/scatto\/index.php?rest_route=%2Fwp%2Fv2%2Ftags&post=12514"}],"curies":[{"name":"wp","href":"https:\/\/api.w.org\/{rel}","templated":true}]}}