{"id":12537,"date":"2018-09-20T15:12:30","date_gmt":"2018-09-20T14:12:30","guid":{"rendered":"http:\/\/www.spaziotorino.it\/scatto\/?p=12537"},"modified":"2018-09-21T10:11:28","modified_gmt":"2018-09-21T09:11:28","slug":"100-italia-centanni-di-capolavori","status":"publish","type":"post","link":"http:\/\/www.spaziotorino.it\/scatto\/?p=12537","title":{"rendered":"100% Italia &#8211; Cent\u2019anni di capolavori"},"content":{"rendered":"<p><a class=\"ngg-fancybox\" title=\"100% Italia - Cent\u2019anni di capolavori\" href=\"http:\/\/www.spaziotorino.it\/scatto\/wp-content\/gallery\/2018_09_20_100mef\/AMA_0396.jpg\" rel=\"bc5af1b9f8a5f316f44baa0e0afdfebc\"><br \/>\n<img decoding=\"async\" loading=\"lazy\" class=\"ngg-singlepic\" title=\"100% Italia - Cent\u2019anni di capolavori\" src=\"http:\/\/www.spaziotorino.it\/scatto\/wp-content\/gallery\/2018_09_20_100mef\/AMA_0396.jpg\" alt=\"\" width=\"540\" height=\"360\"\/><\/a><\/p>\n<!-- index.php -->\n<div\n\tclass=\"ngg-galleryoverview ngg-ajax-pagination-none\"\n\tid=\"ngg-gallery-1cee7b50006b8b4650b74c15acf45e5c-1\">\n\n    \t\t<!-- Thumbnails -->\n\t\t\t\t<div id=\"ngg-image-0\" class=\"ngg-gallery-thumbnail-box\" >\n\t\t\t\t        <div class=\"ngg-gallery-thumbnail\">\n            <a href=\"http:\/\/www.spaziotorino.it\/scatto\/wp-content\/gallery\/2018_09_20_100mef\/AMA_0387.jpg\"\n               title=\"\"\n               data-src=\"http:\/\/www.spaziotorino.it\/scatto\/wp-content\/gallery\/2018_09_20_100mef\/AMA_0387.jpg\"\n               data-thumbnail=\"http:\/\/www.spaziotorino.it\/scatto\/wp-content\/gallery\/2018_09_20_100mef\/thumbs\/thumbs_AMA_0387.jpg\"\n               data-image-id=\"20949\"\n               data-title=\"AMA_0387\"\n               data-description=\"\"\n               data-image-slug=\"ama_0387\"\n               class=\"ngg-fancybox\" rel=\"1cee7b50006b8b4650b74c15acf45e5c\">\n                <img\n                    title=\"AMA_0387\"\n                    alt=\"AMA_0387\"\n                    src=\"http:\/\/www.spaziotorino.it\/scatto\/wp-content\/gallery\/2018_09_20_100mef\/cache\/AMA_0387.jpg-nggid0520949-ngg0dyn-60x60x100-00f0w010c011r110f110r010t010.jpg\"\n                    width=\"60\"\n                    height=\"60\"\n                    style=\"max-width:100%;\"\n                \/>\n            <\/a>\n        <\/div>\n\t\t\t\t\t\t\t<\/div> \n\t\t\t\n        \n\t\t\t\t<div id=\"ngg-image-1\" class=\"ngg-gallery-thumbnail-box\" >\n\t\t\t\t        <div class=\"ngg-gallery-thumbnail\">\n            <a href=\"http:\/\/www.spaziotorino.it\/scatto\/wp-content\/gallery\/2018_09_20_100mef\/AMA_0391.jpg\"\n               title=\"\"\n               data-src=\"http:\/\/www.spaziotorino.it\/scatto\/wp-content\/gallery\/2018_09_20_100mef\/AMA_0391.jpg\"\n               data-thumbnail=\"http:\/\/www.spaziotorino.it\/scatto\/wp-content\/gallery\/2018_09_20_100mef\/thumbs\/thumbs_AMA_0391.jpg\"\n               data-image-id=\"20950\"\n               data-title=\"AMA_0391\"\n               data-description=\"\"\n               data-image-slug=\"ama_0391\"\n               class=\"ngg-fancybox\" rel=\"1cee7b50006b8b4650b74c15acf45e5c\">\n                <img\n                    title=\"AMA_0391\"\n                    alt=\"AMA_0391\"\n                    src=\"http:\/\/www.spaziotorino.it\/scatto\/wp-content\/gallery\/2018_09_20_100mef\/cache\/AMA_0391.jpg-nggid0520950-ngg0dyn-60x60x100-00f0w010c011r110f110r010t010.jpg\"\n                    width=\"60\"\n                    height=\"60\"\n                    style=\"max-width:100%;\"\n                \/>\n            <\/a>\n        <\/div>\n\t\t\t\t\t\t\t<\/div> \n\t\t\t\n        \n\t\t\t\t<div id=\"ngg-image-2\" class=\"ngg-gallery-thumbnail-box\" >\n\t\t\t\t        <div class=\"ngg-gallery-thumbnail\">\n            <a href=\"http:\/\/www.spaziotorino.it\/scatto\/wp-content\/gallery\/2018_09_20_100mef\/AMA_0392.jpg\"\n               title=\"\"\n               data-src=\"http:\/\/www.spaziotorino.it\/scatto\/wp-content\/gallery\/2018_09_20_100mef\/AMA_0392.jpg\"\n               data-thumbnail=\"http:\/\/www.spaziotorino.it\/scatto\/wp-content\/gallery\/2018_09_20_100mef\/thumbs\/thumbs_AMA_0392.jpg\"\n               data-image-id=\"20951\"\n               data-title=\"AMA_0392\"\n               data-description=\"\"\n               data-image-slug=\"ama_0392\"\n               class=\"ngg-fancybox\" rel=\"1cee7b50006b8b4650b74c15acf45e5c\">\n                <img\n                    title=\"AMA_0392\"\n                    alt=\"AMA_0392\"\n                    src=\"http:\/\/www.spaziotorino.it\/scatto\/wp-content\/gallery\/2018_09_20_100mef\/cache\/AMA_0392.jpg-nggid0520951-ngg0dyn-60x60x100-00f0w010c011r110f110r010t010.jpg\"\n                    width=\"60\"\n                    height=\"60\"\n                    style=\"max-width:100%;\"\n                \/>\n            <\/a>\n        <\/div>\n\t\t\t\t\t\t\t<\/div> \n\t\t\t\n        \n\t\t\t\t<div id=\"ngg-image-3\" class=\"ngg-gallery-thumbnail-box\" >\n\t\t\t\t        <div class=\"ngg-gallery-thumbnail\">\n            <a href=\"http:\/\/www.spaziotorino.it\/scatto\/wp-content\/gallery\/2018_09_20_100mef\/AMA_0396.jpg\"\n               title=\"\"\n               data-src=\"http:\/\/www.spaziotorino.it\/scatto\/wp-content\/gallery\/2018_09_20_100mef\/AMA_0396.jpg\"\n               data-thumbnail=\"http:\/\/www.spaziotorino.it\/scatto\/wp-content\/gallery\/2018_09_20_100mef\/thumbs\/thumbs_AMA_0396.jpg\"\n               data-image-id=\"20952\"\n               data-title=\"AMA_0396\"\n               data-description=\"\"\n               data-image-slug=\"ama_0396\"\n               class=\"ngg-fancybox\" rel=\"1cee7b50006b8b4650b74c15acf45e5c\">\n                <img\n                    title=\"AMA_0396\"\n                    alt=\"AMA_0396\"\n                    src=\"http:\/\/www.spaziotorino.it\/scatto\/wp-content\/gallery\/2018_09_20_100mef\/cache\/AMA_0396.jpg-nggid0520952-ngg0dyn-60x60x100-00f0w010c011r110f110r010t010.jpg\"\n                    width=\"60\"\n                    height=\"60\"\n                    style=\"max-width:100%;\"\n                \/>\n            <\/a>\n        <\/div>\n\t\t\t\t\t\t\t<\/div> \n\t\t\t\n        \n\t\t\t\t<div id=\"ngg-image-4\" class=\"ngg-gallery-thumbnail-box\" >\n\t\t\t\t        <div class=\"ngg-gallery-thumbnail\">\n            <a href=\"http:\/\/www.spaziotorino.it\/scatto\/wp-content\/gallery\/2018_09_20_100mef\/AMA_0398.jpg\"\n               title=\"\"\n               data-src=\"http:\/\/www.spaziotorino.it\/scatto\/wp-content\/gallery\/2018_09_20_100mef\/AMA_0398.jpg\"\n               data-thumbnail=\"http:\/\/www.spaziotorino.it\/scatto\/wp-content\/gallery\/2018_09_20_100mef\/thumbs\/thumbs_AMA_0398.jpg\"\n               data-image-id=\"20953\"\n               data-title=\"AMA_0398\"\n               data-description=\"\"\n               data-image-slug=\"ama_0398\"\n               class=\"ngg-fancybox\" rel=\"1cee7b50006b8b4650b74c15acf45e5c\">\n                <img\n                    title=\"AMA_0398\"\n                    alt=\"AMA_0398\"\n                    src=\"http:\/\/www.spaziotorino.it\/scatto\/wp-content\/gallery\/2018_09_20_100mef\/cache\/AMA_0398.jpg-nggid0520953-ngg0dyn-60x60x100-00f0w010c011r110f110r010t010.jpg\"\n                    width=\"60\"\n                    height=\"60\"\n                    style=\"max-width:100%;\"\n                \/>\n            <\/a>\n        <\/div>\n\t\t\t\t\t\t\t<\/div> \n\t\t\t\n        \n\t\t\t\t<div id=\"ngg-image-5\" class=\"ngg-gallery-thumbnail-box\" >\n\t\t\t\t        <div class=\"ngg-gallery-thumbnail\">\n            <a href=\"http:\/\/www.spaziotorino.it\/scatto\/wp-content\/gallery\/2018_09_20_100mef\/AMA_0399.jpg\"\n               title=\"\"\n               data-src=\"http:\/\/www.spaziotorino.it\/scatto\/wp-content\/gallery\/2018_09_20_100mef\/AMA_0399.jpg\"\n               data-thumbnail=\"http:\/\/www.spaziotorino.it\/scatto\/wp-content\/gallery\/2018_09_20_100mef\/thumbs\/thumbs_AMA_0399.jpg\"\n               data-image-id=\"20954\"\n               data-title=\"AMA_0399\"\n               data-description=\"\"\n               data-image-slug=\"ama_0399\"\n               class=\"ngg-fancybox\" rel=\"1cee7b50006b8b4650b74c15acf45e5c\">\n                <img\n                    title=\"AMA_0399\"\n                    alt=\"AMA_0399\"\n                    src=\"http:\/\/www.spaziotorino.it\/scatto\/wp-content\/gallery\/2018_09_20_100mef\/cache\/AMA_0399.jpg-nggid0520954-ngg0dyn-60x60x100-00f0w010c011r110f110r010t010.jpg\"\n                    width=\"60\"\n                    height=\"60\"\n                    style=\"max-width:100%;\"\n                \/>\n            <\/a>\n        <\/div>\n\t\t\t\t\t\t\t<\/div> \n\t\t\t\n        \n\t\t\t\t<div id=\"ngg-image-6\" class=\"ngg-gallery-thumbnail-box\" >\n\t\t\t\t        <div class=\"ngg-gallery-thumbnail\">\n            <a href=\"http:\/\/www.spaziotorino.it\/scatto\/wp-content\/gallery\/2018_09_20_100mef\/AMA_0416.jpg\"\n               title=\"\"\n               data-src=\"http:\/\/www.spaziotorino.it\/scatto\/wp-content\/gallery\/2018_09_20_100mef\/AMA_0416.jpg\"\n               data-thumbnail=\"http:\/\/www.spaziotorino.it\/scatto\/wp-content\/gallery\/2018_09_20_100mef\/thumbs\/thumbs_AMA_0416.jpg\"\n               data-image-id=\"20955\"\n               data-title=\"AMA_0416\"\n               data-description=\"\"\n               data-image-slug=\"ama_0416\"\n               class=\"ngg-fancybox\" rel=\"1cee7b50006b8b4650b74c15acf45e5c\">\n                <img\n                    title=\"AMA_0416\"\n                    alt=\"AMA_0416\"\n                    src=\"http:\/\/www.spaziotorino.it\/scatto\/wp-content\/gallery\/2018_09_20_100mef\/cache\/AMA_0416.jpg-nggid0520955-ngg0dyn-60x60x100-00f0w010c011r110f110r010t010.jpg\"\n                    width=\"60\"\n                    height=\"60\"\n                    style=\"max-width:100%;\"\n                \/>\n            <\/a>\n        <\/div>\n\t\t\t\t\t\t\t<\/div> \n\t\t\t\n        \n\t\t\t\t<div id=\"ngg-image-7\" class=\"ngg-gallery-thumbnail-box\" >\n\t\t\t\t        <div class=\"ngg-gallery-thumbnail\">\n            <a href=\"http:\/\/www.spaziotorino.it\/scatto\/wp-content\/gallery\/2018_09_20_100mef\/AMA_0427.jpg\"\n               title=\"\"\n               data-src=\"http:\/\/www.spaziotorino.it\/scatto\/wp-content\/gallery\/2018_09_20_100mef\/AMA_0427.jpg\"\n               data-thumbnail=\"http:\/\/www.spaziotorino.it\/scatto\/wp-content\/gallery\/2018_09_20_100mef\/thumbs\/thumbs_AMA_0427.jpg\"\n               data-image-id=\"20956\"\n               data-title=\"AMA_0427\"\n               data-description=\"\"\n               data-image-slug=\"ama_0427\"\n               class=\"ngg-fancybox\" rel=\"1cee7b50006b8b4650b74c15acf45e5c\">\n                <img\n                    title=\"AMA_0427\"\n                    alt=\"AMA_0427\"\n                    src=\"http:\/\/www.spaziotorino.it\/scatto\/wp-content\/gallery\/2018_09_20_100mef\/cache\/AMA_0427.jpg-nggid0520956-ngg0dyn-60x60x100-00f0w010c011r110f110r010t010.jpg\"\n                    width=\"60\"\n                    height=\"60\"\n                    style=\"max-width:100%;\"\n                \/>\n            <\/a>\n        <\/div>\n\t\t\t\t\t\t\t<\/div> \n\t\t\t\n        \n\t\t\t\t<div id=\"ngg-image-8\" class=\"ngg-gallery-thumbnail-box\" >\n\t\t\t\t        <div class=\"ngg-gallery-thumbnail\">\n            <a href=\"http:\/\/www.spaziotorino.it\/scatto\/wp-content\/gallery\/2018_09_20_100mef\/AMA_0433.jpg\"\n               title=\"\"\n               data-src=\"http:\/\/www.spaziotorino.it\/scatto\/wp-content\/gallery\/2018_09_20_100mef\/AMA_0433.jpg\"\n               data-thumbnail=\"http:\/\/www.spaziotorino.it\/scatto\/wp-content\/gallery\/2018_09_20_100mef\/thumbs\/thumbs_AMA_0433.jpg\"\n               data-image-id=\"20957\"\n               data-title=\"AMA_0433\"\n               data-description=\"\"\n               data-image-slug=\"ama_0433\"\n               class=\"ngg-fancybox\" rel=\"1cee7b50006b8b4650b74c15acf45e5c\">\n                <img\n                    title=\"AMA_0433\"\n                    alt=\"AMA_0433\"\n                    src=\"http:\/\/www.spaziotorino.it\/scatto\/wp-content\/gallery\/2018_09_20_100mef\/cache\/AMA_0433.jpg-nggid0520957-ngg0dyn-60x60x100-00f0w010c011r110f110r010t010.jpg\"\n                    width=\"60\"\n                    height=\"60\"\n                    style=\"max-width:100%;\"\n                \/>\n            <\/a>\n        <\/div>\n\t\t\t\t\t\t\t<\/div> \n\t\t\t\n        \n\t\t\n\t\t<!-- Pagination -->\n\t<div class='ngg-clear'><\/div>\t<\/div>\n\n<p>Una mostra dedicata agli ultimi cento anni di arte italiana, dall\u2019inizio del Novecento ai giorni nostri, l\u2019occasione per evidenziare il <strong>ruolo preminente dell\u2019arte italiana<\/strong>, che ha saputo segnare profondamente la creativit\u00e0 europea e quella mondiale.<\/p>\n<p>L\u2019avvio del percorso espositivo della mostra &#8211; a <strong>Torino<\/strong>, al MEF &#8211; Museo Ettore Fico, MEF Outside, Mastio della Cittadella e Palazzo Barolo; a <strong>Biella<\/strong>, Palazzo Gromo Losa, e a <strong>Vercelli<\/strong>, Arca &#8211; Ex Chiesa di San Marco, dal 21 settembre al 10 febbraio 2019 &#8211; \u00e8 precedente al 1915, anno in cui l\u2019Italia entra nel primo grande conflitto mondiale: in quegli anni i Futuristi avrebbero voluto \u00ab<strong>bruciare i musei e le biblioteche<\/strong>\u00bb.<\/p>\n<p>La conclusione \u00e8 nel 2015, in un tempo in cui l\u2019ideologia prende il definitivo sopravvento sulla razionalit\u00e0 e sulla tolleranza reciproca, <strong>attuando in concreto quelle distruzioni simboliche dei Futuristi<\/strong>: vengono distrutti i Buddha di Bamiyan, i reperti archeologici del museo di Mosul e il sito archeologico di Palmira.<\/p>\n<p>Le tipologie e metodologie di sterminio cambiano, spostandosi su fronti a macchia di leopardo e, paradossalmente, l\u2019arte moderna e contemporanea seguono questi stessi schemi mentre le scuole, le estetiche e il mercato si adeguano.<\/p>\n<p>100%Italia \u00e8 un viaggio segnato da guerre che hanno mutato il mondo e la sua percezione e, soprattutto, \u00e8 un <strong>resoconto accurato della creativit\u00e0 e della genialit\u00e0 italiana<\/strong> da sempre \u201ccartina al tornasole\u201d dello stato dell\u2019arte.<\/p>\n<p>100%Italia propone un progetto a pi\u00f9 livelli: il primo \u00e8 lineare e cronologico dove le opere si susseguono in un <strong>continuum percettivo<\/strong>; il secondo \u00e8 quello dei <strong>movimenti<\/strong> che maggiormente hanno influenzato il nostro gusto e le estetiche mondiali; il terzo \u00e8 un <strong>progetto didattico e divulgativo<\/strong>.<\/p>\n<p>100%Italia propone quei <strong>capolavori che solitamente vengono conservati in collezioni private<\/strong> e che difficilmente vengono esposti pubblicamente per dare, oltre che un quadro completo sul piano scientifico, una scelta di opere eccezionali mai esposte.<\/p>\n<p><strong>Periodo<\/strong><br \/>\nVenerd\u00ec 21 Settembre 2018 \/ Domenica 10 Febbraio 2019<\/p>\n<p>Maggiori informazioni sul sito del <a href=\"http:\/\/www.museofico.it\/100-italia\/\">MEF &#8211; Museo Ettore Fico<\/a><\/p>\n<p>[Fonte: <a href=\"https:\/\/www.inpiemonteintorino.it\/web\/it\/eventi\/dettaglio\/100-italia-cent%E2%80%99anni-di-capolavori\">www.inpiemonteintorino.it<\/a>]<\/p>\n","protected":false},"excerpt":{"rendered":"<p>Una mostra dedicata agli ultimi cento anni di arte italiana, dall\u2019inizio del Novecento ai giorni nostri, l\u2019occasione per evidenziare il ruolo preminente dell\u2019arte italiana, che ha saputo segnare profondamente la creativit\u00e0 europea e quella mondiale. L\u2019avvio del percorso espositivo della mostra &#8211; a Torino, al MEF &#8211; Museo Ettore Fico, MEF Outside, Mastio della Cittadella [&hellip;]<\/p>\n","protected":false},"author":1,"featured_media":0,"comment_status":"closed","ping_status":"open","sticky":false,"template":"","format":"standard","meta":{"ngg_post_thumbnail":0},"categories":[54,1],"tags":[],"_links":{"self":[{"href":"http:\/\/www.spaziotorino.it\/scatto\/index.php?rest_route=\/wp\/v2\/posts\/12537"}],"collection":[{"href":"http:\/\/www.spaziotorino.it\/scatto\/index.php?rest_route=\/wp\/v2\/posts"}],"about":[{"href":"http:\/\/www.spaziotorino.it\/scatto\/index.php?rest_route=\/wp\/v2\/types\/post"}],"author":[{"embeddable":true,"href":"http:\/\/www.spaziotorino.it\/scatto\/index.php?rest_route=\/wp\/v2\/users\/1"}],"replies":[{"embeddable":true,"href":"http:\/\/www.spaziotorino.it\/scatto\/index.php?rest_route=%2Fwp%2Fv2%2Fcomments&post=12537"}],"version-history":[{"count":2,"href":"http:\/\/www.spaziotorino.it\/scatto\/index.php?rest_route=\/wp\/v2\/posts\/12537\/revisions"}],"predecessor-version":[{"id":12662,"href":"http:\/\/www.spaziotorino.it\/scatto\/index.php?rest_route=\/wp\/v2\/posts\/12537\/revisions\/12662"}],"wp:attachment":[{"href":"http:\/\/www.spaziotorino.it\/scatto\/index.php?rest_route=%2Fwp%2Fv2%2Fmedia&parent=12537"}],"wp:term":[{"taxonomy":"category","embeddable":true,"href":"http:\/\/www.spaziotorino.it\/scatto\/index.php?rest_route=%2Fwp%2Fv2%2Fcategories&post=12537"},{"taxonomy":"post_tag","embeddable":true,"href":"http:\/\/www.spaziotorino.it\/scatto\/index.php?rest_route=%2Fwp%2Fv2%2Ftags&post=12537"}],"curies":[{"name":"wp","href":"https:\/\/api.w.org\/{rel}","templated":true}]}}