{"id":12857,"date":"2018-09-24T15:16:45","date_gmt":"2018-09-24T14:16:45","guid":{"rendered":"http:\/\/www.spaziotorino.it\/scatto\/?p=12857"},"modified":"2018-09-26T09:49:20","modified_gmt":"2018-09-26T08:49:20","slug":"sorteggio-mondiali-volley-2018-italia-con-polonia-e-serbia","status":"publish","type":"post","link":"http:\/\/www.spaziotorino.it\/scatto\/?p=12857","title":{"rendered":"Sorteggio Mondiali Volley 2018: Italia con Polonia e Serbia"},"content":{"rendered":"<p><a class=\"ngg-fancybox\" title=\"Sorteggio Mondiali Volley 2018: Italia con Polonia e Serbia\" href=\"http:\/\/www.spaziotorino.it\/scatto\/wp-content\/gallery\/2018-09_24_volley\/pla-8768.jpg\" rel=\"d5b898770c78b64aa29adfe47559d6e9\"><br \/>\n<img decoding=\"async\" loading=\"lazy\" class=\"ngg-singlepic\" title=\"Sorteggio Mondiali Volley 2018: Italia con Polonia e Serbia\" src=\"http:\/\/www.spaziotorino.it\/scatto\/wp-content\/gallery\/2018-09_24_volley\/pla-8768.jpg\" alt=\"\" width=\"540\" height=\"360\"\/><\/a><\/p>\n<!-- index.php -->\n<div\n\tclass=\"ngg-galleryoverview ngg-ajax-pagination-none\"\n\tid=\"ngg-gallery-b760a5a64e6176af679178d1b4f94c02-1\">\n\n    \t\t<!-- Thumbnails -->\n\t\t\t\t<div id=\"ngg-image-0\" class=\"ngg-gallery-thumbnail-box\" >\n\t\t\t\t        <div class=\"ngg-gallery-thumbnail\">\n            <a href=\"http:\/\/www.spaziotorino.it\/scatto\/wp-content\/gallery\/2018-09_24_volley\/pla-8755.jpg\"\n               title=\"Gli stendardi sul ponte Vittorio Emanuele I\"\n               data-src=\"http:\/\/www.spaziotorino.it\/scatto\/wp-content\/gallery\/2018-09_24_volley\/pla-8755.jpg\"\n               data-thumbnail=\"http:\/\/www.spaziotorino.it\/scatto\/wp-content\/gallery\/2018-09_24_volley\/thumbs\/thumbs_pla-8755.jpg\"\n               data-image-id=\"21100\"\n               data-title=\"Gli stendardi sul ponte Vittorio Emanuele I\"\n               data-description=\"Gli stendardi sul ponte Vittorio Emanuele I\"\n               data-image-slug=\"pla-8755\"\n               class=\"ngg-fancybox\" rel=\"b760a5a64e6176af679178d1b4f94c02\">\n                <img\n                    title=\"Gli stendardi sul ponte Vittorio Emanuele I\"\n                    alt=\"Gli stendardi sul ponte Vittorio Emanuele I\"\n                    src=\"http:\/\/www.spaziotorino.it\/scatto\/wp-content\/gallery\/2018-09_24_volley\/cache\/pla-8755.jpg-nggid0521100-ngg0dyn-60x60x100-00f0w010c011r110f110r010t010.jpg\"\n                    width=\"60\"\n                    height=\"60\"\n                    style=\"max-width:100%;\"\n                \/>\n            <\/a>\n        <\/div>\n\t\t\t\t\t\t\t<\/div> \n\t\t\t\n        \n\t\t\t\t<div id=\"ngg-image-1\" class=\"ngg-gallery-thumbnail-box\" >\n\t\t\t\t        <div class=\"ngg-gallery-thumbnail\">\n            <a href=\"http:\/\/www.spaziotorino.it\/scatto\/wp-content\/gallery\/2018-09_24_volley\/IMG_9168.jpg\"\n               title=\"Inizia il sorteggio\"\n               data-src=\"http:\/\/www.spaziotorino.it\/scatto\/wp-content\/gallery\/2018-09_24_volley\/IMG_9168.jpg\"\n               data-thumbnail=\"http:\/\/www.spaziotorino.it\/scatto\/wp-content\/gallery\/2018-09_24_volley\/thumbs\/thumbs_IMG_9168.jpg\"\n               data-image-id=\"21086\"\n               data-title=\"Inizia il sorteggio\"\n               data-description=\"Inizia il sorteggio\"\n               data-image-slug=\"img_9168\"\n               class=\"ngg-fancybox\" rel=\"b760a5a64e6176af679178d1b4f94c02\">\n                <img\n                    title=\"Inizia il sorteggio\"\n                    alt=\"Inizia il sorteggio\"\n                    src=\"http:\/\/www.spaziotorino.it\/scatto\/wp-content\/gallery\/2018-09_24_volley\/cache\/IMG_9168.jpg-nggid0521086-ngg0dyn-60x60x100-00f0w010c011r110f110r010t010.jpg\"\n                    width=\"60\"\n                    height=\"60\"\n                    style=\"max-width:100%;\"\n                \/>\n            <\/a>\n        <\/div>\n\t\t\t\t\t\t\t<\/div> \n\t\t\t\n        \n\t\t\t\t<div id=\"ngg-image-2\" class=\"ngg-gallery-thumbnail-box\" >\n\t\t\t\t        <div class=\"ngg-gallery-thumbnail\">\n            <a href=\"http:\/\/www.spaziotorino.it\/scatto\/wp-content\/gallery\/2018-09_24_volley\/IMG_9174.jpg\"\n               title=\"\"\n               data-src=\"http:\/\/www.spaziotorino.it\/scatto\/wp-content\/gallery\/2018-09_24_volley\/IMG_9174.jpg\"\n               data-thumbnail=\"http:\/\/www.spaziotorino.it\/scatto\/wp-content\/gallery\/2018-09_24_volley\/thumbs\/thumbs_IMG_9174.jpg\"\n               data-image-id=\"21087\"\n               data-title=\"IMG_9174\"\n               data-description=\"\"\n               data-image-slug=\"img_9174\"\n               class=\"ngg-fancybox\" rel=\"b760a5a64e6176af679178d1b4f94c02\">\n                <img\n                    title=\"IMG_9174\"\n                    alt=\"IMG_9174\"\n                    src=\"http:\/\/www.spaziotorino.it\/scatto\/wp-content\/gallery\/2018-09_24_volley\/cache\/IMG_9174.jpg-nggid0521087-ngg0dyn-60x60x100-00f0w010c011r110f110r010t010.jpg\"\n                    width=\"60\"\n                    height=\"60\"\n                    style=\"max-width:100%;\"\n                \/>\n            <\/a>\n        <\/div>\n\t\t\t\t\t\t\t<\/div> \n\t\t\t\n        \n\t\t\t\t<div id=\"ngg-image-3\" class=\"ngg-gallery-thumbnail-box\" >\n\t\t\t\t        <div class=\"ngg-gallery-thumbnail\">\n            <a href=\"http:\/\/www.spaziotorino.it\/scatto\/wp-content\/gallery\/2018-09_24_volley\/IMG_9191.jpg\"\n               title=\"Ed ecco i gironi finali\"\n               data-src=\"http:\/\/www.spaziotorino.it\/scatto\/wp-content\/gallery\/2018-09_24_volley\/IMG_9191.jpg\"\n               data-thumbnail=\"http:\/\/www.spaziotorino.it\/scatto\/wp-content\/gallery\/2018-09_24_volley\/thumbs\/thumbs_IMG_9191.jpg\"\n               data-image-id=\"21088\"\n               data-title=\"Ed ecco i gironi finali\"\n               data-description=\"Ed ecco i gironi finali\"\n               data-image-slug=\"img_9191\"\n               class=\"ngg-fancybox\" rel=\"b760a5a64e6176af679178d1b4f94c02\">\n                <img\n                    title=\"Ed ecco i gironi finali\"\n                    alt=\"Ed ecco i gironi finali\"\n                    src=\"http:\/\/www.spaziotorino.it\/scatto\/wp-content\/gallery\/2018-09_24_volley\/cache\/IMG_9191.jpg-nggid0521088-ngg0dyn-60x60x100-00f0w010c011r110f110r010t010.jpg\"\n                    width=\"60\"\n                    height=\"60\"\n                    style=\"max-width:100%;\"\n                \/>\n            <\/a>\n        <\/div>\n\t\t\t\t\t\t\t<\/div> \n\t\t\t\n        \n\t\t\t\t<div id=\"ngg-image-4\" class=\"ngg-gallery-thumbnail-box\" >\n\t\t\t\t        <div class=\"ngg-gallery-thumbnail\">\n            <a href=\"http:\/\/www.spaziotorino.it\/scatto\/wp-content\/gallery\/2018-09_24_volley\/IMG_9194.jpg\"\n               title=\"\"\n               data-src=\"http:\/\/www.spaziotorino.it\/scatto\/wp-content\/gallery\/2018-09_24_volley\/IMG_9194.jpg\"\n               data-thumbnail=\"http:\/\/www.spaziotorino.it\/scatto\/wp-content\/gallery\/2018-09_24_volley\/thumbs\/thumbs_IMG_9194.jpg\"\n               data-image-id=\"21089\"\n               data-title=\"IMG_9194\"\n               data-description=\"\"\n               data-image-slug=\"img_9194\"\n               class=\"ngg-fancybox\" rel=\"b760a5a64e6176af679178d1b4f94c02\">\n                <img\n                    title=\"IMG_9194\"\n                    alt=\"IMG_9194\"\n                    src=\"http:\/\/www.spaziotorino.it\/scatto\/wp-content\/gallery\/2018-09_24_volley\/cache\/IMG_9194.jpg-nggid0521089-ngg0dyn-60x60x100-00f0w010c011r110f110r010t010.jpg\"\n                    width=\"60\"\n                    height=\"60\"\n                    style=\"max-width:100%;\"\n                \/>\n            <\/a>\n        <\/div>\n\t\t\t\t\t\t\t<\/div> \n\t\t\t\n        \n\t\t\t\t<div id=\"ngg-image-5\" class=\"ngg-gallery-thumbnail-box\" >\n\t\t\t\t        <div class=\"ngg-gallery-thumbnail\">\n            <a href=\"http:\/\/www.spaziotorino.it\/scatto\/wp-content\/gallery\/2018-09_24_volley\/IMG_9205.jpg\"\n               title=\"\"\n               data-src=\"http:\/\/www.spaziotorino.it\/scatto\/wp-content\/gallery\/2018-09_24_volley\/IMG_9205.jpg\"\n               data-thumbnail=\"http:\/\/www.spaziotorino.it\/scatto\/wp-content\/gallery\/2018-09_24_volley\/thumbs\/thumbs_IMG_9205.jpg\"\n               data-image-id=\"21090\"\n               data-title=\"IMG_9205\"\n               data-description=\"\"\n               data-image-slug=\"img_9205\"\n               class=\"ngg-fancybox\" rel=\"b760a5a64e6176af679178d1b4f94c02\">\n                <img\n                    title=\"IMG_9205\"\n                    alt=\"IMG_9205\"\n                    src=\"http:\/\/www.spaziotorino.it\/scatto\/wp-content\/gallery\/2018-09_24_volley\/cache\/IMG_9205.jpg-nggid0521090-ngg0dyn-60x60x100-00f0w010c011r110f110r010t010.jpg\"\n                    width=\"60\"\n                    height=\"60\"\n                    style=\"max-width:100%;\"\n                \/>\n            <\/a>\n        <\/div>\n\t\t\t\t\t\t\t<\/div> \n\t\t\t\n        \n\t\t\t\t<div id=\"ngg-image-6\" class=\"ngg-gallery-thumbnail-box\" >\n\t\t\t\t        <div class=\"ngg-gallery-thumbnail\">\n            <a href=\"http:\/\/www.spaziotorino.it\/scatto\/wp-content\/gallery\/2018-09_24_volley\/IMG_9210.jpg\"\n               title=\"\"\n               data-src=\"http:\/\/www.spaziotorino.it\/scatto\/wp-content\/gallery\/2018-09_24_volley\/IMG_9210.jpg\"\n               data-thumbnail=\"http:\/\/www.spaziotorino.it\/scatto\/wp-content\/gallery\/2018-09_24_volley\/thumbs\/thumbs_IMG_9210.jpg\"\n               data-image-id=\"21091\"\n               data-title=\"IMG_9210\"\n               data-description=\"\"\n               data-image-slug=\"img_9210\"\n               class=\"ngg-fancybox\" rel=\"b760a5a64e6176af679178d1b4f94c02\">\n                <img\n                    title=\"IMG_9210\"\n                    alt=\"IMG_9210\"\n                    src=\"http:\/\/www.spaziotorino.it\/scatto\/wp-content\/gallery\/2018-09_24_volley\/cache\/IMG_9210.jpg-nggid0521091-ngg0dyn-60x60x100-00f0w010c011r110f110r010t010.jpg\"\n                    width=\"60\"\n                    height=\"60\"\n                    style=\"max-width:100%;\"\n                \/>\n            <\/a>\n        <\/div>\n\t\t\t\t\t\t\t<\/div> \n\t\t\t\n        \n\t\t\t\t<div id=\"ngg-image-7\" class=\"ngg-gallery-thumbnail-box\" >\n\t\t\t\t        <div class=\"ngg-gallery-thumbnail\">\n            <a href=\"http:\/\/www.spaziotorino.it\/scatto\/wp-content\/gallery\/2018-09_24_volley\/IMG_9216.jpg\"\n               title=\"La nazionale russa arriva a Torino\"\n               data-src=\"http:\/\/www.spaziotorino.it\/scatto\/wp-content\/gallery\/2018-09_24_volley\/IMG_9216.jpg\"\n               data-thumbnail=\"http:\/\/www.spaziotorino.it\/scatto\/wp-content\/gallery\/2018-09_24_volley\/thumbs\/thumbs_IMG_9216.jpg\"\n               data-image-id=\"21092\"\n               data-title=\"La nazionale russa arriva a Torino\"\n               data-description=\"La nazionale russa arriva a Torino\"\n               data-image-slug=\"img_9216\"\n               class=\"ngg-fancybox\" rel=\"b760a5a64e6176af679178d1b4f94c02\">\n                <img\n                    title=\"La nazionale russa arriva a Torino\"\n                    alt=\"La nazionale russa arriva a Torino\"\n                    src=\"http:\/\/www.spaziotorino.it\/scatto\/wp-content\/gallery\/2018-09_24_volley\/cache\/IMG_9216.jpg-nggid0521092-ngg0dyn-60x60x100-00f0w010c011r110f110r010t010.jpg\"\n                    width=\"60\"\n                    height=\"60\"\n                    style=\"max-width:100%;\"\n                \/>\n            <\/a>\n        <\/div>\n\t\t\t\t\t\t\t<\/div> \n\t\t\t\n        \n\t\t\t\t<div id=\"ngg-image-8\" class=\"ngg-gallery-thumbnail-box\" >\n\t\t\t\t        <div class=\"ngg-gallery-thumbnail\">\n            <a href=\"http:\/\/www.spaziotorino.it\/scatto\/wp-content\/gallery\/2018-09_24_volley\/IMG_9232.jpg\"\n               title=\"La nazionale russa arriva a Torino\"\n               data-src=\"http:\/\/www.spaziotorino.it\/scatto\/wp-content\/gallery\/2018-09_24_volley\/IMG_9232.jpg\"\n               data-thumbnail=\"http:\/\/www.spaziotorino.it\/scatto\/wp-content\/gallery\/2018-09_24_volley\/thumbs\/thumbs_IMG_9232.jpg\"\n               data-image-id=\"21093\"\n               data-title=\"La nazionale russa arriva a Torino\"\n               data-description=\"La nazionale russa arriva a Torino\"\n               data-image-slug=\"img_9232\"\n               class=\"ngg-fancybox\" rel=\"b760a5a64e6176af679178d1b4f94c02\">\n                <img\n                    title=\"La nazionale russa arriva a Torino\"\n                    alt=\"La nazionale russa arriva a Torino\"\n                    src=\"http:\/\/www.spaziotorino.it\/scatto\/wp-content\/gallery\/2018-09_24_volley\/cache\/IMG_9232.jpg-nggid0521093-ngg0dyn-60x60x100-00f0w010c011r110f110r010t010.jpg\"\n                    width=\"60\"\n                    height=\"60\"\n                    style=\"max-width:100%;\"\n                \/>\n            <\/a>\n        <\/div>\n\t\t\t\t\t\t\t<\/div> \n\t\t\t\n        \n\t\t\t\t<div id=\"ngg-image-9\" class=\"ngg-gallery-thumbnail-box\" >\n\t\t\t\t        <div class=\"ngg-gallery-thumbnail\">\n            <a href=\"http:\/\/www.spaziotorino.it\/scatto\/wp-content\/gallery\/2018-09_24_volley\/IMG_9238.jpg\"\n               title=\"Simone Anzani\"\n               data-src=\"http:\/\/www.spaziotorino.it\/scatto\/wp-content\/gallery\/2018-09_24_volley\/IMG_9238.jpg\"\n               data-thumbnail=\"http:\/\/www.spaziotorino.it\/scatto\/wp-content\/gallery\/2018-09_24_volley\/thumbs\/thumbs_IMG_9238.jpg\"\n               data-image-id=\"21094\"\n               data-title=\"Simone Anzani\"\n               data-description=\"Simone Anzani\"\n               data-image-slug=\"img_9238\"\n               class=\"ngg-fancybox\" rel=\"b760a5a64e6176af679178d1b4f94c02\">\n                <img\n                    title=\"Simone Anzani\"\n                    alt=\"Simone Anzani\"\n                    src=\"http:\/\/www.spaziotorino.it\/scatto\/wp-content\/gallery\/2018-09_24_volley\/cache\/IMG_9238.jpg-nggid0521094-ngg0dyn-60x60x100-00f0w010c011r110f110r010t010.jpg\"\n                    width=\"60\"\n                    height=\"60\"\n                    style=\"max-width:100%;\"\n                \/>\n            <\/a>\n        <\/div>\n\t\t\t\t\t\t\t<\/div> \n\t\t\t\n        \n\t\t\t\t<div id=\"ngg-image-10\" class=\"ngg-gallery-thumbnail-box\" >\n\t\t\t\t        <div class=\"ngg-gallery-thumbnail\">\n            <a href=\"http:\/\/www.spaziotorino.it\/scatto\/wp-content\/gallery\/2018-09_24_volley\/IMG_9240.jpg\"\n               title=\"Osmany Juantorena\"\n               data-src=\"http:\/\/www.spaziotorino.it\/scatto\/wp-content\/gallery\/2018-09_24_volley\/IMG_9240.jpg\"\n               data-thumbnail=\"http:\/\/www.spaziotorino.it\/scatto\/wp-content\/gallery\/2018-09_24_volley\/thumbs\/thumbs_IMG_9240.jpg\"\n               data-image-id=\"21095\"\n               data-title=\"Osmany Juantorena\"\n               data-description=\"Osmany Juantorena\"\n               data-image-slug=\"img_9240\"\n               class=\"ngg-fancybox\" rel=\"b760a5a64e6176af679178d1b4f94c02\">\n                <img\n                    title=\"Osmany Juantorena\"\n                    alt=\"Osmany Juantorena\"\n                    src=\"http:\/\/www.spaziotorino.it\/scatto\/wp-content\/gallery\/2018-09_24_volley\/cache\/IMG_9240.jpg-nggid0521095-ngg0dyn-60x60x100-00f0w010c011r110f110r010t010.jpg\"\n                    width=\"60\"\n                    height=\"60\"\n                    style=\"max-width:100%;\"\n                \/>\n            <\/a>\n        <\/div>\n\t\t\t\t\t\t\t<\/div> \n\t\t\t\n        \n\t\t\t\t<div id=\"ngg-image-11\" class=\"ngg-gallery-thumbnail-box\" >\n\t\t\t\t        <div class=\"ngg-gallery-thumbnail\">\n            <a href=\"http:\/\/www.spaziotorino.it\/scatto\/wp-content\/gallery\/2018-09_24_volley\/IMG_9244.jpg\"\n               title=\"Massimo Colaci\"\n               data-src=\"http:\/\/www.spaziotorino.it\/scatto\/wp-content\/gallery\/2018-09_24_volley\/IMG_9244.jpg\"\n               data-thumbnail=\"http:\/\/www.spaziotorino.it\/scatto\/wp-content\/gallery\/2018-09_24_volley\/thumbs\/thumbs_IMG_9244.jpg\"\n               data-image-id=\"21096\"\n               data-title=\"Massimo Colaci\"\n               data-description=\"Massimo Colaci\"\n               data-image-slug=\"img_9244\"\n               class=\"ngg-fancybox\" rel=\"b760a5a64e6176af679178d1b4f94c02\">\n                <img\n                    title=\"Massimo Colaci\"\n                    alt=\"Massimo Colaci\"\n                    src=\"http:\/\/www.spaziotorino.it\/scatto\/wp-content\/gallery\/2018-09_24_volley\/cache\/IMG_9244.jpg-nggid0521096-ngg0dyn-60x60x100-00f0w010c011r110f110r010t010.jpg\"\n                    width=\"60\"\n                    height=\"60\"\n                    style=\"max-width:100%;\"\n                \/>\n            <\/a>\n        <\/div>\n\t\t\t\t\t\t\t<\/div> \n\t\t\t\n        \n\t\t\t\t<div id=\"ngg-image-12\" class=\"ngg-gallery-thumbnail-box\" >\n\t\t\t\t        <div class=\"ngg-gallery-thumbnail\">\n            <a href=\"http:\/\/www.spaziotorino.it\/scatto\/wp-content\/gallery\/2018-09_24_volley\/IMG_9254.jpg\"\n               title=\"Il coach Gianlorenzo Blengini\"\n               data-src=\"http:\/\/www.spaziotorino.it\/scatto\/wp-content\/gallery\/2018-09_24_volley\/IMG_9254.jpg\"\n               data-thumbnail=\"http:\/\/www.spaziotorino.it\/scatto\/wp-content\/gallery\/2018-09_24_volley\/thumbs\/thumbs_IMG_9254.jpg\"\n               data-image-id=\"21097\"\n               data-title=\"Il coach Gianlorenzo Blengini\"\n               data-description=\"Il coach Gianlorenzo Blengini\"\n               data-image-slug=\"img_9254\"\n               class=\"ngg-fancybox\" rel=\"b760a5a64e6176af679178d1b4f94c02\">\n                <img\n                    title=\"Il coach Gianlorenzo Blengini\"\n                    alt=\"Il coach Gianlorenzo Blengini\"\n                    src=\"http:\/\/www.spaziotorino.it\/scatto\/wp-content\/gallery\/2018-09_24_volley\/cache\/IMG_9254.jpg-nggid0521097-ngg0dyn-60x60x100-00f0w010c011r110f110r010t010.jpg\"\n                    width=\"60\"\n                    height=\"60\"\n                    style=\"max-width:100%;\"\n                \/>\n            <\/a>\n        <\/div>\n\t\t\t\t\t\t\t<\/div> \n\t\t\t\n        \n\t\t\t\t<div id=\"ngg-image-13\" class=\"ngg-gallery-thumbnail-box\" >\n\t\t\t\t        <div class=\"ngg-gallery-thumbnail\">\n            <a href=\"http:\/\/www.spaziotorino.it\/scatto\/wp-content\/gallery\/2018-09_24_volley\/IMG_9261.jpg\"\n               title=\"Ivan Zaytsev\"\n               data-src=\"http:\/\/www.spaziotorino.it\/scatto\/wp-content\/gallery\/2018-09_24_volley\/IMG_9261.jpg\"\n               data-thumbnail=\"http:\/\/www.spaziotorino.it\/scatto\/wp-content\/gallery\/2018-09_24_volley\/thumbs\/thumbs_IMG_9261.jpg\"\n               data-image-id=\"21098\"\n               data-title=\"Ivan Zaytsev\"\n               data-description=\"Ivan Zaytsev\"\n               data-image-slug=\"img_9261\"\n               class=\"ngg-fancybox\" rel=\"b760a5a64e6176af679178d1b4f94c02\">\n                <img\n                    title=\"Ivan Zaytsev\"\n                    alt=\"Ivan Zaytsev\"\n                    src=\"http:\/\/www.spaziotorino.it\/scatto\/wp-content\/gallery\/2018-09_24_volley\/cache\/IMG_9261.jpg-nggid0521098-ngg0dyn-60x60x100-00f0w010c011r110f110r010t010.jpg\"\n                    width=\"60\"\n                    height=\"60\"\n                    style=\"max-width:100%;\"\n                \/>\n            <\/a>\n        <\/div>\n\t\t\t\t\t\t\t<\/div> \n\t\t\t\n        \n\t\t\t\t<div id=\"ngg-image-14\" class=\"ngg-gallery-thumbnail-box\" >\n\t\t\t\t        <div class=\"ngg-gallery-thumbnail\">\n            <a href=\"http:\/\/www.spaziotorino.it\/scatto\/wp-content\/gallery\/2018-09_24_volley\/IMG_9268.jpg\"\n               title=\"Ivan Zaytsev\"\n               data-src=\"http:\/\/www.spaziotorino.it\/scatto\/wp-content\/gallery\/2018-09_24_volley\/IMG_9268.jpg\"\n               data-thumbnail=\"http:\/\/www.spaziotorino.it\/scatto\/wp-content\/gallery\/2018-09_24_volley\/thumbs\/thumbs_IMG_9268.jpg\"\n               data-image-id=\"21099\"\n               data-title=\"Ivan Zaytsev\"\n               data-description=\"Ivan Zaytsev\"\n               data-image-slug=\"img_9268\"\n               class=\"ngg-fancybox\" rel=\"b760a5a64e6176af679178d1b4f94c02\">\n                <img\n                    title=\"Ivan Zaytsev\"\n                    alt=\"Ivan Zaytsev\"\n                    src=\"http:\/\/www.spaziotorino.it\/scatto\/wp-content\/gallery\/2018-09_24_volley\/cache\/IMG_9268.jpg-nggid0521099-ngg0dyn-60x60x100-00f0w010c011r110f110r010t010.jpg\"\n                    width=\"60\"\n                    height=\"60\"\n                    style=\"max-width:100%;\"\n                \/>\n            <\/a>\n        <\/div>\n\t\t\t\t\t\t\t<\/div> \n\t\t\t\n        \n\t\t\n\t\t<!-- Pagination -->\n\t<div class='ngg-clear'><\/div>\t<\/div>\n\n<p>L\u2019Italia di Gianlorenzo Blengini \u00e8 stata sorteggiata nella Pool J con Polonia e Serbia, nella Pool I giocheranno invece Brasile, USA e Russia.<br \/>\nL&#8217;Italia debutter\u00e0 mercoled\u00ec 26 settembre, alle 21.15, affrontando la Serbia. Alle 17 toccher\u00e0 invece a Brasile e Russia.<\/p>\n<p>26 Settembre<br \/>\nOre 17.00 Brasile \u2013 Russia (Pool J)<br \/>\nOre 21.15 Italia \u2013 Serbia (Pool I)<\/p>\n<p>27 Settembre<br \/>\nOre 17.00 Stati Uniti \u2013 Russia (Pool J)<br \/>\nOre 20.30 Polonia  \u2013 Serbia (Pool I)<\/p>\n<p>28 Settembre<br \/>\nOre 17.00 Brasile \u2013 Stati Uniti (Pool J)<br \/>\nOre 21.15 Italia \u2013 Polonia (Pool I)<\/p>\n<p>Nel frattempo la Nazionale \u00e8 giunta a Torino insieme alle altre protagoniste.<\/p>\n<p>Maggiori informazioni sul <a href=\"http:\/\/www.palaalpitour.it\/events\/volley-maschile-finale-mondiali-2018\/\">sito del Pala Alpitour<\/a><\/p>\n","protected":false},"excerpt":{"rendered":"<p>L\u2019Italia di Gianlorenzo Blengini \u00e8 stata sorteggiata nella Pool J con Polonia e Serbia, nella Pool I giocheranno invece Brasile, USA e Russia. L&#8217;Italia debutter\u00e0 mercoled\u00ec 26 settembre, alle 21.15, affrontando la Serbia. Alle 17 toccher\u00e0 invece a Brasile e Russia. 26 Settembre Ore 17.00 Brasile \u2013 Russia (Pool J) Ore 21.15 Italia \u2013 Serbia [&hellip;]<\/p>\n","protected":false},"author":1,"featured_media":0,"comment_status":"closed","ping_status":"open","sticky":false,"template":"","format":"standard","meta":{"ngg_post_thumbnail":0},"categories":[133,1,10],"tags":[],"_links":{"self":[{"href":"http:\/\/www.spaziotorino.it\/scatto\/index.php?rest_route=\/wp\/v2\/posts\/12857"}],"collection":[{"href":"http:\/\/www.spaziotorino.it\/scatto\/index.php?rest_route=\/wp\/v2\/posts"}],"about":[{"href":"http:\/\/www.spaziotorino.it\/scatto\/index.php?rest_route=\/wp\/v2\/types\/post"}],"author":[{"embeddable":true,"href":"http:\/\/www.spaziotorino.it\/scatto\/index.php?rest_route=\/wp\/v2\/users\/1"}],"replies":[{"embeddable":true,"href":"http:\/\/www.spaziotorino.it\/scatto\/index.php?rest_route=%2Fwp%2Fv2%2Fcomments&post=12857"}],"version-history":[{"count":3,"href":"http:\/\/www.spaziotorino.it\/scatto\/index.php?rest_route=\/wp\/v2\/posts\/12857\/revisions"}],"predecessor-version":[{"id":12928,"href":"http:\/\/www.spaziotorino.it\/scatto\/index.php?rest_route=\/wp\/v2\/posts\/12857\/revisions\/12928"}],"wp:attachment":[{"href":"http:\/\/www.spaziotorino.it\/scatto\/index.php?rest_route=%2Fwp%2Fv2%2Fmedia&parent=12857"}],"wp:term":[{"taxonomy":"category","embeddable":true,"href":"http:\/\/www.spaziotorino.it\/scatto\/index.php?rest_route=%2Fwp%2Fv2%2Fcategories&post=12857"},{"taxonomy":"post_tag","embeddable":true,"href":"http:\/\/www.spaziotorino.it\/scatto\/index.php?rest_route=%2Fwp%2Fv2%2Ftags&post=12857"}],"curies":[{"name":"wp","href":"https:\/\/api.w.org\/{rel}","templated":true}]}}