{"id":12881,"date":"2018-09-24T13:45:27","date_gmt":"2018-09-24T12:45:27","guid":{"rendered":"http:\/\/www.spaziotorino.it\/scatto\/?p=12881"},"modified":"2018-09-25T09:47:23","modified_gmt":"2018-09-25T08:47:23","slug":"tutte-le-partite-del-basket-femminile-al-palaruffini","status":"publish","type":"post","link":"http:\/\/www.spaziotorino.it\/scatto\/?p=12881","title":{"rendered":"Tutte le partite del basket femminile al PalaRuffini"},"content":{"rendered":"<p><a class=\"ngg-fancybox\" title=\"Tutte le partite del basket femminile al PalaRuffini\" href=\"http:\/\/www.spaziotorino.it\/scatto\/wp-content\/gallery\/2018_09_24_basket\/Foto-sindaca-Opening-Day.jpg\" rel=\"966c64398186031c35175690ee6628f0\"><br \/>\n<img decoding=\"async\" loading=\"lazy\" class=\"ngg-singlepic\" title=\"Tutte le partite del basket femminile al PalaRuffini\" src=\"http:\/\/www.spaziotorino.it\/scatto\/wp-content\/gallery\/2018_09_24_basket\/Foto-sindaca-Opening-Day.jpg\" alt=\"\" width=\"540\" height=\"360\"\/><\/a><\/p>\n<!-- index.php -->\n<div\n\tclass=\"ngg-galleryoverview ngg-ajax-pagination-none\"\n\tid=\"ngg-gallery-4d7cfae4e19d4163bf3573a7394ced78-1\">\n\n    \t\t<!-- Thumbnails -->\n\t\t\t\t<div id=\"ngg-image-0\" class=\"ngg-gallery-thumbnail-box\" >\n\t\t\t\t        <div class=\"ngg-gallery-thumbnail\">\n            <a href=\"http:\/\/www.spaziotorino.it\/scatto\/wp-content\/gallery\/2018_09_24_basket\/AMA_0685.jpg\"\n               title=\"\"\n               data-src=\"http:\/\/www.spaziotorino.it\/scatto\/wp-content\/gallery\/2018_09_24_basket\/AMA_0685.jpg\"\n               data-thumbnail=\"http:\/\/www.spaziotorino.it\/scatto\/wp-content\/gallery\/2018_09_24_basket\/thumbs\/thumbs_AMA_0685.jpg\"\n               data-image-id=\"21102\"\n               data-title=\"AMA_0685\"\n               data-description=\"\"\n               data-image-slug=\"ama_0685\"\n               class=\"ngg-fancybox\" rel=\"4d7cfae4e19d4163bf3573a7394ced78\">\n                <img\n                    title=\"AMA_0685\"\n                    alt=\"AMA_0685\"\n                    src=\"http:\/\/www.spaziotorino.it\/scatto\/wp-content\/gallery\/2018_09_24_basket\/cache\/AMA_0685.jpg-nggid0521102-ngg0dyn-60x60x100-00f0w010c011r110f110r010t010.jpg\"\n                    width=\"60\"\n                    height=\"60\"\n                    style=\"max-width:100%;\"\n                \/>\n            <\/a>\n        <\/div>\n\t\t\t\t\t\t\t<\/div> \n\t\t\t\n        \n\t\t\t\t<div id=\"ngg-image-1\" class=\"ngg-gallery-thumbnail-box\" >\n\t\t\t\t        <div class=\"ngg-gallery-thumbnail\">\n            <a href=\"http:\/\/www.spaziotorino.it\/scatto\/wp-content\/gallery\/2018_09_24_basket\/AMA_0687.jpg\"\n               title=\"\"\n               data-src=\"http:\/\/www.spaziotorino.it\/scatto\/wp-content\/gallery\/2018_09_24_basket\/AMA_0687.jpg\"\n               data-thumbnail=\"http:\/\/www.spaziotorino.it\/scatto\/wp-content\/gallery\/2018_09_24_basket\/thumbs\/thumbs_AMA_0687.jpg\"\n               data-image-id=\"21103\"\n               data-title=\"AMA_0687\"\n               data-description=\"\"\n               data-image-slug=\"ama_0687\"\n               class=\"ngg-fancybox\" rel=\"4d7cfae4e19d4163bf3573a7394ced78\">\n                <img\n                    title=\"AMA_0687\"\n                    alt=\"AMA_0687\"\n                    src=\"http:\/\/www.spaziotorino.it\/scatto\/wp-content\/gallery\/2018_09_24_basket\/cache\/AMA_0687.jpg-nggid0521103-ngg0dyn-60x60x100-00f0w010c011r110f110r010t010.jpg\"\n                    width=\"60\"\n                    height=\"60\"\n                    style=\"max-width:100%;\"\n                \/>\n            <\/a>\n        <\/div>\n\t\t\t\t\t\t\t<\/div> \n\t\t\t\n        \n\t\t\t\t<div id=\"ngg-image-2\" class=\"ngg-gallery-thumbnail-box\" >\n\t\t\t\t        <div class=\"ngg-gallery-thumbnail\">\n            <a href=\"http:\/\/www.spaziotorino.it\/scatto\/wp-content\/gallery\/2018_09_24_basket\/AMA_0694.jpg\"\n               title=\"\"\n               data-src=\"http:\/\/www.spaziotorino.it\/scatto\/wp-content\/gallery\/2018_09_24_basket\/AMA_0694.jpg\"\n               data-thumbnail=\"http:\/\/www.spaziotorino.it\/scatto\/wp-content\/gallery\/2018_09_24_basket\/thumbs\/thumbs_AMA_0694.jpg\"\n               data-image-id=\"21104\"\n               data-title=\"AMA_0694\"\n               data-description=\"\"\n               data-image-slug=\"ama_0694\"\n               class=\"ngg-fancybox\" rel=\"4d7cfae4e19d4163bf3573a7394ced78\">\n                <img\n                    title=\"AMA_0694\"\n                    alt=\"AMA_0694\"\n                    src=\"http:\/\/www.spaziotorino.it\/scatto\/wp-content\/gallery\/2018_09_24_basket\/cache\/AMA_0694.jpg-nggid0521104-ngg0dyn-60x60x100-00f0w010c011r110f110r010t010.jpg\"\n                    width=\"60\"\n                    height=\"60\"\n                    style=\"max-width:100%;\"\n                \/>\n            <\/a>\n        <\/div>\n\t\t\t\t\t\t\t<\/div> \n\t\t\t\n        \n\t\t\t\t<div id=\"ngg-image-3\" class=\"ngg-gallery-thumbnail-box\" >\n\t\t\t\t        <div class=\"ngg-gallery-thumbnail\">\n            <a href=\"http:\/\/www.spaziotorino.it\/scatto\/wp-content\/gallery\/2018_09_24_basket\/AMA_0709.jpg\"\n               title=\"\"\n               data-src=\"http:\/\/www.spaziotorino.it\/scatto\/wp-content\/gallery\/2018_09_24_basket\/AMA_0709.jpg\"\n               data-thumbnail=\"http:\/\/www.spaziotorino.it\/scatto\/wp-content\/gallery\/2018_09_24_basket\/thumbs\/thumbs_AMA_0709.jpg\"\n               data-image-id=\"21105\"\n               data-title=\"AMA_0709\"\n               data-description=\"\"\n               data-image-slug=\"ama_0709\"\n               class=\"ngg-fancybox\" rel=\"4d7cfae4e19d4163bf3573a7394ced78\">\n                <img\n                    title=\"AMA_0709\"\n                    alt=\"AMA_0709\"\n                    src=\"http:\/\/www.spaziotorino.it\/scatto\/wp-content\/gallery\/2018_09_24_basket\/cache\/AMA_0709.jpg-nggid0521105-ngg0dyn-60x60x100-00f0w010c011r110f110r010t010.jpg\"\n                    width=\"60\"\n                    height=\"60\"\n                    style=\"max-width:100%;\"\n                \/>\n            <\/a>\n        <\/div>\n\t\t\t\t\t\t\t<\/div> \n\t\t\t\n        \n\t\t\t\t<div id=\"ngg-image-4\" class=\"ngg-gallery-thumbnail-box\" >\n\t\t\t\t        <div class=\"ngg-gallery-thumbnail\">\n            <a href=\"http:\/\/www.spaziotorino.it\/scatto\/wp-content\/gallery\/2018_09_24_basket\/AMA_0718.jpg\"\n               title=\"\"\n               data-src=\"http:\/\/www.spaziotorino.it\/scatto\/wp-content\/gallery\/2018_09_24_basket\/AMA_0718.jpg\"\n               data-thumbnail=\"http:\/\/www.spaziotorino.it\/scatto\/wp-content\/gallery\/2018_09_24_basket\/thumbs\/thumbs_AMA_0718.jpg\"\n               data-image-id=\"21106\"\n               data-title=\"AMA_0718\"\n               data-description=\"\"\n               data-image-slug=\"ama_0718\"\n               class=\"ngg-fancybox\" rel=\"4d7cfae4e19d4163bf3573a7394ced78\">\n                <img\n                    title=\"AMA_0718\"\n                    alt=\"AMA_0718\"\n                    src=\"http:\/\/www.spaziotorino.it\/scatto\/wp-content\/gallery\/2018_09_24_basket\/cache\/AMA_0718.jpg-nggid0521106-ngg0dyn-60x60x100-00f0w010c011r110f110r010t010.jpg\"\n                    width=\"60\"\n                    height=\"60\"\n                    style=\"max-width:100%;\"\n                \/>\n            <\/a>\n        <\/div>\n\t\t\t\t\t\t\t<\/div> \n\t\t\t\n        \n\t\t\t\t<div id=\"ngg-image-5\" class=\"ngg-gallery-thumbnail-box\" >\n\t\t\t\t        <div class=\"ngg-gallery-thumbnail\">\n            <a href=\"http:\/\/www.spaziotorino.it\/scatto\/wp-content\/gallery\/2018_09_24_basket\/AMA_0724.jpg\"\n               title=\"\"\n               data-src=\"http:\/\/www.spaziotorino.it\/scatto\/wp-content\/gallery\/2018_09_24_basket\/AMA_0724.jpg\"\n               data-thumbnail=\"http:\/\/www.spaziotorino.it\/scatto\/wp-content\/gallery\/2018_09_24_basket\/thumbs\/thumbs_AMA_0724.jpg\"\n               data-image-id=\"21107\"\n               data-title=\"AMA_0724\"\n               data-description=\"\"\n               data-image-slug=\"ama_0724\"\n               class=\"ngg-fancybox\" rel=\"4d7cfae4e19d4163bf3573a7394ced78\">\n                <img\n                    title=\"AMA_0724\"\n                    alt=\"AMA_0724\"\n                    src=\"http:\/\/www.spaziotorino.it\/scatto\/wp-content\/gallery\/2018_09_24_basket\/cache\/AMA_0724.jpg-nggid0521107-ngg0dyn-60x60x100-00f0w010c011r110f110r010t010.jpg\"\n                    width=\"60\"\n                    height=\"60\"\n                    style=\"max-width:100%;\"\n                \/>\n            <\/a>\n        <\/div>\n\t\t\t\t\t\t\t<\/div> \n\t\t\t\n        \n\t\t\t\t<div id=\"ngg-image-6\" class=\"ngg-gallery-thumbnail-box\" >\n\t\t\t\t        <div class=\"ngg-gallery-thumbnail\">\n            <a href=\"http:\/\/www.spaziotorino.it\/scatto\/wp-content\/gallery\/2018_09_24_basket\/AMA_0731.jpg\"\n               title=\"\"\n               data-src=\"http:\/\/www.spaziotorino.it\/scatto\/wp-content\/gallery\/2018_09_24_basket\/AMA_0731.jpg\"\n               data-thumbnail=\"http:\/\/www.spaziotorino.it\/scatto\/wp-content\/gallery\/2018_09_24_basket\/thumbs\/thumbs_AMA_0731.jpg\"\n               data-image-id=\"21108\"\n               data-title=\"AMA_0731\"\n               data-description=\"\"\n               data-image-slug=\"ama_0731\"\n               class=\"ngg-fancybox\" rel=\"4d7cfae4e19d4163bf3573a7394ced78\">\n                <img\n                    title=\"AMA_0731\"\n                    alt=\"AMA_0731\"\n                    src=\"http:\/\/www.spaziotorino.it\/scatto\/wp-content\/gallery\/2018_09_24_basket\/cache\/AMA_0731.jpg-nggid0521108-ngg0dyn-60x60x100-00f0w010c011r110f110r010t010.jpg\"\n                    width=\"60\"\n                    height=\"60\"\n                    style=\"max-width:100%;\"\n                \/>\n            <\/a>\n        <\/div>\n\t\t\t\t\t\t\t<\/div> \n\t\t\t\n        \n\t\t\t\t<div id=\"ngg-image-7\" class=\"ngg-gallery-thumbnail-box\" >\n\t\t\t\t        <div class=\"ngg-gallery-thumbnail\">\n            <a href=\"http:\/\/www.spaziotorino.it\/scatto\/wp-content\/gallery\/2018_09_24_basket\/AMA_0734.jpg\"\n               title=\"\"\n               data-src=\"http:\/\/www.spaziotorino.it\/scatto\/wp-content\/gallery\/2018_09_24_basket\/AMA_0734.jpg\"\n               data-thumbnail=\"http:\/\/www.spaziotorino.it\/scatto\/wp-content\/gallery\/2018_09_24_basket\/thumbs\/thumbs_AMA_0734.jpg\"\n               data-image-id=\"21109\"\n               data-title=\"AMA_0734\"\n               data-description=\"\"\n               data-image-slug=\"ama_0734\"\n               class=\"ngg-fancybox\" rel=\"4d7cfae4e19d4163bf3573a7394ced78\">\n                <img\n                    title=\"AMA_0734\"\n                    alt=\"AMA_0734\"\n                    src=\"http:\/\/www.spaziotorino.it\/scatto\/wp-content\/gallery\/2018_09_24_basket\/cache\/AMA_0734.jpg-nggid0521109-ngg0dyn-60x60x100-00f0w010c011r110f110r010t010.jpg\"\n                    width=\"60\"\n                    height=\"60\"\n                    style=\"max-width:100%;\"\n                \/>\n            <\/a>\n        <\/div>\n\t\t\t\t\t\t\t<\/div> \n\t\t\t\n        \n\t\t\t\t<div id=\"ngg-image-8\" class=\"ngg-gallery-thumbnail-box\" >\n\t\t\t\t        <div class=\"ngg-gallery-thumbnail\">\n            <a href=\"http:\/\/www.spaziotorino.it\/scatto\/wp-content\/gallery\/2018_09_24_basket\/Foto-sindaca-Opening-Day.jpg\"\n               title=\"\"\n               data-src=\"http:\/\/www.spaziotorino.it\/scatto\/wp-content\/gallery\/2018_09_24_basket\/Foto-sindaca-Opening-Day.jpg\"\n               data-thumbnail=\"http:\/\/www.spaziotorino.it\/scatto\/wp-content\/gallery\/2018_09_24_basket\/thumbs\/thumbs_Foto-sindaca-Opening-Day.jpg\"\n               data-image-id=\"21110\"\n               data-title=\"Foto-sindaca-Opening-Day\"\n               data-description=\"\"\n               data-image-slug=\"foto-sindaca-opening-day\"\n               class=\"ngg-fancybox\" rel=\"4d7cfae4e19d4163bf3573a7394ced78\">\n                <img\n                    title=\"Foto-sindaca-Opening-Day\"\n                    alt=\"Foto-sindaca-Opening-Day\"\n                    src=\"http:\/\/www.spaziotorino.it\/scatto\/wp-content\/gallery\/2018_09_24_basket\/cache\/Foto-sindaca-Opening-Day.jpg-nggid0521110-ngg0dyn-60x60x100-00f0w010c011r110f110r010t010.jpg\"\n                    width=\"60\"\n                    height=\"60\"\n                    style=\"max-width:100%;\"\n                \/>\n            <\/a>\n        <\/div>\n\t\t\t\t\t\t\t<\/div> \n\t\t\t\n        \n\t\t\n\t\t<!-- Pagination -->\n\t<div class='ngg-clear'><\/div>\t<\/div>\n\n<p>Torino il 6 e il 7 ottobre ospiter\u00e0 la XVII edizione dell\u2019<strong>Opening Day<\/strong>, manifestazione cestistica femminile pi\u00f9 importante d\u2019Italia, ideata dalla&nbsp;<strong>Lega Basket femminile<\/strong>&nbsp;nel 2002. L\u2019evento consiste nel far disputare le partite delle dodici squadre della Serie A1 nella stessa citt\u00e0, sul medesimo campo, nel fine settimane con tre partite al giorno. Quando venne organizzata la sua prima edizione, ben diciassette anni fa, la Lega Basket femminile fece da pioniera per poi essere ripetutamente imitata da altre paesi europei e mondiali.<\/p>\n<p>Quella di quest\u2019anno \u00e8 la prima edizione che si tiene in Piemonte. A contorno della partite ci saranno anche un clinic per allenatori, corsi di formazione, serate di gala, tutti elementi che uniranno tutte le atlete e le societ\u00e0 del massimo campionato nazionale. Il 7 ottobre alle 18 scenderanno in campo le ragazze della Fixi Iren Torino opposte alle brianzole del Vigarano. Per le atlete del coach Massimo Riga sar\u00e0 l\u2019occasione ritornare a giocare in campionato, dopo le burrascose vicende di queste estate dove la compagine torinese ha rischiato di non potersi iscrivere alla massima serie. \u201cCome Comune di Torino \u2013 ha sottolineato l\u2019assessore&nbsp;<strong>Roberto Finardi<\/strong>&nbsp;\u2013 abbiamo cercato di aiutare la pallacanestro femminile e alla fine, grazie a nuovi sponsor, la societ\u00e0 ha trovato i fondi necessari per iscriversi al campionato. La Citt\u00e0 non poteva abbandonare una societ\u00e0 che ha scritto pagine di storia del basket in rosa\u201d.<\/p>\n<p>Per Torino l\u2019arrivo dell\u2019Opening Day \u00e8 \u201cun motivo di grande orgoglio \u2013 ha sottolineato la sindaca&nbsp;<strong>Chiara Appendino<\/strong>. Torino ha bisogno del basket femminile e mi auguro di vedere tanta gente al PalaRuffini il 6 e il 7 ottobre. Vorrei ringraziare tutti gli uomini e le donne che vanno fanno attivit\u00e0 perch\u00e9 ritengo che possano essere un esempio per tutti i giovani che si avvicinano allo sport\u201d. Il presidente della Lega Basket femminile&nbsp;<strong>Massimo Protani<\/strong>&nbsp;ha voluto ringraziare tutte le societ\u00e0 che giocheranno a Torino e si \u00e8 augurato che l\u2019Opening Day sia una festa in campo e fuori.<\/p>\n<p>[Fonte: <a href=\"http:\/\/www.torinoclick.it\/?p=78876\">TorinoClick<\/a>]<\/p>\n","protected":false},"excerpt":{"rendered":"<p>Torino il 6 e il 7 ottobre ospiter\u00e0 la XVII edizione dell\u2019Opening Day, manifestazione cestistica femminile pi\u00f9 importante d\u2019Italia, ideata dalla&nbsp;Lega Basket femminile&nbsp;nel 2002. L\u2019evento consiste nel far disputare le partite delle dodici squadre della Serie A1 nella stessa citt\u00e0, sul medesimo campo, nel fine settimane con tre partite al giorno. Quando venne organizzata la [&hellip;]<\/p>\n","protected":false},"author":1,"featured_media":0,"comment_status":"closed","ping_status":"open","sticky":false,"template":"","format":"standard","meta":{"ngg_post_thumbnail":0},"categories":[1,10],"tags":[],"_links":{"self":[{"href":"http:\/\/www.spaziotorino.it\/scatto\/index.php?rest_route=\/wp\/v2\/posts\/12881"}],"collection":[{"href":"http:\/\/www.spaziotorino.it\/scatto\/index.php?rest_route=\/wp\/v2\/posts"}],"about":[{"href":"http:\/\/www.spaziotorino.it\/scatto\/index.php?rest_route=\/wp\/v2\/types\/post"}],"author":[{"embeddable":true,"href":"http:\/\/www.spaziotorino.it\/scatto\/index.php?rest_route=\/wp\/v2\/users\/1"}],"replies":[{"embeddable":true,"href":"http:\/\/www.spaziotorino.it\/scatto\/index.php?rest_route=%2Fwp%2Fv2%2Fcomments&post=12881"}],"version-history":[{"count":2,"href":"http:\/\/www.spaziotorino.it\/scatto\/index.php?rest_route=\/wp\/v2\/posts\/12881\/revisions"}],"predecessor-version":[{"id":12883,"href":"http:\/\/www.spaziotorino.it\/scatto\/index.php?rest_route=\/wp\/v2\/posts\/12881\/revisions\/12883"}],"wp:attachment":[{"href":"http:\/\/www.spaziotorino.it\/scatto\/index.php?rest_route=%2Fwp%2Fv2%2Fmedia&parent=12881"}],"wp:term":[{"taxonomy":"category","embeddable":true,"href":"http:\/\/www.spaziotorino.it\/scatto\/index.php?rest_route=%2Fwp%2Fv2%2Fcategories&post=12881"},{"taxonomy":"post_tag","embeddable":true,"href":"http:\/\/www.spaziotorino.it\/scatto\/index.php?rest_route=%2Fwp%2Fv2%2Ftags&post=12881"}],"curies":[{"name":"wp","href":"https:\/\/api.w.org\/{rel}","templated":true}]}}