{"id":12902,"date":"2018-09-25T12:57:43","date_gmt":"2018-09-25T11:57:43","guid":{"rendered":"http:\/\/www.spaziotorino.it\/scatto\/?p=12902"},"modified":"2018-09-25T12:57:43","modified_gmt":"2018-09-25T11:57:43","slug":"portici-di-carta-la-xii-edizione-e-dedicata-a-pippi-calzelunghe","status":"publish","type":"post","link":"http:\/\/www.spaziotorino.it\/scatto\/?p=12902","title":{"rendered":"Portici di Carta: la XII edizione \u00e8 dedicata a Pippi Calzelunghe"},"content":{"rendered":"<p><a class=\"ngg-fancybox\" title=\"Portici di Carta: la XII edizione \u00e8 dedicata a Pippi Calzelunghe\" href=\"http:\/\/www.spaziotorino.it\/scatto\/wp-content\/gallery\/2018_09_25_portici\/IMG_9278-copia.jpg\" rel=\"86c43520f7466dc56ede2599c1f54d1f\"><br \/>\n<img decoding=\"async\" loading=\"lazy\" class=\"ngg-singlepic\" title=\"Portici di Carta: la XII edizione \u00e8 dedicata a Pippi Calzelunghe\" src=\"http:\/\/www.spaziotorino.it\/scatto\/wp-content\/gallery\/2018_09_25_portici\/IMG_9278-copia.jpg\" alt=\"\" width=\"540\" height=\"360\"\/><\/a><\/p>\n<!-- index.php -->\n<div\n\tclass=\"ngg-galleryoverview ngg-ajax-pagination-none\"\n\tid=\"ngg-gallery-1fd71ce2fcdf72f8fce0d0d1ac35da04-1\">\n\n    \t\t<!-- Thumbnails -->\n\t\t\t\t<div id=\"ngg-image-0\" class=\"ngg-gallery-thumbnail-box\" >\n\t\t\t\t        <div class=\"ngg-gallery-thumbnail\">\n            <a href=\"http:\/\/www.spaziotorino.it\/scatto\/wp-content\/gallery\/2018_09_25_portici\/IMG_9286-copia.jpg\"\n               title=\"\"\n               data-src=\"http:\/\/www.spaziotorino.it\/scatto\/wp-content\/gallery\/2018_09_25_portici\/IMG_9286-copia.jpg\"\n               data-thumbnail=\"http:\/\/www.spaziotorino.it\/scatto\/wp-content\/gallery\/2018_09_25_portici\/thumbs\/thumbs_IMG_9286-copia.jpg\"\n               data-image-id=\"21112\"\n               data-title=\"IMG_9286-copia\"\n               data-description=\"\"\n               data-image-slug=\"img_9286-copia\"\n               class=\"ngg-fancybox\" rel=\"1fd71ce2fcdf72f8fce0d0d1ac35da04\">\n                <img\n                    title=\"IMG_9286-copia\"\n                    alt=\"IMG_9286-copia\"\n                    src=\"http:\/\/www.spaziotorino.it\/scatto\/wp-content\/gallery\/2018_09_25_portici\/cache\/IMG_9286-copia.jpg-nggid0521112-ngg0dyn-60x60x100-00f0w010c011r110f110r010t010.jpg\"\n                    width=\"60\"\n                    height=\"60\"\n                    style=\"max-width:100%;\"\n                \/>\n            <\/a>\n        <\/div>\n\t\t\t\t\t\t\t<\/div> \n\t\t\t\n        \n\t\t\t\t<div id=\"ngg-image-1\" class=\"ngg-gallery-thumbnail-box\" >\n\t\t\t\t        <div class=\"ngg-gallery-thumbnail\">\n            <a href=\"http:\/\/www.spaziotorino.it\/scatto\/wp-content\/gallery\/2018_09_25_portici\/IMG_9292-copia.jpg\"\n               title=\"\"\n               data-src=\"http:\/\/www.spaziotorino.it\/scatto\/wp-content\/gallery\/2018_09_25_portici\/IMG_9292-copia.jpg\"\n               data-thumbnail=\"http:\/\/www.spaziotorino.it\/scatto\/wp-content\/gallery\/2018_09_25_portici\/thumbs\/thumbs_IMG_9292-copia.jpg\"\n               data-image-id=\"21113\"\n               data-title=\"IMG_9292-copia\"\n               data-description=\"\"\n               data-image-slug=\"img_9292-copia\"\n               class=\"ngg-fancybox\" rel=\"1fd71ce2fcdf72f8fce0d0d1ac35da04\">\n                <img\n                    title=\"IMG_9292-copia\"\n                    alt=\"IMG_9292-copia\"\n                    src=\"http:\/\/www.spaziotorino.it\/scatto\/wp-content\/gallery\/2018_09_25_portici\/cache\/IMG_9292-copia.jpg-nggid0521113-ngg0dyn-60x60x100-00f0w010c011r110f110r010t010.jpg\"\n                    width=\"60\"\n                    height=\"60\"\n                    style=\"max-width:100%;\"\n                \/>\n            <\/a>\n        <\/div>\n\t\t\t\t\t\t\t<\/div> \n\t\t\t\n        \n\t\t\t\t<div id=\"ngg-image-2\" class=\"ngg-gallery-thumbnail-box\" >\n\t\t\t\t        <div class=\"ngg-gallery-thumbnail\">\n            <a href=\"http:\/\/www.spaziotorino.it\/scatto\/wp-content\/gallery\/2018_09_25_portici\/IMG_9300-copia.jpg\"\n               title=\"\"\n               data-src=\"http:\/\/www.spaziotorino.it\/scatto\/wp-content\/gallery\/2018_09_25_portici\/IMG_9300-copia.jpg\"\n               data-thumbnail=\"http:\/\/www.spaziotorino.it\/scatto\/wp-content\/gallery\/2018_09_25_portici\/thumbs\/thumbs_IMG_9300-copia.jpg\"\n               data-image-id=\"21114\"\n               data-title=\"IMG_9300-copia\"\n               data-description=\"\"\n               data-image-slug=\"img_9300-copia\"\n               class=\"ngg-fancybox\" rel=\"1fd71ce2fcdf72f8fce0d0d1ac35da04\">\n                <img\n                    title=\"IMG_9300-copia\"\n                    alt=\"IMG_9300-copia\"\n                    src=\"http:\/\/www.spaziotorino.it\/scatto\/wp-content\/gallery\/2018_09_25_portici\/cache\/IMG_9300-copia.jpg-nggid0521114-ngg0dyn-60x60x100-00f0w010c011r110f110r010t010.jpg\"\n                    width=\"60\"\n                    height=\"60\"\n                    style=\"max-width:100%;\"\n                \/>\n            <\/a>\n        <\/div>\n\t\t\t\t\t\t\t<\/div> \n\t\t\t\n        \n\t\t\t\t<div id=\"ngg-image-3\" class=\"ngg-gallery-thumbnail-box\" >\n\t\t\t\t        <div class=\"ngg-gallery-thumbnail\">\n            <a href=\"http:\/\/www.spaziotorino.it\/scatto\/wp-content\/gallery\/2018_09_25_portici\/IMG_9314-copia.jpg\"\n               title=\"\"\n               data-src=\"http:\/\/www.spaziotorino.it\/scatto\/wp-content\/gallery\/2018_09_25_portici\/IMG_9314-copia.jpg\"\n               data-thumbnail=\"http:\/\/www.spaziotorino.it\/scatto\/wp-content\/gallery\/2018_09_25_portici\/thumbs\/thumbs_IMG_9314-copia.jpg\"\n               data-image-id=\"21115\"\n               data-title=\"IMG_9314-copia\"\n               data-description=\"\"\n               data-image-slug=\"img_9314-copia\"\n               class=\"ngg-fancybox\" rel=\"1fd71ce2fcdf72f8fce0d0d1ac35da04\">\n                <img\n                    title=\"IMG_9314-copia\"\n                    alt=\"IMG_9314-copia\"\n                    src=\"http:\/\/www.spaziotorino.it\/scatto\/wp-content\/gallery\/2018_09_25_portici\/cache\/IMG_9314-copia.jpg-nggid0521115-ngg0dyn-60x60x100-00f0w010c011r110f110r010t010.jpg\"\n                    width=\"60\"\n                    height=\"60\"\n                    style=\"max-width:100%;\"\n                \/>\n            <\/a>\n        <\/div>\n\t\t\t\t\t\t\t<\/div> \n\t\t\t\n        \n\t\t\t\t<div id=\"ngg-image-4\" class=\"ngg-gallery-thumbnail-box\" >\n\t\t\t\t        <div class=\"ngg-gallery-thumbnail\">\n            <a href=\"http:\/\/www.spaziotorino.it\/scatto\/wp-content\/gallery\/2018_09_25_portici\/IMG_9333-copia.jpg\"\n               title=\"\"\n               data-src=\"http:\/\/www.spaziotorino.it\/scatto\/wp-content\/gallery\/2018_09_25_portici\/IMG_9333-copia.jpg\"\n               data-thumbnail=\"http:\/\/www.spaziotorino.it\/scatto\/wp-content\/gallery\/2018_09_25_portici\/thumbs\/thumbs_IMG_9333-copia.jpg\"\n               data-image-id=\"21116\"\n               data-title=\"IMG_9333-copia\"\n               data-description=\"\"\n               data-image-slug=\"img_9333-copia\"\n               class=\"ngg-fancybox\" rel=\"1fd71ce2fcdf72f8fce0d0d1ac35da04\">\n                <img\n                    title=\"IMG_9333-copia\"\n                    alt=\"IMG_9333-copia\"\n                    src=\"http:\/\/www.spaziotorino.it\/scatto\/wp-content\/gallery\/2018_09_25_portici\/cache\/IMG_9333-copia.jpg-nggid0521116-ngg0dyn-60x60x100-00f0w010c011r110f110r010t010.jpg\"\n                    width=\"60\"\n                    height=\"60\"\n                    style=\"max-width:100%;\"\n                \/>\n            <\/a>\n        <\/div>\n\t\t\t\t\t\t\t<\/div> \n\t\t\t\n        \n\t\t\t\t<div id=\"ngg-image-5\" class=\"ngg-gallery-thumbnail-box\" >\n\t\t\t\t        <div class=\"ngg-gallery-thumbnail\">\n            <a href=\"http:\/\/www.spaziotorino.it\/scatto\/wp-content\/gallery\/2018_09_25_portici\/IMG_9338-copia.jpg\"\n               title=\"\"\n               data-src=\"http:\/\/www.spaziotorino.it\/scatto\/wp-content\/gallery\/2018_09_25_portici\/IMG_9338-copia.jpg\"\n               data-thumbnail=\"http:\/\/www.spaziotorino.it\/scatto\/wp-content\/gallery\/2018_09_25_portici\/thumbs\/thumbs_IMG_9338-copia.jpg\"\n               data-image-id=\"21117\"\n               data-title=\"IMG_9338-copia\"\n               data-description=\"\"\n               data-image-slug=\"img_9338-copia\"\n               class=\"ngg-fancybox\" rel=\"1fd71ce2fcdf72f8fce0d0d1ac35da04\">\n                <img\n                    title=\"IMG_9338-copia\"\n                    alt=\"IMG_9338-copia\"\n                    src=\"http:\/\/www.spaziotorino.it\/scatto\/wp-content\/gallery\/2018_09_25_portici\/cache\/IMG_9338-copia.jpg-nggid0521117-ngg0dyn-60x60x100-00f0w010c011r110f110r010t010.jpg\"\n                    width=\"60\"\n                    height=\"60\"\n                    style=\"max-width:100%;\"\n                \/>\n            <\/a>\n        <\/div>\n\t\t\t\t\t\t\t<\/div> \n\t\t\t\n        \n\t\t\t\t<div id=\"ngg-image-6\" class=\"ngg-gallery-thumbnail-box\" >\n\t\t\t\t        <div class=\"ngg-gallery-thumbnail\">\n            <a href=\"http:\/\/www.spaziotorino.it\/scatto\/wp-content\/gallery\/2018_09_25_portici\/IMG_9343-copia.jpg\"\n               title=\"\"\n               data-src=\"http:\/\/www.spaziotorino.it\/scatto\/wp-content\/gallery\/2018_09_25_portici\/IMG_9343-copia.jpg\"\n               data-thumbnail=\"http:\/\/www.spaziotorino.it\/scatto\/wp-content\/gallery\/2018_09_25_portici\/thumbs\/thumbs_IMG_9343-copia.jpg\"\n               data-image-id=\"21118\"\n               data-title=\"IMG_9343-copia\"\n               data-description=\"\"\n               data-image-slug=\"img_9343-copia\"\n               class=\"ngg-fancybox\" rel=\"1fd71ce2fcdf72f8fce0d0d1ac35da04\">\n                <img\n                    title=\"IMG_9343-copia\"\n                    alt=\"IMG_9343-copia\"\n                    src=\"http:\/\/www.spaziotorino.it\/scatto\/wp-content\/gallery\/2018_09_25_portici\/cache\/IMG_9343-copia.jpg-nggid0521118-ngg0dyn-60x60x100-00f0w010c011r110f110r010t010.jpg\"\n                    width=\"60\"\n                    height=\"60\"\n                    style=\"max-width:100%;\"\n                \/>\n            <\/a>\n        <\/div>\n\t\t\t\t\t\t\t<\/div> \n\t\t\t\n        \n\t\t\n\t\t<!-- Pagination -->\n\t<div class='ngg-clear'><\/div>\t<\/div>\n\n<p><strong>Sabato 6 <\/strong>e <strong>domenica 7 ottobre <\/strong>torner\u00e0 <strong>Portici di Carta<\/strong>, la&nbsp; libreria&nbsp; pi\u00f9 lunga del&nbsp; mondo sotto i <strong>portici<\/strong> del centro di Torino con i tradizionali due chilometri di bancarelle in <strong>via Roma, piazza San Carlo e piazza Carlo <\/strong><strong>Felice.<\/strong><\/p>\n<p><strong>Portici di Carta<\/strong><strong> \u00e8 un progetto della Citt\u00e0 di Torino e della Fondazione per il Libro, la Musica e la Cultura, realizzato da&nbsp;Fondazione per la Cultura Torino, con il sostegno di&nbsp;Regione Piemonte e la partecipazione dei librai torinesi coordinati da Rocco Pinto.<\/strong><\/p>\n<p>Quest\u2019anno saranno presenti complessivamente <strong>123 librai<\/strong> di Torino e provincia ed <strong>editori<\/strong> provenienti da tutto il Piemonte a cui si aggiungono in piazza Carlo Felice i <em>bouquinistes<\/em> del Libro Ritrovato. I portici di via Roma, piazza San Carlo e piazza Carlo Felice saranno suddivisi in <strong>19 tratti tematici <\/strong>che raggrupperanno in modo omogeneo le librerie e le case editrici a seconda delle rispettive specializzazioni.&nbsp;<\/p>\n<p>La XII edizione sar\u00e0 caratterizzata da una grande novit\u00e0: <strong><em>Aspettando Portici<\/em>.<\/strong><\/p>\n<p><strong>Sabato 29 settembre, 15 delle librerie partecipanti<\/strong> alla rassegna faranno da apripista con un ricco programma di letture, spettacoli teatrali, incontri con autori, laboratori e animazioni per bambini.<\/p>\n<p><strong>Portici di Carta<\/strong> 2018 \u00e8 stato dedicato a <strong>Pippi Calzelunghe<\/strong>, personaggio rivoluzionario nato dalla penna di Astrid Lindgren, edito per la prima volta in Italia sessant\u2019anni fa: un\u2019icona in grado di valicare i confini&nbsp; della&nbsp; letteratura&nbsp; per&nbsp; l&#8217;infanzia. Per l\u2019occasione, <strong>Valeria&nbsp; Parrella<\/strong> terr\u00e0 &#8211; sabato 6 ottobre, ore 18.30, Oratorio San Filippo Neri (via Maria Vittoria 5) &#8211;&nbsp; una lezione dal titolo <strong><em>Pippi maestra di femminismo<\/em><\/strong>; gli allievi della Scuola ODS (Operatori&nbsp; Doppiaggio e Spettacolo), coordinati da Stefania Giuliani, leggeranno nello <strong>Spazio Bambini<\/strong> estratti del libro e, il <strong>Dipartimento Educazione Castello di Rivoli<\/strong>, animer\u00e0 piazza San Carlo con una grande azione di&nbsp; pittura collettiva a lei ispirata.<\/p>\n<p>L\u2019<strong>Oratorio di San&nbsp; Filippo <\/strong>(via Maria Vittoria 5) e il <strong>Circolo dei lettori<\/strong> (via Bogino 9) ospiteranno gli <strong>spazi eventi.<\/strong><\/p>\n<p>Le attivit\u00e0, per\u00f2, si svolgeranno anche in altre sedi: in <strong>piazza San Carlo <\/strong>ci saranno lo <strong>Spazio Bambini<\/strong> e il<strong> Bibliobus <\/strong>(che si inaugurer\u00e0 con <strong>Portici<\/strong>). I <strong>Giardini Sambuy <\/strong>accoglieranno le iniziative dell\u2019Associazione Giardino Forbito mentre, nell\u2019<strong>area pedonale di via Roma,<\/strong> si potr\u00e0 partecipare alle attivit\u00e0 del Centro Interculturale. <strong>Palazzo Lascaris<\/strong> e la <strong>Biblioteca civica Centrale<\/strong> saranno sedi rispettivamente delle mostra dei tappeti della guerra russa-afghana e della fotografica promossa dall\u2019associazione <em>Wondy sono io<\/em>. Sul <strong>tram storico dell\u2019ATTS<\/strong> (Associazione Torinese Tram Storici) si alterneranno letture dedicate a Torino proposte dalle Biblioteche civiche torinesi e curate dagli allievi della ODS, coordinati da Stefania Giuliani.<\/p>\n<p>Tra gli <strong>appuntamenti <\/strong>in programma si segnalano: il confronto di <strong>Nando dalla Chiesa<\/strong> con <strong>Margherita Oggero<\/strong> sulla bellezza dell\u2019insegnare partendo dal suo libro <em>Per fortuna faccio il prof<\/em>; la presentazione del libro <em>Ho scoperto di essere morto<\/em> dell\u2019emergente scrittore brasiliano <strong>Jo\u00e3o Paulo Cuenca<\/strong>, con Darwin Pastorin; l\u2019incontro con <strong>Aldo Cazzullo<\/strong> al Circolo dei lettori che proporr\u00e0 <em>Giuro che non avr\u00f2 pi\u00f9 fame. L\u2019Italia della ricostruzione<\/em>; il debutto letterario di <strong>Luigi Lo Cascio <\/strong>con <em>Ogni ricordo un fiore<\/em>, presentato da Elena Varvello; il ritorno di <strong>Benedetta Cibrario<\/strong> col suo atteso <em>Il rumore del mondo<\/em>, in dialogo con Giovanni Tesio; le letture e le riflessioni sul libro di <strong>Luca Rastello <\/strong><em>Dopodomani non ci sar\u00e0<\/em>, con Monica Bardi<em>, <\/em>Davide Ferrario e Marco Gobetti; la presenza delle autrici del Concorso letterario nazionale Lingua Madre <strong>Marcela Luque <\/strong>e <strong>Madeleyn Eugenia Mendoza Marquez<\/strong>.<\/p>\n<p>Molto attesi il reading musicale <em>Trio Malinconico<\/em> di <strong>Diego De Silva<\/strong> &#8211; tratto dalla quadrilogia dell\u2019avvocato Malinconico e dal suo ultimo libro <em>Superficie &#8211;<\/em> e l\u2019affabulazione sentimentale di <strong>Fabio Stassi <\/strong><em>Ogni coincidenza ha un\u2019anima<\/em>.<\/p>\n<p>Tutti gli appuntamenti sono a <strong>ingresso&nbsp; gratuito<\/strong>.<\/p>\n<p>Gli editori ospiti di quest\u2019anno saranno <strong>Emons Audiolibri e Gallucci Editore.<\/strong><\/p>\n<p><strong>Emons Audiolibri<\/strong>, che succede a Sellerio, Laterza, Marcos y Marcos, Neri Pozza e Bollati Boringhieri, dal 2007 pubblica libri in formato audio: integrali, letti dagli autori stessi o da grandi attori, libri italiani e non, romanzi, saggi, per ragazzi, poesia, classici e contemporanei. A <strong>Portici<\/strong> <strong>di Carta<\/strong> proporr\u00e0, nell\u2019Oratorio San Filippo, il reading di <strong>Michela Murgia<\/strong> dedicato a <em>Canne al vento<\/em> di Grazia Deledda e, in piazza San Carlo, <em>La voce delle pagine. <\/em>Qui, sostando accanto al <strong>Bibliobus<\/strong>, sar\u00e0 possibile ascoltare, comodamente seduti, estratti dal meglio del catalogo della casa editrice:<\/p>\n<p><em>Il buio oltre a siepe <\/em>di Harper Lee, Harper, letto da Alba Rohrwacher<\/p>\n<p><em>L&#8217;arminuta<\/em> di Donatella Di Pietrantonio letto da Jasmine Trinca<\/p>\n<p><em>Canne al vento<\/em> di Grazia Deledda letto da Michela Murgia<\/p>\n<p><em>L&#8217;inferno<\/em> di Dante letto da Vittorio Sermonti<\/p>\n<p><em>C&#8217;era due volte il barone Lamberto<\/em> di Gianni Rodari letto da Massimo Popolizio<\/p>\n<p><em>Il pendolo di Foucault <\/em>di Umberto Eco letto da Tommaso Ragno<\/p>\n<p><em>Anna Karenina <\/em>di Lev Tolstoj letto da Anna Bonaiuto<\/p>\n<p><em>La storia<\/em> di Elsa Morante letto da Iaia Forte<\/p>\n<p><em>La macchia umana <\/em>di Philip Roth letto da Paolo Pierobon<\/p>\n<p><em>Mary Poppins<\/em> di Pamela Lyndon Travers letto da Paola Cortellesi<\/p>\n<p><em>La ferrovia sotterranea<\/em> di Colson Whitehead letto da Anna Foglietta<\/p>\n<p>\u2026e naturalmente, <em>Pippi Calzelunghe<\/em> di Astrid Lindgren letto da Marina Massironi.<\/p>\n<p>Dopo Sinnos, EDT-Giralangolo, Uovonero, Lapis, Minibombo, editore ospite dello Spazio Bambini sar\u00e0 <strong>Gallucci<\/strong> che dal 2002 pubblica autori del calibro di Carlo Fruttero, Roberto Piumini, Dario Fo e Bruno Tognolini e artisti come Francesco Tullio Altan, Emanuele Luzzati e Guido Scarabottolo. La casa editrice ha un catalogo tale da essere considerata<strong> un punto di riferimento per l&#8217;editoria per bambini e ragazzi <\/strong>in Italia. Come editore ospite di <strong>Portici di Carta<\/strong>, Gallucci animer\u00e0 lo <strong>Spazio Bambini<\/strong> <strong>con i laboratori di Margherita Loy e tante letture<\/strong> dai suoi migliori libri, curate dalle Biblioteche Civiche Torinesi e proporr\u00e0, all&#8217;<strong>Oratorio di San Filippo Neri<\/strong>, <strong>un laboratorio di fiabe musicali con Pier Mario Giovannone.<\/strong><\/p>\n<p>In piazza San Carlo lo <strong>Spazio Bambini<\/strong> offrir\u00e0 letture, animazioni e laboratori in collaborazione con <strong>Gallucci editore,<\/strong> <strong>Biblioteche civiche torinesi<\/strong>, <strong>ITER <\/strong>&#8211;&nbsp; <strong>Istituzione Torinese per&nbsp; una Educazione Responsabile<\/strong>, <strong>Dipartimento&nbsp; educazione del<\/strong> <strong>Castello di Rivoli \u2013<\/strong> <strong>Museo di Arte Contemporanea<\/strong> e il <strong>Premio&nbsp; nazionale \u00abNati per leggere\u00bb.<\/strong><\/p>\n<p>Nella stessa piazza si riproporr\u00e0 anche quest\u2019anno la <strong>tradizione della serigrafia<\/strong> ideata dal <strong>Dipartimento Educazione Castello di Rivoli \u2013 Museo di Arte Contemporanea <\/strong>e sar\u00e0 inaugurato il <strong>Bibliobus<\/strong>, un\u2019ulteriore articolazione del servizio&nbsp; bibliotecario cittadino gratuito e aperto a tutti, acquistato con i fondi di <strong>AxTO<\/strong>.<\/p>\n<p>Torneranno le <strong>Passeggiate di Portici di Carta. <\/strong>Saranno 8 con una novit\u00e0: alle voci di scrittori italiani e stranieri si aggiunger\u00e0 quella degli <strong>scrittori migranti<\/strong>, con un itinerario dedicato al particolare sguardo da loro rivolto alle zone della citt\u00e0 in cui sono approdati. Il percorso si svolger\u00e0 in un San Salvario rivisitato come terreno di incontro e confronto tra confessioni diverse e ondate migratorie, insediamenti e convivenze, differenti nel corso del tempo.<\/p>\n<p>Prenotazione obbligatoria a <a href=\"mailto:passeggiate@porticidicarta.it\">passeggiate@porticidicarta.it<\/a>.<\/p>\n<p>Nel <strong>tratto pedonale<\/strong> di <strong>via Roma, tra le piazze Castello e San Carlo<\/strong>, torneranno le proposte e le animazioni del <strong>Centro interculturale della Citt\u00e0 di Torino<\/strong>.&nbsp;<\/p>\n<p>Ai <strong>Giardini Sambuy<\/strong>, a cura dell\u2019<strong>Associazione Giardino Forbito<\/strong>, alcuni scrittori torinesi e volontari della cultura promuoveranno il pi\u00f9 grande scambio di libri in citt\u00e0, contribuendo cos\u00ec alla crescita della libreria virtuale <a href=\"http:\/\/www.bookcrossing.com\">www.bookcrossing.com<\/a> e, in contemporanea, si terr\u00e0 un\u2019edizione speciale del mercato della biodiversit\u00e0 <strong>Googreen, <\/strong>con i produttori del territorio piemontese accompagnati dagli artisti di strada del progetto \u201cTanto di cappello\u201d.<\/p>\n<p>Sul sito <a href=\"http:\/\/www.porticidicarta.it\">www.porticidicarta.it<\/a>, oltre al programma completo di questa edizione, si potr\u00e0 conoscere la storia e visionare le immagini dei primi undici anni di Portici, le mappe interattive delle Passeggiate e le schede di tutte le librerie.<\/p>\n<p><strong>Orari librerie: sabato 6 ottobre 10-24; domenica 7 ottobre 10-20<\/strong>.<\/p>\n<p><strong>PERCORSI TEMATICI<\/strong><\/p>\n<p>Quest\u2019anno le <strong>bancarelle <\/strong>di <strong>Portici di Carta saranno 123<\/strong>. A queste si aggiungono i bouquinistes di piazza Carlo Felice: <strong>75 librerie<\/strong> indipendenti e di catena di Torino e provincia. Con loro, grazie al sostegno della Regione Piemonte, saranno presenti <strong>48 piccoli e medi editori piemontesi<\/strong>.<\/p>\n<p>Il percorso storico di <strong>via Roma, piazza San Carlo e piazza Carlo Felice<\/strong> \u00e8 suddiviso&nbsp; in <strong>19 tratti&nbsp; tematici<\/strong>. Da<strong> piazza Castello lato sinistro verso Porta Nuova<\/strong> si incontreranno in ordine: <em>spiritualit\u00e0<\/em>; <em>voci di donne<\/em>; <em>lingue;<\/em> <em>storia locale;<\/em> <em>fumetti; bambini e ragazzi; remainders<\/em>; <em>editori piemontesi 3. <\/em>In <strong>piazza Carlo Felice<\/strong> <em>dall\u2019antiquariato al fuori catalogo<\/em> (Associazione Culturale Sulla Parola). Riprendendo <strong>via Roma verso piazza Castello<\/strong>: <em>culture&nbsp; orientali<\/em>; <em>viaggi<\/em>; <em>gialli<\/em>; <em>narrativa 2; letterature<\/em>; <em>editori piemontesi 2<\/em>; <em>narrativa 1<\/em>; <em>passioni<\/em>; <em>storia e societ\u00e0<\/em>; <em>arti espressive<\/em>; <em>editori piemontesi 1.<\/em><\/p>\n<p><strong>PORTICI DI CARTA 2018 \u00c8 DEDICATA A PIPPI CALZELUNGHE<\/strong><\/p>\n<p>Il libro di <strong>Astrid Lindgren<\/strong> \u00e8 datato 1945, ma la prima edizione italiana, per Vallecchi, tradotta da Annuska Palme e Donatella Ziliotto, con le illustrazioni di Ingrid Vang Nyman, \u00e8 del 1958.&nbsp; Ricorrono dunque i<strong> 60 anni <\/strong>di<strong> Pippi Calzelunghe<\/strong>, cos\u00ec com\u2019\u00e8 stata battezzata nel nostro Paese, mentre in giro per il mondo ha altri nomi, nelle novantasei lingue in cui \u00e8 stata tradotta. In Svezia, dov\u2019\u00e8 nata, si chiama Pippilotta Viktualia Rullgardina Krusmynta Efraimsdotter Langstrump.<\/p>\n<p>Per chi \u00e8 nato negli anni 60, ma anche per le generazioni successive, Pippi Calzelunghe, grazie anche a una fortunata serie televisiva, ha rappresentato la libert\u00e0, l&#8217;indipendenza, il coraggio, la scelta di vivere in una dimensione che non conosce la paura. Questa strana bambina &#8211; che vive sola a Villa Villacolle, con un baule&nbsp; pieno di monete d\u2019oro, col cavallo a pois e la scimmietta signor Nilsson, senza genitori, senza scuola, cui non interessa l\u2019aspetto fisico, dotata di una straordinaria forza, carismatica e generosa con gli amici, che beve pozioni per non crescere e sa autogestirsi in ogni situazione -, ha affascinato migliaia di piccoli lettori, attraversando pi\u00f9 generazioni, dal primo dopoguerra agli anni delle ribellioni giovanili, fino ai giorni nostri. Ha&nbsp; resistito all\u2019avvento dei giochi elettronici e ha contribuito certamente ad anticipare e incoraggiare la rivoluzione femminista. Una bambina diversa da tanti altri protagonisti della letteratura d\u2019infanzia e, quindi, non buona, non sottomessa ai maschi, anzi pi\u00f9 sveglia di loro, capace di cavarsela senza l\u2019aiuto degli adulti, rimane un modello di femminilit\u00e0, non solo infantile, impensabile sessant\u2019anni fa e forse ancora oggi.<\/p>\n<p>La <strong>lezione di Valeria Parrella<\/strong>, <em>Pippi maestra di femminismo &#8211; <\/em><strong>sabato 6 ottobre, ore 18.30, Oratorio San Filippo Neri (via Maria Vittoria 5)<\/strong> &#8211; <em>&nbsp;<\/em>racconter\u00e0 quel mondo alla rovescia, quel modello alternativo e rivoluzionario di cui si \u00e8 fatta interprete quella bambina di nove anni che mantiene inalterata la sua forza espressiva e la sua originalit\u00e0 a distanza di pi\u00f9 di mezzo secolo.<\/p>\n<p>Gli <strong>allievi della Scuola ODS (Operatori&nbsp; Doppiaggio&nbsp; e&nbsp; Spettacolo) coordinati da Stefania Giuliani<\/strong> leggeranno alcuni brani del libro di Astrid Lindgren nello <strong>Spazio Bambini<\/strong> di piazza San Carlo.<\/p>\n<p>Sempre in piazza San Carlo, il <strong>Dipartimento Educazione del Castello di Rivoli \u2013 Museo d\u2019Arte Contemporanea<\/strong> si produrr\u00e0 in una azione di pittura collettiva ispirata a Pippi Calzelunghe.<\/p>\n<p>Le <strong>Biblioteche civiche torinesi <\/strong>allestiranno un breve percorso espositivo con le copertine delle varie edizioni del libro della Lindgren da loro possedute. Nello spazio ascolto dedicato ad Emons, si udiranno brani dell\u2019audiolibro di Pippi Calzelunghe, letti da Marina Massironi.<\/p>\n<p><strong>UN NUOVO BIBLIOBUS PER LA CITT\u00c0<\/strong><\/p>\n<p>Nel corso della manifestazione&nbsp;sar\u00e0 presentato&nbsp;un <strong>nuovo servizio<\/strong> gestito dalle Biblioteche civiche torinesi:&nbsp;il&nbsp;<strong>Bibliobus<\/strong>. La &#8220;<strong>biblioteca itinerante<\/strong>&#8220;, un grosso veicolo attrezzato con libri&nbsp;a scaffale e computer, porter\u00e0 nelle aree cittadine meno servite dalle attuali sedi del Sistema bibliotecario urbano una proposta culturale integrata e di prossimit\u00e0, attraverso un servizio gratuito e tecnologicamente avanzato di informazione e conoscenza, offrendo opportunit\u00e0 di avvicinamento alla lettura, di inclusione, con percorsi individuali e occasioni socializzanti. Il <strong>Bibliobus<\/strong>, che \u00e8 stato <strong>acquistato con i fondi&nbsp;di&nbsp;AxTO<\/strong> &#8211; progetto della Citt\u00e0 di Torino per la riqualificazione e la sicurezza delle periferie finanziato dalla <strong>Presidenza del Consiglio dei Ministri<\/strong>&nbsp;e curato per la parte grafica dallo <strong>IED Torino<\/strong> &#8211;&nbsp;costituisce un\u2019ulteriore articolazione del servizio bibliotecario cittadino, con i suoi 1200 volumi per bambini, ragazzi e adulti e con le nuove opportunit\u00e0 offerte dai servizi della Biblioteca digitale e sar\u00e0 presente anche in occasione di specifici eventi e manifestazioni.<\/p>\n<p><strong>Iscriviti alle Biblioteche civiche torinesi e avrai una serigrafia di Portici di Carta<\/strong><\/p>\n<p>Si ripete la <strong>tradizione della serigrafia<\/strong> ideata dal <strong>Dipartimento Educazione Castello di Rivoli \u2013 Museo di Arte Contemporanea <\/strong>e realizzata in piazza San Carlo insieme al pubblico di Portici di Carta. Quest&#8217;anno sar\u00e0 <strong>riservata a tutti quanti si iscriveranno ai servizi delle Biblioteche<\/strong> <strong>civiche <\/strong>al <strong>Bibliobus<\/strong>.<\/p>\n<p><strong>Spazio Bambini<\/strong>: <strong>i libri per crescere di Gallucci, le grandi fiabe, il sorriso di Pippi e la pappa col pomodoro\u2026<\/strong><\/p>\n<p>Uno degli angoli pi\u00f9 amati di Portici di Carta \u00e8 lo <strong>Spazio Bambini<\/strong> di <strong>piazza San Carlo<\/strong>. Il programma \u00e8 ricchissimo e propone letture, laboratori e animazioni fin dalla pi\u00f9 tenera et\u00e0. Nelle due giornate si susseguiranno le letture ad alta voce dei libri premiati nelle varie edizioni del<strong> Premio Nazionale Nati per Leggere <\/strong>e quelle animate dedicate a <strong>Pippi Calzelunghe<\/strong>, curate dagli allievi della Scuola ODS<strong>, <\/strong>coordinati da Stefania Giuliani. Tante anche le proposte di <strong>Gallucci<\/strong> editore ospite, tra cui spiccano i laboratori d\u2019arte alla scoperta di Van Gogh di <strong>Margherita Loy<\/strong>.&nbsp;&nbsp;&nbsp;&nbsp;&nbsp;&nbsp;&nbsp;&nbsp;&nbsp;&nbsp;&nbsp; Le <strong>Biblioteche civiche torinesi offriranno centinaia <\/strong>di volumi da leggere e sfogliare liberamente \u201cin loco\u201d e organizzeranno letture ad alta voce, dalle fiabe classiche alle storie pi\u00f9 recenti con i personaggi amati dai piccoli lettori. Si rinnova, inoltre, la collaborazione con il <strong>Dipartimento Educazione del Castello di Rivoli \u2013 Museo d\u2019arte contemporanea<\/strong> che, in piazza San Carlo, realizzer\u00e0 <em>Il sorriso di Pippi Calzelunghe<\/em>, una grande azione di pittura collettiva in cui ritrovare tutti i dettagli che hanno caratterizzato il personaggio e arricchito l\u2019immaginario di molti, dai pi\u00f9 piccoli ai pi\u00f9 grandi.&nbsp;<\/p>\n<p><strong>LE PASSEGGIATE DI PORTICI DI CARTA<\/strong><\/p>\n<p><strong>Otto itinerari in giro per la Torino degli scrittori<\/strong><\/p>\n<p>Sempre richiestissime le <strong>Passeggiate di Portici di Carta<\/strong>: <strong>itinerari guidati e gratuiti<\/strong> per scoprire la citt\u00e0 che ha ispirato tanti scrittori e pagine indimenticabili. Quest\u2019anno saranno <strong>otto<\/strong>. Confermati i superclassici: gli itinerari Centro, Quadrilatero, San Salvario, Sport. Novit\u00e0 2018 sar\u00e0 San Salvario attraverso lo sguardo e le parole degli scrittori migranti: Amara Lakhous e Younis Tawfik. Accanto a questi gli <strong>itinerari<\/strong> <strong>dedicati ai pi\u00f9 piccoli<\/strong>, alle<strong> Pietre d\u2019Inciampo<\/strong> e alla <strong>Torino dell&#8217;editoria<\/strong>, attraverso i luoghi del libro.<\/p>\n<p><strong>Le passeggiate si effettueranno anche in caso di maltempo. La partenza \u00e8 fissata alle ore 10 nei punti di ritrovo. <\/strong><\/p>\n<p>Su <a href=\"http:\/\/www.porticidicarta.it\">www.porticidicarta.it<\/a> sono disponibili i programmi e le mappe interattive con i punti d\u2019interesse. La partecipazione \u00e8 gratuita con obbligo di prenotazione all\u2019indirizzo mail: <a href=\"mailto:passeggiate@porticidicarta.it\">passeggiate@porticidicarta.it<\/a><\/p>\n<p><strong>Passeggiate letterarie<\/strong>: <strong>itinerari nella Torino degli scrittori a cura di Alba Andreini<\/strong><strong>&nbsp;<\/strong><\/p>\n<ol>\n<li><strong> <em>Centro, sulle orme di Edmondo De Amicis e Guido Gozzano<\/em><\/strong><\/li>\n<\/ol>\n<p>Guida: Claudio Panella<\/p>\n<p>Partenza: piazza Carlo Felice di fronte all&#8217;hotel Roma<\/p>\n<p>La passeggiata si svolger\u00e0 lungo l\u2019asse di via Roma, attraversando le piazze San Carlo, Castello e Carignano e seguendo le tracce lasciate nel centro di Torino dai protagonisti della cultura degli ultimi due secoli, dal Risorgimento ai giorni nostri.<\/p>\n<ol start=\"2\">\n<li><strong> <em>Quadrilatero, sulle orme di Fruttero&amp;Lucentini e Jean Jacques Rousseau<\/em><\/strong><\/li>\n<\/ol>\n<p>Guida: Alba Andreini<\/p>\n<p>Partenza: piazza Palazzo di Citt\u00e0, Urban Center<\/p>\n<p>La passeggiata attraverser\u00e0 i pi\u00f9 suggestivi luoghi storici del centro (da Porta Palazzo a piazza Castello e piazzetta Reale; da via Barbaroux alla Torre Littoria) e molti altri<\/p>\n<p>ne evocher\u00e0 da lontano, uno per tutti il Cottolengo, percorrendo piazze e strade immortalate in modo indimenticabile da scrittori italiani e visitatori stranieri che hanno celebrato in esse il cuore pi\u00f9 antico della citt\u00e0.<strong>&nbsp;<\/strong><\/p>\n<ol start=\"3\">\n<li><strong> <em>San Salvario, sulle orme di Primo Levi e Natalia Ginzburg<\/em><\/strong><\/li>\n<\/ol>\n<p>Guida: Silvia Nugara<\/p>\n<p>Partenza: corso Massimo d&#8217;Azeglio 42, Istituto di Metrologia<\/p>\n<p>La passeggiata attraverser\u00e0 per intero il quartiere San Salvario illustrandone le varie anime (da quella universitaria a quella religiosa) e toccando, fra le altre tappe, piazza Donatello, via Galliari, via San Pio V con la Sinagoga di Torino.<\/p>\n<ol start=\"4\">\n<li><strong> <em>San Salvario, con lo sguardo e nelle parole degli scrittori migranti: Amara Lakhous e Younis Tawfik<\/em><\/strong><\/li>\n<\/ol>\n<p>Guida: Emanuela Ranucci<\/p>\n<p>Partenza: corso Vittorio Emanuele II 53, ingresso principale Stazione di Porta Nuova<\/p>\n<p>La passeggiata si svolger\u00e0 anch\u2019essa in San Salvario e toccher\u00e0 i luoghi pi\u00f9 significativi dell\u2019immigrazione extra-comunitaria (dalla Stazione ai luoghi di culto e al mercato di piazza Madama Cristina, con richiami ad altri punti della citt\u00e0), senza dimenticare quelli dell\u2019immigrazione dal Sud Italia degli anni Sessanta e Settanta.&nbsp; &nbsp; &nbsp; &nbsp;<br \/>\nLa narrazione dei luoghi sar\u00e0 affidata in prevalenza alle voci di autori migranti che scrivono in lingua italiana.<\/p>\n<ol start=\"5\">\n<li><strong> <em>Sport, sulle orme di Giovanni Arpino e Mario Soldati<\/em><\/strong><\/li>\n<\/ol>\n<p>Guida: Stefano Tubia<\/p>\n<p>Partenza: via Magenta 11, Reale Societ\u00e0 Ginnastica<\/p>\n<p>Dalla fondazione nel 1844 della Reale Societ\u00e0 Ginnastica a oggi, la prima Capitale dell\u2019Italia unita ha stabilito molti primati nello sport, dimostrandosi all\u2019avanguardia nella diffusione dell\u2019educazione fisica e nel recepire in Italia le nuove specialit\u00e0 nate all\u2019estero. Attraverso le pagine di numerosi scrittori sar\u00e0 ripercorsa l\u2019affascinante storia quasi bicentenaria della pratica sportiva all\u2019ombra della Mole. Si vuole inoltre rendere omaggio quest\u2019anno all\u2019allenatore di ben due titoli iridati negli anni Trenta del \u2019900, Vittorio Pozzo, deceduto cinquant\u2019anni fa, il 21 dicembre 1968.<strong>&nbsp;<\/strong><\/p>\n<p><strong>ALTRI ITINERARI<\/strong><\/p>\n<p><strong><em>I luoghi del libro. Gli editori, i librai e le loro storie<\/em><\/strong><\/p>\n<p>A cura di Rocco Pinto e Giovanna Viglongo<\/p>\n<p>Guida: Rocco Pinto<\/p>\n<p>Partenza: piazzetta Viglongo<\/p>\n<p>La storia segreta dei librai torinesi, delle librerie e dei loro celebri e affezionati frequentatori. Dalla Contrada degli Stampatori alla via Garibaldi dove si laure\u00f2 Erasmo da Rotterdam.<strong><em>&nbsp;<\/em><\/strong><\/p>\n<p><strong><em>I bambini alla scoperta di Torino<\/em><\/strong><\/p>\n<p>A cura di Edizioni Lapis e Libreria dei ragazzi<\/p>\n<p>Guida: Daniela Barbato<\/p>\n<p>Partenza: Palazzo Madama, piazza Castello<\/p>\n<p>Una bella e divertente guida di Torino scritta da Guido Quarzo e Willy Beck, accompagner\u00e0 bambini e famiglie in un percorso per conoscere curiosit\u00e0 e leggende. Si scoprir\u00e0 che a Torino esiste un Alfiere dell\u2019esercito Sardo, la leggenda di Castore e Polluce. Si potr\u00e0 conoscere cosa c\u2019entrano le patate e gli elefanti e poi\u2026 tante altre storie.<\/p>\n<p><strong><em>Una speranza ostinata e le Pietre d&#8217;Inciampo: parole e segni della memoria oggi. Dedicato a Max Mannheimer<\/em><\/strong><\/p>\n<p>A cura di Museo Diffuso della Resistenza \u2013 Polo del &#8216;900 e add editore<\/p>\n<p>Guida: Valentina Zaccaria<\/p>\n<p>Partenza: via del Carmine 14, Palazzo San Daniele, Polo del &#8216;900<\/p>\n<p>Un itinerario attraverso la storia e la memoria delle persecuzioni nazi-fasciste e delle deportazioni avvenute a Torino negli anni che vanno dal 1943 al 1945. Un percorso che avr\u00e0 per tappe: via della Consolata 8, pietra dedicata a Adua Nunes; via San Domenico 0, pietra dedicata a Padre Giuseppe Girotti; via San Domenico 1, pietra dedicata a Ferdinando Bagatin; piazza Castello 161, pietre dedicate alla famiglia Colombo. L&#8217;attivit\u00e0 sar\u00e0 preceduta da un incontro dal titolo <em>Max Manheimer: l&#8217;eredit\u00e0 della testimonianza <\/em>con la presentazione del volume <em>Una speranza ostinata. Terezin, Auschwitz, Varsavia, Dachau<\/em> a cura di add editore.<em>&nbsp;<\/em><\/p>\n<p><strong>A Portici di Carta torna l\u2019appuntamento con le vincitrici del Concorso Lingua Madre <\/strong><\/p>\n<p>In&nbsp;occasione di Portici di Carta, il <strong>Concorso letterario nazionale Lingua Madre &#8211;<\/strong> progetto permanente di <strong>Regione Piemonte<\/strong>, ideato da <strong>Daniela Finocchi<\/strong>, diretto a tutte le donne straniere residenti in Italia &#8211; sar\u00e0 presente anche quest\u2019anno con il consueto incontro dedicato alle autrici. <strong>Marcela Luque <\/strong>e <strong>Madeleyn Eugenia Mendoza M\u00e1rquez<\/strong>, due delle vincitrici della XIII edizione, racconteranno se stesse e l&#8217;esperienza della scrittura alle ore <strong>10.30 di domenica 7 ottobre all\u2019Oratorio San Filippo Neri.<\/strong><strong>&nbsp;<\/strong><\/p>\n<p><strong>Gli eventi del Centro Interculturale: colori e lingue da tutto il mondo <\/strong><\/p>\n<p><strong>Il Centro Interculturale della Citt\u00e0 di Torino,<\/strong> attivo in corso Taranto 160, torna ad animare Portici di Carta con colori, profumi, musiche e balli dal mondo. Coordinate dal Centro Interculturale attraverso il progetto &#8220;Laboratori al Centro&#8221;, oltre <strong>venti associazioni<\/strong> del territorio saranno presenti in via Roma nelle giornate del 6 e del 7 ottobre, promuovendo 50 laboratori artistici, linguistici e di cura di s\u00e9. Negli stand delle associazioni si potranno ascoltare e parlare lingue quali il brasiliano, l&#8217;albanese, l&#8217;arabo, lo spagnolo, l&#8217;esperanto, il greco e l&#8217;inglese. Ci si potr\u00e0 avvicinare a <strong>pratiche antichissime<\/strong> come lo yoga, la meditazione, il taji quan, il reiky e lo shiatsu.&nbsp;Uno spazio sar\u00e0 dedicato alla <strong>presentazione di libri su tematiche interculturali<\/strong>. Due giornate per incontrare e vivere la ricchezza culturale presente sul nostro territorio.<strong>&nbsp;<\/strong><\/p>\n<p><strong>Lavorare con i libri. Un progetto di alternanza scuola-lavoro <\/strong><\/p>\n<p>Sessanta ragazzi collaboreranno a Portici di Carta grazie al progetto di <em>alternanza&nbsp; scuola-lavoro Lavorare con i libri<\/em>, ideato e avviato nel 2017 dal Salone del libro e dalla rete di biblioteche scolastiche <strong>Torino Rete Libri<\/strong> e sostenuto e coordinato per l\u2019edizione 2018 dalle Biblioteche civiche torinesi. I ragazzi saranno impegnati come lettori (nella passeggiate letterarie e allo spazio bambini), come personale di supporto alla gestione degli spazi incontri e in altri servizi attinenti l\u2019organizzazione e lo svolgimento della manifestazione.<\/p>\n<p><strong>Con Giardino Forbito il primo grande Bookcrossing diffuso in citt\u00e0<\/strong><\/p>\n<p>Nell&#8217;ambito del progetto \u201cIl libro che fu forbito al macero no!\u201d, l\u2019angolo cittadino storicamente dedicato al \u201cLibro ritrovato\u201d &#8211; il gazebo in disuso dei Giardini &#8211; si far\u00e0 contenitore di una <strong>mole di libri da salvare<\/strong>, portati l\u00ec da editori, librerie e biblioteche che hanno nei magazzini scaffali destinati al macero e che colgono questa occasione per parlare di libri sia nuovi, sia vecchi.&nbsp;<\/p>\n<p>Un\u2019edizione speciale del <strong>mercato della biodiversit\u00e0 Googreen <\/strong>accompagnato dagli artisti di strada \u201cTanto di cappello!\u201d sar\u00e0 lo scenario animato che porter\u00e0 a due giornate di scambi e buone pratiche. Nel weekend dedicato alla libreria sotto i portici pi\u00f9 lunga del mondo alcuni scrittori torinesi, supportati da una squadra di volontari, parlando di letteratura e dei loro scritti smaltiranno la mole di libri dimenticati in giro per la citt\u00e0, invitando i destinatari a registrare ciascun libro sulla piattaforma online <a href=\"http:\/\/www.bookcrossing.com\">www.bookcrossing.com<\/a>, il sito che segue il destino dei libri.&nbsp;<\/p>\n<p>Gli scrittori, testimonial di questa operazione \u2018salva libro\u2019 e che si aggireranno per i giardini Sambuy nei giorni della manifestazione, tra una spesa letteraria e una lettura ad alta voce accompagnata dalla musica dei buskers e l&#8217;altra, distribuiranno con una propria dedica portafortuna il gran numero di libri che grazie ai donatori e a loro, oltre che ai volontari che li aiuteranno, riprenderanno vita e il viaggio, irradiandosi per il quartiere Porta Nuova e lungo il tragitto della manifestazione sotto i portici.<\/p>\n<p><strong>Letture sul tram storico blu<\/strong><\/p>\n<p>Le <strong>Biblioteche civiche torinesi<\/strong> e <strong>l&#8217;ATTS-Associazione Torinese Tram Storici<\/strong> proporranno un affascinante percorso lungo le vie del centro cittadino, accompagnato da <strong>letture su Torino<\/strong> curate dagli allievi della Scuola ODS, coordinati da Stefania Giuliani. Ingresso gratuito. Orario 10-13 con partenza ogni 30 minuti dal capolinea di piazza Castello (lato Teatro Regio). Ultima corsa ore 12.30.<\/p>\n<p><strong>Le mostre della Biblioteca civica Centrale e di Palazzo Lascaris: le fotografie di Wondy e i tappeti della guerra afghana<\/strong><\/p>\n<p><strong>\u2018In viaggio con Wondy\u2019<\/strong><\/p>\n<p>Mostra fotografica promossa da <strong>Wondy sono io<\/strong>, Associazione culturale in ricordo di Francesca Del Rosso.<\/p>\n<p>Si tratta di una mostra realizzata con immagini e brevi testi, omaggio alla resilienza di Wondy. Il punto di partenza \u00e8 il momento in cui <strong>Francesca Del Rosso<\/strong> scopre di avere \u2018due sassolini\u2019 nel seno destro. Le foto raccontano non solo i viaggi fatti da questo momento, ma tracciano le tappe del tumore che l&#8217;ha colpita e le sue reazioni.<\/p>\n<p><strong>Dal 2 al 10 ottobre<\/strong> &#8211; Biblioteca civica Centrale, via della Cittadella 5.<\/p>\n<p><strong>Orario<\/strong>: luned\u00ec 15-19.55; dal marted\u00ec al venerd\u00ec 8.15-19.55; sabato 10.30-18.<\/p>\n<p><strong><em>Dall\u2019Afghanistan all\u2019Italia. I tappeti della guerra russo-afghana. 1979-1988<\/em><\/strong><\/p>\n<p>Arabeschi e motivi geometrici, stilizzazioni di aerei, carri armati, fucili ed elicotteri dai colori brillanti costituiscono l\u2019unicum decorativo dei tappeti realizzati in Afghanistan dopo l\u2019inizio dell\u2019invasione sovietica nel 1979. Una trentina di questi esemplari, provenienti dalla collezione torinese di&nbsp;<strong>Luca Brancati<\/strong>, saranno protagonisti della mostra allestita nella galleria Carla Spagnuolo di Palazzo Lascaris. L\u2019esposizione, sostenuta dal <strong>Consiglio regionale<\/strong> e organizzata in collaborazione con l\u2019Associazione culturale Conservare Per Innovare \u2013 CXI., sar\u00e0 eccezionalmente riaperta in occasione di&nbsp; Portici di Carta con visite guidate, testimonianze, musiche dal vivo, dimostrazioni di tessitura e un <strong>Book afternoon<\/strong>, con distribuzione gratuita di libri sul Piemonte.<\/p>\n<p><strong>Sabato 6 ottobre<\/strong> &#8211; Palazzo Lascaris, via Alfieri 15<\/p>\n<p><strong>Orario<\/strong>: dalle 15 alle ore 20 (ultimo ingresso ore 19.30).<\/p>\n","protected":false},"excerpt":{"rendered":"<p>Sabato 6 e domenica 7 ottobre torner\u00e0 Portici di Carta, la&nbsp; libreria&nbsp; pi\u00f9 lunga del&nbsp; mondo sotto i portici del centro di Torino con i tradizionali due chilometri di bancarelle in via Roma, piazza San Carlo e piazza Carlo Felice. Portici di Carta \u00e8 un progetto della Citt\u00e0 di Torino e della Fondazione per il [&hellip;]<\/p>\n","protected":false},"author":1,"featured_media":0,"comment_status":"closed","ping_status":"open","sticky":false,"template":"","format":"standard","meta":{"ngg_post_thumbnail":0},"categories":[54,1],"tags":[],"_links":{"self":[{"href":"http:\/\/www.spaziotorino.it\/scatto\/index.php?rest_route=\/wp\/v2\/posts\/12902"}],"collection":[{"href":"http:\/\/www.spaziotorino.it\/scatto\/index.php?rest_route=\/wp\/v2\/posts"}],"about":[{"href":"http:\/\/www.spaziotorino.it\/scatto\/index.php?rest_route=\/wp\/v2\/types\/post"}],"author":[{"embeddable":true,"href":"http:\/\/www.spaziotorino.it\/scatto\/index.php?rest_route=\/wp\/v2\/users\/1"}],"replies":[{"embeddable":true,"href":"http:\/\/www.spaziotorino.it\/scatto\/index.php?rest_route=%2Fwp%2Fv2%2Fcomments&post=12902"}],"version-history":[{"count":2,"href":"http:\/\/www.spaziotorino.it\/scatto\/index.php?rest_route=\/wp\/v2\/posts\/12902\/revisions"}],"predecessor-version":[{"id":12904,"href":"http:\/\/www.spaziotorino.it\/scatto\/index.php?rest_route=\/wp\/v2\/posts\/12902\/revisions\/12904"}],"wp:attachment":[{"href":"http:\/\/www.spaziotorino.it\/scatto\/index.php?rest_route=%2Fwp%2Fv2%2Fmedia&parent=12902"}],"wp:term":[{"taxonomy":"category","embeddable":true,"href":"http:\/\/www.spaziotorino.it\/scatto\/index.php?rest_route=%2Fwp%2Fv2%2Fcategories&post=12902"},{"taxonomy":"post_tag","embeddable":true,"href":"http:\/\/www.spaziotorino.it\/scatto\/index.php?rest_route=%2Fwp%2Fv2%2Ftags&post=12902"}],"curies":[{"name":"wp","href":"https:\/\/api.w.org\/{rel}","templated":true}]}}