{"id":12925,"date":"2018-09-25T20:37:22","date_gmt":"2018-09-25T19:37:22","guid":{"rendered":"http:\/\/www.spaziotorino.it\/scatto\/?p=12925"},"modified":"2018-09-26T09:40:41","modified_gmt":"2018-09-26T08:40:41","slug":"buonanotte-buon-lavoro-la-vita-dei-lavoratori-notturni-in-una-mostra-fotografica","status":"publish","type":"post","link":"http:\/\/www.spaziotorino.it\/scatto\/?p=12925","title":{"rendered":"Buonanotte? Buon lavoro!: la vita dei lavoratori notturni in una mostra fotografica"},"content":{"rendered":"<p><a class=\"ngg-fancybox\" title=\"Buonanotte? Buon lavoro!: la vita dei lavoratori notturni in una mostra fotografica\" href=\"http:\/\/www.spaziotorino.it\/scatto\/wp-content\/gallery\/2018_09_25_infogio\/AMA_0884.jpg\" rel=\"c4a80697c8f7595b42b87f9ef96aebc3\"><br \/>\n<img decoding=\"async\" loading=\"lazy\" class=\"ngg-singlepic\" title=\"Buonanotte? Buon lavoro!: la vita dei lavoratori notturni in una mostra fotografica\" src=\"http:\/\/www.spaziotorino.it\/scatto\/wp-content\/gallery\/2018_09_25_infogio\/AMA_0884.jpg\" alt=\"\" width=\"540\" height=\"360\"\/><\/a><\/p>\n<!-- index.php -->\n<div\n\tclass=\"ngg-galleryoverview ngg-ajax-pagination-none\"\n\tid=\"ngg-gallery-fb7e7aee982b6f8799fbb4d96f3ca191-1\">\n\n    \t\t<!-- Thumbnails -->\n\t\t\t\t<div id=\"ngg-image-0\" class=\"ngg-gallery-thumbnail-box\" >\n\t\t\t\t        <div class=\"ngg-gallery-thumbnail\">\n            <a href=\"http:\/\/www.spaziotorino.it\/scatto\/wp-content\/gallery\/2018_09_25_infogio\/AMA_0906.jpg\"\n               title=\"\"\n               data-src=\"http:\/\/www.spaziotorino.it\/scatto\/wp-content\/gallery\/2018_09_25_infogio\/AMA_0906.jpg\"\n               data-thumbnail=\"http:\/\/www.spaziotorino.it\/scatto\/wp-content\/gallery\/2018_09_25_infogio\/thumbs\/thumbs_AMA_0906.jpg\"\n               data-image-id=\"21127\"\n               data-title=\"AMA_0906\"\n               data-description=\"\"\n               data-image-slug=\"ama_0906\"\n               class=\"ngg-fancybox\" rel=\"fb7e7aee982b6f8799fbb4d96f3ca191\">\n                <img\n                    title=\"AMA_0906\"\n                    alt=\"AMA_0906\"\n                    src=\"http:\/\/www.spaziotorino.it\/scatto\/wp-content\/gallery\/2018_09_25_infogio\/cache\/AMA_0906.jpg-nggid0521127-ngg0dyn-60x60x100-00f0w010c011r110f110r010t010.jpg\"\n                    width=\"60\"\n                    height=\"60\"\n                    style=\"max-width:100%;\"\n                \/>\n            <\/a>\n        <\/div>\n\t\t\t\t\t\t\t<\/div> \n\t\t\t\n        \n\t\t\t\t<div id=\"ngg-image-1\" class=\"ngg-gallery-thumbnail-box\" >\n\t\t\t\t        <div class=\"ngg-gallery-thumbnail\">\n            <a href=\"http:\/\/www.spaziotorino.it\/scatto\/wp-content\/gallery\/2018_09_25_infogio\/AMA_0901.jpg\"\n               title=\"\"\n               data-src=\"http:\/\/www.spaziotorino.it\/scatto\/wp-content\/gallery\/2018_09_25_infogio\/AMA_0901.jpg\"\n               data-thumbnail=\"http:\/\/www.spaziotorino.it\/scatto\/wp-content\/gallery\/2018_09_25_infogio\/thumbs\/thumbs_AMA_0901.jpg\"\n               data-image-id=\"21126\"\n               data-title=\"AMA_0901\"\n               data-description=\"\"\n               data-image-slug=\"ama_0901\"\n               class=\"ngg-fancybox\" rel=\"fb7e7aee982b6f8799fbb4d96f3ca191\">\n                <img\n                    title=\"AMA_0901\"\n                    alt=\"AMA_0901\"\n                    src=\"http:\/\/www.spaziotorino.it\/scatto\/wp-content\/gallery\/2018_09_25_infogio\/cache\/AMA_0901.jpg-nggid0521126-ngg0dyn-60x60x100-00f0w010c011r110f110r010t010.jpg\"\n                    width=\"60\"\n                    height=\"60\"\n                    style=\"max-width:100%;\"\n                \/>\n            <\/a>\n        <\/div>\n\t\t\t\t\t\t\t<\/div> \n\t\t\t\n        \n\t\t\t\t<div id=\"ngg-image-2\" class=\"ngg-gallery-thumbnail-box\" >\n\t\t\t\t        <div class=\"ngg-gallery-thumbnail\">\n            <a href=\"http:\/\/www.spaziotorino.it\/scatto\/wp-content\/gallery\/2018_09_25_infogio\/AMA_0893.jpg\"\n               title=\"\"\n               data-src=\"http:\/\/www.spaziotorino.it\/scatto\/wp-content\/gallery\/2018_09_25_infogio\/AMA_0893.jpg\"\n               data-thumbnail=\"http:\/\/www.spaziotorino.it\/scatto\/wp-content\/gallery\/2018_09_25_infogio\/thumbs\/thumbs_AMA_0893.jpg\"\n               data-image-id=\"21125\"\n               data-title=\"AMA_0893\"\n               data-description=\"\"\n               data-image-slug=\"ama_0893\"\n               class=\"ngg-fancybox\" rel=\"fb7e7aee982b6f8799fbb4d96f3ca191\">\n                <img\n                    title=\"AMA_0893\"\n                    alt=\"AMA_0893\"\n                    src=\"http:\/\/www.spaziotorino.it\/scatto\/wp-content\/gallery\/2018_09_25_infogio\/cache\/AMA_0893.jpg-nggid0521125-ngg0dyn-60x60x100-00f0w010c011r110f110r010t010.jpg\"\n                    width=\"60\"\n                    height=\"60\"\n                    style=\"max-width:100%;\"\n                \/>\n            <\/a>\n        <\/div>\n\t\t\t\t\t\t\t<\/div> \n\t\t\t\n        \n\t\t\t\t<div id=\"ngg-image-3\" class=\"ngg-gallery-thumbnail-box\" >\n\t\t\t\t        <div class=\"ngg-gallery-thumbnail\">\n            <a href=\"http:\/\/www.spaziotorino.it\/scatto\/wp-content\/gallery\/2018_09_25_infogio\/AMA_0881.jpg\"\n               title=\"\"\n               data-src=\"http:\/\/www.spaziotorino.it\/scatto\/wp-content\/gallery\/2018_09_25_infogio\/AMA_0881.jpg\"\n               data-thumbnail=\"http:\/\/www.spaziotorino.it\/scatto\/wp-content\/gallery\/2018_09_25_infogio\/thumbs\/thumbs_AMA_0881.jpg\"\n               data-image-id=\"21121\"\n               data-title=\"AMA_0881\"\n               data-description=\"\"\n               data-image-slug=\"ama_0881\"\n               class=\"ngg-fancybox\" rel=\"fb7e7aee982b6f8799fbb4d96f3ca191\">\n                <img\n                    title=\"AMA_0881\"\n                    alt=\"AMA_0881\"\n                    src=\"http:\/\/www.spaziotorino.it\/scatto\/wp-content\/gallery\/2018_09_25_infogio\/cache\/AMA_0881.jpg-nggid0521121-ngg0dyn-60x60x100-00f0w010c011r110f110r010t010.jpg\"\n                    width=\"60\"\n                    height=\"60\"\n                    style=\"max-width:100%;\"\n                \/>\n            <\/a>\n        <\/div>\n\t\t\t\t\t\t\t<\/div> \n\t\t\t\n        \n\t\t\t\t<div id=\"ngg-image-4\" class=\"ngg-gallery-thumbnail-box\" >\n\t\t\t\t        <div class=\"ngg-gallery-thumbnail\">\n            <a href=\"http:\/\/www.spaziotorino.it\/scatto\/wp-content\/gallery\/2018_09_25_infogio\/AMA_0870.jpg\"\n               title=\"\"\n               data-src=\"http:\/\/www.spaziotorino.it\/scatto\/wp-content\/gallery\/2018_09_25_infogio\/AMA_0870.jpg\"\n               data-thumbnail=\"http:\/\/www.spaziotorino.it\/scatto\/wp-content\/gallery\/2018_09_25_infogio\/thumbs\/thumbs_AMA_0870.jpg\"\n               data-image-id=\"21119\"\n               data-title=\"AMA_0870\"\n               data-description=\"\"\n               data-image-slug=\"ama_0870\"\n               class=\"ngg-fancybox\" rel=\"fb7e7aee982b6f8799fbb4d96f3ca191\">\n                <img\n                    title=\"AMA_0870\"\n                    alt=\"AMA_0870\"\n                    src=\"http:\/\/www.spaziotorino.it\/scatto\/wp-content\/gallery\/2018_09_25_infogio\/cache\/AMA_0870.jpg-nggid0521119-ngg0dyn-60x60x100-00f0w010c011r110f110r010t010.jpg\"\n                    width=\"60\"\n                    height=\"60\"\n                    style=\"max-width:100%;\"\n                \/>\n            <\/a>\n        <\/div>\n\t\t\t\t\t\t\t<\/div> \n\t\t\t\n        \n\t\t\t\t<div id=\"ngg-image-5\" class=\"ngg-gallery-thumbnail-box\" >\n\t\t\t\t        <div class=\"ngg-gallery-thumbnail\">\n            <a href=\"http:\/\/www.spaziotorino.it\/scatto\/wp-content\/gallery\/2018_09_25_infogio\/AMA_0871.jpg\"\n               title=\"\"\n               data-src=\"http:\/\/www.spaziotorino.it\/scatto\/wp-content\/gallery\/2018_09_25_infogio\/AMA_0871.jpg\"\n               data-thumbnail=\"http:\/\/www.spaziotorino.it\/scatto\/wp-content\/gallery\/2018_09_25_infogio\/thumbs\/thumbs_AMA_0871.jpg\"\n               data-image-id=\"21120\"\n               data-title=\"AMA_0871\"\n               data-description=\"\"\n               data-image-slug=\"ama_0871\"\n               class=\"ngg-fancybox\" rel=\"fb7e7aee982b6f8799fbb4d96f3ca191\">\n                <img\n                    title=\"AMA_0871\"\n                    alt=\"AMA_0871\"\n                    src=\"http:\/\/www.spaziotorino.it\/scatto\/wp-content\/gallery\/2018_09_25_infogio\/cache\/AMA_0871.jpg-nggid0521120-ngg0dyn-60x60x100-00f0w010c011r110f110r010t010.jpg\"\n                    width=\"60\"\n                    height=\"60\"\n                    style=\"max-width:100%;\"\n                \/>\n            <\/a>\n        <\/div>\n\t\t\t\t\t\t\t<\/div> \n\t\t\t\n        \n\t\t\t\t<div id=\"ngg-image-6\" class=\"ngg-gallery-thumbnail-box\" >\n\t\t\t\t        <div class=\"ngg-gallery-thumbnail\">\n            <a href=\"http:\/\/www.spaziotorino.it\/scatto\/wp-content\/gallery\/2018_09_25_infogio\/AMA_0883.jpg\"\n               title=\"\"\n               data-src=\"http:\/\/www.spaziotorino.it\/scatto\/wp-content\/gallery\/2018_09_25_infogio\/AMA_0883.jpg\"\n               data-thumbnail=\"http:\/\/www.spaziotorino.it\/scatto\/wp-content\/gallery\/2018_09_25_infogio\/thumbs\/thumbs_AMA_0883.jpg\"\n               data-image-id=\"21122\"\n               data-title=\"AMA_0883\"\n               data-description=\"\"\n               data-image-slug=\"ama_0883\"\n               class=\"ngg-fancybox\" rel=\"fb7e7aee982b6f8799fbb4d96f3ca191\">\n                <img\n                    title=\"AMA_0883\"\n                    alt=\"AMA_0883\"\n                    src=\"http:\/\/www.spaziotorino.it\/scatto\/wp-content\/gallery\/2018_09_25_infogio\/cache\/AMA_0883.jpg-nggid0521122-ngg0dyn-60x60x100-00f0w010c011r110f110r010t010.jpg\"\n                    width=\"60\"\n                    height=\"60\"\n                    style=\"max-width:100%;\"\n                \/>\n            <\/a>\n        <\/div>\n\t\t\t\t\t\t\t<\/div> \n\t\t\t\n        \n\t\t\t\t<div id=\"ngg-image-7\" class=\"ngg-gallery-thumbnail-box\" >\n\t\t\t\t        <div class=\"ngg-gallery-thumbnail\">\n            <a href=\"http:\/\/www.spaziotorino.it\/scatto\/wp-content\/gallery\/2018_09_25_infogio\/AMA_0884.jpg\"\n               title=\"\"\n               data-src=\"http:\/\/www.spaziotorino.it\/scatto\/wp-content\/gallery\/2018_09_25_infogio\/AMA_0884.jpg\"\n               data-thumbnail=\"http:\/\/www.spaziotorino.it\/scatto\/wp-content\/gallery\/2018_09_25_infogio\/thumbs\/thumbs_AMA_0884.jpg\"\n               data-image-id=\"21123\"\n               data-title=\"AMA_0884\"\n               data-description=\"\"\n               data-image-slug=\"ama_0884\"\n               class=\"ngg-fancybox\" rel=\"fb7e7aee982b6f8799fbb4d96f3ca191\">\n                <img\n                    title=\"AMA_0884\"\n                    alt=\"AMA_0884\"\n                    src=\"http:\/\/www.spaziotorino.it\/scatto\/wp-content\/gallery\/2018_09_25_infogio\/cache\/AMA_0884.jpg-nggid0521123-ngg0dyn-60x60x100-00f0w010c011r110f110r010t010.jpg\"\n                    width=\"60\"\n                    height=\"60\"\n                    style=\"max-width:100%;\"\n                \/>\n            <\/a>\n        <\/div>\n\t\t\t\t\t\t\t<\/div> \n\t\t\t\n        \n\t\t\t\t<div id=\"ngg-image-8\" class=\"ngg-gallery-thumbnail-box\" >\n\t\t\t\t        <div class=\"ngg-gallery-thumbnail\">\n            <a href=\"http:\/\/www.spaziotorino.it\/scatto\/wp-content\/gallery\/2018_09_25_infogio\/AMA_0890.jpg\"\n               title=\"\"\n               data-src=\"http:\/\/www.spaziotorino.it\/scatto\/wp-content\/gallery\/2018_09_25_infogio\/AMA_0890.jpg\"\n               data-thumbnail=\"http:\/\/www.spaziotorino.it\/scatto\/wp-content\/gallery\/2018_09_25_infogio\/thumbs\/thumbs_AMA_0890.jpg\"\n               data-image-id=\"21124\"\n               data-title=\"AMA_0890\"\n               data-description=\"\"\n               data-image-slug=\"ama_0890\"\n               class=\"ngg-fancybox\" rel=\"fb7e7aee982b6f8799fbb4d96f3ca191\">\n                <img\n                    title=\"AMA_0890\"\n                    alt=\"AMA_0890\"\n                    src=\"http:\/\/www.spaziotorino.it\/scatto\/wp-content\/gallery\/2018_09_25_infogio\/cache\/AMA_0890.jpg-nggid0521124-ngg0dyn-60x60x100-00f0w010c011r110f110r010t010.jpg\"\n                    width=\"60\"\n                    height=\"60\"\n                    style=\"max-width:100%;\"\n                \/>\n            <\/a>\n        <\/div>\n\t\t\t\t\t\t\t<\/div> \n\t\t\t\n        \n\t\t\n\t\t<!-- Pagination -->\n\t<div class='ngg-clear'><\/div>\t<\/div>\n\n<p>Dal 25 settembre all\u2019InformaGiovani Digi.TO raccoglie dieci ritratti per raccontare volti e voci di alcuni giovani torinesi, dal bartender alla volontaria della Croce Verde.<\/p>\n<p>Chi ha detto che la&nbsp;<strong>notte<\/strong>&nbsp;\u00e8 fatta (solo) per dormire? Per alcuni le ore dal tramonto all\u2019alba&nbsp;<strong>non sono il momento del riposo<\/strong>: dopotutto&nbsp;<strong>la citt\u00e0 non dorme mai<\/strong>&nbsp;e qualcuno dovr\u00e0 pur&nbsp;<strong>tenerla viva<\/strong>.<br \/>\nParliamo dei&nbsp;<strong>lavoratori e dei volontari notturni<\/strong>, che diventano i protagonisti della&nbsp;<strong>mostra<\/strong>&nbsp;fotografica&nbsp;<em><strong>Buonanotte? Buon lavoro!<\/strong><\/em>, organizzata dalla redazione di&nbsp;<strong>Digi.TO<\/strong>&nbsp;\u2013 il magazine online del Servizio Politiche Giovanili della Citt\u00e0 di Torino \u2013 e che sar\u00e0 inaugurata marted\u00ec&nbsp;<strong>25 settembre alle ore 18<\/strong>&nbsp;al&nbsp;<strong>Centro Informagiovani \u2013 Antichi Chiostri<\/strong>&nbsp;(via Garibaldi 25) alla presenza dell\u2019Assessore alle Politiche Giovanili&nbsp;<strong>Marco Giusta<\/strong>.<\/p>\n<p><strong>I VOLTI<\/strong><br \/>\nL\u2019idea \u00e8 quella di un<strong>&nbsp;progetto transmediale<\/strong>&nbsp;per raccontare le storie di 1<strong>0 giovani under 35<\/strong>&nbsp;che popolano il mondo della notte per via del proprio<strong>&nbsp;lavoro<\/strong>&nbsp;o della propria&nbsp;<strong>attivit\u00e0 di volontariato<\/strong>.<br \/>\n<strong>Federico Mereu<\/strong>, il fotografo della redazione, li ha incontrati uno a uno, scoprendo che la maggior parte di loro&nbsp;<strong>ama lavorare<\/strong>&nbsp;proprio mentre tutti gli altri dormono. Ma chi sono? Possono fare lavori anche molto diversi tra loro: c\u2019\u00e8&nbsp;<strong>Riccardo<\/strong>,&nbsp;<strong>tassista<\/strong>, che ha iniziato a fare il turno di notte per caso e non l\u2019ha pi\u00f9 lasciato, ma c\u2019\u00e8 anche&nbsp;<strong>Martina<\/strong>,&nbsp;<strong>infermiera<\/strong>, che candidamente ammette che a volte preferirebbe dedicarsi alla sua passione per il lindy hop anzich\u00e9 lavorare ogni notte, per poi confessare per\u00f2 che non si vedrebbe da nessun\u2019altra parte; o&nbsp;<strong>Laurentiu<\/strong>, che dalla Romania \u00e8 venuto a Torino scoprendo la sua passione per il lavoro di<strong>&nbsp;panettiere<\/strong>, o ancora&nbsp;<strong>Marco<\/strong>, che come bartender cerca di creare il cocktail perfetto per ogni cliente. Inoltre c\u2019\u00e8 chi di notte si dedica gratuitamente agli altri, come&nbsp;<strong>Lisa e Roberto<\/strong>,&nbsp;<strong>volontari della Croce Verde<\/strong>, che non si tirano indietro se c\u2019\u00e8 da far nascere un bambino per strada. E cos\u00ec via, per un totale di dieci<strong>&nbsp;storie di vita<\/strong>.<\/p>\n<p><strong>LE VOCI<\/strong><br \/>\n<strong>Non solo fotografie<\/strong>, infatti: i volti di queste persone, immortalati da Federico, saranno accompagnati da&nbsp;<strong>racconti<\/strong>&nbsp;scritti dai componenti della&nbsp;<strong>redazione di Digi.TO<\/strong>; un modo per&nbsp;<strong>dare una voce<\/strong>, oltre a una faccia, ai protagonisti della mostra.<br \/>\n<em>Buonanotte? Buon lavoro!<\/em>&nbsp;vanta una&nbsp;<strong>combinazione vincente<\/strong>&nbsp;che troppo spesso viene<strong>&nbsp;trascurata<\/strong>&nbsp;dagli operatori culturali: non solo si tratta di una mostra&nbsp;<strong>pensata da giovani per i giovani<\/strong>, ma anche lo&nbsp;<strong>spazio di fruizione<\/strong>, non a caso, \u00e8 un luogo che per sua natura ha il&nbsp;<strong>protagonismo giovanile<\/strong>&nbsp;come missione principale. Non meno importante: il focus, la linfa del progetto, \u00e8 proprio la&nbsp;<strong>vita professionale<\/strong>di un segmento della societ\u00e0 che, ancora sotto i 35 anni di et\u00e0, fa s\u00ec che la nostra citt\u00e0 sia&nbsp;<strong>vitale, sicura e dinamica<\/strong>&nbsp;anche di notte.<\/p>\n<p>[Fonte: <a href=\"http:\/\/www.digi.to.it\/?p=32425\">Digi.To<\/a>]<\/p>\n","protected":false},"excerpt":{"rendered":"<p>Dal 25 settembre all\u2019InformaGiovani Digi.TO raccoglie dieci ritratti per raccontare volti e voci di alcuni giovani torinesi, dal bartender alla volontaria della Croce Verde. Chi ha detto che la&nbsp;notte&nbsp;\u00e8 fatta (solo) per dormire? Per alcuni le ore dal tramonto all\u2019alba&nbsp;non sono il momento del riposo: dopotutto&nbsp;la citt\u00e0 non dorme mai&nbsp;e qualcuno dovr\u00e0 pur&nbsp;tenerla viva. Parliamo [&hellip;]<\/p>\n","protected":false},"author":1,"featured_media":0,"comment_status":"closed","ping_status":"open","sticky":false,"template":"","format":"standard","meta":{"ngg_post_thumbnail":0},"categories":[54,1],"tags":[],"_links":{"self":[{"href":"http:\/\/www.spaziotorino.it\/scatto\/index.php?rest_route=\/wp\/v2\/posts\/12925"}],"collection":[{"href":"http:\/\/www.spaziotorino.it\/scatto\/index.php?rest_route=\/wp\/v2\/posts"}],"about":[{"href":"http:\/\/www.spaziotorino.it\/scatto\/index.php?rest_route=\/wp\/v2\/types\/post"}],"author":[{"embeddable":true,"href":"http:\/\/www.spaziotorino.it\/scatto\/index.php?rest_route=\/wp\/v2\/users\/1"}],"replies":[{"embeddable":true,"href":"http:\/\/www.spaziotorino.it\/scatto\/index.php?rest_route=%2Fwp%2Fv2%2Fcomments&post=12925"}],"version-history":[{"count":2,"href":"http:\/\/www.spaziotorino.it\/scatto\/index.php?rest_route=\/wp\/v2\/posts\/12925\/revisions"}],"predecessor-version":[{"id":12927,"href":"http:\/\/www.spaziotorino.it\/scatto\/index.php?rest_route=\/wp\/v2\/posts\/12925\/revisions\/12927"}],"wp:attachment":[{"href":"http:\/\/www.spaziotorino.it\/scatto\/index.php?rest_route=%2Fwp%2Fv2%2Fmedia&parent=12925"}],"wp:term":[{"taxonomy":"category","embeddable":true,"href":"http:\/\/www.spaziotorino.it\/scatto\/index.php?rest_route=%2Fwp%2Fv2%2Fcategories&post=12925"},{"taxonomy":"post_tag","embeddable":true,"href":"http:\/\/www.spaziotorino.it\/scatto\/index.php?rest_route=%2Fwp%2Fv2%2Ftags&post=12925"}],"curies":[{"name":"wp","href":"https:\/\/api.w.org\/{rel}","templated":true}]}}