{"id":13173,"date":"2018-09-30T23:57:05","date_gmt":"2018-09-30T22:57:05","guid":{"rendered":"http:\/\/www.spaziotorino.it\/scatto\/?p=13173"},"modified":"2018-10-02T12:58:21","modified_gmt":"2018-10-02T11:58:21","slug":"mondiali-2018-la-polonia-e-campione-del-mondo-per-la-seconda-volta-consecutiva","status":"publish","type":"post","link":"http:\/\/www.spaziotorino.it\/scatto\/?p=13173","title":{"rendered":"Mondiali 2018: la Polonia \u00e8 Campione del Mondo per la seconda volta consecutiva"},"content":{"rendered":"<p><a class=\"ngg-fancybox\" title=\"Mondiali 2018: la Polonia \u00e8 Campione del Mondo per la seconda volta consecutiva\" href=\"http:\/\/www.spaziotorino.it\/scatto\/wp-content\/gallery\/2018_09_30_volleyf\/pla-6600.jpg\" rel=\"40ecfc0dbf55d91aece282317e9f4f81\"><br \/>\n<img decoding=\"async\" loading=\"lazy\" class=\"ngg-singlepic\" title=\"Mondiali 2018: la Polonia \u00e8 Campione del Mondo per la seconda volta consecutiva\" src=\"http:\/\/www.spaziotorino.it\/scatto\/wp-content\/gallery\/2018_09_30_volleyf\/pla-6600.jpg\" alt=\"\" width=\"540\" height=\"360\"\/><\/a><\/p>\n<!-- index.php -->\n<div\n\tclass=\"ngg-galleryoverview ngg-ajax-pagination-none\"\n\tid=\"ngg-gallery-afddeaf1c4080f2006e2b3bac37d41e6-1\">\n\n    \t\t<!-- Thumbnails -->\n\t\t\t\t<div id=\"ngg-image-0\" class=\"ngg-gallery-thumbnail-box\" >\n\t\t\t\t        <div class=\"ngg-gallery-thumbnail\">\n            <a href=\"http:\/\/www.spaziotorino.it\/scatto\/wp-content\/gallery\/2018_09_30_volleyf\/pla-5109.jpg\"\n               title=\"La spettacolare scenografia al Palasport\"\n               data-src=\"http:\/\/www.spaziotorino.it\/scatto\/wp-content\/gallery\/2018_09_30_volleyf\/pla-5109.jpg\"\n               data-thumbnail=\"http:\/\/www.spaziotorino.it\/scatto\/wp-content\/gallery\/2018_09_30_volleyf\/thumbs\/thumbs_pla-5109.jpg\"\n               data-image-id=\"21207\"\n               data-title=\"La spettacolare scenografia al Palasport\"\n               data-description=\"La spettacolare scenografia al Palasport\"\n               data-image-slug=\"pla-5109\"\n               class=\"ngg-fancybox\" rel=\"afddeaf1c4080f2006e2b3bac37d41e6\">\n                <img\n                    title=\"La spettacolare scenografia al Palasport\"\n                    alt=\"La spettacolare scenografia al Palasport\"\n                    src=\"http:\/\/www.spaziotorino.it\/scatto\/wp-content\/gallery\/2018_09_30_volleyf\/cache\/pla-5109.jpg-nggid0521207-ngg0dyn-60x60x100-00f0w010c011r110f110r010t010.jpg\"\n                    width=\"60\"\n                    height=\"60\"\n                    style=\"max-width:100%;\"\n                \/>\n            <\/a>\n        <\/div>\n\t\t\t\t\t\t\t<\/div> \n\t\t\t\n        \n\t\t\t\t<div id=\"ngg-image-1\" class=\"ngg-gallery-thumbnail-box\" >\n\t\t\t\t        <div class=\"ngg-gallery-thumbnail\">\n            <a href=\"http:\/\/www.spaziotorino.it\/scatto\/wp-content\/gallery\/2018_09_30_volleyf\/pla-5121.jpg\"\n               title=\"La spettacolare scenografia al Palasport\"\n               data-src=\"http:\/\/www.spaziotorino.it\/scatto\/wp-content\/gallery\/2018_09_30_volleyf\/pla-5121.jpg\"\n               data-thumbnail=\"http:\/\/www.spaziotorino.it\/scatto\/wp-content\/gallery\/2018_09_30_volleyf\/thumbs\/thumbs_pla-5121.jpg\"\n               data-image-id=\"21208\"\n               data-title=\"La spettacolare scenografia al Palasport\"\n               data-description=\"La spettacolare scenografia al Palasport\"\n               data-image-slug=\"pla-5121\"\n               class=\"ngg-fancybox\" rel=\"afddeaf1c4080f2006e2b3bac37d41e6\">\n                <img\n                    title=\"La spettacolare scenografia al Palasport\"\n                    alt=\"La spettacolare scenografia al Palasport\"\n                    src=\"http:\/\/www.spaziotorino.it\/scatto\/wp-content\/gallery\/2018_09_30_volleyf\/cache\/pla-5121.jpg-nggid0521208-ngg0dyn-60x60x100-00f0w010c011r110f110r010t010.jpg\"\n                    width=\"60\"\n                    height=\"60\"\n                    style=\"max-width:100%;\"\n                \/>\n            <\/a>\n        <\/div>\n\t\t\t\t\t\t\t<\/div> \n\t\t\t\n        \n\t\t\t\t<div id=\"ngg-image-2\" class=\"ngg-gallery-thumbnail-box\" >\n\t\t\t\t        <div class=\"ngg-gallery-thumbnail\">\n            <a href=\"http:\/\/www.spaziotorino.it\/scatto\/wp-content\/gallery\/2018_09_30_volleyf\/pla-5138.jpg\"\n               title=\"La semifinale USA - Serbia\"\n               data-src=\"http:\/\/www.spaziotorino.it\/scatto\/wp-content\/gallery\/2018_09_30_volleyf\/pla-5138.jpg\"\n               data-thumbnail=\"http:\/\/www.spaziotorino.it\/scatto\/wp-content\/gallery\/2018_09_30_volleyf\/thumbs\/thumbs_pla-5138.jpg\"\n               data-image-id=\"21209\"\n               data-title=\"La semifinale USA - Serbia\"\n               data-description=\"La semifinale USA - Serbia\"\n               data-image-slug=\"pla-5138\"\n               class=\"ngg-fancybox\" rel=\"afddeaf1c4080f2006e2b3bac37d41e6\">\n                <img\n                    title=\"La semifinale USA - Serbia\"\n                    alt=\"La semifinale USA - Serbia\"\n                    src=\"http:\/\/www.spaziotorino.it\/scatto\/wp-content\/gallery\/2018_09_30_volleyf\/cache\/pla-5138.jpg-nggid0521209-ngg0dyn-60x60x100-00f0w010c011r110f110r010t010.jpg\"\n                    width=\"60\"\n                    height=\"60\"\n                    style=\"max-width:100%;\"\n                \/>\n            <\/a>\n        <\/div>\n\t\t\t\t\t\t\t<\/div> \n\t\t\t\n        \n\t\t\t\t<div id=\"ngg-image-3\" class=\"ngg-gallery-thumbnail-box\" >\n\t\t\t\t        <div class=\"ngg-gallery-thumbnail\">\n            <a href=\"http:\/\/www.spaziotorino.it\/scatto\/wp-content\/gallery\/2018_09_30_volleyf\/pla-5177.jpg\"\n               title=\"La semifinale USA - Serbia\"\n               data-src=\"http:\/\/www.spaziotorino.it\/scatto\/wp-content\/gallery\/2018_09_30_volleyf\/pla-5177.jpg\"\n               data-thumbnail=\"http:\/\/www.spaziotorino.it\/scatto\/wp-content\/gallery\/2018_09_30_volleyf\/thumbs\/thumbs_pla-5177.jpg\"\n               data-image-id=\"21210\"\n               data-title=\"La semifinale USA - Serbia\"\n               data-description=\"La semifinale USA - Serbia\"\n               data-image-slug=\"pla-5177\"\n               class=\"ngg-fancybox\" rel=\"afddeaf1c4080f2006e2b3bac37d41e6\">\n                <img\n                    title=\"La semifinale USA - Serbia\"\n                    alt=\"La semifinale USA - Serbia\"\n                    src=\"http:\/\/www.spaziotorino.it\/scatto\/wp-content\/gallery\/2018_09_30_volleyf\/cache\/pla-5177.jpg-nggid0521210-ngg0dyn-60x60x100-00f0w010c011r110f110r010t010.jpg\"\n                    width=\"60\"\n                    height=\"60\"\n                    style=\"max-width:100%;\"\n                \/>\n            <\/a>\n        <\/div>\n\t\t\t\t\t\t\t<\/div> \n\t\t\t\n        \n\t\t\t\t<div id=\"ngg-image-4\" class=\"ngg-gallery-thumbnail-box\" >\n\t\t\t\t        <div class=\"ngg-gallery-thumbnail\">\n            <a href=\"http:\/\/www.spaziotorino.it\/scatto\/wp-content\/gallery\/2018_09_30_volleyf\/pla-5193.jpg\"\n               title=\"\"\n               data-src=\"http:\/\/www.spaziotorino.it\/scatto\/wp-content\/gallery\/2018_09_30_volleyf\/pla-5193.jpg\"\n               data-thumbnail=\"http:\/\/www.spaziotorino.it\/scatto\/wp-content\/gallery\/2018_09_30_volleyf\/thumbs\/thumbs_pla-5193.jpg\"\n               data-image-id=\"21211\"\n               data-title=\"pla-5193\"\n               data-description=\"\"\n               data-image-slug=\"pla-5193\"\n               class=\"ngg-fancybox\" rel=\"afddeaf1c4080f2006e2b3bac37d41e6\">\n                <img\n                    title=\"pla-5193\"\n                    alt=\"pla-5193\"\n                    src=\"http:\/\/www.spaziotorino.it\/scatto\/wp-content\/gallery\/2018_09_30_volleyf\/cache\/pla-5193.jpg-nggid0521211-ngg0dyn-60x60x100-00f0w010c011r110f110r010t010.jpg\"\n                    width=\"60\"\n                    height=\"60\"\n                    style=\"max-width:100%;\"\n                \/>\n            <\/a>\n        <\/div>\n\t\t\t\t\t\t\t<\/div> \n\t\t\t\n        \n\t\t\t\t<div id=\"ngg-image-5\" class=\"ngg-gallery-thumbnail-box\" >\n\t\t\t\t        <div class=\"ngg-gallery-thumbnail\">\n            <a href=\"http:\/\/www.spaziotorino.it\/scatto\/wp-content\/gallery\/2018_09_30_volleyf\/pla-5232.jpg\"\n               title=\"La semifinale USA - Serbia\"\n               data-src=\"http:\/\/www.spaziotorino.it\/scatto\/wp-content\/gallery\/2018_09_30_volleyf\/pla-5232.jpg\"\n               data-thumbnail=\"http:\/\/www.spaziotorino.it\/scatto\/wp-content\/gallery\/2018_09_30_volleyf\/thumbs\/thumbs_pla-5232.jpg\"\n               data-image-id=\"21212\"\n               data-title=\"La semifinale USA - Serbia\"\n               data-description=\"La semifinale USA - Serbia\"\n               data-image-slug=\"pla-5232\"\n               class=\"ngg-fancybox\" rel=\"afddeaf1c4080f2006e2b3bac37d41e6\">\n                <img\n                    title=\"La semifinale USA - Serbia\"\n                    alt=\"La semifinale USA - Serbia\"\n                    src=\"http:\/\/www.spaziotorino.it\/scatto\/wp-content\/gallery\/2018_09_30_volleyf\/cache\/pla-5232.jpg-nggid0521212-ngg0dyn-60x60x100-00f0w010c011r110f110r010t010.jpg\"\n                    width=\"60\"\n                    height=\"60\"\n                    style=\"max-width:100%;\"\n                \/>\n            <\/a>\n        <\/div>\n\t\t\t\t\t\t\t<\/div> \n\t\t\t\n        \n\t\t\t\t<div id=\"ngg-image-6\" class=\"ngg-gallery-thumbnail-box\" >\n\t\t\t\t        <div class=\"ngg-gallery-thumbnail\">\n            <a href=\"http:\/\/www.spaziotorino.it\/scatto\/wp-content\/gallery\/2018_09_30_volleyf\/pla-5282.jpg\"\n               title=\"La semifinale USA - Serbia\"\n               data-src=\"http:\/\/www.spaziotorino.it\/scatto\/wp-content\/gallery\/2018_09_30_volleyf\/pla-5282.jpg\"\n               data-thumbnail=\"http:\/\/www.spaziotorino.it\/scatto\/wp-content\/gallery\/2018_09_30_volleyf\/thumbs\/thumbs_pla-5282.jpg\"\n               data-image-id=\"21213\"\n               data-title=\"La semifinale USA - Serbia\"\n               data-description=\"La semifinale USA - Serbia\"\n               data-image-slug=\"pla-5282-1\"\n               class=\"ngg-fancybox\" rel=\"afddeaf1c4080f2006e2b3bac37d41e6\">\n                <img\n                    title=\"La semifinale USA - Serbia\"\n                    alt=\"La semifinale USA - Serbia\"\n                    src=\"http:\/\/www.spaziotorino.it\/scatto\/wp-content\/gallery\/2018_09_30_volleyf\/cache\/pla-5282.jpg-nggid0521213-ngg0dyn-60x60x100-00f0w010c011r110f110r010t010.jpg\"\n                    width=\"60\"\n                    height=\"60\"\n                    style=\"max-width:100%;\"\n                \/>\n            <\/a>\n        <\/div>\n\t\t\t\t\t\t\t<\/div> \n\t\t\t\n        \n\t\t\t\t<div id=\"ngg-image-7\" class=\"ngg-gallery-thumbnail-box\" >\n\t\t\t\t        <div class=\"ngg-gallery-thumbnail\">\n            <a href=\"http:\/\/www.spaziotorino.it\/scatto\/wp-content\/gallery\/2018_09_30_volleyf\/pla-5308.jpg\"\n               title=\"La semifinale USA - Serbia\"\n               data-src=\"http:\/\/www.spaziotorino.it\/scatto\/wp-content\/gallery\/2018_09_30_volleyf\/pla-5308.jpg\"\n               data-thumbnail=\"http:\/\/www.spaziotorino.it\/scatto\/wp-content\/gallery\/2018_09_30_volleyf\/thumbs\/thumbs_pla-5308.jpg\"\n               data-image-id=\"21214\"\n               data-title=\"La semifinale USA - Serbia\"\n               data-description=\"La semifinale USA - Serbia\"\n               data-image-slug=\"pla-5308\"\n               class=\"ngg-fancybox\" rel=\"afddeaf1c4080f2006e2b3bac37d41e6\">\n                <img\n                    title=\"La semifinale USA - Serbia\"\n                    alt=\"La semifinale USA - Serbia\"\n                    src=\"http:\/\/www.spaziotorino.it\/scatto\/wp-content\/gallery\/2018_09_30_volleyf\/cache\/pla-5308.jpg-nggid0521214-ngg0dyn-60x60x100-00f0w010c011r110f110r010t010.jpg\"\n                    width=\"60\"\n                    height=\"60\"\n                    style=\"max-width:100%;\"\n                \/>\n            <\/a>\n        <\/div>\n\t\t\t\t\t\t\t<\/div> \n\t\t\t\n        \n\t\t\t\t<div id=\"ngg-image-8\" class=\"ngg-gallery-thumbnail-box\" >\n\t\t\t\t        <div class=\"ngg-gallery-thumbnail\">\n            <a href=\"http:\/\/www.spaziotorino.it\/scatto\/wp-content\/gallery\/2018_09_30_volleyf\/pla-5327.jpg\"\n               title=\"La semifinale USA - Serbia\"\n               data-src=\"http:\/\/www.spaziotorino.it\/scatto\/wp-content\/gallery\/2018_09_30_volleyf\/pla-5327.jpg\"\n               data-thumbnail=\"http:\/\/www.spaziotorino.it\/scatto\/wp-content\/gallery\/2018_09_30_volleyf\/thumbs\/thumbs_pla-5327.jpg\"\n               data-image-id=\"21215\"\n               data-title=\"La semifinale USA - Serbia\"\n               data-description=\"La semifinale USA - Serbia\"\n               data-image-slug=\"pla-5327\"\n               class=\"ngg-fancybox\" rel=\"afddeaf1c4080f2006e2b3bac37d41e6\">\n                <img\n                    title=\"La semifinale USA - Serbia\"\n                    alt=\"La semifinale USA - Serbia\"\n                    src=\"http:\/\/www.spaziotorino.it\/scatto\/wp-content\/gallery\/2018_09_30_volleyf\/cache\/pla-5327.jpg-nggid0521215-ngg0dyn-60x60x100-00f0w010c011r110f110r010t010.jpg\"\n                    width=\"60\"\n                    height=\"60\"\n                    style=\"max-width:100%;\"\n                \/>\n            <\/a>\n        <\/div>\n\t\t\t\t\t\t\t<\/div> \n\t\t\t\n        \n\t\t\t\t<div id=\"ngg-image-9\" class=\"ngg-gallery-thumbnail-box\" >\n\t\t\t\t        <div class=\"ngg-gallery-thumbnail\">\n            <a href=\"http:\/\/www.spaziotorino.it\/scatto\/wp-content\/gallery\/2018_09_30_volleyf\/pla-5331.jpg\"\n               title=\"\"\n               data-src=\"http:\/\/www.spaziotorino.it\/scatto\/wp-content\/gallery\/2018_09_30_volleyf\/pla-5331.jpg\"\n               data-thumbnail=\"http:\/\/www.spaziotorino.it\/scatto\/wp-content\/gallery\/2018_09_30_volleyf\/thumbs\/thumbs_pla-5331.jpg\"\n               data-image-id=\"21216\"\n               data-title=\"pla-5331\"\n               data-description=\"\"\n               data-image-slug=\"pla-5331\"\n               class=\"ngg-fancybox\" rel=\"afddeaf1c4080f2006e2b3bac37d41e6\">\n                <img\n                    title=\"pla-5331\"\n                    alt=\"pla-5331\"\n                    src=\"http:\/\/www.spaziotorino.it\/scatto\/wp-content\/gallery\/2018_09_30_volleyf\/cache\/pla-5331.jpg-nggid0521216-ngg0dyn-60x60x100-00f0w010c011r110f110r010t010.jpg\"\n                    width=\"60\"\n                    height=\"60\"\n                    style=\"max-width:100%;\"\n                \/>\n            <\/a>\n        <\/div>\n\t\t\t\t\t\t\t<\/div> \n\t\t\t\n        \n\t\t\t\t<div id=\"ngg-image-10\" class=\"ngg-gallery-thumbnail-box\" >\n\t\t\t\t        <div class=\"ngg-gallery-thumbnail\">\n            <a href=\"http:\/\/www.spaziotorino.it\/scatto\/wp-content\/gallery\/2018_09_30_volleyf\/pla-5337.jpg\"\n               title=\"La semifinale USA - Serbia\"\n               data-src=\"http:\/\/www.spaziotorino.it\/scatto\/wp-content\/gallery\/2018_09_30_volleyf\/pla-5337.jpg\"\n               data-thumbnail=\"http:\/\/www.spaziotorino.it\/scatto\/wp-content\/gallery\/2018_09_30_volleyf\/thumbs\/thumbs_pla-5337.jpg\"\n               data-image-id=\"21217\"\n               data-title=\"La semifinale USA - Serbia\"\n               data-description=\"La semifinale USA - Serbia\"\n               data-image-slug=\"pla-5337\"\n               class=\"ngg-fancybox\" rel=\"afddeaf1c4080f2006e2b3bac37d41e6\">\n                <img\n                    title=\"La semifinale USA - Serbia\"\n                    alt=\"La semifinale USA - Serbia\"\n                    src=\"http:\/\/www.spaziotorino.it\/scatto\/wp-content\/gallery\/2018_09_30_volleyf\/cache\/pla-5337.jpg-nggid0521217-ngg0dyn-60x60x100-00f0w010c011r110f110r010t010.jpg\"\n                    width=\"60\"\n                    height=\"60\"\n                    style=\"max-width:100%;\"\n                \/>\n            <\/a>\n        <\/div>\n\t\t\t\t\t\t\t<\/div> \n\t\t\t\n        \n\t\t\t\t<div id=\"ngg-image-11\" class=\"ngg-gallery-thumbnail-box\" >\n\t\t\t\t        <div class=\"ngg-gallery-thumbnail\">\n            <a href=\"http:\/\/www.spaziotorino.it\/scatto\/wp-content\/gallery\/2018_09_30_volleyf\/pla-5340.jpg\"\n               title=\"La semifinale USA - Serbia\"\n               data-src=\"http:\/\/www.spaziotorino.it\/scatto\/wp-content\/gallery\/2018_09_30_volleyf\/pla-5340.jpg\"\n               data-thumbnail=\"http:\/\/www.spaziotorino.it\/scatto\/wp-content\/gallery\/2018_09_30_volleyf\/thumbs\/thumbs_pla-5340.jpg\"\n               data-image-id=\"21218\"\n               data-title=\"La semifinale USA - Serbia\"\n               data-description=\"La semifinale USA - Serbia\"\n               data-image-slug=\"pla-5340\"\n               class=\"ngg-fancybox\" rel=\"afddeaf1c4080f2006e2b3bac37d41e6\">\n                <img\n                    title=\"La semifinale USA - Serbia\"\n                    alt=\"La semifinale USA - Serbia\"\n                    src=\"http:\/\/www.spaziotorino.it\/scatto\/wp-content\/gallery\/2018_09_30_volleyf\/cache\/pla-5340.jpg-nggid0521218-ngg0dyn-60x60x100-00f0w010c011r110f110r010t010.jpg\"\n                    width=\"60\"\n                    height=\"60\"\n                    style=\"max-width:100%;\"\n                \/>\n            <\/a>\n        <\/div>\n\t\t\t\t\t\t\t<\/div> \n\t\t\t\n        \n\t\t\t\t<div id=\"ngg-image-12\" class=\"ngg-gallery-thumbnail-box\" >\n\t\t\t\t        <div class=\"ngg-gallery-thumbnail\">\n            <a href=\"http:\/\/www.spaziotorino.it\/scatto\/wp-content\/gallery\/2018_09_30_volleyf\/pla-5343.jpg\"\n               title=\"\"\n               data-src=\"http:\/\/www.spaziotorino.it\/scatto\/wp-content\/gallery\/2018_09_30_volleyf\/pla-5343.jpg\"\n               data-thumbnail=\"http:\/\/www.spaziotorino.it\/scatto\/wp-content\/gallery\/2018_09_30_volleyf\/thumbs\/thumbs_pla-5343.jpg\"\n               data-image-id=\"21219\"\n               data-title=\"pla-5343\"\n               data-description=\"\"\n               data-image-slug=\"pla-5343\"\n               class=\"ngg-fancybox\" rel=\"afddeaf1c4080f2006e2b3bac37d41e6\">\n                <img\n                    title=\"pla-5343\"\n                    alt=\"pla-5343\"\n                    src=\"http:\/\/www.spaziotorino.it\/scatto\/wp-content\/gallery\/2018_09_30_volleyf\/cache\/pla-5343.jpg-nggid0521219-ngg0dyn-60x60x100-00f0w010c011r110f110r010t010.jpg\"\n                    width=\"60\"\n                    height=\"60\"\n                    style=\"max-width:100%;\"\n                \/>\n            <\/a>\n        <\/div>\n\t\t\t\t\t\t\t<\/div> \n\t\t\t\n        \n\t\t\t\t<div id=\"ngg-image-13\" class=\"ngg-gallery-thumbnail-box\" >\n\t\t\t\t        <div class=\"ngg-gallery-thumbnail\">\n            <a href=\"http:\/\/www.spaziotorino.it\/scatto\/wp-content\/gallery\/2018_09_30_volleyf\/pla-5403.jpg\"\n               title=\"\"\n               data-src=\"http:\/\/www.spaziotorino.it\/scatto\/wp-content\/gallery\/2018_09_30_volleyf\/pla-5403.jpg\"\n               data-thumbnail=\"http:\/\/www.spaziotorino.it\/scatto\/wp-content\/gallery\/2018_09_30_volleyf\/thumbs\/thumbs_pla-5403.jpg\"\n               data-image-id=\"21220\"\n               data-title=\"La semifinale USA - Serbia\"\n               data-description=\"\"\n               data-image-slug=\"pla-5403\"\n               class=\"ngg-fancybox\" rel=\"afddeaf1c4080f2006e2b3bac37d41e6\">\n                <img\n                    title=\"La semifinale USA - Serbia\"\n                    alt=\"La semifinale USA - Serbia\"\n                    src=\"http:\/\/www.spaziotorino.it\/scatto\/wp-content\/gallery\/2018_09_30_volleyf\/cache\/pla-5403.jpg-nggid0521220-ngg0dyn-60x60x100-00f0w010c011r110f110r010t010.jpg\"\n                    width=\"60\"\n                    height=\"60\"\n                    style=\"max-width:100%;\"\n                \/>\n            <\/a>\n        <\/div>\n\t\t\t\t\t\t\t<\/div> \n\t\t\t\n        \n\t\t\t\t<div id=\"ngg-image-14\" class=\"ngg-gallery-thumbnail-box\" >\n\t\t\t\t        <div class=\"ngg-gallery-thumbnail\">\n            <a href=\"http:\/\/www.spaziotorino.it\/scatto\/wp-content\/gallery\/2018_09_30_volleyf\/pla-5432.jpg\"\n               title=\"La semifinale USA - Serbia\"\n               data-src=\"http:\/\/www.spaziotorino.it\/scatto\/wp-content\/gallery\/2018_09_30_volleyf\/pla-5432.jpg\"\n               data-thumbnail=\"http:\/\/www.spaziotorino.it\/scatto\/wp-content\/gallery\/2018_09_30_volleyf\/thumbs\/thumbs_pla-5432.jpg\"\n               data-image-id=\"21221\"\n               data-title=\"La semifinale USA - Serbia\"\n               data-description=\"La semifinale USA - Serbia\"\n               data-image-slug=\"pla-5432\"\n               class=\"ngg-fancybox\" rel=\"afddeaf1c4080f2006e2b3bac37d41e6\">\n                <img\n                    title=\"La semifinale USA - Serbia\"\n                    alt=\"La semifinale USA - Serbia\"\n                    src=\"http:\/\/www.spaziotorino.it\/scatto\/wp-content\/gallery\/2018_09_30_volleyf\/cache\/pla-5432.jpg-nggid0521221-ngg0dyn-60x60x100-00f0w010c011r110f110r010t010.jpg\"\n                    width=\"60\"\n                    height=\"60\"\n                    style=\"max-width:100%;\"\n                \/>\n            <\/a>\n        <\/div>\n\t\t\t\t\t\t\t<\/div> \n\t\t\t\n        \n\t\t\t\t<div id=\"ngg-image-15\" class=\"ngg-gallery-thumbnail-box\" >\n\t\t\t\t        <div class=\"ngg-gallery-thumbnail\">\n            <a href=\"http:\/\/www.spaziotorino.it\/scatto\/wp-content\/gallery\/2018_09_30_volleyf\/pla-5473.jpg\"\n               title=\"La semifinale USA - Serbia\"\n               data-src=\"http:\/\/www.spaziotorino.it\/scatto\/wp-content\/gallery\/2018_09_30_volleyf\/pla-5473.jpg\"\n               data-thumbnail=\"http:\/\/www.spaziotorino.it\/scatto\/wp-content\/gallery\/2018_09_30_volleyf\/thumbs\/thumbs_pla-5473.jpg\"\n               data-image-id=\"21222\"\n               data-title=\"La semifinale USA - Serbia\"\n               data-description=\"La semifinale USA - Serbia\"\n               data-image-slug=\"pla-5473\"\n               class=\"ngg-fancybox\" rel=\"afddeaf1c4080f2006e2b3bac37d41e6\">\n                <img\n                    title=\"La semifinale USA - Serbia\"\n                    alt=\"La semifinale USA - Serbia\"\n                    src=\"http:\/\/www.spaziotorino.it\/scatto\/wp-content\/gallery\/2018_09_30_volleyf\/cache\/pla-5473.jpg-nggid0521222-ngg0dyn-60x60x100-00f0w010c011r110f110r010t010.jpg\"\n                    width=\"60\"\n                    height=\"60\"\n                    style=\"max-width:100%;\"\n                \/>\n            <\/a>\n        <\/div>\n\t\t\t\t\t\t\t<\/div> \n\t\t\t\n        \n\t\t\t\t<div id=\"ngg-image-16\" class=\"ngg-gallery-thumbnail-box\" >\n\t\t\t\t        <div class=\"ngg-gallery-thumbnail\">\n            <a href=\"http:\/\/www.spaziotorino.it\/scatto\/wp-content\/gallery\/2018_09_30_volleyf\/pla-5517.jpg\"\n               title=\"Gli USA conquistano il 3\u00b0 posto\"\n               data-src=\"http:\/\/www.spaziotorino.it\/scatto\/wp-content\/gallery\/2018_09_30_volleyf\/pla-5517.jpg\"\n               data-thumbnail=\"http:\/\/www.spaziotorino.it\/scatto\/wp-content\/gallery\/2018_09_30_volleyf\/thumbs\/thumbs_pla-5517.jpg\"\n               data-image-id=\"21223\"\n               data-title=\"Gli USA conquistano il 3\u00b0 posto\"\n               data-description=\"Gli USA conquistano il 3\u00b0 posto\"\n               data-image-slug=\"pla-5517\"\n               class=\"ngg-fancybox\" rel=\"afddeaf1c4080f2006e2b3bac37d41e6\">\n                <img\n                    title=\"Gli USA conquistano il 3\u00b0 posto\"\n                    alt=\"Gli USA conquistano il 3\u00b0 posto\"\n                    src=\"http:\/\/www.spaziotorino.it\/scatto\/wp-content\/gallery\/2018_09_30_volleyf\/cache\/pla-5517.jpg-nggid0521223-ngg0dyn-60x60x100-00f0w010c011r110f110r010t010.jpg\"\n                    width=\"60\"\n                    height=\"60\"\n                    style=\"max-width:100%;\"\n                \/>\n            <\/a>\n        <\/div>\n\t\t\t\t\t\t\t<\/div> \n\t\t\t\n        \n\t\t\t\t<div id=\"ngg-image-17\" class=\"ngg-gallery-thumbnail-box\" >\n\t\t\t\t        <div class=\"ngg-gallery-thumbnail\">\n            <a href=\"http:\/\/www.spaziotorino.it\/scatto\/wp-content\/gallery\/2018_09_30_volleyf\/pla-5528.jpg\"\n               title=\"Gli USA conquistano il 3\u00b0 posto\"\n               data-src=\"http:\/\/www.spaziotorino.it\/scatto\/wp-content\/gallery\/2018_09_30_volleyf\/pla-5528.jpg\"\n               data-thumbnail=\"http:\/\/www.spaziotorino.it\/scatto\/wp-content\/gallery\/2018_09_30_volleyf\/thumbs\/thumbs_pla-5528.jpg\"\n               data-image-id=\"21224\"\n               data-title=\"Gli USA conquistano il 3\u00b0 posto\"\n               data-description=\"Gli USA conquistano il 3\u00b0 posto\"\n               data-image-slug=\"pla-5528\"\n               class=\"ngg-fancybox\" rel=\"afddeaf1c4080f2006e2b3bac37d41e6\">\n                <img\n                    title=\"Gli USA conquistano il 3\u00b0 posto\"\n                    alt=\"Gli USA conquistano il 3\u00b0 posto\"\n                    src=\"http:\/\/www.spaziotorino.it\/scatto\/wp-content\/gallery\/2018_09_30_volleyf\/cache\/pla-5528.jpg-nggid0521224-ngg0dyn-60x60x100-00f0w010c011r110f110r010t010.jpg\"\n                    width=\"60\"\n                    height=\"60\"\n                    style=\"max-width:100%;\"\n                \/>\n            <\/a>\n        <\/div>\n\t\t\t\t\t\t\t<\/div> \n\t\t\t\n        \n\t\t\t\t<div id=\"ngg-image-18\" class=\"ngg-gallery-thumbnail-box\" >\n\t\t\t\t        <div class=\"ngg-gallery-thumbnail\">\n            <a href=\"http:\/\/www.spaziotorino.it\/scatto\/wp-content\/gallery\/2018_09_30_volleyf\/pla-5633.jpg\"\n               title=\"Polonia e Brasile schierate in campo\"\n               data-src=\"http:\/\/www.spaziotorino.it\/scatto\/wp-content\/gallery\/2018_09_30_volleyf\/pla-5633.jpg\"\n               data-thumbnail=\"http:\/\/www.spaziotorino.it\/scatto\/wp-content\/gallery\/2018_09_30_volleyf\/thumbs\/thumbs_pla-5633.jpg\"\n               data-image-id=\"21225\"\n               data-title=\"Polonia e Brasile schierate in campo\"\n               data-description=\"Polonia e Brasile schierate in campo\"\n               data-image-slug=\"pla-5633\"\n               class=\"ngg-fancybox\" rel=\"afddeaf1c4080f2006e2b3bac37d41e6\">\n                <img\n                    title=\"Polonia e Brasile schierate in campo\"\n                    alt=\"Polonia e Brasile schierate in campo\"\n                    src=\"http:\/\/www.spaziotorino.it\/scatto\/wp-content\/gallery\/2018_09_30_volleyf\/cache\/pla-5633.jpg-nggid0521225-ngg0dyn-60x60x100-00f0w010c011r110f110r010t010.jpg\"\n                    width=\"60\"\n                    height=\"60\"\n                    style=\"max-width:100%;\"\n                \/>\n            <\/a>\n        <\/div>\n\t\t\t\t\t\t\t<\/div> \n\t\t\t\n        \n\t\t\t\t<div id=\"ngg-image-19\" class=\"ngg-gallery-thumbnail-box\" >\n\t\t\t\t        <div class=\"ngg-gallery-thumbnail\">\n            <a href=\"http:\/\/www.spaziotorino.it\/scatto\/wp-content\/gallery\/2018_09_30_volleyf\/pla-5646.jpg\"\n               title=\"La finale Brasile - Polonia\"\n               data-src=\"http:\/\/www.spaziotorino.it\/scatto\/wp-content\/gallery\/2018_09_30_volleyf\/pla-5646.jpg\"\n               data-thumbnail=\"http:\/\/www.spaziotorino.it\/scatto\/wp-content\/gallery\/2018_09_30_volleyf\/thumbs\/thumbs_pla-5646.jpg\"\n               data-image-id=\"21226\"\n               data-title=\"La finale Brasile - Polonia\"\n               data-description=\"La finale Brasile - Polonia\"\n               data-image-slug=\"pla-5646\"\n               class=\"ngg-fancybox\" rel=\"afddeaf1c4080f2006e2b3bac37d41e6\">\n                <img\n                    title=\"La finale Brasile - Polonia\"\n                    alt=\"La finale Brasile - Polonia\"\n                    src=\"http:\/\/www.spaziotorino.it\/scatto\/wp-content\/gallery\/2018_09_30_volleyf\/cache\/pla-5646.jpg-nggid0521226-ngg0dyn-60x60x100-00f0w010c011r110f110r010t010.jpg\"\n                    width=\"60\"\n                    height=\"60\"\n                    style=\"max-width:100%;\"\n                \/>\n            <\/a>\n        <\/div>\n\t\t\t\t\t\t\t<\/div> \n\t\t\t\n        \n\t\t\t\t<div id=\"ngg-image-20\" class=\"ngg-gallery-thumbnail-box\" >\n\t\t\t\t        <div class=\"ngg-gallery-thumbnail\">\n            <a href=\"http:\/\/www.spaziotorino.it\/scatto\/wp-content\/gallery\/2018_09_30_volleyf\/pla-5673.jpg\"\n               title=\"\"\n               data-src=\"http:\/\/www.spaziotorino.it\/scatto\/wp-content\/gallery\/2018_09_30_volleyf\/pla-5673.jpg\"\n               data-thumbnail=\"http:\/\/www.spaziotorino.it\/scatto\/wp-content\/gallery\/2018_09_30_volleyf\/thumbs\/thumbs_pla-5673.jpg\"\n               data-image-id=\"21227\"\n               data-title=\"pla-5673\"\n               data-description=\"\"\n               data-image-slug=\"pla-5673\"\n               class=\"ngg-fancybox\" rel=\"afddeaf1c4080f2006e2b3bac37d41e6\">\n                <img\n                    title=\"pla-5673\"\n                    alt=\"pla-5673\"\n                    src=\"http:\/\/www.spaziotorino.it\/scatto\/wp-content\/gallery\/2018_09_30_volleyf\/cache\/pla-5673.jpg-nggid0521227-ngg0dyn-60x60x100-00f0w010c011r110f110r010t010.jpg\"\n                    width=\"60\"\n                    height=\"60\"\n                    style=\"max-width:100%;\"\n                \/>\n            <\/a>\n        <\/div>\n\t\t\t\t\t\t\t<\/div> \n\t\t\t\n        \n\t\t\t\t<div id=\"ngg-image-21\" class=\"ngg-gallery-thumbnail-box\" >\n\t\t\t\t        <div class=\"ngg-gallery-thumbnail\">\n            <a href=\"http:\/\/www.spaziotorino.it\/scatto\/wp-content\/gallery\/2018_09_30_volleyf\/pla-5706.jpg\"\n               title=\"La finale Brasile - Polonia\"\n               data-src=\"http:\/\/www.spaziotorino.it\/scatto\/wp-content\/gallery\/2018_09_30_volleyf\/pla-5706.jpg\"\n               data-thumbnail=\"http:\/\/www.spaziotorino.it\/scatto\/wp-content\/gallery\/2018_09_30_volleyf\/thumbs\/thumbs_pla-5706.jpg\"\n               data-image-id=\"21228\"\n               data-title=\"La finale Brasile - Polonia\"\n               data-description=\"La finale Brasile - Polonia\"\n               data-image-slug=\"pla-5706\"\n               class=\"ngg-fancybox\" rel=\"afddeaf1c4080f2006e2b3bac37d41e6\">\n                <img\n                    title=\"La finale Brasile - Polonia\"\n                    alt=\"La finale Brasile - Polonia\"\n                    src=\"http:\/\/www.spaziotorino.it\/scatto\/wp-content\/gallery\/2018_09_30_volleyf\/cache\/pla-5706.jpg-nggid0521228-ngg0dyn-60x60x100-00f0w010c011r110f110r010t010.jpg\"\n                    width=\"60\"\n                    height=\"60\"\n                    style=\"max-width:100%;\"\n                \/>\n            <\/a>\n        <\/div>\n\t\t\t\t\t\t\t<\/div> \n\t\t\t\n        \n\t\t\t\t<div id=\"ngg-image-22\" class=\"ngg-gallery-thumbnail-box\" >\n\t\t\t\t        <div class=\"ngg-gallery-thumbnail\">\n            <a href=\"http:\/\/www.spaziotorino.it\/scatto\/wp-content\/gallery\/2018_09_30_volleyf\/pla-5708.jpg\"\n               title=\"La finale Brasile - Polonia\"\n               data-src=\"http:\/\/www.spaziotorino.it\/scatto\/wp-content\/gallery\/2018_09_30_volleyf\/pla-5708.jpg\"\n               data-thumbnail=\"http:\/\/www.spaziotorino.it\/scatto\/wp-content\/gallery\/2018_09_30_volleyf\/thumbs\/thumbs_pla-5708.jpg\"\n               data-image-id=\"21229\"\n               data-title=\"La finale Brasile - Polonia\"\n               data-description=\"La finale Brasile - Polonia\"\n               data-image-slug=\"pla-5708\"\n               class=\"ngg-fancybox\" rel=\"afddeaf1c4080f2006e2b3bac37d41e6\">\n                <img\n                    title=\"La finale Brasile - Polonia\"\n                    alt=\"La finale Brasile - Polonia\"\n                    src=\"http:\/\/www.spaziotorino.it\/scatto\/wp-content\/gallery\/2018_09_30_volleyf\/cache\/pla-5708.jpg-nggid0521229-ngg0dyn-60x60x100-00f0w010c011r110f110r010t010.jpg\"\n                    width=\"60\"\n                    height=\"60\"\n                    style=\"max-width:100%;\"\n                \/>\n            <\/a>\n        <\/div>\n\t\t\t\t\t\t\t<\/div> \n\t\t\t\n        \n\t\t\t\t<div id=\"ngg-image-23\" class=\"ngg-gallery-thumbnail-box\" >\n\t\t\t\t        <div class=\"ngg-gallery-thumbnail\">\n            <a href=\"http:\/\/www.spaziotorino.it\/scatto\/wp-content\/gallery\/2018_09_30_volleyf\/pla-5728.jpg\"\n               title=\"La finale Brasile - Polonia\"\n               data-src=\"http:\/\/www.spaziotorino.it\/scatto\/wp-content\/gallery\/2018_09_30_volleyf\/pla-5728.jpg\"\n               data-thumbnail=\"http:\/\/www.spaziotorino.it\/scatto\/wp-content\/gallery\/2018_09_30_volleyf\/thumbs\/thumbs_pla-5728.jpg\"\n               data-image-id=\"21230\"\n               data-title=\"La finale Brasile - Polonia\"\n               data-description=\"La finale Brasile - Polonia\"\n               data-image-slug=\"pla-5728\"\n               class=\"ngg-fancybox\" rel=\"afddeaf1c4080f2006e2b3bac37d41e6\">\n                <img\n                    title=\"La finale Brasile - Polonia\"\n                    alt=\"La finale Brasile - Polonia\"\n                    src=\"http:\/\/www.spaziotorino.it\/scatto\/wp-content\/gallery\/2018_09_30_volleyf\/cache\/pla-5728.jpg-nggid0521230-ngg0dyn-60x60x100-00f0w010c011r110f110r010t010.jpg\"\n                    width=\"60\"\n                    height=\"60\"\n                    style=\"max-width:100%;\"\n                \/>\n            <\/a>\n        <\/div>\n\t\t\t\t\t\t\t<\/div> \n\t\t\t\n        \n\t\t\t\t<div id=\"ngg-image-24\" class=\"ngg-gallery-thumbnail-box\" >\n\t\t\t\t        <div class=\"ngg-gallery-thumbnail\">\n            <a href=\"http:\/\/www.spaziotorino.it\/scatto\/wp-content\/gallery\/2018_09_30_volleyf\/pla-5771.jpg\"\n               title=\"La finale Brasile - Polonia\"\n               data-src=\"http:\/\/www.spaziotorino.it\/scatto\/wp-content\/gallery\/2018_09_30_volleyf\/pla-5771.jpg\"\n               data-thumbnail=\"http:\/\/www.spaziotorino.it\/scatto\/wp-content\/gallery\/2018_09_30_volleyf\/thumbs\/thumbs_pla-5771.jpg\"\n               data-image-id=\"21231\"\n               data-title=\"La finale Brasile - Polonia\"\n               data-description=\"La finale Brasile - Polonia\"\n               data-image-slug=\"pla-5771\"\n               class=\"ngg-fancybox\" rel=\"afddeaf1c4080f2006e2b3bac37d41e6\">\n                <img\n                    title=\"La finale Brasile - Polonia\"\n                    alt=\"La finale Brasile - Polonia\"\n                    src=\"http:\/\/www.spaziotorino.it\/scatto\/wp-content\/gallery\/2018_09_30_volleyf\/cache\/pla-5771.jpg-nggid0521231-ngg0dyn-60x60x100-00f0w010c011r110f110r010t010.jpg\"\n                    width=\"60\"\n                    height=\"60\"\n                    style=\"max-width:100%;\"\n                \/>\n            <\/a>\n        <\/div>\n\t\t\t\t\t\t\t<\/div> \n\t\t\t\n        \n\t\t\t\t<div id=\"ngg-image-25\" class=\"ngg-gallery-thumbnail-box\" >\n\t\t\t\t        <div class=\"ngg-gallery-thumbnail\">\n            <a href=\"http:\/\/www.spaziotorino.it\/scatto\/wp-content\/gallery\/2018_09_30_volleyf\/pla-5785.jpg\"\n               title=\"La finale Brasile - Polonia\"\n               data-src=\"http:\/\/www.spaziotorino.it\/scatto\/wp-content\/gallery\/2018_09_30_volleyf\/pla-5785.jpg\"\n               data-thumbnail=\"http:\/\/www.spaziotorino.it\/scatto\/wp-content\/gallery\/2018_09_30_volleyf\/thumbs\/thumbs_pla-5785.jpg\"\n               data-image-id=\"21232\"\n               data-title=\"La finale Brasile - Polonia\"\n               data-description=\"La finale Brasile - Polonia\"\n               data-image-slug=\"pla-5785\"\n               class=\"ngg-fancybox\" rel=\"afddeaf1c4080f2006e2b3bac37d41e6\">\n                <img\n                    title=\"La finale Brasile - Polonia\"\n                    alt=\"La finale Brasile - Polonia\"\n                    src=\"http:\/\/www.spaziotorino.it\/scatto\/wp-content\/gallery\/2018_09_30_volleyf\/cache\/pla-5785.jpg-nggid0521232-ngg0dyn-60x60x100-00f0w010c011r110f110r010t010.jpg\"\n                    width=\"60\"\n                    height=\"60\"\n                    style=\"max-width:100%;\"\n                \/>\n            <\/a>\n        <\/div>\n\t\t\t\t\t\t\t<\/div> \n\t\t\t\n        \n\t\t\t\t<div id=\"ngg-image-26\" class=\"ngg-gallery-thumbnail-box\" >\n\t\t\t\t        <div class=\"ngg-gallery-thumbnail\">\n            <a href=\"http:\/\/www.spaziotorino.it\/scatto\/wp-content\/gallery\/2018_09_30_volleyf\/pla-5791.jpg\"\n               title=\"La finale Brasile - Polonia\"\n               data-src=\"http:\/\/www.spaziotorino.it\/scatto\/wp-content\/gallery\/2018_09_30_volleyf\/pla-5791.jpg\"\n               data-thumbnail=\"http:\/\/www.spaziotorino.it\/scatto\/wp-content\/gallery\/2018_09_30_volleyf\/thumbs\/thumbs_pla-5791.jpg\"\n               data-image-id=\"21233\"\n               data-title=\"La finale Brasile - Polonia\"\n               data-description=\"La finale Brasile - Polonia\"\n               data-image-slug=\"pla-5791\"\n               class=\"ngg-fancybox\" rel=\"afddeaf1c4080f2006e2b3bac37d41e6\">\n                <img\n                    title=\"La finale Brasile - Polonia\"\n                    alt=\"La finale Brasile - Polonia\"\n                    src=\"http:\/\/www.spaziotorino.it\/scatto\/wp-content\/gallery\/2018_09_30_volleyf\/cache\/pla-5791.jpg-nggid0521233-ngg0dyn-60x60x100-00f0w010c011r110f110r010t010.jpg\"\n                    width=\"60\"\n                    height=\"60\"\n                    style=\"max-width:100%;\"\n                \/>\n            <\/a>\n        <\/div>\n\t\t\t\t\t\t\t<\/div> \n\t\t\t\n        \n\t\t\t\t<div id=\"ngg-image-27\" class=\"ngg-gallery-thumbnail-box\" >\n\t\t\t\t        <div class=\"ngg-gallery-thumbnail\">\n            <a href=\"http:\/\/www.spaziotorino.it\/scatto\/wp-content\/gallery\/2018_09_30_volleyf\/pla-5838.jpg\"\n               title=\"La finale Brasile - Polonia\"\n               data-src=\"http:\/\/www.spaziotorino.it\/scatto\/wp-content\/gallery\/2018_09_30_volleyf\/pla-5838.jpg\"\n               data-thumbnail=\"http:\/\/www.spaziotorino.it\/scatto\/wp-content\/gallery\/2018_09_30_volleyf\/thumbs\/thumbs_pla-5838.jpg\"\n               data-image-id=\"21234\"\n               data-title=\"La finale Brasile - Polonia\"\n               data-description=\"La finale Brasile - Polonia\"\n               data-image-slug=\"pla-5838\"\n               class=\"ngg-fancybox\" rel=\"afddeaf1c4080f2006e2b3bac37d41e6\">\n                <img\n                    title=\"La finale Brasile - Polonia\"\n                    alt=\"La finale Brasile - Polonia\"\n                    src=\"http:\/\/www.spaziotorino.it\/scatto\/wp-content\/gallery\/2018_09_30_volleyf\/cache\/pla-5838.jpg-nggid0521234-ngg0dyn-60x60x100-00f0w010c011r110f110r010t010.jpg\"\n                    width=\"60\"\n                    height=\"60\"\n                    style=\"max-width:100%;\"\n                \/>\n            <\/a>\n        <\/div>\n\t\t\t\t\t\t\t<\/div> \n\t\t\t\n        \n\t\t\t\t<div id=\"ngg-image-28\" class=\"ngg-gallery-thumbnail-box\" >\n\t\t\t\t        <div class=\"ngg-gallery-thumbnail\">\n            <a href=\"http:\/\/www.spaziotorino.it\/scatto\/wp-content\/gallery\/2018_09_30_volleyf\/pla-5843.jpg\"\n               title=\"La finale Brasile - Polonia\"\n               data-src=\"http:\/\/www.spaziotorino.it\/scatto\/wp-content\/gallery\/2018_09_30_volleyf\/pla-5843.jpg\"\n               data-thumbnail=\"http:\/\/www.spaziotorino.it\/scatto\/wp-content\/gallery\/2018_09_30_volleyf\/thumbs\/thumbs_pla-5843.jpg\"\n               data-image-id=\"21235\"\n               data-title=\"La finale Brasile - Polonia\"\n               data-description=\"La finale Brasile - Polonia\"\n               data-image-slug=\"pla-5843\"\n               class=\"ngg-fancybox\" rel=\"afddeaf1c4080f2006e2b3bac37d41e6\">\n                <img\n                    title=\"La finale Brasile - Polonia\"\n                    alt=\"La finale Brasile - Polonia\"\n                    src=\"http:\/\/www.spaziotorino.it\/scatto\/wp-content\/gallery\/2018_09_30_volleyf\/cache\/pla-5843.jpg-nggid0521235-ngg0dyn-60x60x100-00f0w010c011r110f110r010t010.jpg\"\n                    width=\"60\"\n                    height=\"60\"\n                    style=\"max-width:100%;\"\n                \/>\n            <\/a>\n        <\/div>\n\t\t\t\t\t\t\t<\/div> \n\t\t\t\n        \n\t\t\t\t<div id=\"ngg-image-29\" class=\"ngg-gallery-thumbnail-box\" >\n\t\t\t\t        <div class=\"ngg-gallery-thumbnail\">\n            <a href=\"http:\/\/www.spaziotorino.it\/scatto\/wp-content\/gallery\/2018_09_30_volleyf\/pla-5903.jpg\"\n               title=\"La finale Brasile - Polonia\"\n               data-src=\"http:\/\/www.spaziotorino.it\/scatto\/wp-content\/gallery\/2018_09_30_volleyf\/pla-5903.jpg\"\n               data-thumbnail=\"http:\/\/www.spaziotorino.it\/scatto\/wp-content\/gallery\/2018_09_30_volleyf\/thumbs\/thumbs_pla-5903.jpg\"\n               data-image-id=\"21236\"\n               data-title=\"La finale Brasile - Polonia\"\n               data-description=\"La finale Brasile - Polonia\"\n               data-image-slug=\"pla-5903\"\n               class=\"ngg-fancybox\" rel=\"afddeaf1c4080f2006e2b3bac37d41e6\">\n                <img\n                    title=\"La finale Brasile - Polonia\"\n                    alt=\"La finale Brasile - Polonia\"\n                    src=\"http:\/\/www.spaziotorino.it\/scatto\/wp-content\/gallery\/2018_09_30_volleyf\/cache\/pla-5903.jpg-nggid0521236-ngg0dyn-60x60x100-00f0w010c011r110f110r010t010.jpg\"\n                    width=\"60\"\n                    height=\"60\"\n                    style=\"max-width:100%;\"\n                \/>\n            <\/a>\n        <\/div>\n\t\t\t\t\t\t\t<\/div> \n\t\t\t\n        \n\t\t\t\t<div id=\"ngg-image-30\" class=\"ngg-gallery-thumbnail-box\" >\n\t\t\t\t        <div class=\"ngg-gallery-thumbnail\">\n            <a href=\"http:\/\/www.spaziotorino.it\/scatto\/wp-content\/gallery\/2018_09_30_volleyf\/pla-5919.jpg\"\n               title=\"La finale Brasile - Polonia\"\n               data-src=\"http:\/\/www.spaziotorino.it\/scatto\/wp-content\/gallery\/2018_09_30_volleyf\/pla-5919.jpg\"\n               data-thumbnail=\"http:\/\/www.spaziotorino.it\/scatto\/wp-content\/gallery\/2018_09_30_volleyf\/thumbs\/thumbs_pla-5919.jpg\"\n               data-image-id=\"21237\"\n               data-title=\"La finale Brasile - Polonia\"\n               data-description=\"La finale Brasile - Polonia\"\n               data-image-slug=\"pla-5919\"\n               class=\"ngg-fancybox\" rel=\"afddeaf1c4080f2006e2b3bac37d41e6\">\n                <img\n                    title=\"La finale Brasile - Polonia\"\n                    alt=\"La finale Brasile - Polonia\"\n                    src=\"http:\/\/www.spaziotorino.it\/scatto\/wp-content\/gallery\/2018_09_30_volleyf\/cache\/pla-5919.jpg-nggid0521237-ngg0dyn-60x60x100-00f0w010c011r110f110r010t010.jpg\"\n                    width=\"60\"\n                    height=\"60\"\n                    style=\"max-width:100%;\"\n                \/>\n            <\/a>\n        <\/div>\n\t\t\t\t\t\t\t<\/div> \n\t\t\t\n        \n\t\t\t\t<div id=\"ngg-image-31\" class=\"ngg-gallery-thumbnail-box\" >\n\t\t\t\t        <div class=\"ngg-gallery-thumbnail\">\n            <a href=\"http:\/\/www.spaziotorino.it\/scatto\/wp-content\/gallery\/2018_09_30_volleyf\/pla-5984.jpg\"\n               title=\"La finale Brasile - Polonia\"\n               data-src=\"http:\/\/www.spaziotorino.it\/scatto\/wp-content\/gallery\/2018_09_30_volleyf\/pla-5984.jpg\"\n               data-thumbnail=\"http:\/\/www.spaziotorino.it\/scatto\/wp-content\/gallery\/2018_09_30_volleyf\/thumbs\/thumbs_pla-5984.jpg\"\n               data-image-id=\"21238\"\n               data-title=\"La finale Brasile - Polonia\"\n               data-description=\"La finale Brasile - Polonia\"\n               data-image-slug=\"pla-5984\"\n               class=\"ngg-fancybox\" rel=\"afddeaf1c4080f2006e2b3bac37d41e6\">\n                <img\n                    title=\"La finale Brasile - Polonia\"\n                    alt=\"La finale Brasile - Polonia\"\n                    src=\"http:\/\/www.spaziotorino.it\/scatto\/wp-content\/gallery\/2018_09_30_volleyf\/cache\/pla-5984.jpg-nggid0521238-ngg0dyn-60x60x100-00f0w010c011r110f110r010t010.jpg\"\n                    width=\"60\"\n                    height=\"60\"\n                    style=\"max-width:100%;\"\n                \/>\n            <\/a>\n        <\/div>\n\t\t\t\t\t\t\t<\/div> \n\t\t\t\n        \n\t\t\t\t<div id=\"ngg-image-32\" class=\"ngg-gallery-thumbnail-box\" >\n\t\t\t\t        <div class=\"ngg-gallery-thumbnail\">\n            <a href=\"http:\/\/www.spaziotorino.it\/scatto\/wp-content\/gallery\/2018_09_30_volleyf\/pla-5999.jpg\"\n               title=\"La Sindaca Appendino e il Ministro Giorgetti in tribuna\"\n               data-src=\"http:\/\/www.spaziotorino.it\/scatto\/wp-content\/gallery\/2018_09_30_volleyf\/pla-5999.jpg\"\n               data-thumbnail=\"http:\/\/www.spaziotorino.it\/scatto\/wp-content\/gallery\/2018_09_30_volleyf\/thumbs\/thumbs_pla-5999.jpg\"\n               data-image-id=\"21239\"\n               data-title=\"La Sindaca Appendino e il Ministro Giorgetti in tribuna\"\n               data-description=\"La Sindaca Appendino e il Ministro Giorgetti in tribuna\"\n               data-image-slug=\"pla-5999\"\n               class=\"ngg-fancybox\" rel=\"afddeaf1c4080f2006e2b3bac37d41e6\">\n                <img\n                    title=\"La Sindaca Appendino e il Ministro Giorgetti in tribuna\"\n                    alt=\"La Sindaca Appendino e il Ministro Giorgetti in tribuna\"\n                    src=\"http:\/\/www.spaziotorino.it\/scatto\/wp-content\/gallery\/2018_09_30_volleyf\/cache\/pla-5999.jpg-nggid0521239-ngg0dyn-60x60x100-00f0w010c011r110f110r010t010.jpg\"\n                    width=\"60\"\n                    height=\"60\"\n                    style=\"max-width:100%;\"\n                \/>\n            <\/a>\n        <\/div>\n\t\t\t\t\t\t\t<\/div> \n\t\t\t\n        \n\t\t\t\t<div id=\"ngg-image-33\" class=\"ngg-gallery-thumbnail-box\" >\n\t\t\t\t        <div class=\"ngg-gallery-thumbnail\">\n            <a href=\"http:\/\/www.spaziotorino.it\/scatto\/wp-content\/gallery\/2018_09_30_volleyf\/pla-6005.jpg\"\n               title=\"\"\n               data-src=\"http:\/\/www.spaziotorino.it\/scatto\/wp-content\/gallery\/2018_09_30_volleyf\/pla-6005.jpg\"\n               data-thumbnail=\"http:\/\/www.spaziotorino.it\/scatto\/wp-content\/gallery\/2018_09_30_volleyf\/thumbs\/thumbs_pla-6005.jpg\"\n               data-image-id=\"21240\"\n               data-title=\"pla-6005\"\n               data-description=\"\"\n               data-image-slug=\"pla-6005\"\n               class=\"ngg-fancybox\" rel=\"afddeaf1c4080f2006e2b3bac37d41e6\">\n                <img\n                    title=\"pla-6005\"\n                    alt=\"pla-6005\"\n                    src=\"http:\/\/www.spaziotorino.it\/scatto\/wp-content\/gallery\/2018_09_30_volleyf\/cache\/pla-6005.jpg-nggid0521240-ngg0dyn-60x60x100-00f0w010c011r110f110r010t010.jpg\"\n                    width=\"60\"\n                    height=\"60\"\n                    style=\"max-width:100%;\"\n                \/>\n            <\/a>\n        <\/div>\n\t\t\t\t\t\t\t<\/div> \n\t\t\t\n        \n\t\t\t\t<div id=\"ngg-image-34\" class=\"ngg-gallery-thumbnail-box\" >\n\t\t\t\t        <div class=\"ngg-gallery-thumbnail\">\n            <a href=\"http:\/\/www.spaziotorino.it\/scatto\/wp-content\/gallery\/2018_09_30_volleyf\/pla-6063.jpg\"\n               title=\"La finale Brasile - Polonia\"\n               data-src=\"http:\/\/www.spaziotorino.it\/scatto\/wp-content\/gallery\/2018_09_30_volleyf\/pla-6063.jpg\"\n               data-thumbnail=\"http:\/\/www.spaziotorino.it\/scatto\/wp-content\/gallery\/2018_09_30_volleyf\/thumbs\/thumbs_pla-6063.jpg\"\n               data-image-id=\"21241\"\n               data-title=\"La finale Brasile - Polonia\"\n               data-description=\"La finale Brasile - Polonia\"\n               data-image-slug=\"pla-6063\"\n               class=\"ngg-fancybox\" rel=\"afddeaf1c4080f2006e2b3bac37d41e6\">\n                <img\n                    title=\"La finale Brasile - Polonia\"\n                    alt=\"La finale Brasile - Polonia\"\n                    src=\"http:\/\/www.spaziotorino.it\/scatto\/wp-content\/gallery\/2018_09_30_volleyf\/cache\/pla-6063.jpg-nggid0521241-ngg0dyn-60x60x100-00f0w010c011r110f110r010t010.jpg\"\n                    width=\"60\"\n                    height=\"60\"\n                    style=\"max-width:100%;\"\n                \/>\n            <\/a>\n        <\/div>\n\t\t\t\t\t\t\t<\/div> \n\t\t\t\n        \n\t\t\t\t<div id=\"ngg-image-35\" class=\"ngg-gallery-thumbnail-box\" >\n\t\t\t\t        <div class=\"ngg-gallery-thumbnail\">\n            <a href=\"http:\/\/www.spaziotorino.it\/scatto\/wp-content\/gallery\/2018_09_30_volleyf\/pla-6105.jpg\"\n               title=\"La finale Brasile - Polonia\"\n               data-src=\"http:\/\/www.spaziotorino.it\/scatto\/wp-content\/gallery\/2018_09_30_volleyf\/pla-6105.jpg\"\n               data-thumbnail=\"http:\/\/www.spaziotorino.it\/scatto\/wp-content\/gallery\/2018_09_30_volleyf\/thumbs\/thumbs_pla-6105.jpg\"\n               data-image-id=\"21242\"\n               data-title=\"La finale Brasile - Polonia\"\n               data-description=\"La finale Brasile - Polonia\"\n               data-image-slug=\"pla-6105\"\n               class=\"ngg-fancybox\" rel=\"afddeaf1c4080f2006e2b3bac37d41e6\">\n                <img\n                    title=\"La finale Brasile - Polonia\"\n                    alt=\"La finale Brasile - Polonia\"\n                    src=\"http:\/\/www.spaziotorino.it\/scatto\/wp-content\/gallery\/2018_09_30_volleyf\/cache\/pla-6105.jpg-nggid0521242-ngg0dyn-60x60x100-00f0w010c011r110f110r010t010.jpg\"\n                    width=\"60\"\n                    height=\"60\"\n                    style=\"max-width:100%;\"\n                \/>\n            <\/a>\n        <\/div>\n\t\t\t\t\t\t\t<\/div> \n\t\t\t\n        \n\t\t\t\t<div id=\"ngg-image-36\" class=\"ngg-gallery-thumbnail-box\" >\n\t\t\t\t        <div class=\"ngg-gallery-thumbnail\">\n            <a href=\"http:\/\/www.spaziotorino.it\/scatto\/wp-content\/gallery\/2018_09_30_volleyf\/pla-6135.jpg\"\n               title=\"La finale Brasile - Polonia\"\n               data-src=\"http:\/\/www.spaziotorino.it\/scatto\/wp-content\/gallery\/2018_09_30_volleyf\/pla-6135.jpg\"\n               data-thumbnail=\"http:\/\/www.spaziotorino.it\/scatto\/wp-content\/gallery\/2018_09_30_volleyf\/thumbs\/thumbs_pla-6135.jpg\"\n               data-image-id=\"21243\"\n               data-title=\"La finale Brasile - Polonia\"\n               data-description=\"La finale Brasile - Polonia\"\n               data-image-slug=\"pla-6135\"\n               class=\"ngg-fancybox\" rel=\"afddeaf1c4080f2006e2b3bac37d41e6\">\n                <img\n                    title=\"La finale Brasile - Polonia\"\n                    alt=\"La finale Brasile - Polonia\"\n                    src=\"http:\/\/www.spaziotorino.it\/scatto\/wp-content\/gallery\/2018_09_30_volleyf\/cache\/pla-6135.jpg-nggid0521243-ngg0dyn-60x60x100-00f0w010c011r110f110r010t010.jpg\"\n                    width=\"60\"\n                    height=\"60\"\n                    style=\"max-width:100%;\"\n                \/>\n            <\/a>\n        <\/div>\n\t\t\t\t\t\t\t<\/div> \n\t\t\t\n        \n\t\t\t\t<div id=\"ngg-image-37\" class=\"ngg-gallery-thumbnail-box\" >\n\t\t\t\t        <div class=\"ngg-gallery-thumbnail\">\n            <a href=\"http:\/\/www.spaziotorino.it\/scatto\/wp-content\/gallery\/2018_09_30_volleyf\/pla-6165.jpg\"\n               title=\"La Polonia si laurea Campione del Mondo\"\n               data-src=\"http:\/\/www.spaziotorino.it\/scatto\/wp-content\/gallery\/2018_09_30_volleyf\/pla-6165.jpg\"\n               data-thumbnail=\"http:\/\/www.spaziotorino.it\/scatto\/wp-content\/gallery\/2018_09_30_volleyf\/thumbs\/thumbs_pla-6165.jpg\"\n               data-image-id=\"21244\"\n               data-title=\"La Polonia si laurea Campione del Mondo\"\n               data-description=\"La Polonia si laurea Campione del Mondo\"\n               data-image-slug=\"pla-6165\"\n               class=\"ngg-fancybox\" rel=\"afddeaf1c4080f2006e2b3bac37d41e6\">\n                <img\n                    title=\"La Polonia si laurea Campione del Mondo\"\n                    alt=\"La Polonia si laurea Campione del Mondo\"\n                    src=\"http:\/\/www.spaziotorino.it\/scatto\/wp-content\/gallery\/2018_09_30_volleyf\/cache\/pla-6165.jpg-nggid0521244-ngg0dyn-60x60x100-00f0w010c011r110f110r010t010.jpg\"\n                    width=\"60\"\n                    height=\"60\"\n                    style=\"max-width:100%;\"\n                \/>\n            <\/a>\n        <\/div>\n\t\t\t\t\t\t\t<\/div> \n\t\t\t\n        \n\t\t\t\t<div id=\"ngg-image-38\" class=\"ngg-gallery-thumbnail-box\" >\n\t\t\t\t        <div class=\"ngg-gallery-thumbnail\">\n            <a href=\"http:\/\/www.spaziotorino.it\/scatto\/wp-content\/gallery\/2018_09_30_volleyf\/pla-6336.jpg\"\n               title=\"La Sindaca Appendino consegna un premio individuale\"\n               data-src=\"http:\/\/www.spaziotorino.it\/scatto\/wp-content\/gallery\/2018_09_30_volleyf\/pla-6336.jpg\"\n               data-thumbnail=\"http:\/\/www.spaziotorino.it\/scatto\/wp-content\/gallery\/2018_09_30_volleyf\/thumbs\/thumbs_pla-6336.jpg\"\n               data-image-id=\"21245\"\n               data-title=\"La Sindaca Appendino consegna un premio individuale\"\n               data-description=\"La Sindaca Appendino consegna un premio individuale\"\n               data-image-slug=\"pla-6336\"\n               class=\"ngg-fancybox\" rel=\"afddeaf1c4080f2006e2b3bac37d41e6\">\n                <img\n                    title=\"La Sindaca Appendino consegna un premio individuale\"\n                    alt=\"La Sindaca Appendino consegna un premio individuale\"\n                    src=\"http:\/\/www.spaziotorino.it\/scatto\/wp-content\/gallery\/2018_09_30_volleyf\/cache\/pla-6336.jpg-nggid0521245-ngg0dyn-60x60x100-00f0w010c011r110f110r010t010.jpg\"\n                    width=\"60\"\n                    height=\"60\"\n                    style=\"max-width:100%;\"\n                \/>\n            <\/a>\n        <\/div>\n\t\t\t\t\t\t\t<\/div> \n\t\t\t\n        \n\t\t\t\t<div id=\"ngg-image-39\" class=\"ngg-gallery-thumbnail-box\" >\n\t\t\t\t        <div class=\"ngg-gallery-thumbnail\">\n            <a href=\"http:\/\/www.spaziotorino.it\/scatto\/wp-content\/gallery\/2018_09_30_volleyf\/pla-6423.jpg\"\n               title=\"I migliori giocatori del torneo\"\n               data-src=\"http:\/\/www.spaziotorino.it\/scatto\/wp-content\/gallery\/2018_09_30_volleyf\/pla-6423.jpg\"\n               data-thumbnail=\"http:\/\/www.spaziotorino.it\/scatto\/wp-content\/gallery\/2018_09_30_volleyf\/thumbs\/thumbs_pla-6423.jpg\"\n               data-image-id=\"21246\"\n               data-title=\"I migliori giocatori del torneo\"\n               data-description=\"I migliori giocatori del torneo\"\n               data-image-slug=\"pla-6423\"\n               class=\"ngg-fancybox\" rel=\"afddeaf1c4080f2006e2b3bac37d41e6\">\n                <img\n                    title=\"I migliori giocatori del torneo\"\n                    alt=\"I migliori giocatori del torneo\"\n                    src=\"http:\/\/www.spaziotorino.it\/scatto\/wp-content\/gallery\/2018_09_30_volleyf\/cache\/pla-6423.jpg-nggid0521246-ngg0dyn-60x60x100-00f0w010c011r110f110r010t010.jpg\"\n                    width=\"60\"\n                    height=\"60\"\n                    style=\"max-width:100%;\"\n                \/>\n            <\/a>\n        <\/div>\n\t\t\t\t\t\t\t<\/div> \n\t\t\t\n        \n\t\t\t\t<div id=\"ngg-image-40\" class=\"ngg-gallery-thumbnail-box\" >\n\t\t\t\t        <div class=\"ngg-gallery-thumbnail\">\n            <a href=\"http:\/\/www.spaziotorino.it\/scatto\/wp-content\/gallery\/2018_09_30_volleyf\/pla-6523.jpg\"\n               title=\"La Polonia si laurea Campione del Mondo\"\n               data-src=\"http:\/\/www.spaziotorino.it\/scatto\/wp-content\/gallery\/2018_09_30_volleyf\/pla-6523.jpg\"\n               data-thumbnail=\"http:\/\/www.spaziotorino.it\/scatto\/wp-content\/gallery\/2018_09_30_volleyf\/thumbs\/thumbs_pla-6523.jpg\"\n               data-image-id=\"21247\"\n               data-title=\"La Polonia si laurea Campione del Mondo\"\n               data-description=\"La Polonia si laurea Campione del Mondo\"\n               data-image-slug=\"pla-6523\"\n               class=\"ngg-fancybox\" rel=\"afddeaf1c4080f2006e2b3bac37d41e6\">\n                <img\n                    title=\"La Polonia si laurea Campione del Mondo\"\n                    alt=\"La Polonia si laurea Campione del Mondo\"\n                    src=\"http:\/\/www.spaziotorino.it\/scatto\/wp-content\/gallery\/2018_09_30_volleyf\/cache\/pla-6523.jpg-nggid0521247-ngg0dyn-60x60x100-00f0w010c011r110f110r010t010.jpg\"\n                    width=\"60\"\n                    height=\"60\"\n                    style=\"max-width:100%;\"\n                \/>\n            <\/a>\n        <\/div>\n\t\t\t\t\t\t\t<\/div> \n\t\t\t\n        \n\t\t\t\t<div id=\"ngg-image-41\" class=\"ngg-gallery-thumbnail-box\" >\n\t\t\t\t        <div class=\"ngg-gallery-thumbnail\">\n            <a href=\"http:\/\/www.spaziotorino.it\/scatto\/wp-content\/gallery\/2018_09_30_volleyf\/pla-6600.jpg\"\n               title=\"La Polonia si laurea Campione del Mondo\"\n               data-src=\"http:\/\/www.spaziotorino.it\/scatto\/wp-content\/gallery\/2018_09_30_volleyf\/pla-6600.jpg\"\n               data-thumbnail=\"http:\/\/www.spaziotorino.it\/scatto\/wp-content\/gallery\/2018_09_30_volleyf\/thumbs\/thumbs_pla-6600.jpg\"\n               data-image-id=\"21248\"\n               data-title=\"La Polonia si laurea Campione del Mondo\"\n               data-description=\"La Polonia si laurea Campione del Mondo\"\n               data-image-slug=\"pla-6600\"\n               class=\"ngg-fancybox\" rel=\"afddeaf1c4080f2006e2b3bac37d41e6\">\n                <img\n                    title=\"La Polonia si laurea Campione del Mondo\"\n                    alt=\"La Polonia si laurea Campione del Mondo\"\n                    src=\"http:\/\/www.spaziotorino.it\/scatto\/wp-content\/gallery\/2018_09_30_volleyf\/cache\/pla-6600.jpg-nggid0521248-ngg0dyn-60x60x100-00f0w010c011r110f110r010t010.jpg\"\n                    width=\"60\"\n                    height=\"60\"\n                    style=\"max-width:100%;\"\n                \/>\n            <\/a>\n        <\/div>\n\t\t\t\t\t\t\t<\/div> \n\t\t\t\n        \n\t\t\n\t\t<!-- Pagination -->\n\t<div class='ngg-clear'><\/div>\t<\/div>\n\n<p>Dopo il successo di quattro anni fa ottenuto tra le mura amiche, la Polonia ha conquistato il secondo titolo consecutivo (il terzo della propria storia), superando per 3-0 (28-26, 25-20, 25-23) il Brasile in quella che \u00e8 ormai divenuta una \u201cclassica\u201d della pallavolo Mondiale. Il risultato di questa sera premia una nazionale che ha saputo consolidarsi negli ultimi quattro anni, conservando cinque dodicesimi della formazione che conquist\u00f2 il titolo nella scorsa edizione e migliorandosi inserendo giocatori determinanti come Szalpuk e Kurec, Best Scorer di questa finale con 24 punti messi a segno. La restante parte del sestetto titolare, infatti, si era gi\u00e0 laureata campione del Mondo nel 2014, con il quinto gi\u00e0 medagliato Konarsky subentrato a met\u00e0 del primo parziale. Cronaca &#8211; Come da pronostico, nel primo set l\u2019equilibrio ha regnato a lungo. Nella seconda met\u00e0 del parziale la Polonia ha provato l\u2019allungo sul 21-17, ma il Brasile ha prontamente colmato il distacco portando il set ai vantaggi. Qui la formazione biancorossa \u00e8 riuscita a prevalere (28-26), ottenendo un risultato che si \u00e8 rivelato determinante soprattutto sotto il punto di vista psicologico. Nel secondo parziale, complice forse il coraggio acquisito dopo il risultato del set precedente, la Polonia \u00e8 riuscita ad avere il pallino del gioco costantemente nelle proprie mani (16-13). Dopo la prima met\u00e0, poi, gli uomini di Heynen hanno trovato l\u2019allungo decisivo sul 22-17, che gli ha permesso di chiudere il secondo set e di indirizzare la partita in una precisa direzione (25-20). Da quel momento in avanti la Polonia sembrava giocare sulle ali dell\u2019entusiasmo, spinta anche dai numerosi tifosi biancorossi giunti a Torino per le Finali. Dopo un set condotto dall\u2019inizio alla fine e due match point annullati dal Brasile, Kurec e compagni hanno trovato il definitivo 25-23, portandosi a casa la vittoria finale.<\/p>\n<p><strong>POLONIA-BRASILE 3-0 (28-26 25-20 25-23)<\/strong><\/p>\n<p>POLONIA: Drzyga 3, Kubiak 12, Nowakowski 3, Kurek 24, Szalpuk 10, Bieniek 2. Zatorski (L), Schulz ne, Kochanowski 3, Lomacz, Konarski, Wojtaszek (L), Sliwka ne, Kwolek ne . All. Heynen.&nbsp;<br \/>\nBRASILE: Mauricio Souza 1, Bruno 1, Douglas 11, Lucas 6, Wallace 14, Lipe 6, Thales (L), Maique (L), William, Evandro 7, Isac 3, Eder, Lucas Loh, Kadu ne. All. Dal Zotto.<br \/>\nArbitri: Pasquali (Ita) e Casamiquiela (Arg)&nbsp;<br \/>\nSpettatori: 12011&nbsp;<\/p>\n<p><strong>Premi individuali<\/strong><\/p>\n<p>Miglior schiacciatore: Michal Kubiak \u2013 Polonia&nbsp;<br \/>\nMiglior schiacciatore: Douglas Souza \u2013 Brasile&nbsp;<br \/>\nMiglior centrale: Lucas Saatkamp &#8211; Brasile&nbsp;<br \/>\nMiglior centrale: Piotr Nowakowski \u2013 Polonia&nbsp;<br \/>\nMiglior libero: Pawel Zatorski \u2013 Polonia&nbsp;<br \/>\nMiglior palleggiatore: Micah Christenson &#8211; USA&nbsp;<br \/>\nMiglior opposto: Matthew Anderson \u2013 USA&nbsp;<br \/>\nMVP: Bartosz Kurek \u2013 Polonia<\/p>\n","protected":false},"excerpt":{"rendered":"<p>Dopo il successo di quattro anni fa ottenuto tra le mura amiche, la Polonia ha conquistato il secondo titolo consecutivo (il terzo della propria storia), superando per 3-0 (28-26, 25-20, 25-23) il Brasile in quella che \u00e8 ormai divenuta una \u201cclassica\u201d della pallavolo Mondiale. Il risultato di questa sera premia una nazionale che ha saputo [&hellip;]<\/p>\n","protected":false},"author":1,"featured_media":0,"comment_status":"closed","ping_status":"open","sticky":false,"template":"","format":"standard","meta":{"ngg_post_thumbnail":0},"categories":[133,1,10],"tags":[],"_links":{"self":[{"href":"http:\/\/www.spaziotorino.it\/scatto\/index.php?rest_route=\/wp\/v2\/posts\/13173"}],"collection":[{"href":"http:\/\/www.spaziotorino.it\/scatto\/index.php?rest_route=\/wp\/v2\/posts"}],"about":[{"href":"http:\/\/www.spaziotorino.it\/scatto\/index.php?rest_route=\/wp\/v2\/types\/post"}],"author":[{"embeddable":true,"href":"http:\/\/www.spaziotorino.it\/scatto\/index.php?rest_route=\/wp\/v2\/users\/1"}],"replies":[{"embeddable":true,"href":"http:\/\/www.spaziotorino.it\/scatto\/index.php?rest_route=%2Fwp%2Fv2%2Fcomments&post=13173"}],"version-history":[{"count":3,"href":"http:\/\/www.spaziotorino.it\/scatto\/index.php?rest_route=\/wp\/v2\/posts\/13173\/revisions"}],"predecessor-version":[{"id":13201,"href":"http:\/\/www.spaziotorino.it\/scatto\/index.php?rest_route=\/wp\/v2\/posts\/13173\/revisions\/13201"}],"wp:attachment":[{"href":"http:\/\/www.spaziotorino.it\/scatto\/index.php?rest_route=%2Fwp%2Fv2%2Fmedia&parent=13173"}],"wp:term":[{"taxonomy":"category","embeddable":true,"href":"http:\/\/www.spaziotorino.it\/scatto\/index.php?rest_route=%2Fwp%2Fv2%2Fcategories&post=13173"},{"taxonomy":"post_tag","embeddable":true,"href":"http:\/\/www.spaziotorino.it\/scatto\/index.php?rest_route=%2Fwp%2Fv2%2Ftags&post=13173"}],"curies":[{"name":"wp","href":"https:\/\/api.w.org\/{rel}","templated":true}]}}