{"id":13279,"date":"2018-10-03T15:28:34","date_gmt":"2018-10-03T14:28:34","guid":{"rendered":"http:\/\/www.spaziotorino.it\/scatto\/?p=13279"},"modified":"2018-10-03T15:28:34","modified_gmt":"2018-10-03T14:28:34","slug":"future-mobility-week-una-settimana-nel-futuro-presente-della-mobilita","status":"publish","type":"post","link":"http:\/\/www.spaziotorino.it\/scatto\/?p=13279","title":{"rendered":"Future Mobility Week, una settimana nel futuro presente della mobilit\u00e0"},"content":{"rendered":"<p><a class=\"ngg-fancybox\" title=\"\u201cFuture Mobility Week, una settimana nel futuro presente della mobilit\u00e0\" href=\"http:\/\/www.spaziotorino.it\/scatto\/wp-content\/gallery\/2018_10_03_fmw\/IMG_6218.jpg\" rel=\"b9c281a2aeaf61ebd25e5c014e8769b6\"><br \/>\n<img decoding=\"async\" loading=\"lazy\" class=\"ngg-singlepic\" title=\"Future Mobility Week, una settimana nel futuro presente della mobilit\u00e0\" src=\"http:\/\/www.spaziotorino.it\/scatto\/wp-content\/gallery\/2018_10_03_fmw\/IMG_6218.jpg\" alt=\"\" width=\"540\" height=\"360\"\/><\/a><\/p>\n<!-- index.php -->\n<div\n\tclass=\"ngg-galleryoverview ngg-ajax-pagination-none\"\n\tid=\"ngg-gallery-95cbfa7cb2d3e0955f4dfbced1381c43-1\">\n\n    \t\t<!-- Thumbnails -->\n\t\t\t\t<div id=\"ngg-image-0\" class=\"ngg-gallery-thumbnail-box\" >\n\t\t\t\t        <div class=\"ngg-gallery-thumbnail\">\n            <a href=\"http:\/\/www.spaziotorino.it\/scatto\/wp-content\/gallery\/2018_10_03_fmw\/IMG_6260.jpg\"\n               title=\"\"\n               data-src=\"http:\/\/www.spaziotorino.it\/scatto\/wp-content\/gallery\/2018_10_03_fmw\/IMG_6260.jpg\"\n               data-thumbnail=\"http:\/\/www.spaziotorino.it\/scatto\/wp-content\/gallery\/2018_10_03_fmw\/thumbs\/thumbs_IMG_6260.jpg\"\n               data-image-id=\"21269\"\n               data-title=\"IMG_6260\"\n               data-description=\"\"\n               data-image-slug=\"img_6260\"\n               class=\"ngg-fancybox\" rel=\"95cbfa7cb2d3e0955f4dfbced1381c43\">\n                <img\n                    title=\"IMG_6260\"\n                    alt=\"IMG_6260\"\n                    src=\"http:\/\/www.spaziotorino.it\/scatto\/wp-content\/gallery\/2018_10_03_fmw\/cache\/IMG_6260.jpg-nggid0521269-ngg0dyn-60x60x100-00f0w010c011r110f110r010t010.jpg\"\n                    width=\"60\"\n                    height=\"60\"\n                    style=\"max-width:100%;\"\n                \/>\n            <\/a>\n        <\/div>\n\t\t\t\t\t\t\t<\/div> \n\t\t\t\n        \n\t\t\t\t<div id=\"ngg-image-1\" class=\"ngg-gallery-thumbnail-box\" >\n\t\t\t\t        <div class=\"ngg-gallery-thumbnail\">\n            <a href=\"http:\/\/www.spaziotorino.it\/scatto\/wp-content\/gallery\/2018_10_03_fmw\/IMG_6268.jpg\"\n               title=\"\"\n               data-src=\"http:\/\/www.spaziotorino.it\/scatto\/wp-content\/gallery\/2018_10_03_fmw\/IMG_6268.jpg\"\n               data-thumbnail=\"http:\/\/www.spaziotorino.it\/scatto\/wp-content\/gallery\/2018_10_03_fmw\/thumbs\/thumbs_IMG_6268.jpg\"\n               data-image-id=\"21270\"\n               data-title=\"IMG_6268\"\n               data-description=\"\"\n               data-image-slug=\"img_6268\"\n               class=\"ngg-fancybox\" rel=\"95cbfa7cb2d3e0955f4dfbced1381c43\">\n                <img\n                    title=\"IMG_6268\"\n                    alt=\"IMG_6268\"\n                    src=\"http:\/\/www.spaziotorino.it\/scatto\/wp-content\/gallery\/2018_10_03_fmw\/cache\/IMG_6268.jpg-nggid0521270-ngg0dyn-60x60x100-00f0w010c011r110f110r010t010.jpg\"\n                    width=\"60\"\n                    height=\"60\"\n                    style=\"max-width:100%;\"\n                \/>\n            <\/a>\n        <\/div>\n\t\t\t\t\t\t\t<\/div> \n\t\t\t\n        \n\t\t\t\t<div id=\"ngg-image-2\" class=\"ngg-gallery-thumbnail-box\" >\n\t\t\t\t        <div class=\"ngg-gallery-thumbnail\">\n            <a href=\"http:\/\/www.spaziotorino.it\/scatto\/wp-content\/gallery\/2018_10_03_fmw\/IMG_6273.jpg\"\n               title=\"\"\n               data-src=\"http:\/\/www.spaziotorino.it\/scatto\/wp-content\/gallery\/2018_10_03_fmw\/IMG_6273.jpg\"\n               data-thumbnail=\"http:\/\/www.spaziotorino.it\/scatto\/wp-content\/gallery\/2018_10_03_fmw\/thumbs\/thumbs_IMG_6273.jpg\"\n               data-image-id=\"21271\"\n               data-title=\"IMG_6273\"\n               data-description=\"\"\n               data-image-slug=\"img_6273\"\n               class=\"ngg-fancybox\" rel=\"95cbfa7cb2d3e0955f4dfbced1381c43\">\n                <img\n                    title=\"IMG_6273\"\n                    alt=\"IMG_6273\"\n                    src=\"http:\/\/www.spaziotorino.it\/scatto\/wp-content\/gallery\/2018_10_03_fmw\/cache\/IMG_6273.jpg-nggid0521271-ngg0dyn-60x60x100-00f0w010c011r110f110r010t010.jpg\"\n                    width=\"60\"\n                    height=\"60\"\n                    style=\"max-width:100%;\"\n                \/>\n            <\/a>\n        <\/div>\n\t\t\t\t\t\t\t<\/div> \n\t\t\t\n        \n\t\t\t\t<div id=\"ngg-image-3\" class=\"ngg-gallery-thumbnail-box\" >\n\t\t\t\t        <div class=\"ngg-gallery-thumbnail\">\n            <a href=\"http:\/\/www.spaziotorino.it\/scatto\/wp-content\/gallery\/2018_10_03_fmw\/IMG_6277.jpg\"\n               title=\"\"\n               data-src=\"http:\/\/www.spaziotorino.it\/scatto\/wp-content\/gallery\/2018_10_03_fmw\/IMG_6277.jpg\"\n               data-thumbnail=\"http:\/\/www.spaziotorino.it\/scatto\/wp-content\/gallery\/2018_10_03_fmw\/thumbs\/thumbs_IMG_6277.jpg\"\n               data-image-id=\"21272\"\n               data-title=\"IMG_6277\"\n               data-description=\"\"\n               data-image-slug=\"img_6277\"\n               class=\"ngg-fancybox\" rel=\"95cbfa7cb2d3e0955f4dfbced1381c43\">\n                <img\n                    title=\"IMG_6277\"\n                    alt=\"IMG_6277\"\n                    src=\"http:\/\/www.spaziotorino.it\/scatto\/wp-content\/gallery\/2018_10_03_fmw\/cache\/IMG_6277.jpg-nggid0521272-ngg0dyn-60x60x100-00f0w010c011r110f110r010t010.jpg\"\n                    width=\"60\"\n                    height=\"60\"\n                    style=\"max-width:100%;\"\n                \/>\n            <\/a>\n        <\/div>\n\t\t\t\t\t\t\t<\/div> \n\t\t\t\n        \n\t\t\t\t<div id=\"ngg-image-4\" class=\"ngg-gallery-thumbnail-box\" >\n\t\t\t\t        <div class=\"ngg-gallery-thumbnail\">\n            <a href=\"http:\/\/www.spaziotorino.it\/scatto\/wp-content\/gallery\/2018_10_03_fmw\/IMG_6284.jpg\"\n               title=\"\"\n               data-src=\"http:\/\/www.spaziotorino.it\/scatto\/wp-content\/gallery\/2018_10_03_fmw\/IMG_6284.jpg\"\n               data-thumbnail=\"http:\/\/www.spaziotorino.it\/scatto\/wp-content\/gallery\/2018_10_03_fmw\/thumbs\/thumbs_IMG_6284.jpg\"\n               data-image-id=\"21273\"\n               data-title=\"IMG_6284\"\n               data-description=\"\"\n               data-image-slug=\"img_6284\"\n               class=\"ngg-fancybox\" rel=\"95cbfa7cb2d3e0955f4dfbced1381c43\">\n                <img\n                    title=\"IMG_6284\"\n                    alt=\"IMG_6284\"\n                    src=\"http:\/\/www.spaziotorino.it\/scatto\/wp-content\/gallery\/2018_10_03_fmw\/cache\/IMG_6284.jpg-nggid0521273-ngg0dyn-60x60x100-00f0w010c011r110f110r010t010.jpg\"\n                    width=\"60\"\n                    height=\"60\"\n                    style=\"max-width:100%;\"\n                \/>\n            <\/a>\n        <\/div>\n\t\t\t\t\t\t\t<\/div> \n\t\t\t\n        \n\t\t\t\t<div id=\"ngg-image-5\" class=\"ngg-gallery-thumbnail-box\" >\n\t\t\t\t        <div class=\"ngg-gallery-thumbnail\">\n            <a href=\"http:\/\/www.spaziotorino.it\/scatto\/wp-content\/gallery\/2018_10_03_fmw\/IMG_6294.jpg\"\n               title=\"\"\n               data-src=\"http:\/\/www.spaziotorino.it\/scatto\/wp-content\/gallery\/2018_10_03_fmw\/IMG_6294.jpg\"\n               data-thumbnail=\"http:\/\/www.spaziotorino.it\/scatto\/wp-content\/gallery\/2018_10_03_fmw\/thumbs\/thumbs_IMG_6294.jpg\"\n               data-image-id=\"21274\"\n               data-title=\"IMG_6294\"\n               data-description=\"\"\n               data-image-slug=\"img_6294\"\n               class=\"ngg-fancybox\" rel=\"95cbfa7cb2d3e0955f4dfbced1381c43\">\n                <img\n                    title=\"IMG_6294\"\n                    alt=\"IMG_6294\"\n                    src=\"http:\/\/www.spaziotorino.it\/scatto\/wp-content\/gallery\/2018_10_03_fmw\/cache\/IMG_6294.jpg-nggid0521274-ngg0dyn-60x60x100-00f0w010c011r110f110r010t010.jpg\"\n                    width=\"60\"\n                    height=\"60\"\n                    style=\"max-width:100%;\"\n                \/>\n            <\/a>\n        <\/div>\n\t\t\t\t\t\t\t<\/div> \n\t\t\t\n        \n\t\t\t\t<div id=\"ngg-image-6\" class=\"ngg-gallery-thumbnail-box\" >\n\t\t\t\t        <div class=\"ngg-gallery-thumbnail\">\n            <a href=\"http:\/\/www.spaziotorino.it\/scatto\/wp-content\/gallery\/2018_10_03_fmw\/IMG_6311.jpg\"\n               title=\"\"\n               data-src=\"http:\/\/www.spaziotorino.it\/scatto\/wp-content\/gallery\/2018_10_03_fmw\/IMG_6311.jpg\"\n               data-thumbnail=\"http:\/\/www.spaziotorino.it\/scatto\/wp-content\/gallery\/2018_10_03_fmw\/thumbs\/thumbs_IMG_6311.jpg\"\n               data-image-id=\"21276\"\n               data-title=\"IMG_6311\"\n               data-description=\"\"\n               data-image-slug=\"img_6311\"\n               class=\"ngg-fancybox\" rel=\"95cbfa7cb2d3e0955f4dfbced1381c43\">\n                <img\n                    title=\"IMG_6311\"\n                    alt=\"IMG_6311\"\n                    src=\"http:\/\/www.spaziotorino.it\/scatto\/wp-content\/gallery\/2018_10_03_fmw\/cache\/IMG_6311.jpg-nggid0521276-ngg0dyn-60x60x100-00f0w010c011r110f110r010t010.jpg\"\n                    width=\"60\"\n                    height=\"60\"\n                    style=\"max-width:100%;\"\n                \/>\n            <\/a>\n        <\/div>\n\t\t\t\t\t\t\t<\/div> \n\t\t\t\n        \n\t\t\t\t<div id=\"ngg-image-7\" class=\"ngg-gallery-thumbnail-box\" >\n\t\t\t\t        <div class=\"ngg-gallery-thumbnail\">\n            <a href=\"http:\/\/www.spaziotorino.it\/scatto\/wp-content\/gallery\/2018_10_03_fmw\/IMG_6336.jpg\"\n               title=\"\"\n               data-src=\"http:\/\/www.spaziotorino.it\/scatto\/wp-content\/gallery\/2018_10_03_fmw\/IMG_6336.jpg\"\n               data-thumbnail=\"http:\/\/www.spaziotorino.it\/scatto\/wp-content\/gallery\/2018_10_03_fmw\/thumbs\/thumbs_IMG_6336.jpg\"\n               data-image-id=\"21277\"\n               data-title=\"IMG_6336\"\n               data-description=\"\"\n               data-image-slug=\"img_6336\"\n               class=\"ngg-fancybox\" rel=\"95cbfa7cb2d3e0955f4dfbced1381c43\">\n                <img\n                    title=\"IMG_6336\"\n                    alt=\"IMG_6336\"\n                    src=\"http:\/\/www.spaziotorino.it\/scatto\/wp-content\/gallery\/2018_10_03_fmw\/cache\/IMG_6336.jpg-nggid0521277-ngg0dyn-60x60x100-00f0w010c011r110f110r010t010.jpg\"\n                    width=\"60\"\n                    height=\"60\"\n                    style=\"max-width:100%;\"\n                \/>\n            <\/a>\n        <\/div>\n\t\t\t\t\t\t\t<\/div> \n\t\t\t\n        \n\t\t\t\t<div id=\"ngg-image-8\" class=\"ngg-gallery-thumbnail-box\" >\n\t\t\t\t        <div class=\"ngg-gallery-thumbnail\">\n            <a href=\"http:\/\/www.spaziotorino.it\/scatto\/wp-content\/gallery\/2018_10_03_fmw\/IMG_6349.jpg\"\n               title=\"\"\n               data-src=\"http:\/\/www.spaziotorino.it\/scatto\/wp-content\/gallery\/2018_10_03_fmw\/IMG_6349.jpg\"\n               data-thumbnail=\"http:\/\/www.spaziotorino.it\/scatto\/wp-content\/gallery\/2018_10_03_fmw\/thumbs\/thumbs_IMG_6349.jpg\"\n               data-image-id=\"21278\"\n               data-title=\"IMG_6349\"\n               data-description=\"\"\n               data-image-slug=\"img_6349\"\n               class=\"ngg-fancybox\" rel=\"95cbfa7cb2d3e0955f4dfbced1381c43\">\n                <img\n                    title=\"IMG_6349\"\n                    alt=\"IMG_6349\"\n                    src=\"http:\/\/www.spaziotorino.it\/scatto\/wp-content\/gallery\/2018_10_03_fmw\/cache\/IMG_6349.jpg-nggid0521278-ngg0dyn-60x60x100-00f0w010c011r110f110r010t010.jpg\"\n                    width=\"60\"\n                    height=\"60\"\n                    style=\"max-width:100%;\"\n                \/>\n            <\/a>\n        <\/div>\n\t\t\t\t\t\t\t<\/div> \n\t\t\t\n        \n\t\t\t\t<div id=\"ngg-image-9\" class=\"ngg-gallery-thumbnail-box\" >\n\t\t\t\t        <div class=\"ngg-gallery-thumbnail\">\n            <a href=\"http:\/\/www.spaziotorino.it\/scatto\/wp-content\/gallery\/2018_10_03_fmw\/IMG_6353.jpg\"\n               title=\"LEM - Laboratorio Elettrico Mobile, auto elettrica - 1974\"\n               data-src=\"http:\/\/www.spaziotorino.it\/scatto\/wp-content\/gallery\/2018_10_03_fmw\/IMG_6353.jpg\"\n               data-thumbnail=\"http:\/\/www.spaziotorino.it\/scatto\/wp-content\/gallery\/2018_10_03_fmw\/thumbs\/thumbs_IMG_6353.jpg\"\n               data-image-id=\"21279\"\n               data-title=\"LEM - Laboratorio Elettrico Mobile, auto elettrica - 1974\"\n               data-description=\"LEM - Laboratorio Elettrico Mobile, auto elettrica - 1974\"\n               data-image-slug=\"img_6353\"\n               class=\"ngg-fancybox\" rel=\"95cbfa7cb2d3e0955f4dfbced1381c43\">\n                <img\n                    title=\"LEM - Laboratorio Elettrico Mobile, auto elettrica - 1974\"\n                    alt=\"LEM - Laboratorio Elettrico Mobile, auto elettrica - 1974\"\n                    src=\"http:\/\/www.spaziotorino.it\/scatto\/wp-content\/gallery\/2018_10_03_fmw\/cache\/IMG_6353.jpg-nggid0521279-ngg0dyn-60x60x100-00f0w010c011r110f110r010t010.jpg\"\n                    width=\"60\"\n                    height=\"60\"\n                    style=\"max-width:100%;\"\n                \/>\n            <\/a>\n        <\/div>\n\t\t\t\t\t\t\t<\/div> \n\t\t\t\n        \n\t\t\n\t\t<!-- Pagination -->\n\t<div class='ngg-clear'><\/div>\t<\/div>\n\n<p>Dall\u20191 al 5 ottobre sar\u00e0 presentata a Torino la mobilit\u00e0 di domani e la filiera industriale italiana dell\u2019automotive. Il clou della manifestazione sar\u00e0 il 3 e 4 a Lingotto Fiere con l\u2019Expoforum, l\u2019Automotive Cluster, MoveApp Expo e i convegni e i seminari dei partner istituzionali e di ricerca dal Comune alla Regione, da Unione Industriali agli atenei torinesi. Sono attesi da tutta Italia ed Europa oltre 200 esperti relatori con pi\u00f9 di 3mila operatori del settore.<\/p>\n<p>La mobilit\u00e0 di domani sar\u00e0 famigliare e allo stesso tempo sorprendente, ed \u00e8 possibile averne un\u2019idea assai precisa gi\u00e0 la prossima settimana. Grazie a Future Mobility Week Torino sar\u00e0 il palcoscenico dell\u2019hardware, il software ed i servizi per la mobilit\u00e0 nuova, che cambia le abitudini, le infrastrutture, la citt\u00e0, la societ\u00e0 e l\u2019economia.<\/p>\n<p>Future Mobility Week \u00e8 resa possibile dal patrocinio, la promozione e l\u2019appoggio fattivo del territorio torinese e piemontese, dalle istituzioni locali come Comune, Citt\u00e0 Metropolitana, Regione alle aziende pubbliche e partecipate, dalle associazioni industriali locali e nazionali alle istituzioni accademiche e di ricerca.<\/p>\n<p>\u201c<em>Future Mobility Week \u00e8 un appuntamento importante per immaginare la mobilit\u00e0 di domani<\/em>&nbsp;\u2013 commenta<strong>&nbsp;l\u2019assessora alla Mobilit\u00e0, Maria Lapietra<\/strong>&nbsp;-.&nbsp;<em>Sono molto soddisfatta che Torino torni a ospitare una manifestazione con confronti e approfondimenti di grande interesse. I servizi e la tecnologia per una mobilit\u00e0 pi\u00f9 \u2018accessibile\u2019 a tutti; l\u2019elettrico; i sistemi di bigliettazione e per il pagamento della sosta; i veicoli e la logistica intelligente e le smart road insieme alle applicazioni e alle infrastrutture rappresentano temi chiave per il futuro del trasporto, delle persone e delle merci<\/em>.\u201d Il Comune di Torino organizza nell\u2019ambito di FMW il convegno Favorire gli spostamenti attraverso la mobilit\u00e0 elettrica, nella giornata del 4 ottobre, nel corso del quale saranno presentati tre progetti europei, STEVE, MaaS4EU e PREPAIR.<\/p>\n<p>\u201c<em>Quest\u2019anno la Regione Piemonte<\/em>&nbsp;\u2013 ricorda&nbsp;<strong>Massimo Isaia, Mobility Manager della Regione<\/strong>\u2013&nbsp;<em>aderisce alla prima edizione della Future Mobility Week organizzando un momento di confronto con l\u2019Autorit\u00e0 di Regolazione dei Trasporti e altre Regioni italiane sul modello MaaS-Mobility as a Service, sulle opportunit\u00e0 offerte dal nuovo paradigma e sul ruolo delle Amministrazioni locali. Il Piemonte \u00e8 gi\u00e0 pronto a raccogliere la sfida grazie al sistema di bigliettazione elettronica BIP, ormai riconosciuto come best practice a livello europeo, con l\u2019avvio del nuovo progetto regionale BIPforMaaS che intende creare le condizioni per la nascita di un \u00abecosistema MaaS a beneficio di tutti i cittadini piemontesi<\/em>\u201c.<\/p>\n<p>Le associazioni di categoria si sono impegnate in pari modo per l\u2019affermazione di Future Mobility Week come appuntamento strategico locale e nazionale, partendo da Torino come Capitale della Mobilit\u00e0 del presente e del futuro. \u201c<em>L\u2019Unione Industriale e il Polo MESAP<\/em>&nbsp;\u2013 afferma&nbsp;<strong>Alfredo Tafuri, coordinatore del Polo MESAP (MEccatronica e Sistemi Avanzati di Produzione)<\/strong>&nbsp;\u2013&nbsp;<em>sostengono questa manifestazione perch\u00e9 \u00e8 un importante punto di riferimento sul territorio in ambito mobilit\u00e0, infrastrutture e logistica, nel momento in cui questa \u00e8 interessata da un profondissimo rinnovamento. La modalit\u00e0 dei trasporti nei prossimi anni, infatti, cambier\u00e0 totalmente ed \u00e8 gi\u00e0 cambiata, basti pensare a titolo di esempio alla diffusione del car sharing. Il settore \u00e8 particolarmente importante a Torino, in Piemonte per la sua rilevanza occupazionale. Anche per questo motivo, il Polo MESAP ha nella sua agenda strategica aree tipiche che caratterizzano l\u2019innovazione in questo ambito e che saranno affrontate nel programma di Future Mobility Week 2018: mobilit\u00e0 sostenibile, guida autonoma e nuovi modi d\u2019uso<\/em>\u201c.<\/p>\n<p><strong>Gianmarco Giorda, Direttore di ANFIA,&nbsp;<\/strong>l\u2019associazione di Confindustria che riunisce la filiera automotive italiana, sottolinea che nel momento di trasformazione industriale attuale \u201c<em>l\u2019elettrificazione dei veicoli rappresenta un\u2019opportunit\u00e0 per tutta la filiera italiana della componentistica e richiede un impegno importante da parte delle aziende, chiamate a investire con maggior continuit\u00e0 in ricerca e sviluppo, in formazione e in competenze. In maniera complementare, occorre una politica industriale adeguata di sostegno ai settori produttivi del nostro Paese, che tenga conto del principio di neutralit\u00e0 tecnologica e sia in grado di garantire una transizione graduale verso l\u2019elettrificazione<\/em>\u201d.<\/p>\n<p>Future Mobility Week non \u00e8 una semplice manifestazione ma una piattaforma di eventi ed incontri che si estende sul territorio torinese, rimanendo ancorata alla \u201ccasa\u201d storica della mobilit\u00e0, il Lingotto, ma con respiro nazionale e l\u2019obiettivo di diventare l\u2019appuntamento di riferimento per l\u2019innovazione italiana nella mobilit\u00e0, divulgando e mettendo a confronto con le referenze internazionali le eccellenze italiane.<br \/>\nIl programma prevede infatti, nei giorni 1, 2 e 5 ottobre, visite tecniche guidate alle eccellenze progettuali e produttive dell\u2019area torinese, con iniziative apposite per le scuole.<\/p>\n<p>Il&nbsp;<strong>2 e 3 ottobre&nbsp;<\/strong>nell\u2019ambito della manifestazione si svolger\u00e0 anche una tappa del campionato italiano di Green Endurance riservato alle vetture 100% elettriche. Sia le qualifiche, il 2 ottobre, che la gara, partiranno dal piazzale di Lingotto Fiere, dove saranno sistemati i box e le colonnine di ricarica delle batterie. L\u2019arrivo avverr\u00e0 in serata al Museo Nazionale dell\u2019Automobile (MAUTO).<\/p>\n<p>Il clou della settimana della mobilit\u00e0 futura sar\u00e0 nelle giornate del<strong>&nbsp;3 e 4 a Lingotto Fiere<\/strong>, con tre momenti principali che avranno in comune un\u2019area espositiva, un programma di conferenze e un\u2019area esperienze, dedicata ai test dei prodotti e dei veicoli. Oltre 200 relatori esperti sono in arrivo da tutta Italia ed Europa per dare corpo alla fittissima agenda di conferenze e workshop.<\/p>\n<p>1. Il Future Mobility Expoforum 2018 (3-4 ottobre) tratter\u00e0 di tecnologie, applicazioni e infrastrutture digitali per la mobilit\u00e0 di persone e merci del futuro presente, verso la Mobilit\u00e0 come Servizio. I principali macro-argomenti: i veicoli intelligenti e sostenibili, l\u2019accesso alla ed i servizi per la mobilit\u00e0, la logistica intelligente e sostenibile, le smart road e le infrastrutture, le nuove forme di mobilit\u00e0 urbana, come la mobilit\u00e0 aerea di merci e persone utilizzando veicoli autonomi e guidati a distanza.<br \/>\n2. Automotive Cluster Forum (4 ottobre), dedicato agli aspetti industriali della mobilit\u00e0 su gomma, che nasce dal fertile confronto tra le eccellenze italiane e i riferimenti internazionali. I principali argomenti: materiali avanzati, progettazione, produzione ed assemblaggio, tecnologie e metodi.<br \/>\n3. Innovazione nel Trasporto Pubblico (3-4 ottobre), organizzata dal partner MoveAPP, tutto quello che fa la mobilit\u00e0 collettiva di oggi e di domani. Le tematiche principali: \u201csistemi di mobilit\u00e0\u201d nell\u2019ambito locale e regionale, sicurezza nella mobilit\u00e0 collettiva, integrazione ferro-gomma per i trasporti rapidi di massa, le reti di trasporto urbano su gomma a basso o nullo impatto ambientale. Infine, una prospettiva storica sui precursori della mobilit\u00e0 collettiva contemporanea.<\/p>\n<p>Il programma \u00e8 completato dalle conferenze e seminari Urban Planning and Resilience a cura del Centro Estero Internazionalizzazione, Automotive Cybersecurity a cura di CEIP, Regione Piemonte, Camera di Commercio di Torino, Progetto e-MOTICON: La Strategia per lo sviluppo della rete di ricarica dei veicoli elettrici nello Spazio Alpino, a cura della Regione Piemonte e riservato agli amministratori locali della Provincia di Torino, e infine dal workshop Progetto Imove \u2013 Living Lab Maas Torino, con la partecipazione di tutte le istituzioni locali e le aziende pubbliche impegnate nella sperimentazione e realizzazione sul campo della Mobilit\u00e0 come Servizio.<\/p>\n<p>Future Mobility Week \u00e8 organizzato da GL events e Clickutility Team, da sempre ai vertici nella realizzazione di manifestazioni di divulgazione e di incontri d\u2019affari nel campo della mobilit\u00e0 e della logistica a 360 gradi, a Torino e in tutta Italia. La partecipazione a Future Mobility Week \u00e8 gratuita e riservata agli operatori e ai media, previa registrazione a www.fmweek.it\/registrati. Il programma completo di tutti gli appuntamenti \u00e8 disponibile sul sito <a href=\"http:\/\/www.fmweek.it\">www.fmweek.it<\/a>.<\/p>\n","protected":false},"excerpt":{"rendered":"<p>Dall\u20191 al 5 ottobre sar\u00e0 presentata a Torino la mobilit\u00e0 di domani e la filiera industriale italiana dell\u2019automotive. Il clou della manifestazione sar\u00e0 il 3 e 4 a Lingotto Fiere con l\u2019Expoforum, l\u2019Automotive Cluster, MoveApp Expo e i convegni e i seminari dei partner istituzionali e di ricerca dal Comune alla Regione, da Unione Industriali [&hellip;]<\/p>\n","protected":false},"author":1,"featured_media":0,"comment_status":"closed","ping_status":"open","sticky":false,"template":"","format":"standard","meta":{"ngg_post_thumbnail":0},"categories":[1,41],"tags":[],"_links":{"self":[{"href":"http:\/\/www.spaziotorino.it\/scatto\/index.php?rest_route=\/wp\/v2\/posts\/13279"}],"collection":[{"href":"http:\/\/www.spaziotorino.it\/scatto\/index.php?rest_route=\/wp\/v2\/posts"}],"about":[{"href":"http:\/\/www.spaziotorino.it\/scatto\/index.php?rest_route=\/wp\/v2\/types\/post"}],"author":[{"embeddable":true,"href":"http:\/\/www.spaziotorino.it\/scatto\/index.php?rest_route=\/wp\/v2\/users\/1"}],"replies":[{"embeddable":true,"href":"http:\/\/www.spaziotorino.it\/scatto\/index.php?rest_route=%2Fwp%2Fv2%2Fcomments&post=13279"}],"version-history":[{"count":2,"href":"http:\/\/www.spaziotorino.it\/scatto\/index.php?rest_route=\/wp\/v2\/posts\/13279\/revisions"}],"predecessor-version":[{"id":13281,"href":"http:\/\/www.spaziotorino.it\/scatto\/index.php?rest_route=\/wp\/v2\/posts\/13279\/revisions\/13281"}],"wp:attachment":[{"href":"http:\/\/www.spaziotorino.it\/scatto\/index.php?rest_route=%2Fwp%2Fv2%2Fmedia&parent=13279"}],"wp:term":[{"taxonomy":"category","embeddable":true,"href":"http:\/\/www.spaziotorino.it\/scatto\/index.php?rest_route=%2Fwp%2Fv2%2Fcategories&post=13279"},{"taxonomy":"post_tag","embeddable":true,"href":"http:\/\/www.spaziotorino.it\/scatto\/index.php?rest_route=%2Fwp%2Fv2%2Ftags&post=13279"}],"curies":[{"name":"wp","href":"https:\/\/api.w.org\/{rel}","templated":true}]}}