{"id":13420,"date":"2018-10-07T19:54:07","date_gmt":"2018-10-07T18:54:07","guid":{"rendered":"http:\/\/www.spaziotorino.it\/scatto\/?p=13420"},"modified":"2018-10-08T14:58:38","modified_gmt":"2018-10-08T13:58:38","slug":"portici-di-carta-archiviata-unedizione-di-successo","status":"publish","type":"post","link":"http:\/\/www.spaziotorino.it\/scatto\/?p=13420","title":{"rendered":"Portici di Carta, archiviata un\u2019edizione di successo"},"content":{"rendered":"<p><a class=\"ngg-fancybox\" title=\"Portici di Carta, archiviata un\u2019edizione di successo\" href=\"http:\/\/www.spaziotorino.it\/scatto\/wp-content\/gallery\/2018_10_06_portici\/44248973855_d057b99aa7_o.jpg\" rel=\"e8d914b54b1b0d3fa10b1c44bc9a98b3\"><br \/>\n<img decoding=\"async\" loading=\"lazy\" class=\"ngg-singlepic\" title=\"Portici di Carta, archiviata un\u2019edizione di successo\" src=\"http:\/\/www.spaziotorino.it\/scatto\/wp-content\/gallery\/2018_10_06_portici\/44248973855_d057b99aa7_o.jpg\" alt=\"\" width=\"540\" height=\"360\"\/><\/a><\/p>\n<!-- index.php -->\n<div\n\tclass=\"ngg-galleryoverview ngg-ajax-pagination-none\"\n\tid=\"ngg-gallery-65bf34c4cefb98980d726f93dbd6d795-1\">\n\n    \t\t<!-- Thumbnails -->\n\t\t\t\t<div id=\"ngg-image-0\" class=\"ngg-gallery-thumbnail-box\" >\n\t\t\t\t        <div class=\"ngg-gallery-thumbnail\">\n            <a href=\"http:\/\/www.spaziotorino.it\/scatto\/wp-content\/gallery\/2018_10_06_portici\/AMA_1328-copia.jpg\"\n               title=\"\"\n               data-src=\"http:\/\/www.spaziotorino.it\/scatto\/wp-content\/gallery\/2018_10_06_portici\/AMA_1328-copia.jpg\"\n               data-thumbnail=\"http:\/\/www.spaziotorino.it\/scatto\/wp-content\/gallery\/2018_10_06_portici\/thumbs\/thumbs_AMA_1328-copia.jpg\"\n               data-image-id=\"21335\"\n               data-title=\"AMA_1328-copia\"\n               data-description=\"\"\n               data-image-slug=\"ama_1328-copia\"\n               class=\"ngg-fancybox\" rel=\"65bf34c4cefb98980d726f93dbd6d795\">\n                <img\n                    title=\"AMA_1328-copia\"\n                    alt=\"AMA_1328-copia\"\n                    src=\"http:\/\/www.spaziotorino.it\/scatto\/wp-content\/gallery\/2018_10_06_portici\/cache\/AMA_1328-copia.jpg-nggid0521335-ngg0dyn-60x60x100-00f0w010c011r110f110r010t010.jpg\"\n                    width=\"60\"\n                    height=\"60\"\n                    style=\"max-width:100%;\"\n                \/>\n            <\/a>\n        <\/div>\n\t\t\t\t\t\t\t<\/div> \n\t\t\t\n        \n\t\t\t\t<div id=\"ngg-image-1\" class=\"ngg-gallery-thumbnail-box\" >\n\t\t\t\t        <div class=\"ngg-gallery-thumbnail\">\n            <a href=\"http:\/\/www.spaziotorino.it\/scatto\/wp-content\/gallery\/2018_10_06_portici\/AMA_1341-copia.jpg\"\n               title=\"\"\n               data-src=\"http:\/\/www.spaziotorino.it\/scatto\/wp-content\/gallery\/2018_10_06_portici\/AMA_1341-copia.jpg\"\n               data-thumbnail=\"http:\/\/www.spaziotorino.it\/scatto\/wp-content\/gallery\/2018_10_06_portici\/thumbs\/thumbs_AMA_1341-copia.jpg\"\n               data-image-id=\"21336\"\n               data-title=\"AMA_1341-copia\"\n               data-description=\"\"\n               data-image-slug=\"ama_1341-copia\"\n               class=\"ngg-fancybox\" rel=\"65bf34c4cefb98980d726f93dbd6d795\">\n                <img\n                    title=\"AMA_1341-copia\"\n                    alt=\"AMA_1341-copia\"\n                    src=\"http:\/\/www.spaziotorino.it\/scatto\/wp-content\/gallery\/2018_10_06_portici\/cache\/AMA_1341-copia.jpg-nggid0521336-ngg0dyn-60x60x100-00f0w010c011r110f110r010t010.jpg\"\n                    width=\"60\"\n                    height=\"60\"\n                    style=\"max-width:100%;\"\n                \/>\n            <\/a>\n        <\/div>\n\t\t\t\t\t\t\t<\/div> \n\t\t\t\n        \n\t\t\t\t<div id=\"ngg-image-2\" class=\"ngg-gallery-thumbnail-box\" >\n\t\t\t\t        <div class=\"ngg-gallery-thumbnail\">\n            <a href=\"http:\/\/www.spaziotorino.it\/scatto\/wp-content\/gallery\/2018_10_06_portici\/AMA_1345-copia.jpg\"\n               title=\"\"\n               data-src=\"http:\/\/www.spaziotorino.it\/scatto\/wp-content\/gallery\/2018_10_06_portici\/AMA_1345-copia.jpg\"\n               data-thumbnail=\"http:\/\/www.spaziotorino.it\/scatto\/wp-content\/gallery\/2018_10_06_portici\/thumbs\/thumbs_AMA_1345-copia.jpg\"\n               data-image-id=\"21337\"\n               data-title=\"AMA_1345-copia\"\n               data-description=\"\"\n               data-image-slug=\"ama_1345-copia\"\n               class=\"ngg-fancybox\" rel=\"65bf34c4cefb98980d726f93dbd6d795\">\n                <img\n                    title=\"AMA_1345-copia\"\n                    alt=\"AMA_1345-copia\"\n                    src=\"http:\/\/www.spaziotorino.it\/scatto\/wp-content\/gallery\/2018_10_06_portici\/cache\/AMA_1345-copia.jpg-nggid0521337-ngg0dyn-60x60x100-00f0w010c011r110f110r010t010.jpg\"\n                    width=\"60\"\n                    height=\"60\"\n                    style=\"max-width:100%;\"\n                \/>\n            <\/a>\n        <\/div>\n\t\t\t\t\t\t\t<\/div> \n\t\t\t\n        \n\t\t\t\t<div id=\"ngg-image-3\" class=\"ngg-gallery-thumbnail-box\" >\n\t\t\t\t        <div class=\"ngg-gallery-thumbnail\">\n            <a href=\"http:\/\/www.spaziotorino.it\/scatto\/wp-content\/gallery\/2018_10_06_portici\/AMA_1349-copia.jpg\"\n               title=\"\"\n               data-src=\"http:\/\/www.spaziotorino.it\/scatto\/wp-content\/gallery\/2018_10_06_portici\/AMA_1349-copia.jpg\"\n               data-thumbnail=\"http:\/\/www.spaziotorino.it\/scatto\/wp-content\/gallery\/2018_10_06_portici\/thumbs\/thumbs_AMA_1349-copia.jpg\"\n               data-image-id=\"21338\"\n               data-title=\"AMA_1349-copia\"\n               data-description=\"\"\n               data-image-slug=\"ama_1349-copia\"\n               class=\"ngg-fancybox\" rel=\"65bf34c4cefb98980d726f93dbd6d795\">\n                <img\n                    title=\"AMA_1349-copia\"\n                    alt=\"AMA_1349-copia\"\n                    src=\"http:\/\/www.spaziotorino.it\/scatto\/wp-content\/gallery\/2018_10_06_portici\/cache\/AMA_1349-copia.jpg-nggid0521338-ngg0dyn-60x60x100-00f0w010c011r110f110r010t010.jpg\"\n                    width=\"60\"\n                    height=\"60\"\n                    style=\"max-width:100%;\"\n                \/>\n            <\/a>\n        <\/div>\n\t\t\t\t\t\t\t<\/div> \n\t\t\t\n        \n\t\t\t\t<div id=\"ngg-image-4\" class=\"ngg-gallery-thumbnail-box\" >\n\t\t\t\t        <div class=\"ngg-gallery-thumbnail\">\n            <a href=\"http:\/\/www.spaziotorino.it\/scatto\/wp-content\/gallery\/2018_10_06_portici\/43346522770_33dfcea2b5_o.jpg\"\n               title=\"\"\n               data-src=\"http:\/\/www.spaziotorino.it\/scatto\/wp-content\/gallery\/2018_10_06_portici\/43346522770_33dfcea2b5_o.jpg\"\n               data-thumbnail=\"http:\/\/www.spaziotorino.it\/scatto\/wp-content\/gallery\/2018_10_06_portici\/thumbs\/thumbs_43346522770_33dfcea2b5_o.jpg\"\n               data-image-id=\"21329\"\n               data-title=\"43346522770_33dfcea2b5_o\"\n               data-description=\"\"\n               data-image-slug=\"43346522770_33dfcea2b5_o\"\n               class=\"ngg-fancybox\" rel=\"65bf34c4cefb98980d726f93dbd6d795\">\n                <img\n                    title=\"43346522770_33dfcea2b5_o\"\n                    alt=\"43346522770_33dfcea2b5_o\"\n                    src=\"http:\/\/www.spaziotorino.it\/scatto\/wp-content\/gallery\/2018_10_06_portici\/cache\/43346522770_33dfcea2b5_o.jpg-nggid0521329-ngg0dyn-60x60x100-00f0w010c011r110f110r010t010.jpg\"\n                    width=\"60\"\n                    height=\"60\"\n                    style=\"max-width:100%;\"\n                \/>\n            <\/a>\n        <\/div>\n\t\t\t\t\t\t\t<\/div> \n\t\t\t\n        \n\t\t\t\t<div id=\"ngg-image-5\" class=\"ngg-gallery-thumbnail-box\" >\n\t\t\t\t        <div class=\"ngg-gallery-thumbnail\">\n            <a href=\"http:\/\/www.spaziotorino.it\/scatto\/wp-content\/gallery\/2018_10_06_portici\/43346523330_61e0d52381_o.jpg\"\n               title=\"\"\n               data-src=\"http:\/\/www.spaziotorino.it\/scatto\/wp-content\/gallery\/2018_10_06_portici\/43346523330_61e0d52381_o.jpg\"\n               data-thumbnail=\"http:\/\/www.spaziotorino.it\/scatto\/wp-content\/gallery\/2018_10_06_portici\/thumbs\/thumbs_43346523330_61e0d52381_o.jpg\"\n               data-image-id=\"21330\"\n               data-title=\"43346523330_61e0d52381_o\"\n               data-description=\"\"\n               data-image-slug=\"43346523330_61e0d52381_o\"\n               class=\"ngg-fancybox\" rel=\"65bf34c4cefb98980d726f93dbd6d795\">\n                <img\n                    title=\"43346523330_61e0d52381_o\"\n                    alt=\"43346523330_61e0d52381_o\"\n                    src=\"http:\/\/www.spaziotorino.it\/scatto\/wp-content\/gallery\/2018_10_06_portici\/cache\/43346523330_61e0d52381_o.jpg-nggid0521330-ngg0dyn-60x60x100-00f0w010c011r110f110r010t010.jpg\"\n                    width=\"60\"\n                    height=\"60\"\n                    style=\"max-width:100%;\"\n                \/>\n            <\/a>\n        <\/div>\n\t\t\t\t\t\t\t<\/div> \n\t\t\t\n        \n\t\t\t\t<div id=\"ngg-image-6\" class=\"ngg-gallery-thumbnail-box\" >\n\t\t\t\t        <div class=\"ngg-gallery-thumbnail\">\n            <a href=\"http:\/\/www.spaziotorino.it\/scatto\/wp-content\/gallery\/2018_10_06_portici\/43346532600_472c25e731_o.jpg\"\n               title=\"\"\n               data-src=\"http:\/\/www.spaziotorino.it\/scatto\/wp-content\/gallery\/2018_10_06_portici\/43346532600_472c25e731_o.jpg\"\n               data-thumbnail=\"http:\/\/www.spaziotorino.it\/scatto\/wp-content\/gallery\/2018_10_06_portici\/thumbs\/thumbs_43346532600_472c25e731_o.jpg\"\n               data-image-id=\"21331\"\n               data-title=\"43346532600_472c25e731_o\"\n               data-description=\"\"\n               data-image-slug=\"43346532600_472c25e731_o\"\n               class=\"ngg-fancybox\" rel=\"65bf34c4cefb98980d726f93dbd6d795\">\n                <img\n                    title=\"43346532600_472c25e731_o\"\n                    alt=\"43346532600_472c25e731_o\"\n                    src=\"http:\/\/www.spaziotorino.it\/scatto\/wp-content\/gallery\/2018_10_06_portici\/cache\/43346532600_472c25e731_o.jpg-nggid0521331-ngg0dyn-60x60x100-00f0w010c011r110f110r010t010.jpg\"\n                    width=\"60\"\n                    height=\"60\"\n                    style=\"max-width:100%;\"\n                \/>\n            <\/a>\n        <\/div>\n\t\t\t\t\t\t\t<\/div> \n\t\t\t\n        \n\t\t\t\t<div id=\"ngg-image-7\" class=\"ngg-gallery-thumbnail-box\" >\n\t\t\t\t        <div class=\"ngg-gallery-thumbnail\">\n            <a href=\"http:\/\/www.spaziotorino.it\/scatto\/wp-content\/gallery\/2018_10_06_portici\/43346533340_67459aaf24_o.jpg\"\n               title=\"\"\n               data-src=\"http:\/\/www.spaziotorino.it\/scatto\/wp-content\/gallery\/2018_10_06_portici\/43346533340_67459aaf24_o.jpg\"\n               data-thumbnail=\"http:\/\/www.spaziotorino.it\/scatto\/wp-content\/gallery\/2018_10_06_portici\/thumbs\/thumbs_43346533340_67459aaf24_o.jpg\"\n               data-image-id=\"21332\"\n               data-title=\"43346533340_67459aaf24_o\"\n               data-description=\"\"\n               data-image-slug=\"43346533340_67459aaf24_o\"\n               class=\"ngg-fancybox\" rel=\"65bf34c4cefb98980d726f93dbd6d795\">\n                <img\n                    title=\"43346533340_67459aaf24_o\"\n                    alt=\"43346533340_67459aaf24_o\"\n                    src=\"http:\/\/www.spaziotorino.it\/scatto\/wp-content\/gallery\/2018_10_06_portici\/cache\/43346533340_67459aaf24_o.jpg-nggid0521332-ngg0dyn-60x60x100-00f0w010c011r110f110r010t010.jpg\"\n                    width=\"60\"\n                    height=\"60\"\n                    style=\"max-width:100%;\"\n                \/>\n            <\/a>\n        <\/div>\n\t\t\t\t\t\t\t<\/div> \n\t\t\t\n        \n\t\t\t\t<div id=\"ngg-image-8\" class=\"ngg-gallery-thumbnail-box\" >\n\t\t\t\t        <div class=\"ngg-gallery-thumbnail\">\n            <a href=\"http:\/\/www.spaziotorino.it\/scatto\/wp-content\/gallery\/2018_10_06_portici\/44248973855_d057b99aa7_o.jpg\"\n               title=\"\"\n               data-src=\"http:\/\/www.spaziotorino.it\/scatto\/wp-content\/gallery\/2018_10_06_portici\/44248973855_d057b99aa7_o.jpg\"\n               data-thumbnail=\"http:\/\/www.spaziotorino.it\/scatto\/wp-content\/gallery\/2018_10_06_portici\/thumbs\/thumbs_44248973855_d057b99aa7_o.jpg\"\n               data-image-id=\"21333\"\n               data-title=\"44248973855_d057b99aa7_o\"\n               data-description=\"\"\n               data-image-slug=\"44248973855_d057b99aa7_o\"\n               class=\"ngg-fancybox\" rel=\"65bf34c4cefb98980d726f93dbd6d795\">\n                <img\n                    title=\"44248973855_d057b99aa7_o\"\n                    alt=\"44248973855_d057b99aa7_o\"\n                    src=\"http:\/\/www.spaziotorino.it\/scatto\/wp-content\/gallery\/2018_10_06_portici\/cache\/44248973855_d057b99aa7_o.jpg-nggid0521333-ngg0dyn-60x60x100-00f0w010c011r110f110r010t010.jpg\"\n                    width=\"60\"\n                    height=\"60\"\n                    style=\"max-width:100%;\"\n                \/>\n            <\/a>\n        <\/div>\n\t\t\t\t\t\t\t<\/div> \n\t\t\t\n        \n\t\t\t\t<div id=\"ngg-image-9\" class=\"ngg-gallery-thumbnail-box\" >\n\t\t\t\t        <div class=\"ngg-gallery-thumbnail\">\n            <a href=\"http:\/\/www.spaziotorino.it\/scatto\/wp-content\/gallery\/2018_10_06_portici\/44438621204_dfe9ea08e9_o.jpg\"\n               title=\"\"\n               data-src=\"http:\/\/www.spaziotorino.it\/scatto\/wp-content\/gallery\/2018_10_06_portici\/44438621204_dfe9ea08e9_o.jpg\"\n               data-thumbnail=\"http:\/\/www.spaziotorino.it\/scatto\/wp-content\/gallery\/2018_10_06_portici\/thumbs\/thumbs_44438621204_dfe9ea08e9_o.jpg\"\n               data-image-id=\"21334\"\n               data-title=\"44438621204_dfe9ea08e9_o\"\n               data-description=\"\"\n               data-image-slug=\"44438621204_dfe9ea08e9_o\"\n               class=\"ngg-fancybox\" rel=\"65bf34c4cefb98980d726f93dbd6d795\">\n                <img\n                    title=\"44438621204_dfe9ea08e9_o\"\n                    alt=\"44438621204_dfe9ea08e9_o\"\n                    src=\"http:\/\/www.spaziotorino.it\/scatto\/wp-content\/gallery\/2018_10_06_portici\/cache\/44438621204_dfe9ea08e9_o.jpg-nggid0521334-ngg0dyn-60x60x100-00f0w010c011r110f110r010t010.jpg\"\n                    width=\"60\"\n                    height=\"60\"\n                    style=\"max-width:100%;\"\n                \/>\n            <\/a>\n        <\/div>\n\t\t\t\t\t\t\t<\/div> \n\t\t\t\n        \n\t\t\n\t\t<!-- Pagination -->\n\t<div class='ngg-clear'><\/div>\t<\/div>\n\n<p>La dodicesima edizione di Portici di carta ha chiuso con successo ieri i battenti confermandosi tra le manifestazioni culturali cittadine pi\u00f9 apprezzate, come ha sottolineato Francesca Leon, assessora comunale alla cultura: \u201c<em>L\u2019affluenza massiccia di pubblico sabato e ieri nel cuore del centro storico e agli appuntamenti letterari in diverse parti della citt\u00e0, conferma ancora una volta il grande affetto per una manifestazione che mette al centro il contatto fisico e materiale tra i torinesi, gli scrittori, i bibliotecari e soprattutto i librai, all\u2019insegna dell\u2019approfondimento culturale. Non \u00e8 solo la curiosit\u00e0 o la ricerca di novit\u00e0 editoriali, quella che abbiamo respirato in queste ore, ma sono l\u2019entusiasmo, la gioia e il desiderio di incontrarsi di una comunit\u00e0 culturale che ama le emozioni che la lettura delle pagine di un romanzo sa dare, la conoscenza che trasferisce un saggio, la spensieratezza e l\u2019allegria di un fumetto e ha fatto di Portici di carta un appuntamento distintivo irrinunciabile. In questa dimensione potenziare il servizio bibliotecario pubblico, anche portando in maniera capillare nei quartieri i libri direttamente ai cittadini, come faremo a partire con il Bibliobus, ci pare un atto doveroso<\/em>\u201d.<span id=\"more-79332\"><\/span><\/p>\n<p>Per l\u2019ideatore di Portici di carta, Rocco Pinto \u201c<em>in questa edizione si \u00e8 respirato l\u2019entusiasmo della citt\u00e0. Portici permette concretamente ai librai torinesi di incontrare i lettori e far conoscere loro le centinaia di iniziative che tutto l\u2019anno organizzano nelle loro botteghe, sul territorio\u201d.<\/em><\/p>\n<p>Sold-out allo spazio eventi dell\u2019Oratorio San Filippo per il reading musicale di Diego De Silva, il debutto letterario di Luigi Lo Cascio, la&nbsp;dedica a Pippi Calzelunghe con la lezione di Valeria Parrella, il ricordo di Luca Rastello, la biblioterapia di Fabio Stassi, le fiabe musicali di&nbsp;Pier Carlo Giovannone, il ritorno di Benedetta Cibrario. Sempre affollato lo&nbsp;Spazio Bambini&nbsp;di piazza San Carlo letteralmente preso d\u2019assalto per le fiabe, le letture, i giochi e le animazioni proposte da Gallucci editore ospite, dalle&nbsp;Biblioteche civiche torinesi, dall\u2019 Associazione Iter, da Torino Retelibri e dai ragazzi del Progetto alternanza scuola \u2013 lavoro.<\/p>\n<p>Grande partecipazione anche all\u2019azione di pittura collettiva Il sorriso di Pippi realizzata in piazza San Carlo del Dipartimento Educazione del Castello di Rivoli. Molta curiosit\u00e0 ha suscitato il Bibliobus, che ha inaugurato la propria attivit\u00e0 in piazza San Carlo, registrando oltre un migliaio di visite e 300 nuove iscrizioni di cittadini alle biblioteche civiche. Successo anche delle letture curate dagli Operatori doppiaggio spettacolo a bordo del Tram storico Blu in collaborazione con l\u2019associazione torinese tram storici Atts e con le Biblioteche. Soddisfazione per le vendite nelle&nbsp;123 bancarelle&nbsp;dei librai ed editori piemontesi, suddivisi nei&nbsp;19 tratti tematici&nbsp;del percorso lungo via Roma, piazza San Carlo e piazza Carlo Felice. Bestseller assoluti:<\/p>\n<p>Ecco i titoli pi\u00f9 richiesti nei diversi generi. Fra i libri in lingua originale \u201cHarry Potter\u201d.<\/p>\n<p>Fra i gialli,&nbsp;\u201cOgni coincidenza ha un\u2019anima\u201d di Fabio Stassi, edito da Sellerio.<\/p>\n<p>Per la narrativa, \u201cOgni ricordo un fiore\u201d di Luigi Lo Cascio (Feltrinelli)<\/p>\n<p>Nel settore Voci di donne, \u201cNon dite che non abbiamo niente\u201d di Madeleine Thien ( 66thand2nd)<\/p>\n<p>Nel settore Montagna, \u201cIl pastore di stambecchi\u201d di Louis Oreiller (Ponte alle Grazie)<\/p>\n<p>Nella Saggistica, \u201cGiuro che non avr\u00f2 pi\u00f9 fame\u201d di Aldo Cazzullo (Mondadori)<\/p>\n<p>Tra i fumetti, \u201cMacerie prime\u201d di Zerocalcare (Bao Publishing) ad ex-aequo con i volumi di Andrea Pazienza.<\/p>\n<p>Per la storia locale, \u201cA va bin parej\u201d di Ugo Revello (Priuli&amp; Verlucca).<\/p>\n<p>Per l\u2019editore ospite Gallucci il libro pi\u00f9 venduto \u00e8 stato \u201cTerraneo\u201d di Marino Amodio.<\/p>\n<p>Tutte esaurite&nbsp;le&nbsp;7 Passeggiate di Portici di Carta: molto apprezzate in particolare quella per bambini, e la novit\u00e0 di quest\u2019anno, quella dedicata a San Salvario vista attraverso lo sguardo e le parole degli scrittori migranti.<\/p>\n<p>Nel&nbsp; tratto pedonalizzato di via Roma, fra piazza Castello e piazza San Carlo, molta attenzione hanno suscitato le proposte e le animazioni del Centro&nbsp; interculturale della Citt\u00e0 di Torino<\/p>\n<p>Ai Giardini Sambuy, a cura dell\u2019Associazione Giardino Forbito, \u00e8 stato promosso il pi\u00f9 grande scambio di libri mai realizzato in citt\u00e0, e si \u00e8 tenuta un\u2019edizione speciale del mercato della biodiversit\u00e0 Googreen, con i produttori del territorio piemontese accompagnati dagli artisti di strada del progetto \u201cTanto di cappello\u201d.<\/p>\n<p>[Guarda tutte le <a href=\"https:\/\/www.flickr.com\/photos\/167267855@N07\/albums\/with\/72157674234186838\">foto di Portici di Carta<\/a>]<\/p>\n","protected":false},"excerpt":{"rendered":"<p>La dodicesima edizione di Portici di carta ha chiuso con successo ieri i battenti confermandosi tra le manifestazioni culturali cittadine pi\u00f9 apprezzate, come ha sottolineato Francesca Leon, assessora comunale alla cultura: \u201cL\u2019affluenza massiccia di pubblico sabato e ieri nel cuore del centro storico e agli appuntamenti letterari in diverse parti della citt\u00e0, conferma ancora una [&hellip;]<\/p>\n","protected":false},"author":1,"featured_media":0,"comment_status":"closed","ping_status":"open","sticky":false,"template":"","format":"standard","meta":{"ngg_post_thumbnail":0},"categories":[133,1,41],"tags":[],"_links":{"self":[{"href":"http:\/\/www.spaziotorino.it\/scatto\/index.php?rest_route=\/wp\/v2\/posts\/13420"}],"collection":[{"href":"http:\/\/www.spaziotorino.it\/scatto\/index.php?rest_route=\/wp\/v2\/posts"}],"about":[{"href":"http:\/\/www.spaziotorino.it\/scatto\/index.php?rest_route=\/wp\/v2\/types\/post"}],"author":[{"embeddable":true,"href":"http:\/\/www.spaziotorino.it\/scatto\/index.php?rest_route=\/wp\/v2\/users\/1"}],"replies":[{"embeddable":true,"href":"http:\/\/www.spaziotorino.it\/scatto\/index.php?rest_route=%2Fwp%2Fv2%2Fcomments&post=13420"}],"version-history":[{"count":2,"href":"http:\/\/www.spaziotorino.it\/scatto\/index.php?rest_route=\/wp\/v2\/posts\/13420\/revisions"}],"predecessor-version":[{"id":13422,"href":"http:\/\/www.spaziotorino.it\/scatto\/index.php?rest_route=\/wp\/v2\/posts\/13420\/revisions\/13422"}],"wp:attachment":[{"href":"http:\/\/www.spaziotorino.it\/scatto\/index.php?rest_route=%2Fwp%2Fv2%2Fmedia&parent=13420"}],"wp:term":[{"taxonomy":"category","embeddable":true,"href":"http:\/\/www.spaziotorino.it\/scatto\/index.php?rest_route=%2Fwp%2Fv2%2Fcategories&post=13420"},{"taxonomy":"post_tag","embeddable":true,"href":"http:\/\/www.spaziotorino.it\/scatto\/index.php?rest_route=%2Fwp%2Fv2%2Ftags&post=13420"}],"curies":[{"name":"wp","href":"https:\/\/api.w.org\/{rel}","templated":true}]}}