{"id":13453,"date":"2018-10-08T20:27:36","date_gmt":"2018-10-08T19:27:36","guid":{"rendered":"http:\/\/www.spaziotorino.it\/scatto\/?p=13453"},"modified":"2018-11-23T17:21:37","modified_gmt":"2018-11-23T16:21:37","slug":"spotlight-luci-che-accecano-realta-invisibili-diego-bianchi-per-biennale-democrazia","status":"publish","type":"post","link":"http:\/\/www.spaziotorino.it\/scatto\/?p=13453","title":{"rendered":"Spotlight. Luci che accecano, realt\u00e0 invisibili. Diego Bianchi per Biennale Democrazia"},"content":{"rendered":"<p><a class=\"ngg-fancybox\" title=\"Spotlight. Luci che accecano, realt\u00e0 invisibili. Diego Bianchi per Biennale Democrazia\" href=\"http:\/\/www.spaziotorino.it\/scatto\/wp-content\/gallery\/2018_10_08_bdzoro\/IMG_7276-copia.jpg\" rel=\"6e4b1eab673efb9a79673d04c047842b\"><br \/>\n<img decoding=\"async\" loading=\"lazy\" class=\"ngg-singlepic\" title=\"Spotlight. Luci che accecano, realt\u00e0 invisibili. Diego Bianchi per Biennale Democrazia\" src=\"http:\/\/www.spaziotorino.it\/scatto\/wp-content\/gallery\/2018_10_08_bdzoro\/IMG_7276-copia.jpg\" alt=\"\" width=\"540\" height=\"360\"\/><\/a><\/p>\n<!-- index.php -->\n<div\n\tclass=\"ngg-galleryoverview ngg-ajax-pagination-none\"\n\tid=\"ngg-gallery-37e96e65a7529d06a7382e9fad7c5190-1\">\n\n    \t\t<!-- Thumbnails -->\n\t\t\t\t<div id=\"ngg-image-0\" class=\"ngg-gallery-thumbnail-box\" >\n\t\t\t\t        <div class=\"ngg-gallery-thumbnail\">\n            <a href=\"http:\/\/www.spaziotorino.it\/scatto\/wp-content\/gallery\/2018_10_08_bdzoro\/IMG_7119-copia.jpg\"\n               title=\"La coda per Diego Bianchi alla Cavallerizza Reale\"\n               data-src=\"http:\/\/www.spaziotorino.it\/scatto\/wp-content\/gallery\/2018_10_08_bdzoro\/IMG_7119-copia.jpg\"\n               data-thumbnail=\"http:\/\/www.spaziotorino.it\/scatto\/wp-content\/gallery\/2018_10_08_bdzoro\/thumbs\/thumbs_IMG_7119-copia.jpg\"\n               data-image-id=\"21339\"\n               data-title=\"La coda per Diego Bianchi alla Cavallerizza Reale\"\n               data-description=\"La coda per Diego Bianchi alla Cavallerizza Reale\"\n               data-image-slug=\"img_7119-copia-1\"\n               class=\"ngg-fancybox\" rel=\"37e96e65a7529d06a7382e9fad7c5190\">\n                <img\n                    title=\"La coda per Diego Bianchi alla Cavallerizza Reale\"\n                    alt=\"La coda per Diego Bianchi alla Cavallerizza Reale\"\n                    src=\"http:\/\/www.spaziotorino.it\/scatto\/wp-content\/gallery\/2018_10_08_bdzoro\/cache\/IMG_7119-copia.jpg-nggid0521339-ngg0dyn-60x60x100-00f0w010c011r110f110r010t010.jpg\"\n                    width=\"60\"\n                    height=\"60\"\n                    style=\"max-width:100%;\"\n                \/>\n            <\/a>\n        <\/div>\n\t\t\t\t\t\t\t<\/div> \n\t\t\t\n        \n\t\t\t\t<div id=\"ngg-image-1\" class=\"ngg-gallery-thumbnail-box\" >\n\t\t\t\t        <div class=\"ngg-gallery-thumbnail\">\n            <a href=\"http:\/\/www.spaziotorino.it\/scatto\/wp-content\/gallery\/2018_10_08_bdzoro\/IMG_7124-copia.jpg\"\n               title=\"Biennale Democrazia. Spotlight. Luci che accecano, realt\u00e0 invisibili\"\n               data-src=\"http:\/\/www.spaziotorino.it\/scatto\/wp-content\/gallery\/2018_10_08_bdzoro\/IMG_7124-copia.jpg\"\n               data-thumbnail=\"http:\/\/www.spaziotorino.it\/scatto\/wp-content\/gallery\/2018_10_08_bdzoro\/thumbs\/thumbs_IMG_7124-copia.jpg\"\n               data-image-id=\"21340\"\n               data-title=\"Biennale Democrazia. Spotlight. Luci che accecano, realt\u00e0 invisibili\"\n               data-description=\"Biennale Democrazia. Spotlight. Luci che accecano, realt\u00e0 invisibili\"\n               data-image-slug=\"img_7124-copia\"\n               class=\"ngg-fancybox\" rel=\"37e96e65a7529d06a7382e9fad7c5190\">\n                <img\n                    title=\"Biennale Democrazia. Spotlight. Luci che accecano, realt\u00e0 invisibili\"\n                    alt=\"Biennale Democrazia. Spotlight. Luci che accecano, realt\u00e0 invisibili\"\n                    src=\"http:\/\/www.spaziotorino.it\/scatto\/wp-content\/gallery\/2018_10_08_bdzoro\/cache\/IMG_7124-copia.jpg-nggid0521340-ngg0dyn-60x60x100-00f0w010c011r110f110r010t010.jpg\"\n                    width=\"60\"\n                    height=\"60\"\n                    style=\"max-width:100%;\"\n                \/>\n            <\/a>\n        <\/div>\n\t\t\t\t\t\t\t<\/div> \n\t\t\t\n        \n\t\t\t\t<div id=\"ngg-image-2\" class=\"ngg-gallery-thumbnail-box\" >\n\t\t\t\t        <div class=\"ngg-gallery-thumbnail\">\n            <a href=\"http:\/\/www.spaziotorino.it\/scatto\/wp-content\/gallery\/2018_10_08_bdzoro\/IMG_7138-copia.jpg\"\n               title=\"Selfie con Diego Bianchi\"\n               data-src=\"http:\/\/www.spaziotorino.it\/scatto\/wp-content\/gallery\/2018_10_08_bdzoro\/IMG_7138-copia.jpg\"\n               data-thumbnail=\"http:\/\/www.spaziotorino.it\/scatto\/wp-content\/gallery\/2018_10_08_bdzoro\/thumbs\/thumbs_IMG_7138-copia.jpg\"\n               data-image-id=\"21341\"\n               data-title=\"Selfie con Diego Bianchi\"\n               data-description=\"Selfie con Diego Bianchi\"\n               data-image-slug=\"img_7138-copia-1\"\n               class=\"ngg-fancybox\" rel=\"37e96e65a7529d06a7382e9fad7c5190\">\n                <img\n                    title=\"Selfie con Diego Bianchi\"\n                    alt=\"Selfie con Diego Bianchi\"\n                    src=\"http:\/\/www.spaziotorino.it\/scatto\/wp-content\/gallery\/2018_10_08_bdzoro\/cache\/IMG_7138-copia.jpg-nggid0521341-ngg0dyn-60x60x100-00f0w010c011r110f110r010t010.jpg\"\n                    width=\"60\"\n                    height=\"60\"\n                    style=\"max-width:100%;\"\n                \/>\n            <\/a>\n        <\/div>\n\t\t\t\t\t\t\t<\/div> \n\t\t\t\n        \n\t\t\t\t<div id=\"ngg-image-3\" class=\"ngg-gallery-thumbnail-box\" >\n\t\t\t\t        <div class=\"ngg-gallery-thumbnail\">\n            <a href=\"http:\/\/www.spaziotorino.it\/scatto\/wp-content\/gallery\/2018_10_08_bdzoro\/IMG_7147-copia.jpg\"\n               title=\"Gabriele Magrin, curatore scientifico di Biennale con Gianmaria Ajani e Lorenza Operti, Rettore e Vice Rettore dell&#039;Universit\u00e0 di Torino\"\n               data-src=\"http:\/\/www.spaziotorino.it\/scatto\/wp-content\/gallery\/2018_10_08_bdzoro\/IMG_7147-copia.jpg\"\n               data-thumbnail=\"http:\/\/www.spaziotorino.it\/scatto\/wp-content\/gallery\/2018_10_08_bdzoro\/thumbs\/thumbs_IMG_7147-copia.jpg\"\n               data-image-id=\"21342\"\n               data-title=\"Gabriele Magrin, curatore scientifico di Biennale con Gianmaria Ajani e Lorenza Operti, Rettore e Vice Rettore dell&#039;Universit\u00e0 di Torino\"\n               data-description=\"Gabriele Magrin, curatore scientifico di Biennale con Gianmaria Ajani e Lorenza Operti, Rettore e Vice Rettore dell&#039;Universit\u00e0 di Torino\"\n               data-image-slug=\"img_7147-copia\"\n               class=\"ngg-fancybox\" rel=\"37e96e65a7529d06a7382e9fad7c5190\">\n                <img\n                    title=\"Gabriele Magrin, curatore scientifico di Biennale con Gianmaria Ajani e Lorenza Operti, Rettore e Vice Rettore dell&#039;Universit\u00e0 di Torino\"\n                    alt=\"Gabriele Magrin, curatore scientifico di Biennale con Gianmaria Ajani e Lorenza Operti, Rettore e Vice Rettore dell&#039;Universit\u00e0 di Torino\"\n                    src=\"http:\/\/www.spaziotorino.it\/scatto\/wp-content\/gallery\/2018_10_08_bdzoro\/cache\/IMG_7147-copia.jpg-nggid0521342-ngg0dyn-60x60x100-00f0w010c011r110f110r010t010.jpg\"\n                    width=\"60\"\n                    height=\"60\"\n                    style=\"max-width:100%;\"\n                \/>\n            <\/a>\n        <\/div>\n\t\t\t\t\t\t\t<\/div> \n\t\t\t\n        \n\t\t\t\t<div id=\"ngg-image-4\" class=\"ngg-gallery-thumbnail-box\" >\n\t\t\t\t        <div class=\"ngg-gallery-thumbnail\">\n            <a href=\"http:\/\/www.spaziotorino.it\/scatto\/wp-content\/gallery\/2018_10_08_bdzoro\/IMG_7191-copia.jpg\"\n               title=\"Gustavo Zagrebelsky, Angela La Rotella e Diego Bianchi\"\n               data-src=\"http:\/\/www.spaziotorino.it\/scatto\/wp-content\/gallery\/2018_10_08_bdzoro\/IMG_7191-copia.jpg\"\n               data-thumbnail=\"http:\/\/www.spaziotorino.it\/scatto\/wp-content\/gallery\/2018_10_08_bdzoro\/thumbs\/thumbs_IMG_7191-copia.jpg\"\n               data-image-id=\"21343\"\n               data-title=\"Gustavo Zagrebelsky, Angela La Rotella e Diego Bianchi\"\n               data-description=\"Gustavo Zagrebelsky, Angela La Rotella e Diego Bianchi\"\n               data-image-slug=\"img_7191-copia\"\n               class=\"ngg-fancybox\" rel=\"37e96e65a7529d06a7382e9fad7c5190\">\n                <img\n                    title=\"Gustavo Zagrebelsky, Angela La Rotella e Diego Bianchi\"\n                    alt=\"Gustavo Zagrebelsky, Angela La Rotella e Diego Bianchi\"\n                    src=\"http:\/\/www.spaziotorino.it\/scatto\/wp-content\/gallery\/2018_10_08_bdzoro\/cache\/IMG_7191-copia.jpg-nggid0521343-ngg0dyn-60x60x100-00f0w010c011r110f110r010t010.jpg\"\n                    width=\"60\"\n                    height=\"60\"\n                    style=\"max-width:100%;\"\n                \/>\n            <\/a>\n        <\/div>\n\t\t\t\t\t\t\t<\/div> \n\t\t\t\n        \n\t\t\t\t<div id=\"ngg-image-5\" class=\"ngg-gallery-thumbnail-box\" >\n\t\t\t\t        <div class=\"ngg-gallery-thumbnail\">\n            <a href=\"http:\/\/www.spaziotorino.it\/scatto\/wp-content\/gallery\/2018_10_08_bdzoro\/IMG_7198-copia.jpg\"\n               title=\"Massimo Cuono, coordinatore scientifico e organizzativo di Biennale Democrazia\"\n               data-src=\"http:\/\/www.spaziotorino.it\/scatto\/wp-content\/gallery\/2018_10_08_bdzoro\/IMG_7198-copia.jpg\"\n               data-thumbnail=\"http:\/\/www.spaziotorino.it\/scatto\/wp-content\/gallery\/2018_10_08_bdzoro\/thumbs\/thumbs_IMG_7198-copia.jpg\"\n               data-image-id=\"21344\"\n               data-title=\"Massimo Cuono, coordinatore scientifico e organizzativo di Biennale Democrazia\"\n               data-description=\"Massimo Cuono, coordinatore scientifico e organizzativo di Biennale Democrazia\"\n               data-image-slug=\"img_7198-copia\"\n               class=\"ngg-fancybox\" rel=\"37e96e65a7529d06a7382e9fad7c5190\">\n                <img\n                    title=\"Massimo Cuono, coordinatore scientifico e organizzativo di Biennale Democrazia\"\n                    alt=\"Massimo Cuono, coordinatore scientifico e organizzativo di Biennale Democrazia\"\n                    src=\"http:\/\/www.spaziotorino.it\/scatto\/wp-content\/gallery\/2018_10_08_bdzoro\/cache\/IMG_7198-copia.jpg-nggid0521344-ngg0dyn-60x60x100-00f0w010c011r110f110r010t010.jpg\"\n                    width=\"60\"\n                    height=\"60\"\n                    style=\"max-width:100%;\"\n                \/>\n            <\/a>\n        <\/div>\n\t\t\t\t\t\t\t<\/div> \n\t\t\t\n        \n\t\t\t\t<div id=\"ngg-image-6\" class=\"ngg-gallery-thumbnail-box\" >\n\t\t\t\t        <div class=\"ngg-gallery-thumbnail\">\n            <a href=\"http:\/\/www.spaziotorino.it\/scatto\/wp-content\/gallery\/2018_10_08_bdzoro\/IMG_7224-copia.jpg\"\n               title=\"Diego Bianchi e il pubblico dell&#039;Aula Magna della Cavallerizza Reale\"\n               data-src=\"http:\/\/www.spaziotorino.it\/scatto\/wp-content\/gallery\/2018_10_08_bdzoro\/IMG_7224-copia.jpg\"\n               data-thumbnail=\"http:\/\/www.spaziotorino.it\/scatto\/wp-content\/gallery\/2018_10_08_bdzoro\/thumbs\/thumbs_IMG_7224-copia.jpg\"\n               data-image-id=\"21345\"\n               data-title=\"Diego Bianchi e il pubblico dell&#039;Aula Magna della Cavallerizza Reale\"\n               data-description=\"Diego Bianchi e il pubblico dell&#039;Aula Magna della Cavallerizza Reale\"\n               data-image-slug=\"img_7224-copia\"\n               class=\"ngg-fancybox\" rel=\"37e96e65a7529d06a7382e9fad7c5190\">\n                <img\n                    title=\"Diego Bianchi e il pubblico dell&#039;Aula Magna della Cavallerizza Reale\"\n                    alt=\"Diego Bianchi e il pubblico dell&#039;Aula Magna della Cavallerizza Reale\"\n                    src=\"http:\/\/www.spaziotorino.it\/scatto\/wp-content\/gallery\/2018_10_08_bdzoro\/cache\/IMG_7224-copia.jpg-nggid0521345-ngg0dyn-60x60x100-00f0w010c011r110f110r010t010.jpg\"\n                    width=\"60\"\n                    height=\"60\"\n                    style=\"max-width:100%;\"\n                \/>\n            <\/a>\n        <\/div>\n\t\t\t\t\t\t\t<\/div> \n\t\t\t\n        \n\t\t\t\t<div id=\"ngg-image-7\" class=\"ngg-gallery-thumbnail-box\" >\n\t\t\t\t        <div class=\"ngg-gallery-thumbnail\">\n            <a href=\"http:\/\/www.spaziotorino.it\/scatto\/wp-content\/gallery\/2018_10_08_bdzoro\/IMG_7226-copia.jpg\"\n               title=\"Biennale Democrazia. Spotlight. Luci che accecano, realt\u00e0 invisibili\"\n               data-src=\"http:\/\/www.spaziotorino.it\/scatto\/wp-content\/gallery\/2018_10_08_bdzoro\/IMG_7226-copia.jpg\"\n               data-thumbnail=\"http:\/\/www.spaziotorino.it\/scatto\/wp-content\/gallery\/2018_10_08_bdzoro\/thumbs\/thumbs_IMG_7226-copia.jpg\"\n               data-image-id=\"21346\"\n               data-title=\"Biennale Democrazia. Spotlight. Luci che accecano, realt\u00e0 invisibili\"\n               data-description=\"Biennale Democrazia. Spotlight. Luci che accecano, realt\u00e0 invisibili\"\n               data-image-slug=\"img_7226-copia\"\n               class=\"ngg-fancybox\" rel=\"37e96e65a7529d06a7382e9fad7c5190\">\n                <img\n                    title=\"Biennale Democrazia. Spotlight. Luci che accecano, realt\u00e0 invisibili\"\n                    alt=\"Biennale Democrazia. Spotlight. Luci che accecano, realt\u00e0 invisibili\"\n                    src=\"http:\/\/www.spaziotorino.it\/scatto\/wp-content\/gallery\/2018_10_08_bdzoro\/cache\/IMG_7226-copia.jpg-nggid0521346-ngg0dyn-60x60x100-00f0w010c011r110f110r010t010.jpg\"\n                    width=\"60\"\n                    height=\"60\"\n                    style=\"max-width:100%;\"\n                \/>\n            <\/a>\n        <\/div>\n\t\t\t\t\t\t\t<\/div> \n\t\t\t\n        \n\t\t\t\t<div id=\"ngg-image-8\" class=\"ngg-gallery-thumbnail-box\" >\n\t\t\t\t        <div class=\"ngg-gallery-thumbnail\">\n            <a href=\"http:\/\/www.spaziotorino.it\/scatto\/wp-content\/gallery\/2018_10_08_bdzoro\/IMG_7239-copia.jpg\"\n               title=\"Diego Bianchi - Propaganda. Il potere delle immagini\"\n               data-src=\"http:\/\/www.spaziotorino.it\/scatto\/wp-content\/gallery\/2018_10_08_bdzoro\/IMG_7239-copia.jpg\"\n               data-thumbnail=\"http:\/\/www.spaziotorino.it\/scatto\/wp-content\/gallery\/2018_10_08_bdzoro\/thumbs\/thumbs_IMG_7239-copia.jpg\"\n               data-image-id=\"21347\"\n               data-title=\"Diego Bianchi - Propaganda. Il potere delle immagini\"\n               data-description=\"Diego Bianchi - Propaganda. Il potere delle immagini\"\n               data-image-slug=\"img_7239-copia\"\n               class=\"ngg-fancybox\" rel=\"37e96e65a7529d06a7382e9fad7c5190\">\n                <img\n                    title=\"Diego Bianchi - Propaganda. Il potere delle immagini\"\n                    alt=\"Diego Bianchi - Propaganda. Il potere delle immagini\"\n                    src=\"http:\/\/www.spaziotorino.it\/scatto\/wp-content\/gallery\/2018_10_08_bdzoro\/cache\/IMG_7239-copia.jpg-nggid0521347-ngg0dyn-60x60x100-00f0w010c011r110f110r010t010.jpg\"\n                    width=\"60\"\n                    height=\"60\"\n                    style=\"max-width:100%;\"\n                \/>\n            <\/a>\n        <\/div>\n\t\t\t\t\t\t\t<\/div> \n\t\t\t\n        \n\t\t\t\t<div id=\"ngg-image-9\" class=\"ngg-gallery-thumbnail-box\" >\n\t\t\t\t        <div class=\"ngg-gallery-thumbnail\">\n            <a href=\"http:\/\/www.spaziotorino.it\/scatto\/wp-content\/gallery\/2018_10_08_bdzoro\/IMG_7251-copia.jpg\"\n               title=\"Diego Bianchi\"\n               data-src=\"http:\/\/www.spaziotorino.it\/scatto\/wp-content\/gallery\/2018_10_08_bdzoro\/IMG_7251-copia.jpg\"\n               data-thumbnail=\"http:\/\/www.spaziotorino.it\/scatto\/wp-content\/gallery\/2018_10_08_bdzoro\/thumbs\/thumbs_IMG_7251-copia.jpg\"\n               data-image-id=\"21348\"\n               data-title=\"Diego Bianchi\"\n               data-description=\"Diego Bianchi\"\n               data-image-slug=\"img_7251-copia\"\n               class=\"ngg-fancybox\" rel=\"37e96e65a7529d06a7382e9fad7c5190\">\n                <img\n                    title=\"Diego Bianchi\"\n                    alt=\"Diego Bianchi\"\n                    src=\"http:\/\/www.spaziotorino.it\/scatto\/wp-content\/gallery\/2018_10_08_bdzoro\/cache\/IMG_7251-copia.jpg-nggid0521348-ngg0dyn-60x60x100-00f0w010c011r110f110r010t010.jpg\"\n                    width=\"60\"\n                    height=\"60\"\n                    style=\"max-width:100%;\"\n                \/>\n            <\/a>\n        <\/div>\n\t\t\t\t\t\t\t<\/div> \n\t\t\t\n        \n\t\t\t\t<div id=\"ngg-image-10\" class=\"ngg-gallery-thumbnail-box\" >\n\t\t\t\t        <div class=\"ngg-gallery-thumbnail\">\n            <a href=\"http:\/\/www.spaziotorino.it\/scatto\/wp-content\/gallery\/2018_10_08_bdzoro\/IMG_7273-copia.jpg\"\n               title=\"Diego Bianchi\"\n               data-src=\"http:\/\/www.spaziotorino.it\/scatto\/wp-content\/gallery\/2018_10_08_bdzoro\/IMG_7273-copia.jpg\"\n               data-thumbnail=\"http:\/\/www.spaziotorino.it\/scatto\/wp-content\/gallery\/2018_10_08_bdzoro\/thumbs\/thumbs_IMG_7273-copia.jpg\"\n               data-image-id=\"21349\"\n               data-title=\"Diego Bianchi\"\n               data-description=\"Diego Bianchi\"\n               data-image-slug=\"img_7273-copia\"\n               class=\"ngg-fancybox\" rel=\"37e96e65a7529d06a7382e9fad7c5190\">\n                <img\n                    title=\"Diego Bianchi\"\n                    alt=\"Diego Bianchi\"\n                    src=\"http:\/\/www.spaziotorino.it\/scatto\/wp-content\/gallery\/2018_10_08_bdzoro\/cache\/IMG_7273-copia.jpg-nggid0521349-ngg0dyn-60x60x100-00f0w010c011r110f110r010t010.jpg\"\n                    width=\"60\"\n                    height=\"60\"\n                    style=\"max-width:100%;\"\n                \/>\n            <\/a>\n        <\/div>\n\t\t\t\t\t\t\t<\/div> \n\t\t\t\n        \n\t\t\t\t<div id=\"ngg-image-11\" class=\"ngg-gallery-thumbnail-box\" >\n\t\t\t\t        <div class=\"ngg-gallery-thumbnail\">\n            <a href=\"http:\/\/www.spaziotorino.it\/scatto\/wp-content\/gallery\/2018_10_08_bdzoro\/IMG_7276-copia.jpg\"\n               title=\"Diego Bianchi\"\n               data-src=\"http:\/\/www.spaziotorino.it\/scatto\/wp-content\/gallery\/2018_10_08_bdzoro\/IMG_7276-copia.jpg\"\n               data-thumbnail=\"http:\/\/www.spaziotorino.it\/scatto\/wp-content\/gallery\/2018_10_08_bdzoro\/thumbs\/thumbs_IMG_7276-copia.jpg\"\n               data-image-id=\"21350\"\n               data-title=\"Diego Bianchi\"\n               data-description=\"Diego Bianchi\"\n               data-image-slug=\"img_7276-copia\"\n               class=\"ngg-fancybox\" rel=\"37e96e65a7529d06a7382e9fad7c5190\">\n                <img\n                    title=\"Diego Bianchi\"\n                    alt=\"Diego Bianchi\"\n                    src=\"http:\/\/www.spaziotorino.it\/scatto\/wp-content\/gallery\/2018_10_08_bdzoro\/cache\/IMG_7276-copia.jpg-nggid0521350-ngg0dyn-60x60x100-00f0w010c011r110f110r010t010.jpg\"\n                    width=\"60\"\n                    height=\"60\"\n                    style=\"max-width:100%;\"\n                \/>\n            <\/a>\n        <\/div>\n\t\t\t\t\t\t\t<\/div> \n\t\t\t\n        \n\t\t\t\t<div id=\"ngg-image-12\" class=\"ngg-gallery-thumbnail-box\" >\n\t\t\t\t        <div class=\"ngg-gallery-thumbnail\">\n            <a href=\"http:\/\/www.spaziotorino.it\/scatto\/wp-content\/gallery\/2018_10_08_bdzoro\/IMG_7281-copia.jpg\"\n               title=\"\"\n               data-src=\"http:\/\/www.spaziotorino.it\/scatto\/wp-content\/gallery\/2018_10_08_bdzoro\/IMG_7281-copia.jpg\"\n               data-thumbnail=\"http:\/\/www.spaziotorino.it\/scatto\/wp-content\/gallery\/2018_10_08_bdzoro\/thumbs\/thumbs_IMG_7281-copia.jpg\"\n               data-image-id=\"21351\"\n               data-title=\"IMG_7281-copia\"\n               data-description=\"\"\n               data-image-slug=\"img_7281-copia-1\"\n               class=\"ngg-fancybox\" rel=\"37e96e65a7529d06a7382e9fad7c5190\">\n                <img\n                    title=\"IMG_7281-copia\"\n                    alt=\"IMG_7281-copia\"\n                    src=\"http:\/\/www.spaziotorino.it\/scatto\/wp-content\/gallery\/2018_10_08_bdzoro\/cache\/IMG_7281-copia.jpg-nggid0521351-ngg0dyn-60x60x100-00f0w010c011r110f110r010t010.jpg\"\n                    width=\"60\"\n                    height=\"60\"\n                    style=\"max-width:100%;\"\n                \/>\n            <\/a>\n        <\/div>\n\t\t\t\t\t\t\t<\/div> \n\t\t\t\n        \n\t\t\t\t<div id=\"ngg-image-13\" class=\"ngg-gallery-thumbnail-box\" >\n\t\t\t\t        <div class=\"ngg-gallery-thumbnail\">\n            <a href=\"http:\/\/www.spaziotorino.it\/scatto\/wp-content\/gallery\/2018_10_08_bdzoro\/IMG_7300-copia.jpg\"\n               title=\"Diego Bianchi e Luigi Rendina, Young Board del Polo del \u2018900\"\n               data-src=\"http:\/\/www.spaziotorino.it\/scatto\/wp-content\/gallery\/2018_10_08_bdzoro\/IMG_7300-copia.jpg\"\n               data-thumbnail=\"http:\/\/www.spaziotorino.it\/scatto\/wp-content\/gallery\/2018_10_08_bdzoro\/thumbs\/thumbs_IMG_7300-copia.jpg\"\n               data-image-id=\"21352\"\n               data-title=\"Diego Bianchi e Luigi Rendina, Young Board del Polo del \u2018900\"\n               data-description=\"Diego Bianchi e Luigi Rendina, Young Board del Polo del \u2018900\"\n               data-image-slug=\"img_7300-copia-1\"\n               class=\"ngg-fancybox\" rel=\"37e96e65a7529d06a7382e9fad7c5190\">\n                <img\n                    title=\"Diego Bianchi e Luigi Rendina, Young Board del Polo del \u2018900\"\n                    alt=\"Diego Bianchi e Luigi Rendina, Young Board del Polo del \u2018900\"\n                    src=\"http:\/\/www.spaziotorino.it\/scatto\/wp-content\/gallery\/2018_10_08_bdzoro\/cache\/IMG_7300-copia.jpg-nggid0521352-ngg0dyn-60x60x100-00f0w010c011r110f110r010t010.jpg\"\n                    width=\"60\"\n                    height=\"60\"\n                    style=\"max-width:100%;\"\n                \/>\n            <\/a>\n        <\/div>\n\t\t\t\t\t\t\t<\/div> \n\t\t\t\n        \n\t\t\n\t\t<!-- Pagination -->\n\t<div class='ngg-clear'><\/div>\t<\/div>\n\n<p>Tra ottobre e novembre 2018, Torino e Cuneo ospitano la rassegna <strong><em>Spotlight. Luci che accecano, realt\u00e0 invisibili<\/em><\/strong>, un ciclo di incontri che anticipa i temi della sesta edizione di <strong>Biennale Democrazia<\/strong> dal titolo <em>Visibile Invisibile<\/em>, in programma a Torino dal 27 al 31 marzo 2019.<\/p>\n<p>I quattro incontri \u2013 con Diego Bianchi, Federico Rampini, Fabio Viola, Gad Lerner e Igiaba Scego \u2013 intendono offrire un\u2019occasione di riflessione sul paradosso di una societ\u00e0, come la nostra, che seppure \u201cad alta visibilit\u00e0\u201d si ritrova contornata da fenomeni che i riflettori della comunicazione lasciano invece in ombra, rendendoli opachi alla vista e alla comprensione. Bianchi esplorer\u00e0 quindi il potere delle immagini; Rampini racconter\u00e0, mappandole, le trasformazioni del nostro mondo; Viola sveler\u00e0 le nuove applicazioni della cultura del gioco, tra finzione e realt\u00e0; infine, a ottant\u2019anni dalle leggi razziali, Gad Lerner e Igiaba Scego dialogheranno sulle forme contemporanee del rigetto dell\u2019altro.<\/p>\n<p>Le sedi degli incontri torinesi, realizzati assieme a <strong>900Giovani<\/strong>, lo <strong>Young Board del Polo del \u2018900<\/strong>, saranno la Sala \u2018900 del Polo e l\u2019Aula Magna della Cavallerizza Reale; l\u2019incontro cuneese avr\u00e0 invece luogo al Teatro Toselli, con la preziosa collaborazione della <strong>Citt\u00e0 di Cuneo<\/strong>.<\/p>\n<p>Tutti gli appuntamenti sono a ingresso libero e gratuito, fino ad esaurimento posti.<\/p>\n<p>La rassegna \u00e8 un progetto della <strong>Citt\u00e0 di Torino<\/strong>, realizzato dalla <strong>Fondazione per la Cultura Torino<\/strong> e dal <strong>Polo del \u2018900<\/strong>, in collaborazione con <strong>Fondazione Artea<\/strong> e <strong>CAMERA &#8211; Centro Italiano per la Fotografia<\/strong>. L\u2019iniziativa \u00e8 sostenuta dalla <strong>Compagnia di San Paolo <\/strong>nell\u2019ambito del \u201c<strong>Bando Polo del \u2018900<\/strong>\u201d, destinato ad azioni che promuovono il dialogo tra \u2018900 e contemporaneit\u00e0 usando la partecipazione culturale come leva di innovazione civica, e vede <strong>Intesa Sanpaolo<\/strong> come main partner. <em>Spotlight<\/em> gode inoltre del patrocinio dell\u2019<strong>Universit\u00e0 degli Studi di Torino<\/strong>.<\/p>\n<p><em>Le luci, talvolta accecanti, della comunicazione ci restituiscono un mondo a portata di mano; siamo infatti in grado di vedere realt\u00e0 sociali, inaccessibili fino a pochi anni fa <\/em>&#8211; sottolinea <strong>Gustavo<\/strong> <strong>Zagrebelsky<\/strong>, Presidente di Biennale Democrazia.<em> Eppure, i riflettori nascondono, nel momento stesso in cui illuminano. Lasciano in ombra pezzi di mondo che contrastano con la logica sfavillante delle vetrine sociali e politiche. Il ciclo&nbsp;<\/em>Spotlight<em>&nbsp;indaga questo gioco di luci e ombre, di visibile e invisibile, che caratterizza il nostro tempo.<\/em><em>&nbsp;<\/em><\/p>\n<p><em>Spotlight <\/em>non \u00e8 solo un ciclo di incontri: il progetto prevede infatti anche <a href=\"http:\/\/biennaledemocrazia.it\/partecipa\/\">il rafforzamento delle attivit\u00e0 di formazione<\/a> svolte da Biennale nelle scuole superiori di Torino e, da quest\u2019anno, anche di Cuneo, grazie alla collaborazione con il <strong>CeSPeC &#8211; Centro Studi sul Pensiero Contemporaneo<\/strong>.<\/p>\n<p>Nelle immagini del fotoblog il primo appuntamento della rassegna: <strong>Diego Bianchi &#8211; Propaganda. Il potere delle immagini<\/strong><br \/>\nLa nostra percezione della realt\u00e0 e\u0300, oggi pi\u00f9 che mai, mediata da immagini che pretendono di resti-tuirci la complessit\u00e0 del mondo in un\u2019istantanea. L\u2019informazione e la politica ricalcano, sempre di pi\u00f9\u0300, la nostra comunicazione fatta di fotografie, video e autoscatti mentre si trasforma il nostro modo di accedere allo spazio pubblico e di giudicare i suoi attori. Noto con lo pseudonimo di Zoro, il conduttore televisivo e youtuber Diego Bianchi ha commentato immagini significative del nostro tempo, selezionate dai ragazzi dello Young Board del Polo del \u2018900.<\/p>\n<p><strong>I prossimi appuntamenti:<\/strong><br \/>\nMarted\u00ec 16 ottobre, ore 18 | Cuneo &#8211; Teatro Toselli<br \/>\n<strong>Federico Rampini<\/strong> &#8211; Le linee rosse. Mappe per capire il mondo<\/p>\n<p>Mercoled\u00ec 31 ottobre, ore 18 | Torino &#8211; Polo del \u2018900, Sala \u2018900<br \/>\n<strong>Fabio Viola<\/strong> &#8211; Homo ludens. Giochi culturali e cultura in gioco<\/p>\n<p>Gioved\u00ec 22 novembre, ore 18 | Torino &#8211; Polo del &#8216;900, Sala &#8216;900<br \/>\n<strong>Gad Lerner e Igiaba Scego<\/strong> &#8211; Il rifiuto dell\u2019altro. A ottant\u2019anni dalle leggi razziali<\/p>\n<p><strong><u>Per ulteriori informazioni:<\/u><\/strong><\/p>\n<p><a href=\"http:\/\/biennaledemocrazia.it\/bd-annuncia-spotlight\/\">www.biennaledemocrazia.it\/bd-annuncia-spotlight\/<\/a><\/p>\n<p>mail: <a href=\"mailto:biennale.democrazia@gmail.com\">biennale.democrazia@gmail.com<\/a><\/p>\n","protected":false},"excerpt":{"rendered":"<p>Tra ottobre e novembre 2018, Torino e Cuneo ospitano la rassegna Spotlight. Luci che accecano, realt\u00e0 invisibili, un ciclo di incontri che anticipa i temi della sesta edizione di Biennale Democrazia dal titolo Visibile Invisibile, in programma a Torino dal 27 al 31 marzo 2019. I quattro incontri \u2013 con Diego Bianchi, Federico Rampini, Fabio [&hellip;]<\/p>\n","protected":false},"author":1,"featured_media":0,"comment_status":"closed","ping_status":"open","sticky":false,"template":"","format":"standard","meta":{"ngg_post_thumbnail":0},"categories":[133,1],"tags":[],"_links":{"self":[{"href":"http:\/\/www.spaziotorino.it\/scatto\/index.php?rest_route=\/wp\/v2\/posts\/13453"}],"collection":[{"href":"http:\/\/www.spaziotorino.it\/scatto\/index.php?rest_route=\/wp\/v2\/posts"}],"about":[{"href":"http:\/\/www.spaziotorino.it\/scatto\/index.php?rest_route=\/wp\/v2\/types\/post"}],"author":[{"embeddable":true,"href":"http:\/\/www.spaziotorino.it\/scatto\/index.php?rest_route=\/wp\/v2\/users\/1"}],"replies":[{"embeddable":true,"href":"http:\/\/www.spaziotorino.it\/scatto\/index.php?rest_route=%2Fwp%2Fv2%2Fcomments&post=13453"}],"version-history":[{"count":5,"href":"http:\/\/www.spaziotorino.it\/scatto\/index.php?rest_route=\/wp\/v2\/posts\/13453\/revisions"}],"predecessor-version":[{"id":14753,"href":"http:\/\/www.spaziotorino.it\/scatto\/index.php?rest_route=\/wp\/v2\/posts\/13453\/revisions\/14753"}],"wp:attachment":[{"href":"http:\/\/www.spaziotorino.it\/scatto\/index.php?rest_route=%2Fwp%2Fv2%2Fmedia&parent=13453"}],"wp:term":[{"taxonomy":"category","embeddable":true,"href":"http:\/\/www.spaziotorino.it\/scatto\/index.php?rest_route=%2Fwp%2Fv2%2Fcategories&post=13453"},{"taxonomy":"post_tag","embeddable":true,"href":"http:\/\/www.spaziotorino.it\/scatto\/index.php?rest_route=%2Fwp%2Fv2%2Ftags&post=13453"}],"curies":[{"name":"wp","href":"https:\/\/api.w.org\/{rel}","templated":true}]}}