{"id":13604,"date":"2018-10-11T16:18:37","date_gmt":"2018-10-11T15:18:37","guid":{"rendered":"http:\/\/www.spaziotorino.it\/scatto\/?p=13604"},"modified":"2018-10-11T16:18:37","modified_gmt":"2018-10-11T15:18:37","slug":"porta-palazzo-cambia-volto","status":"publish","type":"post","link":"http:\/\/www.spaziotorino.it\/scatto\/?p=13604","title":{"rendered":"Porta Palazzo cambia volto"},"content":{"rendered":"<p><a class=\"ngg-fancybox\" title=\"Porta Palazzo cambia volto\" href=\"http:\/\/www.spaziotorino.it\/scatto\/wp-content\/gallery\/2018_10_11_palazzo\/palafuksas.jpg\" rel=\"c13bf075489a554ce275a3cbfe37f4f7\"><br \/>\n<img decoding=\"async\" loading=\"lazy\" class=\"ngg-singlepic\" title=\"Porta Palazzo cambia volto\" src=\"http:\/\/www.spaziotorino.it\/scatto\/wp-content\/gallery\/2018_10_11_palazzo\/palafuksas.jpg\" alt=\"\" width=\"540\" height=\"300\"\/><\/a><\/p>\n<!-- index.php -->\n<div\n\tclass=\"ngg-galleryoverview ngg-ajax-pagination-none\"\n\tid=\"ngg-gallery-60e807d34208fd1099d77389da83b53f-1\">\n\n    \t\t<!-- Thumbnails -->\n\t\t\t\t<div id=\"ngg-image-0\" class=\"ngg-gallery-thumbnail-box\" >\n\t\t\t\t        <div class=\"ngg-gallery-thumbnail\">\n            <a href=\"http:\/\/www.spaziotorino.it\/scatto\/wp-content\/gallery\/2018_10_11_palazzo\/Porta_Palazzo_pla_2598.jpg\"\n               title=\"Palafuksas oggi\"\n               data-src=\"http:\/\/www.spaziotorino.it\/scatto\/wp-content\/gallery\/2018_10_11_palazzo\/Porta_Palazzo_pla_2598.jpg\"\n               data-thumbnail=\"http:\/\/www.spaziotorino.it\/scatto\/wp-content\/gallery\/2018_10_11_palazzo\/thumbs\/thumbs_Porta_Palazzo_pla_2598.jpg\"\n               data-image-id=\"21413\"\n               data-title=\"Palafuksas oggi\"\n               data-description=\"Palafuksas oggi\"\n               data-image-slug=\"porta_palazzo_pla_2598\"\n               class=\"ngg-fancybox\" rel=\"60e807d34208fd1099d77389da83b53f\">\n                <img\n                    title=\"Palafuksas oggi\"\n                    alt=\"Palafuksas oggi\"\n                    src=\"http:\/\/www.spaziotorino.it\/scatto\/wp-content\/gallery\/2018_10_11_palazzo\/cache\/Porta_Palazzo_pla_2598.jpg-nggid0521413-ngg0dyn-60x60x100-00f0w010c011r110f110r010t010.jpg\"\n                    width=\"60\"\n                    height=\"60\"\n                    style=\"max-width:100%;\"\n                \/>\n            <\/a>\n        <\/div>\n\t\t\t\t\t\t\t<\/div> \n\t\t\t\n        \n\t\t\t\t<div id=\"ngg-image-1\" class=\"ngg-gallery-thumbnail-box\" >\n\t\t\t\t        <div class=\"ngg-gallery-thumbnail\">\n            <a href=\"http:\/\/www.spaziotorino.it\/scatto\/wp-content\/gallery\/2018_10_11_palazzo\/AMA_1657.jpg\"\n               title=\"\"\n               data-src=\"http:\/\/www.spaziotorino.it\/scatto\/wp-content\/gallery\/2018_10_11_palazzo\/AMA_1657.jpg\"\n               data-thumbnail=\"http:\/\/www.spaziotorino.it\/scatto\/wp-content\/gallery\/2018_10_11_palazzo\/thumbs\/thumbs_AMA_1657.jpg\"\n               data-image-id=\"21411\"\n               data-title=\"AMA_1657\"\n               data-description=\"\"\n               data-image-slug=\"ama_1657\"\n               class=\"ngg-fancybox\" rel=\"60e807d34208fd1099d77389da83b53f\">\n                <img\n                    title=\"AMA_1657\"\n                    alt=\"AMA_1657\"\n                    src=\"http:\/\/www.spaziotorino.it\/scatto\/wp-content\/gallery\/2018_10_11_palazzo\/cache\/AMA_1657.jpg-nggid0521411-ngg0dyn-60x60x100-00f0w010c011r110f110r010t010.jpg\"\n                    width=\"60\"\n                    height=\"60\"\n                    style=\"max-width:100%;\"\n                \/>\n            <\/a>\n        <\/div>\n\t\t\t\t\t\t\t<\/div> \n\t\t\t\n        \n\t\t\t\t<div id=\"ngg-image-2\" class=\"ngg-gallery-thumbnail-box\" >\n\t\t\t\t        <div class=\"ngg-gallery-thumbnail\">\n            <a href=\"http:\/\/www.spaziotorino.it\/scatto\/wp-content\/gallery\/2018_10_11_palazzo\/AMA_1590.jpg\"\n               title=\"\"\n               data-src=\"http:\/\/www.spaziotorino.it\/scatto\/wp-content\/gallery\/2018_10_11_palazzo\/AMA_1590.jpg\"\n               data-thumbnail=\"http:\/\/www.spaziotorino.it\/scatto\/wp-content\/gallery\/2018_10_11_palazzo\/thumbs\/thumbs_AMA_1590.jpg\"\n               data-image-id=\"21403\"\n               data-title=\"AMA_1590\"\n               data-description=\"\"\n               data-image-slug=\"ama_1590\"\n               class=\"ngg-fancybox\" rel=\"60e807d34208fd1099d77389da83b53f\">\n                <img\n                    title=\"AMA_1590\"\n                    alt=\"AMA_1590\"\n                    src=\"http:\/\/www.spaziotorino.it\/scatto\/wp-content\/gallery\/2018_10_11_palazzo\/cache\/AMA_1590.jpg-nggid0521403-ngg0dyn-60x60x100-00f0w010c011r110f110r010t010.jpg\"\n                    width=\"60\"\n                    height=\"60\"\n                    style=\"max-width:100%;\"\n                \/>\n            <\/a>\n        <\/div>\n\t\t\t\t\t\t\t<\/div> \n\t\t\t\n        \n\t\t\t\t<div id=\"ngg-image-3\" class=\"ngg-gallery-thumbnail-box\" >\n\t\t\t\t        <div class=\"ngg-gallery-thumbnail\">\n            <a href=\"http:\/\/www.spaziotorino.it\/scatto\/wp-content\/gallery\/2018_10_11_palazzo\/AMA_1603.jpg\"\n               title=\"Le ghiacciaie del Palafuksas\"\n               data-src=\"http:\/\/www.spaziotorino.it\/scatto\/wp-content\/gallery\/2018_10_11_palazzo\/AMA_1603.jpg\"\n               data-thumbnail=\"http:\/\/www.spaziotorino.it\/scatto\/wp-content\/gallery\/2018_10_11_palazzo\/thumbs\/thumbs_AMA_1603.jpg\"\n               data-image-id=\"21404\"\n               data-title=\"Le ghiacciaie del Palafuksas\"\n               data-description=\"Le ghiacciaie del Palafuksas\"\n               data-image-slug=\"ama_1603\"\n               class=\"ngg-fancybox\" rel=\"60e807d34208fd1099d77389da83b53f\">\n                <img\n                    title=\"Le ghiacciaie del Palafuksas\"\n                    alt=\"Le ghiacciaie del Palafuksas\"\n                    src=\"http:\/\/www.spaziotorino.it\/scatto\/wp-content\/gallery\/2018_10_11_palazzo\/cache\/AMA_1603.jpg-nggid0521404-ngg0dyn-60x60x100-00f0w010c011r110f110r010t010.jpg\"\n                    width=\"60\"\n                    height=\"60\"\n                    style=\"max-width:100%;\"\n                \/>\n            <\/a>\n        <\/div>\n\t\t\t\t\t\t\t<\/div> \n\t\t\t\n        \n\t\t\t\t<div id=\"ngg-image-4\" class=\"ngg-gallery-thumbnail-box\" >\n\t\t\t\t        <div class=\"ngg-gallery-thumbnail\">\n            <a href=\"http:\/\/www.spaziotorino.it\/scatto\/wp-content\/gallery\/2018_10_11_palazzo\/AMA_1609.jpg\"\n               title=\"\"\n               data-src=\"http:\/\/www.spaziotorino.it\/scatto\/wp-content\/gallery\/2018_10_11_palazzo\/AMA_1609.jpg\"\n               data-thumbnail=\"http:\/\/www.spaziotorino.it\/scatto\/wp-content\/gallery\/2018_10_11_palazzo\/thumbs\/thumbs_AMA_1609.jpg\"\n               data-image-id=\"21406\"\n               data-title=\"AMA_1609\"\n               data-description=\"\"\n               data-image-slug=\"ama_1609\"\n               class=\"ngg-fancybox\" rel=\"60e807d34208fd1099d77389da83b53f\">\n                <img\n                    title=\"AMA_1609\"\n                    alt=\"AMA_1609\"\n                    src=\"http:\/\/www.spaziotorino.it\/scatto\/wp-content\/gallery\/2018_10_11_palazzo\/cache\/AMA_1609.jpg-nggid0521406-ngg0dyn-60x60x100-00f0w010c011r110f110r010t010.jpg\"\n                    width=\"60\"\n                    height=\"60\"\n                    style=\"max-width:100%;\"\n                \/>\n            <\/a>\n        <\/div>\n\t\t\t\t\t\t\t<\/div> \n\t\t\t\n        \n\t\t\t\t<div id=\"ngg-image-5\" class=\"ngg-gallery-thumbnail-box\" >\n\t\t\t\t        <div class=\"ngg-gallery-thumbnail\">\n            <a href=\"http:\/\/www.spaziotorino.it\/scatto\/wp-content\/gallery\/2018_10_11_palazzo\/AMA_1620.jpg\"\n               title=\"\"\n               data-src=\"http:\/\/www.spaziotorino.it\/scatto\/wp-content\/gallery\/2018_10_11_palazzo\/AMA_1620.jpg\"\n               data-thumbnail=\"http:\/\/www.spaziotorino.it\/scatto\/wp-content\/gallery\/2018_10_11_palazzo\/thumbs\/thumbs_AMA_1620.jpg\"\n               data-image-id=\"21407\"\n               data-title=\"AMA_1620\"\n               data-description=\"\"\n               data-image-slug=\"ama_1620\"\n               class=\"ngg-fancybox\" rel=\"60e807d34208fd1099d77389da83b53f\">\n                <img\n                    title=\"AMA_1620\"\n                    alt=\"AMA_1620\"\n                    src=\"http:\/\/www.spaziotorino.it\/scatto\/wp-content\/gallery\/2018_10_11_palazzo\/cache\/AMA_1620.jpg-nggid0521407-ngg0dyn-60x60x100-00f0w010c011r110f110r010t010.jpg\"\n                    width=\"60\"\n                    height=\"60\"\n                    style=\"max-width:100%;\"\n                \/>\n            <\/a>\n        <\/div>\n\t\t\t\t\t\t\t<\/div> \n\t\t\t\n        \n\t\t\t\t<div id=\"ngg-image-6\" class=\"ngg-gallery-thumbnail-box\" >\n\t\t\t\t        <div class=\"ngg-gallery-thumbnail\">\n            <a href=\"http:\/\/www.spaziotorino.it\/scatto\/wp-content\/gallery\/2018_10_11_palazzo\/AMA_1626.jpg\"\n               title=\"\"\n               data-src=\"http:\/\/www.spaziotorino.it\/scatto\/wp-content\/gallery\/2018_10_11_palazzo\/AMA_1626.jpg\"\n               data-thumbnail=\"http:\/\/www.spaziotorino.it\/scatto\/wp-content\/gallery\/2018_10_11_palazzo\/thumbs\/thumbs_AMA_1626.jpg\"\n               data-image-id=\"21408\"\n               data-title=\"AMA_1626\"\n               data-description=\"\"\n               data-image-slug=\"ama_1626\"\n               class=\"ngg-fancybox\" rel=\"60e807d34208fd1099d77389da83b53f\">\n                <img\n                    title=\"AMA_1626\"\n                    alt=\"AMA_1626\"\n                    src=\"http:\/\/www.spaziotorino.it\/scatto\/wp-content\/gallery\/2018_10_11_palazzo\/cache\/AMA_1626.jpg-nggid0521408-ngg0dyn-60x60x100-00f0w010c011r110f110r010t010.jpg\"\n                    width=\"60\"\n                    height=\"60\"\n                    style=\"max-width:100%;\"\n                \/>\n            <\/a>\n        <\/div>\n\t\t\t\t\t\t\t<\/div> \n\t\t\t\n        \n\t\t\n\t\t<!-- Pagination -->\n\t<div class='ngg-clear'><\/div>\t<\/div>\n\n<p>&nbsp;<\/p>\n<div dir=\"auto\">Il comprensorio di piazza della Repubblica \u00e8 al centro di una grande opera di riqualificazione che vede convergere azioni pubblico \u2013 private caratterizzate da un unico obiettivo: la rivalutazione di una delle pi\u00f9 affascinanti aree mercatali d\u2019Europa.<\/div>\n<div dir=\"auto\">&nbsp;<\/div>\n<div dir=\"auto\">A Porta Palazzo, oltre all\u2019ampia area occupata dai banchi di vendita, hanno sede quattro mercati coperti: il 2\u00b0 ittico, il 3\u00b0 abbigliamento, il 4\u00b0 e il 5\u00b0 alimentare, nei confronti dei quali l\u2019Amministrazione comunale ha rivolto particolare attenzione al fine di promuoverne il rilancio e la maggiore affermazione.<\/div>\n<div dir=\"auto\">&nbsp;<\/div>\n<div dir=\"auto\">Per quanto riguarda il 2\u00b0 mercato ittico la Citt\u00e0 ha accompagnato gli operatori nella formazione di un consorzio al quale sar\u00e0 affidato entro l\u2019anno in concessione l\u2019immobile. Il progetto prevede la completa riqualificazione degli stand e la creazione di uno spazio dove poter consumare pesce cucinato sul momento. Il piano interrato del fabbricato sar\u00e0 reso idoneo alla custodia delle attrezzature di vendita degli operatori del mercato scoperto che vorranno optare per tale opportunit\u00e0.<\/div>\n<div dir=\"auto\">&nbsp;<\/div>\n<div dir=\"auto\">Agli esercenti del 3\u00b0 mercato coperto abbigliamento \u00e8 stato assicurato il supporto tecnico e amministrativo per agevolarli nella ricerca di un nuovo socio interessato a realizzare un nuovo \u201cconcept\u201d della struttura, che \u00e8 stato individuato nel Mercato Centrale a seguito di un bando a evidenza pubblica.<\/div>\n<div dir=\"auto\">&nbsp;<\/div>\n<div dir=\"auto\">Mercato Centrale porter\u00e0 sotto la Mole il format che gi\u00e0 ha avuto successo a Firenze e a Roma, realizzando un\u2019integrazione&nbsp;tra la tradizionale natura del mercato e un\u2019offerta gastronomica locale di qualit\u00e0, concentrata al piano terreno, in un contesto accogliente. L\u2019intervento prevede la valorizzazione delle storiche \u201cghiacciaie\u201d e la realizzazione al secondo piano di uno spazio aperto al pubblico che ospiter\u00e0 mostre ed eventi socio-culturali trasformandosi in un punto d\u2019incontro per cittadini e turisti.<\/div>\n<div dir=\"auto\">&nbsp;<\/div>\n<div dir=\"auto\">L\u2019autorimessa situata nel piano interrato del fabbricato verr\u00e0 aperta al pubblico, dotando la piazza di 110 nuovi posti auto, di cui 55 pubblici per soddisfare le esigenze di parcheggio della clientela di tutta la piazza.<\/div>\n<div dir=\"auto\">&nbsp;<\/div>\n<div dir=\"auto\">Con riferimento ai due mercati coperti alimentari (4\u00b0 e 5\u00b0) la Citt\u00e0 ha intrapreso un percorso di adeguamento delle regolamentazioni vigenti \u2013 per&nbsp; consentire l\u2019occupazione degli stand ancora liberi \u2013 che realizzi una diversificazione merceologica e permetta una pi\u00f9 completa offerta e di conseguenza una maggiore attrattivit\u00e0 e lavorer\u00e0 insieme ai responsabili dell\u2019Asl per stabilire i requisiti strutturali minimi igienici sanitari al fine di effettuare la somministrazione anche di alimenti preparati contestualmente alla vendita degli stessi.<\/div>\n<div dir=\"auto\">&nbsp;<\/div>\n<div dir=\"auto\">Nell\u2019area scoperta \u2013 a seguito di un bando per l\u2019assegnazione dei posti nel settore ortofrutta \u2013 dal 10 settembre \u00e8 diventata operativa la nuova disposizione nella piazza che ha, tra i tanti, il pregio di creare un ampio sfogo in corrispondenza dell\u2019ingresso del 5\u00b0 mercato coperto.<\/div>\n<div dir=\"auto\">&nbsp;<\/div>\n<div dir=\"auto\">Una rivisitazione del layout \u00e8 anche in corso sia per quanto riguarda il settore mercerie, sulla base di una proposta formulata dagli stessi operatori, sia per il settore calzature.<\/div>\n<div dir=\"auto\">&nbsp;<\/div>\n<div dir=\"auto\">Tutte le singole azioni fanno parte di un piano complessivo volto a garantire la sicurezza e la maggior fruibilit\u00e0 degli spazi all\u2019interno dell\u2019intera area mercatale.<\/div>\n<div dir=\"auto\">&nbsp;<\/div>\n<div dir=\"auto\">Fanno anche parte del progetto la rivisitazione della viabilit\u00e0 e degli spazi di sosta dei veicoli dei venditori (i cosiddetti pertinenziali) con il rilascio di nuovi pass, la destinazione di parte della piazza Don Albera per il posteggio dei mezzi dei produttori agricoli e l\u2019apertura dei Bastioni per il rimessaggio delle attrezzature degli operatori dei mercati scoperti.<\/div>\n<div dir=\"auto\">&nbsp;<\/div>\n<div dir=\"auto\">Completa e si coordina con tutte le azioni l\u2019 intervento di ristrutturazione della ex caserma dei Vigili del Fuoco di corso Regina Margherita, con capitale interamente privato da parte della societ\u00e0 Gastameco, ove verr\u00e0 realizzato un ostello secondo un format gi\u00e0 di successo in altre citt\u00e0 d\u2019Italia e d\u2019Europa. Il piano terreno della struttura, inoltre, ospiter\u00e0 un ristorante slow-food ed \u00e8 allo studio l\u2019ipotesi di realizzare un dehors pertinenziale che si inserisca nel variegato contesto della piazza, contribuendo a potenziarne l\u2019attrattivit\u00e0.<\/div>\n<p>[Fonte: <a href=\"http:\/\/www.torinoclick.it\/?p=79443\">TorinoClick<\/a>]<\/p>\n","protected":false},"excerpt":{"rendered":"<p>&nbsp; Il comprensorio di piazza della Repubblica \u00e8 al centro di una grande opera di riqualificazione che vede convergere azioni pubblico \u2013 private caratterizzate da un unico obiettivo: la rivalutazione di una delle pi\u00f9 affascinanti aree mercatali d\u2019Europa. &nbsp; A Porta Palazzo, oltre all\u2019ampia area occupata dai banchi di vendita, hanno sede quattro mercati coperti: [&hellip;]<\/p>\n","protected":false},"author":1,"featured_media":0,"comment_status":"closed","ping_status":"open","sticky":false,"template":"","format":"standard","meta":{"ngg_post_thumbnail":0},"categories":[1,41],"tags":[],"_links":{"self":[{"href":"http:\/\/www.spaziotorino.it\/scatto\/index.php?rest_route=\/wp\/v2\/posts\/13604"}],"collection":[{"href":"http:\/\/www.spaziotorino.it\/scatto\/index.php?rest_route=\/wp\/v2\/posts"}],"about":[{"href":"http:\/\/www.spaziotorino.it\/scatto\/index.php?rest_route=\/wp\/v2\/types\/post"}],"author":[{"embeddable":true,"href":"http:\/\/www.spaziotorino.it\/scatto\/index.php?rest_route=\/wp\/v2\/users\/1"}],"replies":[{"embeddable":true,"href":"http:\/\/www.spaziotorino.it\/scatto\/index.php?rest_route=%2Fwp%2Fv2%2Fcomments&post=13604"}],"version-history":[{"count":4,"href":"http:\/\/www.spaziotorino.it\/scatto\/index.php?rest_route=\/wp\/v2\/posts\/13604\/revisions"}],"predecessor-version":[{"id":13665,"href":"http:\/\/www.spaziotorino.it\/scatto\/index.php?rest_route=\/wp\/v2\/posts\/13604\/revisions\/13665"}],"wp:attachment":[{"href":"http:\/\/www.spaziotorino.it\/scatto\/index.php?rest_route=%2Fwp%2Fv2%2Fmedia&parent=13604"}],"wp:term":[{"taxonomy":"category","embeddable":true,"href":"http:\/\/www.spaziotorino.it\/scatto\/index.php?rest_route=%2Fwp%2Fv2%2Fcategories&post=13604"},{"taxonomy":"post_tag","embeddable":true,"href":"http:\/\/www.spaziotorino.it\/scatto\/index.php?rest_route=%2Fwp%2Fv2%2Ftags&post=13604"}],"curies":[{"name":"wp","href":"https:\/\/api.w.org\/{rel}","templated":true}]}}