{"id":13664,"date":"2018-10-12T15:00:42","date_gmt":"2018-10-12T14:00:42","guid":{"rendered":"http:\/\/www.spaziotorino.it\/scatto\/?p=13664"},"modified":"2018-10-12T16:11:50","modified_gmt":"2018-10-12T15:11:50","slug":"world-press-photo-il-fotogiornalismo-in-mostra-allex-borsa-valori","status":"publish","type":"post","link":"http:\/\/www.spaziotorino.it\/scatto\/?p=13664","title":{"rendered":"World Press Photo, il fotogiornalismo in mostra all&#8217;ex Borsa Valori"},"content":{"rendered":"<p><a class=\"ngg-fancybox\" title=\"World Press Photo, il fotogiornalismo in mostra all'ex Borsa Valori\" href=\"http:\/\/www.spaziotorino.it\/scatto\/wp-content\/gallery\/2018_10_12_wpp\/IMG_7836-copia.jpg\" rel=\"3cdd56e416aefa9d814a99f3122672fa\"><br \/>\n<img decoding=\"async\" loading=\"lazy\" class=\"ngg-singlepic\" title=\"World Press Photo, il fotogiornalismo in mostra all'ex Borsa Valori\" src=\"http:\/\/www.spaziotorino.it\/scatto\/wp-content\/gallery\/2018_10_12_wpp\/IMG_7836-copia.jpg\" alt=\"\" width=\"540\" height=\"360\"\/><\/a><\/p>\n<!-- index.php -->\n<div\n\tclass=\"ngg-galleryoverview ngg-ajax-pagination-none\"\n\tid=\"ngg-gallery-5fe22f0dc5aa53877a099908fce89369-1\">\n\n    \t\t<!-- Thumbnails -->\n\t\t\t\t<div id=\"ngg-image-0\" class=\"ngg-gallery-thumbnail-box\" >\n\t\t\t\t        <div class=\"ngg-gallery-thumbnail\">\n            <a href=\"http:\/\/www.spaziotorino.it\/scatto\/wp-content\/gallery\/2018_10_12_wpp\/IMG_7861-copia.jpg\"\n               title=\"\"\n               data-src=\"http:\/\/www.spaziotorino.it\/scatto\/wp-content\/gallery\/2018_10_12_wpp\/IMG_7861-copia.jpg\"\n               data-thumbnail=\"http:\/\/www.spaziotorino.it\/scatto\/wp-content\/gallery\/2018_10_12_wpp\/thumbs\/thumbs_IMG_7861-copia.jpg\"\n               data-image-id=\"21439\"\n               data-title=\"IMG_7861-copia\"\n               data-description=\"\"\n               data-image-slug=\"img_7861-copia\"\n               class=\"ngg-fancybox\" rel=\"5fe22f0dc5aa53877a099908fce89369\">\n                <img\n                    title=\"IMG_7861-copia\"\n                    alt=\"IMG_7861-copia\"\n                    src=\"http:\/\/www.spaziotorino.it\/scatto\/wp-content\/gallery\/2018_10_12_wpp\/cache\/IMG_7861-copia.jpg-nggid0521439-ngg0dyn-60x60x100-00f0w010c011r110f110r010t010.jpg\"\n                    width=\"60\"\n                    height=\"60\"\n                    style=\"max-width:100%;\"\n                \/>\n            <\/a>\n        <\/div>\n\t\t\t\t\t\t\t<\/div> \n\t\t\t\n        \n\t\t\t\t<div id=\"ngg-image-1\" class=\"ngg-gallery-thumbnail-box\" >\n\t\t\t\t        <div class=\"ngg-gallery-thumbnail\">\n            <a href=\"http:\/\/www.spaziotorino.it\/scatto\/wp-content\/gallery\/2018_10_12_wpp\/AMA_1735.jpg\"\n               title=\"Vito Cramarossa, presidente dell\u2019Associazione C.I.ME\"\n               data-src=\"http:\/\/www.spaziotorino.it\/scatto\/wp-content\/gallery\/2018_10_12_wpp\/AMA_1735.jpg\"\n               data-thumbnail=\"http:\/\/www.spaziotorino.it\/scatto\/wp-content\/gallery\/2018_10_12_wpp\/thumbs\/thumbs_AMA_1735.jpg\"\n               data-image-id=\"21428\"\n               data-title=\"Vito Cramarossa, presidente dell\u2019Associazione C.I.ME\"\n               data-description=\"Vito Cramarossa, presidente dell\u2019Associazione C.I.ME\"\n               data-image-slug=\"ama_1735\"\n               class=\"ngg-fancybox\" rel=\"5fe22f0dc5aa53877a099908fce89369\">\n                <img\n                    title=\"Vito Cramarossa, presidente dell\u2019Associazione C.I.ME\"\n                    alt=\"Vito Cramarossa, presidente dell\u2019Associazione C.I.ME\"\n                    src=\"http:\/\/www.spaziotorino.it\/scatto\/wp-content\/gallery\/2018_10_12_wpp\/cache\/AMA_1735.jpg-nggid0521428-ngg0dyn-60x60x100-00f0w010c011r110f110r010t010.jpg\"\n                    width=\"60\"\n                    height=\"60\"\n                    style=\"max-width:100%;\"\n                \/>\n            <\/a>\n        <\/div>\n\t\t\t\t\t\t\t<\/div> \n\t\t\t\n        \n\t\t\t\t<div id=\"ngg-image-2\" class=\"ngg-gallery-thumbnail-box\" >\n\t\t\t\t        <div class=\"ngg-gallery-thumbnail\">\n            <a href=\"http:\/\/www.spaziotorino.it\/scatto\/wp-content\/gallery\/2018_10_12_wpp\/AMA_1737.jpg\"\n               title=\"Sophie Boshouwers, curatrice della Fondazione WPP Amsterdam\"\n               data-src=\"http:\/\/www.spaziotorino.it\/scatto\/wp-content\/gallery\/2018_10_12_wpp\/AMA_1737.jpg\"\n               data-thumbnail=\"http:\/\/www.spaziotorino.it\/scatto\/wp-content\/gallery\/2018_10_12_wpp\/thumbs\/thumbs_AMA_1737.jpg\"\n               data-image-id=\"21429\"\n               data-title=\"Sophie Boshouwers, curatrice della Fondazione WPP Amsterdam\"\n               data-description=\"Sophie Boshouwers, curatrice della Fondazione WPP Amsterdam\"\n               data-image-slug=\"ama_1737\"\n               class=\"ngg-fancybox\" rel=\"5fe22f0dc5aa53877a099908fce89369\">\n                <img\n                    title=\"Sophie Boshouwers, curatrice della Fondazione WPP Amsterdam\"\n                    alt=\"Sophie Boshouwers, curatrice della Fondazione WPP Amsterdam\"\n                    src=\"http:\/\/www.spaziotorino.it\/scatto\/wp-content\/gallery\/2018_10_12_wpp\/cache\/AMA_1737.jpg-nggid0521429-ngg0dyn-60x60x100-00f0w010c011r110f110r010t010.jpg\"\n                    width=\"60\"\n                    height=\"60\"\n                    style=\"max-width:100%;\"\n                \/>\n            <\/a>\n        <\/div>\n\t\t\t\t\t\t\t<\/div> \n\t\t\t\n        \n\t\t\t\t<div id=\"ngg-image-3\" class=\"ngg-gallery-thumbnail-box\" >\n\t\t\t\t        <div class=\"ngg-gallery-thumbnail\">\n            <a href=\"http:\/\/www.spaziotorino.it\/scatto\/wp-content\/gallery\/2018_10_12_wpp\/AMA_1750.jpg\"\n               title=\"Il fotoreporter Manoocher Deghati, ospite d&#039;onore di World Press Photo\"\n               data-src=\"http:\/\/www.spaziotorino.it\/scatto\/wp-content\/gallery\/2018_10_12_wpp\/AMA_1750.jpg\"\n               data-thumbnail=\"http:\/\/www.spaziotorino.it\/scatto\/wp-content\/gallery\/2018_10_12_wpp\/thumbs\/thumbs_AMA_1750.jpg\"\n               data-image-id=\"21430\"\n               data-title=\"Il fotoreporter Manoocher Deghati, ospite d&#039;onore di World Press Photo\"\n               data-description=\"Il fotoreporter Manoocher Deghati, ospite d&#039;onore di World Press Photo\"\n               data-image-slug=\"ama_1750\"\n               class=\"ngg-fancybox\" rel=\"5fe22f0dc5aa53877a099908fce89369\">\n                <img\n                    title=\"Il fotoreporter Manoocher Deghati, ospite d&#039;onore di World Press Photo\"\n                    alt=\"Il fotoreporter Manoocher Deghati, ospite d&#039;onore di World Press Photo\"\n                    src=\"http:\/\/www.spaziotorino.it\/scatto\/wp-content\/gallery\/2018_10_12_wpp\/cache\/AMA_1750.jpg-nggid0521430-ngg0dyn-60x60x100-00f0w010c011r110f110r010t010.jpg\"\n                    width=\"60\"\n                    height=\"60\"\n                    style=\"max-width:100%;\"\n                \/>\n            <\/a>\n        <\/div>\n\t\t\t\t\t\t\t<\/div> \n\t\t\t\n        \n\t\t\t\t<div id=\"ngg-image-4\" class=\"ngg-gallery-thumbnail-box\" >\n\t\t\t\t        <div class=\"ngg-gallery-thumbnail\">\n            <a href=\"http:\/\/www.spaziotorino.it\/scatto\/wp-content\/gallery\/2018_10_12_wpp\/AMA_1728.jpg\"\n               title=\"\"\n               data-src=\"http:\/\/www.spaziotorino.it\/scatto\/wp-content\/gallery\/2018_10_12_wpp\/AMA_1728.jpg\"\n               data-thumbnail=\"http:\/\/www.spaziotorino.it\/scatto\/wp-content\/gallery\/2018_10_12_wpp\/thumbs\/thumbs_AMA_1728.jpg\"\n               data-image-id=\"21427\"\n               data-title=\"AMA_1728\"\n               data-description=\"\"\n               data-image-slug=\"ama_1728\"\n               class=\"ngg-fancybox\" rel=\"5fe22f0dc5aa53877a099908fce89369\">\n                <img\n                    title=\"AMA_1728\"\n                    alt=\"AMA_1728\"\n                    src=\"http:\/\/www.spaziotorino.it\/scatto\/wp-content\/gallery\/2018_10_12_wpp\/cache\/AMA_1728.jpg-nggid0521427-ngg0dyn-60x60x100-00f0w010c011r110f110r010t010.jpg\"\n                    width=\"60\"\n                    height=\"60\"\n                    style=\"max-width:100%;\"\n                \/>\n            <\/a>\n        <\/div>\n\t\t\t\t\t\t\t<\/div> \n\t\t\t\n        \n\t\t\t\t<div id=\"ngg-image-5\" class=\"ngg-gallery-thumbnail-box\" >\n\t\t\t\t        <div class=\"ngg-gallery-thumbnail\">\n            <a href=\"http:\/\/www.spaziotorino.it\/scatto\/wp-content\/gallery\/2018_10_12_wpp\/IMG_7788-copia.jpg\"\n               title=\"\"\n               data-src=\"http:\/\/www.spaziotorino.it\/scatto\/wp-content\/gallery\/2018_10_12_wpp\/IMG_7788-copia.jpg\"\n               data-thumbnail=\"http:\/\/www.spaziotorino.it\/scatto\/wp-content\/gallery\/2018_10_12_wpp\/thumbs\/thumbs_IMG_7788-copia.jpg\"\n               data-image-id=\"21432\"\n               data-title=\"IMG_7788-copia\"\n               data-description=\"\"\n               data-image-slug=\"img_7788-copia\"\n               class=\"ngg-fancybox\" rel=\"5fe22f0dc5aa53877a099908fce89369\">\n                <img\n                    title=\"IMG_7788-copia\"\n                    alt=\"IMG_7788-copia\"\n                    src=\"http:\/\/www.spaziotorino.it\/scatto\/wp-content\/gallery\/2018_10_12_wpp\/cache\/IMG_7788-copia.jpg-nggid0521432-ngg0dyn-60x60x100-00f0w010c011r110f110r010t010.jpg\"\n                    width=\"60\"\n                    height=\"60\"\n                    style=\"max-width:100%;\"\n                \/>\n            <\/a>\n        <\/div>\n\t\t\t\t\t\t\t<\/div> \n\t\t\t\n        \n\t\t\t\t<div id=\"ngg-image-6\" class=\"ngg-gallery-thumbnail-box\" >\n\t\t\t\t        <div class=\"ngg-gallery-thumbnail\">\n            <a href=\"http:\/\/www.spaziotorino.it\/scatto\/wp-content\/gallery\/2018_10_12_wpp\/IMG_7790-copia.jpg\"\n               title=\"\"\n               data-src=\"http:\/\/www.spaziotorino.it\/scatto\/wp-content\/gallery\/2018_10_12_wpp\/IMG_7790-copia.jpg\"\n               data-thumbnail=\"http:\/\/www.spaziotorino.it\/scatto\/wp-content\/gallery\/2018_10_12_wpp\/thumbs\/thumbs_IMG_7790-copia.jpg\"\n               data-image-id=\"21433\"\n               data-title=\"IMG_7790-copia\"\n               data-description=\"\"\n               data-image-slug=\"img_7790-copia\"\n               class=\"ngg-fancybox\" rel=\"5fe22f0dc5aa53877a099908fce89369\">\n                <img\n                    title=\"IMG_7790-copia\"\n                    alt=\"IMG_7790-copia\"\n                    src=\"http:\/\/www.spaziotorino.it\/scatto\/wp-content\/gallery\/2018_10_12_wpp\/cache\/IMG_7790-copia.jpg-nggid0521433-ngg0dyn-60x60x100-00f0w010c011r110f110r010t010.jpg\"\n                    width=\"60\"\n                    height=\"60\"\n                    style=\"max-width:100%;\"\n                \/>\n            <\/a>\n        <\/div>\n\t\t\t\t\t\t\t<\/div> \n\t\t\t\n        \n\t\t\t\t<div id=\"ngg-image-7\" class=\"ngg-gallery-thumbnail-box\" >\n\t\t\t\t        <div class=\"ngg-gallery-thumbnail\">\n            <a href=\"http:\/\/www.spaziotorino.it\/scatto\/wp-content\/gallery\/2018_10_12_wpp\/IMG_7783-copia.jpg\"\n               title=\"Manoocher Deghati, ospite d&#039;onore di World Press Photo\"\n               data-src=\"http:\/\/www.spaziotorino.it\/scatto\/wp-content\/gallery\/2018_10_12_wpp\/IMG_7783-copia.jpg\"\n               data-thumbnail=\"http:\/\/www.spaziotorino.it\/scatto\/wp-content\/gallery\/2018_10_12_wpp\/thumbs\/thumbs_IMG_7783-copia.jpg\"\n               data-image-id=\"21431\"\n               data-title=\"Manoocher Deghati, ospite d&#039;onore di World Press Photo\"\n               data-description=\"Manoocher Deghati, ospite d&#039;onore di World Press Photo\"\n               data-image-slug=\"img_7783-copia\"\n               class=\"ngg-fancybox\" rel=\"5fe22f0dc5aa53877a099908fce89369\">\n                <img\n                    title=\"Manoocher Deghati, ospite d&#039;onore di World Press Photo\"\n                    alt=\"Manoocher Deghati, ospite d&#039;onore di World Press Photo\"\n                    src=\"http:\/\/www.spaziotorino.it\/scatto\/wp-content\/gallery\/2018_10_12_wpp\/cache\/IMG_7783-copia.jpg-nggid0521431-ngg0dyn-60x60x100-00f0w010c011r110f110r010t010.jpg\"\n                    width=\"60\"\n                    height=\"60\"\n                    style=\"max-width:100%;\"\n                \/>\n            <\/a>\n        <\/div>\n\t\t\t\t\t\t\t<\/div> \n\t\t\t\n        \n\t\t\t\t<div id=\"ngg-image-8\" class=\"ngg-gallery-thumbnail-box\" >\n\t\t\t\t        <div class=\"ngg-gallery-thumbnail\">\n            <a href=\"http:\/\/www.spaziotorino.it\/scatto\/wp-content\/gallery\/2018_10_12_wpp\/IMG_7806-copia.jpg\"\n               title=\"\"\n               data-src=\"http:\/\/www.spaziotorino.it\/scatto\/wp-content\/gallery\/2018_10_12_wpp\/IMG_7806-copia.jpg\"\n               data-thumbnail=\"http:\/\/www.spaziotorino.it\/scatto\/wp-content\/gallery\/2018_10_12_wpp\/thumbs\/thumbs_IMG_7806-copia.jpg\"\n               data-image-id=\"21434\"\n               data-title=\"IMG_7806-copia\"\n               data-description=\"\"\n               data-image-slug=\"img_7806-copia\"\n               class=\"ngg-fancybox\" rel=\"5fe22f0dc5aa53877a099908fce89369\">\n                <img\n                    title=\"IMG_7806-copia\"\n                    alt=\"IMG_7806-copia\"\n                    src=\"http:\/\/www.spaziotorino.it\/scatto\/wp-content\/gallery\/2018_10_12_wpp\/cache\/IMG_7806-copia.jpg-nggid0521434-ngg0dyn-60x60x100-00f0w010c011r110f110r010t010.jpg\"\n                    width=\"60\"\n                    height=\"60\"\n                    style=\"max-width:100%;\"\n                \/>\n            <\/a>\n        <\/div>\n\t\t\t\t\t\t\t<\/div> \n\t\t\t\n        \n\t\t\t\t<div id=\"ngg-image-9\" class=\"ngg-gallery-thumbnail-box\" >\n\t\t\t\t        <div class=\"ngg-gallery-thumbnail\">\n            <a href=\"http:\/\/www.spaziotorino.it\/scatto\/wp-content\/gallery\/2018_10_12_wpp\/IMG_7823-copia.jpg\"\n               title=\"\"\n               data-src=\"http:\/\/www.spaziotorino.it\/scatto\/wp-content\/gallery\/2018_10_12_wpp\/IMG_7823-copia.jpg\"\n               data-thumbnail=\"http:\/\/www.spaziotorino.it\/scatto\/wp-content\/gallery\/2018_10_12_wpp\/thumbs\/thumbs_IMG_7823-copia.jpg\"\n               data-image-id=\"21435\"\n               data-title=\"IMG_7823-copia\"\n               data-description=\"\"\n               data-image-slug=\"img_7823-copia\"\n               class=\"ngg-fancybox\" rel=\"5fe22f0dc5aa53877a099908fce89369\">\n                <img\n                    title=\"IMG_7823-copia\"\n                    alt=\"IMG_7823-copia\"\n                    src=\"http:\/\/www.spaziotorino.it\/scatto\/wp-content\/gallery\/2018_10_12_wpp\/cache\/IMG_7823-copia.jpg-nggid0521435-ngg0dyn-60x60x100-00f0w010c011r110f110r010t010.jpg\"\n                    width=\"60\"\n                    height=\"60\"\n                    style=\"max-width:100%;\"\n                \/>\n            <\/a>\n        <\/div>\n\t\t\t\t\t\t\t<\/div> \n\t\t\t\n        \n\t\t\t\t<div id=\"ngg-image-10\" class=\"ngg-gallery-thumbnail-box\" >\n\t\t\t\t        <div class=\"ngg-gallery-thumbnail\">\n            <a href=\"http:\/\/www.spaziotorino.it\/scatto\/wp-content\/gallery\/2018_10_12_wpp\/IMG_7830-copia.jpg\"\n               title=\"\"\n               data-src=\"http:\/\/www.spaziotorino.it\/scatto\/wp-content\/gallery\/2018_10_12_wpp\/IMG_7830-copia.jpg\"\n               data-thumbnail=\"http:\/\/www.spaziotorino.it\/scatto\/wp-content\/gallery\/2018_10_12_wpp\/thumbs\/thumbs_IMG_7830-copia.jpg\"\n               data-image-id=\"21436\"\n               data-title=\"IMG_7830-copia\"\n               data-description=\"\"\n               data-image-slug=\"img_7830-copia\"\n               class=\"ngg-fancybox\" rel=\"5fe22f0dc5aa53877a099908fce89369\">\n                <img\n                    title=\"IMG_7830-copia\"\n                    alt=\"IMG_7830-copia\"\n                    src=\"http:\/\/www.spaziotorino.it\/scatto\/wp-content\/gallery\/2018_10_12_wpp\/cache\/IMG_7830-copia.jpg-nggid0521436-ngg0dyn-60x60x100-00f0w010c011r110f110r010t010.jpg\"\n                    width=\"60\"\n                    height=\"60\"\n                    style=\"max-width:100%;\"\n                \/>\n            <\/a>\n        <\/div>\n\t\t\t\t\t\t\t<\/div> \n\t\t\t\n        \n\t\t\t\t<div id=\"ngg-image-11\" class=\"ngg-gallery-thumbnail-box\" >\n\t\t\t\t        <div class=\"ngg-gallery-thumbnail\">\n            <a href=\"http:\/\/www.spaziotorino.it\/scatto\/wp-content\/gallery\/2018_10_12_wpp\/IMG_7833-copia.jpg\"\n               title=\"\"\n               data-src=\"http:\/\/www.spaziotorino.it\/scatto\/wp-content\/gallery\/2018_10_12_wpp\/IMG_7833-copia.jpg\"\n               data-thumbnail=\"http:\/\/www.spaziotorino.it\/scatto\/wp-content\/gallery\/2018_10_12_wpp\/thumbs\/thumbs_IMG_7833-copia.jpg\"\n               data-image-id=\"21437\"\n               data-title=\"IMG_7833-copia\"\n               data-description=\"\"\n               data-image-slug=\"img_7833-copia\"\n               class=\"ngg-fancybox\" rel=\"5fe22f0dc5aa53877a099908fce89369\">\n                <img\n                    title=\"IMG_7833-copia\"\n                    alt=\"IMG_7833-copia\"\n                    src=\"http:\/\/www.spaziotorino.it\/scatto\/wp-content\/gallery\/2018_10_12_wpp\/cache\/IMG_7833-copia.jpg-nggid0521437-ngg0dyn-60x60x100-00f0w010c011r110f110r010t010.jpg\"\n                    width=\"60\"\n                    height=\"60\"\n                    style=\"max-width:100%;\"\n                \/>\n            <\/a>\n        <\/div>\n\t\t\t\t\t\t\t<\/div> \n\t\t\t\n        \n\t\t\n\t\t<!-- Pagination -->\n\t<div class='ngg-clear'><\/div>\t<\/div>\n\n<p>&nbsp;<\/p>\n<p>Torna a Torino, per il secondo anno consecutivo, <em>World Press Photo<\/em>, la mostra di fotogiornalismo pi\u00f9 importante al mondo. Presente in oltre cento citt\u00e0 e pi\u00f9 di 45 Paesi, la tappa torinese \u00e8 organizzata grazie all\u2019<strong>Associazione C.I.ME. \u2013 Culture e Identit\u00e0 Mediterranee. <\/strong>Quest\u2019anno \u00e8 ospitata <strong>all\u2019Ex Borsa Valori<\/strong> di via San Francesco da Paola 22, <strong>da venerd\u00ec 12 ottobre a domenica 11 novembre <\/strong>con il patrocinio della Regione Piemonte, Citt\u00e0 di Torino, Camera di Commercio di Torino, Ordine dei Giornalisti del Piemonte, Stampa Subalpina, Centro Giornalistico Pestelli e Lettera Ventitr\u00e9. Ogni anno, migliaia di fotoreporter delle maggiori testate editoriali internazionali come National Geographic, BBC, CNN, Le Monde, El Pais si contendono il titolo nelle diverse categorie del concorso di fotogiornalismo: Contemporary Issues, Environment, General News, Long-Term Projects, Nature, People, Sports, Spot News. Obiettivo aggiudicarsi un posto in questa mostra. Dopo il successo dello scorso anno (ottomila visitatori in quattro settimane di esposizione al Mastio della Cittadella di Torino), l\u2019esposizione presenta i <strong>135 scatti vincitori<\/strong>, realizzati da 42 fotografi provenienti da 22 paesi di tutto il mondo (Australia, Bangladesh, Belgio, Canada, Cina, Colombia, Danimarca, Egitto, Francia, Germania, Irlanda, Italia, Norvegia, Russia, Serbia, Sud Africa, Spagna, Svezia, Paesi Bassi, Regno Unito, USA e Venezuela). Per selezionarli, i giudici, nel 2018, hanno esaminato per tre settimane 73.044 fotografie di 4.548 fotografi. La giuria era composta da Magdalena Herrera, direttrice della fotografia a Geo France, France Thomas Borberg, capo photo-editor di Politiken, Marcelo Brodsky, visual artist, J\u00e9r\u00f4me Huffer, capo del dipartimento fotografico di Paris Match, Whitney C. Johnson, vice direttrice della fotografia al National Geographic, Bulent Kili\u00e7, responsabile fotografico di AFP in Turchia, Eman Mohammed, fotogiornalista.<\/p>\n<p>Vincitore assoluto \u00e8 stato <strong>Ronaldo Schemidt<\/strong>. Ha immortalato un ragazzo di 28 anni che indossa una maglietta che sta andando a fuoco. L\u2019immagine \u00e8 stata scattata durante una manifestazione di protesta contro il presidente venezuelano Nicolas Maduro, avvenuta a Caracas nel maggio 2017. La foto ha anche vinto il primo posto nella categoria Spot News, immagini singole.<\/p>\n<p><strong>Nata nel 1955 e con base ad Amsterdam<\/strong>, la Fondazione World Press Photo si distingue ormai da sei decadi per essere una delle maggiori organizzazioni indipendenti e no-profit impegnata nella tutela della libert\u00e0 di informazione, inchiesta ed espressione, promuovendo in tutto il mondo il fotogiornalismo di qualit\u00e0.&nbsp; La mostra \u00e8 riconosciuta per il suo alto valore culturale, sociale ed educativo, rappresenta, dunque, un viaggio per immagini tra gli avvenimenti pi\u00f9 rilevanti del nostro tempo. L\u2019esposizione arriva a Torino grazie all\u2019impegno di <strong>Vito Cramarossa<\/strong>, presidente dell\u2019Associazione <a href=\"http:\/\/C.I.ME\">C.I.ME<\/a>. \u2013 Culture e Identit\u00e0 Mediterranee. CIME \u00e8 una realt\u00e0 pugliese che da pi\u00f9 di dieci anni in Italia e all\u2019estero si occupa di promuovere lo sviluppo e il senso critico dei territori per il tramite della cultura. Attualmente rappresenta uno dei partner pi\u00f9 importanti della Fondazione World Press Photo con all\u2019attivo l\u2019organizzazione di ben quattro tappe italiane della mostra WPP 2018: Bari (27 aprile-27 maggio 2018), Palermo (14 settembre-7 ottobre 2018), Napoli (24 novembre-16 dicembre 2018) e Torino (12 ottobre-11 novembre 2018).<\/p>\n<p>Per maggiori informazioni:<br \/>\nSito: <a href=\"http:\/\/www.worldpressphototorino.it\">www.worldpressphototorino.it<\/a><\/p>\n<p>Facebook: <a href=\"https:\/\/www.facebook.com\/worldpressphototorino\/\">https:\/\/www.facebook.com\/worldpressphototorino\/<\/a> <\/p>\n","protected":false},"excerpt":{"rendered":"<p>&nbsp; Torna a Torino, per il secondo anno consecutivo, World Press Photo, la mostra di fotogiornalismo pi\u00f9 importante al mondo. Presente in oltre cento citt\u00e0 e pi\u00f9 di 45 Paesi, la tappa torinese \u00e8 organizzata grazie all\u2019Associazione C.I.ME. \u2013 Culture e Identit\u00e0 Mediterranee. Quest\u2019anno \u00e8 ospitata all\u2019Ex Borsa Valori di via San Francesco da Paola [&hellip;]<\/p>\n","protected":false},"author":1,"featured_media":0,"comment_status":"closed","ping_status":"open","sticky":false,"template":"","format":"standard","meta":{"ngg_post_thumbnail":0},"categories":[54,1],"tags":[],"_links":{"self":[{"href":"http:\/\/www.spaziotorino.it\/scatto\/index.php?rest_route=\/wp\/v2\/posts\/13664"}],"collection":[{"href":"http:\/\/www.spaziotorino.it\/scatto\/index.php?rest_route=\/wp\/v2\/posts"}],"about":[{"href":"http:\/\/www.spaziotorino.it\/scatto\/index.php?rest_route=\/wp\/v2\/types\/post"}],"author":[{"embeddable":true,"href":"http:\/\/www.spaziotorino.it\/scatto\/index.php?rest_route=\/wp\/v2\/users\/1"}],"replies":[{"embeddable":true,"href":"http:\/\/www.spaziotorino.it\/scatto\/index.php?rest_route=%2Fwp%2Fv2%2Fcomments&post=13664"}],"version-history":[{"count":6,"href":"http:\/\/www.spaziotorino.it\/scatto\/index.php?rest_route=\/wp\/v2\/posts\/13664\/revisions"}],"predecessor-version":[{"id":13705,"href":"http:\/\/www.spaziotorino.it\/scatto\/index.php?rest_route=\/wp\/v2\/posts\/13664\/revisions\/13705"}],"wp:attachment":[{"href":"http:\/\/www.spaziotorino.it\/scatto\/index.php?rest_route=%2Fwp%2Fv2%2Fmedia&parent=13664"}],"wp:term":[{"taxonomy":"category","embeddable":true,"href":"http:\/\/www.spaziotorino.it\/scatto\/index.php?rest_route=%2Fwp%2Fv2%2Fcategories&post=13664"},{"taxonomy":"post_tag","embeddable":true,"href":"http:\/\/www.spaziotorino.it\/scatto\/index.php?rest_route=%2Fwp%2Fv2%2Ftags&post=13664"}],"curies":[{"name":"wp","href":"https:\/\/api.w.org\/{rel}","templated":true}]}}