{"id":13741,"date":"2018-10-18T16:41:12","date_gmt":"2018-10-18T15:41:12","guid":{"rendered":"http:\/\/www.spaziotorino.it\/scatto\/?p=13741"},"modified":"2018-10-18T16:41:12","modified_gmt":"2018-10-18T15:41:12","slug":"torino-city-lab-da-oggi-si-parte","status":"publish","type":"post","link":"http:\/\/www.spaziotorino.it\/scatto\/?p=13741","title":{"rendered":"Torino City Lab, da oggi si parte"},"content":{"rendered":"<p><a class=\"ngg-fancybox\" title=\"Torino City Lab, da oggi si parte\" href=\"http:\/\/www.spaziotorino.it\/scatto\/wp-content\/gallery\/2018_10_18_tocitylab\/pla_7979.jpg\" rel=\"8ae4d247edd803a58ba4357a3a86a0bc\"><br \/>\n<img decoding=\"async\" loading=\"lazy\" class=\"ngg-singlepic\" title=\"Torino City Lab, da oggi si parte\" src=\"http:\/\/www.spaziotorino.it\/scatto\/wp-content\/gallery\/2018_10_18_tocitylab\/pla_7979.jpg\" alt=\"\" width=\"540\" height=\"360\"\/><\/a><\/p>\n<!-- index.php -->\n<div\n\tclass=\"ngg-galleryoverview ngg-ajax-pagination-none\"\n\tid=\"ngg-gallery-c4701bb860c2faa5d65d6529a410f451-1\">\n\n    \t\t<!-- Thumbnails -->\n\t\t\t\t<div id=\"ngg-image-0\" class=\"ngg-gallery-thumbnail-box\" >\n\t\t\t\t        <div class=\"ngg-gallery-thumbnail\">\n            <a href=\"http:\/\/www.spaziotorino.it\/scatto\/wp-content\/gallery\/2018_10_18_tocitylab\/pla_7923.jpg\"\n               title=\"Gian Maria Gros-Pietro e Chiara Appendino con Pepper, il robot-guida dell&#039;Innovation Center di Intesa Sanpaolo\"\n               data-src=\"http:\/\/www.spaziotorino.it\/scatto\/wp-content\/gallery\/2018_10_18_tocitylab\/pla_7923.jpg\"\n               data-thumbnail=\"http:\/\/www.spaziotorino.it\/scatto\/wp-content\/gallery\/2018_10_18_tocitylab\/thumbs\/thumbs_pla_7923.jpg\"\n               data-image-id=\"21452\"\n               data-title=\"Gian Maria Gros-Pietro e Chiara Appendino con Pepper, il robot-guida dell&#039;Innovation Center di Intesa Sanpaolo\"\n               data-description=\"Gian Maria Gros-Pietro e Chiara Appendino con Pepper, il robot-guida dell&#039;Innovation Center di Intesa Sanpaolo\"\n               data-image-slug=\"pla_7923\"\n               class=\"ngg-fancybox\" rel=\"c4701bb860c2faa5d65d6529a410f451\">\n                <img\n                    title=\"Gian Maria Gros-Pietro e Chiara Appendino con Pepper, il robot-guida dell&#039;Innovation Center di Intesa Sanpaolo\"\n                    alt=\"Gian Maria Gros-Pietro e Chiara Appendino con Pepper, il robot-guida dell&#039;Innovation Center di Intesa Sanpaolo\"\n                    src=\"http:\/\/www.spaziotorino.it\/scatto\/wp-content\/gallery\/2018_10_18_tocitylab\/cache\/pla_7923.jpg-nggid0521452-ngg0dyn-60x60x100-00f0w010c011r110f110r010t010.jpg\"\n                    width=\"60\"\n                    height=\"60\"\n                    style=\"max-width:100%;\"\n                \/>\n            <\/a>\n        <\/div>\n\t\t\t\t\t\t\t<\/div> \n\t\t\t\n        \n\t\t\t\t<div id=\"ngg-image-1\" class=\"ngg-gallery-thumbnail-box\" >\n\t\t\t\t        <div class=\"ngg-gallery-thumbnail\">\n            <a href=\"http:\/\/www.spaziotorino.it\/scatto\/wp-content\/gallery\/2018_10_18_tocitylab\/pla_7937.jpg\"\n               title=\"Gian Maria Gros-Pietro, Intesa Sanpaolo e Vincenzo Ilotte, Camera di Commercio di Torino\"\n               data-src=\"http:\/\/www.spaziotorino.it\/scatto\/wp-content\/gallery\/2018_10_18_tocitylab\/pla_7937.jpg\"\n               data-thumbnail=\"http:\/\/www.spaziotorino.it\/scatto\/wp-content\/gallery\/2018_10_18_tocitylab\/thumbs\/thumbs_pla_7937.jpg\"\n               data-image-id=\"21453\"\n               data-title=\"Gian Maria Gros-Pietro, Intesa Sanpaolo e Vincenzo Ilotte, Camera di Commercio di Torino\"\n               data-description=\"Gian Maria Gros-Pietro, Intesa Sanpaolo e Vincenzo Ilotte, Camera di Commercio di Torino\"\n               data-image-slug=\"pla_7937\"\n               class=\"ngg-fancybox\" rel=\"c4701bb860c2faa5d65d6529a410f451\">\n                <img\n                    title=\"Gian Maria Gros-Pietro, Intesa Sanpaolo e Vincenzo Ilotte, Camera di Commercio di Torino\"\n                    alt=\"Gian Maria Gros-Pietro, Intesa Sanpaolo e Vincenzo Ilotte, Camera di Commercio di Torino\"\n                    src=\"http:\/\/www.spaziotorino.it\/scatto\/wp-content\/gallery\/2018_10_18_tocitylab\/cache\/pla_7937.jpg-nggid0521453-ngg0dyn-60x60x100-00f0w010c011r110f110r010t010.jpg\"\n                    width=\"60\"\n                    height=\"60\"\n                    style=\"max-width:100%;\"\n                \/>\n            <\/a>\n        <\/div>\n\t\t\t\t\t\t\t<\/div> \n\t\t\t\n        \n\t\t\t\t<div id=\"ngg-image-2\" class=\"ngg-gallery-thumbnail-box\" >\n\t\t\t\t        <div class=\"ngg-gallery-thumbnail\">\n            <a href=\"http:\/\/www.spaziotorino.it\/scatto\/wp-content\/gallery\/2018_10_18_tocitylab\/pla_7951.jpg\"\n               title=\"Paola Pisano, Gian Maria Gros-Pietro e Chiara Appendino\"\n               data-src=\"http:\/\/www.spaziotorino.it\/scatto\/wp-content\/gallery\/2018_10_18_tocitylab\/pla_7951.jpg\"\n               data-thumbnail=\"http:\/\/www.spaziotorino.it\/scatto\/wp-content\/gallery\/2018_10_18_tocitylab\/thumbs\/thumbs_pla_7951.jpg\"\n               data-image-id=\"21454\"\n               data-title=\"Paola Pisano, Gian Maria Gros-Pietro e Chiara Appendino\"\n               data-description=\"Paola Pisano, Gian Maria Gros-Pietro e Chiara Appendino\"\n               data-image-slug=\"pla_7951\"\n               class=\"ngg-fancybox\" rel=\"c4701bb860c2faa5d65d6529a410f451\">\n                <img\n                    title=\"Paola Pisano, Gian Maria Gros-Pietro e Chiara Appendino\"\n                    alt=\"Paola Pisano, Gian Maria Gros-Pietro e Chiara Appendino\"\n                    src=\"http:\/\/www.spaziotorino.it\/scatto\/wp-content\/gallery\/2018_10_18_tocitylab\/cache\/pla_7951.jpg-nggid0521454-ngg0dyn-60x60x100-00f0w010c011r110f110r010t010.jpg\"\n                    width=\"60\"\n                    height=\"60\"\n                    style=\"max-width:100%;\"\n                \/>\n            <\/a>\n        <\/div>\n\t\t\t\t\t\t\t<\/div> \n\t\t\t\n        \n\t\t\t\t<div id=\"ngg-image-3\" class=\"ngg-gallery-thumbnail-box\" >\n\t\t\t\t        <div class=\"ngg-gallery-thumbnail\">\n            <a href=\"http:\/\/www.spaziotorino.it\/scatto\/wp-content\/gallery\/2018_10_18_tocitylab\/pla_7961.jpg\"\n               title=\"Pepper, il robot-guida dell&#039;Innovation Center di Intesa Sanpaolo, introduce la conferenza stampa\"\n               data-src=\"http:\/\/www.spaziotorino.it\/scatto\/wp-content\/gallery\/2018_10_18_tocitylab\/pla_7961.jpg\"\n               data-thumbnail=\"http:\/\/www.spaziotorino.it\/scatto\/wp-content\/gallery\/2018_10_18_tocitylab\/thumbs\/thumbs_pla_7961.jpg\"\n               data-image-id=\"21455\"\n               data-title=\"Pepper, il robot-guida dell&#039;Innovation Center di Intesa Sanpaolo, introduce la conferenza stampa\"\n               data-description=\"Pepper, il robot-guida dell&#039;Innovation Center di Intesa Sanpaolo, introduce la conferenza stampa\"\n               data-image-slug=\"pla_7961\"\n               class=\"ngg-fancybox\" rel=\"c4701bb860c2faa5d65d6529a410f451\">\n                <img\n                    title=\"Pepper, il robot-guida dell&#039;Innovation Center di Intesa Sanpaolo, introduce la conferenza stampa\"\n                    alt=\"Pepper, il robot-guida dell&#039;Innovation Center di Intesa Sanpaolo, introduce la conferenza stampa\"\n                    src=\"http:\/\/www.spaziotorino.it\/scatto\/wp-content\/gallery\/2018_10_18_tocitylab\/cache\/pla_7961.jpg-nggid0521455-ngg0dyn-60x60x100-00f0w010c011r110f110r010t010.jpg\"\n                    width=\"60\"\n                    height=\"60\"\n                    style=\"max-width:100%;\"\n                \/>\n            <\/a>\n        <\/div>\n\t\t\t\t\t\t\t<\/div> \n\t\t\t\n        \n\t\t\t\t<div id=\"ngg-image-4\" class=\"ngg-gallery-thumbnail-box\" >\n\t\t\t\t        <div class=\"ngg-gallery-thumbnail\">\n            <a href=\"http:\/\/www.spaziotorino.it\/scatto\/wp-content\/gallery\/2018_10_18_tocitylab\/pla_7965.jpg\"\n               title=\"Torino City Lab\"\n               data-src=\"http:\/\/www.spaziotorino.it\/scatto\/wp-content\/gallery\/2018_10_18_tocitylab\/pla_7965.jpg\"\n               data-thumbnail=\"http:\/\/www.spaziotorino.it\/scatto\/wp-content\/gallery\/2018_10_18_tocitylab\/thumbs\/thumbs_pla_7965.jpg\"\n               data-image-id=\"21456\"\n               data-title=\"Torino City Lab\"\n               data-description=\"Torino City Lab\"\n               data-image-slug=\"pla_7965\"\n               class=\"ngg-fancybox\" rel=\"c4701bb860c2faa5d65d6529a410f451\">\n                <img\n                    title=\"Torino City Lab\"\n                    alt=\"Torino City Lab\"\n                    src=\"http:\/\/www.spaziotorino.it\/scatto\/wp-content\/gallery\/2018_10_18_tocitylab\/cache\/pla_7965.jpg-nggid0521456-ngg0dyn-60x60x100-00f0w010c011r110f110r010t010.jpg\"\n                    width=\"60\"\n                    height=\"60\"\n                    style=\"max-width:100%;\"\n                \/>\n            <\/a>\n        <\/div>\n\t\t\t\t\t\t\t<\/div> \n\t\t\t\n        \n\t\t\t\t<div id=\"ngg-image-5\" class=\"ngg-gallery-thumbnail-box\" >\n\t\t\t\t        <div class=\"ngg-gallery-thumbnail\">\n            <a href=\"http:\/\/www.spaziotorino.it\/scatto\/wp-content\/gallery\/2018_10_18_tocitylab\/pla_7974.jpg\"\n               title=\"Gian Maria Gros-Pietro, Presidente del Consiglio di Gestione di Intesa Sanpaolo\"\n               data-src=\"http:\/\/www.spaziotorino.it\/scatto\/wp-content\/gallery\/2018_10_18_tocitylab\/pla_7974.jpg\"\n               data-thumbnail=\"http:\/\/www.spaziotorino.it\/scatto\/wp-content\/gallery\/2018_10_18_tocitylab\/thumbs\/thumbs_pla_7974.jpg\"\n               data-image-id=\"21457\"\n               data-title=\"Gian Maria Gros-Pietro, Presidente del Consiglio di Gestione di Intesa Sanpaolo\"\n               data-description=\"Gian Maria Gros-Pietro, Presidente del Consiglio di Gestione di Intesa Sanpaolo\"\n               data-image-slug=\"pla_7974\"\n               class=\"ngg-fancybox\" rel=\"c4701bb860c2faa5d65d6529a410f451\">\n                <img\n                    title=\"Gian Maria Gros-Pietro, Presidente del Consiglio di Gestione di Intesa Sanpaolo\"\n                    alt=\"Gian Maria Gros-Pietro, Presidente del Consiglio di Gestione di Intesa Sanpaolo\"\n                    src=\"http:\/\/www.spaziotorino.it\/scatto\/wp-content\/gallery\/2018_10_18_tocitylab\/cache\/pla_7974.jpg-nggid0521457-ngg0dyn-60x60x100-00f0w010c011r110f110r010t010.jpg\"\n                    width=\"60\"\n                    height=\"60\"\n                    style=\"max-width:100%;\"\n                \/>\n            <\/a>\n        <\/div>\n\t\t\t\t\t\t\t<\/div> \n\t\t\t\n        \n\t\t\t\t<div id=\"ngg-image-6\" class=\"ngg-gallery-thumbnail-box\" >\n\t\t\t\t        <div class=\"ngg-gallery-thumbnail\">\n            <a href=\"http:\/\/www.spaziotorino.it\/scatto\/wp-content\/gallery\/2018_10_18_tocitylab\/pla_7993.jpg\"\n               title=\"Paola Pisano, Assessore all&#039;innovazione del comune di Torino\"\n               data-src=\"http:\/\/www.spaziotorino.it\/scatto\/wp-content\/gallery\/2018_10_18_tocitylab\/pla_7993.jpg\"\n               data-thumbnail=\"http:\/\/www.spaziotorino.it\/scatto\/wp-content\/gallery\/2018_10_18_tocitylab\/thumbs\/thumbs_pla_7993.jpg\"\n               data-image-id=\"21459\"\n               data-title=\"Paola Pisano, Assessore all&#039;innovazione del comune di Torino\"\n               data-description=\"Paola Pisano, Assessore all&#039;innovazione del comune di Torino\"\n               data-image-slug=\"pla_7993\"\n               class=\"ngg-fancybox\" rel=\"c4701bb860c2faa5d65d6529a410f451\">\n                <img\n                    title=\"Paola Pisano, Assessore all&#039;innovazione del comune di Torino\"\n                    alt=\"Paola Pisano, Assessore all&#039;innovazione del comune di Torino\"\n                    src=\"http:\/\/www.spaziotorino.it\/scatto\/wp-content\/gallery\/2018_10_18_tocitylab\/cache\/pla_7993.jpg-nggid0521459-ngg0dyn-60x60x100-00f0w010c011r110f110r010t010.jpg\"\n                    width=\"60\"\n                    height=\"60\"\n                    style=\"max-width:100%;\"\n                \/>\n            <\/a>\n        <\/div>\n\t\t\t\t\t\t\t<\/div> \n\t\t\t\n        \n\t\t\t\t<div id=\"ngg-image-7\" class=\"ngg-gallery-thumbnail-box\" >\n\t\t\t\t        <div class=\"ngg-gallery-thumbnail\">\n            <a href=\"http:\/\/www.spaziotorino.it\/scatto\/wp-content\/gallery\/2018_10_18_tocitylab\/pla_8005.jpg\"\n               title=\"Paola Pisano\"\n               data-src=\"http:\/\/www.spaziotorino.it\/scatto\/wp-content\/gallery\/2018_10_18_tocitylab\/pla_8005.jpg\"\n               data-thumbnail=\"http:\/\/www.spaziotorino.it\/scatto\/wp-content\/gallery\/2018_10_18_tocitylab\/thumbs\/thumbs_pla_8005.jpg\"\n               data-image-id=\"21460\"\n               data-title=\"Paola Pisano\"\n               data-description=\"Paola Pisano\"\n               data-image-slug=\"pla_8005\"\n               class=\"ngg-fancybox\" rel=\"c4701bb860c2faa5d65d6529a410f451\">\n                <img\n                    title=\"Paola Pisano\"\n                    alt=\"Paola Pisano\"\n                    src=\"http:\/\/www.spaziotorino.it\/scatto\/wp-content\/gallery\/2018_10_18_tocitylab\/cache\/pla_8005.jpg-nggid0521460-ngg0dyn-60x60x100-00f0w010c011r110f110r010t010.jpg\"\n                    width=\"60\"\n                    height=\"60\"\n                    style=\"max-width:100%;\"\n                \/>\n            <\/a>\n        <\/div>\n\t\t\t\t\t\t\t<\/div> \n\t\t\t\n        \n\t\t\t\t<div id=\"ngg-image-8\" class=\"ngg-gallery-thumbnail-box\" >\n\t\t\t\t        <div class=\"ngg-gallery-thumbnail\">\n            <a href=\"http:\/\/www.spaziotorino.it\/scatto\/wp-content\/gallery\/2018_10_18_tocitylab\/pla_8020.jpg\"\n               title=\"Torino City Lab\"\n               data-src=\"http:\/\/www.spaziotorino.it\/scatto\/wp-content\/gallery\/2018_10_18_tocitylab\/pla_8020.jpg\"\n               data-thumbnail=\"http:\/\/www.spaziotorino.it\/scatto\/wp-content\/gallery\/2018_10_18_tocitylab\/thumbs\/thumbs_pla_8020.jpg\"\n               data-image-id=\"21461\"\n               data-title=\"Torino City Lab\"\n               data-description=\"Torino City Lab\"\n               data-image-slug=\"pla_8020\"\n               class=\"ngg-fancybox\" rel=\"c4701bb860c2faa5d65d6529a410f451\">\n                <img\n                    title=\"Torino City Lab\"\n                    alt=\"Torino City Lab\"\n                    src=\"http:\/\/www.spaziotorino.it\/scatto\/wp-content\/gallery\/2018_10_18_tocitylab\/cache\/pla_8020.jpg-nggid0521461-ngg0dyn-60x60x100-00f0w010c011r110f110r010t010.jpg\"\n                    width=\"60\"\n                    height=\"60\"\n                    style=\"max-width:100%;\"\n                \/>\n            <\/a>\n        <\/div>\n\t\t\t\t\t\t\t<\/div> \n\t\t\t\n        \n\t\t\t\t<div id=\"ngg-image-9\" class=\"ngg-gallery-thumbnail-box\" >\n\t\t\t\t        <div class=\"ngg-gallery-thumbnail\">\n            <a href=\"http:\/\/www.spaziotorino.it\/scatto\/wp-content\/gallery\/2018_10_18_tocitylab\/pla_8039.jpg\"\n               title=\"Gianfranco Presutti, Area Sistema Informativo Citt\u00e0 di Torino\"\n               data-src=\"http:\/\/www.spaziotorino.it\/scatto\/wp-content\/gallery\/2018_10_18_tocitylab\/pla_8039.jpg\"\n               data-thumbnail=\"http:\/\/www.spaziotorino.it\/scatto\/wp-content\/gallery\/2018_10_18_tocitylab\/thumbs\/thumbs_pla_8039.jpg\"\n               data-image-id=\"21462\"\n               data-title=\"Gianfranco Presutti, Area Sistema Informativo Citt\u00e0 di Torino\"\n               data-description=\"Gianfranco Presutti, Area Sistema Informativo Citt\u00e0 di Torino\"\n               data-image-slug=\"pla_8039\"\n               class=\"ngg-fancybox\" rel=\"c4701bb860c2faa5d65d6529a410f451\">\n                <img\n                    title=\"Gianfranco Presutti, Area Sistema Informativo Citt\u00e0 di Torino\"\n                    alt=\"Gianfranco Presutti, Area Sistema Informativo Citt\u00e0 di Torino\"\n                    src=\"http:\/\/www.spaziotorino.it\/scatto\/wp-content\/gallery\/2018_10_18_tocitylab\/cache\/pla_8039.jpg-nggid0521462-ngg0dyn-60x60x100-00f0w010c011r110f110r010t010.jpg\"\n                    width=\"60\"\n                    height=\"60\"\n                    style=\"max-width:100%;\"\n                \/>\n            <\/a>\n        <\/div>\n\t\t\t\t\t\t\t<\/div> \n\t\t\t\n        \n\t\t\t\t<div id=\"ngg-image-10\" class=\"ngg-gallery-thumbnail-box\" >\n\t\t\t\t        <div class=\"ngg-gallery-thumbnail\">\n            <a href=\"http:\/\/www.spaziotorino.it\/scatto\/wp-content\/gallery\/2018_10_18_tocitylab\/pla_8053.jpg\"\n               title=\"Torino City Lab\"\n               data-src=\"http:\/\/www.spaziotorino.it\/scatto\/wp-content\/gallery\/2018_10_18_tocitylab\/pla_8053.jpg\"\n               data-thumbnail=\"http:\/\/www.spaziotorino.it\/scatto\/wp-content\/gallery\/2018_10_18_tocitylab\/thumbs\/thumbs_pla_8053.jpg\"\n               data-image-id=\"21463\"\n               data-title=\"Torino City Lab\"\n               data-description=\"Torino City Lab\"\n               data-image-slug=\"pla_8053\"\n               class=\"ngg-fancybox\" rel=\"c4701bb860c2faa5d65d6529a410f451\">\n                <img\n                    title=\"Torino City Lab\"\n                    alt=\"Torino City Lab\"\n                    src=\"http:\/\/www.spaziotorino.it\/scatto\/wp-content\/gallery\/2018_10_18_tocitylab\/cache\/pla_8053.jpg-nggid0521463-ngg0dyn-60x60x100-00f0w010c011r110f110r010t010.jpg\"\n                    width=\"60\"\n                    height=\"60\"\n                    style=\"max-width:100%;\"\n                \/>\n            <\/a>\n        <\/div>\n\t\t\t\t\t\t\t<\/div> \n\t\t\t\n        \n\t\t\t\t<div id=\"ngg-image-11\" class=\"ngg-gallery-thumbnail-box\" >\n\t\t\t\t        <div class=\"ngg-gallery-thumbnail\">\n            <a href=\"http:\/\/www.spaziotorino.it\/scatto\/wp-content\/gallery\/2018_10_18_tocitylab\/pla_8090.jpg\"\n               title=\"L&#039;intervento della Sindaca Appendino\"\n               data-src=\"http:\/\/www.spaziotorino.it\/scatto\/wp-content\/gallery\/2018_10_18_tocitylab\/pla_8090.jpg\"\n               data-thumbnail=\"http:\/\/www.spaziotorino.it\/scatto\/wp-content\/gallery\/2018_10_18_tocitylab\/thumbs\/thumbs_pla_8090.jpg\"\n               data-image-id=\"21464\"\n               data-title=\"L&#039;intervento della Sindaca Appendino\"\n               data-description=\"L&#039;intervento della Sindaca Appendino\"\n               data-image-slug=\"pla_8090\"\n               class=\"ngg-fancybox\" rel=\"c4701bb860c2faa5d65d6529a410f451\">\n                <img\n                    title=\"L&#039;intervento della Sindaca Appendino\"\n                    alt=\"L&#039;intervento della Sindaca Appendino\"\n                    src=\"http:\/\/www.spaziotorino.it\/scatto\/wp-content\/gallery\/2018_10_18_tocitylab\/cache\/pla_8090.jpg-nggid0521464-ngg0dyn-60x60x100-00f0w010c011r110f110r010t010.jpg\"\n                    width=\"60\"\n                    height=\"60\"\n                    style=\"max-width:100%;\"\n                \/>\n            <\/a>\n        <\/div>\n\t\t\t\t\t\t\t<\/div> \n\t\t\t\n        \n\t\t\t\t<div id=\"ngg-image-12\" class=\"ngg-gallery-thumbnail-box\" >\n\t\t\t\t        <div class=\"ngg-gallery-thumbnail\">\n            <a href=\"http:\/\/www.spaziotorino.it\/scatto\/wp-content\/gallery\/2018_10_18_tocitylab\/pla_8102.jpg\"\n               title=\"Torino City Lab\"\n               data-src=\"http:\/\/www.spaziotorino.it\/scatto\/wp-content\/gallery\/2018_10_18_tocitylab\/pla_8102.jpg\"\n               data-thumbnail=\"http:\/\/www.spaziotorino.it\/scatto\/wp-content\/gallery\/2018_10_18_tocitylab\/thumbs\/thumbs_pla_8102.jpg\"\n               data-image-id=\"21465\"\n               data-title=\"Torino City Lab\"\n               data-description=\"Torino City Lab\"\n               data-image-slug=\"pla_8102\"\n               class=\"ngg-fancybox\" rel=\"c4701bb860c2faa5d65d6529a410f451\">\n                <img\n                    title=\"Torino City Lab\"\n                    alt=\"Torino City Lab\"\n                    src=\"http:\/\/www.spaziotorino.it\/scatto\/wp-content\/gallery\/2018_10_18_tocitylab\/cache\/pla_8102.jpg-nggid0521465-ngg0dyn-60x60x100-00f0w010c011r110f110r010t010.jpg\"\n                    width=\"60\"\n                    height=\"60\"\n                    style=\"max-width:100%;\"\n                \/>\n            <\/a>\n        <\/div>\n\t\t\t\t\t\t\t<\/div> \n\t\t\t\n        \n\t\t\t\t<div id=\"ngg-image-13\" class=\"ngg-gallery-thumbnail-box\" >\n\t\t\t\t        <div class=\"ngg-gallery-thumbnail\">\n            <a href=\"http:\/\/www.spaziotorino.it\/scatto\/wp-content\/gallery\/2018_10_18_tocitylab\/pla_8120.jpg\"\n               title=\"Paola Pisano e Chiara Appendino\"\n               data-src=\"http:\/\/www.spaziotorino.it\/scatto\/wp-content\/gallery\/2018_10_18_tocitylab\/pla_8120.jpg\"\n               data-thumbnail=\"http:\/\/www.spaziotorino.it\/scatto\/wp-content\/gallery\/2018_10_18_tocitylab\/thumbs\/thumbs_pla_8120.jpg\"\n               data-image-id=\"21466\"\n               data-title=\"Paola Pisano e Chiara Appendino\"\n               data-description=\"Paola Pisano e Chiara Appendino\"\n               data-image-slug=\"pla_8120\"\n               class=\"ngg-fancybox\" rel=\"c4701bb860c2faa5d65d6529a410f451\">\n                <img\n                    title=\"Paola Pisano e Chiara Appendino\"\n                    alt=\"Paola Pisano e Chiara Appendino\"\n                    src=\"http:\/\/www.spaziotorino.it\/scatto\/wp-content\/gallery\/2018_10_18_tocitylab\/cache\/pla_8120.jpg-nggid0521466-ngg0dyn-60x60x100-00f0w010c011r110f110r010t010.jpg\"\n                    width=\"60\"\n                    height=\"60\"\n                    style=\"max-width:100%;\"\n                \/>\n            <\/a>\n        <\/div>\n\t\t\t\t\t\t\t<\/div> \n\t\t\t\n        \n\t\t\n\t\t<!-- Pagination -->\n\t<div class='ngg-clear'><\/div>\t<\/div>\n\n<p>Oggi al Grattacielo Intesa Sanpaolo il via ufficiale a&nbsp;<strong>Torino City Lab<\/strong>, laboratorio di sperimentazione della citt\u00e0 di Torino.&nbsp;Alla presenza della sindaca Chiara Appendino e di tutti i partner di Torino City Lab, l\u2019assessora all\u2019Innovazione e Smart City Paola Pisano ha presentato la&nbsp;<em>vision<\/em>&nbsp;di questa nuova politica di innovazione della citt\u00e0.<span id=\"more-79679\"><\/span><\/p>\n<p>\u201cTutto \u00e8 partito da un forte obiettivo: creare una citt\u00e0 guida nel cambiamento che sta investendo il nostro paese grazie ad un ecosistema concentrato sullo sviluppo di competenze e di opportunit\u00e0 che l\u2019innovazione offre \u2013 spiega l\u2019assessora all\u2019Innovazione&nbsp;<strong>Paola Pisano<\/strong>&nbsp;-. L\u2019innovazione deve poter essere sperimentata in ambiente reale, ma soprattutto deve essere messa a contatto con la societ\u00e0 per valutarne l\u2019impatto sociale. Quella che stiamo portando avanti vuole essere una visione di politica lungimirante, dove la pubblica amministrazione ha il compito, da una parte, di sostenere gli attori che partecipano creando nuove forme di governance per lo sviluppo di ecosistemi favorevoli, e dall\u2019altra di accompagnare queste realt\u00e0, affinch\u00e9 non prendano traiettorie socialmente insostenibili. Oggi apriamo la nostra citt\u00e0 al futuro e a nuove possibilit\u00e0 per il nostro ecosistema, per le realt\u00e0 che sceglieranno Torino per sperimentare innovazioni di frontiera, ma soprattutto per i nostri cittadini\u201d.<\/p>\n<p>Il progetto Torino City Lab offre la citt\u00e0 al testing di innovazione di frontiera allo stato pre-commerciale con la volont\u00e0 di promuovere modelli e forme di sviluppo economico in grado di rispondere in maniera innovativa alle principali sfide in atto e di contribuire al miglioramento della competitivit\u00e0 e attrattivit\u00e0 del sistema economico torinese, generando cos\u00ec nuovi e migliori posti di lavoro.<\/p>\n<p>Oggi viene lanciato il&nbsp;<strong>sito<\/strong>&nbsp;<a href=\"http:\/\/www.torinocitylab.com\/\" target=\"_blank\" rel=\"noopener\">www.torinocitylab.com<\/a>&nbsp;dove imprese e start up potranno sottoporre il loro progetto di sperimentazione grazie a una call sempre aperta.&nbsp;Un team dedicato analizza la fattibilit\u00e0 delle proposte di innovazione e procede a rilasciare le autorizzazioni alla sperimentazione nel minor tempo possibile grazie alla semplificazione delle procedure.<\/p>\n<p>Torino City Lab si basa su&nbsp;<strong>tre elementi principali<\/strong>:<\/p>\n<p>\u2022 Trasparenza, intesa come condivisione di&nbsp;<em>asset<\/em>&nbsp;tangibili e intangibili (tecnologia, laboratori, dati e informazioni sulla citta\u0300 e i suoi cittadini, modelli e pratiche di innovazione sociale)<br \/>\n\u2022 Apertura verso nuovi soggetti e creazione dell\u2019ecosistema e della&nbsp;<em>community<\/em>&nbsp;dell\u2019innovazione;<br \/>\n\u2022 Agilit\u00e0 nell\u2019<em>execution<\/em>&nbsp;delle attivita\u0300 grazie a strumenti amministrativi, operativi e di semplificazione.<br \/>\nPer rafforzare questo modello la Citt\u00e0 ha definito forme di collaborazione e partenariato con soggetti chiave che accompagneranno la citt\u00e0 sin dalla fase di co-progettazione del nuovo Torino City Lab quali,&nbsp;<em>utilities<\/em>, imprese, Universit\u00e0, enti di ricerca.<\/p>\n<p>Durante l\u2019incontro sono stati presentati i Main Partner IGPDecaux, INTEL, Intesa Sanpaolo, Italdesign, Mercedes-Benz Consulting, Opinno, TIM, ZTE Italia e le altre realt\u00e0 entrate a far parte del partenariato 5T, AMIAT, IREN, Sagat, SMAT, TRM, CDI Italia, Digital Innovation Hub \u2013 Unione Industriale, Environment Park, Fondazione LINKS, ICxT, MESAP, Politecnico di Torino, SocialFare, Synesthesia, Talentgarden, ToolBox, Torino Wireless, Universit\u00e0 degli Studi di Torino.<\/p>\n<p>[Fonte: <a href=\"http:\/\/www.torinoclick.it\/?p=79679\">TorinoClick<\/a>]<\/p>\n","protected":false},"excerpt":{"rendered":"<p>Oggi al Grattacielo Intesa Sanpaolo il via ufficiale a&nbsp;Torino City Lab, laboratorio di sperimentazione della citt\u00e0 di Torino.&nbsp;Alla presenza della sindaca Chiara Appendino e di tutti i partner di Torino City Lab, l\u2019assessora all\u2019Innovazione e Smart City Paola Pisano ha presentato la&nbsp;vision&nbsp;di questa nuova politica di innovazione della citt\u00e0. \u201cTutto \u00e8 partito da un forte [&hellip;]<\/p>\n","protected":false},"author":1,"featured_media":0,"comment_status":"closed","ping_status":"open","sticky":false,"template":"","format":"standard","meta":{"ngg_post_thumbnail":0},"categories":[1,41],"tags":[],"_links":{"self":[{"href":"http:\/\/www.spaziotorino.it\/scatto\/index.php?rest_route=\/wp\/v2\/posts\/13741"}],"collection":[{"href":"http:\/\/www.spaziotorino.it\/scatto\/index.php?rest_route=\/wp\/v2\/posts"}],"about":[{"href":"http:\/\/www.spaziotorino.it\/scatto\/index.php?rest_route=\/wp\/v2\/types\/post"}],"author":[{"embeddable":true,"href":"http:\/\/www.spaziotorino.it\/scatto\/index.php?rest_route=\/wp\/v2\/users\/1"}],"replies":[{"embeddable":true,"href":"http:\/\/www.spaziotorino.it\/scatto\/index.php?rest_route=%2Fwp%2Fv2%2Fcomments&post=13741"}],"version-history":[{"count":3,"href":"http:\/\/www.spaziotorino.it\/scatto\/index.php?rest_route=\/wp\/v2\/posts\/13741\/revisions"}],"predecessor-version":[{"id":13745,"href":"http:\/\/www.spaziotorino.it\/scatto\/index.php?rest_route=\/wp\/v2\/posts\/13741\/revisions\/13745"}],"wp:attachment":[{"href":"http:\/\/www.spaziotorino.it\/scatto\/index.php?rest_route=%2Fwp%2Fv2%2Fmedia&parent=13741"}],"wp:term":[{"taxonomy":"category","embeddable":true,"href":"http:\/\/www.spaziotorino.it\/scatto\/index.php?rest_route=%2Fwp%2Fv2%2Fcategories&post=13741"},{"taxonomy":"post_tag","embeddable":true,"href":"http:\/\/www.spaziotorino.it\/scatto\/index.php?rest_route=%2Fwp%2Fv2%2Ftags&post=13741"}],"curies":[{"name":"wp","href":"https:\/\/api.w.org\/{rel}","templated":true}]}}