{"id":13896,"date":"2018-10-24T15:11:26","date_gmt":"2018-10-24T14:11:26","guid":{"rendered":"http:\/\/www.spaziotorino.it\/scatto\/?p=13896"},"modified":"2018-10-24T16:34:50","modified_gmt":"2018-10-24T15:34:50","slug":"inaugurata-stamattina-la-sede-espositiva-dellarchivio-mai-visti","status":"publish","type":"post","link":"http:\/\/www.spaziotorino.it\/scatto\/?p=13896","title":{"rendered":"Inaugurata stamattina la sede espositiva dell\u2019Archivio \u201cMai Visti\u201d"},"content":{"rendered":"<p><a class=\"ngg-fancybox\" title=\"Inaugurata stamattina la sede espositiva dell\u2019Archivio \u201cMai Visti\u201d\" href=\"http:\/\/www.spaziotorino.it\/scatto\/wp-content\/gallery\/2018_10_24_maivisti\/AMA_2682.jpg\" rel=\"76e44aae268314b86e796222c1a50461\"><br \/>\n<img decoding=\"async\" loading=\"lazy\" class=\"ngg-singlepic\" title=\"Inaugurata stamattina la sede espositiva dell\u2019Archivio \u201cMai Visti\u201d\" src=\"http:\/\/www.spaziotorino.it\/scatto\/wp-content\/gallery\/2018_10_24_maivisti\/AMA_2682.jpg\" alt=\"\" width=\"540\" height=\"360\"\/><\/a><\/p>\n<!-- index.php -->\n<div\n\tclass=\"ngg-galleryoverview ngg-ajax-pagination-none\"\n\tid=\"ngg-gallery-a411c549059b02aa1e5acb87ec9990f1-1\">\n\n    \t\t<!-- Thumbnails -->\n\t\t\t\t<div id=\"ngg-image-0\" class=\"ngg-gallery-thumbnail-box\" >\n\t\t\t\t        <div class=\"ngg-gallery-thumbnail\">\n            <a href=\"http:\/\/www.spaziotorino.it\/scatto\/wp-content\/gallery\/2018_10_24_maivisti\/AMA_2651.jpg\"\n               title=\"\"\n               data-src=\"http:\/\/www.spaziotorino.it\/scatto\/wp-content\/gallery\/2018_10_24_maivisti\/AMA_2651.jpg\"\n               data-thumbnail=\"http:\/\/www.spaziotorino.it\/scatto\/wp-content\/gallery\/2018_10_24_maivisti\/thumbs\/thumbs_AMA_2651.jpg\"\n               data-image-id=\"21523\"\n               data-title=\"AMA_2651\"\n               data-description=\"\"\n               data-image-slug=\"ama_2651\"\n               class=\"ngg-fancybox\" rel=\"a411c549059b02aa1e5acb87ec9990f1\">\n                <img\n                    title=\"AMA_2651\"\n                    alt=\"AMA_2651\"\n                    src=\"http:\/\/www.spaziotorino.it\/scatto\/wp-content\/gallery\/2018_10_24_maivisti\/cache\/AMA_2651.jpg-nggid0521523-ngg0dyn-60x60x100-00f0w010c011r110f110r010t010.jpg\"\n                    width=\"60\"\n                    height=\"60\"\n                    style=\"max-width:100%;\"\n                \/>\n            <\/a>\n        <\/div>\n\t\t\t\t\t\t\t<\/div> \n\t\t\t\n        \n\t\t\t\t<div id=\"ngg-image-1\" class=\"ngg-gallery-thumbnail-box\" >\n\t\t\t\t        <div class=\"ngg-gallery-thumbnail\">\n            <a href=\"http:\/\/www.spaziotorino.it\/scatto\/wp-content\/gallery\/2018_10_24_maivisti\/AMA_2652.jpg\"\n               title=\"\"\n               data-src=\"http:\/\/www.spaziotorino.it\/scatto\/wp-content\/gallery\/2018_10_24_maivisti\/AMA_2652.jpg\"\n               data-thumbnail=\"http:\/\/www.spaziotorino.it\/scatto\/wp-content\/gallery\/2018_10_24_maivisti\/thumbs\/thumbs_AMA_2652.jpg\"\n               data-image-id=\"21524\"\n               data-title=\"AMA_2652\"\n               data-description=\"\"\n               data-image-slug=\"ama_2652\"\n               class=\"ngg-fancybox\" rel=\"a411c549059b02aa1e5acb87ec9990f1\">\n                <img\n                    title=\"AMA_2652\"\n                    alt=\"AMA_2652\"\n                    src=\"http:\/\/www.spaziotorino.it\/scatto\/wp-content\/gallery\/2018_10_24_maivisti\/cache\/AMA_2652.jpg-nggid0521524-ngg0dyn-60x60x100-00f0w010c011r110f110r010t010.jpg\"\n                    width=\"60\"\n                    height=\"60\"\n                    style=\"max-width:100%;\"\n                \/>\n            <\/a>\n        <\/div>\n\t\t\t\t\t\t\t<\/div> \n\t\t\t\n        \n\t\t\t\t<div id=\"ngg-image-2\" class=\"ngg-gallery-thumbnail-box\" >\n\t\t\t\t        <div class=\"ngg-gallery-thumbnail\">\n            <a href=\"http:\/\/www.spaziotorino.it\/scatto\/wp-content\/gallery\/2018_10_24_maivisti\/AMA_2657.jpg\"\n               title=\"\"\n               data-src=\"http:\/\/www.spaziotorino.it\/scatto\/wp-content\/gallery\/2018_10_24_maivisti\/AMA_2657.jpg\"\n               data-thumbnail=\"http:\/\/www.spaziotorino.it\/scatto\/wp-content\/gallery\/2018_10_24_maivisti\/thumbs\/thumbs_AMA_2657.jpg\"\n               data-image-id=\"21525\"\n               data-title=\"AMA_2657\"\n               data-description=\"\"\n               data-image-slug=\"ama_2657\"\n               class=\"ngg-fancybox\" rel=\"a411c549059b02aa1e5acb87ec9990f1\">\n                <img\n                    title=\"AMA_2657\"\n                    alt=\"AMA_2657\"\n                    src=\"http:\/\/www.spaziotorino.it\/scatto\/wp-content\/gallery\/2018_10_24_maivisti\/cache\/AMA_2657.jpg-nggid0521525-ngg0dyn-60x60x100-00f0w010c011r110f110r010t010.jpg\"\n                    width=\"60\"\n                    height=\"60\"\n                    style=\"max-width:100%;\"\n                \/>\n            <\/a>\n        <\/div>\n\t\t\t\t\t\t\t<\/div> \n\t\t\t\n        \n\t\t\t\t<div id=\"ngg-image-3\" class=\"ngg-gallery-thumbnail-box\" >\n\t\t\t\t        <div class=\"ngg-gallery-thumbnail\">\n            <a href=\"http:\/\/www.spaziotorino.it\/scatto\/wp-content\/gallery\/2018_10_24_maivisti\/AMA_2661.jpg\"\n               title=\"\"\n               data-src=\"http:\/\/www.spaziotorino.it\/scatto\/wp-content\/gallery\/2018_10_24_maivisti\/AMA_2661.jpg\"\n               data-thumbnail=\"http:\/\/www.spaziotorino.it\/scatto\/wp-content\/gallery\/2018_10_24_maivisti\/thumbs\/thumbs_AMA_2661.jpg\"\n               data-image-id=\"21526\"\n               data-title=\"AMA_2661\"\n               data-description=\"\"\n               data-image-slug=\"ama_2661\"\n               class=\"ngg-fancybox\" rel=\"a411c549059b02aa1e5acb87ec9990f1\">\n                <img\n                    title=\"AMA_2661\"\n                    alt=\"AMA_2661\"\n                    src=\"http:\/\/www.spaziotorino.it\/scatto\/wp-content\/gallery\/2018_10_24_maivisti\/cache\/AMA_2661.jpg-nggid0521526-ngg0dyn-60x60x100-00f0w010c011r110f110r010t010.jpg\"\n                    width=\"60\"\n                    height=\"60\"\n                    style=\"max-width:100%;\"\n                \/>\n            <\/a>\n        <\/div>\n\t\t\t\t\t\t\t<\/div> \n\t\t\t\n        \n\t\t\t\t<div id=\"ngg-image-4\" class=\"ngg-gallery-thumbnail-box\" >\n\t\t\t\t        <div class=\"ngg-gallery-thumbnail\">\n            <a href=\"http:\/\/www.spaziotorino.it\/scatto\/wp-content\/gallery\/2018_10_24_maivisti\/AMA_2664.jpg\"\n               title=\"\"\n               data-src=\"http:\/\/www.spaziotorino.it\/scatto\/wp-content\/gallery\/2018_10_24_maivisti\/AMA_2664.jpg\"\n               data-thumbnail=\"http:\/\/www.spaziotorino.it\/scatto\/wp-content\/gallery\/2018_10_24_maivisti\/thumbs\/thumbs_AMA_2664.jpg\"\n               data-image-id=\"21527\"\n               data-title=\"AMA_2664\"\n               data-description=\"\"\n               data-image-slug=\"ama_2664\"\n               class=\"ngg-fancybox\" rel=\"a411c549059b02aa1e5acb87ec9990f1\">\n                <img\n                    title=\"AMA_2664\"\n                    alt=\"AMA_2664\"\n                    src=\"http:\/\/www.spaziotorino.it\/scatto\/wp-content\/gallery\/2018_10_24_maivisti\/cache\/AMA_2664.jpg-nggid0521527-ngg0dyn-60x60x100-00f0w010c011r110f110r010t010.jpg\"\n                    width=\"60\"\n                    height=\"60\"\n                    style=\"max-width:100%;\"\n                \/>\n            <\/a>\n        <\/div>\n\t\t\t\t\t\t\t<\/div> \n\t\t\t\n        \n\t\t\t\t<div id=\"ngg-image-5\" class=\"ngg-gallery-thumbnail-box\" >\n\t\t\t\t        <div class=\"ngg-gallery-thumbnail\">\n            <a href=\"http:\/\/www.spaziotorino.it\/scatto\/wp-content\/gallery\/2018_10_24_maivisti\/AMA_2667.jpg\"\n               title=\"\"\n               data-src=\"http:\/\/www.spaziotorino.it\/scatto\/wp-content\/gallery\/2018_10_24_maivisti\/AMA_2667.jpg\"\n               data-thumbnail=\"http:\/\/www.spaziotorino.it\/scatto\/wp-content\/gallery\/2018_10_24_maivisti\/thumbs\/thumbs_AMA_2667.jpg\"\n               data-image-id=\"21528\"\n               data-title=\"AMA_2667\"\n               data-description=\"\"\n               data-image-slug=\"ama_2667\"\n               class=\"ngg-fancybox\" rel=\"a411c549059b02aa1e5acb87ec9990f1\">\n                <img\n                    title=\"AMA_2667\"\n                    alt=\"AMA_2667\"\n                    src=\"http:\/\/www.spaziotorino.it\/scatto\/wp-content\/gallery\/2018_10_24_maivisti\/cache\/AMA_2667.jpg-nggid0521528-ngg0dyn-60x60x100-00f0w010c011r110f110r010t010.jpg\"\n                    width=\"60\"\n                    height=\"60\"\n                    style=\"max-width:100%;\"\n                \/>\n            <\/a>\n        <\/div>\n\t\t\t\t\t\t\t<\/div> \n\t\t\t\n        \n\t\t\t\t<div id=\"ngg-image-6\" class=\"ngg-gallery-thumbnail-box\" >\n\t\t\t\t        <div class=\"ngg-gallery-thumbnail\">\n            <a href=\"http:\/\/www.spaziotorino.it\/scatto\/wp-content\/gallery\/2018_10_24_maivisti\/AMA_2670.jpg\"\n               title=\"\"\n               data-src=\"http:\/\/www.spaziotorino.it\/scatto\/wp-content\/gallery\/2018_10_24_maivisti\/AMA_2670.jpg\"\n               data-thumbnail=\"http:\/\/www.spaziotorino.it\/scatto\/wp-content\/gallery\/2018_10_24_maivisti\/thumbs\/thumbs_AMA_2670.jpg\"\n               data-image-id=\"21529\"\n               data-title=\"AMA_2670\"\n               data-description=\"\"\n               data-image-slug=\"ama_2670\"\n               class=\"ngg-fancybox\" rel=\"a411c549059b02aa1e5acb87ec9990f1\">\n                <img\n                    title=\"AMA_2670\"\n                    alt=\"AMA_2670\"\n                    src=\"http:\/\/www.spaziotorino.it\/scatto\/wp-content\/gallery\/2018_10_24_maivisti\/cache\/AMA_2670.jpg-nggid0521529-ngg0dyn-60x60x100-00f0w010c011r110f110r010t010.jpg\"\n                    width=\"60\"\n                    height=\"60\"\n                    style=\"max-width:100%;\"\n                \/>\n            <\/a>\n        <\/div>\n\t\t\t\t\t\t\t<\/div> \n\t\t\t\n        \n\t\t\t\t<div id=\"ngg-image-7\" class=\"ngg-gallery-thumbnail-box\" >\n\t\t\t\t        <div class=\"ngg-gallery-thumbnail\">\n            <a href=\"http:\/\/www.spaziotorino.it\/scatto\/wp-content\/gallery\/2018_10_24_maivisti\/AMA_2676.jpg\"\n               title=\"\"\n               data-src=\"http:\/\/www.spaziotorino.it\/scatto\/wp-content\/gallery\/2018_10_24_maivisti\/AMA_2676.jpg\"\n               data-thumbnail=\"http:\/\/www.spaziotorino.it\/scatto\/wp-content\/gallery\/2018_10_24_maivisti\/thumbs\/thumbs_AMA_2676.jpg\"\n               data-image-id=\"21530\"\n               data-title=\"AMA_2676\"\n               data-description=\"\"\n               data-image-slug=\"ama_2676\"\n               class=\"ngg-fancybox\" rel=\"a411c549059b02aa1e5acb87ec9990f1\">\n                <img\n                    title=\"AMA_2676\"\n                    alt=\"AMA_2676\"\n                    src=\"http:\/\/www.spaziotorino.it\/scatto\/wp-content\/gallery\/2018_10_24_maivisti\/cache\/AMA_2676.jpg-nggid0521530-ngg0dyn-60x60x100-00f0w010c011r110f110r010t010.jpg\"\n                    width=\"60\"\n                    height=\"60\"\n                    style=\"max-width:100%;\"\n                \/>\n            <\/a>\n        <\/div>\n\t\t\t\t\t\t\t<\/div> \n\t\t\t\n        \n\t\t\t\t<div id=\"ngg-image-8\" class=\"ngg-gallery-thumbnail-box\" >\n\t\t\t\t        <div class=\"ngg-gallery-thumbnail\">\n            <a href=\"http:\/\/www.spaziotorino.it\/scatto\/wp-content\/gallery\/2018_10_24_maivisti\/AMA_2682.jpg\"\n               title=\"\"\n               data-src=\"http:\/\/www.spaziotorino.it\/scatto\/wp-content\/gallery\/2018_10_24_maivisti\/AMA_2682.jpg\"\n               data-thumbnail=\"http:\/\/www.spaziotorino.it\/scatto\/wp-content\/gallery\/2018_10_24_maivisti\/thumbs\/thumbs_AMA_2682.jpg\"\n               data-image-id=\"21531\"\n               data-title=\"AMA_2682\"\n               data-description=\"\"\n               data-image-slug=\"ama_2682\"\n               class=\"ngg-fancybox\" rel=\"a411c549059b02aa1e5acb87ec9990f1\">\n                <img\n                    title=\"AMA_2682\"\n                    alt=\"AMA_2682\"\n                    src=\"http:\/\/www.spaziotorino.it\/scatto\/wp-content\/gallery\/2018_10_24_maivisti\/cache\/AMA_2682.jpg-nggid0521531-ngg0dyn-60x60x100-00f0w010c011r110f110r010t010.jpg\"\n                    width=\"60\"\n                    height=\"60\"\n                    style=\"max-width:100%;\"\n                \/>\n            <\/a>\n        <\/div>\n\t\t\t\t\t\t\t<\/div> \n\t\t\t\n        \n\t\t\t\t<div id=\"ngg-image-9\" class=\"ngg-gallery-thumbnail-box\" >\n\t\t\t\t        <div class=\"ngg-gallery-thumbnail\">\n            <a href=\"http:\/\/www.spaziotorino.it\/scatto\/wp-content\/gallery\/2018_10_24_maivisti\/AMA_2724.jpg\"\n               title=\"\"\n               data-src=\"http:\/\/www.spaziotorino.it\/scatto\/wp-content\/gallery\/2018_10_24_maivisti\/AMA_2724.jpg\"\n               data-thumbnail=\"http:\/\/www.spaziotorino.it\/scatto\/wp-content\/gallery\/2018_10_24_maivisti\/thumbs\/thumbs_AMA_2724.jpg\"\n               data-image-id=\"21532\"\n               data-title=\"AMA_2724\"\n               data-description=\"\"\n               data-image-slug=\"ama_2724\"\n               class=\"ngg-fancybox\" rel=\"a411c549059b02aa1e5acb87ec9990f1\">\n                <img\n                    title=\"AMA_2724\"\n                    alt=\"AMA_2724\"\n                    src=\"http:\/\/www.spaziotorino.it\/scatto\/wp-content\/gallery\/2018_10_24_maivisti\/cache\/AMA_2724.jpg-nggid0521532-ngg0dyn-60x60x100-00f0w010c011r110f110r010t010.jpg\"\n                    width=\"60\"\n                    height=\"60\"\n                    style=\"max-width:100%;\"\n                \/>\n            <\/a>\n        <\/div>\n\t\t\t\t\t\t\t<\/div> \n\t\t\t\n        \n\t\t\t\t<div id=\"ngg-image-10\" class=\"ngg-gallery-thumbnail-box\" >\n\t\t\t\t        <div class=\"ngg-gallery-thumbnail\">\n            <a href=\"http:\/\/www.spaziotorino.it\/scatto\/wp-content\/gallery\/2018_10_24_maivisti\/AMA_2730.jpg\"\n               title=\"\"\n               data-src=\"http:\/\/www.spaziotorino.it\/scatto\/wp-content\/gallery\/2018_10_24_maivisti\/AMA_2730.jpg\"\n               data-thumbnail=\"http:\/\/www.spaziotorino.it\/scatto\/wp-content\/gallery\/2018_10_24_maivisti\/thumbs\/thumbs_AMA_2730.jpg\"\n               data-image-id=\"21533\"\n               data-title=\"AMA_2730\"\n               data-description=\"\"\n               data-image-slug=\"ama_2730\"\n               class=\"ngg-fancybox\" rel=\"a411c549059b02aa1e5acb87ec9990f1\">\n                <img\n                    title=\"AMA_2730\"\n                    alt=\"AMA_2730\"\n                    src=\"http:\/\/www.spaziotorino.it\/scatto\/wp-content\/gallery\/2018_10_24_maivisti\/cache\/AMA_2730.jpg-nggid0521533-ngg0dyn-60x60x100-00f0w010c011r110f110r010t010.jpg\"\n                    width=\"60\"\n                    height=\"60\"\n                    style=\"max-width:100%;\"\n                \/>\n            <\/a>\n        <\/div>\n\t\t\t\t\t\t\t<\/div> \n\t\t\t\n        \n\t\t\t\t<div id=\"ngg-image-11\" class=\"ngg-gallery-thumbnail-box\" >\n\t\t\t\t        <div class=\"ngg-gallery-thumbnail\">\n            <a href=\"http:\/\/www.spaziotorino.it\/scatto\/wp-content\/gallery\/2018_10_24_maivisti\/mostra-avamposto1rid60-1.jpg\"\n               title=\"\"\n               data-src=\"http:\/\/www.spaziotorino.it\/scatto\/wp-content\/gallery\/2018_10_24_maivisti\/mostra-avamposto1rid60-1.jpg\"\n               data-thumbnail=\"http:\/\/www.spaziotorino.it\/scatto\/wp-content\/gallery\/2018_10_24_maivisti\/thumbs\/thumbs_mostra-avamposto1rid60-1.jpg\"\n               data-image-id=\"21534\"\n               data-title=\"mostra-avamposto1rid60-1\"\n               data-description=\"\"\n               data-image-slug=\"mostra-avamposto1rid60-1\"\n               class=\"ngg-fancybox\" rel=\"a411c549059b02aa1e5acb87ec9990f1\">\n                <img\n                    title=\"mostra-avamposto1rid60-1\"\n                    alt=\"mostra-avamposto1rid60-1\"\n                    src=\"http:\/\/www.spaziotorino.it\/scatto\/wp-content\/gallery\/2018_10_24_maivisti\/cache\/mostra-avamposto1rid60-1.jpg-nggid0521534-ngg0dyn-60x60x100-00f0w010c011r110f110r010t010.jpg\"\n                    width=\"60\"\n                    height=\"60\"\n                    style=\"max-width:100%;\"\n                \/>\n            <\/a>\n        <\/div>\n\t\t\t\t\t\t\t<\/div> \n\t\t\t\n        \n\t\t\n\t\t<!-- Pagination -->\n\t<div class='ngg-clear'><\/div>\t<\/div>\n\n<p>La nuova sede espositiva dell\u2019<strong>Archivio Mai Visti<\/strong> della Citt\u00e0 di Torino, Divisione Servizi sociali, \u00e8 stata inaugurata questa mattina in corso Unione Sovietica 220 all\u2019interno dell\u2019antico complesso del Regio Ospizio dei Poveri.<\/p>\n<p>Moltissimi i partecipanti tra i quali alcuni degli autori delle opere in mostra Gaetano Carusotto, Lorenzo Filardi, Silvio Vaudano e Gian Maria Vablais, che sono stati salutati da <strong>Sonia Schellino<\/strong>, assessora al Welfare.<\/p>\n<p>\u201cQueste opere sono il frutto di talenti straordinari, espressi da persone che seppure attraversate dalla sofferenza riescono a dare voce alla loro anima, alla loro sensibilit\u00e0. L\u2019arte \u00e8 cultura e un artista \u00e8 tale indipendentemente dalle sue difficolt\u00e0. Sono tele che dovrebbero essere ammirate in un museo\u201d, ha sottolineato Schellino.<\/p>\n<p>I nuovi spazi sono situati all\u2019interno dell\u2019antico complesso conosciuto come \u201cPoveri vecchi\u201d e ospitano la mostra collettiva <strong>Avamposto<\/strong>. L\u2019esposizione \u00e8 promossa e curata dal servizio <strong>Passepartout<\/strong> della Divisione Servizi sociali della Citt\u00e0 di Torino, in collaborazione con l\u2019associazione <strong>Forme in bilico<\/strong>, ed \u00e8 stata inserita nel circuito di <strong>Torino Design of the City \u2013 Heritage<\/strong>. La rassegna sar\u00e0 aperta al pubblico fino al 30 novembre.<\/p>\n<p>La mostra, che valorizza il patrimonio storico dell\u2019Archivio Mai Visti costituito da opere realizzate da autori irregolari per incoraggiare il processo di inclusione e divulgazione a sostegno di artisti con disabilit\u00e0 o disagio psichico, presenta al pubblico una selezione di opere pittoriche e di design di artisti provenienti da collezioni pubbliche e private regionali, aderenti al progetto \u201cMai visti altre storie\u201d e custodite nell\u2019archivio.<\/p>\n<p>Si possono ammirare le opere di Rossella Carpino, Gaetano Carusotto, Enrico Depetris, Lorenzo Filardi, Primo Mazzon, Aldo Turco, Gian Maria Vablais, Silvio Vaudano e alcune serigrafie, a tiratura limitata, realizzate con il progetto\/<strong>mai print<\/strong>\/ a cura di <strong>Arteco<\/strong> con la collaborazione di Print About Me.<\/p>\n<p>\u201cQuesto patrimonio artistico \u2013 ha precisato <strong>Roberto Mastroianni<\/strong>, filosofo e critico d\u2019arte \u2013 rappresenta un unicum europeo in cui viene messo in risalto il valore estetico dell\u2019opera che genera bellezza, valore oggi preso come riferimento per costituire un patrimonio al pari dell\u2019arte contemporanea\u201d.<br \/>\nL\u2019ingresso alla mostra \u00e8 gratuito. Le visite guidate si possono prenotare a artenne.artenne@gmail.com<\/p>\n<p><strong>Per informazioni<\/strong><br \/>\nServizio Passepartout \u2013 corso Unione Sovietica 220\/d<br \/>\n(ingresso accessibile via San Marino 10)<br \/>\ntel: 011.011.28069<\/p>\n<p>[Fonte: <a href=\"http:\/\/www.torinoclick.it\/?p=79859#!\">TorinoClick<\/a>]<\/p>\n","protected":false},"excerpt":{"rendered":"<p>La nuova sede espositiva dell\u2019Archivio Mai Visti della Citt\u00e0 di Torino, Divisione Servizi sociali, \u00e8 stata inaugurata questa mattina in corso Unione Sovietica 220 all\u2019interno dell\u2019antico complesso del Regio Ospizio dei Poveri. Moltissimi i partecipanti tra i quali alcuni degli autori delle opere in mostra Gaetano Carusotto, Lorenzo Filardi, Silvio Vaudano e Gian Maria Vablais, [&hellip;]<\/p>\n","protected":false},"author":1,"featured_media":0,"comment_status":"closed","ping_status":"open","sticky":false,"template":"","format":"standard","meta":{"ngg_post_thumbnail":0},"categories":[54,1,41],"tags":[],"_links":{"self":[{"href":"http:\/\/www.spaziotorino.it\/scatto\/index.php?rest_route=\/wp\/v2\/posts\/13896"}],"collection":[{"href":"http:\/\/www.spaziotorino.it\/scatto\/index.php?rest_route=\/wp\/v2\/posts"}],"about":[{"href":"http:\/\/www.spaziotorino.it\/scatto\/index.php?rest_route=\/wp\/v2\/types\/post"}],"author":[{"embeddable":true,"href":"http:\/\/www.spaziotorino.it\/scatto\/index.php?rest_route=\/wp\/v2\/users\/1"}],"replies":[{"embeddable":true,"href":"http:\/\/www.spaziotorino.it\/scatto\/index.php?rest_route=%2Fwp%2Fv2%2Fcomments&post=13896"}],"version-history":[{"count":2,"href":"http:\/\/www.spaziotorino.it\/scatto\/index.php?rest_route=\/wp\/v2\/posts\/13896\/revisions"}],"predecessor-version":[{"id":13898,"href":"http:\/\/www.spaziotorino.it\/scatto\/index.php?rest_route=\/wp\/v2\/posts\/13896\/revisions\/13898"}],"wp:attachment":[{"href":"http:\/\/www.spaziotorino.it\/scatto\/index.php?rest_route=%2Fwp%2Fv2%2Fmedia&parent=13896"}],"wp:term":[{"taxonomy":"category","embeddable":true,"href":"http:\/\/www.spaziotorino.it\/scatto\/index.php?rest_route=%2Fwp%2Fv2%2Fcategories&post=13896"},{"taxonomy":"post_tag","embeddable":true,"href":"http:\/\/www.spaziotorino.it\/scatto\/index.php?rest_route=%2Fwp%2Fv2%2Ftags&post=13896"}],"curies":[{"name":"wp","href":"https:\/\/api.w.org\/{rel}","templated":true}]}}