{"id":14161,"date":"2018-11-02T14:38:50","date_gmt":"2018-11-02T13:38:50","guid":{"rendered":"http:\/\/www.spaziotorino.it\/scatto\/?p=14161"},"modified":"2018-11-05T14:40:48","modified_gmt":"2018-11-05T13:40:48","slug":"commemorazione-dei-defunti-3","status":"publish","type":"post","link":"http:\/\/www.spaziotorino.it\/scatto\/?p=14161","title":{"rendered":"Commemorazione dei defunti"},"content":{"rendered":"<p><a class=\"ngg-fancybox\" title=\"Commemorazione dei defunti\" href=\"http:\/\/www.spaziotorino.it\/scatto\/wp-content\/gallery\/2018_11_02_ognissanti\/pla_7852.jpg\" rel=\"f9d12857b73f89f28010bf7bd3250aa7\"><br \/>\n<img decoding=\"async\" loading=\"lazy\" class=\"ngg-singlepic\" title=\"Commemorazione dei defunti\" src=\"http:\/\/www.spaziotorino.it\/scatto\/wp-content\/gallery\/2018_11_02_ognissanti\/pla_7852.jpg\" alt=\"\" width=\"540\" height=\"360\"\/><\/a><\/p>\n<!-- index.php -->\n<div\n\tclass=\"ngg-galleryoverview ngg-ajax-pagination-none\"\n\tid=\"ngg-gallery-09cd785abdd19039c77105552d80da15-1\">\n\n    \t\t<!-- Thumbnails -->\n\t\t\t\t<div id=\"ngg-image-0\" class=\"ngg-gallery-thumbnail-box\" >\n\t\t\t\t        <div class=\"ngg-gallery-thumbnail\">\n            <a href=\"http:\/\/www.spaziotorino.it\/scatto\/wp-content\/gallery\/2018_11_02_ognissanti\/pla_7629.jpg\"\n               title=\"Cimitero Parco\"\n               data-src=\"http:\/\/www.spaziotorino.it\/scatto\/wp-content\/gallery\/2018_11_02_ognissanti\/pla_7629.jpg\"\n               data-thumbnail=\"http:\/\/www.spaziotorino.it\/scatto\/wp-content\/gallery\/2018_11_02_ognissanti\/thumbs\/thumbs_pla_7629.jpg\"\n               data-image-id=\"21627\"\n               data-title=\"Cimitero Parco\"\n               data-description=\"Cimitero Parco\"\n               data-image-slug=\"pla_7629\"\n               class=\"ngg-fancybox\" rel=\"09cd785abdd19039c77105552d80da15\">\n                <img\n                    title=\"Cimitero Parco\"\n                    alt=\"Cimitero Parco\"\n                    src=\"http:\/\/www.spaziotorino.it\/scatto\/wp-content\/gallery\/2018_11_02_ognissanti\/cache\/pla_7629.jpg-nggid0521627-ngg0dyn-60x60x100-00f0w010c011r110f110r010t010.jpg\"\n                    width=\"60\"\n                    height=\"60\"\n                    style=\"max-width:100%;\"\n                \/>\n            <\/a>\n        <\/div>\n\t\t\t\t\t\t\t<\/div> \n\t\t\t\n        \n\t\t\t\t<div id=\"ngg-image-1\" class=\"ngg-gallery-thumbnail-box\" >\n\t\t\t\t        <div class=\"ngg-gallery-thumbnail\">\n            <a href=\"http:\/\/www.spaziotorino.it\/scatto\/wp-content\/gallery\/2018_11_02_ognissanti\/pla_7644.jpg\"\n               title=\"Cimitero Parco\"\n               data-src=\"http:\/\/www.spaziotorino.it\/scatto\/wp-content\/gallery\/2018_11_02_ognissanti\/pla_7644.jpg\"\n               data-thumbnail=\"http:\/\/www.spaziotorino.it\/scatto\/wp-content\/gallery\/2018_11_02_ognissanti\/thumbs\/thumbs_pla_7644.jpg\"\n               data-image-id=\"21628\"\n               data-title=\"Cimitero Parco\"\n               data-description=\"Cimitero Parco\"\n               data-image-slug=\"pla_7644\"\n               class=\"ngg-fancybox\" rel=\"09cd785abdd19039c77105552d80da15\">\n                <img\n                    title=\"Cimitero Parco\"\n                    alt=\"Cimitero Parco\"\n                    src=\"http:\/\/www.spaziotorino.it\/scatto\/wp-content\/gallery\/2018_11_02_ognissanti\/cache\/pla_7644.jpg-nggid0521628-ngg0dyn-60x60x100-00f0w010c011r110f110r010t010.jpg\"\n                    width=\"60\"\n                    height=\"60\"\n                    style=\"max-width:100%;\"\n                \/>\n            <\/a>\n        <\/div>\n\t\t\t\t\t\t\t<\/div> \n\t\t\t\n        \n\t\t\t\t<div id=\"ngg-image-2\" class=\"ngg-gallery-thumbnail-box\" >\n\t\t\t\t        <div class=\"ngg-gallery-thumbnail\">\n            <a href=\"http:\/\/www.spaziotorino.it\/scatto\/wp-content\/gallery\/2018_11_02_ognissanti\/pla_7654.jpg\"\n               title=\"Presenti i Gonfaloni della Citt\u00e0, della Regione e Citt\u00e0 Metropolitana\"\n               data-src=\"http:\/\/www.spaziotorino.it\/scatto\/wp-content\/gallery\/2018_11_02_ognissanti\/pla_7654.jpg\"\n               data-thumbnail=\"http:\/\/www.spaziotorino.it\/scatto\/wp-content\/gallery\/2018_11_02_ognissanti\/thumbs\/thumbs_pla_7654.jpg\"\n               data-image-id=\"21629\"\n               data-title=\"Presenti i Gonfaloni della Citt\u00e0, della Regione e Citt\u00e0 Metropolitana\"\n               data-description=\"Presenti i Gonfaloni della Citt\u00e0, della Regione e Citt\u00e0 Metropolitana\"\n               data-image-slug=\"pla_7654\"\n               class=\"ngg-fancybox\" rel=\"09cd785abdd19039c77105552d80da15\">\n                <img\n                    title=\"Presenti i Gonfaloni della Citt\u00e0, della Regione e Citt\u00e0 Metropolitana\"\n                    alt=\"Presenti i Gonfaloni della Citt\u00e0, della Regione e Citt\u00e0 Metropolitana\"\n                    src=\"http:\/\/www.spaziotorino.it\/scatto\/wp-content\/gallery\/2018_11_02_ognissanti\/cache\/pla_7654.jpg-nggid0521629-ngg0dyn-60x60x100-00f0w010c011r110f110r010t010.jpg\"\n                    width=\"60\"\n                    height=\"60\"\n                    style=\"max-width:100%;\"\n                \/>\n            <\/a>\n        <\/div>\n\t\t\t\t\t\t\t<\/div> \n\t\t\t\n        \n\t\t\t\t<div id=\"ngg-image-3\" class=\"ngg-gallery-thumbnail-box\" >\n\t\t\t\t        <div class=\"ngg-gallery-thumbnail\">\n            <a href=\"http:\/\/www.spaziotorino.it\/scatto\/wp-content\/gallery\/2018_11_02_ognissanti\/pla_7687.jpg\"\n               title=\"La Messa al Cimitero Parco\"\n               data-src=\"http:\/\/www.spaziotorino.it\/scatto\/wp-content\/gallery\/2018_11_02_ognissanti\/pla_7687.jpg\"\n               data-thumbnail=\"http:\/\/www.spaziotorino.it\/scatto\/wp-content\/gallery\/2018_11_02_ognissanti\/thumbs\/thumbs_pla_7687.jpg\"\n               data-image-id=\"21630\"\n               data-title=\"La Messa al Cimitero Parco\"\n               data-description=\"La Messa al Cimitero Parco\"\n               data-image-slug=\"pla_7687\"\n               class=\"ngg-fancybox\" rel=\"09cd785abdd19039c77105552d80da15\">\n                <img\n                    title=\"La Messa al Cimitero Parco\"\n                    alt=\"La Messa al Cimitero Parco\"\n                    src=\"http:\/\/www.spaziotorino.it\/scatto\/wp-content\/gallery\/2018_11_02_ognissanti\/cache\/pla_7687.jpg-nggid0521630-ngg0dyn-60x60x100-00f0w010c011r110f110r010t010.jpg\"\n                    width=\"60\"\n                    height=\"60\"\n                    style=\"max-width:100%;\"\n                \/>\n            <\/a>\n        <\/div>\n\t\t\t\t\t\t\t<\/div> \n\t\t\t\n        \n\t\t\t\t<div id=\"ngg-image-4\" class=\"ngg-gallery-thumbnail-box\" >\n\t\t\t\t        <div class=\"ngg-gallery-thumbnail\">\n            <a href=\"http:\/\/www.spaziotorino.it\/scatto\/wp-content\/gallery\/2018_11_02_ognissanti\/pla_7696.jpg\"\n               title=\"Con la fascia Tricolore Sergio Rolando e a destra Mauro Marinari\"\n               data-src=\"http:\/\/www.spaziotorino.it\/scatto\/wp-content\/gallery\/2018_11_02_ognissanti\/pla_7696.jpg\"\n               data-thumbnail=\"http:\/\/www.spaziotorino.it\/scatto\/wp-content\/gallery\/2018_11_02_ognissanti\/thumbs\/thumbs_pla_7696.jpg\"\n               data-image-id=\"21631\"\n               data-title=\"Con la fascia Tricolore Sergio Rolando e a destra Mauro Marinari\"\n               data-description=\"Con la fascia Tricolore Sergio Rolando e a destra Mauro Marinari\"\n               data-image-slug=\"pla_7696\"\n               class=\"ngg-fancybox\" rel=\"09cd785abdd19039c77105552d80da15\">\n                <img\n                    title=\"Con la fascia Tricolore Sergio Rolando e a destra Mauro Marinari\"\n                    alt=\"Con la fascia Tricolore Sergio Rolando e a destra Mauro Marinari\"\n                    src=\"http:\/\/www.spaziotorino.it\/scatto\/wp-content\/gallery\/2018_11_02_ognissanti\/cache\/pla_7696.jpg-nggid0521631-ngg0dyn-60x60x100-00f0w010c011r110f110r010t010.jpg\"\n                    width=\"60\"\n                    height=\"60\"\n                    style=\"max-width:100%;\"\n                \/>\n            <\/a>\n        <\/div>\n\t\t\t\t\t\t\t<\/div> \n\t\t\t\n        \n\t\t\t\t<div id=\"ngg-image-5\" class=\"ngg-gallery-thumbnail-box\" >\n\t\t\t\t        <div class=\"ngg-gallery-thumbnail\">\n            <a href=\"http:\/\/www.spaziotorino.it\/scatto\/wp-content\/gallery\/2018_11_02_ognissanti\/pla_7701.jpg\"\n               title=\"L&#039;Arcivescovo Cesare Nosiglia celebra la Messa\"\n               data-src=\"http:\/\/www.spaziotorino.it\/scatto\/wp-content\/gallery\/2018_11_02_ognissanti\/pla_7701.jpg\"\n               data-thumbnail=\"http:\/\/www.spaziotorino.it\/scatto\/wp-content\/gallery\/2018_11_02_ognissanti\/thumbs\/thumbs_pla_7701.jpg\"\n               data-image-id=\"21632\"\n               data-title=\"L&#039;Arcivescovo Cesare Nosiglia celebra la Messa\"\n               data-description=\"L&#039;Arcivescovo Cesare Nosiglia celebra la Messa\"\n               data-image-slug=\"pla_7701\"\n               class=\"ngg-fancybox\" rel=\"09cd785abdd19039c77105552d80da15\">\n                <img\n                    title=\"L&#039;Arcivescovo Cesare Nosiglia celebra la Messa\"\n                    alt=\"L&#039;Arcivescovo Cesare Nosiglia celebra la Messa\"\n                    src=\"http:\/\/www.spaziotorino.it\/scatto\/wp-content\/gallery\/2018_11_02_ognissanti\/cache\/pla_7701.jpg-nggid0521632-ngg0dyn-60x60x100-00f0w010c011r110f110r010t010.jpg\"\n                    width=\"60\"\n                    height=\"60\"\n                    style=\"max-width:100%;\"\n                \/>\n            <\/a>\n        <\/div>\n\t\t\t\t\t\t\t<\/div> \n\t\t\t\n        \n\t\t\t\t<div id=\"ngg-image-6\" class=\"ngg-gallery-thumbnail-box\" >\n\t\t\t\t        <div class=\"ngg-gallery-thumbnail\">\n            <a href=\"http:\/\/www.spaziotorino.it\/scatto\/wp-content\/gallery\/2018_11_02_ognissanti\/pla_7706.jpg\"\n               title=\"La Messa al Cimitero Parco\"\n               data-src=\"http:\/\/www.spaziotorino.it\/scatto\/wp-content\/gallery\/2018_11_02_ognissanti\/pla_7706.jpg\"\n               data-thumbnail=\"http:\/\/www.spaziotorino.it\/scatto\/wp-content\/gallery\/2018_11_02_ognissanti\/thumbs\/thumbs_pla_7706.jpg\"\n               data-image-id=\"21633\"\n               data-title=\"La Messa al Cimitero Parco\"\n               data-description=\"La Messa al Cimitero Parco\"\n               data-image-slug=\"pla_7706\"\n               class=\"ngg-fancybox\" rel=\"09cd785abdd19039c77105552d80da15\">\n                <img\n                    title=\"La Messa al Cimitero Parco\"\n                    alt=\"La Messa al Cimitero Parco\"\n                    src=\"http:\/\/www.spaziotorino.it\/scatto\/wp-content\/gallery\/2018_11_02_ognissanti\/cache\/pla_7706.jpg-nggid0521633-ngg0dyn-60x60x100-00f0w010c011r110f110r010t010.jpg\"\n                    width=\"60\"\n                    height=\"60\"\n                    style=\"max-width:100%;\"\n                \/>\n            <\/a>\n        <\/div>\n\t\t\t\t\t\t\t<\/div> \n\t\t\t\n        \n\t\t\t\t<div id=\"ngg-image-7\" class=\"ngg-gallery-thumbnail-box\" >\n\t\t\t\t        <div class=\"ngg-gallery-thumbnail\">\n            <a href=\"http:\/\/www.spaziotorino.it\/scatto\/wp-content\/gallery\/2018_11_02_ognissanti\/pla_7745.jpg\"\n               title=\"La preghiera nella cappella del Cimitero Monumentale\"\n               data-src=\"http:\/\/www.spaziotorino.it\/scatto\/wp-content\/gallery\/2018_11_02_ognissanti\/pla_7745.jpg\"\n               data-thumbnail=\"http:\/\/www.spaziotorino.it\/scatto\/wp-content\/gallery\/2018_11_02_ognissanti\/thumbs\/thumbs_pla_7745.jpg\"\n               data-image-id=\"21634\"\n               data-title=\"La preghiera nella cappella del Cimitero Monumentale\"\n               data-description=\"La preghiera nella cappella del Cimitero Monumentale\"\n               data-image-slug=\"pla_7745\"\n               class=\"ngg-fancybox\" rel=\"09cd785abdd19039c77105552d80da15\">\n                <img\n                    title=\"La preghiera nella cappella del Cimitero Monumentale\"\n                    alt=\"La preghiera nella cappella del Cimitero Monumentale\"\n                    src=\"http:\/\/www.spaziotorino.it\/scatto\/wp-content\/gallery\/2018_11_02_ognissanti\/cache\/pla_7745.jpg-nggid0521634-ngg0dyn-60x60x100-00f0w010c011r110f110r010t010.jpg\"\n                    width=\"60\"\n                    height=\"60\"\n                    style=\"max-width:100%;\"\n                \/>\n            <\/a>\n        <\/div>\n\t\t\t\t\t\t\t<\/div> \n\t\t\t\n        \n\t\t\t\t<div id=\"ngg-image-8\" class=\"ngg-gallery-thumbnail-box\" >\n\t\t\t\t        <div class=\"ngg-gallery-thumbnail\">\n            <a href=\"http:\/\/www.spaziotorino.it\/scatto\/wp-content\/gallery\/2018_11_02_ognissanti\/pla_7757.jpg\"\n               title=\"Il corteo lungo i viali del Monumentale\"\n               data-src=\"http:\/\/www.spaziotorino.it\/scatto\/wp-content\/gallery\/2018_11_02_ognissanti\/pla_7757.jpg\"\n               data-thumbnail=\"http:\/\/www.spaziotorino.it\/scatto\/wp-content\/gallery\/2018_11_02_ognissanti\/thumbs\/thumbs_pla_7757.jpg\"\n               data-image-id=\"21635\"\n               data-title=\"Il corteo lungo i viali del Monumentale\"\n               data-description=\"Il corteo lungo i viali del Monumentale\"\n               data-image-slug=\"pla_7757\"\n               class=\"ngg-fancybox\" rel=\"09cd785abdd19039c77105552d80da15\">\n                <img\n                    title=\"Il corteo lungo i viali del Monumentale\"\n                    alt=\"Il corteo lungo i viali del Monumentale\"\n                    src=\"http:\/\/www.spaziotorino.it\/scatto\/wp-content\/gallery\/2018_11_02_ognissanti\/cache\/pla_7757.jpg-nggid0521635-ngg0dyn-60x60x100-00f0w010c011r110f110r010t010.jpg\"\n                    width=\"60\"\n                    height=\"60\"\n                    style=\"max-width:100%;\"\n                \/>\n            <\/a>\n        <\/div>\n\t\t\t\t\t\t\t<\/div> \n\t\t\t\n        \n\t\t\t\t<div id=\"ngg-image-9\" class=\"ngg-gallery-thumbnail-box\" >\n\t\t\t\t        <div class=\"ngg-gallery-thumbnail\">\n            <a href=\"http:\/\/www.spaziotorino.it\/scatto\/wp-content\/gallery\/2018_11_02_ognissanti\/pla_7778.jpg\"\n               title=\"\"\n               data-src=\"http:\/\/www.spaziotorino.it\/scatto\/wp-content\/gallery\/2018_11_02_ognissanti\/pla_7778.jpg\"\n               data-thumbnail=\"http:\/\/www.spaziotorino.it\/scatto\/wp-content\/gallery\/2018_11_02_ognissanti\/thumbs\/thumbs_pla_7778.jpg\"\n               data-image-id=\"21636\"\n               data-title=\"pla_7778\"\n               data-description=\"\"\n               data-image-slug=\"pla_7778\"\n               class=\"ngg-fancybox\" rel=\"09cd785abdd19039c77105552d80da15\">\n                <img\n                    title=\"pla_7778\"\n                    alt=\"pla_7778\"\n                    src=\"http:\/\/www.spaziotorino.it\/scatto\/wp-content\/gallery\/2018_11_02_ognissanti\/cache\/pla_7778.jpg-nggid0521636-ngg0dyn-60x60x100-00f0w010c011r110f110r010t010.jpg\"\n                    width=\"60\"\n                    height=\"60\"\n                    style=\"max-width:100%;\"\n                \/>\n            <\/a>\n        <\/div>\n\t\t\t\t\t\t\t<\/div> \n\t\t\t\n        \n\t\t\t\t<div id=\"ngg-image-10\" class=\"ngg-gallery-thumbnail-box\" >\n\t\t\t\t        <div class=\"ngg-gallery-thumbnail\">\n            <a href=\"http:\/\/www.spaziotorino.it\/scatto\/wp-content\/gallery\/2018_11_02_ognissanti\/pla_7786.jpg\"\n               title=\"\"\n               data-src=\"http:\/\/www.spaziotorino.it\/scatto\/wp-content\/gallery\/2018_11_02_ognissanti\/pla_7786.jpg\"\n               data-thumbnail=\"http:\/\/www.spaziotorino.it\/scatto\/wp-content\/gallery\/2018_11_02_ognissanti\/thumbs\/thumbs_pla_7786.jpg\"\n               data-image-id=\"21637\"\n               data-title=\"pla_7786\"\n               data-description=\"\"\n               data-image-slug=\"pla_7786\"\n               class=\"ngg-fancybox\" rel=\"09cd785abdd19039c77105552d80da15\">\n                <img\n                    title=\"pla_7786\"\n                    alt=\"pla_7786\"\n                    src=\"http:\/\/www.spaziotorino.it\/scatto\/wp-content\/gallery\/2018_11_02_ognissanti\/cache\/pla_7786.jpg-nggid0521637-ngg0dyn-60x60x100-00f0w010c011r110f110r010t010.jpg\"\n                    width=\"60\"\n                    height=\"60\"\n                    style=\"max-width:100%;\"\n                \/>\n            <\/a>\n        <\/div>\n\t\t\t\t\t\t\t<\/div> \n\t\t\t\n        \n\t\t\t\t<div id=\"ngg-image-11\" class=\"ngg-gallery-thumbnail-box\" >\n\t\t\t\t        <div class=\"ngg-gallery-thumbnail\">\n            <a href=\"http:\/\/www.spaziotorino.it\/scatto\/wp-content\/gallery\/2018_11_02_ognissanti\/pla_7793.jpg\"\n               title=\"\"\n               data-src=\"http:\/\/www.spaziotorino.it\/scatto\/wp-content\/gallery\/2018_11_02_ognissanti\/pla_7793.jpg\"\n               data-thumbnail=\"http:\/\/www.spaziotorino.it\/scatto\/wp-content\/gallery\/2018_11_02_ognissanti\/thumbs\/thumbs_pla_7793.jpg\"\n               data-image-id=\"21638\"\n               data-title=\"pla_7793\"\n               data-description=\"\"\n               data-image-slug=\"pla_7793\"\n               class=\"ngg-fancybox\" rel=\"09cd785abdd19039c77105552d80da15\">\n                <img\n                    title=\"pla_7793\"\n                    alt=\"pla_7793\"\n                    src=\"http:\/\/www.spaziotorino.it\/scatto\/wp-content\/gallery\/2018_11_02_ognissanti\/cache\/pla_7793.jpg-nggid0521638-ngg0dyn-60x60x100-00f0w010c011r110f110r010t010.jpg\"\n                    width=\"60\"\n                    height=\"60\"\n                    style=\"max-width:100%;\"\n                \/>\n            <\/a>\n        <\/div>\n\t\t\t\t\t\t\t<\/div> \n\t\t\t\n        \n\t\t\t\t<div id=\"ngg-image-12\" class=\"ngg-gallery-thumbnail-box\" >\n\t\t\t\t        <div class=\"ngg-gallery-thumbnail\">\n            <a href=\"http:\/\/www.spaziotorino.it\/scatto\/wp-content\/gallery\/2018_11_02_ognissanti\/pla_7800.jpg\"\n               title=\"\"\n               data-src=\"http:\/\/www.spaziotorino.it\/scatto\/wp-content\/gallery\/2018_11_02_ognissanti\/pla_7800.jpg\"\n               data-thumbnail=\"http:\/\/www.spaziotorino.it\/scatto\/wp-content\/gallery\/2018_11_02_ognissanti\/thumbs\/thumbs_pla_7800.jpg\"\n               data-image-id=\"21639\"\n               data-title=\"pla_7800\"\n               data-description=\"\"\n               data-image-slug=\"pla_7800\"\n               class=\"ngg-fancybox\" rel=\"09cd785abdd19039c77105552d80da15\">\n                <img\n                    title=\"pla_7800\"\n                    alt=\"pla_7800\"\n                    src=\"http:\/\/www.spaziotorino.it\/scatto\/wp-content\/gallery\/2018_11_02_ognissanti\/cache\/pla_7800.jpg-nggid0521639-ngg0dyn-60x60x100-00f0w010c011r110f110r010t010.jpg\"\n                    width=\"60\"\n                    height=\"60\"\n                    style=\"max-width:100%;\"\n                \/>\n            <\/a>\n        <\/div>\n\t\t\t\t\t\t\t<\/div> \n\t\t\t\n        \n\t\t\t\t<div id=\"ngg-image-13\" class=\"ngg-gallery-thumbnail-box\" >\n\t\t\t\t        <div class=\"ngg-gallery-thumbnail\">\n            <a href=\"http:\/\/www.spaziotorino.it\/scatto\/wp-content\/gallery\/2018_11_02_ognissanti\/pla_7811.jpg\"\n               title=\"\"\n               data-src=\"http:\/\/www.spaziotorino.it\/scatto\/wp-content\/gallery\/2018_11_02_ognissanti\/pla_7811.jpg\"\n               data-thumbnail=\"http:\/\/www.spaziotorino.it\/scatto\/wp-content\/gallery\/2018_11_02_ognissanti\/thumbs\/thumbs_pla_7811.jpg\"\n               data-image-id=\"21640\"\n               data-title=\"pla_7811\"\n               data-description=\"\"\n               data-image-slug=\"pla_7811\"\n               class=\"ngg-fancybox\" rel=\"09cd785abdd19039c77105552d80da15\">\n                <img\n                    title=\"pla_7811\"\n                    alt=\"pla_7811\"\n                    src=\"http:\/\/www.spaziotorino.it\/scatto\/wp-content\/gallery\/2018_11_02_ognissanti\/cache\/pla_7811.jpg-nggid0521640-ngg0dyn-60x60x100-00f0w010c011r110f110r010t010.jpg\"\n                    width=\"60\"\n                    height=\"60\"\n                    style=\"max-width:100%;\"\n                \/>\n            <\/a>\n        <\/div>\n\t\t\t\t\t\t\t<\/div> \n\t\t\t\n        \n\t\t\t\t<div id=\"ngg-image-14\" class=\"ngg-gallery-thumbnail-box\" >\n\t\t\t\t        <div class=\"ngg-gallery-thumbnail\">\n            <a href=\"http:\/\/www.spaziotorino.it\/scatto\/wp-content\/gallery\/2018_11_02_ognissanti\/pla_7826.jpg\"\n               title=\"\"\n               data-src=\"http:\/\/www.spaziotorino.it\/scatto\/wp-content\/gallery\/2018_11_02_ognissanti\/pla_7826.jpg\"\n               data-thumbnail=\"http:\/\/www.spaziotorino.it\/scatto\/wp-content\/gallery\/2018_11_02_ognissanti\/thumbs\/thumbs_pla_7826.jpg\"\n               data-image-id=\"21641\"\n               data-title=\"pla_7826\"\n               data-description=\"\"\n               data-image-slug=\"pla_7826\"\n               class=\"ngg-fancybox\" rel=\"09cd785abdd19039c77105552d80da15\">\n                <img\n                    title=\"pla_7826\"\n                    alt=\"pla_7826\"\n                    src=\"http:\/\/www.spaziotorino.it\/scatto\/wp-content\/gallery\/2018_11_02_ognissanti\/cache\/pla_7826.jpg-nggid0521641-ngg0dyn-60x60x100-00f0w010c011r110f110r010t010.jpg\"\n                    width=\"60\"\n                    height=\"60\"\n                    style=\"max-width:100%;\"\n                \/>\n            <\/a>\n        <\/div>\n\t\t\t\t\t\t\t<\/div> \n\t\t\t\n        \n\t\t\t\t<div id=\"ngg-image-15\" class=\"ngg-gallery-thumbnail-box\" >\n\t\t\t\t        <div class=\"ngg-gallery-thumbnail\">\n            <a href=\"http:\/\/www.spaziotorino.it\/scatto\/wp-content\/gallery\/2018_11_02_ognissanti\/pla_7833.jpg\"\n               title=\"\"\n               data-src=\"http:\/\/www.spaziotorino.it\/scatto\/wp-content\/gallery\/2018_11_02_ognissanti\/pla_7833.jpg\"\n               data-thumbnail=\"http:\/\/www.spaziotorino.it\/scatto\/wp-content\/gallery\/2018_11_02_ognissanti\/thumbs\/thumbs_pla_7833.jpg\"\n               data-image-id=\"21642\"\n               data-title=\"pla_7833\"\n               data-description=\"\"\n               data-image-slug=\"pla_7833\"\n               class=\"ngg-fancybox\" rel=\"09cd785abdd19039c77105552d80da15\">\n                <img\n                    title=\"pla_7833\"\n                    alt=\"pla_7833\"\n                    src=\"http:\/\/www.spaziotorino.it\/scatto\/wp-content\/gallery\/2018_11_02_ognissanti\/cache\/pla_7833.jpg-nggid0521642-ngg0dyn-60x60x100-00f0w010c011r110f110r010t010.jpg\"\n                    width=\"60\"\n                    height=\"60\"\n                    style=\"max-width:100%;\"\n                \/>\n            <\/a>\n        <\/div>\n\t\t\t\t\t\t\t<\/div> \n\t\t\t\n        \n\t\t\t\t<div id=\"ngg-image-16\" class=\"ngg-gallery-thumbnail-box\" >\n\t\t\t\t        <div class=\"ngg-gallery-thumbnail\">\n            <a href=\"http:\/\/www.spaziotorino.it\/scatto\/wp-content\/gallery\/2018_11_02_ognissanti\/pla_7838.jpg\"\n               title=\"\"\n               data-src=\"http:\/\/www.spaziotorino.it\/scatto\/wp-content\/gallery\/2018_11_02_ognissanti\/pla_7838.jpg\"\n               data-thumbnail=\"http:\/\/www.spaziotorino.it\/scatto\/wp-content\/gallery\/2018_11_02_ognissanti\/thumbs\/thumbs_pla_7838.jpg\"\n               data-image-id=\"21643\"\n               data-title=\"pla_7838\"\n               data-description=\"\"\n               data-image-slug=\"pla_7838\"\n               class=\"ngg-fancybox\" rel=\"09cd785abdd19039c77105552d80da15\">\n                <img\n                    title=\"pla_7838\"\n                    alt=\"pla_7838\"\n                    src=\"http:\/\/www.spaziotorino.it\/scatto\/wp-content\/gallery\/2018_11_02_ognissanti\/cache\/pla_7838.jpg-nggid0521643-ngg0dyn-60x60x100-00f0w010c011r110f110r010t010.jpg\"\n                    width=\"60\"\n                    height=\"60\"\n                    style=\"max-width:100%;\"\n                \/>\n            <\/a>\n        <\/div>\n\t\t\t\t\t\t\t<\/div> \n\t\t\t\n        \n\t\t\t\t<div id=\"ngg-image-17\" class=\"ngg-gallery-thumbnail-box\" >\n\t\t\t\t        <div class=\"ngg-gallery-thumbnail\">\n            <a href=\"http:\/\/www.spaziotorino.it\/scatto\/wp-content\/gallery\/2018_11_02_ognissanti\/pla_7852.jpg\"\n               title=\"\"\n               data-src=\"http:\/\/www.spaziotorino.it\/scatto\/wp-content\/gallery\/2018_11_02_ognissanti\/pla_7852.jpg\"\n               data-thumbnail=\"http:\/\/www.spaziotorino.it\/scatto\/wp-content\/gallery\/2018_11_02_ognissanti\/thumbs\/thumbs_pla_7852.jpg\"\n               data-image-id=\"21644\"\n               data-title=\"pla_7852\"\n               data-description=\"\"\n               data-image-slug=\"pla_7852\"\n               class=\"ngg-fancybox\" rel=\"09cd785abdd19039c77105552d80da15\">\n                <img\n                    title=\"pla_7852\"\n                    alt=\"pla_7852\"\n                    src=\"http:\/\/www.spaziotorino.it\/scatto\/wp-content\/gallery\/2018_11_02_ognissanti\/cache\/pla_7852.jpg-nggid0521644-ngg0dyn-60x60x100-00f0w010c011r110f110r010t010.jpg\"\n                    width=\"60\"\n                    height=\"60\"\n                    style=\"max-width:100%;\"\n                \/>\n            <\/a>\n        <\/div>\n\t\t\t\t\t\t\t<\/div> \n\t\t\t\n        \n\t\t\t\t<div id=\"ngg-image-18\" class=\"ngg-gallery-thumbnail-box\" >\n\t\t\t\t        <div class=\"ngg-gallery-thumbnail\">\n            <a href=\"http:\/\/www.spaziotorino.it\/scatto\/wp-content\/gallery\/2018_11_02_ognissanti\/pla_7861.jpg\"\n               title=\"\"\n               data-src=\"http:\/\/www.spaziotorino.it\/scatto\/wp-content\/gallery\/2018_11_02_ognissanti\/pla_7861.jpg\"\n               data-thumbnail=\"http:\/\/www.spaziotorino.it\/scatto\/wp-content\/gallery\/2018_11_02_ognissanti\/thumbs\/thumbs_pla_7861.jpg\"\n               data-image-id=\"21645\"\n               data-title=\"pla_7861\"\n               data-description=\"\"\n               data-image-slug=\"pla_7861\"\n               class=\"ngg-fancybox\" rel=\"09cd785abdd19039c77105552d80da15\">\n                <img\n                    title=\"pla_7861\"\n                    alt=\"pla_7861\"\n                    src=\"http:\/\/www.spaziotorino.it\/scatto\/wp-content\/gallery\/2018_11_02_ognissanti\/cache\/pla_7861.jpg-nggid0521645-ngg0dyn-60x60x100-00f0w010c011r110f110r010t010.jpg\"\n                    width=\"60\"\n                    height=\"60\"\n                    style=\"max-width:100%;\"\n                \/>\n            <\/a>\n        <\/div>\n\t\t\t\t\t\t\t<\/div> \n\t\t\t\n        \n\t\t\t\t<div id=\"ngg-image-19\" class=\"ngg-gallery-thumbnail-box\" >\n\t\t\t\t        <div class=\"ngg-gallery-thumbnail\">\n            <a href=\"http:\/\/www.spaziotorino.it\/scatto\/wp-content\/gallery\/2018_11_02_ognissanti\/pla_7886.jpg\"\n               title=\"\"\n               data-src=\"http:\/\/www.spaziotorino.it\/scatto\/wp-content\/gallery\/2018_11_02_ognissanti\/pla_7886.jpg\"\n               data-thumbnail=\"http:\/\/www.spaziotorino.it\/scatto\/wp-content\/gallery\/2018_11_02_ognissanti\/thumbs\/thumbs_pla_7886.jpg\"\n               data-image-id=\"21646\"\n               data-title=\"pla_7886\"\n               data-description=\"\"\n               data-image-slug=\"pla_7886\"\n               class=\"ngg-fancybox\" rel=\"09cd785abdd19039c77105552d80da15\">\n                <img\n                    title=\"pla_7886\"\n                    alt=\"pla_7886\"\n                    src=\"http:\/\/www.spaziotorino.it\/scatto\/wp-content\/gallery\/2018_11_02_ognissanti\/cache\/pla_7886.jpg-nggid0521646-ngg0dyn-60x60x100-00f0w010c011r110f110r010t010.jpg\"\n                    width=\"60\"\n                    height=\"60\"\n                    style=\"max-width:100%;\"\n                \/>\n            <\/a>\n        <\/div>\n\t\t\t\t\t\t\t<\/div> \n\t\t\t\n        \n\t\t\t\t<div id=\"ngg-image-20\" class=\"ngg-gallery-thumbnail-box\" >\n\t\t\t\t        <div class=\"ngg-gallery-thumbnail\">\n            <a href=\"http:\/\/www.spaziotorino.it\/scatto\/wp-content\/gallery\/2018_11_02_ognissanti\/pla_7896.jpg\"\n               title=\"\"\n               data-src=\"http:\/\/www.spaziotorino.it\/scatto\/wp-content\/gallery\/2018_11_02_ognissanti\/pla_7896.jpg\"\n               data-thumbnail=\"http:\/\/www.spaziotorino.it\/scatto\/wp-content\/gallery\/2018_11_02_ognissanti\/thumbs\/thumbs_pla_7896.jpg\"\n               data-image-id=\"21647\"\n               data-title=\"pla_7896\"\n               data-description=\"\"\n               data-image-slug=\"pla_7896\"\n               class=\"ngg-fancybox\" rel=\"09cd785abdd19039c77105552d80da15\">\n                <img\n                    title=\"pla_7896\"\n                    alt=\"pla_7896\"\n                    src=\"http:\/\/www.spaziotorino.it\/scatto\/wp-content\/gallery\/2018_11_02_ognissanti\/cache\/pla_7896.jpg-nggid0521647-ngg0dyn-60x60x100-00f0w010c011r110f110r010t010.jpg\"\n                    width=\"60\"\n                    height=\"60\"\n                    style=\"max-width:100%;\"\n                \/>\n            <\/a>\n        <\/div>\n\t\t\t\t\t\t\t<\/div> \n\t\t\t\n        \n\t\t\t\t<div id=\"ngg-image-21\" class=\"ngg-gallery-thumbnail-box\" >\n\t\t\t\t        <div class=\"ngg-gallery-thumbnail\">\n            <a href=\"http:\/\/www.spaziotorino.it\/scatto\/wp-content\/gallery\/2018_11_02_ognissanti\/pla_7901.jpg\"\n               title=\"\"\n               data-src=\"http:\/\/www.spaziotorino.it\/scatto\/wp-content\/gallery\/2018_11_02_ognissanti\/pla_7901.jpg\"\n               data-thumbnail=\"http:\/\/www.spaziotorino.it\/scatto\/wp-content\/gallery\/2018_11_02_ognissanti\/thumbs\/thumbs_pla_7901.jpg\"\n               data-image-id=\"21648\"\n               data-title=\"pla_7901\"\n               data-description=\"\"\n               data-image-slug=\"pla_7901\"\n               class=\"ngg-fancybox\" rel=\"09cd785abdd19039c77105552d80da15\">\n                <img\n                    title=\"pla_7901\"\n                    alt=\"pla_7901\"\n                    src=\"http:\/\/www.spaziotorino.it\/scatto\/wp-content\/gallery\/2018_11_02_ognissanti\/cache\/pla_7901.jpg-nggid0521648-ngg0dyn-60x60x100-00f0w010c011r110f110r010t010.jpg\"\n                    width=\"60\"\n                    height=\"60\"\n                    style=\"max-width:100%;\"\n                \/>\n            <\/a>\n        <\/div>\n\t\t\t\t\t\t\t<\/div> \n\t\t\t\n        \n\t\t\t\t<div id=\"ngg-image-22\" class=\"ngg-gallery-thumbnail-box\" >\n\t\t\t\t        <div class=\"ngg-gallery-thumbnail\">\n            <a href=\"http:\/\/www.spaziotorino.it\/scatto\/wp-content\/gallery\/2018_11_02_ognissanti\/pla_7910.jpg\"\n               title=\"\"\n               data-src=\"http:\/\/www.spaziotorino.it\/scatto\/wp-content\/gallery\/2018_11_02_ognissanti\/pla_7910.jpg\"\n               data-thumbnail=\"http:\/\/www.spaziotorino.it\/scatto\/wp-content\/gallery\/2018_11_02_ognissanti\/thumbs\/thumbs_pla_7910.jpg\"\n               data-image-id=\"21649\"\n               data-title=\"pla_7910\"\n               data-description=\"\"\n               data-image-slug=\"pla_7910\"\n               class=\"ngg-fancybox\" rel=\"09cd785abdd19039c77105552d80da15\">\n                <img\n                    title=\"pla_7910\"\n                    alt=\"pla_7910\"\n                    src=\"http:\/\/www.spaziotorino.it\/scatto\/wp-content\/gallery\/2018_11_02_ognissanti\/cache\/pla_7910.jpg-nggid0521649-ngg0dyn-60x60x100-00f0w010c011r110f110r010t010.jpg\"\n                    width=\"60\"\n                    height=\"60\"\n                    style=\"max-width:100%;\"\n                \/>\n            <\/a>\n        <\/div>\n\t\t\t\t\t\t\t<\/div> \n\t\t\t\n        \n\t\t\t\t<div id=\"ngg-image-23\" class=\"ngg-gallery-thumbnail-box\" >\n\t\t\t\t        <div class=\"ngg-gallery-thumbnail\">\n            <a href=\"http:\/\/www.spaziotorino.it\/scatto\/wp-content\/gallery\/2018_11_02_ognissanti\/pla_7925.jpg\"\n               title=\"\"\n               data-src=\"http:\/\/www.spaziotorino.it\/scatto\/wp-content\/gallery\/2018_11_02_ognissanti\/pla_7925.jpg\"\n               data-thumbnail=\"http:\/\/www.spaziotorino.it\/scatto\/wp-content\/gallery\/2018_11_02_ognissanti\/thumbs\/thumbs_pla_7925.jpg\"\n               data-image-id=\"21650\"\n               data-title=\"pla_7925\"\n               data-description=\"\"\n               data-image-slug=\"pla_7925\"\n               class=\"ngg-fancybox\" rel=\"09cd785abdd19039c77105552d80da15\">\n                <img\n                    title=\"pla_7925\"\n                    alt=\"pla_7925\"\n                    src=\"http:\/\/www.spaziotorino.it\/scatto\/wp-content\/gallery\/2018_11_02_ognissanti\/cache\/pla_7925.jpg-nggid0521650-ngg0dyn-60x60x100-00f0w010c011r110f110r010t010.jpg\"\n                    width=\"60\"\n                    height=\"60\"\n                    style=\"max-width:100%;\"\n                \/>\n            <\/a>\n        <\/div>\n\t\t\t\t\t\t\t<\/div> \n\t\t\t\n        \n\t\t\t\t<div id=\"ngg-image-24\" class=\"ngg-gallery-thumbnail-box\" >\n\t\t\t\t        <div class=\"ngg-gallery-thumbnail\">\n            <a href=\"http:\/\/www.spaziotorino.it\/scatto\/wp-content\/gallery\/2018_11_02_ognissanti\/pla_7932.jpg\"\n               title=\"\"\n               data-src=\"http:\/\/www.spaziotorino.it\/scatto\/wp-content\/gallery\/2018_11_02_ognissanti\/pla_7932.jpg\"\n               data-thumbnail=\"http:\/\/www.spaziotorino.it\/scatto\/wp-content\/gallery\/2018_11_02_ognissanti\/thumbs\/thumbs_pla_7932.jpg\"\n               data-image-id=\"21651\"\n               data-title=\"pla_7932\"\n               data-description=\"\"\n               data-image-slug=\"pla_7932\"\n               class=\"ngg-fancybox\" rel=\"09cd785abdd19039c77105552d80da15\">\n                <img\n                    title=\"pla_7932\"\n                    alt=\"pla_7932\"\n                    src=\"http:\/\/www.spaziotorino.it\/scatto\/wp-content\/gallery\/2018_11_02_ognissanti\/cache\/pla_7932.jpg-nggid0521651-ngg0dyn-60x60x100-00f0w010c011r110f110r010t010.jpg\"\n                    width=\"60\"\n                    height=\"60\"\n                    style=\"max-width:100%;\"\n                \/>\n            <\/a>\n        <\/div>\n\t\t\t\t\t\t\t<\/div> \n\t\t\t\n        \n\t\t\t\t<div id=\"ngg-image-25\" class=\"ngg-gallery-thumbnail-box\" >\n\t\t\t\t        <div class=\"ngg-gallery-thumbnail\">\n            <a href=\"http:\/\/www.spaziotorino.it\/scatto\/wp-content\/gallery\/2018_11_02_ognissanti\/pla_7933.jpg\"\n               title=\"\"\n               data-src=\"http:\/\/www.spaziotorino.it\/scatto\/wp-content\/gallery\/2018_11_02_ognissanti\/pla_7933.jpg\"\n               data-thumbnail=\"http:\/\/www.spaziotorino.it\/scatto\/wp-content\/gallery\/2018_11_02_ognissanti\/thumbs\/thumbs_pla_7933.jpg\"\n               data-image-id=\"21652\"\n               data-title=\"pla_7933\"\n               data-description=\"\"\n               data-image-slug=\"pla_7933\"\n               class=\"ngg-fancybox\" rel=\"09cd785abdd19039c77105552d80da15\">\n                <img\n                    title=\"pla_7933\"\n                    alt=\"pla_7933\"\n                    src=\"http:\/\/www.spaziotorino.it\/scatto\/wp-content\/gallery\/2018_11_02_ognissanti\/cache\/pla_7933.jpg-nggid0521652-ngg0dyn-60x60x100-00f0w010c011r110f110r010t010.jpg\"\n                    width=\"60\"\n                    height=\"60\"\n                    style=\"max-width:100%;\"\n                \/>\n            <\/a>\n        <\/div>\n\t\t\t\t\t\t\t<\/div> \n\t\t\t\n        \n\t\t\n\t\t<!-- Pagination -->\n\t<div class='ngg-clear'><\/div>\t<\/div>\n\n<p>Per la festa di Ognissanti e per la Commemorazione dei defunti la Citt\u00e0 promuove varie celebrazioni a partire dal 1\u00b0 novembre.<br \/>\nGioved\u00ec 1 novembre al Cimitero Parco si \u00e8 svolta la Messa celebrata dall&#8217;Arcivescovo Cesare Nosiglia, presenti per la Citt\u00e0 di Torino l&#8217;Assessore Sergio Rolando e Mauro Marinari, Capo di Gabinetto della sindaca Appendino.<br \/>\nVenerd\u00ec 2 novembre alle ore 9 nella cappella del Cimitero Monumentale, si \u00e8 svolta la preghiera comunitaria alla presenza della Sindaca Appendino e delle autorit\u00e0 civili, militari e religiose cittadine e delle rappresentanze delle associazioni combattentistiche. Alle 9.15 il corteo aperto dal Gonfalone civico da quello della Provincia e della Regione \u2013 ha proseguito all\u2019interno del Cimitero Monumentale per un omaggio alle lapidi e ai cippi.<br \/>\nSosta davanti alla Gran Croce, alla Lapide dei Caduti in Russia, alla Lapide in memoria degli Ebrei deportati, al Cippo della Deportazione, al Cippo ex Internati, al Campo della Gloria, al Cippo Caduti nella guerra di Liberazione, al Monumento alle Vittime Civili di Guerra, al Campo Caduti sul Lavoro, al Monumento Caduti dell\u2019Aviazione, al Monumento agli Esuli Istriani e Dalmati, al Sacrario Militare.<\/p>\n","protected":false},"excerpt":{"rendered":"<p>Per la festa di Ognissanti e per la Commemorazione dei defunti la Citt\u00e0 promuove varie celebrazioni a partire dal 1\u00b0 novembre. Gioved\u00ec 1 novembre al Cimitero Parco si \u00e8 svolta la Messa celebrata dall&#8217;Arcivescovo Cesare Nosiglia, presenti per la Citt\u00e0 di Torino l&#8217;Assessore Sergio Rolando e Mauro Marinari, Capo di Gabinetto della sindaca Appendino. Venerd\u00ec [&hellip;]<\/p>\n","protected":false},"author":1,"featured_media":0,"comment_status":"closed","ping_status":"open","sticky":false,"template":"","format":"standard","meta":{"ngg_post_thumbnail":0},"categories":[1,41,895],"tags":[],"_links":{"self":[{"href":"http:\/\/www.spaziotorino.it\/scatto\/index.php?rest_route=\/wp\/v2\/posts\/14161"}],"collection":[{"href":"http:\/\/www.spaziotorino.it\/scatto\/index.php?rest_route=\/wp\/v2\/posts"}],"about":[{"href":"http:\/\/www.spaziotorino.it\/scatto\/index.php?rest_route=\/wp\/v2\/types\/post"}],"author":[{"embeddable":true,"href":"http:\/\/www.spaziotorino.it\/scatto\/index.php?rest_route=\/wp\/v2\/users\/1"}],"replies":[{"embeddable":true,"href":"http:\/\/www.spaziotorino.it\/scatto\/index.php?rest_route=%2Fwp%2Fv2%2Fcomments&post=14161"}],"version-history":[{"count":3,"href":"http:\/\/www.spaziotorino.it\/scatto\/index.php?rest_route=\/wp\/v2\/posts\/14161\/revisions"}],"predecessor-version":[{"id":14201,"href":"http:\/\/www.spaziotorino.it\/scatto\/index.php?rest_route=\/wp\/v2\/posts\/14161\/revisions\/14201"}],"wp:attachment":[{"href":"http:\/\/www.spaziotorino.it\/scatto\/index.php?rest_route=%2Fwp%2Fv2%2Fmedia&parent=14161"}],"wp:term":[{"taxonomy":"category","embeddable":true,"href":"http:\/\/www.spaziotorino.it\/scatto\/index.php?rest_route=%2Fwp%2Fv2%2Fcategories&post=14161"},{"taxonomy":"post_tag","embeddable":true,"href":"http:\/\/www.spaziotorino.it\/scatto\/index.php?rest_route=%2Fwp%2Fv2%2Ftags&post=14161"}],"curies":[{"name":"wp","href":"https:\/\/api.w.org\/{rel}","templated":true}]}}