{"id":14200,"date":"2018-11-05T17:05:16","date_gmt":"2018-11-05T16:05:16","guid":{"rendered":"http:\/\/www.spaziotorino.it\/scatto\/?p=14200"},"modified":"2018-11-05T17:05:16","modified_gmt":"2018-11-05T16:05:16","slug":"commemorazione-dei-caduti-torinesi-di-tutte-le-guerre","status":"publish","type":"post","link":"http:\/\/www.spaziotorino.it\/scatto\/?p=14200","title":{"rendered":"Commemorazione dei caduti torinesi di tutte le guerre"},"content":{"rendered":"<p><a class=\"ngg-fancybox\" title=\"Commemorazione dei caduti torinesi di tutte le guerre\" href=\"http:\/\/www.spaziotorino.it\/scatto\/wp-content\/gallery\/2018_11_05_guerre\/IMG_8041-copia.jpg\" rel=\"5e42d3c917aec52567531d5832185c8b\"><br \/>\n<img decoding=\"async\" loading=\"lazy\" class=\"ngg-singlepic\" title=\"Commemorazione dei caduti torinesi di tutte le guerre\" src=\"http:\/\/www.spaziotorino.it\/scatto\/wp-content\/gallery\/2018_11_05_guerre\/IMG_8041-copia.jpg\" alt=\"\" width=\"540\" height=\"360\"\/><\/a><\/p>\n<!-- index.php -->\n<div\n\tclass=\"ngg-galleryoverview ngg-ajax-pagination-none\"\n\tid=\"ngg-gallery-c432a9bcd4bb1c6560345ebb7ff1a6c3-1\">\n\n    \t\t<!-- Thumbnails -->\n\t\t\t\t<div id=\"ngg-image-0\" class=\"ngg-gallery-thumbnail-box\" >\n\t\t\t\t        <div class=\"ngg-gallery-thumbnail\">\n            <a href=\"http:\/\/www.spaziotorino.it\/scatto\/wp-content\/gallery\/2018_11_05_guerre\/IMG_7989-copia.jpg\"\n               title=\"\"\n               data-src=\"http:\/\/www.spaziotorino.it\/scatto\/wp-content\/gallery\/2018_11_05_guerre\/IMG_7989-copia.jpg\"\n               data-thumbnail=\"http:\/\/www.spaziotorino.it\/scatto\/wp-content\/gallery\/2018_11_05_guerre\/thumbs\/thumbs_IMG_7989-copia.jpg\"\n               data-image-id=\"21653\"\n               data-title=\"IMG_7989-copia\"\n               data-description=\"\"\n               data-image-slug=\"img_7989-copia\"\n               class=\"ngg-fancybox\" rel=\"c432a9bcd4bb1c6560345ebb7ff1a6c3\">\n                <img\n                    title=\"IMG_7989-copia\"\n                    alt=\"IMG_7989-copia\"\n                    src=\"http:\/\/www.spaziotorino.it\/scatto\/wp-content\/gallery\/2018_11_05_guerre\/cache\/IMG_7989-copia.jpg-nggid0521653-ngg0dyn-60x60x100-00f0w010c011r110f110r010t010.jpg\"\n                    width=\"60\"\n                    height=\"60\"\n                    style=\"max-width:100%;\"\n                \/>\n            <\/a>\n        <\/div>\n\t\t\t\t\t\t\t<\/div> \n\t\t\t\n        \n\t\t\t\t<div id=\"ngg-image-1\" class=\"ngg-gallery-thumbnail-box\" >\n\t\t\t\t        <div class=\"ngg-gallery-thumbnail\">\n            <a href=\"http:\/\/www.spaziotorino.it\/scatto\/wp-content\/gallery\/2018_11_05_guerre\/IMG_8004-copia.jpg\"\n               title=\"\"\n               data-src=\"http:\/\/www.spaziotorino.it\/scatto\/wp-content\/gallery\/2018_11_05_guerre\/IMG_8004-copia.jpg\"\n               data-thumbnail=\"http:\/\/www.spaziotorino.it\/scatto\/wp-content\/gallery\/2018_11_05_guerre\/thumbs\/thumbs_IMG_8004-copia.jpg\"\n               data-image-id=\"21654\"\n               data-title=\"IMG_8004-copia\"\n               data-description=\"\"\n               data-image-slug=\"img_8004-copia\"\n               class=\"ngg-fancybox\" rel=\"c432a9bcd4bb1c6560345ebb7ff1a6c3\">\n                <img\n                    title=\"IMG_8004-copia\"\n                    alt=\"IMG_8004-copia\"\n                    src=\"http:\/\/www.spaziotorino.it\/scatto\/wp-content\/gallery\/2018_11_05_guerre\/cache\/IMG_8004-copia.jpg-nggid0521654-ngg0dyn-60x60x100-00f0w010c011r110f110r010t010.jpg\"\n                    width=\"60\"\n                    height=\"60\"\n                    style=\"max-width:100%;\"\n                \/>\n            <\/a>\n        <\/div>\n\t\t\t\t\t\t\t<\/div> \n\t\t\t\n        \n\t\t\t\t<div id=\"ngg-image-2\" class=\"ngg-gallery-thumbnail-box\" >\n\t\t\t\t        <div class=\"ngg-gallery-thumbnail\">\n            <a href=\"http:\/\/www.spaziotorino.it\/scatto\/wp-content\/gallery\/2018_11_05_guerre\/IMG_8008-copia.jpg\"\n               title=\"\"\n               data-src=\"http:\/\/www.spaziotorino.it\/scatto\/wp-content\/gallery\/2018_11_05_guerre\/IMG_8008-copia.jpg\"\n               data-thumbnail=\"http:\/\/www.spaziotorino.it\/scatto\/wp-content\/gallery\/2018_11_05_guerre\/thumbs\/thumbs_IMG_8008-copia.jpg\"\n               data-image-id=\"21655\"\n               data-title=\"IMG_8008-copia\"\n               data-description=\"\"\n               data-image-slug=\"img_8008-copia\"\n               class=\"ngg-fancybox\" rel=\"c432a9bcd4bb1c6560345ebb7ff1a6c3\">\n                <img\n                    title=\"IMG_8008-copia\"\n                    alt=\"IMG_8008-copia\"\n                    src=\"http:\/\/www.spaziotorino.it\/scatto\/wp-content\/gallery\/2018_11_05_guerre\/cache\/IMG_8008-copia.jpg-nggid0521655-ngg0dyn-60x60x100-00f0w010c011r110f110r010t010.jpg\"\n                    width=\"60\"\n                    height=\"60\"\n                    style=\"max-width:100%;\"\n                \/>\n            <\/a>\n        <\/div>\n\t\t\t\t\t\t\t<\/div> \n\t\t\t\n        \n\t\t\t\t<div id=\"ngg-image-3\" class=\"ngg-gallery-thumbnail-box\" >\n\t\t\t\t        <div class=\"ngg-gallery-thumbnail\">\n            <a href=\"http:\/\/www.spaziotorino.it\/scatto\/wp-content\/gallery\/2018_11_05_guerre\/IMG_8017-copia.jpg\"\n               title=\"\"\n               data-src=\"http:\/\/www.spaziotorino.it\/scatto\/wp-content\/gallery\/2018_11_05_guerre\/IMG_8017-copia.jpg\"\n               data-thumbnail=\"http:\/\/www.spaziotorino.it\/scatto\/wp-content\/gallery\/2018_11_05_guerre\/thumbs\/thumbs_IMG_8017-copia.jpg\"\n               data-image-id=\"21656\"\n               data-title=\"IMG_8017-copia\"\n               data-description=\"\"\n               data-image-slug=\"img_8017-copia\"\n               class=\"ngg-fancybox\" rel=\"c432a9bcd4bb1c6560345ebb7ff1a6c3\">\n                <img\n                    title=\"IMG_8017-copia\"\n                    alt=\"IMG_8017-copia\"\n                    src=\"http:\/\/www.spaziotorino.it\/scatto\/wp-content\/gallery\/2018_11_05_guerre\/cache\/IMG_8017-copia.jpg-nggid0521656-ngg0dyn-60x60x100-00f0w010c011r110f110r010t010.jpg\"\n                    width=\"60\"\n                    height=\"60\"\n                    style=\"max-width:100%;\"\n                \/>\n            <\/a>\n        <\/div>\n\t\t\t\t\t\t\t<\/div> \n\t\t\t\n        \n\t\t\t\t<div id=\"ngg-image-4\" class=\"ngg-gallery-thumbnail-box\" >\n\t\t\t\t        <div class=\"ngg-gallery-thumbnail\">\n            <a href=\"http:\/\/www.spaziotorino.it\/scatto\/wp-content\/gallery\/2018_11_05_guerre\/IMG_8029-copia.jpg\"\n               title=\"\"\n               data-src=\"http:\/\/www.spaziotorino.it\/scatto\/wp-content\/gallery\/2018_11_05_guerre\/IMG_8029-copia.jpg\"\n               data-thumbnail=\"http:\/\/www.spaziotorino.it\/scatto\/wp-content\/gallery\/2018_11_05_guerre\/thumbs\/thumbs_IMG_8029-copia.jpg\"\n               data-image-id=\"21657\"\n               data-title=\"IMG_8029-copia\"\n               data-description=\"\"\n               data-image-slug=\"img_8029-copia\"\n               class=\"ngg-fancybox\" rel=\"c432a9bcd4bb1c6560345ebb7ff1a6c3\">\n                <img\n                    title=\"IMG_8029-copia\"\n                    alt=\"IMG_8029-copia\"\n                    src=\"http:\/\/www.spaziotorino.it\/scatto\/wp-content\/gallery\/2018_11_05_guerre\/cache\/IMG_8029-copia.jpg-nggid0521657-ngg0dyn-60x60x100-00f0w010c011r110f110r010t010.jpg\"\n                    width=\"60\"\n                    height=\"60\"\n                    style=\"max-width:100%;\"\n                \/>\n            <\/a>\n        <\/div>\n\t\t\t\t\t\t\t<\/div> \n\t\t\t\n        \n\t\t\t\t<div id=\"ngg-image-5\" class=\"ngg-gallery-thumbnail-box\" >\n\t\t\t\t        <div class=\"ngg-gallery-thumbnail\">\n            <a href=\"http:\/\/www.spaziotorino.it\/scatto\/wp-content\/gallery\/2018_11_05_guerre\/IMG_8040-copia.jpg\"\n               title=\"\"\n               data-src=\"http:\/\/www.spaziotorino.it\/scatto\/wp-content\/gallery\/2018_11_05_guerre\/IMG_8040-copia.jpg\"\n               data-thumbnail=\"http:\/\/www.spaziotorino.it\/scatto\/wp-content\/gallery\/2018_11_05_guerre\/thumbs\/thumbs_IMG_8040-copia.jpg\"\n               data-image-id=\"21658\"\n               data-title=\"IMG_8040-copia\"\n               data-description=\"\"\n               data-image-slug=\"img_8040-copia\"\n               class=\"ngg-fancybox\" rel=\"c432a9bcd4bb1c6560345ebb7ff1a6c3\">\n                <img\n                    title=\"IMG_8040-copia\"\n                    alt=\"IMG_8040-copia\"\n                    src=\"http:\/\/www.spaziotorino.it\/scatto\/wp-content\/gallery\/2018_11_05_guerre\/cache\/IMG_8040-copia.jpg-nggid0521658-ngg0dyn-60x60x100-00f0w010c011r110f110r010t010.jpg\"\n                    width=\"60\"\n                    height=\"60\"\n                    style=\"max-width:100%;\"\n                \/>\n            <\/a>\n        <\/div>\n\t\t\t\t\t\t\t<\/div> \n\t\t\t\n        \n\t\t\t\t<div id=\"ngg-image-6\" class=\"ngg-gallery-thumbnail-box\" >\n\t\t\t\t        <div class=\"ngg-gallery-thumbnail\">\n            <a href=\"http:\/\/www.spaziotorino.it\/scatto\/wp-content\/gallery\/2018_11_05_guerre\/IMG_8041-copia.jpg\"\n               title=\"\"\n               data-src=\"http:\/\/www.spaziotorino.it\/scatto\/wp-content\/gallery\/2018_11_05_guerre\/IMG_8041-copia.jpg\"\n               data-thumbnail=\"http:\/\/www.spaziotorino.it\/scatto\/wp-content\/gallery\/2018_11_05_guerre\/thumbs\/thumbs_IMG_8041-copia.jpg\"\n               data-image-id=\"21659\"\n               data-title=\"IMG_8041-copia\"\n               data-description=\"\"\n               data-image-slug=\"img_8041-copia\"\n               class=\"ngg-fancybox\" rel=\"c432a9bcd4bb1c6560345ebb7ff1a6c3\">\n                <img\n                    title=\"IMG_8041-copia\"\n                    alt=\"IMG_8041-copia\"\n                    src=\"http:\/\/www.spaziotorino.it\/scatto\/wp-content\/gallery\/2018_11_05_guerre\/cache\/IMG_8041-copia.jpg-nggid0521659-ngg0dyn-60x60x100-00f0w010c011r110f110r010t010.jpg\"\n                    width=\"60\"\n                    height=\"60\"\n                    style=\"max-width:100%;\"\n                \/>\n            <\/a>\n        <\/div>\n\t\t\t\t\t\t\t<\/div> \n\t\t\t\n        \n\t\t\t\t<div id=\"ngg-image-7\" class=\"ngg-gallery-thumbnail-box\" >\n\t\t\t\t        <div class=\"ngg-gallery-thumbnail\">\n            <a href=\"http:\/\/www.spaziotorino.it\/scatto\/wp-content\/gallery\/2018_11_05_guerre\/IMG_8045-copia.jpg\"\n               title=\"\"\n               data-src=\"http:\/\/www.spaziotorino.it\/scatto\/wp-content\/gallery\/2018_11_05_guerre\/IMG_8045-copia.jpg\"\n               data-thumbnail=\"http:\/\/www.spaziotorino.it\/scatto\/wp-content\/gallery\/2018_11_05_guerre\/thumbs\/thumbs_IMG_8045-copia.jpg\"\n               data-image-id=\"21660\"\n               data-title=\"IMG_8045-copia\"\n               data-description=\"\"\n               data-image-slug=\"img_8045-copia\"\n               class=\"ngg-fancybox\" rel=\"c432a9bcd4bb1c6560345ebb7ff1a6c3\">\n                <img\n                    title=\"IMG_8045-copia\"\n                    alt=\"IMG_8045-copia\"\n                    src=\"http:\/\/www.spaziotorino.it\/scatto\/wp-content\/gallery\/2018_11_05_guerre\/cache\/IMG_8045-copia.jpg-nggid0521660-ngg0dyn-60x60x100-00f0w010c011r110f110r010t010.jpg\"\n                    width=\"60\"\n                    height=\"60\"\n                    style=\"max-width:100%;\"\n                \/>\n            <\/a>\n        <\/div>\n\t\t\t\t\t\t\t<\/div> \n\t\t\t\n        \n\t\t\t\t<div id=\"ngg-image-8\" class=\"ngg-gallery-thumbnail-box\" >\n\t\t\t\t        <div class=\"ngg-gallery-thumbnail\">\n            <a href=\"http:\/\/www.spaziotorino.it\/scatto\/wp-content\/gallery\/2018_11_05_guerre\/IMG_8052-copia.jpg\"\n               title=\"\"\n               data-src=\"http:\/\/www.spaziotorino.it\/scatto\/wp-content\/gallery\/2018_11_05_guerre\/IMG_8052-copia.jpg\"\n               data-thumbnail=\"http:\/\/www.spaziotorino.it\/scatto\/wp-content\/gallery\/2018_11_05_guerre\/thumbs\/thumbs_IMG_8052-copia.jpg\"\n               data-image-id=\"21661\"\n               data-title=\"IMG_8052-copia\"\n               data-description=\"\"\n               data-image-slug=\"img_8052-copia\"\n               class=\"ngg-fancybox\" rel=\"c432a9bcd4bb1c6560345ebb7ff1a6c3\">\n                <img\n                    title=\"IMG_8052-copia\"\n                    alt=\"IMG_8052-copia\"\n                    src=\"http:\/\/www.spaziotorino.it\/scatto\/wp-content\/gallery\/2018_11_05_guerre\/cache\/IMG_8052-copia.jpg-nggid0521661-ngg0dyn-60x60x100-00f0w010c011r110f110r010t010.jpg\"\n                    width=\"60\"\n                    height=\"60\"\n                    style=\"max-width:100%;\"\n                \/>\n            <\/a>\n        <\/div>\n\t\t\t\t\t\t\t<\/div> \n\t\t\t\n        \n\t\t\t\t<div id=\"ngg-image-9\" class=\"ngg-gallery-thumbnail-box\" >\n\t\t\t\t        <div class=\"ngg-gallery-thumbnail\">\n            <a href=\"http:\/\/www.spaziotorino.it\/scatto\/wp-content\/gallery\/2018_11_05_guerre\/IMG_8063-copia.jpg\"\n               title=\"\"\n               data-src=\"http:\/\/www.spaziotorino.it\/scatto\/wp-content\/gallery\/2018_11_05_guerre\/IMG_8063-copia.jpg\"\n               data-thumbnail=\"http:\/\/www.spaziotorino.it\/scatto\/wp-content\/gallery\/2018_11_05_guerre\/thumbs\/thumbs_IMG_8063-copia.jpg\"\n               data-image-id=\"21662\"\n               data-title=\"IMG_8063-copia\"\n               data-description=\"\"\n               data-image-slug=\"img_8063-copia\"\n               class=\"ngg-fancybox\" rel=\"c432a9bcd4bb1c6560345ebb7ff1a6c3\">\n                <img\n                    title=\"IMG_8063-copia\"\n                    alt=\"IMG_8063-copia\"\n                    src=\"http:\/\/www.spaziotorino.it\/scatto\/wp-content\/gallery\/2018_11_05_guerre\/cache\/IMG_8063-copia.jpg-nggid0521662-ngg0dyn-60x60x100-00f0w010c011r110f110r010t010.jpg\"\n                    width=\"60\"\n                    height=\"60\"\n                    style=\"max-width:100%;\"\n                \/>\n            <\/a>\n        <\/div>\n\t\t\t\t\t\t\t<\/div> \n\t\t\t\n        \n\t\t\t\t<div id=\"ngg-image-10\" class=\"ngg-gallery-thumbnail-box\" >\n\t\t\t\t        <div class=\"ngg-gallery-thumbnail\">\n            <a href=\"http:\/\/www.spaziotorino.it\/scatto\/wp-content\/gallery\/2018_11_05_guerre\/IMG_8067-copia.jpg\"\n               title=\"\"\n               data-src=\"http:\/\/www.spaziotorino.it\/scatto\/wp-content\/gallery\/2018_11_05_guerre\/IMG_8067-copia.jpg\"\n               data-thumbnail=\"http:\/\/www.spaziotorino.it\/scatto\/wp-content\/gallery\/2018_11_05_guerre\/thumbs\/thumbs_IMG_8067-copia.jpg\"\n               data-image-id=\"21663\"\n               data-title=\"IMG_8067-copia\"\n               data-description=\"\"\n               data-image-slug=\"img_8067-copia\"\n               class=\"ngg-fancybox\" rel=\"c432a9bcd4bb1c6560345ebb7ff1a6c3\">\n                <img\n                    title=\"IMG_8067-copia\"\n                    alt=\"IMG_8067-copia\"\n                    src=\"http:\/\/www.spaziotorino.it\/scatto\/wp-content\/gallery\/2018_11_05_guerre\/cache\/IMG_8067-copia.jpg-nggid0521663-ngg0dyn-60x60x100-00f0w010c011r110f110r010t010.jpg\"\n                    width=\"60\"\n                    height=\"60\"\n                    style=\"max-width:100%;\"\n                \/>\n            <\/a>\n        <\/div>\n\t\t\t\t\t\t\t<\/div> \n\t\t\t\n        \n\t\t\t\t<div id=\"ngg-image-11\" class=\"ngg-gallery-thumbnail-box\" >\n\t\t\t\t        <div class=\"ngg-gallery-thumbnail\">\n            <a href=\"http:\/\/www.spaziotorino.it\/scatto\/wp-content\/gallery\/2018_11_05_guerre\/IMG_8093-copia.jpg\"\n               title=\"\"\n               data-src=\"http:\/\/www.spaziotorino.it\/scatto\/wp-content\/gallery\/2018_11_05_guerre\/IMG_8093-copia.jpg\"\n               data-thumbnail=\"http:\/\/www.spaziotorino.it\/scatto\/wp-content\/gallery\/2018_11_05_guerre\/thumbs\/thumbs_IMG_8093-copia.jpg\"\n               data-image-id=\"21664\"\n               data-title=\"IMG_8093-copia\"\n               data-description=\"\"\n               data-image-slug=\"img_8093-copia\"\n               class=\"ngg-fancybox\" rel=\"c432a9bcd4bb1c6560345ebb7ff1a6c3\">\n                <img\n                    title=\"IMG_8093-copia\"\n                    alt=\"IMG_8093-copia\"\n                    src=\"http:\/\/www.spaziotorino.it\/scatto\/wp-content\/gallery\/2018_11_05_guerre\/cache\/IMG_8093-copia.jpg-nggid0521664-ngg0dyn-60x60x100-00f0w010c011r110f110r010t010.jpg\"\n                    width=\"60\"\n                    height=\"60\"\n                    style=\"max-width:100%;\"\n                \/>\n            <\/a>\n        <\/div>\n\t\t\t\t\t\t\t<\/div> \n\t\t\t\n        \n\t\t\t\t<div id=\"ngg-image-12\" class=\"ngg-gallery-thumbnail-box\" >\n\t\t\t\t        <div class=\"ngg-gallery-thumbnail\">\n            <a href=\"http:\/\/www.spaziotorino.it\/scatto\/wp-content\/gallery\/2018_11_05_guerre\/IMG_8113-copia.jpg\"\n               title=\"\"\n               data-src=\"http:\/\/www.spaziotorino.it\/scatto\/wp-content\/gallery\/2018_11_05_guerre\/IMG_8113-copia.jpg\"\n               data-thumbnail=\"http:\/\/www.spaziotorino.it\/scatto\/wp-content\/gallery\/2018_11_05_guerre\/thumbs\/thumbs_IMG_8113-copia.jpg\"\n               data-image-id=\"21665\"\n               data-title=\"IMG_8113-copia\"\n               data-description=\"\"\n               data-image-slug=\"img_8113-copia\"\n               class=\"ngg-fancybox\" rel=\"c432a9bcd4bb1c6560345ebb7ff1a6c3\">\n                <img\n                    title=\"IMG_8113-copia\"\n                    alt=\"IMG_8113-copia\"\n                    src=\"http:\/\/www.spaziotorino.it\/scatto\/wp-content\/gallery\/2018_11_05_guerre\/cache\/IMG_8113-copia.jpg-nggid0521665-ngg0dyn-60x60x100-00f0w010c011r110f110r010t010.jpg\"\n                    width=\"60\"\n                    height=\"60\"\n                    style=\"max-width:100%;\"\n                \/>\n            <\/a>\n        <\/div>\n\t\t\t\t\t\t\t<\/div> \n\t\t\t\n        \n\t\t\t\t<div id=\"ngg-image-13\" class=\"ngg-gallery-thumbnail-box\" >\n\t\t\t\t        <div class=\"ngg-gallery-thumbnail\">\n            <a href=\"http:\/\/www.spaziotorino.it\/scatto\/wp-content\/gallery\/2018_11_05_guerre\/IMG_8119-copia.jpg\"\n               title=\"\"\n               data-src=\"http:\/\/www.spaziotorino.it\/scatto\/wp-content\/gallery\/2018_11_05_guerre\/IMG_8119-copia.jpg\"\n               data-thumbnail=\"http:\/\/www.spaziotorino.it\/scatto\/wp-content\/gallery\/2018_11_05_guerre\/thumbs\/thumbs_IMG_8119-copia.jpg\"\n               data-image-id=\"21666\"\n               data-title=\"IMG_8119-copia\"\n               data-description=\"\"\n               data-image-slug=\"img_8119-copia\"\n               class=\"ngg-fancybox\" rel=\"c432a9bcd4bb1c6560345ebb7ff1a6c3\">\n                <img\n                    title=\"IMG_8119-copia\"\n                    alt=\"IMG_8119-copia\"\n                    src=\"http:\/\/www.spaziotorino.it\/scatto\/wp-content\/gallery\/2018_11_05_guerre\/cache\/IMG_8119-copia.jpg-nggid0521666-ngg0dyn-60x60x100-00f0w010c011r110f110r010t010.jpg\"\n                    width=\"60\"\n                    height=\"60\"\n                    style=\"max-width:100%;\"\n                \/>\n            <\/a>\n        <\/div>\n\t\t\t\t\t\t\t<\/div> \n\t\t\t\n        \n\t\t\t\t<div id=\"ngg-image-14\" class=\"ngg-gallery-thumbnail-box\" >\n\t\t\t\t        <div class=\"ngg-gallery-thumbnail\">\n            <a href=\"http:\/\/www.spaziotorino.it\/scatto\/wp-content\/gallery\/2018_11_05_guerre\/IMG_8123-copia.jpg\"\n               title=\"\"\n               data-src=\"http:\/\/www.spaziotorino.it\/scatto\/wp-content\/gallery\/2018_11_05_guerre\/IMG_8123-copia.jpg\"\n               data-thumbnail=\"http:\/\/www.spaziotorino.it\/scatto\/wp-content\/gallery\/2018_11_05_guerre\/thumbs\/thumbs_IMG_8123-copia.jpg\"\n               data-image-id=\"21667\"\n               data-title=\"IMG_8123-copia\"\n               data-description=\"\"\n               data-image-slug=\"img_8123-copia\"\n               class=\"ngg-fancybox\" rel=\"c432a9bcd4bb1c6560345ebb7ff1a6c3\">\n                <img\n                    title=\"IMG_8123-copia\"\n                    alt=\"IMG_8123-copia\"\n                    src=\"http:\/\/www.spaziotorino.it\/scatto\/wp-content\/gallery\/2018_11_05_guerre\/cache\/IMG_8123-copia.jpg-nggid0521667-ngg0dyn-60x60x100-00f0w010c011r110f110r010t010.jpg\"\n                    width=\"60\"\n                    height=\"60\"\n                    style=\"max-width:100%;\"\n                \/>\n            <\/a>\n        <\/div>\n\t\t\t\t\t\t\t<\/div> \n\t\t\t\n        \n\t\t\t\t<div id=\"ngg-image-15\" class=\"ngg-gallery-thumbnail-box\" >\n\t\t\t\t        <div class=\"ngg-gallery-thumbnail\">\n            <a href=\"http:\/\/www.spaziotorino.it\/scatto\/wp-content\/gallery\/2018_11_05_guerre\/IMG_8143-copia.jpg\"\n               title=\"\"\n               data-src=\"http:\/\/www.spaziotorino.it\/scatto\/wp-content\/gallery\/2018_11_05_guerre\/IMG_8143-copia.jpg\"\n               data-thumbnail=\"http:\/\/www.spaziotorino.it\/scatto\/wp-content\/gallery\/2018_11_05_guerre\/thumbs\/thumbs_IMG_8143-copia.jpg\"\n               data-image-id=\"21668\"\n               data-title=\"IMG_8143-copia\"\n               data-description=\"\"\n               data-image-slug=\"img_8143-copia\"\n               class=\"ngg-fancybox\" rel=\"c432a9bcd4bb1c6560345ebb7ff1a6c3\">\n                <img\n                    title=\"IMG_8143-copia\"\n                    alt=\"IMG_8143-copia\"\n                    src=\"http:\/\/www.spaziotorino.it\/scatto\/wp-content\/gallery\/2018_11_05_guerre\/cache\/IMG_8143-copia.jpg-nggid0521668-ngg0dyn-60x60x100-00f0w010c011r110f110r010t010.jpg\"\n                    width=\"60\"\n                    height=\"60\"\n                    style=\"max-width:100%;\"\n                \/>\n            <\/a>\n        <\/div>\n\t\t\t\t\t\t\t<\/div> \n\t\t\t\n        \n\t\t\t\t<div id=\"ngg-image-16\" class=\"ngg-gallery-thumbnail-box\" >\n\t\t\t\t        <div class=\"ngg-gallery-thumbnail\">\n            <a href=\"http:\/\/www.spaziotorino.it\/scatto\/wp-content\/gallery\/2018_11_05_guerre\/IMG_8148-copia.jpg\"\n               title=\"\"\n               data-src=\"http:\/\/www.spaziotorino.it\/scatto\/wp-content\/gallery\/2018_11_05_guerre\/IMG_8148-copia.jpg\"\n               data-thumbnail=\"http:\/\/www.spaziotorino.it\/scatto\/wp-content\/gallery\/2018_11_05_guerre\/thumbs\/thumbs_IMG_8148-copia.jpg\"\n               data-image-id=\"21669\"\n               data-title=\"IMG_8148-copia\"\n               data-description=\"\"\n               data-image-slug=\"img_8148-copia\"\n               class=\"ngg-fancybox\" rel=\"c432a9bcd4bb1c6560345ebb7ff1a6c3\">\n                <img\n                    title=\"IMG_8148-copia\"\n                    alt=\"IMG_8148-copia\"\n                    src=\"http:\/\/www.spaziotorino.it\/scatto\/wp-content\/gallery\/2018_11_05_guerre\/cache\/IMG_8148-copia.jpg-nggid0521669-ngg0dyn-60x60x100-00f0w010c011r110f110r010t010.jpg\"\n                    width=\"60\"\n                    height=\"60\"\n                    style=\"max-width:100%;\"\n                \/>\n            <\/a>\n        <\/div>\n\t\t\t\t\t\t\t<\/div> \n\t\t\t\n        \n\t\t\n\t\t<!-- Pagination -->\n\t<div class='ngg-clear'><\/div>\t<\/div>\n\n<p>Al Parco della Rimembranza si \u00e8 svolta la tradizionale cerimonia e la celebrazione della messa in ricordo dei caduti torinesi di tutte le guerre, organizzate dall&#8217;Associazione Nazionale Alpini,Sezione di Torino e Gruppo Torino Centro.<br \/>\nAlle 10, in piazzale Timavo, si \u00e8 svolta la cerimonia in onore ai caduti della Divisione e della Brigata Taurinense. Successivamente il corteo si \u00e8 diretto all&#8217;Ara Votiva, in piazzale Gorizia dove, dopo l\u2019alza bandiera, si \u00e8 svolta la commemorazione dei caduti torinesi di tutte le guerre.<br \/>\nDopo gli interventi delle autorit\u00e0, per la Citt\u00e0 di Torino ha partecipato il Presidente del Consiglio Comunale Fabio Versaci, \u00e8 stata officiata la messa dai cappellani militari. La cerimonia si \u00e8 conclusa con l\u2019ammaina bandiera<\/p>\n","protected":false},"excerpt":{"rendered":"<p>Al Parco della Rimembranza si \u00e8 svolta la tradizionale cerimonia e la celebrazione della messa in ricordo dei caduti torinesi di tutte le guerre, organizzate dall&#8217;Associazione Nazionale Alpini,Sezione di Torino e Gruppo Torino Centro. Alle 10, in piazzale Timavo, si \u00e8 svolta la cerimonia in onore ai caduti della Divisione e della Brigata Taurinense. Successivamente [&hellip;]<\/p>\n","protected":false},"author":1,"featured_media":0,"comment_status":"closed","ping_status":"open","sticky":false,"template":"","format":"standard","meta":{"ngg_post_thumbnail":0},"categories":[1,41],"tags":[],"_links":{"self":[{"href":"http:\/\/www.spaziotorino.it\/scatto\/index.php?rest_route=\/wp\/v2\/posts\/14200"}],"collection":[{"href":"http:\/\/www.spaziotorino.it\/scatto\/index.php?rest_route=\/wp\/v2\/posts"}],"about":[{"href":"http:\/\/www.spaziotorino.it\/scatto\/index.php?rest_route=\/wp\/v2\/types\/post"}],"author":[{"embeddable":true,"href":"http:\/\/www.spaziotorino.it\/scatto\/index.php?rest_route=\/wp\/v2\/users\/1"}],"replies":[{"embeddable":true,"href":"http:\/\/www.spaziotorino.it\/scatto\/index.php?rest_route=%2Fwp%2Fv2%2Fcomments&post=14200"}],"version-history":[{"count":4,"href":"http:\/\/www.spaziotorino.it\/scatto\/index.php?rest_route=\/wp\/v2\/posts\/14200\/revisions"}],"predecessor-version":[{"id":14205,"href":"http:\/\/www.spaziotorino.it\/scatto\/index.php?rest_route=\/wp\/v2\/posts\/14200\/revisions\/14205"}],"wp:attachment":[{"href":"http:\/\/www.spaziotorino.it\/scatto\/index.php?rest_route=%2Fwp%2Fv2%2Fmedia&parent=14200"}],"wp:term":[{"taxonomy":"category","embeddable":true,"href":"http:\/\/www.spaziotorino.it\/scatto\/index.php?rest_route=%2Fwp%2Fv2%2Fcategories&post=14200"},{"taxonomy":"post_tag","embeddable":true,"href":"http:\/\/www.spaziotorino.it\/scatto\/index.php?rest_route=%2Fwp%2Fv2%2Ftags&post=14200"}],"curies":[{"name":"wp","href":"https:\/\/api.w.org\/{rel}","templated":true}]}}