{"id":1421,"date":"2011-04-15T15:32:32","date_gmt":"2011-04-15T14:32:32","guid":{"rendered":"http:\/\/www.spaziotorino.it\/scatto\/?p=1421"},"modified":"2011-04-15T15:37:22","modified_gmt":"2011-04-15T14:37:22","slug":"il-cavour-in-marmo-di-fabio-viale-si-trasferisce-a-carrara-per-poi-raggiungere-roma","status":"publish","type":"post","link":"http:\/\/www.spaziotorino.it\/scatto\/?p=1421","title":{"rendered":"Il Cavour in marmo di Fabio Viale si trasferisce a Carrara per poi raggiungere Roma"},"content":{"rendered":"<p><a title=\"La statua commemorativa del Conte Camillo Benso di Cavour\" rel=\"lightbox[set_234]\" href=\"http:\/\/www.spaziotorino.it\/scatto\/wp-content\/gallery\/2011_04_15_cavour\/1504_cavour_5271.jpg\"><br \/>\n<img decoding=\"async\" loading=\"lazy\" class=\"ngg-singlepic\" title=\"La statua commemorativa del Conte Camillo Benso di Cavour\" src=\"http:\/\/www.spaziotorino.it\/scatto\/wp-content\/gallery\/2011_04_15_cavour\/1504_cavour_5271.jpg\" alt=\"\" width=\"540\" height=\"360\" \/><br \/>\n<\/a><\/p>\n<!-- index.php -->\n<div\n\tclass=\"ngg-galleryoverview ngg-ajax-pagination-none\"\n\tid=\"ngg-gallery-f57707b739f8aa804d06937d4fd51ced-1\">\n\n    \t\t<!-- Thumbnails -->\n\t\t\t\t<div id=\"ngg-image-0\" class=\"ngg-gallery-thumbnail-box\" >\n\t\t\t\t        <div class=\"ngg-gallery-thumbnail\">\n            <a href=\"http:\/\/www.spaziotorino.it\/scatto\/wp-content\/gallery\/2011_04_15_cavour\/1504_cavour_5268.jpg\"\n               title=\"La statua commemorativa del Conte Camillo Benso di Cavour\"\n               data-src=\"http:\/\/www.spaziotorino.it\/scatto\/wp-content\/gallery\/2011_04_15_cavour\/1504_cavour_5268.jpg\"\n               data-thumbnail=\"http:\/\/www.spaziotorino.it\/scatto\/wp-content\/gallery\/2011_04_15_cavour\/thumbs\/thumbs_1504_cavour_5268.jpg\"\n               data-image-id=\"3671\"\n               data-title=\"La statua commemorativa del Conte Camillo Benso di Cavour\"\n               data-description=\"La statua commemorativa del Conte Camillo Benso di Cavour\"\n               data-image-slug=\"la-statua-commemorativa-del-conte-camillo-benso-di-cavour\"\n               class=\"ngg-fancybox\" rel=\"f57707b739f8aa804d06937d4fd51ced\">\n                <img\n                    title=\"La statua commemorativa del Conte Camillo Benso di Cavour\"\n                    alt=\"La statua commemorativa del Conte Camillo Benso di Cavour\"\n                    src=\"http:\/\/www.spaziotorino.it\/scatto\/wp-content\/gallery\/2011_04_15_cavour\/cache\/1504_cavour_5268.jpg-nggid043671-ngg0dyn-60x60x100-00f0w010c011r110f110r010t010.jpg\"\n                    width=\"60\"\n                    height=\"60\"\n                    style=\"max-width:100%;\"\n                \/>\n            <\/a>\n        <\/div>\n\t\t\t\t\t\t\t<\/div> \n\t\t\t\n        \n\t\t\t\t<div id=\"ngg-image-1\" class=\"ngg-gallery-thumbnail-box\" >\n\t\t\t\t        <div class=\"ngg-gallery-thumbnail\">\n            <a href=\"http:\/\/www.spaziotorino.it\/scatto\/wp-content\/gallery\/2011_04_15_cavour\/1504_cavour_5271.jpg\"\n               title=\"La statua commemorativa del Conte Camillo Benso di Cavour\"\n               data-src=\"http:\/\/www.spaziotorino.it\/scatto\/wp-content\/gallery\/2011_04_15_cavour\/1504_cavour_5271.jpg\"\n               data-thumbnail=\"http:\/\/www.spaziotorino.it\/scatto\/wp-content\/gallery\/2011_04_15_cavour\/thumbs\/thumbs_1504_cavour_5271.jpg\"\n               data-image-id=\"3672\"\n               data-title=\"La statua commemorativa del Conte Camillo Benso di Cavour\"\n               data-description=\"La statua commemorativa del Conte Camillo Benso di Cavour\"\n               data-image-slug=\"la-statua-commemorativa-del-conte-camillo-benso-di-cavour-2\"\n               class=\"ngg-fancybox\" rel=\"f57707b739f8aa804d06937d4fd51ced\">\n                <img\n                    title=\"La statua commemorativa del Conte Camillo Benso di Cavour\"\n                    alt=\"La statua commemorativa del Conte Camillo Benso di Cavour\"\n                    src=\"http:\/\/www.spaziotorino.it\/scatto\/wp-content\/gallery\/2011_04_15_cavour\/cache\/1504_cavour_5271.jpg-nggid043672-ngg0dyn-60x60x100-00f0w010c011r110f110r010t010.jpg\"\n                    width=\"60\"\n                    height=\"60\"\n                    style=\"max-width:100%;\"\n                \/>\n            <\/a>\n        <\/div>\n\t\t\t\t\t\t\t<\/div> \n\t\t\t\n        \n\t\t\t\t<div id=\"ngg-image-2\" class=\"ngg-gallery-thumbnail-box\" >\n\t\t\t\t        <div class=\"ngg-gallery-thumbnail\">\n            <a href=\"http:\/\/www.spaziotorino.it\/scatto\/wp-content\/gallery\/2011_04_15_cavour\/1504_cavour_5277.jpg\"\n               title=\"La statua commemorativa del Conte Camillo Benso di Cavour\"\n               data-src=\"http:\/\/www.spaziotorino.it\/scatto\/wp-content\/gallery\/2011_04_15_cavour\/1504_cavour_5277.jpg\"\n               data-thumbnail=\"http:\/\/www.spaziotorino.it\/scatto\/wp-content\/gallery\/2011_04_15_cavour\/thumbs\/thumbs_1504_cavour_5277.jpg\"\n               data-image-id=\"3673\"\n               data-title=\"La statua commemorativa del Conte Camillo Benso di Cavour\"\n               data-description=\"La statua commemorativa del Conte Camillo Benso di Cavour\"\n               data-image-slug=\"la-statua-commemorativa-del-conte-camillo-benso-di-cavour-1\"\n               class=\"ngg-fancybox\" rel=\"f57707b739f8aa804d06937d4fd51ced\">\n                <img\n                    title=\"La statua commemorativa del Conte Camillo Benso di Cavour\"\n                    alt=\"La statua commemorativa del Conte Camillo Benso di Cavour\"\n                    src=\"http:\/\/www.spaziotorino.it\/scatto\/wp-content\/gallery\/2011_04_15_cavour\/cache\/1504_cavour_5277.jpg-nggid043673-ngg0dyn-60x60x100-00f0w010c011r110f110r010t010.jpg\"\n                    width=\"60\"\n                    height=\"60\"\n                    style=\"max-width:100%;\"\n                \/>\n            <\/a>\n        <\/div>\n\t\t\t\t\t\t\t<\/div> \n\t\t\t\n        \n\t\t\t\t<div id=\"ngg-image-3\" class=\"ngg-gallery-thumbnail-box\" >\n\t\t\t\t        <div class=\"ngg-gallery-thumbnail\">\n            <a href=\"http:\/\/www.spaziotorino.it\/scatto\/wp-content\/gallery\/2011_04_15_cavour\/1504_cavour_5302.jpg\"\n               title=\"Gli studenti del liceo Cavour salutano la statua cantando l\\&#039;Inno Nazionale\"\n               data-src=\"http:\/\/www.spaziotorino.it\/scatto\/wp-content\/gallery\/2011_04_15_cavour\/1504_cavour_5302.jpg\"\n               data-thumbnail=\"http:\/\/www.spaziotorino.it\/scatto\/wp-content\/gallery\/2011_04_15_cavour\/thumbs\/thumbs_1504_cavour_5302.jpg\"\n               data-image-id=\"3674\"\n               data-title=\"Gli studenti del liceo Cavour salutano la statua cantando l\\&#039;Inno Nazionale\"\n               data-description=\"Gli studenti del liceo Cavour salutano la statua cantando l&#039;Inno Nazionale\"\n               data-image-slug=\"gli-studenti-del-liceo-cavour-salutano-la-statua-cantando-linno-nazionale\"\n               class=\"ngg-fancybox\" rel=\"f57707b739f8aa804d06937d4fd51ced\">\n                <img\n                    title=\"Gli studenti del liceo Cavour salutano la statua cantando l\\&#039;Inno Nazionale\"\n                    alt=\"Gli studenti del liceo Cavour salutano la statua cantando l\\&#039;Inno Nazionale\"\n                    src=\"http:\/\/www.spaziotorino.it\/scatto\/wp-content\/gallery\/2011_04_15_cavour\/cache\/1504_cavour_5302.jpg-nggid043674-ngg0dyn-60x60x100-00f0w010c011r110f110r010t010.jpg\"\n                    width=\"60\"\n                    height=\"60\"\n                    style=\"max-width:100%;\"\n                \/>\n            <\/a>\n        <\/div>\n\t\t\t\t\t\t\t<\/div> \n\t\t\t\n        \n\t\t\t\t<div id=\"ngg-image-4\" class=\"ngg-gallery-thumbnail-box\" >\n\t\t\t\t        <div class=\"ngg-gallery-thumbnail\">\n            <a href=\"http:\/\/www.spaziotorino.it\/scatto\/wp-content\/gallery\/2011_04_15_cavour\/1504_cavour_5321.jpg\"\n               title=\"Fabio Viale osserva Cavour\"\n               data-src=\"http:\/\/www.spaziotorino.it\/scatto\/wp-content\/gallery\/2011_04_15_cavour\/1504_cavour_5321.jpg\"\n               data-thumbnail=\"http:\/\/www.spaziotorino.it\/scatto\/wp-content\/gallery\/2011_04_15_cavour\/thumbs\/thumbs_1504_cavour_5321.jpg\"\n               data-image-id=\"3675\"\n               data-title=\"Fabio Viale osserva Cavour\"\n               data-description=\"Fabio Viale osserva Cavour\"\n               data-image-slug=\"fabio-viale-osserva-cavour\"\n               class=\"ngg-fancybox\" rel=\"f57707b739f8aa804d06937d4fd51ced\">\n                <img\n                    title=\"Fabio Viale osserva Cavour\"\n                    alt=\"Fabio Viale osserva Cavour\"\n                    src=\"http:\/\/www.spaziotorino.it\/scatto\/wp-content\/gallery\/2011_04_15_cavour\/cache\/1504_cavour_5321.jpg-nggid043675-ngg0dyn-60x60x100-00f0w010c011r110f110r010t010.jpg\"\n                    width=\"60\"\n                    height=\"60\"\n                    style=\"max-width:100%;\"\n                \/>\n            <\/a>\n        <\/div>\n\t\t\t\t\t\t\t<\/div> \n\t\t\t\n        \n\t\t\t\t<div id=\"ngg-image-5\" class=\"ngg-gallery-thumbnail-box\" >\n\t\t\t\t        <div class=\"ngg-gallery-thumbnail\">\n            <a href=\"http:\/\/www.spaziotorino.it\/scatto\/wp-content\/gallery\/2011_04_15_cavour\/1504_cavour_5348.jpg\"\n               title=\"I piedi della statua di Cavour e del suo scultore Fabio Viale\"\n               data-src=\"http:\/\/www.spaziotorino.it\/scatto\/wp-content\/gallery\/2011_04_15_cavour\/1504_cavour_5348.jpg\"\n               data-thumbnail=\"http:\/\/www.spaziotorino.it\/scatto\/wp-content\/gallery\/2011_04_15_cavour\/thumbs\/thumbs_1504_cavour_5348.jpg\"\n               data-image-id=\"3676\"\n               data-title=\"I piedi della statua di Cavour e del suo scultore Fabio Viale\"\n               data-description=\"I piedi della statua di Cavour e del suo scultore Fabio Viale\"\n               data-image-slug=\"i-piedi-della-statua-di-cavour-e-del-suo-scultore-fabio-viale\"\n               class=\"ngg-fancybox\" rel=\"f57707b739f8aa804d06937d4fd51ced\">\n                <img\n                    title=\"I piedi della statua di Cavour e del suo scultore Fabio Viale\"\n                    alt=\"I piedi della statua di Cavour e del suo scultore Fabio Viale\"\n                    src=\"http:\/\/www.spaziotorino.it\/scatto\/wp-content\/gallery\/2011_04_15_cavour\/cache\/1504_cavour_5348.jpg-nggid043676-ngg0dyn-60x60x100-00f0w010c011r110f110r010t010.jpg\"\n                    width=\"60\"\n                    height=\"60\"\n                    style=\"max-width:100%;\"\n                \/>\n            <\/a>\n        <\/div>\n\t\t\t\t\t\t\t<\/div> \n\t\t\t\n        \n\t\t\t\t<div id=\"ngg-image-6\" class=\"ngg-gallery-thumbnail-box\" >\n\t\t\t\t        <div class=\"ngg-gallery-thumbnail\">\n            <a href=\"http:\/\/www.spaziotorino.it\/scatto\/wp-content\/gallery\/2011_04_15_cavour\/1504_cavour_5366.jpg\"\n               title=\"Tutto pronto per la messa in sicurezza della statua\"\n               data-src=\"http:\/\/www.spaziotorino.it\/scatto\/wp-content\/gallery\/2011_04_15_cavour\/1504_cavour_5366.jpg\"\n               data-thumbnail=\"http:\/\/www.spaziotorino.it\/scatto\/wp-content\/gallery\/2011_04_15_cavour\/thumbs\/thumbs_1504_cavour_5366.jpg\"\n               data-image-id=\"3677\"\n               data-title=\"Tutto pronto per la messa in sicurezza della statua\"\n               data-description=\"Tutto pronto per la messa in sicurezza della statua\"\n               data-image-slug=\"tutto-pronto-per-la-messa-in-sicurezza-della-statua\"\n               class=\"ngg-fancybox\" rel=\"f57707b739f8aa804d06937d4fd51ced\">\n                <img\n                    title=\"Tutto pronto per la messa in sicurezza della statua\"\n                    alt=\"Tutto pronto per la messa in sicurezza della statua\"\n                    src=\"http:\/\/www.spaziotorino.it\/scatto\/wp-content\/gallery\/2011_04_15_cavour\/cache\/1504_cavour_5366.jpg-nggid043677-ngg0dyn-60x60x100-00f0w010c011r110f110r010t010.jpg\"\n                    width=\"60\"\n                    height=\"60\"\n                    style=\"max-width:100%;\"\n                \/>\n            <\/a>\n        <\/div>\n\t\t\t\t\t\t\t<\/div> \n\t\t\t\n        \n\t\t\t\t<div id=\"ngg-image-7\" class=\"ngg-gallery-thumbnail-box\" >\n\t\t\t\t        <div class=\"ngg-gallery-thumbnail\">\n            <a href=\"http:\/\/www.spaziotorino.it\/scatto\/wp-content\/gallery\/2011_04_15_cavour\/1504_cavour_5391.jpg\"\n               title=\"Le delicate fasi della messa in sicurezza della statua di Cavour\"\n               data-src=\"http:\/\/www.spaziotorino.it\/scatto\/wp-content\/gallery\/2011_04_15_cavour\/1504_cavour_5391.jpg\"\n               data-thumbnail=\"http:\/\/www.spaziotorino.it\/scatto\/wp-content\/gallery\/2011_04_15_cavour\/thumbs\/thumbs_1504_cavour_5391.jpg\"\n               data-image-id=\"3678\"\n               data-title=\"Le delicate fasi della messa in sicurezza della statua di Cavour\"\n               data-description=\"Le delicate fasi della messa in sicurezza della statua di Cavour\"\n               data-image-slug=\"le-delicate-fasi-della-messa-in-sicurezza-della-statua-di-cavour-2\"\n               class=\"ngg-fancybox\" rel=\"f57707b739f8aa804d06937d4fd51ced\">\n                <img\n                    title=\"Le delicate fasi della messa in sicurezza della statua di Cavour\"\n                    alt=\"Le delicate fasi della messa in sicurezza della statua di Cavour\"\n                    src=\"http:\/\/www.spaziotorino.it\/scatto\/wp-content\/gallery\/2011_04_15_cavour\/cache\/1504_cavour_5391.jpg-nggid043678-ngg0dyn-60x60x100-00f0w010c011r110f110r010t010.jpg\"\n                    width=\"60\"\n                    height=\"60\"\n                    style=\"max-width:100%;\"\n                \/>\n            <\/a>\n        <\/div>\n\t\t\t\t\t\t\t<\/div> \n\t\t\t\n        \n\t\t\t\t<div id=\"ngg-image-8\" class=\"ngg-gallery-thumbnail-box\" >\n\t\t\t\t        <div class=\"ngg-gallery-thumbnail\">\n            <a href=\"http:\/\/www.spaziotorino.it\/scatto\/wp-content\/gallery\/2011_04_15_cavour\/1504_cavour_5412.jpg\"\n               title=\"Le delicate fasi della messa in sicurezza della statua di Cavour\"\n               data-src=\"http:\/\/www.spaziotorino.it\/scatto\/wp-content\/gallery\/2011_04_15_cavour\/1504_cavour_5412.jpg\"\n               data-thumbnail=\"http:\/\/www.spaziotorino.it\/scatto\/wp-content\/gallery\/2011_04_15_cavour\/thumbs\/thumbs_1504_cavour_5412.jpg\"\n               data-image-id=\"3679\"\n               data-title=\"Le delicate fasi della messa in sicurezza della statua di Cavour\"\n               data-description=\"Le delicate fasi della messa in sicurezza della statua di Cavour\"\n               data-image-slug=\"le-delicate-fasi-della-messa-in-sicurezza-della-statua-di-cavour-3\"\n               class=\"ngg-fancybox\" rel=\"f57707b739f8aa804d06937d4fd51ced\">\n                <img\n                    title=\"Le delicate fasi della messa in sicurezza della statua di Cavour\"\n                    alt=\"Le delicate fasi della messa in sicurezza della statua di Cavour\"\n                    src=\"http:\/\/www.spaziotorino.it\/scatto\/wp-content\/gallery\/2011_04_15_cavour\/cache\/1504_cavour_5412.jpg-nggid043679-ngg0dyn-60x60x100-00f0w010c011r110f110r010t010.jpg\"\n                    width=\"60\"\n                    height=\"60\"\n                    style=\"max-width:100%;\"\n                \/>\n            <\/a>\n        <\/div>\n\t\t\t\t\t\t\t<\/div> \n\t\t\t\n        \n\t\t\t\t<div id=\"ngg-image-9\" class=\"ngg-gallery-thumbnail-box\" >\n\t\t\t\t        <div class=\"ngg-gallery-thumbnail\">\n            <a href=\"http:\/\/www.spaziotorino.it\/scatto\/wp-content\/gallery\/2011_04_15_cavour\/1504_cavour_5419.jpg\"\n               title=\"Le delicate fasi della messa in sicurezza della statua di Cavour\"\n               data-src=\"http:\/\/www.spaziotorino.it\/scatto\/wp-content\/gallery\/2011_04_15_cavour\/1504_cavour_5419.jpg\"\n               data-thumbnail=\"http:\/\/www.spaziotorino.it\/scatto\/wp-content\/gallery\/2011_04_15_cavour\/thumbs\/thumbs_1504_cavour_5419.jpg\"\n               data-image-id=\"3680\"\n               data-title=\"Le delicate fasi della messa in sicurezza della statua di Cavour\"\n               data-description=\"Le delicate fasi della messa in sicurezza della statua di Cavour\"\n               data-image-slug=\"le-delicate-fasi-della-messa-in-sicurezza-della-statua-di-cavour-1\"\n               class=\"ngg-fancybox\" rel=\"f57707b739f8aa804d06937d4fd51ced\">\n                <img\n                    title=\"Le delicate fasi della messa in sicurezza della statua di Cavour\"\n                    alt=\"Le delicate fasi della messa in sicurezza della statua di Cavour\"\n                    src=\"http:\/\/www.spaziotorino.it\/scatto\/wp-content\/gallery\/2011_04_15_cavour\/cache\/1504_cavour_5419.jpg-nggid043680-ngg0dyn-60x60x100-00f0w010c011r110f110r010t010.jpg\"\n                    width=\"60\"\n                    height=\"60\"\n                    style=\"max-width:100%;\"\n                \/>\n            <\/a>\n        <\/div>\n\t\t\t\t\t\t\t<\/div> \n\t\t\t\n        \n\t\t\t\t<div id=\"ngg-image-10\" class=\"ngg-gallery-thumbnail-box\" >\n\t\t\t\t        <div class=\"ngg-gallery-thumbnail\">\n            <a href=\"http:\/\/www.spaziotorino.it\/scatto\/wp-content\/gallery\/2011_04_15_cavour\/1504_cavour_5432.jpg\"\n               title=\"Le delicate fasi della messa in sicurezza della statua di Cavour\"\n               data-src=\"http:\/\/www.spaziotorino.it\/scatto\/wp-content\/gallery\/2011_04_15_cavour\/1504_cavour_5432.jpg\"\n               data-thumbnail=\"http:\/\/www.spaziotorino.it\/scatto\/wp-content\/gallery\/2011_04_15_cavour\/thumbs\/thumbs_1504_cavour_5432.jpg\"\n               data-image-id=\"3681\"\n               data-title=\"Le delicate fasi della messa in sicurezza della statua di Cavour\"\n               data-description=\"Le delicate fasi della messa in sicurezza della statua di Cavour\"\n               data-image-slug=\"le-delicate-fasi-della-messa-in-sicurezza-della-statua-di-cavour\"\n               class=\"ngg-fancybox\" rel=\"f57707b739f8aa804d06937d4fd51ced\">\n                <img\n                    title=\"Le delicate fasi della messa in sicurezza della statua di Cavour\"\n                    alt=\"Le delicate fasi della messa in sicurezza della statua di Cavour\"\n                    src=\"http:\/\/www.spaziotorino.it\/scatto\/wp-content\/gallery\/2011_04_15_cavour\/cache\/1504_cavour_5432.jpg-nggid043681-ngg0dyn-60x60x100-00f0w010c011r110f110r010t010.jpg\"\n                    width=\"60\"\n                    height=\"60\"\n                    style=\"max-width:100%;\"\n                \/>\n            <\/a>\n        <\/div>\n\t\t\t\t\t\t\t<\/div> \n\t\t\t\n        \n\t\t\t\t<div id=\"ngg-image-11\" class=\"ngg-gallery-thumbnail-box\" >\n\t\t\t\t        <div class=\"ngg-gallery-thumbnail\">\n            <a href=\"http:\/\/www.spaziotorino.it\/scatto\/wp-content\/gallery\/2011_04_15_cavour\/1504_cavour_5442.jpg\"\n               title=\"Attimi di apprensione\"\n               data-src=\"http:\/\/www.spaziotorino.it\/scatto\/wp-content\/gallery\/2011_04_15_cavour\/1504_cavour_5442.jpg\"\n               data-thumbnail=\"http:\/\/www.spaziotorino.it\/scatto\/wp-content\/gallery\/2011_04_15_cavour\/thumbs\/thumbs_1504_cavour_5442.jpg\"\n               data-image-id=\"3682\"\n               data-title=\"Attimi di apprensione\"\n               data-description=\"Attimi di apprensione\"\n               data-image-slug=\"attimi-di-apprensione\"\n               class=\"ngg-fancybox\" rel=\"f57707b739f8aa804d06937d4fd51ced\">\n                <img\n                    title=\"Attimi di apprensione\"\n                    alt=\"Attimi di apprensione\"\n                    src=\"http:\/\/www.spaziotorino.it\/scatto\/wp-content\/gallery\/2011_04_15_cavour\/cache\/1504_cavour_5442.jpg-nggid043682-ngg0dyn-60x60x100-00f0w010c011r110f110r010t010.jpg\"\n                    width=\"60\"\n                    height=\"60\"\n                    style=\"max-width:100%;\"\n                \/>\n            <\/a>\n        <\/div>\n\t\t\t\t\t\t\t<\/div> \n\t\t\t\n        \n\t\t\t\t<div id=\"ngg-image-12\" class=\"ngg-gallery-thumbnail-box\" >\n\t\t\t\t        <div class=\"ngg-gallery-thumbnail\">\n            <a href=\"http:\/\/www.spaziotorino.it\/scatto\/wp-content\/gallery\/2011_04_15_cavour\/1504_cavour_5455.jpg\"\n               title=\"La statua di Cavour imbragata e pronta per essere imballata\"\n               data-src=\"http:\/\/www.spaziotorino.it\/scatto\/wp-content\/gallery\/2011_04_15_cavour\/1504_cavour_5455.jpg\"\n               data-thumbnail=\"http:\/\/www.spaziotorino.it\/scatto\/wp-content\/gallery\/2011_04_15_cavour\/thumbs\/thumbs_1504_cavour_5455.jpg\"\n               data-image-id=\"3683\"\n               data-title=\"La statua di Cavour imbragata e pronta per essere imballata\"\n               data-description=\"La statua di Cavour imbragata e pronta per essere imballata\"\n               data-image-slug=\"la-statua-di-cavour-imbragata-e-pronta-per-essere-imballata\"\n               class=\"ngg-fancybox\" rel=\"f57707b739f8aa804d06937d4fd51ced\">\n                <img\n                    title=\"La statua di Cavour imbragata e pronta per essere imballata\"\n                    alt=\"La statua di Cavour imbragata e pronta per essere imballata\"\n                    src=\"http:\/\/www.spaziotorino.it\/scatto\/wp-content\/gallery\/2011_04_15_cavour\/cache\/1504_cavour_5455.jpg-nggid043683-ngg0dyn-60x60x100-00f0w010c011r110f110r010t010.jpg\"\n                    width=\"60\"\n                    height=\"60\"\n                    style=\"max-width:100%;\"\n                \/>\n            <\/a>\n        <\/div>\n\t\t\t\t\t\t\t<\/div> \n\t\t\t\n        \n\t\t\t\t<div id=\"ngg-image-13\" class=\"ngg-gallery-thumbnail-box\" >\n\t\t\t\t        <div class=\"ngg-gallery-thumbnail\">\n            <a href=\"http:\/\/www.spaziotorino.it\/scatto\/wp-content\/gallery\/2011_04_15_cavour\/1504_cavour_5458.jpg\"\n               title=\"Cavour lascia Torino\"\n               data-src=\"http:\/\/www.spaziotorino.it\/scatto\/wp-content\/gallery\/2011_04_15_cavour\/1504_cavour_5458.jpg\"\n               data-thumbnail=\"http:\/\/www.spaziotorino.it\/scatto\/wp-content\/gallery\/2011_04_15_cavour\/thumbs\/thumbs_1504_cavour_5458.jpg\"\n               data-image-id=\"3684\"\n               data-title=\"Cavour lascia Torino\"\n               data-description=\"Cavour lascia Torino\"\n               data-image-slug=\"cavour-lascia-torino\"\n               class=\"ngg-fancybox\" rel=\"f57707b739f8aa804d06937d4fd51ced\">\n                <img\n                    title=\"Cavour lascia Torino\"\n                    alt=\"Cavour lascia Torino\"\n                    src=\"http:\/\/www.spaziotorino.it\/scatto\/wp-content\/gallery\/2011_04_15_cavour\/cache\/1504_cavour_5458.jpg-nggid043684-ngg0dyn-60x60x100-00f0w010c011r110f110r010t010.jpg\"\n                    width=\"60\"\n                    height=\"60\"\n                    style=\"max-width:100%;\"\n                \/>\n            <\/a>\n        <\/div>\n\t\t\t\t\t\t\t<\/div> \n\t\t\t\n        \n\t\t\n\t\t<!-- Pagination -->\n\t<div class='ngg-clear'><\/div>\t<\/div>\n\n<p>Nata a Carrara, torna a Carrara. Ma per poco perch\u00e9 la sua collocazione finale sar\u00e0 il Quirinale. Si tratta della statua commemorativa del Conte Camillo Benso di Cavour, realizzata dal giovane scultore piemontese Fabio Viale in occasione delle celebrazioni per il centocinquantenario dell\u2019Unit\u00e0 d\u2019Italia e allestita, fino ad oggi,  nella Galleria Tamagno del Teatro Regio. Oggi ha lasciato Torino per essere ospitata provvisoriamente nella citt\u00e0 di Carrara con la cui amministrazione comunale la Citt\u00e0 di Torino e la Fondazione Cavour di Santena hanno coprodotto il lavoro.<\/p>\n<p>Dopo il successo di Torino, l\u2019opera \u2013 che \u00e8 alta 1,65 metri, pesa circa cinque quintali ed \u00e8 realizzata in un blocco unico di marmo &#8211; prima di arrivare a Roma, per arricchire le collezioni d\u2019arte del Palazzo del Quirinale, far\u00e0 tappa nel foyer del Teatro degli Animosi della citt\u00e0 del marmo, dove rester\u00e0 esposta sino al 30 aprile. La statua, nata da una espressa volont\u00e0 del Presidente Napolitano, \u00e8 stata realizzata a grandezza naturale. Fabio Viale, che si \u00e8 cimentato pi\u00f9 volte con questo materiale per realizzare i suoi lavori, ha dato vita all\u2019opera dopo aver selezionato, attraverso un casting, un sosia che potesse ricordare il pi\u00f9 possibile il Conte Cavour, scegliendo di ricreare il personaggio basandosi non solo sui ritratti storici. Per rappresentarlo al meglio, invece, il volto dello statista \u00e8 stato tratto dalla maschera mortuaria conservata al Museo di Anatomia di Torino. L\u2019opera \u00e8 il risultato di una metodologia innovativa, che si \u00e8 avvalsa di mezzi e tecnologie all\u2019avanguardia. Attraverso uno scanner 3D di ultima generazione, \u00e8 stato elaborato un modello virtuale, lavorato successivamente con le sofisticate attrezzature del laboratorio dell\u2019Accademia di Belle Arti di Carrara, con le quali \u00e8 stato sbozzato il blocco di marmo bianco, messo a disposizione da &#8220;Cave Michelangelo&#8221; di Franco Barattini. Il lavoro, che rappresenta lo statista a grandezza naturale, \u00e8 stato quindi creato dall\u2019artista, con la stessa leggerezza con cui tratta tutte le sue opere nonostante utilizzi un materiale tanto \u201cdifficile\u201d. Le delicate operazioni di trasferimento da Torino a Carrara e infine a Roma saranno effettuate dalla societ\u00e0 Gondrand, sponsor ufficiale delle movimentazioni.<\/p>\n","protected":false},"excerpt":{"rendered":"<p>Nata a Carrara, torna a Carrara. Ma per poco perch\u00e9 la sua collocazione finale sar\u00e0 il Quirinale. Si tratta della statua commemorativa del Conte Camillo Benso di Cavour, realizzata dal giovane scultore piemontese Fabio Viale in occasione delle celebrazioni per il centocinquantenario dell\u2019Unit\u00e0 d\u2019Italia e allestita, fino ad oggi, nella Galleria Tamagno del Teatro Regio. [&hellip;]<\/p>\n","protected":false},"author":1,"featured_media":0,"comment_status":"closed","ping_status":"open","sticky":false,"template":"","format":"standard","meta":{"ngg_post_thumbnail":0},"categories":[54,1,41],"tags":[3673,3689,3640,3688,3690],"_links":{"self":[{"href":"http:\/\/www.spaziotorino.it\/scatto\/index.php?rest_route=\/wp\/v2\/posts\/1421"}],"collection":[{"href":"http:\/\/www.spaziotorino.it\/scatto\/index.php?rest_route=\/wp\/v2\/posts"}],"about":[{"href":"http:\/\/www.spaziotorino.it\/scatto\/index.php?rest_route=\/wp\/v2\/types\/post"}],"author":[{"embeddable":true,"href":"http:\/\/www.spaziotorino.it\/scatto\/index.php?rest_route=\/wp\/v2\/users\/1"}],"replies":[{"embeddable":true,"href":"http:\/\/www.spaziotorino.it\/scatto\/index.php?rest_route=%2Fwp%2Fv2%2Fcomments&post=1421"}],"version-history":[{"count":3,"href":"http:\/\/www.spaziotorino.it\/scatto\/index.php?rest_route=\/wp\/v2\/posts\/1421\/revisions"}],"predecessor-version":[{"id":1424,"href":"http:\/\/www.spaziotorino.it\/scatto\/index.php?rest_route=\/wp\/v2\/posts\/1421\/revisions\/1424"}],"wp:attachment":[{"href":"http:\/\/www.spaziotorino.it\/scatto\/index.php?rest_route=%2Fwp%2Fv2%2Fmedia&parent=1421"}],"wp:term":[{"taxonomy":"category","embeddable":true,"href":"http:\/\/www.spaziotorino.it\/scatto\/index.php?rest_route=%2Fwp%2Fv2%2Fcategories&post=1421"},{"taxonomy":"post_tag","embeddable":true,"href":"http:\/\/www.spaziotorino.it\/scatto\/index.php?rest_route=%2Fwp%2Fv2%2Ftags&post=1421"}],"curies":[{"name":"wp","href":"https:\/\/api.w.org\/{rel}","templated":true}]}}