{"id":1425,"date":"2011-04-17T18:00:11","date_gmt":"2011-04-17T17:00:11","guid":{"rendered":"http:\/\/www.spaziotorino.it\/scatto\/?p=1425"},"modified":"2011-04-18T15:15:16","modified_gmt":"2011-04-18T14:15:16","slug":"il-fotoracconto-del-xxx-raduno-nazionale-dei-granatieri-di-sardegna","status":"publish","type":"post","link":"http:\/\/www.spaziotorino.it\/scatto\/?p=1425","title":{"rendered":"Il fotoracconto del XXX Raduno Nazionale dei Granatieri di Sardegna"},"content":{"rendered":"<p><strong>I momenti commemorativi in piazzetta Mollino e in piazza Castello<\/strong><br \/>\n<a title=\"XXX Raduno Nazionale dei Granatieri di Sardegna\" rel=\"lightbox[set_235]\" href=\"http:\/\/www.spaziotorino.it\/scatto\/wp-content\/gallery\/2011_04_16_granat_comm_1\/1604_granat_1_5660.jpg\"><br \/>\n<img decoding=\"async\" loading=\"lazy\" class=\"ngg-singlepic\" title=\"XXX Raduno Nazionale dei Granatieri di Sardegna\" src=\"http:\/\/www.spaziotorino.it\/scatto\/wp-content\/gallery\/2011_04_16_granat_comm_1\/1604_granat_1_5660.jpg\" alt=\"\" width=\"540\" height=\"360\" \/><br \/>\n<\/a><br \/>\n<!-- index.php -->\n<div\n\tclass=\"ngg-galleryoverview ngg-ajax-pagination-none\"\n\tid=\"ngg-gallery-aa48516346cdb534856c2d108f47e8de-1\">\n\n    \t\t<!-- Thumbnails -->\n\t\t\t\t<div id=\"ngg-image-0\" class=\"ngg-gallery-thumbnail-box\" >\n\t\t\t\t        <div class=\"ngg-gallery-thumbnail\">\n            <a href=\"http:\/\/www.spaziotorino.it\/scatto\/wp-content\/gallery\/2011_04_16_granat_comm_1\/1604_granat_1_5547.jpg\"\n               title=\"La commemorazione in piazzetta Mollino\"\n               data-src=\"http:\/\/www.spaziotorino.it\/scatto\/wp-content\/gallery\/2011_04_16_granat_comm_1\/1604_granat_1_5547.jpg\"\n               data-thumbnail=\"http:\/\/www.spaziotorino.it\/scatto\/wp-content\/gallery\/2011_04_16_granat_comm_1\/thumbs\/thumbs_1604_granat_1_5547.jpg\"\n               data-image-id=\"3685\"\n               data-title=\"La commemorazione in piazzetta Mollino\"\n               data-description=\"La commemorazione in piazzetta Mollino\"\n               data-image-slug=\"la-commemorazione-in-piazzetta-mollino\"\n               class=\"ngg-fancybox\" rel=\"aa48516346cdb534856c2d108f47e8de\">\n                <img\n                    title=\"La commemorazione in piazzetta Mollino\"\n                    alt=\"La commemorazione in piazzetta Mollino\"\n                    src=\"http:\/\/www.spaziotorino.it\/scatto\/wp-content\/gallery\/2011_04_16_granat_comm_1\/cache\/1604_granat_1_5547.jpg-nggid043685-ngg0dyn-60x60x100-00f0w010c011r110f110r010t010.jpg\"\n                    width=\"60\"\n                    height=\"60\"\n                    style=\"max-width:100%;\"\n                \/>\n            <\/a>\n        <\/div>\n\t\t\t\t\t\t\t<\/div> \n\t\t\t\n        \n\t\t\t\t<div id=\"ngg-image-1\" class=\"ngg-gallery-thumbnail-box\" >\n\t\t\t\t        <div class=\"ngg-gallery-thumbnail\">\n            <a href=\"http:\/\/www.spaziotorino.it\/scatto\/wp-content\/gallery\/2011_04_16_granat_comm_1\/1604_granat_1_5558.jpg\"\n               title=\"La commemorazione in piazzetta Mollino\"\n               data-src=\"http:\/\/www.spaziotorino.it\/scatto\/wp-content\/gallery\/2011_04_16_granat_comm_1\/1604_granat_1_5558.jpg\"\n               data-thumbnail=\"http:\/\/www.spaziotorino.it\/scatto\/wp-content\/gallery\/2011_04_16_granat_comm_1\/thumbs\/thumbs_1604_granat_1_5558.jpg\"\n               data-image-id=\"3686\"\n               data-title=\"La commemorazione in piazzetta Mollino\"\n               data-description=\"La commemorazione in piazzetta Mollino\"\n               data-image-slug=\"la-commemorazione-in-piazzetta-mollino\"\n               class=\"ngg-fancybox\" rel=\"aa48516346cdb534856c2d108f47e8de\">\n                <img\n                    title=\"La commemorazione in piazzetta Mollino\"\n                    alt=\"La commemorazione in piazzetta Mollino\"\n                    src=\"http:\/\/www.spaziotorino.it\/scatto\/wp-content\/gallery\/2011_04_16_granat_comm_1\/cache\/1604_granat_1_5558.jpg-nggid043686-ngg0dyn-60x60x100-00f0w010c011r110f110r010t010.jpg\"\n                    width=\"60\"\n                    height=\"60\"\n                    style=\"max-width:100%;\"\n                \/>\n            <\/a>\n        <\/div>\n\t\t\t\t\t\t\t<\/div> \n\t\t\t\n        \n\t\t\t\t<div id=\"ngg-image-2\" class=\"ngg-gallery-thumbnail-box\" >\n\t\t\t\t        <div class=\"ngg-gallery-thumbnail\">\n            <a href=\"http:\/\/www.spaziotorino.it\/scatto\/wp-content\/gallery\/2011_04_16_granat_comm_1\/1604_granat_1_5605.jpg\"\n               title=\"La commemorazione in piazzetta Mollino\"\n               data-src=\"http:\/\/www.spaziotorino.it\/scatto\/wp-content\/gallery\/2011_04_16_granat_comm_1\/1604_granat_1_5605.jpg\"\n               data-thumbnail=\"http:\/\/www.spaziotorino.it\/scatto\/wp-content\/gallery\/2011_04_16_granat_comm_1\/thumbs\/thumbs_1604_granat_1_5605.jpg\"\n               data-image-id=\"3687\"\n               data-title=\"La commemorazione in piazzetta Mollino\"\n               data-description=\"La commemorazione in piazzetta Mollino\"\n               data-image-slug=\"la-commemorazione-in-piazzetta-mollino\"\n               class=\"ngg-fancybox\" rel=\"aa48516346cdb534856c2d108f47e8de\">\n                <img\n                    title=\"La commemorazione in piazzetta Mollino\"\n                    alt=\"La commemorazione in piazzetta Mollino\"\n                    src=\"http:\/\/www.spaziotorino.it\/scatto\/wp-content\/gallery\/2011_04_16_granat_comm_1\/cache\/1604_granat_1_5605.jpg-nggid043687-ngg0dyn-60x60x100-00f0w010c011r110f110r010t010.jpg\"\n                    width=\"60\"\n                    height=\"60\"\n                    style=\"max-width:100%;\"\n                \/>\n            <\/a>\n        <\/div>\n\t\t\t\t\t\t\t<\/div> \n\t\t\t\n        \n\t\t\t\t<div id=\"ngg-image-3\" class=\"ngg-gallery-thumbnail-box\" >\n\t\t\t\t        <div class=\"ngg-gallery-thumbnail\">\n            <a href=\"http:\/\/www.spaziotorino.it\/scatto\/wp-content\/gallery\/2011_04_16_granat_comm_1\/1604_granat_1_5643.jpg\"\n               title=\"Il momento commemorativo celebrato davanti al monumento all\\&#039;Alfiere Sardo\"\n               data-src=\"http:\/\/www.spaziotorino.it\/scatto\/wp-content\/gallery\/2011_04_16_granat_comm_1\/1604_granat_1_5643.jpg\"\n               data-thumbnail=\"http:\/\/www.spaziotorino.it\/scatto\/wp-content\/gallery\/2011_04_16_granat_comm_1\/thumbs\/thumbs_1604_granat_1_5643.jpg\"\n               data-image-id=\"3688\"\n               data-title=\"Il momento commemorativo celebrato davanti al monumento all\\&#039;Alfiere Sardo\"\n               data-description=\"Il momento commemorativo celebrato davanti al monumento all&#039;Alfiere Sardo\"\n               data-image-slug=\"il-momento-commemorativo-celebrato-davanti-al-monumento-allalfiere-sardo-1\"\n               class=\"ngg-fancybox\" rel=\"aa48516346cdb534856c2d108f47e8de\">\n                <img\n                    title=\"Il momento commemorativo celebrato davanti al monumento all\\&#039;Alfiere Sardo\"\n                    alt=\"Il momento commemorativo celebrato davanti al monumento all\\&#039;Alfiere Sardo\"\n                    src=\"http:\/\/www.spaziotorino.it\/scatto\/wp-content\/gallery\/2011_04_16_granat_comm_1\/cache\/1604_granat_1_5643.jpg-nggid043688-ngg0dyn-60x60x100-00f0w010c011r110f110r010t010.jpg\"\n                    width=\"60\"\n                    height=\"60\"\n                    style=\"max-width:100%;\"\n                \/>\n            <\/a>\n        <\/div>\n\t\t\t\t\t\t\t<\/div> \n\t\t\t\n        \n\t\t\t\t<div id=\"ngg-image-4\" class=\"ngg-gallery-thumbnail-box\" >\n\t\t\t\t        <div class=\"ngg-gallery-thumbnail\">\n            <a href=\"http:\/\/www.spaziotorino.it\/scatto\/wp-content\/gallery\/2011_04_16_granat_comm_1\/1604_granat_1_5660.jpg\"\n               title=\"Il momento commemorativo celebrato davanti al monumento all\\&#039;Alfiere Sardo\"\n               data-src=\"http:\/\/www.spaziotorino.it\/scatto\/wp-content\/gallery\/2011_04_16_granat_comm_1\/1604_granat_1_5660.jpg\"\n               data-thumbnail=\"http:\/\/www.spaziotorino.it\/scatto\/wp-content\/gallery\/2011_04_16_granat_comm_1\/thumbs\/thumbs_1604_granat_1_5660.jpg\"\n               data-image-id=\"3689\"\n               data-title=\"Il momento commemorativo celebrato davanti al monumento all\\&#039;Alfiere Sardo\"\n               data-description=\"Il momento commemorativo celebrato davanti al monumento all&#039;Alfiere Sardo\"\n               data-image-slug=\"il-momento-commemorativo-celebrato-davanti-al-monumento-allalfiere-sardo-1\"\n               class=\"ngg-fancybox\" rel=\"aa48516346cdb534856c2d108f47e8de\">\n                <img\n                    title=\"Il momento commemorativo celebrato davanti al monumento all\\&#039;Alfiere Sardo\"\n                    alt=\"Il momento commemorativo celebrato davanti al monumento all\\&#039;Alfiere Sardo\"\n                    src=\"http:\/\/www.spaziotorino.it\/scatto\/wp-content\/gallery\/2011_04_16_granat_comm_1\/cache\/1604_granat_1_5660.jpg-nggid043689-ngg0dyn-60x60x100-00f0w010c011r110f110r010t010.jpg\"\n                    width=\"60\"\n                    height=\"60\"\n                    style=\"max-width:100%;\"\n                \/>\n            <\/a>\n        <\/div>\n\t\t\t\t\t\t\t<\/div> \n\t\t\t\n        \n\t\t\t\t<div id=\"ngg-image-5\" class=\"ngg-gallery-thumbnail-box\" >\n\t\t\t\t        <div class=\"ngg-gallery-thumbnail\">\n            <a href=\"http:\/\/www.spaziotorino.it\/scatto\/wp-content\/gallery\/2011_04_16_granat_comm_1\/1604_granat_1_5671.jpg\"\n               title=\"Piazza Castello\"\n               data-src=\"http:\/\/www.spaziotorino.it\/scatto\/wp-content\/gallery\/2011_04_16_granat_comm_1\/1604_granat_1_5671.jpg\"\n               data-thumbnail=\"http:\/\/www.spaziotorino.it\/scatto\/wp-content\/gallery\/2011_04_16_granat_comm_1\/thumbs\/thumbs_1604_granat_1_5671.jpg\"\n               data-image-id=\"3690\"\n               data-title=\"Piazza Castello\"\n               data-description=\"Piazza Castello\"\n               data-image-slug=\"piazza-castello-2\"\n               class=\"ngg-fancybox\" rel=\"aa48516346cdb534856c2d108f47e8de\">\n                <img\n                    title=\"Piazza Castello\"\n                    alt=\"Piazza Castello\"\n                    src=\"http:\/\/www.spaziotorino.it\/scatto\/wp-content\/gallery\/2011_04_16_granat_comm_1\/cache\/1604_granat_1_5671.jpg-nggid043690-ngg0dyn-60x60x100-00f0w010c011r110f110r010t010.jpg\"\n                    width=\"60\"\n                    height=\"60\"\n                    style=\"max-width:100%;\"\n                \/>\n            <\/a>\n        <\/div>\n\t\t\t\t\t\t\t<\/div> \n\t\t\t\n        \n\t\t\t\t<div id=\"ngg-image-6\" class=\"ngg-gallery-thumbnail-box\" >\n\t\t\t\t        <div class=\"ngg-gallery-thumbnail\">\n            <a href=\"http:\/\/www.spaziotorino.it\/scatto\/wp-content\/gallery\/2011_04_16_granat_comm_1\/1604_granat_1_5674.jpg\"\n               title=\"Il momento commemorativo celebrato davanti al monumento all\\&#039;Alfiere Sardo\"\n               data-src=\"http:\/\/www.spaziotorino.it\/scatto\/wp-content\/gallery\/2011_04_16_granat_comm_1\/1604_granat_1_5674.jpg\"\n               data-thumbnail=\"http:\/\/www.spaziotorino.it\/scatto\/wp-content\/gallery\/2011_04_16_granat_comm_1\/thumbs\/thumbs_1604_granat_1_5674.jpg\"\n               data-image-id=\"3691\"\n               data-title=\"Il momento commemorativo celebrato davanti al monumento all\\&#039;Alfiere Sardo\"\n               data-description=\"Il momento commemorativo celebrato davanti al monumento all&#039;Alfiere Sardo\"\n               data-image-slug=\"il-momento-commemorativo-celebrato-davanti-al-monumento-allalfiere-sardo\"\n               class=\"ngg-fancybox\" rel=\"aa48516346cdb534856c2d108f47e8de\">\n                <img\n                    title=\"Il momento commemorativo celebrato davanti al monumento all\\&#039;Alfiere Sardo\"\n                    alt=\"Il momento commemorativo celebrato davanti al monumento all\\&#039;Alfiere Sardo\"\n                    src=\"http:\/\/www.spaziotorino.it\/scatto\/wp-content\/gallery\/2011_04_16_granat_comm_1\/cache\/1604_granat_1_5674.jpg-nggid043691-ngg0dyn-60x60x100-00f0w010c011r110f110r010t010.jpg\"\n                    width=\"60\"\n                    height=\"60\"\n                    style=\"max-width:100%;\"\n                \/>\n            <\/a>\n        <\/div>\n\t\t\t\t\t\t\t<\/div> \n\t\t\t\n        \n\t\t\n\t\t<!-- Pagination -->\n\t<div class='ngg-clear'><\/div>\t<\/div>\n<br \/>\n<strong>La cerimonia dell&#8217;alzabandiera<\/strong><br \/>\n<a title=\"La cerimonia dell'alzabandiera\" rel=\"lightbox[set_236]\" href=\"http:\/\/www.spaziotorino.it\/scatto\/wp-content\/gallery\/2011_04_16_granat_alzaband\/1604_granat_2_5813.jpg\"><br \/>\n<img decoding=\"async\" loading=\"lazy\" class=\"ngg-singlepic\" title=\"La cerimonia dell'alzabandiera\" src=\"http:\/\/www.spaziotorino.it\/scatto\/wp-content\/gallery\/2011_04_16_granat_alzaband\/1604_granat_2_5813.jpg\" alt=\"\" width=\"540\" height=\"360\" \/><br \/>\n<\/a><br \/>\n<!-- index.php -->\n<div\n\tclass=\"ngg-galleryoverview ngg-ajax-pagination-none\"\n\tid=\"ngg-gallery-daf9566b29105ea325a89e2292897683-1\">\n\n    \t\t<!-- Thumbnails -->\n\t\t\t\t<div id=\"ngg-image-0\" class=\"ngg-gallery-thumbnail-box\" >\n\t\t\t\t        <div class=\"ngg-gallery-thumbnail\">\n            <a href=\"http:\/\/www.spaziotorino.it\/scatto\/wp-content\/gallery\/2011_04_16_granat_alzaband\/1604_granat_2_5682.jpg\"\n               title=\"La cerimonia dell\\&#039;Alzabandiera\"\n               data-src=\"http:\/\/www.spaziotorino.it\/scatto\/wp-content\/gallery\/2011_04_16_granat_alzaband\/1604_granat_2_5682.jpg\"\n               data-thumbnail=\"http:\/\/www.spaziotorino.it\/scatto\/wp-content\/gallery\/2011_04_16_granat_alzaband\/thumbs\/thumbs_1604_granat_2_5682.jpg\"\n               data-image-id=\"3692\"\n               data-title=\"La cerimonia dell\\&#039;Alzabandiera\"\n               data-description=\"La cerimonia dell&#039;Alzabandiera\"\n               data-image-slug=\"la-cerimonia-dellalzabandiera\"\n               class=\"ngg-fancybox\" rel=\"daf9566b29105ea325a89e2292897683\">\n                <img\n                    title=\"La cerimonia dell\\&#039;Alzabandiera\"\n                    alt=\"La cerimonia dell\\&#039;Alzabandiera\"\n                    src=\"http:\/\/www.spaziotorino.it\/scatto\/wp-content\/gallery\/2011_04_16_granat_alzaband\/cache\/1604_granat_2_5682.jpg-nggid043692-ngg0dyn-60x60x100-00f0w010c011r110f110r010t010.jpg\"\n                    width=\"60\"\n                    height=\"60\"\n                    style=\"max-width:100%;\"\n                \/>\n            <\/a>\n        <\/div>\n\t\t\t\t\t\t\t<\/div> \n\t\t\t\n        \n\t\t\t\t<div id=\"ngg-image-1\" class=\"ngg-gallery-thumbnail-box\" >\n\t\t\t\t        <div class=\"ngg-gallery-thumbnail\">\n            <a href=\"http:\/\/www.spaziotorino.it\/scatto\/wp-content\/gallery\/2011_04_16_granat_alzaband\/1604_granat_2_5712.jpg\"\n               title=\"La banda del 1\u00b0 reggimento Granatieri di Sardegna\"\n               data-src=\"http:\/\/www.spaziotorino.it\/scatto\/wp-content\/gallery\/2011_04_16_granat_alzaband\/1604_granat_2_5712.jpg\"\n               data-thumbnail=\"http:\/\/www.spaziotorino.it\/scatto\/wp-content\/gallery\/2011_04_16_granat_alzaband\/thumbs\/thumbs_1604_granat_2_5712.jpg\"\n               data-image-id=\"3693\"\n               data-title=\"La banda del 1\u00b0 reggimento Granatieri di Sardegna\"\n               data-description=\"La banda del 1\u00b0 reggimento Granatieri di Sardegna\"\n               data-image-slug=\"la-banda-del-1%c2%b0-reggimento-granatieri-di-sardegna\"\n               class=\"ngg-fancybox\" rel=\"daf9566b29105ea325a89e2292897683\">\n                <img\n                    title=\"La banda del 1\u00b0 reggimento Granatieri di Sardegna\"\n                    alt=\"La banda del 1\u00b0 reggimento Granatieri di Sardegna\"\n                    src=\"http:\/\/www.spaziotorino.it\/scatto\/wp-content\/gallery\/2011_04_16_granat_alzaband\/cache\/1604_granat_2_5712.jpg-nggid043693-ngg0dyn-60x60x100-00f0w010c011r110f110r010t010.jpg\"\n                    width=\"60\"\n                    height=\"60\"\n                    style=\"max-width:100%;\"\n                \/>\n            <\/a>\n        <\/div>\n\t\t\t\t\t\t\t<\/div> \n\t\t\t\n        \n\t\t\t\t<div id=\"ngg-image-2\" class=\"ngg-gallery-thumbnail-box\" >\n\t\t\t\t        <div class=\"ngg-gallery-thumbnail\">\n            <a href=\"http:\/\/www.spaziotorino.it\/scatto\/wp-content\/gallery\/2011_04_16_granat_alzaband\/1604_granat_2_5716.jpg\"\n               title=\"La banda del 1\u00b0 reggimento Granatieri di Sardegna\"\n               data-src=\"http:\/\/www.spaziotorino.it\/scatto\/wp-content\/gallery\/2011_04_16_granat_alzaband\/1604_granat_2_5716.jpg\"\n               data-thumbnail=\"http:\/\/www.spaziotorino.it\/scatto\/wp-content\/gallery\/2011_04_16_granat_alzaband\/thumbs\/thumbs_1604_granat_2_5716.jpg\"\n               data-image-id=\"3694\"\n               data-title=\"La banda del 1\u00b0 reggimento Granatieri di Sardegna\"\n               data-description=\"La banda del 1\u00b0 reggimento Granatieri di Sardegna\"\n               data-image-slug=\"la-banda-del-1%c2%b0-reggimento-granatieri-di-sardegna\"\n               class=\"ngg-fancybox\" rel=\"daf9566b29105ea325a89e2292897683\">\n                <img\n                    title=\"La banda del 1\u00b0 reggimento Granatieri di Sardegna\"\n                    alt=\"La banda del 1\u00b0 reggimento Granatieri di Sardegna\"\n                    src=\"http:\/\/www.spaziotorino.it\/scatto\/wp-content\/gallery\/2011_04_16_granat_alzaband\/cache\/1604_granat_2_5716.jpg-nggid043694-ngg0dyn-60x60x100-00f0w010c011r110f110r010t010.jpg\"\n                    width=\"60\"\n                    height=\"60\"\n                    style=\"max-width:100%;\"\n                \/>\n            <\/a>\n        <\/div>\n\t\t\t\t\t\t\t<\/div> \n\t\t\t\n        \n\t\t\t\t<div id=\"ngg-image-3\" class=\"ngg-gallery-thumbnail-box\" >\n\t\t\t\t        <div class=\"ngg-gallery-thumbnail\">\n            <a href=\"http:\/\/www.spaziotorino.it\/scatto\/wp-content\/gallery\/2011_04_16_granat_alzaband\/1604_granat_2_5737.jpg\"\n               title=\"I Granatieri in piazza Castello\"\n               data-src=\"http:\/\/www.spaziotorino.it\/scatto\/wp-content\/gallery\/2011_04_16_granat_alzaband\/1604_granat_2_5737.jpg\"\n               data-thumbnail=\"http:\/\/www.spaziotorino.it\/scatto\/wp-content\/gallery\/2011_04_16_granat_alzaband\/thumbs\/thumbs_1604_granat_2_5737.jpg\"\n               data-image-id=\"3695\"\n               data-title=\"I Granatieri in piazza Castello\"\n               data-description=\"I Granatieri in piazza Castello\"\n               data-image-slug=\"i-granatieri-in-piazza-castello\"\n               class=\"ngg-fancybox\" rel=\"daf9566b29105ea325a89e2292897683\">\n                <img\n                    title=\"I Granatieri in piazza Castello\"\n                    alt=\"I Granatieri in piazza Castello\"\n                    src=\"http:\/\/www.spaziotorino.it\/scatto\/wp-content\/gallery\/2011_04_16_granat_alzaband\/cache\/1604_granat_2_5737.jpg-nggid043695-ngg0dyn-60x60x100-00f0w010c011r110f110r010t010.jpg\"\n                    width=\"60\"\n                    height=\"60\"\n                    style=\"max-width:100%;\"\n                \/>\n            <\/a>\n        <\/div>\n\t\t\t\t\t\t\t<\/div> \n\t\t\t\n        \n\t\t\t\t<div id=\"ngg-image-4\" class=\"ngg-gallery-thumbnail-box\" >\n\t\t\t\t        <div class=\"ngg-gallery-thumbnail\">\n            <a href=\"http:\/\/www.spaziotorino.it\/scatto\/wp-content\/gallery\/2011_04_16_granat_alzaband\/1604_granat_2_5741.jpg\"\n               title=\"La cerimonia dell\\&#039;Alzabandiera\"\n               data-src=\"http:\/\/www.spaziotorino.it\/scatto\/wp-content\/gallery\/2011_04_16_granat_alzaband\/1604_granat_2_5741.jpg\"\n               data-thumbnail=\"http:\/\/www.spaziotorino.it\/scatto\/wp-content\/gallery\/2011_04_16_granat_alzaband\/thumbs\/thumbs_1604_granat_2_5741.jpg\"\n               data-image-id=\"3696\"\n               data-title=\"La cerimonia dell\\&#039;Alzabandiera\"\n               data-description=\"La cerimonia dell&#039;Alzabandiera\"\n               data-image-slug=\"la-cerimonia-dellalzabandiera\"\n               class=\"ngg-fancybox\" rel=\"daf9566b29105ea325a89e2292897683\">\n                <img\n                    title=\"La cerimonia dell\\&#039;Alzabandiera\"\n                    alt=\"La cerimonia dell\\&#039;Alzabandiera\"\n                    src=\"http:\/\/www.spaziotorino.it\/scatto\/wp-content\/gallery\/2011_04_16_granat_alzaband\/cache\/1604_granat_2_5741.jpg-nggid043696-ngg0dyn-60x60x100-00f0w010c011r110f110r010t010.jpg\"\n                    width=\"60\"\n                    height=\"60\"\n                    style=\"max-width:100%;\"\n                \/>\n            <\/a>\n        <\/div>\n\t\t\t\t\t\t\t<\/div> \n\t\t\t\n        \n\t\t\t\t<div id=\"ngg-image-5\" class=\"ngg-gallery-thumbnail-box\" >\n\t\t\t\t        <div class=\"ngg-gallery-thumbnail\">\n            <a href=\"http:\/\/www.spaziotorino.it\/scatto\/wp-content\/gallery\/2011_04_16_granat_alzaband\/1604_granat_2_5746.jpg\"\n               title=\"Il 1\u00b0 reggimento Granatieri di Sardegna\"\n               data-src=\"http:\/\/www.spaziotorino.it\/scatto\/wp-content\/gallery\/2011_04_16_granat_alzaband\/1604_granat_2_5746.jpg\"\n               data-thumbnail=\"http:\/\/www.spaziotorino.it\/scatto\/wp-content\/gallery\/2011_04_16_granat_alzaband\/thumbs\/thumbs_1604_granat_2_5746.jpg\"\n               data-image-id=\"3697\"\n               data-title=\"Il 1\u00b0 reggimento Granatieri di Sardegna\"\n               data-description=\"Il 1\u00b0 reggimento Granatieri di Sardegna\"\n               data-image-slug=\"il-1%c2%b0-reggimento-granatieri-di-sardegna\"\n               class=\"ngg-fancybox\" rel=\"daf9566b29105ea325a89e2292897683\">\n                <img\n                    title=\"Il 1\u00b0 reggimento Granatieri di Sardegna\"\n                    alt=\"Il 1\u00b0 reggimento Granatieri di Sardegna\"\n                    src=\"http:\/\/www.spaziotorino.it\/scatto\/wp-content\/gallery\/2011_04_16_granat_alzaband\/cache\/1604_granat_2_5746.jpg-nggid043697-ngg0dyn-60x60x100-00f0w010c011r110f110r010t010.jpg\"\n                    width=\"60\"\n                    height=\"60\"\n                    style=\"max-width:100%;\"\n                \/>\n            <\/a>\n        <\/div>\n\t\t\t\t\t\t\t<\/div> \n\t\t\t\n        \n\t\t\t\t<div id=\"ngg-image-6\" class=\"ngg-gallery-thumbnail-box\" >\n\t\t\t\t        <div class=\"ngg-gallery-thumbnail\">\n            <a href=\"http:\/\/www.spaziotorino.it\/scatto\/wp-content\/gallery\/2011_04_16_granat_alzaband\/1604_granat_2_5766.jpg\"\n               title=\"La cerimonia dell\\&#039;Alzabandiera\"\n               data-src=\"http:\/\/www.spaziotorino.it\/scatto\/wp-content\/gallery\/2011_04_16_granat_alzaband\/1604_granat_2_5766.jpg\"\n               data-thumbnail=\"http:\/\/www.spaziotorino.it\/scatto\/wp-content\/gallery\/2011_04_16_granat_alzaband\/thumbs\/thumbs_1604_granat_2_5766.jpg\"\n               data-image-id=\"3698\"\n               data-title=\"La cerimonia dell\\&#039;Alzabandiera\"\n               data-description=\"La cerimonia dell&#039;Alzabandiera\"\n               data-image-slug=\"la-cerimonia-dellalzabandiera-1\"\n               class=\"ngg-fancybox\" rel=\"daf9566b29105ea325a89e2292897683\">\n                <img\n                    title=\"La cerimonia dell\\&#039;Alzabandiera\"\n                    alt=\"La cerimonia dell\\&#039;Alzabandiera\"\n                    src=\"http:\/\/www.spaziotorino.it\/scatto\/wp-content\/gallery\/2011_04_16_granat_alzaband\/cache\/1604_granat_2_5766.jpg-nggid043698-ngg0dyn-60x60x100-00f0w010c011r110f110r010t010.jpg\"\n                    width=\"60\"\n                    height=\"60\"\n                    style=\"max-width:100%;\"\n                \/>\n            <\/a>\n        <\/div>\n\t\t\t\t\t\t\t<\/div> \n\t\t\t\n        \n\t\t\t\t<div id=\"ngg-image-7\" class=\"ngg-gallery-thumbnail-box\" >\n\t\t\t\t        <div class=\"ngg-gallery-thumbnail\">\n            <a href=\"http:\/\/www.spaziotorino.it\/scatto\/wp-content\/gallery\/2011_04_16_granat_alzaband\/1604_granat_2_5791.jpg\"\n               title=\"La cerimonia dell\\&#039;Alzabandiera\"\n               data-src=\"http:\/\/www.spaziotorino.it\/scatto\/wp-content\/gallery\/2011_04_16_granat_alzaband\/1604_granat_2_5791.jpg\"\n               data-thumbnail=\"http:\/\/www.spaziotorino.it\/scatto\/wp-content\/gallery\/2011_04_16_granat_alzaband\/thumbs\/thumbs_1604_granat_2_5791.jpg\"\n               data-image-id=\"3699\"\n               data-title=\"La cerimonia dell\\&#039;Alzabandiera\"\n               data-description=\"La cerimonia dell&#039;Alzabandiera\"\n               data-image-slug=\"la-cerimonia-dellalzabandiera-1\"\n               class=\"ngg-fancybox\" rel=\"daf9566b29105ea325a89e2292897683\">\n                <img\n                    title=\"La cerimonia dell\\&#039;Alzabandiera\"\n                    alt=\"La cerimonia dell\\&#039;Alzabandiera\"\n                    src=\"http:\/\/www.spaziotorino.it\/scatto\/wp-content\/gallery\/2011_04_16_granat_alzaband\/cache\/1604_granat_2_5791.jpg-nggid043699-ngg0dyn-60x60x100-00f0w010c011r110f110r010t010.jpg\"\n                    width=\"60\"\n                    height=\"60\"\n                    style=\"max-width:100%;\"\n                \/>\n            <\/a>\n        <\/div>\n\t\t\t\t\t\t\t<\/div> \n\t\t\t\n        \n\t\t\t\t<div id=\"ngg-image-8\" class=\"ngg-gallery-thumbnail-box\" >\n\t\t\t\t        <div class=\"ngg-gallery-thumbnail\">\n            <a href=\"http:\/\/www.spaziotorino.it\/scatto\/wp-content\/gallery\/2011_04_16_granat_alzaband\/1604_granat_2_5804.jpg\"\n               title=\"L\\&#039;Assessore Alessandro Altamura e le autorit\u00e0 in piedi per l\\&#039;Inno Nazionale\"\n               data-src=\"http:\/\/www.spaziotorino.it\/scatto\/wp-content\/gallery\/2011_04_16_granat_alzaband\/1604_granat_2_5804.jpg\"\n               data-thumbnail=\"http:\/\/www.spaziotorino.it\/scatto\/wp-content\/gallery\/2011_04_16_granat_alzaband\/thumbs\/thumbs_1604_granat_2_5804.jpg\"\n               data-image-id=\"3700\"\n               data-title=\"L\\&#039;Assessore Alessandro Altamura e le autorit\u00e0 in piedi per l\\&#039;Inno Nazionale\"\n               data-description=\"L&#039;Assessore Alessandro Altamura e le autorit\u00e0 in piedi per l&#039;Inno Nazionale\"\n               data-image-slug=\"lassessore-alessandro-altamura-e-le-autorit%c3%a0-in-piedi-per-linno-nazionale\"\n               class=\"ngg-fancybox\" rel=\"daf9566b29105ea325a89e2292897683\">\n                <img\n                    title=\"L\\&#039;Assessore Alessandro Altamura e le autorit\u00e0 in piedi per l\\&#039;Inno Nazionale\"\n                    alt=\"L\\&#039;Assessore Alessandro Altamura e le autorit\u00e0 in piedi per l\\&#039;Inno Nazionale\"\n                    src=\"http:\/\/www.spaziotorino.it\/scatto\/wp-content\/gallery\/2011_04_16_granat_alzaband\/cache\/1604_granat_2_5804.jpg-nggid043700-ngg0dyn-60x60x100-00f0w010c011r110f110r010t010.jpg\"\n                    width=\"60\"\n                    height=\"60\"\n                    style=\"max-width:100%;\"\n                \/>\n            <\/a>\n        <\/div>\n\t\t\t\t\t\t\t<\/div> \n\t\t\t\n        \n\t\t\t\t<div id=\"ngg-image-9\" class=\"ngg-gallery-thumbnail-box\" >\n\t\t\t\t        <div class=\"ngg-gallery-thumbnail\">\n            <a href=\"http:\/\/www.spaziotorino.it\/scatto\/wp-content\/gallery\/2011_04_16_granat_alzaband\/1604_granat_2_5813.jpg\"\n               title=\"La cerimonia dell\\&#039;Alzabandiera\"\n               data-src=\"http:\/\/www.spaziotorino.it\/scatto\/wp-content\/gallery\/2011_04_16_granat_alzaband\/1604_granat_2_5813.jpg\"\n               data-thumbnail=\"http:\/\/www.spaziotorino.it\/scatto\/wp-content\/gallery\/2011_04_16_granat_alzaband\/thumbs\/thumbs_1604_granat_2_5813.jpg\"\n               data-image-id=\"3701\"\n               data-title=\"La cerimonia dell\\&#039;Alzabandiera\"\n               data-description=\"La cerimonia dell&#039;Alzabandiera\"\n               data-image-slug=\"la-cerimonia-dellalzabandiera-1\"\n               class=\"ngg-fancybox\" rel=\"daf9566b29105ea325a89e2292897683\">\n                <img\n                    title=\"La cerimonia dell\\&#039;Alzabandiera\"\n                    alt=\"La cerimonia dell\\&#039;Alzabandiera\"\n                    src=\"http:\/\/www.spaziotorino.it\/scatto\/wp-content\/gallery\/2011_04_16_granat_alzaband\/cache\/1604_granat_2_5813.jpg-nggid043701-ngg0dyn-60x60x100-00f0w010c011r110f110r010t010.jpg\"\n                    width=\"60\"\n                    height=\"60\"\n                    style=\"max-width:100%;\"\n                \/>\n            <\/a>\n        <\/div>\n\t\t\t\t\t\t\t<\/div> \n\t\t\t\n        \n\t\t\t\t<div id=\"ngg-image-10\" class=\"ngg-gallery-thumbnail-box\" >\n\t\t\t\t        <div class=\"ngg-gallery-thumbnail\">\n            <a href=\"http:\/\/www.spaziotorino.it\/scatto\/wp-content\/gallery\/2011_04_16_granat_alzaband\/1604_granat_2_5816.jpg\"\n               title=\"La cerimonia dell\\&#039;Alzabandiera\"\n               data-src=\"http:\/\/www.spaziotorino.it\/scatto\/wp-content\/gallery\/2011_04_16_granat_alzaband\/1604_granat_2_5816.jpg\"\n               data-thumbnail=\"http:\/\/www.spaziotorino.it\/scatto\/wp-content\/gallery\/2011_04_16_granat_alzaband\/thumbs\/thumbs_1604_granat_2_5816.jpg\"\n               data-image-id=\"3702\"\n               data-title=\"La cerimonia dell\\&#039;Alzabandiera\"\n               data-description=\"La cerimonia dell&#039;Alzabandiera\"\n               data-image-slug=\"la-cerimonia-dellalzabandiera-1\"\n               class=\"ngg-fancybox\" rel=\"daf9566b29105ea325a89e2292897683\">\n                <img\n                    title=\"La cerimonia dell\\&#039;Alzabandiera\"\n                    alt=\"La cerimonia dell\\&#039;Alzabandiera\"\n                    src=\"http:\/\/www.spaziotorino.it\/scatto\/wp-content\/gallery\/2011_04_16_granat_alzaband\/cache\/1604_granat_2_5816.jpg-nggid043702-ngg0dyn-60x60x100-00f0w010c011r110f110r010t010.jpg\"\n                    width=\"60\"\n                    height=\"60\"\n                    style=\"max-width:100%;\"\n                \/>\n            <\/a>\n        <\/div>\n\t\t\t\t\t\t\t<\/div> \n\t\t\t\n        \n\t\t\n\t\t<!-- Pagination -->\n\t<div class='ngg-clear'><\/div>\t<\/div>\n<br \/>\n<strong>&#8220;352 anni di musica, uniformi e bandiere&#8221;<\/strong><br \/>\n<a title=\"352 anni di musica, uniformi e bandiere\" rel=\"lightbox[set_237]\" href=\"http:\/\/www.spaziotorino.it\/scatto\/wp-content\/gallery\/2011_04_16_granat_concerto\/1604_granat_3_5961.jpg\"><br \/>\n<img decoding=\"async\" loading=\"lazy\" class=\"ngg-singlepic\" title=\"352 anni di musica, uniformi e bandiere\" src=\"http:\/\/www.spaziotorino.it\/scatto\/wp-content\/gallery\/2011_04_16_granat_concerto\/1604_granat_3_5961.jpg\" alt=\"\" width=\"540\" height=\"360\" \/><br \/>\n<\/a><br \/>\n<!-- index.php -->\n<div\n\tclass=\"ngg-galleryoverview ngg-ajax-pagination-none\"\n\tid=\"ngg-gallery-74d9b50c8fdc7a70cd19c0a9c2ecd903-1\">\n\n    \t\t<!-- Thumbnails -->\n\t\t\t\t<div id=\"ngg-image-0\" class=\"ngg-gallery-thumbnail-box\" >\n\t\t\t\t        <div class=\"ngg-gallery-thumbnail\">\n            <a href=\"http:\/\/www.spaziotorino.it\/scatto\/wp-content\/gallery\/2011_04_16_granat_concerto\/1604_granat_3_5839.jpg\"\n               title=\"I granatieri si preparano per lo spettacolo in piazza San Carlo\"\n               data-src=\"http:\/\/www.spaziotorino.it\/scatto\/wp-content\/gallery\/2011_04_16_granat_concerto\/1604_granat_3_5839.jpg\"\n               data-thumbnail=\"http:\/\/www.spaziotorino.it\/scatto\/wp-content\/gallery\/2011_04_16_granat_concerto\/thumbs\/thumbs_1604_granat_3_5839.jpg\"\n               data-image-id=\"3703\"\n               data-title=\"I granatieri si preparano per lo spettacolo in piazza San Carlo\"\n               data-description=\"I granatieri si preparano per lo spettacolo in piazza San Carlo\"\n               data-image-slug=\"i-granatieri-si-preparano-per-lo-spettacolo-in-piazza-san-carlo\"\n               class=\"ngg-fancybox\" rel=\"74d9b50c8fdc7a70cd19c0a9c2ecd903\">\n                <img\n                    title=\"I granatieri si preparano per lo spettacolo in piazza San Carlo\"\n                    alt=\"I granatieri si preparano per lo spettacolo in piazza San Carlo\"\n                    src=\"http:\/\/www.spaziotorino.it\/scatto\/wp-content\/gallery\/2011_04_16_granat_concerto\/cache\/1604_granat_3_5839.jpg-nggid043703-ngg0dyn-60x60x100-00f0w010c011r110f110r010t010.jpg\"\n                    width=\"60\"\n                    height=\"60\"\n                    style=\"max-width:100%;\"\n                \/>\n            <\/a>\n        <\/div>\n\t\t\t\t\t\t\t<\/div> \n\t\t\t\n        \n\t\t\t\t<div id=\"ngg-image-1\" class=\"ngg-gallery-thumbnail-box\" >\n\t\t\t\t        <div class=\"ngg-gallery-thumbnail\">\n            <a href=\"http:\/\/www.spaziotorino.it\/scatto\/wp-content\/gallery\/2011_04_16_granat_concerto\/1604_granat_3_5847.jpg\"\n               title=\"I Granatieri di Sardegna\"\n               data-src=\"http:\/\/www.spaziotorino.it\/scatto\/wp-content\/gallery\/2011_04_16_granat_concerto\/1604_granat_3_5847.jpg\"\n               data-thumbnail=\"http:\/\/www.spaziotorino.it\/scatto\/wp-content\/gallery\/2011_04_16_granat_concerto\/thumbs\/thumbs_1604_granat_3_5847.jpg\"\n               data-image-id=\"3704\"\n               data-title=\"I Granatieri di Sardegna\"\n               data-description=\"I Granatieri di Sardegna\"\n               data-image-slug=\"i-granatieri-di-sardegna\"\n               class=\"ngg-fancybox\" rel=\"74d9b50c8fdc7a70cd19c0a9c2ecd903\">\n                <img\n                    title=\"I Granatieri di Sardegna\"\n                    alt=\"I Granatieri di Sardegna\"\n                    src=\"http:\/\/www.spaziotorino.it\/scatto\/wp-content\/gallery\/2011_04_16_granat_concerto\/cache\/1604_granat_3_5847.jpg-nggid043704-ngg0dyn-60x60x100-00f0w010c011r110f110r010t010.jpg\"\n                    width=\"60\"\n                    height=\"60\"\n                    style=\"max-width:100%;\"\n                \/>\n            <\/a>\n        <\/div>\n\t\t\t\t\t\t\t<\/div> \n\t\t\t\n        \n\t\t\t\t<div id=\"ngg-image-2\" class=\"ngg-gallery-thumbnail-box\" >\n\t\t\t\t        <div class=\"ngg-gallery-thumbnail\">\n            <a href=\"http:\/\/www.spaziotorino.it\/scatto\/wp-content\/gallery\/2011_04_16_granat_concerto\/1604_granat_3_5862.jpg\"\n               title=\"Un momento dell\\&#039;esibizione dei Granatieri in piazza San Carlo\"\n               data-src=\"http:\/\/www.spaziotorino.it\/scatto\/wp-content\/gallery\/2011_04_16_granat_concerto\/1604_granat_3_5862.jpg\"\n               data-thumbnail=\"http:\/\/www.spaziotorino.it\/scatto\/wp-content\/gallery\/2011_04_16_granat_concerto\/thumbs\/thumbs_1604_granat_3_5862.jpg\"\n               data-image-id=\"3705\"\n               data-title=\"Un momento dell\\&#039;esibizione dei Granatieri in piazza San Carlo\"\n               data-description=\"Un momento dell&#039;esibizione dei Granatieri in piazza San Carlo\"\n               data-image-slug=\"un-momento-dellesibizione-dei-granatieri-in-piazza-san-carlo\"\n               class=\"ngg-fancybox\" rel=\"74d9b50c8fdc7a70cd19c0a9c2ecd903\">\n                <img\n                    title=\"Un momento dell\\&#039;esibizione dei Granatieri in piazza San Carlo\"\n                    alt=\"Un momento dell\\&#039;esibizione dei Granatieri in piazza San Carlo\"\n                    src=\"http:\/\/www.spaziotorino.it\/scatto\/wp-content\/gallery\/2011_04_16_granat_concerto\/cache\/1604_granat_3_5862.jpg-nggid043705-ngg0dyn-60x60x100-00f0w010c011r110f110r010t010.jpg\"\n                    width=\"60\"\n                    height=\"60\"\n                    style=\"max-width:100%;\"\n                \/>\n            <\/a>\n        <\/div>\n\t\t\t\t\t\t\t<\/div> \n\t\t\t\n        \n\t\t\t\t<div id=\"ngg-image-3\" class=\"ngg-gallery-thumbnail-box\" >\n\t\t\t\t        <div class=\"ngg-gallery-thumbnail\">\n            <a href=\"http:\/\/www.spaziotorino.it\/scatto\/wp-content\/gallery\/2011_04_16_granat_concerto\/1604_granat_3_5870.jpg\"\n               title=\"Un momento dell\\&#039;esibizione dei Granatieri in piazza San Carlo\"\n               data-src=\"http:\/\/www.spaziotorino.it\/scatto\/wp-content\/gallery\/2011_04_16_granat_concerto\/1604_granat_3_5870.jpg\"\n               data-thumbnail=\"http:\/\/www.spaziotorino.it\/scatto\/wp-content\/gallery\/2011_04_16_granat_concerto\/thumbs\/thumbs_1604_granat_3_5870.jpg\"\n               data-image-id=\"3706\"\n               data-title=\"Un momento dell\\&#039;esibizione dei Granatieri in piazza San Carlo\"\n               data-description=\"Un momento dell&#039;esibizione dei Granatieri in piazza San Carlo\"\n               data-image-slug=\"un-momento-dellesibizione-dei-granatieri-in-piazza-san-carlo\"\n               class=\"ngg-fancybox\" rel=\"74d9b50c8fdc7a70cd19c0a9c2ecd903\">\n                <img\n                    title=\"Un momento dell\\&#039;esibizione dei Granatieri in piazza San Carlo\"\n                    alt=\"Un momento dell\\&#039;esibizione dei Granatieri in piazza San Carlo\"\n                    src=\"http:\/\/www.spaziotorino.it\/scatto\/wp-content\/gallery\/2011_04_16_granat_concerto\/cache\/1604_granat_3_5870.jpg-nggid043706-ngg0dyn-60x60x100-00f0w010c011r110f110r010t010.jpg\"\n                    width=\"60\"\n                    height=\"60\"\n                    style=\"max-width:100%;\"\n                \/>\n            <\/a>\n        <\/div>\n\t\t\t\t\t\t\t<\/div> \n\t\t\t\n        \n\t\t\t\t<div id=\"ngg-image-4\" class=\"ngg-gallery-thumbnail-box\" >\n\t\t\t\t        <div class=\"ngg-gallery-thumbnail\">\n            <a href=\"http:\/\/www.spaziotorino.it\/scatto\/wp-content\/gallery\/2011_04_16_granat_concerto\/1604_granat_3_5897.jpg\"\n               title=\"Un momento dell\\&#039;esibizione dei Granatieri in piazza San Carlo\"\n               data-src=\"http:\/\/www.spaziotorino.it\/scatto\/wp-content\/gallery\/2011_04_16_granat_concerto\/1604_granat_3_5897.jpg\"\n               data-thumbnail=\"http:\/\/www.spaziotorino.it\/scatto\/wp-content\/gallery\/2011_04_16_granat_concerto\/thumbs\/thumbs_1604_granat_3_5897.jpg\"\n               data-image-id=\"3707\"\n               data-title=\"Un momento dell\\&#039;esibizione dei Granatieri in piazza San Carlo\"\n               data-description=\"Un momento dell&#039;esibizione dei Granatieri in piazza San Carlo\"\n               data-image-slug=\"un-momento-dellesibizione-dei-granatieri-in-piazza-san-carlo\"\n               class=\"ngg-fancybox\" rel=\"74d9b50c8fdc7a70cd19c0a9c2ecd903\">\n                <img\n                    title=\"Un momento dell\\&#039;esibizione dei Granatieri in piazza San Carlo\"\n                    alt=\"Un momento dell\\&#039;esibizione dei Granatieri in piazza San Carlo\"\n                    src=\"http:\/\/www.spaziotorino.it\/scatto\/wp-content\/gallery\/2011_04_16_granat_concerto\/cache\/1604_granat_3_5897.jpg-nggid043707-ngg0dyn-60x60x100-00f0w010c011r110f110r010t010.jpg\"\n                    width=\"60\"\n                    height=\"60\"\n                    style=\"max-width:100%;\"\n                \/>\n            <\/a>\n        <\/div>\n\t\t\t\t\t\t\t<\/div> \n\t\t\t\n        \n\t\t\t\t<div id=\"ngg-image-5\" class=\"ngg-gallery-thumbnail-box\" >\n\t\t\t\t        <div class=\"ngg-gallery-thumbnail\">\n            <a href=\"http:\/\/www.spaziotorino.it\/scatto\/wp-content\/gallery\/2011_04_16_granat_concerto\/1604_granat_3_5961.jpg\"\n               title=\"Il concerto\"\n               data-src=\"http:\/\/www.spaziotorino.it\/scatto\/wp-content\/gallery\/2011_04_16_granat_concerto\/1604_granat_3_5961.jpg\"\n               data-thumbnail=\"http:\/\/www.spaziotorino.it\/scatto\/wp-content\/gallery\/2011_04_16_granat_concerto\/thumbs\/thumbs_1604_granat_3_5961.jpg\"\n               data-image-id=\"3708\"\n               data-title=\"Il concerto\"\n               data-description=\"Il concerto\"\n               data-image-slug=\"il-concerto\"\n               class=\"ngg-fancybox\" rel=\"74d9b50c8fdc7a70cd19c0a9c2ecd903\">\n                <img\n                    title=\"Il concerto\"\n                    alt=\"Il concerto\"\n                    src=\"http:\/\/www.spaziotorino.it\/scatto\/wp-content\/gallery\/2011_04_16_granat_concerto\/cache\/1604_granat_3_5961.jpg-nggid043708-ngg0dyn-60x60x100-00f0w010c011r110f110r010t010.jpg\"\n                    width=\"60\"\n                    height=\"60\"\n                    style=\"max-width:100%;\"\n                \/>\n            <\/a>\n        <\/div>\n\t\t\t\t\t\t\t<\/div> \n\t\t\t\n        \n\t\t\t\t<div id=\"ngg-image-6\" class=\"ngg-gallery-thumbnail-box\" >\n\t\t\t\t        <div class=\"ngg-gallery-thumbnail\">\n            <a href=\"http:\/\/www.spaziotorino.it\/scatto\/wp-content\/gallery\/2011_04_16_granat_concerto\/1604_granat_3_6003.jpg\"\n               title=\"I Granatieri assistono al concerto\"\n               data-src=\"http:\/\/www.spaziotorino.it\/scatto\/wp-content\/gallery\/2011_04_16_granat_concerto\/1604_granat_3_6003.jpg\"\n               data-thumbnail=\"http:\/\/www.spaziotorino.it\/scatto\/wp-content\/gallery\/2011_04_16_granat_concerto\/thumbs\/thumbs_1604_granat_3_6003.jpg\"\n               data-image-id=\"3709\"\n               data-title=\"I Granatieri assistono al concerto\"\n               data-description=\"I Granatieri assistono al concerto\"\n               data-image-slug=\"i-granatieri-assistono-al-concerto\"\n               class=\"ngg-fancybox\" rel=\"74d9b50c8fdc7a70cd19c0a9c2ecd903\">\n                <img\n                    title=\"I Granatieri assistono al concerto\"\n                    alt=\"I Granatieri assistono al concerto\"\n                    src=\"http:\/\/www.spaziotorino.it\/scatto\/wp-content\/gallery\/2011_04_16_granat_concerto\/cache\/1604_granat_3_6003.jpg-nggid043709-ngg0dyn-60x60x100-00f0w010c011r110f110r010t010.jpg\"\n                    width=\"60\"\n                    height=\"60\"\n                    style=\"max-width:100%;\"\n                \/>\n            <\/a>\n        <\/div>\n\t\t\t\t\t\t\t<\/div> \n\t\t\t\n        \n\t\t\n\t\t<!-- Pagination -->\n\t<div class='ngg-clear'><\/div>\t<\/div>\n<br \/>\n<strong>Adunata, parata e ammainabandiera<\/strong><br \/>\n<a title=\"Adunata, parata e ammainabandiera\" rel=\"lightbox[set_238]\" href=\"http:\/\/www.spaziotorino.it\/scatto\/wp-content\/gallery\/2011_04_17_granatieri\/1704_granat_6449.jpg\"><br \/>\n<img decoding=\"async\" loading=\"lazy\" class=\"ngg-singlepic\" title=\"Adunata, parata e ammainabandiera\" src=\"http:\/\/www.spaziotorino.it\/scatto\/wp-content\/gallery\/2011_04_17_granatieri\/1704_granat_6449.jpg\" alt=\"\" width=\"540\" height=\"360\" \/><br \/>\n<\/a><br \/>\n<!-- index.php -->\n<div\n\tclass=\"ngg-galleryoverview ngg-ajax-pagination-none\"\n\tid=\"ngg-gallery-0f6c126f065e42fff0b7cd905f339008-1\">\n\n    \t\t<!-- Thumbnails -->\n\t\t\t\t<div id=\"ngg-image-0\" class=\"ngg-gallery-thumbnail-box\" >\n\t\t\t\t        <div class=\"ngg-gallery-thumbnail\">\n            <a href=\"http:\/\/www.spaziotorino.it\/scatto\/wp-content\/gallery\/2011_04_17_granatieri\/1704_granat_6116.jpg\"\n               title=\"Il Sindaco in posa con alcuni Granatieri\"\n               data-src=\"http:\/\/www.spaziotorino.it\/scatto\/wp-content\/gallery\/2011_04_17_granatieri\/1704_granat_6116.jpg\"\n               data-thumbnail=\"http:\/\/www.spaziotorino.it\/scatto\/wp-content\/gallery\/2011_04_17_granatieri\/thumbs\/thumbs_1704_granat_6116.jpg\"\n               data-image-id=\"3710\"\n               data-title=\"Il Sindaco in posa con alcuni Granatieri\"\n               data-description=\"Il Sindaco in posa con alcuni Granatieri\"\n               data-image-slug=\"il-sindaco-in-posa-con-alcuni-granatieri\"\n               class=\"ngg-fancybox\" rel=\"0f6c126f065e42fff0b7cd905f339008\">\n                <img\n                    title=\"Il Sindaco in posa con alcuni Granatieri\"\n                    alt=\"Il Sindaco in posa con alcuni Granatieri\"\n                    src=\"http:\/\/www.spaziotorino.it\/scatto\/wp-content\/gallery\/2011_04_17_granatieri\/cache\/1704_granat_6116.jpg-nggid043710-ngg0dyn-60x60x100-00f0w010c011r110f110r010t010.jpg\"\n                    width=\"60\"\n                    height=\"60\"\n                    style=\"max-width:100%;\"\n                \/>\n            <\/a>\n        <\/div>\n\t\t\t\t\t\t\t<\/div> \n\t\t\t\n        \n\t\t\t\t<div id=\"ngg-image-1\" class=\"ngg-gallery-thumbnail-box\" >\n\t\t\t\t        <div class=\"ngg-gallery-thumbnail\">\n            <a href=\"http:\/\/www.spaziotorino.it\/scatto\/wp-content\/gallery\/2011_04_17_granatieri\/1704_granat_6121.jpg\"\n               title=\"\"\n               data-src=\"http:\/\/www.spaziotorino.it\/scatto\/wp-content\/gallery\/2011_04_17_granatieri\/1704_granat_6121.jpg\"\n               data-thumbnail=\"http:\/\/www.spaziotorino.it\/scatto\/wp-content\/gallery\/2011_04_17_granatieri\/thumbs\/thumbs_1704_granat_6121.jpg\"\n               data-image-id=\"3711\"\n               data-title=\"1704_granat_6121\"\n               data-description=\"\"\n               data-image-slug=\"1704_granat_6121\"\n               class=\"ngg-fancybox\" rel=\"0f6c126f065e42fff0b7cd905f339008\">\n                <img\n                    title=\"1704_granat_6121\"\n                    alt=\"1704_granat_6121\"\n                    src=\"http:\/\/www.spaziotorino.it\/scatto\/wp-content\/gallery\/2011_04_17_granatieri\/cache\/1704_granat_6121.jpg-nggid043711-ngg0dyn-60x60x100-00f0w010c011r110f110r010t010.jpg\"\n                    width=\"60\"\n                    height=\"60\"\n                    style=\"max-width:100%;\"\n                \/>\n            <\/a>\n        <\/div>\n\t\t\t\t\t\t\t<\/div> \n\t\t\t\n        \n\t\t\t\t<div id=\"ngg-image-2\" class=\"ngg-gallery-thumbnail-box\" >\n\t\t\t\t        <div class=\"ngg-gallery-thumbnail\">\n            <a href=\"http:\/\/www.spaziotorino.it\/scatto\/wp-content\/gallery\/2011_04_17_granatieri\/1704_granat_6152.jpg\"\n               title=\"L\\&#039;adunata in piazza Castello\"\n               data-src=\"http:\/\/www.spaziotorino.it\/scatto\/wp-content\/gallery\/2011_04_17_granatieri\/1704_granat_6152.jpg\"\n               data-thumbnail=\"http:\/\/www.spaziotorino.it\/scatto\/wp-content\/gallery\/2011_04_17_granatieri\/thumbs\/thumbs_1704_granat_6152.jpg\"\n               data-image-id=\"3712\"\n               data-title=\"L\\&#039;adunata in piazza Castello\"\n               data-description=\"L&#039;adunata in piazza Castello\"\n               data-image-slug=\"ladunata-in-piazza-castello\"\n               class=\"ngg-fancybox\" rel=\"0f6c126f065e42fff0b7cd905f339008\">\n                <img\n                    title=\"L\\&#039;adunata in piazza Castello\"\n                    alt=\"L\\&#039;adunata in piazza Castello\"\n                    src=\"http:\/\/www.spaziotorino.it\/scatto\/wp-content\/gallery\/2011_04_17_granatieri\/cache\/1704_granat_6152.jpg-nggid043712-ngg0dyn-60x60x100-00f0w010c011r110f110r010t010.jpg\"\n                    width=\"60\"\n                    height=\"60\"\n                    style=\"max-width:100%;\"\n                \/>\n            <\/a>\n        <\/div>\n\t\t\t\t\t\t\t<\/div> \n\t\t\t\n        \n\t\t\t\t<div id=\"ngg-image-3\" class=\"ngg-gallery-thumbnail-box\" >\n\t\t\t\t        <div class=\"ngg-gallery-thumbnail\">\n            <a href=\"http:\/\/www.spaziotorino.it\/scatto\/wp-content\/gallery\/2011_04_17_granatieri\/1704_granat_6160.jpg\"\n               title=\"I carabinieri in alta uniforme\"\n               data-src=\"http:\/\/www.spaziotorino.it\/scatto\/wp-content\/gallery\/2011_04_17_granatieri\/1704_granat_6160.jpg\"\n               data-thumbnail=\"http:\/\/www.spaziotorino.it\/scatto\/wp-content\/gallery\/2011_04_17_granatieri\/thumbs\/thumbs_1704_granat_6160.jpg\"\n               data-image-id=\"3713\"\n               data-title=\"I carabinieri in alta uniforme\"\n               data-description=\"I carabinieri in alta uniforme\"\n               data-image-slug=\"i-carabinieri-in-alta-uniforme\"\n               class=\"ngg-fancybox\" rel=\"0f6c126f065e42fff0b7cd905f339008\">\n                <img\n                    title=\"I carabinieri in alta uniforme\"\n                    alt=\"I carabinieri in alta uniforme\"\n                    src=\"http:\/\/www.spaziotorino.it\/scatto\/wp-content\/gallery\/2011_04_17_granatieri\/cache\/1704_granat_6160.jpg-nggid043713-ngg0dyn-60x60x100-00f0w010c011r110f110r010t010.jpg\"\n                    width=\"60\"\n                    height=\"60\"\n                    style=\"max-width:100%;\"\n                \/>\n            <\/a>\n        <\/div>\n\t\t\t\t\t\t\t<\/div> \n\t\t\t\n        \n\t\t\t\t<div id=\"ngg-image-4\" class=\"ngg-gallery-thumbnail-box\" >\n\t\t\t\t        <div class=\"ngg-gallery-thumbnail\">\n            <a href=\"http:\/\/www.spaziotorino.it\/scatto\/wp-content\/gallery\/2011_04_17_granatieri\/1704_granat_6184.jpg\"\n               title=\"I Granatieri di Sardegna\"\n               data-src=\"http:\/\/www.spaziotorino.it\/scatto\/wp-content\/gallery\/2011_04_17_granatieri\/1704_granat_6184.jpg\"\n               data-thumbnail=\"http:\/\/www.spaziotorino.it\/scatto\/wp-content\/gallery\/2011_04_17_granatieri\/thumbs\/thumbs_1704_granat_6184.jpg\"\n               data-image-id=\"3714\"\n               data-title=\"I Granatieri di Sardegna\"\n               data-description=\"I Granatieri di Sardegna\"\n               data-image-slug=\"i-granatieri-di-sardegna-1\"\n               class=\"ngg-fancybox\" rel=\"0f6c126f065e42fff0b7cd905f339008\">\n                <img\n                    title=\"I Granatieri di Sardegna\"\n                    alt=\"I Granatieri di Sardegna\"\n                    src=\"http:\/\/www.spaziotorino.it\/scatto\/wp-content\/gallery\/2011_04_17_granatieri\/cache\/1704_granat_6184.jpg-nggid043714-ngg0dyn-60x60x100-00f0w010c011r110f110r010t010.jpg\"\n                    width=\"60\"\n                    height=\"60\"\n                    style=\"max-width:100%;\"\n                \/>\n            <\/a>\n        <\/div>\n\t\t\t\t\t\t\t<\/div> \n\t\t\t\n        \n\t\t\t\t<div id=\"ngg-image-5\" class=\"ngg-gallery-thumbnail-box\" >\n\t\t\t\t        <div class=\"ngg-gallery-thumbnail\">\n            <a href=\"http:\/\/www.spaziotorino.it\/scatto\/wp-content\/gallery\/2011_04_17_granatieri\/1704_granat_6192.jpg\"\n               title=\"L\\&#039;Inno Nazionale\"\n               data-src=\"http:\/\/www.spaziotorino.it\/scatto\/wp-content\/gallery\/2011_04_17_granatieri\/1704_granat_6192.jpg\"\n               data-thumbnail=\"http:\/\/www.spaziotorino.it\/scatto\/wp-content\/gallery\/2011_04_17_granatieri\/thumbs\/thumbs_1704_granat_6192.jpg\"\n               data-image-id=\"3715\"\n               data-title=\"L\\&#039;Inno Nazionale\"\n               data-description=\"L&#039;Inno Nazionale\"\n               data-image-slug=\"linno-nazionale\"\n               class=\"ngg-fancybox\" rel=\"0f6c126f065e42fff0b7cd905f339008\">\n                <img\n                    title=\"L\\&#039;Inno Nazionale\"\n                    alt=\"L\\&#039;Inno Nazionale\"\n                    src=\"http:\/\/www.spaziotorino.it\/scatto\/wp-content\/gallery\/2011_04_17_granatieri\/cache\/1704_granat_6192.jpg-nggid043715-ngg0dyn-60x60x100-00f0w010c011r110f110r010t010.jpg\"\n                    width=\"60\"\n                    height=\"60\"\n                    style=\"max-width:100%;\"\n                \/>\n            <\/a>\n        <\/div>\n\t\t\t\t\t\t\t<\/div> \n\t\t\t\n        \n\t\t\t\t<div id=\"ngg-image-6\" class=\"ngg-gallery-thumbnail-box\" >\n\t\t\t\t        <div class=\"ngg-gallery-thumbnail\">\n            <a href=\"http:\/\/www.spaziotorino.it\/scatto\/wp-content\/gallery\/2011_04_17_granatieri\/1704_granat_6207.jpg\"\n               title=\"Il Generale Mario Buscemi passa in rassegna le truppe\"\n               data-src=\"http:\/\/www.spaziotorino.it\/scatto\/wp-content\/gallery\/2011_04_17_granatieri\/1704_granat_6207.jpg\"\n               data-thumbnail=\"http:\/\/www.spaziotorino.it\/scatto\/wp-content\/gallery\/2011_04_17_granatieri\/thumbs\/thumbs_1704_granat_6207.jpg\"\n               data-image-id=\"3716\"\n               data-title=\"Il Generale Mario Buscemi passa in rassegna le truppe\"\n               data-description=\"Il Generale Mario Buscemi passa in rassegna le truppe\"\n               data-image-slug=\"il-generale-mario-buscemi-passa-in-rassegna-le-truppe\"\n               class=\"ngg-fancybox\" rel=\"0f6c126f065e42fff0b7cd905f339008\">\n                <img\n                    title=\"Il Generale Mario Buscemi passa in rassegna le truppe\"\n                    alt=\"Il Generale Mario Buscemi passa in rassegna le truppe\"\n                    src=\"http:\/\/www.spaziotorino.it\/scatto\/wp-content\/gallery\/2011_04_17_granatieri\/cache\/1704_granat_6207.jpg-nggid043716-ngg0dyn-60x60x100-00f0w010c011r110f110r010t010.jpg\"\n                    width=\"60\"\n                    height=\"60\"\n                    style=\"max-width:100%;\"\n                \/>\n            <\/a>\n        <\/div>\n\t\t\t\t\t\t\t<\/div> \n\t\t\t\n        \n\t\t\t\t<div id=\"ngg-image-7\" class=\"ngg-gallery-thumbnail-box\" >\n\t\t\t\t        <div class=\"ngg-gallery-thumbnail\">\n            <a href=\"http:\/\/www.spaziotorino.it\/scatto\/wp-content\/gallery\/2011_04_17_granatieri\/1704_granat_6229.jpg\"\n               title=\"I Granatieri di Sardegna\"\n               data-src=\"http:\/\/www.spaziotorino.it\/scatto\/wp-content\/gallery\/2011_04_17_granatieri\/1704_granat_6229.jpg\"\n               data-thumbnail=\"http:\/\/www.spaziotorino.it\/scatto\/wp-content\/gallery\/2011_04_17_granatieri\/thumbs\/thumbs_1704_granat_6229.jpg\"\n               data-image-id=\"3717\"\n               data-title=\"I Granatieri di Sardegna\"\n               data-description=\"I Granatieri di Sardegna\"\n               data-image-slug=\"i-granatieri-di-sardegna-2\"\n               class=\"ngg-fancybox\" rel=\"0f6c126f065e42fff0b7cd905f339008\">\n                <img\n                    title=\"I Granatieri di Sardegna\"\n                    alt=\"I Granatieri di Sardegna\"\n                    src=\"http:\/\/www.spaziotorino.it\/scatto\/wp-content\/gallery\/2011_04_17_granatieri\/cache\/1704_granat_6229.jpg-nggid043717-ngg0dyn-60x60x100-00f0w010c011r110f110r010t010.jpg\"\n                    width=\"60\"\n                    height=\"60\"\n                    style=\"max-width:100%;\"\n                \/>\n            <\/a>\n        <\/div>\n\t\t\t\t\t\t\t<\/div> \n\t\t\t\n        \n\t\t\t\t<div id=\"ngg-image-8\" class=\"ngg-gallery-thumbnail-box\" >\n\t\t\t\t        <div class=\"ngg-gallery-thumbnail\">\n            <a href=\"http:\/\/www.spaziotorino.it\/scatto\/wp-content\/gallery\/2011_04_17_granatieri\/1704_granat_6234.jpg\"\n               title=\"I Granatieri di Sardegna in Piazza Castello\"\n               data-src=\"http:\/\/www.spaziotorino.it\/scatto\/wp-content\/gallery\/2011_04_17_granatieri\/1704_granat_6234.jpg\"\n               data-thumbnail=\"http:\/\/www.spaziotorino.it\/scatto\/wp-content\/gallery\/2011_04_17_granatieri\/thumbs\/thumbs_1704_granat_6234.jpg\"\n               data-image-id=\"3718\"\n               data-title=\"I Granatieri di Sardegna in Piazza Castello\"\n               data-description=\"I Granatieri di Sardegna in Piazza Castello\"\n               data-image-slug=\"i-granatieri-di-sardegna-in-piazza-castello\"\n               class=\"ngg-fancybox\" rel=\"0f6c126f065e42fff0b7cd905f339008\">\n                <img\n                    title=\"I Granatieri di Sardegna in Piazza Castello\"\n                    alt=\"I Granatieri di Sardegna in Piazza Castello\"\n                    src=\"http:\/\/www.spaziotorino.it\/scatto\/wp-content\/gallery\/2011_04_17_granatieri\/cache\/1704_granat_6234.jpg-nggid043718-ngg0dyn-60x60x100-00f0w010c011r110f110r010t010.jpg\"\n                    width=\"60\"\n                    height=\"60\"\n                    style=\"max-width:100%;\"\n                \/>\n            <\/a>\n        <\/div>\n\t\t\t\t\t\t\t<\/div> \n\t\t\t\n        \n\t\t\t\t<div id=\"ngg-image-9\" class=\"ngg-gallery-thumbnail-box\" >\n\t\t\t\t        <div class=\"ngg-gallery-thumbnail\">\n            <a href=\"http:\/\/www.spaziotorino.it\/scatto\/wp-content\/gallery\/2011_04_17_granatieri\/1704_granat_6238.jpg\"\n               title=\"Sergio Chiamparino legge il messaggio del Presidente della Repubblica\"\n               data-src=\"http:\/\/www.spaziotorino.it\/scatto\/wp-content\/gallery\/2011_04_17_granatieri\/1704_granat_6238.jpg\"\n               data-thumbnail=\"http:\/\/www.spaziotorino.it\/scatto\/wp-content\/gallery\/2011_04_17_granatieri\/thumbs\/thumbs_1704_granat_6238.jpg\"\n               data-image-id=\"3719\"\n               data-title=\"Sergio Chiamparino legge il messaggio del Presidente della Repubblica\"\n               data-description=\"Sergio Chiamparino legge il messaggio del Presidente della Repubblica\"\n               data-image-slug=\"sergio-chiamparino-legge-il-messaggio-del-presidente-della-repubblica\"\n               class=\"ngg-fancybox\" rel=\"0f6c126f065e42fff0b7cd905f339008\">\n                <img\n                    title=\"Sergio Chiamparino legge il messaggio del Presidente della Repubblica\"\n                    alt=\"Sergio Chiamparino legge il messaggio del Presidente della Repubblica\"\n                    src=\"http:\/\/www.spaziotorino.it\/scatto\/wp-content\/gallery\/2011_04_17_granatieri\/cache\/1704_granat_6238.jpg-nggid043719-ngg0dyn-60x60x100-00f0w010c011r110f110r010t010.jpg\"\n                    width=\"60\"\n                    height=\"60\"\n                    style=\"max-width:100%;\"\n                \/>\n            <\/a>\n        <\/div>\n\t\t\t\t\t\t\t<\/div> \n\t\t\t\n        \n\t\t\t\t<div id=\"ngg-image-10\" class=\"ngg-gallery-thumbnail-box\" >\n\t\t\t\t        <div class=\"ngg-gallery-thumbnail\">\n            <a href=\"http:\/\/www.spaziotorino.it\/scatto\/wp-content\/gallery\/2011_04_17_granatieri\/1704_granat_6275.jpg\"\n               title=\"L\\&#039;attesa della sfilata dei Granatieri in piazza Castello\"\n               data-src=\"http:\/\/www.spaziotorino.it\/scatto\/wp-content\/gallery\/2011_04_17_granatieri\/1704_granat_6275.jpg\"\n               data-thumbnail=\"http:\/\/www.spaziotorino.it\/scatto\/wp-content\/gallery\/2011_04_17_granatieri\/thumbs\/thumbs_1704_granat_6275.jpg\"\n               data-image-id=\"3720\"\n               data-title=\"L\\&#039;attesa della sfilata dei Granatieri in piazza Castello\"\n               data-description=\"L&#039;attesa della sfilata dei Granatieri in piazza Castello\"\n               data-image-slug=\"lattesa-della-sfilata-dei-granatieri-in-piazza-castello\"\n               class=\"ngg-fancybox\" rel=\"0f6c126f065e42fff0b7cd905f339008\">\n                <img\n                    title=\"L\\&#039;attesa della sfilata dei Granatieri in piazza Castello\"\n                    alt=\"L\\&#039;attesa della sfilata dei Granatieri in piazza Castello\"\n                    src=\"http:\/\/www.spaziotorino.it\/scatto\/wp-content\/gallery\/2011_04_17_granatieri\/cache\/1704_granat_6275.jpg-nggid043720-ngg0dyn-60x60x100-00f0w010c011r110f110r010t010.jpg\"\n                    width=\"60\"\n                    height=\"60\"\n                    style=\"max-width:100%;\"\n                \/>\n            <\/a>\n        <\/div>\n\t\t\t\t\t\t\t<\/div> \n\t\t\t\n        \n\t\t\t\t<div id=\"ngg-image-11\" class=\"ngg-gallery-thumbnail-box\" >\n\t\t\t\t        <div class=\"ngg-gallery-thumbnail\">\n            <a href=\"http:\/\/www.spaziotorino.it\/scatto\/wp-content\/gallery\/2011_04_17_granatieri\/1704_granat_6278.jpg\"\n               title=\"\"\n               data-src=\"http:\/\/www.spaziotorino.it\/scatto\/wp-content\/gallery\/2011_04_17_granatieri\/1704_granat_6278.jpg\"\n               data-thumbnail=\"http:\/\/www.spaziotorino.it\/scatto\/wp-content\/gallery\/2011_04_17_granatieri\/thumbs\/thumbs_1704_granat_6278.jpg\"\n               data-image-id=\"3721\"\n               data-title=\"1704_granat_6278\"\n               data-description=\"\"\n               data-image-slug=\"1704_granat_6278\"\n               class=\"ngg-fancybox\" rel=\"0f6c126f065e42fff0b7cd905f339008\">\n                <img\n                    title=\"1704_granat_6278\"\n                    alt=\"1704_granat_6278\"\n                    src=\"http:\/\/www.spaziotorino.it\/scatto\/wp-content\/gallery\/2011_04_17_granatieri\/cache\/1704_granat_6278.jpg-nggid043721-ngg0dyn-60x60x100-00f0w010c011r110f110r010t010.jpg\"\n                    width=\"60\"\n                    height=\"60\"\n                    style=\"max-width:100%;\"\n                \/>\n            <\/a>\n        <\/div>\n\t\t\t\t\t\t\t<\/div> \n\t\t\t\n        \n\t\t\t\t<div id=\"ngg-image-12\" class=\"ngg-gallery-thumbnail-box\" >\n\t\t\t\t        <div class=\"ngg-gallery-thumbnail\">\n            <a href=\"http:\/\/www.spaziotorino.it\/scatto\/wp-content\/gallery\/2011_04_17_granatieri\/1704_granat_6283.jpg\"\n               title=\"\"\n               data-src=\"http:\/\/www.spaziotorino.it\/scatto\/wp-content\/gallery\/2011_04_17_granatieri\/1704_granat_6283.jpg\"\n               data-thumbnail=\"http:\/\/www.spaziotorino.it\/scatto\/wp-content\/gallery\/2011_04_17_granatieri\/thumbs\/thumbs_1704_granat_6283.jpg\"\n               data-image-id=\"3722\"\n               data-title=\"1704_granat_6283\"\n               data-description=\"\"\n               data-image-slug=\"1704_granat_6283\"\n               class=\"ngg-fancybox\" rel=\"0f6c126f065e42fff0b7cd905f339008\">\n                <img\n                    title=\"1704_granat_6283\"\n                    alt=\"1704_granat_6283\"\n                    src=\"http:\/\/www.spaziotorino.it\/scatto\/wp-content\/gallery\/2011_04_17_granatieri\/cache\/1704_granat_6283.jpg-nggid043722-ngg0dyn-60x60x100-00f0w010c011r110f110r010t010.jpg\"\n                    width=\"60\"\n                    height=\"60\"\n                    style=\"max-width:100%;\"\n                \/>\n            <\/a>\n        <\/div>\n\t\t\t\t\t\t\t<\/div> \n\t\t\t\n        \n\t\t\t\t<div id=\"ngg-image-13\" class=\"ngg-gallery-thumbnail-box\" >\n\t\t\t\t        <div class=\"ngg-gallery-thumbnail\">\n            <a href=\"http:\/\/www.spaziotorino.it\/scatto\/wp-content\/gallery\/2011_04_17_granatieri\/1704_granat_6285.jpg\"\n               title=\"La parata\"\n               data-src=\"http:\/\/www.spaziotorino.it\/scatto\/wp-content\/gallery\/2011_04_17_granatieri\/1704_granat_6285.jpg\"\n               data-thumbnail=\"http:\/\/www.spaziotorino.it\/scatto\/wp-content\/gallery\/2011_04_17_granatieri\/thumbs\/thumbs_1704_granat_6285.jpg\"\n               data-image-id=\"3723\"\n               data-title=\"La parata\"\n               data-description=\"La parata\"\n               data-image-slug=\"la-parata\"\n               class=\"ngg-fancybox\" rel=\"0f6c126f065e42fff0b7cd905f339008\">\n                <img\n                    title=\"La parata\"\n                    alt=\"La parata\"\n                    src=\"http:\/\/www.spaziotorino.it\/scatto\/wp-content\/gallery\/2011_04_17_granatieri\/cache\/1704_granat_6285.jpg-nggid043723-ngg0dyn-60x60x100-00f0w010c011r110f110r010t010.jpg\"\n                    width=\"60\"\n                    height=\"60\"\n                    style=\"max-width:100%;\"\n                \/>\n            <\/a>\n        <\/div>\n\t\t\t\t\t\t\t<\/div> \n\t\t\t\n        \n\t\t\t\t<div id=\"ngg-image-14\" class=\"ngg-gallery-thumbnail-box\" >\n\t\t\t\t        <div class=\"ngg-gallery-thumbnail\">\n            <a href=\"http:\/\/www.spaziotorino.it\/scatto\/wp-content\/gallery\/2011_04_17_granatieri\/1704_granat_6293.jpg\"\n               title=\"La parata\"\n               data-src=\"http:\/\/www.spaziotorino.it\/scatto\/wp-content\/gallery\/2011_04_17_granatieri\/1704_granat_6293.jpg\"\n               data-thumbnail=\"http:\/\/www.spaziotorino.it\/scatto\/wp-content\/gallery\/2011_04_17_granatieri\/thumbs\/thumbs_1704_granat_6293.jpg\"\n               data-image-id=\"3724\"\n               data-title=\"La parata\"\n               data-description=\"La parata\"\n               data-image-slug=\"la-parata\"\n               class=\"ngg-fancybox\" rel=\"0f6c126f065e42fff0b7cd905f339008\">\n                <img\n                    title=\"La parata\"\n                    alt=\"La parata\"\n                    src=\"http:\/\/www.spaziotorino.it\/scatto\/wp-content\/gallery\/2011_04_17_granatieri\/cache\/1704_granat_6293.jpg-nggid043724-ngg0dyn-60x60x100-00f0w010c011r110f110r010t010.jpg\"\n                    width=\"60\"\n                    height=\"60\"\n                    style=\"max-width:100%;\"\n                \/>\n            <\/a>\n        <\/div>\n\t\t\t\t\t\t\t<\/div> \n\t\t\t\n        \n\t\t\t\t<div id=\"ngg-image-15\" class=\"ngg-gallery-thumbnail-box\" >\n\t\t\t\t        <div class=\"ngg-gallery-thumbnail\">\n            <a href=\"http:\/\/www.spaziotorino.it\/scatto\/wp-content\/gallery\/2011_04_17_granatieri\/1704_granat_6304.jpg\"\n               title=\"La parata\"\n               data-src=\"http:\/\/www.spaziotorino.it\/scatto\/wp-content\/gallery\/2011_04_17_granatieri\/1704_granat_6304.jpg\"\n               data-thumbnail=\"http:\/\/www.spaziotorino.it\/scatto\/wp-content\/gallery\/2011_04_17_granatieri\/thumbs\/thumbs_1704_granat_6304.jpg\"\n               data-image-id=\"3725\"\n               data-title=\"La parata\"\n               data-description=\"La parata\"\n               data-image-slug=\"la-parata\"\n               class=\"ngg-fancybox\" rel=\"0f6c126f065e42fff0b7cd905f339008\">\n                <img\n                    title=\"La parata\"\n                    alt=\"La parata\"\n                    src=\"http:\/\/www.spaziotorino.it\/scatto\/wp-content\/gallery\/2011_04_17_granatieri\/cache\/1704_granat_6304.jpg-nggid043725-ngg0dyn-60x60x100-00f0w010c011r110f110r010t010.jpg\"\n                    width=\"60\"\n                    height=\"60\"\n                    style=\"max-width:100%;\"\n                \/>\n            <\/a>\n        <\/div>\n\t\t\t\t\t\t\t<\/div> \n\t\t\t\n        \n\t\t\t\t<div id=\"ngg-image-16\" class=\"ngg-gallery-thumbnail-box\" >\n\t\t\t\t        <div class=\"ngg-gallery-thumbnail\">\n            <a href=\"http:\/\/www.spaziotorino.it\/scatto\/wp-content\/gallery\/2011_04_17_granatieri\/1704_granat_6317.jpg\"\n               title=\"La parata\"\n               data-src=\"http:\/\/www.spaziotorino.it\/scatto\/wp-content\/gallery\/2011_04_17_granatieri\/1704_granat_6317.jpg\"\n               data-thumbnail=\"http:\/\/www.spaziotorino.it\/scatto\/wp-content\/gallery\/2011_04_17_granatieri\/thumbs\/thumbs_1704_granat_6317.jpg\"\n               data-image-id=\"3726\"\n               data-title=\"La parata\"\n               data-description=\"La parata\"\n               data-image-slug=\"la-parata\"\n               class=\"ngg-fancybox\" rel=\"0f6c126f065e42fff0b7cd905f339008\">\n                <img\n                    title=\"La parata\"\n                    alt=\"La parata\"\n                    src=\"http:\/\/www.spaziotorino.it\/scatto\/wp-content\/gallery\/2011_04_17_granatieri\/cache\/1704_granat_6317.jpg-nggid043726-ngg0dyn-60x60x100-00f0w010c011r110f110r010t010.jpg\"\n                    width=\"60\"\n                    height=\"60\"\n                    style=\"max-width:100%;\"\n                \/>\n            <\/a>\n        <\/div>\n\t\t\t\t\t\t\t<\/div> \n\t\t\t\n        \n\t\t\t\t<div id=\"ngg-image-17\" class=\"ngg-gallery-thumbnail-box\" >\n\t\t\t\t        <div class=\"ngg-gallery-thumbnail\">\n            <a href=\"http:\/\/www.spaziotorino.it\/scatto\/wp-content\/gallery\/2011_04_17_granatieri\/1704_granat_6328.jpg\"\n               title=\"La parata\"\n               data-src=\"http:\/\/www.spaziotorino.it\/scatto\/wp-content\/gallery\/2011_04_17_granatieri\/1704_granat_6328.jpg\"\n               data-thumbnail=\"http:\/\/www.spaziotorino.it\/scatto\/wp-content\/gallery\/2011_04_17_granatieri\/thumbs\/thumbs_1704_granat_6328.jpg\"\n               data-image-id=\"3727\"\n               data-title=\"La parata\"\n               data-description=\"La parata\"\n               data-image-slug=\"la-parata-1\"\n               class=\"ngg-fancybox\" rel=\"0f6c126f065e42fff0b7cd905f339008\">\n                <img\n                    title=\"La parata\"\n                    alt=\"La parata\"\n                    src=\"http:\/\/www.spaziotorino.it\/scatto\/wp-content\/gallery\/2011_04_17_granatieri\/cache\/1704_granat_6328.jpg-nggid043727-ngg0dyn-60x60x100-00f0w010c011r110f110r010t010.jpg\"\n                    width=\"60\"\n                    height=\"60\"\n                    style=\"max-width:100%;\"\n                \/>\n            <\/a>\n        <\/div>\n\t\t\t\t\t\t\t<\/div> \n\t\t\t\n        \n\t\t\t\t<div id=\"ngg-image-18\" class=\"ngg-gallery-thumbnail-box\" >\n\t\t\t\t        <div class=\"ngg-gallery-thumbnail\">\n            <a href=\"http:\/\/www.spaziotorino.it\/scatto\/wp-content\/gallery\/2011_04_17_granatieri\/1704_granat_6346.jpg\"\n               title=\"La parata\"\n               data-src=\"http:\/\/www.spaziotorino.it\/scatto\/wp-content\/gallery\/2011_04_17_granatieri\/1704_granat_6346.jpg\"\n               data-thumbnail=\"http:\/\/www.spaziotorino.it\/scatto\/wp-content\/gallery\/2011_04_17_granatieri\/thumbs\/thumbs_1704_granat_6346.jpg\"\n               data-image-id=\"3728\"\n               data-title=\"La parata\"\n               data-description=\"La parata\"\n               data-image-slug=\"la-parata-1\"\n               class=\"ngg-fancybox\" rel=\"0f6c126f065e42fff0b7cd905f339008\">\n                <img\n                    title=\"La parata\"\n                    alt=\"La parata\"\n                    src=\"http:\/\/www.spaziotorino.it\/scatto\/wp-content\/gallery\/2011_04_17_granatieri\/cache\/1704_granat_6346.jpg-nggid043728-ngg0dyn-60x60x100-00f0w010c011r110f110r010t010.jpg\"\n                    width=\"60\"\n                    height=\"60\"\n                    style=\"max-width:100%;\"\n                \/>\n            <\/a>\n        <\/div>\n\t\t\t\t\t\t\t<\/div> \n\t\t\t\n        \n\t\t\t\t<div id=\"ngg-image-19\" class=\"ngg-gallery-thumbnail-box\" >\n\t\t\t\t        <div class=\"ngg-gallery-thumbnail\">\n            <a href=\"http:\/\/www.spaziotorino.it\/scatto\/wp-content\/gallery\/2011_04_17_granatieri\/1704_granat_6350.jpg\"\n               title=\"La parata\"\n               data-src=\"http:\/\/www.spaziotorino.it\/scatto\/wp-content\/gallery\/2011_04_17_granatieri\/1704_granat_6350.jpg\"\n               data-thumbnail=\"http:\/\/www.spaziotorino.it\/scatto\/wp-content\/gallery\/2011_04_17_granatieri\/thumbs\/thumbs_1704_granat_6350.jpg\"\n               data-image-id=\"3729\"\n               data-title=\"La parata\"\n               data-description=\"La parata\"\n               data-image-slug=\"la-parata-2\"\n               class=\"ngg-fancybox\" rel=\"0f6c126f065e42fff0b7cd905f339008\">\n                <img\n                    title=\"La parata\"\n                    alt=\"La parata\"\n                    src=\"http:\/\/www.spaziotorino.it\/scatto\/wp-content\/gallery\/2011_04_17_granatieri\/cache\/1704_granat_6350.jpg-nggid043729-ngg0dyn-60x60x100-00f0w010c011r110f110r010t010.jpg\"\n                    width=\"60\"\n                    height=\"60\"\n                    style=\"max-width:100%;\"\n                \/>\n            <\/a>\n        <\/div>\n\t\t\t\t\t\t\t<\/div> \n\t\t\t\n        \n\t\t\t\t<div id=\"ngg-image-20\" class=\"ngg-gallery-thumbnail-box\" >\n\t\t\t\t        <div class=\"ngg-gallery-thumbnail\">\n            <a href=\"http:\/\/www.spaziotorino.it\/scatto\/wp-content\/gallery\/2011_04_17_granatieri\/1704_granat_6369.jpg\"\n               title=\"La parata\"\n               data-src=\"http:\/\/www.spaziotorino.it\/scatto\/wp-content\/gallery\/2011_04_17_granatieri\/1704_granat_6369.jpg\"\n               data-thumbnail=\"http:\/\/www.spaziotorino.it\/scatto\/wp-content\/gallery\/2011_04_17_granatieri\/thumbs\/thumbs_1704_granat_6369.jpg\"\n               data-image-id=\"3730\"\n               data-title=\"La parata\"\n               data-description=\"La parata\"\n               data-image-slug=\"la-parata-2\"\n               class=\"ngg-fancybox\" rel=\"0f6c126f065e42fff0b7cd905f339008\">\n                <img\n                    title=\"La parata\"\n                    alt=\"La parata\"\n                    src=\"http:\/\/www.spaziotorino.it\/scatto\/wp-content\/gallery\/2011_04_17_granatieri\/cache\/1704_granat_6369.jpg-nggid043730-ngg0dyn-60x60x100-00f0w010c011r110f110r010t010.jpg\"\n                    width=\"60\"\n                    height=\"60\"\n                    style=\"max-width:100%;\"\n                \/>\n            <\/a>\n        <\/div>\n\t\t\t\t\t\t\t<\/div> \n\t\t\t\n        \n\t\t\t\t<div id=\"ngg-image-21\" class=\"ngg-gallery-thumbnail-box\" >\n\t\t\t\t        <div class=\"ngg-gallery-thumbnail\">\n            <a href=\"http:\/\/www.spaziotorino.it\/scatto\/wp-content\/gallery\/2011_04_17_granatieri\/1704_granat_6395.jpg\"\n               title=\"La parata\"\n               data-src=\"http:\/\/www.spaziotorino.it\/scatto\/wp-content\/gallery\/2011_04_17_granatieri\/1704_granat_6395.jpg\"\n               data-thumbnail=\"http:\/\/www.spaziotorino.it\/scatto\/wp-content\/gallery\/2011_04_17_granatieri\/thumbs\/thumbs_1704_granat_6395.jpg\"\n               data-image-id=\"3731\"\n               data-title=\"La parata\"\n               data-description=\"La parata\"\n               data-image-slug=\"la-parata-2\"\n               class=\"ngg-fancybox\" rel=\"0f6c126f065e42fff0b7cd905f339008\">\n                <img\n                    title=\"La parata\"\n                    alt=\"La parata\"\n                    src=\"http:\/\/www.spaziotorino.it\/scatto\/wp-content\/gallery\/2011_04_17_granatieri\/cache\/1704_granat_6395.jpg-nggid043731-ngg0dyn-60x60x100-00f0w010c011r110f110r010t010.jpg\"\n                    width=\"60\"\n                    height=\"60\"\n                    style=\"max-width:100%;\"\n                \/>\n            <\/a>\n        <\/div>\n\t\t\t\t\t\t\t<\/div> \n\t\t\t\n        \n\t\t\t\t<div id=\"ngg-image-22\" class=\"ngg-gallery-thumbnail-box\" >\n\t\t\t\t        <div class=\"ngg-gallery-thumbnail\">\n            <a href=\"http:\/\/www.spaziotorino.it\/scatto\/wp-content\/gallery\/2011_04_17_granatieri\/1704_granat_6449.jpg\"\n               title=\"La parata\"\n               data-src=\"http:\/\/www.spaziotorino.it\/scatto\/wp-content\/gallery\/2011_04_17_granatieri\/1704_granat_6449.jpg\"\n               data-thumbnail=\"http:\/\/www.spaziotorino.it\/scatto\/wp-content\/gallery\/2011_04_17_granatieri\/thumbs\/thumbs_1704_granat_6449.jpg\"\n               data-image-id=\"3732\"\n               data-title=\"La parata\"\n               data-description=\"La parata\"\n               data-image-slug=\"la-parata-2\"\n               class=\"ngg-fancybox\" rel=\"0f6c126f065e42fff0b7cd905f339008\">\n                <img\n                    title=\"La parata\"\n                    alt=\"La parata\"\n                    src=\"http:\/\/www.spaziotorino.it\/scatto\/wp-content\/gallery\/2011_04_17_granatieri\/cache\/1704_granat_6449.jpg-nggid043732-ngg0dyn-60x60x100-00f0w010c011r110f110r010t010.jpg\"\n                    width=\"60\"\n                    height=\"60\"\n                    style=\"max-width:100%;\"\n                \/>\n            <\/a>\n        <\/div>\n\t\t\t\t\t\t\t<\/div> \n\t\t\t\n        \n\t\t\t\t<div id=\"ngg-image-23\" class=\"ngg-gallery-thumbnail-box\" >\n\t\t\t\t        <div class=\"ngg-gallery-thumbnail\">\n            <a href=\"http:\/\/www.spaziotorino.it\/scatto\/wp-content\/gallery\/2011_04_17_granatieri\/1704_granat_6453.jpg\"\n               title=\"La parata\"\n               data-src=\"http:\/\/www.spaziotorino.it\/scatto\/wp-content\/gallery\/2011_04_17_granatieri\/1704_granat_6453.jpg\"\n               data-thumbnail=\"http:\/\/www.spaziotorino.it\/scatto\/wp-content\/gallery\/2011_04_17_granatieri\/thumbs\/thumbs_1704_granat_6453.jpg\"\n               data-image-id=\"3733\"\n               data-title=\"La parata\"\n               data-description=\"La parata\"\n               data-image-slug=\"la-parata-3\"\n               class=\"ngg-fancybox\" rel=\"0f6c126f065e42fff0b7cd905f339008\">\n                <img\n                    title=\"La parata\"\n                    alt=\"La parata\"\n                    src=\"http:\/\/www.spaziotorino.it\/scatto\/wp-content\/gallery\/2011_04_17_granatieri\/cache\/1704_granat_6453.jpg-nggid043733-ngg0dyn-60x60x100-00f0w010c011r110f110r010t010.jpg\"\n                    width=\"60\"\n                    height=\"60\"\n                    style=\"max-width:100%;\"\n                \/>\n            <\/a>\n        <\/div>\n\t\t\t\t\t\t\t<\/div> \n\t\t\t\n        \n\t\t\t\t<div id=\"ngg-image-24\" class=\"ngg-gallery-thumbnail-box\" >\n\t\t\t\t        <div class=\"ngg-gallery-thumbnail\">\n            <a href=\"http:\/\/www.spaziotorino.it\/scatto\/wp-content\/gallery\/2011_04_17_granatieri\/1704_granat_6456.jpg\"\n               title=\"La parata\"\n               data-src=\"http:\/\/www.spaziotorino.it\/scatto\/wp-content\/gallery\/2011_04_17_granatieri\/1704_granat_6456.jpg\"\n               data-thumbnail=\"http:\/\/www.spaziotorino.it\/scatto\/wp-content\/gallery\/2011_04_17_granatieri\/thumbs\/thumbs_1704_granat_6456.jpg\"\n               data-image-id=\"3734\"\n               data-title=\"La parata\"\n               data-description=\"La parata\"\n               data-image-slug=\"la-parata-3\"\n               class=\"ngg-fancybox\" rel=\"0f6c126f065e42fff0b7cd905f339008\">\n                <img\n                    title=\"La parata\"\n                    alt=\"La parata\"\n                    src=\"http:\/\/www.spaziotorino.it\/scatto\/wp-content\/gallery\/2011_04_17_granatieri\/cache\/1704_granat_6456.jpg-nggid043734-ngg0dyn-60x60x100-00f0w010c011r110f110r010t010.jpg\"\n                    width=\"60\"\n                    height=\"60\"\n                    style=\"max-width:100%;\"\n                \/>\n            <\/a>\n        <\/div>\n\t\t\t\t\t\t\t<\/div> \n\t\t\t\n        \n\t\t\t\t<div id=\"ngg-image-25\" class=\"ngg-gallery-thumbnail-box\" >\n\t\t\t\t        <div class=\"ngg-gallery-thumbnail\">\n            <a href=\"http:\/\/www.spaziotorino.it\/scatto\/wp-content\/gallery\/2011_04_17_granatieri\/1704_granat_6472.jpg\"\n               title=\"La cerimonia dell\\&#039;ammainabandiera\"\n               data-src=\"http:\/\/www.spaziotorino.it\/scatto\/wp-content\/gallery\/2011_04_17_granatieri\/1704_granat_6472.jpg\"\n               data-thumbnail=\"http:\/\/www.spaziotorino.it\/scatto\/wp-content\/gallery\/2011_04_17_granatieri\/thumbs\/thumbs_1704_granat_6472.jpg\"\n               data-image-id=\"3735\"\n               data-title=\"La cerimonia dell\\&#039;ammainabandiera\"\n               data-description=\"La cerimonia dell&#039;ammainabandiera\"\n               data-image-slug=\"la-cerimonia-dellammainabandiera\"\n               class=\"ngg-fancybox\" rel=\"0f6c126f065e42fff0b7cd905f339008\">\n                <img\n                    title=\"La cerimonia dell\\&#039;ammainabandiera\"\n                    alt=\"La cerimonia dell\\&#039;ammainabandiera\"\n                    src=\"http:\/\/www.spaziotorino.it\/scatto\/wp-content\/gallery\/2011_04_17_granatieri\/cache\/1704_granat_6472.jpg-nggid043735-ngg0dyn-60x60x100-00f0w010c011r110f110r010t010.jpg\"\n                    width=\"60\"\n                    height=\"60\"\n                    style=\"max-width:100%;\"\n                \/>\n            <\/a>\n        <\/div>\n\t\t\t\t\t\t\t<\/div> \n\t\t\t\n        \n\t\t\t\t<div id=\"ngg-image-26\" class=\"ngg-gallery-thumbnail-box\" >\n\t\t\t\t        <div class=\"ngg-gallery-thumbnail\">\n            <a href=\"http:\/\/www.spaziotorino.it\/scatto\/wp-content\/gallery\/2011_04_17_granatieri\/1704_granat_6474.jpg\"\n               title=\"La cerimonia dell\\&#039;ammainabandiera\"\n               data-src=\"http:\/\/www.spaziotorino.it\/scatto\/wp-content\/gallery\/2011_04_17_granatieri\/1704_granat_6474.jpg\"\n               data-thumbnail=\"http:\/\/www.spaziotorino.it\/scatto\/wp-content\/gallery\/2011_04_17_granatieri\/thumbs\/thumbs_1704_granat_6474.jpg\"\n               data-image-id=\"3736\"\n               data-title=\"La cerimonia dell\\&#039;ammainabandiera\"\n               data-description=\"La cerimonia dell&#039;ammainabandiera\"\n               data-image-slug=\"la-cerimonia-dellammainabandiera\"\n               class=\"ngg-fancybox\" rel=\"0f6c126f065e42fff0b7cd905f339008\">\n                <img\n                    title=\"La cerimonia dell\\&#039;ammainabandiera\"\n                    alt=\"La cerimonia dell\\&#039;ammainabandiera\"\n                    src=\"http:\/\/www.spaziotorino.it\/scatto\/wp-content\/gallery\/2011_04_17_granatieri\/cache\/1704_granat_6474.jpg-nggid043736-ngg0dyn-60x60x100-00f0w010c011r110f110r010t010.jpg\"\n                    width=\"60\"\n                    height=\"60\"\n                    style=\"max-width:100%;\"\n                \/>\n            <\/a>\n        <\/div>\n\t\t\t\t\t\t\t<\/div> \n\t\t\t\n        \n\t\t\t\t<div id=\"ngg-image-27\" class=\"ngg-gallery-thumbnail-box\" >\n\t\t\t\t        <div class=\"ngg-gallery-thumbnail\">\n            <a href=\"http:\/\/www.spaziotorino.it\/scatto\/wp-content\/gallery\/2011_04_17_granatieri\/1704_granat_6480.jpg\"\n               title=\"La cerimonia dell\\&#039;ammainabandiera\"\n               data-src=\"http:\/\/www.spaziotorino.it\/scatto\/wp-content\/gallery\/2011_04_17_granatieri\/1704_granat_6480.jpg\"\n               data-thumbnail=\"http:\/\/www.spaziotorino.it\/scatto\/wp-content\/gallery\/2011_04_17_granatieri\/thumbs\/thumbs_1704_granat_6480.jpg\"\n               data-image-id=\"3737\"\n               data-title=\"La cerimonia dell\\&#039;ammainabandiera\"\n               data-description=\"La cerimonia dell&#039;ammainabandiera\"\n               data-image-slug=\"la-cerimonia-dellammainabandiera\"\n               class=\"ngg-fancybox\" rel=\"0f6c126f065e42fff0b7cd905f339008\">\n                <img\n                    title=\"La cerimonia dell\\&#039;ammainabandiera\"\n                    alt=\"La cerimonia dell\\&#039;ammainabandiera\"\n                    src=\"http:\/\/www.spaziotorino.it\/scatto\/wp-content\/gallery\/2011_04_17_granatieri\/cache\/1704_granat_6480.jpg-nggid043737-ngg0dyn-60x60x100-00f0w010c011r110f110r010t010.jpg\"\n                    width=\"60\"\n                    height=\"60\"\n                    style=\"max-width:100%;\"\n                \/>\n            <\/a>\n        <\/div>\n\t\t\t\t\t\t\t<\/div> \n\t\t\t\n        \n\t\t\n\t\t<!-- Pagination -->\n\t<div class='ngg-clear'><\/div>\t<\/div>\n<\/p>\n<p>Dal 15 al 17 aprile si \u00e8 svolto a Torino il XXX raduno dei Granatieri di Sardegna. Terzo incontro a Torino per i granatieri, che qui festeggiarono il 300\u00b0 e il 350\u00b0 della loro fondazione, nel 1959 e nel 2009. Il 1 Rgt. Granatieri \u00e8 il pi\u00f9 antico Reparto di tutte le forze Armate Italiane, diretto discendente del Reggimento delle Guardie del Duca di Savoia Carlo Emanuele II.<\/p>\n<p>Il raduno si \u00e8 aperto il 15 aprile con una conferenza stampa di presentazione a Palazzo Civico ed \u00e8 proseguito sabato 16 con un convegno dedicato al rapporto tra I Granatieri di sardegna e i 150 anni dell&#8217;Unit\u00e0 d&#8217;Italia, previsto nelle eleganti sale del Circolo Ufficiali. <\/p>\n<p>Durante il pomeriggio in Piazzetta Mollino \u00e8 stata deposta una corona d&#8217;alloro davanti alla lapide che ricorda la Fondazione del Reggimento delle Guardie e ci si \u00e8 poi trasferiti di fronte a Palazzo Madama, dove l&#8217;Associazione Nazionale Granatieri di Sardegna ha omaggiato il monumento all&#8217;Armata Sarda.<\/p>\n<p>Alle 17.30 \u00e8 arrivata in Piazza Castello la bandiera di guerra del 2\u00b0 Rgt. Granatieri in Grande Uniforme, seguita dalla bandiera della nave &#8220;Granatiere&#8221; della Marina Militare. Entrambi i drappi sono stati issati poco dopo.<\/p>\n<p>La serata si \u00e8 svolta all&#8217;insegna della musica, con un concerto in piazza San Carlo intitolato 352 anni di Musica, Uniformi e Bandiere, ad opera della Musica Reggimentale del 1\u00b0 Rgt. Granatieri.<\/p>\n<p>Grande riunione in Piazza Castello alle 9.30 per cominciare il 17 aprile, giornata clou del raduno con una grande parata lungo via Roma, piazza San Carlo e Piazza Carlo Felice. Alle 12.30, con la cerimonia dell&#8217;ammainabandiera, il raduno si \u00e8 chiuso ufficialmente per la cittadinanza. Ma per i granatieri e i loro \u00e8 continuato con il Gran Convivio Associativo a Torino Esposizioni.<\/p>\n<p>Alla parata hanno partecipato, con una loro rappresentanza, anche i membri dell&#8217;equipaggio della nave &#8220;Granatiere&#8221;, insieme a Reparti dei Carabinieri, della Guardia di Finanza e del Corpo Infermiere Volontarie della CRI. Infine, non sono mancate le rievocazioni storiche, con alcuni gruppi storici in uniforme: dal Plotone Guardie del Gruppo &#8220;Pietro Micca&#8221; ai Granatieri Risorgimentali del gruppo &#8220;Val Susa 1861&#8221;<\/p>\n","protected":false},"excerpt":{"rendered":"<p>I momenti commemorativi in piazzetta Mollino e in piazza Castello La cerimonia dell&#8217;alzabandiera &#8220;352 anni di musica, uniformi e bandiere&#8221; Adunata, parata e ammainabandiera Dal 15 al 17 aprile si \u00e8 svolto a Torino il XXX raduno dei Granatieri di Sardegna. Terzo incontro a Torino per i granatieri, che qui festeggiarono il 300\u00b0 e il [&hellip;]<\/p>\n","protected":false},"author":1,"featured_media":0,"comment_status":"closed","ping_status":"open","sticky":false,"template":"","format":"standard","meta":{"ngg_post_thumbnail":0},"categories":[133,1,895],"tags":[3266,3394,3691,3693,3602,3692,3563],"_links":{"self":[{"href":"http:\/\/www.spaziotorino.it\/scatto\/index.php?rest_route=\/wp\/v2\/posts\/1425"}],"collection":[{"href":"http:\/\/www.spaziotorino.it\/scatto\/index.php?rest_route=\/wp\/v2\/posts"}],"about":[{"href":"http:\/\/www.spaziotorino.it\/scatto\/index.php?rest_route=\/wp\/v2\/types\/post"}],"author":[{"embeddable":true,"href":"http:\/\/www.spaziotorino.it\/scatto\/index.php?rest_route=\/wp\/v2\/users\/1"}],"replies":[{"embeddable":true,"href":"http:\/\/www.spaziotorino.it\/scatto\/index.php?rest_route=%2Fwp%2Fv2%2Fcomments&post=1425"}],"version-history":[{"count":7,"href":"http:\/\/www.spaziotorino.it\/scatto\/index.php?rest_route=\/wp\/v2\/posts\/1425\/revisions"}],"predecessor-version":[{"id":1432,"href":"http:\/\/www.spaziotorino.it\/scatto\/index.php?rest_route=\/wp\/v2\/posts\/1425\/revisions\/1432"}],"wp:attachment":[{"href":"http:\/\/www.spaziotorino.it\/scatto\/index.php?rest_route=%2Fwp%2Fv2%2Fmedia&parent=1425"}],"wp:term":[{"taxonomy":"category","embeddable":true,"href":"http:\/\/www.spaziotorino.it\/scatto\/index.php?rest_route=%2Fwp%2Fv2%2Fcategories&post=1425"},{"taxonomy":"post_tag","embeddable":true,"href":"http:\/\/www.spaziotorino.it\/scatto\/index.php?rest_route=%2Fwp%2Fv2%2Ftags&post=1425"}],"curies":[{"name":"wp","href":"https:\/\/api.w.org\/{rel}","templated":true}]}}