{"id":14496,"date":"2018-11-17T16:00:35","date_gmt":"2018-11-17T15:00:35","guid":{"rendered":"http:\/\/www.spaziotorino.it\/scatto\/?p=14496"},"modified":"2018-11-19T16:02:20","modified_gmt":"2018-11-19T15:02:20","slug":"prova-aperta-del-concerto-di-ezio-bosso-al-teatro-regio","status":"publish","type":"post","link":"http:\/\/www.spaziotorino.it\/scatto\/?p=14496","title":{"rendered":"Prova aperta del concerto di Ezio Bosso al Teatro Regio"},"content":{"rendered":"<p><a class=\"ngg-fancybox\" title=\"Prova aperta del concerto di Ezio Bosso al Teatro Regio \" href=\"http:\/\/www.spaziotorino.it\/scatto\/wp-content\/gallery\/2018_11_17_bosso\/pla-170395.jpg\" rel=\"89998d043ddb3062f6d3a7246d8184b8\"><br \/>\n<img decoding=\"async\" loading=\"lazy\" class=\"ngg-singlepic\" title=\"Prova aperta del concerto di Ezio Bosso al Teatro Regio \" src=\"http:\/\/www.spaziotorino.it\/scatto\/wp-content\/gallery\/2018_11_17_bosso\/pla-170395.jpg\" alt=\"\" width=\"540\" height=\"360\"\/><\/a><\/p>\n<!-- index.php -->\n<div\n\tclass=\"ngg-galleryoverview ngg-ajax-pagination-none\"\n\tid=\"ngg-gallery-2555789cce949fca722214f0a6bd4579-1\">\n\n    \t\t<!-- Thumbnails -->\n\t\t\t\t<div id=\"ngg-image-0\" class=\"ngg-gallery-thumbnail-box\" >\n\t\t\t\t        <div class=\"ngg-gallery-thumbnail\">\n            <a href=\"http:\/\/www.spaziotorino.it\/scatto\/wp-content\/gallery\/2018_11_17_bosso\/pla-170145.jpg\"\n               title=\"\"\n               data-src=\"http:\/\/www.spaziotorino.it\/scatto\/wp-content\/gallery\/2018_11_17_bosso\/pla-170145.jpg\"\n               data-thumbnail=\"http:\/\/www.spaziotorino.it\/scatto\/wp-content\/gallery\/2018_11_17_bosso\/thumbs\/thumbs_pla-170145.jpg\"\n               data-image-id=\"21787\"\n               data-title=\"pla-170145\"\n               data-description=\"\"\n               data-image-slug=\"pla-170145\"\n               class=\"ngg-fancybox\" rel=\"2555789cce949fca722214f0a6bd4579\">\n                <img\n                    title=\"pla-170145\"\n                    alt=\"pla-170145\"\n                    src=\"http:\/\/www.spaziotorino.it\/scatto\/wp-content\/gallery\/2018_11_17_bosso\/cache\/pla-170145.jpg-nggid0521787-ngg0dyn-60x60x100-00f0w010c011r110f110r010t010.jpg\"\n                    width=\"60\"\n                    height=\"60\"\n                    style=\"max-width:100%;\"\n                \/>\n            <\/a>\n        <\/div>\n\t\t\t\t\t\t\t<\/div> \n\t\t\t\n        \n\t\t\t\t<div id=\"ngg-image-1\" class=\"ngg-gallery-thumbnail-box\" >\n\t\t\t\t        <div class=\"ngg-gallery-thumbnail\">\n            <a href=\"http:\/\/www.spaziotorino.it\/scatto\/wp-content\/gallery\/2018_11_17_bosso\/pla-170171.jpg\"\n               title=\"\"\n               data-src=\"http:\/\/www.spaziotorino.it\/scatto\/wp-content\/gallery\/2018_11_17_bosso\/pla-170171.jpg\"\n               data-thumbnail=\"http:\/\/www.spaziotorino.it\/scatto\/wp-content\/gallery\/2018_11_17_bosso\/thumbs\/thumbs_pla-170171.jpg\"\n               data-image-id=\"21788\"\n               data-title=\"pla-170171\"\n               data-description=\"\"\n               data-image-slug=\"pla-170171\"\n               class=\"ngg-fancybox\" rel=\"2555789cce949fca722214f0a6bd4579\">\n                <img\n                    title=\"pla-170171\"\n                    alt=\"pla-170171\"\n                    src=\"http:\/\/www.spaziotorino.it\/scatto\/wp-content\/gallery\/2018_11_17_bosso\/cache\/pla-170171.jpg-nggid0521788-ngg0dyn-60x60x100-00f0w010c011r110f110r010t010.jpg\"\n                    width=\"60\"\n                    height=\"60\"\n                    style=\"max-width:100%;\"\n                \/>\n            <\/a>\n        <\/div>\n\t\t\t\t\t\t\t<\/div> \n\t\t\t\n        \n\t\t\t\t<div id=\"ngg-image-2\" class=\"ngg-gallery-thumbnail-box\" >\n\t\t\t\t        <div class=\"ngg-gallery-thumbnail\">\n            <a href=\"http:\/\/www.spaziotorino.it\/scatto\/wp-content\/gallery\/2018_11_17_bosso\/pla-170309.jpg\"\n               title=\"\"\n               data-src=\"http:\/\/www.spaziotorino.it\/scatto\/wp-content\/gallery\/2018_11_17_bosso\/pla-170309.jpg\"\n               data-thumbnail=\"http:\/\/www.spaziotorino.it\/scatto\/wp-content\/gallery\/2018_11_17_bosso\/thumbs\/thumbs_pla-170309.jpg\"\n               data-image-id=\"21789\"\n               data-title=\"pla-170309\"\n               data-description=\"\"\n               data-image-slug=\"pla-170309\"\n               class=\"ngg-fancybox\" rel=\"2555789cce949fca722214f0a6bd4579\">\n                <img\n                    title=\"pla-170309\"\n                    alt=\"pla-170309\"\n                    src=\"http:\/\/www.spaziotorino.it\/scatto\/wp-content\/gallery\/2018_11_17_bosso\/cache\/pla-170309.jpg-nggid0521789-ngg0dyn-60x60x100-00f0w010c011r110f110r010t010.jpg\"\n                    width=\"60\"\n                    height=\"60\"\n                    style=\"max-width:100%;\"\n                \/>\n            <\/a>\n        <\/div>\n\t\t\t\t\t\t\t<\/div> \n\t\t\t\n        \n\t\t\t\t<div id=\"ngg-image-3\" class=\"ngg-gallery-thumbnail-box\" >\n\t\t\t\t        <div class=\"ngg-gallery-thumbnail\">\n            <a href=\"http:\/\/www.spaziotorino.it\/scatto\/wp-content\/gallery\/2018_11_17_bosso\/pla-170321.jpg\"\n               title=\"\"\n               data-src=\"http:\/\/www.spaziotorino.it\/scatto\/wp-content\/gallery\/2018_11_17_bosso\/pla-170321.jpg\"\n               data-thumbnail=\"http:\/\/www.spaziotorino.it\/scatto\/wp-content\/gallery\/2018_11_17_bosso\/thumbs\/thumbs_pla-170321.jpg\"\n               data-image-id=\"21790\"\n               data-title=\"pla-170321\"\n               data-description=\"\"\n               data-image-slug=\"pla-170321\"\n               class=\"ngg-fancybox\" rel=\"2555789cce949fca722214f0a6bd4579\">\n                <img\n                    title=\"pla-170321\"\n                    alt=\"pla-170321\"\n                    src=\"http:\/\/www.spaziotorino.it\/scatto\/wp-content\/gallery\/2018_11_17_bosso\/cache\/pla-170321.jpg-nggid0521790-ngg0dyn-60x60x100-00f0w010c011r110f110r010t010.jpg\"\n                    width=\"60\"\n                    height=\"60\"\n                    style=\"max-width:100%;\"\n                \/>\n            <\/a>\n        <\/div>\n\t\t\t\t\t\t\t<\/div> \n\t\t\t\n        \n\t\t\t\t<div id=\"ngg-image-4\" class=\"ngg-gallery-thumbnail-box\" >\n\t\t\t\t        <div class=\"ngg-gallery-thumbnail\">\n            <a href=\"http:\/\/www.spaziotorino.it\/scatto\/wp-content\/gallery\/2018_11_17_bosso\/pla-170345.jpg\"\n               title=\"\"\n               data-src=\"http:\/\/www.spaziotorino.it\/scatto\/wp-content\/gallery\/2018_11_17_bosso\/pla-170345.jpg\"\n               data-thumbnail=\"http:\/\/www.spaziotorino.it\/scatto\/wp-content\/gallery\/2018_11_17_bosso\/thumbs\/thumbs_pla-170345.jpg\"\n               data-image-id=\"21791\"\n               data-title=\"pla-170345\"\n               data-description=\"\"\n               data-image-slug=\"pla-170345\"\n               class=\"ngg-fancybox\" rel=\"2555789cce949fca722214f0a6bd4579\">\n                <img\n                    title=\"pla-170345\"\n                    alt=\"pla-170345\"\n                    src=\"http:\/\/www.spaziotorino.it\/scatto\/wp-content\/gallery\/2018_11_17_bosso\/cache\/pla-170345.jpg-nggid0521791-ngg0dyn-60x60x100-00f0w010c011r110f110r010t010.jpg\"\n                    width=\"60\"\n                    height=\"60\"\n                    style=\"max-width:100%;\"\n                \/>\n            <\/a>\n        <\/div>\n\t\t\t\t\t\t\t<\/div> \n\t\t\t\n        \n\t\t\t\t<div id=\"ngg-image-5\" class=\"ngg-gallery-thumbnail-box\" >\n\t\t\t\t        <div class=\"ngg-gallery-thumbnail\">\n            <a href=\"http:\/\/www.spaziotorino.it\/scatto\/wp-content\/gallery\/2018_11_17_bosso\/pla-170367.jpg\"\n               title=\"\"\n               data-src=\"http:\/\/www.spaziotorino.it\/scatto\/wp-content\/gallery\/2018_11_17_bosso\/pla-170367.jpg\"\n               data-thumbnail=\"http:\/\/www.spaziotorino.it\/scatto\/wp-content\/gallery\/2018_11_17_bosso\/thumbs\/thumbs_pla-170367.jpg\"\n               data-image-id=\"21792\"\n               data-title=\"pla-170367\"\n               data-description=\"\"\n               data-image-slug=\"pla-170367\"\n               class=\"ngg-fancybox\" rel=\"2555789cce949fca722214f0a6bd4579\">\n                <img\n                    title=\"pla-170367\"\n                    alt=\"pla-170367\"\n                    src=\"http:\/\/www.spaziotorino.it\/scatto\/wp-content\/gallery\/2018_11_17_bosso\/cache\/pla-170367.jpg-nggid0521792-ngg0dyn-60x60x100-00f0w010c011r110f110r010t010.jpg\"\n                    width=\"60\"\n                    height=\"60\"\n                    style=\"max-width:100%;\"\n                \/>\n            <\/a>\n        <\/div>\n\t\t\t\t\t\t\t<\/div> \n\t\t\t\n        \n\t\t\t\t<div id=\"ngg-image-6\" class=\"ngg-gallery-thumbnail-box\" >\n\t\t\t\t        <div class=\"ngg-gallery-thumbnail\">\n            <a href=\"http:\/\/www.spaziotorino.it\/scatto\/wp-content\/gallery\/2018_11_17_bosso\/pla-170375.jpg\"\n               title=\"\"\n               data-src=\"http:\/\/www.spaziotorino.it\/scatto\/wp-content\/gallery\/2018_11_17_bosso\/pla-170375.jpg\"\n               data-thumbnail=\"http:\/\/www.spaziotorino.it\/scatto\/wp-content\/gallery\/2018_11_17_bosso\/thumbs\/thumbs_pla-170375.jpg\"\n               data-image-id=\"21793\"\n               data-title=\"pla-170375\"\n               data-description=\"\"\n               data-image-slug=\"pla-170375\"\n               class=\"ngg-fancybox\" rel=\"2555789cce949fca722214f0a6bd4579\">\n                <img\n                    title=\"pla-170375\"\n                    alt=\"pla-170375\"\n                    src=\"http:\/\/www.spaziotorino.it\/scatto\/wp-content\/gallery\/2018_11_17_bosso\/cache\/pla-170375.jpg-nggid0521793-ngg0dyn-60x60x100-00f0w010c011r110f110r010t010.jpg\"\n                    width=\"60\"\n                    height=\"60\"\n                    style=\"max-width:100%;\"\n                \/>\n            <\/a>\n        <\/div>\n\t\t\t\t\t\t\t<\/div> \n\t\t\t\n        \n\t\t\t\t<div id=\"ngg-image-7\" class=\"ngg-gallery-thumbnail-box\" >\n\t\t\t\t        <div class=\"ngg-gallery-thumbnail\">\n            <a href=\"http:\/\/www.spaziotorino.it\/scatto\/wp-content\/gallery\/2018_11_17_bosso\/pla-170395.jpg\"\n               title=\"\"\n               data-src=\"http:\/\/www.spaziotorino.it\/scatto\/wp-content\/gallery\/2018_11_17_bosso\/pla-170395.jpg\"\n               data-thumbnail=\"http:\/\/www.spaziotorino.it\/scatto\/wp-content\/gallery\/2018_11_17_bosso\/thumbs\/thumbs_pla-170395.jpg\"\n               data-image-id=\"21794\"\n               data-title=\"pla-170395\"\n               data-description=\"\"\n               data-image-slug=\"pla-170395\"\n               class=\"ngg-fancybox\" rel=\"2555789cce949fca722214f0a6bd4579\">\n                <img\n                    title=\"pla-170395\"\n                    alt=\"pla-170395\"\n                    src=\"http:\/\/www.spaziotorino.it\/scatto\/wp-content\/gallery\/2018_11_17_bosso\/cache\/pla-170395.jpg-nggid0521794-ngg0dyn-60x60x100-00f0w010c011r110f110r010t010.jpg\"\n                    width=\"60\"\n                    height=\"60\"\n                    style=\"max-width:100%;\"\n                \/>\n            <\/a>\n        <\/div>\n\t\t\t\t\t\t\t<\/div> \n\t\t\t\n        \n\t\t\t\t<div id=\"ngg-image-8\" class=\"ngg-gallery-thumbnail-box\" >\n\t\t\t\t        <div class=\"ngg-gallery-thumbnail\">\n            <a href=\"http:\/\/www.spaziotorino.it\/scatto\/wp-content\/gallery\/2018_11_17_bosso\/pla-170427.jpg\"\n               title=\"\"\n               data-src=\"http:\/\/www.spaziotorino.it\/scatto\/wp-content\/gallery\/2018_11_17_bosso\/pla-170427.jpg\"\n               data-thumbnail=\"http:\/\/www.spaziotorino.it\/scatto\/wp-content\/gallery\/2018_11_17_bosso\/thumbs\/thumbs_pla-170427.jpg\"\n               data-image-id=\"21795\"\n               data-title=\"pla-170427\"\n               data-description=\"\"\n               data-image-slug=\"pla-170427\"\n               class=\"ngg-fancybox\" rel=\"2555789cce949fca722214f0a6bd4579\">\n                <img\n                    title=\"pla-170427\"\n                    alt=\"pla-170427\"\n                    src=\"http:\/\/www.spaziotorino.it\/scatto\/wp-content\/gallery\/2018_11_17_bosso\/cache\/pla-170427.jpg-nggid0521795-ngg0dyn-60x60x100-00f0w010c011r110f110r010t010.jpg\"\n                    width=\"60\"\n                    height=\"60\"\n                    style=\"max-width:100%;\"\n                \/>\n            <\/a>\n        <\/div>\n\t\t\t\t\t\t\t<\/div> \n\t\t\t\n        \n\t\t\t\t<div id=\"ngg-image-9\" class=\"ngg-gallery-thumbnail-box\" >\n\t\t\t\t        <div class=\"ngg-gallery-thumbnail\">\n            <a href=\"http:\/\/www.spaziotorino.it\/scatto\/wp-content\/gallery\/2018_11_17_bosso\/pla-170439.jpg\"\n               title=\"\"\n               data-src=\"http:\/\/www.spaziotorino.it\/scatto\/wp-content\/gallery\/2018_11_17_bosso\/pla-170439.jpg\"\n               data-thumbnail=\"http:\/\/www.spaziotorino.it\/scatto\/wp-content\/gallery\/2018_11_17_bosso\/thumbs\/thumbs_pla-170439.jpg\"\n               data-image-id=\"21796\"\n               data-title=\"pla-170439\"\n               data-description=\"\"\n               data-image-slug=\"pla-170439\"\n               class=\"ngg-fancybox\" rel=\"2555789cce949fca722214f0a6bd4579\">\n                <img\n                    title=\"pla-170439\"\n                    alt=\"pla-170439\"\n                    src=\"http:\/\/www.spaziotorino.it\/scatto\/wp-content\/gallery\/2018_11_17_bosso\/cache\/pla-170439.jpg-nggid0521796-ngg0dyn-60x60x100-00f0w010c011r110f110r010t010.jpg\"\n                    width=\"60\"\n                    height=\"60\"\n                    style=\"max-width:100%;\"\n                \/>\n            <\/a>\n        <\/div>\n\t\t\t\t\t\t\t<\/div> \n\t\t\t\n        \n\t\t\n\t\t<!-- Pagination -->\n\t<div class='ngg-clear'><\/div>\t<\/div>\n\n<p><em>Sold out<\/em> per il ritorno di <strong>Ezio Bosso<\/strong> al Teatro Regio.<\/p>\n<p>Il Maestro, dopo una lunga assenza, \u00e8 tornato a dirigere l\u2019<strong>Orchestra del Teatro<\/strong>. Per l\u2019occasione, su iniziativa del Maestro, accolta dalla Citt\u00e0 di Torino e dal Teatro Regio, <strong>la prova generale del concerto, sabato 17 novembre ore 11, \u00e8 stata aperta alla cittadinanza<\/strong>.<\/p>\n<p>La musica \u00e8 condivisione, \u00e8 questo uno dei valori che <strong>Ezio Bosso<\/strong> ha da sempre sostenuto e realizzato. \u201c<em>Tornare fa sempre paura, ma tornare significa anche riportare con s\u00e9 il proprio bagaglio di esperienze e di vita trascorsa e condividere le cose imparate, le esperienze belle come quelle brutte. \u00c8 scontato dire che sono felice perch\u00e9 \u00e8 evidente, ma questa \u00e8 anche una felicit\u00e0 piena di timori. Le prove aperte sono da sempre per me un desiderio costante perch\u00e9 aumentano la possibilit\u00e0 di condivisione della musica e la capacit\u00e0 di comprensione del pubblico, quindi a maggior ragione sono felice che questa mia richiesta sia stata sposata dal Teatro e dalla Citt\u00e0 di Torino, cos\u00ec come sono grato da sempre a OperaBarolo per lo Studio Aperto che facciamo tutti gli anni e che cadr\u00e0 proprio in questi miei intensi giorni torinesi\u201d<\/em>.<\/p>\n<p><strong>Francesca Leon<\/strong>, <strong>Assessora comunale alla Cultura, dichiara<\/strong>: \u201c<em>Siamo orgogliosi e onorati della presenza di Ezio Bosso in una delle pi\u00f9 autorevoli istituzioni culturali della citt\u00e0. In programma, una&nbsp;prima esecuzione a Torino:&nbsp;Oceani, ovvero il suo Concerto per violoncello e orchestra tratto dalla&nbsp;Sinfonia n. 1 \u201cOceans\u201d,&nbsp;con&nbsp;Relja Lukic violoncello solista, e la Sinfonia n. 9 \u201cDal Nuovo Mondo\u201d di Anton\u00edn Dvo\u0159\u00e1k. A riprova dell\u2019affetto che il pubblico ha verso il compositore e direttore torinese, il concerto \u00e8 andato ben presto esaurito. Quando il Maestro ci ha comunicato che avrebbe volentieri aperto la prova generale al pubblico, per consentire a un numero maggiore di torinesi di partecipare a questo grande ed emozionante ritorno, ha trovato la nostra pronta corrispondenza. Sono dunque felice che il mattino di sabato 17 novembre, la prova aperta possa consentire ai giovani, agli studenti e alle persone che non hanno trovato posto al concerto serale, di godere di questa imperdibile opportunit\u00e0. Alle 11 inizier\u00e0 la prova generale, un appuntamento meno formale, ma non per questo meno avvincente, per chiunque voglia patecipare. Ringraziamo il Teatro Regio che ha colto questa occasione e offerto ai cittadini la possibilit\u00e0 di assistere a questo evento straordinario<\/em>\u201d.<\/p>\n<p>Il <strong>Sovrintendente del Teatro Regio,<\/strong> <strong>William Graziosi<\/strong>, in accordo con il maestro Ezio Bosso e il Comune di Torino, \u00e8 pienamente d\u2019accordo nell\u2019offrire alla cittadinanza un\u2019opportunit\u00e0 di cos\u00ec grande prestigio: \u201c<em>\u00c8 un onore e un piacere accogliere nuovamente al Regio un artista dal talento assoluto, una delle voci pi\u00f9 interessanti tra i compositori contemporanei. La storia di Ezio Bosso, torinese di nascita ma dall\u2019acclamata carriera internazionale, \u00e8 fatta di coraggio, amore per la vita e soprattutto per la musica. L\u2019apertura al pubblico di una prova del concerto, evento straordinario, rappresenta dunque un grande momento di condivisione dell\u2019arte e dei valori che Bosso incarna<\/em>\u201d.<\/p>\n","protected":false},"excerpt":{"rendered":"<p>Sold out per il ritorno di Ezio Bosso al Teatro Regio. Il Maestro, dopo una lunga assenza, \u00e8 tornato a dirigere l\u2019Orchestra del Teatro. Per l\u2019occasione, su iniziativa del Maestro, accolta dalla Citt\u00e0 di Torino e dal Teatro Regio, la prova generale del concerto, sabato 17 novembre ore 11, \u00e8 stata aperta alla cittadinanza. La [&hellip;]<\/p>\n","protected":false},"author":1,"featured_media":0,"comment_status":"closed","ping_status":"open","sticky":false,"template":"","format":"standard","meta":{"ngg_post_thumbnail":0},"categories":[1,134,154],"tags":[],"_links":{"self":[{"href":"http:\/\/www.spaziotorino.it\/scatto\/index.php?rest_route=\/wp\/v2\/posts\/14496"}],"collection":[{"href":"http:\/\/www.spaziotorino.it\/scatto\/index.php?rest_route=\/wp\/v2\/posts"}],"about":[{"href":"http:\/\/www.spaziotorino.it\/scatto\/index.php?rest_route=\/wp\/v2\/types\/post"}],"author":[{"embeddable":true,"href":"http:\/\/www.spaziotorino.it\/scatto\/index.php?rest_route=\/wp\/v2\/users\/1"}],"replies":[{"embeddable":true,"href":"http:\/\/www.spaziotorino.it\/scatto\/index.php?rest_route=%2Fwp%2Fv2%2Fcomments&post=14496"}],"version-history":[{"count":2,"href":"http:\/\/www.spaziotorino.it\/scatto\/index.php?rest_route=\/wp\/v2\/posts\/14496\/revisions"}],"predecessor-version":[{"id":14498,"href":"http:\/\/www.spaziotorino.it\/scatto\/index.php?rest_route=\/wp\/v2\/posts\/14496\/revisions\/14498"}],"wp:attachment":[{"href":"http:\/\/www.spaziotorino.it\/scatto\/index.php?rest_route=%2Fwp%2Fv2%2Fmedia&parent=14496"}],"wp:term":[{"taxonomy":"category","embeddable":true,"href":"http:\/\/www.spaziotorino.it\/scatto\/index.php?rest_route=%2Fwp%2Fv2%2Fcategories&post=14496"},{"taxonomy":"post_tag","embeddable":true,"href":"http:\/\/www.spaziotorino.it\/scatto\/index.php?rest_route=%2Fwp%2Fv2%2Ftags&post=14496"}],"curies":[{"name":"wp","href":"https:\/\/api.w.org\/{rel}","templated":true}]}}