{"id":14613,"date":"2018-11-21T18:38:48","date_gmt":"2018-11-21T17:38:48","guid":{"rendered":"http:\/\/www.spaziotorino.it\/scatto\/?p=14613"},"modified":"2018-11-22T15:41:50","modified_gmt":"2018-11-22T14:41:50","slug":"il-ministro-costa-a-torino-per-la-festa-dellalbero-in-dieci-anni-donati-dai-cittadini-654-alberi","status":"publish","type":"post","link":"http:\/\/www.spaziotorino.it\/scatto\/?p=14613","title":{"rendered":"Il ministro Costa a Torino per la Festa dell\u2019Albero. In dieci anni donati dai cittadini 654 alberi"},"content":{"rendered":"<p><a class=\"ngg-fancybox\" title=\"Il ministro Costa a Torino per la Festa dell\u2019Albero. In dieci anni donati dai cittadini 654 alberi\" href=\"http:\/\/www.spaziotorino.it\/scatto\/wp-content\/gallery\/2018_11_21_alberi\/AMA_3899.jpg\" rel=\"79ff1f89c01da9e686b37f2c7a0a7357\"><br \/>\n<img decoding=\"async\" loading=\"lazy\" class=\"ngg-singlepic\" title=\"Il ministro Costa a Torino per la Festa dell\u2019Albero. In dieci anni donati dai cittadini 654 alberi\" src=\"http:\/\/www.spaziotorino.it\/scatto\/wp-content\/gallery\/2018_11_21_alberi\/AMA_3899.jpg\" alt=\"\" width=\"540\" height=\"360\"\/><\/a><\/p>\n<!-- index.php -->\n<div\n\tclass=\"ngg-galleryoverview ngg-ajax-pagination-none\"\n\tid=\"ngg-gallery-6326278f9c9a26d402c529bf18f23a24-1\">\n\n    \t\t<!-- Thumbnails -->\n\t\t\t\t<div id=\"ngg-image-0\" class=\"ngg-gallery-thumbnail-box\" >\n\t\t\t\t        <div class=\"ngg-gallery-thumbnail\">\n            <a href=\"http:\/\/www.spaziotorino.it\/scatto\/wp-content\/gallery\/2018_11_21_alberi\/AMA_3849.jpg\"\n               title=\"\"\n               data-src=\"http:\/\/www.spaziotorino.it\/scatto\/wp-content\/gallery\/2018_11_21_alberi\/AMA_3849.jpg\"\n               data-thumbnail=\"http:\/\/www.spaziotorino.it\/scatto\/wp-content\/gallery\/2018_11_21_alberi\/thumbs\/thumbs_AMA_3849.jpg\"\n               data-image-id=\"21831\"\n               data-title=\"AMA_3849\"\n               data-description=\"\"\n               data-image-slug=\"ama_3849\"\n               class=\"ngg-fancybox\" rel=\"6326278f9c9a26d402c529bf18f23a24\">\n                <img\n                    title=\"AMA_3849\"\n                    alt=\"AMA_3849\"\n                    src=\"http:\/\/www.spaziotorino.it\/scatto\/wp-content\/gallery\/2018_11_21_alberi\/cache\/AMA_3849.jpg-nggid0521831-ngg0dyn-60x60x100-00f0w010c011r110f110r010t010.jpg\"\n                    width=\"60\"\n                    height=\"60\"\n                    style=\"max-width:100%;\"\n                \/>\n            <\/a>\n        <\/div>\n\t\t\t\t\t\t\t<\/div> \n\t\t\t\n        \n\t\t\t\t<div id=\"ngg-image-1\" class=\"ngg-gallery-thumbnail-box\" >\n\t\t\t\t        <div class=\"ngg-gallery-thumbnail\">\n            <a href=\"http:\/\/www.spaziotorino.it\/scatto\/wp-content\/gallery\/2018_11_21_alberi\/AMA_3859.jpg\"\n               title=\"\"\n               data-src=\"http:\/\/www.spaziotorino.it\/scatto\/wp-content\/gallery\/2018_11_21_alberi\/AMA_3859.jpg\"\n               data-thumbnail=\"http:\/\/www.spaziotorino.it\/scatto\/wp-content\/gallery\/2018_11_21_alberi\/thumbs\/thumbs_AMA_3859.jpg\"\n               data-image-id=\"21832\"\n               data-title=\"AMA_3859\"\n               data-description=\"\"\n               data-image-slug=\"ama_3859\"\n               class=\"ngg-fancybox\" rel=\"6326278f9c9a26d402c529bf18f23a24\">\n                <img\n                    title=\"AMA_3859\"\n                    alt=\"AMA_3859\"\n                    src=\"http:\/\/www.spaziotorino.it\/scatto\/wp-content\/gallery\/2018_11_21_alberi\/cache\/AMA_3859.jpg-nggid0521832-ngg0dyn-60x60x100-00f0w010c011r110f110r010t010.jpg\"\n                    width=\"60\"\n                    height=\"60\"\n                    style=\"max-width:100%;\"\n                \/>\n            <\/a>\n        <\/div>\n\t\t\t\t\t\t\t<\/div> \n\t\t\t\n        \n\t\t\t\t<div id=\"ngg-image-2\" class=\"ngg-gallery-thumbnail-box\" >\n\t\t\t\t        <div class=\"ngg-gallery-thumbnail\">\n            <a href=\"http:\/\/www.spaziotorino.it\/scatto\/wp-content\/gallery\/2018_11_21_alberi\/AMA_3863.jpg\"\n               title=\"\"\n               data-src=\"http:\/\/www.spaziotorino.it\/scatto\/wp-content\/gallery\/2018_11_21_alberi\/AMA_3863.jpg\"\n               data-thumbnail=\"http:\/\/www.spaziotorino.it\/scatto\/wp-content\/gallery\/2018_11_21_alberi\/thumbs\/thumbs_AMA_3863.jpg\"\n               data-image-id=\"21846\"\n               data-title=\"AMA_3863\"\n               data-description=\"\"\n               data-image-slug=\"ama_3863\"\n               class=\"ngg-fancybox\" rel=\"6326278f9c9a26d402c529bf18f23a24\">\n                <img\n                    title=\"AMA_3863\"\n                    alt=\"AMA_3863\"\n                    src=\"http:\/\/www.spaziotorino.it\/scatto\/wp-content\/gallery\/2018_11_21_alberi\/cache\/AMA_3863.jpg-nggid0521846-ngg0dyn-60x60x100-00f0w010c011r110f110r010t010.jpg\"\n                    width=\"60\"\n                    height=\"60\"\n                    style=\"max-width:100%;\"\n                \/>\n            <\/a>\n        <\/div>\n\t\t\t\t\t\t\t<\/div> \n\t\t\t\n        \n\t\t\t\t<div id=\"ngg-image-3\" class=\"ngg-gallery-thumbnail-box\" >\n\t\t\t\t        <div class=\"ngg-gallery-thumbnail\">\n            <a href=\"http:\/\/www.spaziotorino.it\/scatto\/wp-content\/gallery\/2018_11_21_alberi\/AMA_3884.jpg\"\n               title=\"\"\n               data-src=\"http:\/\/www.spaziotorino.it\/scatto\/wp-content\/gallery\/2018_11_21_alberi\/AMA_3884.jpg\"\n               data-thumbnail=\"http:\/\/www.spaziotorino.it\/scatto\/wp-content\/gallery\/2018_11_21_alberi\/thumbs\/thumbs_AMA_3884.jpg\"\n               data-image-id=\"21834\"\n               data-title=\"AMA_3884\"\n               data-description=\"\"\n               data-image-slug=\"ama_3884\"\n               class=\"ngg-fancybox\" rel=\"6326278f9c9a26d402c529bf18f23a24\">\n                <img\n                    title=\"AMA_3884\"\n                    alt=\"AMA_3884\"\n                    src=\"http:\/\/www.spaziotorino.it\/scatto\/wp-content\/gallery\/2018_11_21_alberi\/cache\/AMA_3884.jpg-nggid0521834-ngg0dyn-60x60x100-00f0w010c011r110f110r010t010.jpg\"\n                    width=\"60\"\n                    height=\"60\"\n                    style=\"max-width:100%;\"\n                \/>\n            <\/a>\n        <\/div>\n\t\t\t\t\t\t\t<\/div> \n\t\t\t\n        \n\t\t\t\t<div id=\"ngg-image-4\" class=\"ngg-gallery-thumbnail-box\" >\n\t\t\t\t        <div class=\"ngg-gallery-thumbnail\">\n            <a href=\"http:\/\/www.spaziotorino.it\/scatto\/wp-content\/gallery\/2018_11_21_alberi\/AMA_3894.jpg\"\n               title=\"\"\n               data-src=\"http:\/\/www.spaziotorino.it\/scatto\/wp-content\/gallery\/2018_11_21_alberi\/AMA_3894.jpg\"\n               data-thumbnail=\"http:\/\/www.spaziotorino.it\/scatto\/wp-content\/gallery\/2018_11_21_alberi\/thumbs\/thumbs_AMA_3894.jpg\"\n               data-image-id=\"21835\"\n               data-title=\"AMA_3894\"\n               data-description=\"\"\n               data-image-slug=\"ama_3894\"\n               class=\"ngg-fancybox\" rel=\"6326278f9c9a26d402c529bf18f23a24\">\n                <img\n                    title=\"AMA_3894\"\n                    alt=\"AMA_3894\"\n                    src=\"http:\/\/www.spaziotorino.it\/scatto\/wp-content\/gallery\/2018_11_21_alberi\/cache\/AMA_3894.jpg-nggid0521835-ngg0dyn-60x60x100-00f0w010c011r110f110r010t010.jpg\"\n                    width=\"60\"\n                    height=\"60\"\n                    style=\"max-width:100%;\"\n                \/>\n            <\/a>\n        <\/div>\n\t\t\t\t\t\t\t<\/div> \n\t\t\t\n        \n\t\t\t\t<div id=\"ngg-image-5\" class=\"ngg-gallery-thumbnail-box\" >\n\t\t\t\t        <div class=\"ngg-gallery-thumbnail\">\n            <a href=\"http:\/\/www.spaziotorino.it\/scatto\/wp-content\/gallery\/2018_11_21_alberi\/pla_0049.jpg\"\n               title=\"\"\n               data-src=\"http:\/\/www.spaziotorino.it\/scatto\/wp-content\/gallery\/2018_11_21_alberi\/pla_0049.jpg\"\n               data-thumbnail=\"http:\/\/www.spaziotorino.it\/scatto\/wp-content\/gallery\/2018_11_21_alberi\/thumbs\/thumbs_pla_0049.jpg\"\n               data-image-id=\"21837\"\n               data-title=\"pla_0049\"\n               data-description=\"\"\n               data-image-slug=\"pla_0049\"\n               class=\"ngg-fancybox\" rel=\"6326278f9c9a26d402c529bf18f23a24\">\n                <img\n                    title=\"pla_0049\"\n                    alt=\"pla_0049\"\n                    src=\"http:\/\/www.spaziotorino.it\/scatto\/wp-content\/gallery\/2018_11_21_alberi\/cache\/pla_0049.jpg-nggid0521837-ngg0dyn-60x60x100-00f0w010c011r110f110r010t010.jpg\"\n                    width=\"60\"\n                    height=\"60\"\n                    style=\"max-width:100%;\"\n                \/>\n            <\/a>\n        <\/div>\n\t\t\t\t\t\t\t<\/div> \n\t\t\t\n        \n\t\t\t\t<div id=\"ngg-image-6\" class=\"ngg-gallery-thumbnail-box\" >\n\t\t\t\t        <div class=\"ngg-gallery-thumbnail\">\n            <a href=\"http:\/\/www.spaziotorino.it\/scatto\/wp-content\/gallery\/2018_11_21_alberi\/pla_0056.jpg\"\n               title=\"\"\n               data-src=\"http:\/\/www.spaziotorino.it\/scatto\/wp-content\/gallery\/2018_11_21_alberi\/pla_0056.jpg\"\n               data-thumbnail=\"http:\/\/www.spaziotorino.it\/scatto\/wp-content\/gallery\/2018_11_21_alberi\/thumbs\/thumbs_pla_0056.jpg\"\n               data-image-id=\"21838\"\n               data-title=\"pla_0056\"\n               data-description=\"\"\n               data-image-slug=\"pla_0056\"\n               class=\"ngg-fancybox\" rel=\"6326278f9c9a26d402c529bf18f23a24\">\n                <img\n                    title=\"pla_0056\"\n                    alt=\"pla_0056\"\n                    src=\"http:\/\/www.spaziotorino.it\/scatto\/wp-content\/gallery\/2018_11_21_alberi\/cache\/pla_0056.jpg-nggid0521838-ngg0dyn-60x60x100-00f0w010c011r110f110r010t010.jpg\"\n                    width=\"60\"\n                    height=\"60\"\n                    style=\"max-width:100%;\"\n                \/>\n            <\/a>\n        <\/div>\n\t\t\t\t\t\t\t<\/div> \n\t\t\t\n        \n\t\t\t\t<div id=\"ngg-image-7\" class=\"ngg-gallery-thumbnail-box\" >\n\t\t\t\t        <div class=\"ngg-gallery-thumbnail\">\n            <a href=\"http:\/\/www.spaziotorino.it\/scatto\/wp-content\/gallery\/2018_11_21_alberi\/pla_0087.jpg\"\n               title=\"\"\n               data-src=\"http:\/\/www.spaziotorino.it\/scatto\/wp-content\/gallery\/2018_11_21_alberi\/pla_0087.jpg\"\n               data-thumbnail=\"http:\/\/www.spaziotorino.it\/scatto\/wp-content\/gallery\/2018_11_21_alberi\/thumbs\/thumbs_pla_0087.jpg\"\n               data-image-id=\"21839\"\n               data-title=\"pla_0087\"\n               data-description=\"\"\n               data-image-slug=\"pla_0087\"\n               class=\"ngg-fancybox\" rel=\"6326278f9c9a26d402c529bf18f23a24\">\n                <img\n                    title=\"pla_0087\"\n                    alt=\"pla_0087\"\n                    src=\"http:\/\/www.spaziotorino.it\/scatto\/wp-content\/gallery\/2018_11_21_alberi\/cache\/pla_0087.jpg-nggid0521839-ngg0dyn-60x60x100-00f0w010c011r110f110r010t010.jpg\"\n                    width=\"60\"\n                    height=\"60\"\n                    style=\"max-width:100%;\"\n                \/>\n            <\/a>\n        <\/div>\n\t\t\t\t\t\t\t<\/div> \n\t\t\t\n        \n\t\t\t\t<div id=\"ngg-image-8\" class=\"ngg-gallery-thumbnail-box\" >\n\t\t\t\t        <div class=\"ngg-gallery-thumbnail\">\n            <a href=\"http:\/\/www.spaziotorino.it\/scatto\/wp-content\/gallery\/2018_11_21_alberi\/pla_0101.jpg\"\n               title=\"\"\n               data-src=\"http:\/\/www.spaziotorino.it\/scatto\/wp-content\/gallery\/2018_11_21_alberi\/pla_0101.jpg\"\n               data-thumbnail=\"http:\/\/www.spaziotorino.it\/scatto\/wp-content\/gallery\/2018_11_21_alberi\/thumbs\/thumbs_pla_0101.jpg\"\n               data-image-id=\"21840\"\n               data-title=\"pla_0101\"\n               data-description=\"\"\n               data-image-slug=\"pla_0101\"\n               class=\"ngg-fancybox\" rel=\"6326278f9c9a26d402c529bf18f23a24\">\n                <img\n                    title=\"pla_0101\"\n                    alt=\"pla_0101\"\n                    src=\"http:\/\/www.spaziotorino.it\/scatto\/wp-content\/gallery\/2018_11_21_alberi\/cache\/pla_0101.jpg-nggid0521840-ngg0dyn-60x60x100-00f0w010c011r110f110r010t010.jpg\"\n                    width=\"60\"\n                    height=\"60\"\n                    style=\"max-width:100%;\"\n                \/>\n            <\/a>\n        <\/div>\n\t\t\t\t\t\t\t<\/div> \n\t\t\t\n        \n\t\t\t\t<div id=\"ngg-image-9\" class=\"ngg-gallery-thumbnail-box\" >\n\t\t\t\t        <div class=\"ngg-gallery-thumbnail\">\n            <a href=\"http:\/\/www.spaziotorino.it\/scatto\/wp-content\/gallery\/2018_11_21_alberi\/pla_0110.jpg\"\n               title=\"\"\n               data-src=\"http:\/\/www.spaziotorino.it\/scatto\/wp-content\/gallery\/2018_11_21_alberi\/pla_0110.jpg\"\n               data-thumbnail=\"http:\/\/www.spaziotorino.it\/scatto\/wp-content\/gallery\/2018_11_21_alberi\/thumbs\/thumbs_pla_0110.jpg\"\n               data-image-id=\"21841\"\n               data-title=\"pla_0110\"\n               data-description=\"\"\n               data-image-slug=\"pla_0110\"\n               class=\"ngg-fancybox\" rel=\"6326278f9c9a26d402c529bf18f23a24\">\n                <img\n                    title=\"pla_0110\"\n                    alt=\"pla_0110\"\n                    src=\"http:\/\/www.spaziotorino.it\/scatto\/wp-content\/gallery\/2018_11_21_alberi\/cache\/pla_0110.jpg-nggid0521841-ngg0dyn-60x60x100-00f0w010c011r110f110r010t010.jpg\"\n                    width=\"60\"\n                    height=\"60\"\n                    style=\"max-width:100%;\"\n                \/>\n            <\/a>\n        <\/div>\n\t\t\t\t\t\t\t<\/div> \n\t\t\t\n        \n\t\t\t\t<div id=\"ngg-image-10\" class=\"ngg-gallery-thumbnail-box\" >\n\t\t\t\t        <div class=\"ngg-gallery-thumbnail\">\n            <a href=\"http:\/\/www.spaziotorino.it\/scatto\/wp-content\/gallery\/2018_11_21_alberi\/pla_0139.jpg\"\n               title=\"\"\n               data-src=\"http:\/\/www.spaziotorino.it\/scatto\/wp-content\/gallery\/2018_11_21_alberi\/pla_0139.jpg\"\n               data-thumbnail=\"http:\/\/www.spaziotorino.it\/scatto\/wp-content\/gallery\/2018_11_21_alberi\/thumbs\/thumbs_pla_0139.jpg\"\n               data-image-id=\"21842\"\n               data-title=\"pla_0139\"\n               data-description=\"\"\n               data-image-slug=\"pla_0139\"\n               class=\"ngg-fancybox\" rel=\"6326278f9c9a26d402c529bf18f23a24\">\n                <img\n                    title=\"pla_0139\"\n                    alt=\"pla_0139\"\n                    src=\"http:\/\/www.spaziotorino.it\/scatto\/wp-content\/gallery\/2018_11_21_alberi\/cache\/pla_0139.jpg-nggid0521842-ngg0dyn-60x60x100-00f0w010c011r110f110r010t010.jpg\"\n                    width=\"60\"\n                    height=\"60\"\n                    style=\"max-width:100%;\"\n                \/>\n            <\/a>\n        <\/div>\n\t\t\t\t\t\t\t<\/div> \n\t\t\t\n        \n\t\t\t\t<div id=\"ngg-image-11\" class=\"ngg-gallery-thumbnail-box\" >\n\t\t\t\t        <div class=\"ngg-gallery-thumbnail\">\n            <a href=\"http:\/\/www.spaziotorino.it\/scatto\/wp-content\/gallery\/2018_11_21_alberi\/pla_0144.jpg\"\n               title=\"\"\n               data-src=\"http:\/\/www.spaziotorino.it\/scatto\/wp-content\/gallery\/2018_11_21_alberi\/pla_0144.jpg\"\n               data-thumbnail=\"http:\/\/www.spaziotorino.it\/scatto\/wp-content\/gallery\/2018_11_21_alberi\/thumbs\/thumbs_pla_0144.jpg\"\n               data-image-id=\"21843\"\n               data-title=\"pla_0144\"\n               data-description=\"\"\n               data-image-slug=\"pla_0144\"\n               class=\"ngg-fancybox\" rel=\"6326278f9c9a26d402c529bf18f23a24\">\n                <img\n                    title=\"pla_0144\"\n                    alt=\"pla_0144\"\n                    src=\"http:\/\/www.spaziotorino.it\/scatto\/wp-content\/gallery\/2018_11_21_alberi\/cache\/pla_0144.jpg-nggid0521843-ngg0dyn-60x60x100-00f0w010c011r110f110r010t010.jpg\"\n                    width=\"60\"\n                    height=\"60\"\n                    style=\"max-width:100%;\"\n                \/>\n            <\/a>\n        <\/div>\n\t\t\t\t\t\t\t<\/div> \n\t\t\t\n        \n\t\t\t\t<div id=\"ngg-image-12\" class=\"ngg-gallery-thumbnail-box\" >\n\t\t\t\t        <div class=\"ngg-gallery-thumbnail\">\n            <a href=\"http:\/\/www.spaziotorino.it\/scatto\/wp-content\/gallery\/2018_11_21_alberi\/pla_0157.jpg\"\n               title=\"\"\n               data-src=\"http:\/\/www.spaziotorino.it\/scatto\/wp-content\/gallery\/2018_11_21_alberi\/pla_0157.jpg\"\n               data-thumbnail=\"http:\/\/www.spaziotorino.it\/scatto\/wp-content\/gallery\/2018_11_21_alberi\/thumbs\/thumbs_pla_0157.jpg\"\n               data-image-id=\"21844\"\n               data-title=\"pla_0157\"\n               data-description=\"\"\n               data-image-slug=\"pla_0157\"\n               class=\"ngg-fancybox\" rel=\"6326278f9c9a26d402c529bf18f23a24\">\n                <img\n                    title=\"pla_0157\"\n                    alt=\"pla_0157\"\n                    src=\"http:\/\/www.spaziotorino.it\/scatto\/wp-content\/gallery\/2018_11_21_alberi\/cache\/pla_0157.jpg-nggid0521844-ngg0dyn-60x60x100-00f0w010c011r110f110r010t010.jpg\"\n                    width=\"60\"\n                    height=\"60\"\n                    style=\"max-width:100%;\"\n                \/>\n            <\/a>\n        <\/div>\n\t\t\t\t\t\t\t<\/div> \n\t\t\t\n        \n\t\t\t\t<div id=\"ngg-image-13\" class=\"ngg-gallery-thumbnail-box\" >\n\t\t\t\t        <div class=\"ngg-gallery-thumbnail\">\n            <a href=\"http:\/\/www.spaziotorino.it\/scatto\/wp-content\/gallery\/2018_11_21_alberi\/pla_0161.jpg\"\n               title=\"\"\n               data-src=\"http:\/\/www.spaziotorino.it\/scatto\/wp-content\/gallery\/2018_11_21_alberi\/pla_0161.jpg\"\n               data-thumbnail=\"http:\/\/www.spaziotorino.it\/scatto\/wp-content\/gallery\/2018_11_21_alberi\/thumbs\/thumbs_pla_0161.jpg\"\n               data-image-id=\"21845\"\n               data-title=\"pla_0161\"\n               data-description=\"\"\n               data-image-slug=\"pla_0161\"\n               class=\"ngg-fancybox\" rel=\"6326278f9c9a26d402c529bf18f23a24\">\n                <img\n                    title=\"pla_0161\"\n                    alt=\"pla_0161\"\n                    src=\"http:\/\/www.spaziotorino.it\/scatto\/wp-content\/gallery\/2018_11_21_alberi\/cache\/pla_0161.jpg-nggid0521845-ngg0dyn-60x60x100-00f0w010c011r110f110r010t010.jpg\"\n                    width=\"60\"\n                    height=\"60\"\n                    style=\"max-width:100%;\"\n                \/>\n            <\/a>\n        <\/div>\n\t\t\t\t\t\t\t<\/div> \n\t\t\t\n        \n\t\t\n\t\t<!-- Pagination -->\n\t<div class='ngg-clear'><\/div>\t<\/div>\n\n<p>Una \u201c<strong>Scuolainverde<\/strong>\u201d curata e coccolata dai bambini, che l\u2019hanno realizzata succedendosi nel tempo, con le loro maestre e con i tecnici del verde del Comune, nell\u2019arco di vent\u2019anni; una vasta area ricca di alberi e cespugli, con l\u2019orto e il frutteto, un stagno, un labirinto vegetale e un orologio solare. \u00c8 questo lo scenario scelto dal ministro dell\u2019Ambiente&nbsp;<strong>Sergio Costa<\/strong>&nbsp;per celebrare la&nbsp;<strong>Giornata internazionale dell\u2019albero<\/strong>, insieme ai bambini della&nbsp;<strong>scuola materna \u201cVittorio Veneto\u201d<\/strong>&nbsp;di via Sospello, la sindaca&nbsp;<strong>Chiara Appendino<\/strong>&nbsp;e gli assessori&nbsp;<strong>Alberto Unia<\/strong>&nbsp;e&nbsp;<strong>Federica Patti<\/strong>.<span id=\"more-80748\"><\/span><\/p>\n<p>\u201cSono contento di essere in una scuola oggi, perch\u00e9 il rispetto dell\u2019ambiente inizia dai banchi di scuola e se tutte le scuole si impegnassero a piantare alberi, i risultati si avrebbero anche in termini di concentrazione e di benessere di studenti e insegnanti\u201d, sostiene Costa, sottolineando l\u2019eccellenza torinese nella cura e nella crescita del numero di alberi.<\/p>\n<p>\u201cOggi \u2013 spiega il ministro- ricordiamo il fondamentale contributo degli alberi nella lotta ai cambiamenti climatici. Oggi in tutta Italia si tengono centinaia di iniziative di piantumazione di alberi: sono un segnale di attenzione all\u2019ambiente importante\u201d. E ha aggiunto: \u201cCi sono circa 20 miliardi di alberi in Italia, a ognuno di essi dobbiamo riconoscenza e rispetto. In questa giornata ne celebriamo il valore universale quali custodi del territorio e della nostra salute\u201d.<\/p>\n<p>Un valore sottolineato anche dalla sindaca Appendino: \u201cSe chiedete ai bambini cosa c\u2019\u00e8 di brutto in citt\u00e0, vi dicono lo smog; se chiedete loro la cosa pi\u00f9 bella vi rispondono il verde. Ecco, \u00e8 questa la strada da perseguire, quella che passa dalle due facce di una stessa medaglia, quella che porta alla crescita del verde urbano e alla riduzione dell\u2019inquinamento. E se lo dicono i bambini\u2026\u201d.<\/p>\n<p>Insieme ai \u201cpadroni\u201d del giardino il ministro ha piantato un ciliegio da fiore, scelto dai tecnici del verde nel ricco vivaio comunale di strada Manifattura Tabacchi.<\/p>\n<p>Poi il ministro si \u00e8 recato nel Palazzo di Citt\u00e0 per la consegna degli attestati ai cittadini che hanno donato un albero a un\u2019area verde nell\u2019ambito dell\u2019iniziativa \u201cRegala un albero alla tua citt\u00e0\u201d, dove ha salutato i donatori prima di ripartire per Roma.<\/p>\n<p>L\u2019assessore Alberto Unia ha poi presentato i dati delle donazioni del 2017: 44 nuovi alberi per una cifra di 11mila euro da 36 donatori di singoli alberi, messi a dimora tra marzo e aprile; molti donatori avevano gi\u00e0 donato negli anni passati, altri grazie al passa parola. In totale, dal 2008: 439 donatori, 654 alberi, euro 175.884.<\/p>\n<p>L\u2019iniziativa continua ed entro 20 dicembre \u00e8 ancora possibile presentare istanza di partecipazione, con piantamento nella primavera 2019. Informazioni sul sito&nbsp;<a href=\"http:\/\/www.comune.torino.it\/verdepubblico\/2018\/alberi18\/regala-un-albero-dal2018.shtml\" target=\"_blank\" rel=\"noopener\">http:\/\/www.comune.torino.it\/verdepubblico\/2018\/alberi18\/regala-un-albero-dal2018.shtml<\/a><\/p>\n<p>[Fonte: <a href=\"http:\/\/www.torinoclick.it\/?p=80748#!\">TorinoClick<\/a>]<\/p>\n","protected":false},"excerpt":{"rendered":"<p>Una \u201cScuolainverde\u201d curata e coccolata dai bambini, che l\u2019hanno realizzata succedendosi nel tempo, con le loro maestre e con i tecnici del verde del Comune, nell\u2019arco di vent\u2019anni; una vasta area ricca di alberi e cespugli, con l\u2019orto e il frutteto, un stagno, un labirinto vegetale e un orologio solare. \u00c8 questo lo scenario scelto [&hellip;]<\/p>\n","protected":false},"author":1,"featured_media":0,"comment_status":"closed","ping_status":"open","sticky":false,"template":"","format":"standard","meta":{"ngg_post_thumbnail":0},"categories":[1,41],"tags":[],"_links":{"self":[{"href":"http:\/\/www.spaziotorino.it\/scatto\/index.php?rest_route=\/wp\/v2\/posts\/14613"}],"collection":[{"href":"http:\/\/www.spaziotorino.it\/scatto\/index.php?rest_route=\/wp\/v2\/posts"}],"about":[{"href":"http:\/\/www.spaziotorino.it\/scatto\/index.php?rest_route=\/wp\/v2\/types\/post"}],"author":[{"embeddable":true,"href":"http:\/\/www.spaziotorino.it\/scatto\/index.php?rest_route=\/wp\/v2\/users\/1"}],"replies":[{"embeddable":true,"href":"http:\/\/www.spaziotorino.it\/scatto\/index.php?rest_route=%2Fwp%2Fv2%2Fcomments&post=14613"}],"version-history":[{"count":2,"href":"http:\/\/www.spaziotorino.it\/scatto\/index.php?rest_route=\/wp\/v2\/posts\/14613\/revisions"}],"predecessor-version":[{"id":14615,"href":"http:\/\/www.spaziotorino.it\/scatto\/index.php?rest_route=\/wp\/v2\/posts\/14613\/revisions\/14615"}],"wp:attachment":[{"href":"http:\/\/www.spaziotorino.it\/scatto\/index.php?rest_route=%2Fwp%2Fv2%2Fmedia&parent=14613"}],"wp:term":[{"taxonomy":"category","embeddable":true,"href":"http:\/\/www.spaziotorino.it\/scatto\/index.php?rest_route=%2Fwp%2Fv2%2Fcategories&post=14613"},{"taxonomy":"post_tag","embeddable":true,"href":"http:\/\/www.spaziotorino.it\/scatto\/index.php?rest_route=%2Fwp%2Fv2%2Ftags&post=14613"}],"curies":[{"name":"wp","href":"https:\/\/api.w.org\/{rel}","templated":true}]}}