{"id":14676,"date":"2018-11-22T16:25:06","date_gmt":"2018-11-22T15:25:06","guid":{"rendered":"http:\/\/www.spaziotorino.it\/scatto\/?p=14676"},"modified":"2018-11-22T16:25:06","modified_gmt":"2018-11-22T15:25:06","slug":"a-torino-un-giardino-in-memoria-di-vito-scafidi","status":"publish","type":"post","link":"http:\/\/www.spaziotorino.it\/scatto\/?p=14676","title":{"rendered":"A Torino un giardino in memoria di Vito Scafidi"},"content":{"rendered":"<p><a class=\"ngg-fancybox\" title=\"A Torino un giardino in memoria di Vito Scafidi\" href=\"http:\/\/www.spaziotorino.it\/scatto\/wp-content\/gallery\/2018_11_22_scuola\/pla_0296.jpg\" rel=\"18080d16d36e4282a0670f6c925e2cda\"><br \/>\n<img decoding=\"async\" loading=\"lazy\" class=\"ngg-singlepic\" title=\"A Torino un giardino in memoria di Vito Scafidi\" src=\"http:\/\/www.spaziotorino.it\/scatto\/wp-content\/gallery\/2018_11_22_scuola\/pla_0296.jpg\" alt=\"\" width=\"540\" height=\"360\"\/><\/a><\/p>\n<!-- index.php -->\n<div\n\tclass=\"ngg-galleryoverview ngg-ajax-pagination-none\"\n\tid=\"ngg-gallery-274029e3901e7067ee28ad03227721c1-1\">\n\n    \t\t<!-- Thumbnails -->\n\t\t\t\t<div id=\"ngg-image-0\" class=\"ngg-gallery-thumbnail-box\" >\n\t\t\t\t        <div class=\"ngg-gallery-thumbnail\">\n            <a href=\"http:\/\/www.spaziotorino.it\/scatto\/wp-content\/gallery\/2018_11_22_scuola\/pla_0176.jpg\"\n               title=\"A Torino un giardino in memoria di Vito Scafidi\"\n               data-src=\"http:\/\/www.spaziotorino.it\/scatto\/wp-content\/gallery\/2018_11_22_scuola\/pla_0176.jpg\"\n               data-thumbnail=\"http:\/\/www.spaziotorino.it\/scatto\/wp-content\/gallery\/2018_11_22_scuola\/thumbs\/thumbs_pla_0176.jpg\"\n               data-image-id=\"21847\"\n               data-title=\"A Torino un giardino in memoria di Vito Scafidi\"\n               data-description=\"A Torino un giardino in memoria di Vito Scafidi\"\n               data-image-slug=\"pla_0176\"\n               class=\"ngg-fancybox\" rel=\"274029e3901e7067ee28ad03227721c1\">\n                <img\n                    title=\"A Torino un giardino in memoria di Vito Scafidi\"\n                    alt=\"A Torino un giardino in memoria di Vito Scafidi\"\n                    src=\"http:\/\/www.spaziotorino.it\/scatto\/wp-content\/gallery\/2018_11_22_scuola\/cache\/pla_0176.jpg-nggid0521847-ngg0dyn-60x60x100-00f0w010c011r110f110r010t010.jpg\"\n                    width=\"60\"\n                    height=\"60\"\n                    style=\"max-width:100%;\"\n                \/>\n            <\/a>\n        <\/div>\n\t\t\t\t\t\t\t<\/div> \n\t\t\t\n        \n\t\t\t\t<div id=\"ngg-image-1\" class=\"ngg-gallery-thumbnail-box\" >\n\t\t\t\t        <div class=\"ngg-gallery-thumbnail\">\n            <a href=\"http:\/\/www.spaziotorino.it\/scatto\/wp-content\/gallery\/2018_11_22_scuola\/pla_0179.jpg\"\n               title=\"\"\n               data-src=\"http:\/\/www.spaziotorino.it\/scatto\/wp-content\/gallery\/2018_11_22_scuola\/pla_0179.jpg\"\n               data-thumbnail=\"http:\/\/www.spaziotorino.it\/scatto\/wp-content\/gallery\/2018_11_22_scuola\/thumbs\/thumbs_pla_0179.jpg\"\n               data-image-id=\"21848\"\n               data-title=\"pla_0179\"\n               data-description=\"\"\n               data-image-slug=\"pla_0179\"\n               class=\"ngg-fancybox\" rel=\"274029e3901e7067ee28ad03227721c1\">\n                <img\n                    title=\"pla_0179\"\n                    alt=\"pla_0179\"\n                    src=\"http:\/\/www.spaziotorino.it\/scatto\/wp-content\/gallery\/2018_11_22_scuola\/cache\/pla_0179.jpg-nggid0521848-ngg0dyn-60x60x100-00f0w010c011r110f110r010t010.jpg\"\n                    width=\"60\"\n                    height=\"60\"\n                    style=\"max-width:100%;\"\n                \/>\n            <\/a>\n        <\/div>\n\t\t\t\t\t\t\t<\/div> \n\t\t\t\n        \n\t\t\t\t<div id=\"ngg-image-2\" class=\"ngg-gallery-thumbnail-box\" >\n\t\t\t\t        <div class=\"ngg-gallery-thumbnail\">\n            <a href=\"http:\/\/www.spaziotorino.it\/scatto\/wp-content\/gallery\/2018_11_22_scuola\/pla_0208.jpg\"\n               title=\"I Gonfaloni aprono il corteo\"\n               data-src=\"http:\/\/www.spaziotorino.it\/scatto\/wp-content\/gallery\/2018_11_22_scuola\/pla_0208.jpg\"\n               data-thumbnail=\"http:\/\/www.spaziotorino.it\/scatto\/wp-content\/gallery\/2018_11_22_scuola\/thumbs\/thumbs_pla_0208.jpg\"\n               data-image-id=\"21849\"\n               data-title=\"I Gonfaloni aprono il corteo\"\n               data-description=\"I Gonfaloni aprono il corteo\"\n               data-image-slug=\"pla_0208\"\n               class=\"ngg-fancybox\" rel=\"274029e3901e7067ee28ad03227721c1\">\n                <img\n                    title=\"I Gonfaloni aprono il corteo\"\n                    alt=\"I Gonfaloni aprono il corteo\"\n                    src=\"http:\/\/www.spaziotorino.it\/scatto\/wp-content\/gallery\/2018_11_22_scuola\/cache\/pla_0208.jpg-nggid0521849-ngg0dyn-60x60x100-00f0w010c011r110f110r010t010.jpg\"\n                    width=\"60\"\n                    height=\"60\"\n                    style=\"max-width:100%;\"\n                \/>\n            <\/a>\n        <\/div>\n\t\t\t\t\t\t\t<\/div> \n\t\t\t\n        \n\t\t\t\t<div id=\"ngg-image-3\" class=\"ngg-gallery-thumbnail-box\" >\n\t\t\t\t        <div class=\"ngg-gallery-thumbnail\">\n            <a href=\"http:\/\/www.spaziotorino.it\/scatto\/wp-content\/gallery\/2018_11_22_scuola\/pla_0209.jpg\"\n               title=\"\"\n               data-src=\"http:\/\/www.spaziotorino.it\/scatto\/wp-content\/gallery\/2018_11_22_scuola\/pla_0209.jpg\"\n               data-thumbnail=\"http:\/\/www.spaziotorino.it\/scatto\/wp-content\/gallery\/2018_11_22_scuola\/thumbs\/thumbs_pla_0209.jpg\"\n               data-image-id=\"21850\"\n               data-title=\"pla_0209\"\n               data-description=\"\"\n               data-image-slug=\"pla_0209\"\n               class=\"ngg-fancybox\" rel=\"274029e3901e7067ee28ad03227721c1\">\n                <img\n                    title=\"pla_0209\"\n                    alt=\"pla_0209\"\n                    src=\"http:\/\/www.spaziotorino.it\/scatto\/wp-content\/gallery\/2018_11_22_scuola\/cache\/pla_0209.jpg-nggid0521850-ngg0dyn-60x60x100-00f0w010c011r110f110r010t010.jpg\"\n                    width=\"60\"\n                    height=\"60\"\n                    style=\"max-width:100%;\"\n                \/>\n            <\/a>\n        <\/div>\n\t\t\t\t\t\t\t<\/div> \n\t\t\t\n        \n\t\t\t\t<div id=\"ngg-image-4\" class=\"ngg-gallery-thumbnail-box\" >\n\t\t\t\t        <div class=\"ngg-gallery-thumbnail\">\n            <a href=\"http:\/\/www.spaziotorino.it\/scatto\/wp-content\/gallery\/2018_11_22_scuola\/pla_0210.jpg\"\n               title=\"\"\n               data-src=\"http:\/\/www.spaziotorino.it\/scatto\/wp-content\/gallery\/2018_11_22_scuola\/pla_0210.jpg\"\n               data-thumbnail=\"http:\/\/www.spaziotorino.it\/scatto\/wp-content\/gallery\/2018_11_22_scuola\/thumbs\/thumbs_pla_0210.jpg\"\n               data-image-id=\"21851\"\n               data-title=\"pla_0210\"\n               data-description=\"\"\n               data-image-slug=\"pla_0210\"\n               class=\"ngg-fancybox\" rel=\"274029e3901e7067ee28ad03227721c1\">\n                <img\n                    title=\"pla_0210\"\n                    alt=\"pla_0210\"\n                    src=\"http:\/\/www.spaziotorino.it\/scatto\/wp-content\/gallery\/2018_11_22_scuola\/cache\/pla_0210.jpg-nggid0521851-ngg0dyn-60x60x100-00f0w010c011r110f110r010t010.jpg\"\n                    width=\"60\"\n                    height=\"60\"\n                    style=\"max-width:100%;\"\n                \/>\n            <\/a>\n        <\/div>\n\t\t\t\t\t\t\t<\/div> \n\t\t\t\n        \n\t\t\t\t<div id=\"ngg-image-5\" class=\"ngg-gallery-thumbnail-box\" >\n\t\t\t\t        <div class=\"ngg-gallery-thumbnail\">\n            <a href=\"http:\/\/www.spaziotorino.it\/scatto\/wp-content\/gallery\/2018_11_22_scuola\/pla_0228.jpg\"\n               title=\"\"\n               data-src=\"http:\/\/www.spaziotorino.it\/scatto\/wp-content\/gallery\/2018_11_22_scuola\/pla_0228.jpg\"\n               data-thumbnail=\"http:\/\/www.spaziotorino.it\/scatto\/wp-content\/gallery\/2018_11_22_scuola\/thumbs\/thumbs_pla_0228.jpg\"\n               data-image-id=\"21852\"\n               data-title=\"pla_0228\"\n               data-description=\"\"\n               data-image-slug=\"pla_0228\"\n               class=\"ngg-fancybox\" rel=\"274029e3901e7067ee28ad03227721c1\">\n                <img\n                    title=\"pla_0228\"\n                    alt=\"pla_0228\"\n                    src=\"http:\/\/www.spaziotorino.it\/scatto\/wp-content\/gallery\/2018_11_22_scuola\/cache\/pla_0228.jpg-nggid0521852-ngg0dyn-60x60x100-00f0w010c011r110f110r010t010.jpg\"\n                    width=\"60\"\n                    height=\"60\"\n                    style=\"max-width:100%;\"\n                \/>\n            <\/a>\n        <\/div>\n\t\t\t\t\t\t\t<\/div> \n\t\t\t\n        \n\t\t\t\t<div id=\"ngg-image-6\" class=\"ngg-gallery-thumbnail-box\" >\n\t\t\t\t        <div class=\"ngg-gallery-thumbnail\">\n            <a href=\"http:\/\/www.spaziotorino.it\/scatto\/wp-content\/gallery\/2018_11_22_scuola\/pla_0229.jpg\"\n               title=\"\"\n               data-src=\"http:\/\/www.spaziotorino.it\/scatto\/wp-content\/gallery\/2018_11_22_scuola\/pla_0229.jpg\"\n               data-thumbnail=\"http:\/\/www.spaziotorino.it\/scatto\/wp-content\/gallery\/2018_11_22_scuola\/thumbs\/thumbs_pla_0229.jpg\"\n               data-image-id=\"21853\"\n               data-title=\"pla_0229\"\n               data-description=\"\"\n               data-image-slug=\"pla_0229\"\n               class=\"ngg-fancybox\" rel=\"274029e3901e7067ee28ad03227721c1\">\n                <img\n                    title=\"pla_0229\"\n                    alt=\"pla_0229\"\n                    src=\"http:\/\/www.spaziotorino.it\/scatto\/wp-content\/gallery\/2018_11_22_scuola\/cache\/pla_0229.jpg-nggid0521853-ngg0dyn-60x60x100-00f0w010c011r110f110r010t010.jpg\"\n                    width=\"60\"\n                    height=\"60\"\n                    style=\"max-width:100%;\"\n                \/>\n            <\/a>\n        <\/div>\n\t\t\t\t\t\t\t<\/div> \n\t\t\t\n        \n\t\t\t\t<div id=\"ngg-image-7\" class=\"ngg-gallery-thumbnail-box\" >\n\t\t\t\t        <div class=\"ngg-gallery-thumbnail\">\n            <a href=\"http:\/\/www.spaziotorino.it\/scatto\/wp-content\/gallery\/2018_11_22_scuola\/pla_0237.jpg\"\n               title=\"\"\n               data-src=\"http:\/\/www.spaziotorino.it\/scatto\/wp-content\/gallery\/2018_11_22_scuola\/pla_0237.jpg\"\n               data-thumbnail=\"http:\/\/www.spaziotorino.it\/scatto\/wp-content\/gallery\/2018_11_22_scuola\/thumbs\/thumbs_pla_0237.jpg\"\n               data-image-id=\"21854\"\n               data-title=\"pla_0237\"\n               data-description=\"\"\n               data-image-slug=\"pla_0237\"\n               class=\"ngg-fancybox\" rel=\"274029e3901e7067ee28ad03227721c1\">\n                <img\n                    title=\"pla_0237\"\n                    alt=\"pla_0237\"\n                    src=\"http:\/\/www.spaziotorino.it\/scatto\/wp-content\/gallery\/2018_11_22_scuola\/cache\/pla_0237.jpg-nggid0521854-ngg0dyn-60x60x100-00f0w010c011r110f110r010t010.jpg\"\n                    width=\"60\"\n                    height=\"60\"\n                    style=\"max-width:100%;\"\n                \/>\n            <\/a>\n        <\/div>\n\t\t\t\t\t\t\t<\/div> \n\t\t\t\n        \n\t\t\t\t<div id=\"ngg-image-8\" class=\"ngg-gallery-thumbnail-box\" >\n\t\t\t\t        <div class=\"ngg-gallery-thumbnail\">\n            <a href=\"http:\/\/www.spaziotorino.it\/scatto\/wp-content\/gallery\/2018_11_22_scuola\/pla_0241.jpg\"\n               title=\"\"\n               data-src=\"http:\/\/www.spaziotorino.it\/scatto\/wp-content\/gallery\/2018_11_22_scuola\/pla_0241.jpg\"\n               data-thumbnail=\"http:\/\/www.spaziotorino.it\/scatto\/wp-content\/gallery\/2018_11_22_scuola\/thumbs\/thumbs_pla_0241.jpg\"\n               data-image-id=\"21855\"\n               data-title=\"pla_0241\"\n               data-description=\"\"\n               data-image-slug=\"pla_0241\"\n               class=\"ngg-fancybox\" rel=\"274029e3901e7067ee28ad03227721c1\">\n                <img\n                    title=\"pla_0241\"\n                    alt=\"pla_0241\"\n                    src=\"http:\/\/www.spaziotorino.it\/scatto\/wp-content\/gallery\/2018_11_22_scuola\/cache\/pla_0241.jpg-nggid0521855-ngg0dyn-60x60x100-00f0w010c011r110f110r010t010.jpg\"\n                    width=\"60\"\n                    height=\"60\"\n                    style=\"max-width:100%;\"\n                \/>\n            <\/a>\n        <\/div>\n\t\t\t\t\t\t\t<\/div> \n\t\t\t\n        \n\t\t\t\t<div id=\"ngg-image-9\" class=\"ngg-gallery-thumbnail-box\" >\n\t\t\t\t        <div class=\"ngg-gallery-thumbnail\">\n            <a href=\"http:\/\/www.spaziotorino.it\/scatto\/wp-content\/gallery\/2018_11_22_scuola\/pla_0251.jpg\"\n               title=\"\"\n               data-src=\"http:\/\/www.spaziotorino.it\/scatto\/wp-content\/gallery\/2018_11_22_scuola\/pla_0251.jpg\"\n               data-thumbnail=\"http:\/\/www.spaziotorino.it\/scatto\/wp-content\/gallery\/2018_11_22_scuola\/thumbs\/thumbs_pla_0251.jpg\"\n               data-image-id=\"21856\"\n               data-title=\"pla_0251\"\n               data-description=\"\"\n               data-image-slug=\"pla_0251\"\n               class=\"ngg-fancybox\" rel=\"274029e3901e7067ee28ad03227721c1\">\n                <img\n                    title=\"pla_0251\"\n                    alt=\"pla_0251\"\n                    src=\"http:\/\/www.spaziotorino.it\/scatto\/wp-content\/gallery\/2018_11_22_scuola\/cache\/pla_0251.jpg-nggid0521856-ngg0dyn-60x60x100-00f0w010c011r110f110r010t010.jpg\"\n                    width=\"60\"\n                    height=\"60\"\n                    style=\"max-width:100%;\"\n                \/>\n            <\/a>\n        <\/div>\n\t\t\t\t\t\t\t<\/div> \n\t\t\t\n        \n\t\t\t\t<div id=\"ngg-image-10\" class=\"ngg-gallery-thumbnail-box\" >\n\t\t\t\t        <div class=\"ngg-gallery-thumbnail\">\n            <a href=\"http:\/\/www.spaziotorino.it\/scatto\/wp-content\/gallery\/2018_11_22_scuola\/pla_0270.jpg\"\n               title=\"Il Tricolore copre la targa in memoria di Vito Scafidi\"\n               data-src=\"http:\/\/www.spaziotorino.it\/scatto\/wp-content\/gallery\/2018_11_22_scuola\/pla_0270.jpg\"\n               data-thumbnail=\"http:\/\/www.spaziotorino.it\/scatto\/wp-content\/gallery\/2018_11_22_scuola\/thumbs\/thumbs_pla_0270.jpg\"\n               data-image-id=\"21857\"\n               data-title=\"Il Tricolore copre la targa in memoria di Vito Scafidi\"\n               data-description=\"Il Tricolore copre la targa in memoria di Vito Scafidi\"\n               data-image-slug=\"pla_0270\"\n               class=\"ngg-fancybox\" rel=\"274029e3901e7067ee28ad03227721c1\">\n                <img\n                    title=\"Il Tricolore copre la targa in memoria di Vito Scafidi\"\n                    alt=\"Il Tricolore copre la targa in memoria di Vito Scafidi\"\n                    src=\"http:\/\/www.spaziotorino.it\/scatto\/wp-content\/gallery\/2018_11_22_scuola\/cache\/pla_0270.jpg-nggid0521857-ngg0dyn-60x60x100-00f0w010c011r110f110r010t010.jpg\"\n                    width=\"60\"\n                    height=\"60\"\n                    style=\"max-width:100%;\"\n                \/>\n            <\/a>\n        <\/div>\n\t\t\t\t\t\t\t<\/div> \n\t\t\t\n        \n\t\t\t\t<div id=\"ngg-image-11\" class=\"ngg-gallery-thumbnail-box\" >\n\t\t\t\t        <div class=\"ngg-gallery-thumbnail\">\n            <a href=\"http:\/\/www.spaziotorino.it\/scatto\/wp-content\/gallery\/2018_11_22_scuola\/pla_0278.jpg\"\n               title=\"Il corteo giunge in piazza Chiaves\"\n               data-src=\"http:\/\/www.spaziotorino.it\/scatto\/wp-content\/gallery\/2018_11_22_scuola\/pla_0278.jpg\"\n               data-thumbnail=\"http:\/\/www.spaziotorino.it\/scatto\/wp-content\/gallery\/2018_11_22_scuola\/thumbs\/thumbs_pla_0278.jpg\"\n               data-image-id=\"21858\"\n               data-title=\"Il corteo giunge in piazza Chiaves\"\n               data-description=\"Il corteo giunge in piazza Chiaves\"\n               data-image-slug=\"pla_0278\"\n               class=\"ngg-fancybox\" rel=\"274029e3901e7067ee28ad03227721c1\">\n                <img\n                    title=\"Il corteo giunge in piazza Chiaves\"\n                    alt=\"Il corteo giunge in piazza Chiaves\"\n                    src=\"http:\/\/www.spaziotorino.it\/scatto\/wp-content\/gallery\/2018_11_22_scuola\/cache\/pla_0278.jpg-nggid0521858-ngg0dyn-60x60x100-00f0w010c011r110f110r010t010.jpg\"\n                    width=\"60\"\n                    height=\"60\"\n                    style=\"max-width:100%;\"\n                \/>\n            <\/a>\n        <\/div>\n\t\t\t\t\t\t\t<\/div> \n\t\t\t\n        \n\t\t\t\t<div id=\"ngg-image-12\" class=\"ngg-gallery-thumbnail-box\" >\n\t\t\t\t        <div class=\"ngg-gallery-thumbnail\">\n            <a href=\"http:\/\/www.spaziotorino.it\/scatto\/wp-content\/gallery\/2018_11_22_scuola\/pla_0314.jpg\"\n               title=\"\"\n               data-src=\"http:\/\/www.spaziotorino.it\/scatto\/wp-content\/gallery\/2018_11_22_scuola\/pla_0314.jpg\"\n               data-thumbnail=\"http:\/\/www.spaziotorino.it\/scatto\/wp-content\/gallery\/2018_11_22_scuola\/thumbs\/thumbs_pla_0314.jpg\"\n               data-image-id=\"21860\"\n               data-title=\"pla_0314\"\n               data-description=\"\"\n               data-image-slug=\"pla_0314\"\n               class=\"ngg-fancybox\" rel=\"274029e3901e7067ee28ad03227721c1\">\n                <img\n                    title=\"pla_0314\"\n                    alt=\"pla_0314\"\n                    src=\"http:\/\/www.spaziotorino.it\/scatto\/wp-content\/gallery\/2018_11_22_scuola\/cache\/pla_0314.jpg-nggid0521860-ngg0dyn-60x60x100-00f0w010c011r110f110r010t010.jpg\"\n                    width=\"60\"\n                    height=\"60\"\n                    style=\"max-width:100%;\"\n                \/>\n            <\/a>\n        <\/div>\n\t\t\t\t\t\t\t<\/div> \n\t\t\t\n        \n\t\t\t\t<div id=\"ngg-image-13\" class=\"ngg-gallery-thumbnail-box\" >\n\t\t\t\t        <div class=\"ngg-gallery-thumbnail\">\n            <a href=\"http:\/\/www.spaziotorino.it\/scatto\/wp-content\/gallery\/2018_11_22_scuola\/pla_0324.jpg\"\n               title=\"\"\n               data-src=\"http:\/\/www.spaziotorino.it\/scatto\/wp-content\/gallery\/2018_11_22_scuola\/pla_0324.jpg\"\n               data-thumbnail=\"http:\/\/www.spaziotorino.it\/scatto\/wp-content\/gallery\/2018_11_22_scuola\/thumbs\/thumbs_pla_0324.jpg\"\n               data-image-id=\"21861\"\n               data-title=\"pla_0324\"\n               data-description=\"\"\n               data-image-slug=\"pla_0324\"\n               class=\"ngg-fancybox\" rel=\"274029e3901e7067ee28ad03227721c1\">\n                <img\n                    title=\"pla_0324\"\n                    alt=\"pla_0324\"\n                    src=\"http:\/\/www.spaziotorino.it\/scatto\/wp-content\/gallery\/2018_11_22_scuola\/cache\/pla_0324.jpg-nggid0521861-ngg0dyn-60x60x100-00f0w010c011r110f110r010t010.jpg\"\n                    width=\"60\"\n                    height=\"60\"\n                    style=\"max-width:100%;\"\n                \/>\n            <\/a>\n        <\/div>\n\t\t\t\t\t\t\t<\/div> \n\t\t\t\n        \n\t\t\t\t<div id=\"ngg-image-14\" class=\"ngg-gallery-thumbnail-box\" >\n\t\t\t\t        <div class=\"ngg-gallery-thumbnail\">\n            <a href=\"http:\/\/www.spaziotorino.it\/scatto\/wp-content\/gallery\/2018_11_22_scuola\/pla_0326.jpg\"\n               title=\"Enzo Lavolta\"\n               data-src=\"http:\/\/www.spaziotorino.it\/scatto\/wp-content\/gallery\/2018_11_22_scuola\/pla_0326.jpg\"\n               data-thumbnail=\"http:\/\/www.spaziotorino.it\/scatto\/wp-content\/gallery\/2018_11_22_scuola\/thumbs\/thumbs_pla_0326.jpg\"\n               data-image-id=\"21862\"\n               data-title=\"Enzo Lavolta\"\n               data-description=\"Enzo Lavolta\"\n               data-image-slug=\"pla_0326\"\n               class=\"ngg-fancybox\" rel=\"274029e3901e7067ee28ad03227721c1\">\n                <img\n                    title=\"Enzo Lavolta\"\n                    alt=\"Enzo Lavolta\"\n                    src=\"http:\/\/www.spaziotorino.it\/scatto\/wp-content\/gallery\/2018_11_22_scuola\/cache\/pla_0326.jpg-nggid0521862-ngg0dyn-60x60x100-00f0w010c011r110f110r010t010.jpg\"\n                    width=\"60\"\n                    height=\"60\"\n                    style=\"max-width:100%;\"\n                \/>\n            <\/a>\n        <\/div>\n\t\t\t\t\t\t\t<\/div> \n\t\t\t\n        \n\t\t\t\t<div id=\"ngg-image-15\" class=\"ngg-gallery-thumbnail-box\" >\n\t\t\t\t        <div class=\"ngg-gallery-thumbnail\">\n            <a href=\"http:\/\/www.spaziotorino.it\/scatto\/wp-content\/gallery\/2018_11_22_scuola\/pla_0330.jpg\"\n               title=\"\"\n               data-src=\"http:\/\/www.spaziotorino.it\/scatto\/wp-content\/gallery\/2018_11_22_scuola\/pla_0330.jpg\"\n               data-thumbnail=\"http:\/\/www.spaziotorino.it\/scatto\/wp-content\/gallery\/2018_11_22_scuola\/thumbs\/thumbs_pla_0330.jpg\"\n               data-image-id=\"21863\"\n               data-title=\"pla_0330\"\n               data-description=\"\"\n               data-image-slug=\"pla_0330\"\n               class=\"ngg-fancybox\" rel=\"274029e3901e7067ee28ad03227721c1\">\n                <img\n                    title=\"pla_0330\"\n                    alt=\"pla_0330\"\n                    src=\"http:\/\/www.spaziotorino.it\/scatto\/wp-content\/gallery\/2018_11_22_scuola\/cache\/pla_0330.jpg-nggid0521863-ngg0dyn-60x60x100-00f0w010c011r110f110r010t010.jpg\"\n                    width=\"60\"\n                    height=\"60\"\n                    style=\"max-width:100%;\"\n                \/>\n            <\/a>\n        <\/div>\n\t\t\t\t\t\t\t<\/div> \n\t\t\t\n        \n\t\t\t\t<div id=\"ngg-image-16\" class=\"ngg-gallery-thumbnail-box\" >\n\t\t\t\t        <div class=\"ngg-gallery-thumbnail\">\n            <a href=\"http:\/\/www.spaziotorino.it\/scatto\/wp-content\/gallery\/2018_11_22_scuola\/pla_0339.jpg\"\n               title=\"Le panchine decorate dai ragazzi del Primo Liceo Artistico\"\n               data-src=\"http:\/\/www.spaziotorino.it\/scatto\/wp-content\/gallery\/2018_11_22_scuola\/pla_0339.jpg\"\n               data-thumbnail=\"http:\/\/www.spaziotorino.it\/scatto\/wp-content\/gallery\/2018_11_22_scuola\/thumbs\/thumbs_pla_0339.jpg\"\n               data-image-id=\"21864\"\n               data-title=\"Le panchine decorate dai ragazzi del Primo Liceo Artistico\"\n               data-description=\"Le panchine decorate dai ragazzi del Primo Liceo Artistico\"\n               data-image-slug=\"pla_0339\"\n               class=\"ngg-fancybox\" rel=\"274029e3901e7067ee28ad03227721c1\">\n                <img\n                    title=\"Le panchine decorate dai ragazzi del Primo Liceo Artistico\"\n                    alt=\"Le panchine decorate dai ragazzi del Primo Liceo Artistico\"\n                    src=\"http:\/\/www.spaziotorino.it\/scatto\/wp-content\/gallery\/2018_11_22_scuola\/cache\/pla_0339.jpg-nggid0521864-ngg0dyn-60x60x100-00f0w010c011r110f110r010t010.jpg\"\n                    width=\"60\"\n                    height=\"60\"\n                    style=\"max-width:100%;\"\n                \/>\n            <\/a>\n        <\/div>\n\t\t\t\t\t\t\t<\/div> \n\t\t\t\n        \n\t\t\t\t<div id=\"ngg-image-17\" class=\"ngg-gallery-thumbnail-box\" >\n\t\t\t\t        <div class=\"ngg-gallery-thumbnail\">\n            <a href=\"http:\/\/www.spaziotorino.it\/scatto\/wp-content\/gallery\/2018_11_22_scuola\/pla_0340.jpg\"\n               title=\"Le panchine decorate dai ragazzi del Primo Liceo Artistico\"\n               data-src=\"http:\/\/www.spaziotorino.it\/scatto\/wp-content\/gallery\/2018_11_22_scuola\/pla_0340.jpg\"\n               data-thumbnail=\"http:\/\/www.spaziotorino.it\/scatto\/wp-content\/gallery\/2018_11_22_scuola\/thumbs\/thumbs_pla_0340.jpg\"\n               data-image-id=\"21865\"\n               data-title=\"Le panchine decorate dai ragazzi del Primo Liceo Artistico\"\n               data-description=\"Le panchine decorate dai ragazzi del Primo Liceo Artistico\"\n               data-image-slug=\"pla_0340\"\n               class=\"ngg-fancybox\" rel=\"274029e3901e7067ee28ad03227721c1\">\n                <img\n                    title=\"Le panchine decorate dai ragazzi del Primo Liceo Artistico\"\n                    alt=\"Le panchine decorate dai ragazzi del Primo Liceo Artistico\"\n                    src=\"http:\/\/www.spaziotorino.it\/scatto\/wp-content\/gallery\/2018_11_22_scuola\/cache\/pla_0340.jpg-nggid0521865-ngg0dyn-60x60x100-00f0w010c011r110f110r010t010.jpg\"\n                    width=\"60\"\n                    height=\"60\"\n                    style=\"max-width:100%;\"\n                \/>\n            <\/a>\n        <\/div>\n\t\t\t\t\t\t\t<\/div> \n\t\t\t\n        \n\t\t\t\t<div id=\"ngg-image-18\" class=\"ngg-gallery-thumbnail-box\" >\n\t\t\t\t        <div class=\"ngg-gallery-thumbnail\">\n            <a href=\"http:\/\/www.spaziotorino.it\/scatto\/wp-content\/gallery\/2018_11_22_scuola\/pla_0344.jpg\"\n               title=\"Le panchine decorate dai ragazzi del Primo Liceo Artistico\"\n               data-src=\"http:\/\/www.spaziotorino.it\/scatto\/wp-content\/gallery\/2018_11_22_scuola\/pla_0344.jpg\"\n               data-thumbnail=\"http:\/\/www.spaziotorino.it\/scatto\/wp-content\/gallery\/2018_11_22_scuola\/thumbs\/thumbs_pla_0344.jpg\"\n               data-image-id=\"21866\"\n               data-title=\"Le panchine decorate dai ragazzi del Primo Liceo Artistico\"\n               data-description=\"Le panchine decorate dai ragazzi del Primo Liceo Artistico\"\n               data-image-slug=\"pla_0344\"\n               class=\"ngg-fancybox\" rel=\"274029e3901e7067ee28ad03227721c1\">\n                <img\n                    title=\"Le panchine decorate dai ragazzi del Primo Liceo Artistico\"\n                    alt=\"Le panchine decorate dai ragazzi del Primo Liceo Artistico\"\n                    src=\"http:\/\/www.spaziotorino.it\/scatto\/wp-content\/gallery\/2018_11_22_scuola\/cache\/pla_0344.jpg-nggid0521866-ngg0dyn-60x60x100-00f0w010c011r110f110r010t010.jpg\"\n                    width=\"60\"\n                    height=\"60\"\n                    style=\"max-width:100%;\"\n                \/>\n            <\/a>\n        <\/div>\n\t\t\t\t\t\t\t<\/div> \n\t\t\t\n        \n\t\t\t\t<div id=\"ngg-image-19\" class=\"ngg-gallery-thumbnail-box\" >\n\t\t\t\t        <div class=\"ngg-gallery-thumbnail\">\n            <a href=\"http:\/\/www.spaziotorino.it\/scatto\/wp-content\/gallery\/2018_11_22_scuola\/pla_0348.jpg\"\n               title=\"Gianna Pentenero, assessora all\u2019Istruzione della Regione Piemonte\"\n               data-src=\"http:\/\/www.spaziotorino.it\/scatto\/wp-content\/gallery\/2018_11_22_scuola\/pla_0348.jpg\"\n               data-thumbnail=\"http:\/\/www.spaziotorino.it\/scatto\/wp-content\/gallery\/2018_11_22_scuola\/thumbs\/thumbs_pla_0348.jpg\"\n               data-image-id=\"21867\"\n               data-title=\"Gianna Pentenero, assessora all\u2019Istruzione della Regione Piemonte\"\n               data-description=\"Gianna Pentenero, assessora all\u2019Istruzione della Regione Piemonte\"\n               data-image-slug=\"pla_0348\"\n               class=\"ngg-fancybox\" rel=\"274029e3901e7067ee28ad03227721c1\">\n                <img\n                    title=\"Gianna Pentenero, assessora all\u2019Istruzione della Regione Piemonte\"\n                    alt=\"Gianna Pentenero, assessora all\u2019Istruzione della Regione Piemonte\"\n                    src=\"http:\/\/www.spaziotorino.it\/scatto\/wp-content\/gallery\/2018_11_22_scuola\/cache\/pla_0348.jpg-nggid0521867-ngg0dyn-60x60x100-00f0w010c011r110f110r010t010.jpg\"\n                    width=\"60\"\n                    height=\"60\"\n                    style=\"max-width:100%;\"\n                \/>\n            <\/a>\n        <\/div>\n\t\t\t\t\t\t\t<\/div> \n\t\t\t\n        \n\t\t\t\t<div id=\"ngg-image-20\" class=\"ngg-gallery-thumbnail-box\" >\n\t\t\t\t        <div class=\"ngg-gallery-thumbnail\">\n            <a href=\"http:\/\/www.spaziotorino.it\/scatto\/wp-content\/gallery\/2018_11_22_scuola\/pla_0364.jpg\"\n               title=\"Luca Deri, Presidente della Circoscrizione 7\"\n               data-src=\"http:\/\/www.spaziotorino.it\/scatto\/wp-content\/gallery\/2018_11_22_scuola\/pla_0364.jpg\"\n               data-thumbnail=\"http:\/\/www.spaziotorino.it\/scatto\/wp-content\/gallery\/2018_11_22_scuola\/thumbs\/thumbs_pla_0364.jpg\"\n               data-image-id=\"21868\"\n               data-title=\"Luca Deri, Presidente della Circoscrizione 7\"\n               data-description=\"Luca Deri, Presidente della Circoscrizione 7\"\n               data-image-slug=\"pla_0364\"\n               class=\"ngg-fancybox\" rel=\"274029e3901e7067ee28ad03227721c1\">\n                <img\n                    title=\"Luca Deri, Presidente della Circoscrizione 7\"\n                    alt=\"Luca Deri, Presidente della Circoscrizione 7\"\n                    src=\"http:\/\/www.spaziotorino.it\/scatto\/wp-content\/gallery\/2018_11_22_scuola\/cache\/pla_0364.jpg-nggid0521868-ngg0dyn-60x60x100-00f0w010c011r110f110r010t010.jpg\"\n                    width=\"60\"\n                    height=\"60\"\n                    style=\"max-width:100%;\"\n                \/>\n            <\/a>\n        <\/div>\n\t\t\t\t\t\t\t<\/div> \n\t\t\t\n        \n\t\t\t\t<div id=\"ngg-image-21\" class=\"ngg-gallery-thumbnail-box\" >\n\t\t\t\t        <div class=\"ngg-gallery-thumbnail\">\n            <a href=\"http:\/\/www.spaziotorino.it\/scatto\/wp-content\/gallery\/2018_11_22_scuola\/pla_0374.jpg\"\n               title=\"Davide Mattiello, Deputato della Repubblica Italiana e fondatore di Acmos onlus\"\n               data-src=\"http:\/\/www.spaziotorino.it\/scatto\/wp-content\/gallery\/2018_11_22_scuola\/pla_0374.jpg\"\n               data-thumbnail=\"http:\/\/www.spaziotorino.it\/scatto\/wp-content\/gallery\/2018_11_22_scuola\/thumbs\/thumbs_pla_0374.jpg\"\n               data-image-id=\"21869\"\n               data-title=\"Davide Mattiello, Deputato della Repubblica Italiana e fondatore di Acmos onlus\"\n               data-description=\"Davide Mattiello, Deputato della Repubblica Italiana e fondatore di Acmos onlus\"\n               data-image-slug=\"pla_0374\"\n               class=\"ngg-fancybox\" rel=\"274029e3901e7067ee28ad03227721c1\">\n                <img\n                    title=\"Davide Mattiello, Deputato della Repubblica Italiana e fondatore di Acmos onlus\"\n                    alt=\"Davide Mattiello, Deputato della Repubblica Italiana e fondatore di Acmos onlus\"\n                    src=\"http:\/\/www.spaziotorino.it\/scatto\/wp-content\/gallery\/2018_11_22_scuola\/cache\/pla_0374.jpg-nggid0521869-ngg0dyn-60x60x100-00f0w010c011r110f110r010t010.jpg\"\n                    width=\"60\"\n                    height=\"60\"\n                    style=\"max-width:100%;\"\n                \/>\n            <\/a>\n        <\/div>\n\t\t\t\t\t\t\t<\/div> \n\t\t\t\n        \n\t\t\t\t<div id=\"ngg-image-22\" class=\"ngg-gallery-thumbnail-box\" >\n\t\t\t\t        <div class=\"ngg-gallery-thumbnail\">\n            <a href=\"http:\/\/www.spaziotorino.it\/scatto\/wp-content\/gallery\/2018_11_22_scuola\/pla_0408.jpg\"\n               title=\"La mamma di Vito Scafidi, Cinzia Caggiano\"\n               data-src=\"http:\/\/www.spaziotorino.it\/scatto\/wp-content\/gallery\/2018_11_22_scuola\/pla_0408.jpg\"\n               data-thumbnail=\"http:\/\/www.spaziotorino.it\/scatto\/wp-content\/gallery\/2018_11_22_scuola\/thumbs\/thumbs_pla_0408.jpg\"\n               data-image-id=\"21870\"\n               data-title=\"La mamma di Vito Scafidi, Cinzia Caggiano\"\n               data-description=\"La mamma di Vito Scafidi, Cinzia Caggiano\"\n               data-image-slug=\"pla_0408\"\n               class=\"ngg-fancybox\" rel=\"274029e3901e7067ee28ad03227721c1\">\n                <img\n                    title=\"La mamma di Vito Scafidi, Cinzia Caggiano\"\n                    alt=\"La mamma di Vito Scafidi, Cinzia Caggiano\"\n                    src=\"http:\/\/www.spaziotorino.it\/scatto\/wp-content\/gallery\/2018_11_22_scuola\/cache\/pla_0408.jpg-nggid0521870-ngg0dyn-60x60x100-00f0w010c011r110f110r010t010.jpg\"\n                    width=\"60\"\n                    height=\"60\"\n                    style=\"max-width:100%;\"\n                \/>\n            <\/a>\n        <\/div>\n\t\t\t\t\t\t\t<\/div> \n\t\t\t\n        \n\t\t\t\t<div id=\"ngg-image-23\" class=\"ngg-gallery-thumbnail-box\" >\n\t\t\t\t        <div class=\"ngg-gallery-thumbnail\">\n            <a href=\"http:\/\/www.spaziotorino.it\/scatto\/wp-content\/gallery\/2018_11_22_scuola\/pla_0423.jpg\"\n               title=\"Chiara Appendino\"\n               data-src=\"http:\/\/www.spaziotorino.it\/scatto\/wp-content\/gallery\/2018_11_22_scuola\/pla_0423.jpg\"\n               data-thumbnail=\"http:\/\/www.spaziotorino.it\/scatto\/wp-content\/gallery\/2018_11_22_scuola\/thumbs\/thumbs_pla_0423.jpg\"\n               data-image-id=\"21871\"\n               data-title=\"Chiara Appendino\"\n               data-description=\"Chiara Appendino\"\n               data-image-slug=\"pla_0423\"\n               class=\"ngg-fancybox\" rel=\"274029e3901e7067ee28ad03227721c1\">\n                <img\n                    title=\"Chiara Appendino\"\n                    alt=\"Chiara Appendino\"\n                    src=\"http:\/\/www.spaziotorino.it\/scatto\/wp-content\/gallery\/2018_11_22_scuola\/cache\/pla_0423.jpg-nggid0521871-ngg0dyn-60x60x100-00f0w010c011r110f110r010t010.jpg\"\n                    width=\"60\"\n                    height=\"60\"\n                    style=\"max-width:100%;\"\n                \/>\n            <\/a>\n        <\/div>\n\t\t\t\t\t\t\t<\/div> \n\t\t\t\n        \n\t\t\t\t<div id=\"ngg-image-24\" class=\"ngg-gallery-thumbnail-box\" >\n\t\t\t\t        <div class=\"ngg-gallery-thumbnail\">\n            <a href=\"http:\/\/www.spaziotorino.it\/scatto\/wp-content\/gallery\/2018_11_22_scuola\/pla_0431.jpg\"\n               title=\"Chiara Appendino\"\n               data-src=\"http:\/\/www.spaziotorino.it\/scatto\/wp-content\/gallery\/2018_11_22_scuola\/pla_0431.jpg\"\n               data-thumbnail=\"http:\/\/www.spaziotorino.it\/scatto\/wp-content\/gallery\/2018_11_22_scuola\/thumbs\/thumbs_pla_0431.jpg\"\n               data-image-id=\"21872\"\n               data-title=\"Chiara Appendino\"\n               data-description=\"Chiara Appendino\"\n               data-image-slug=\"pla_0431\"\n               class=\"ngg-fancybox\" rel=\"274029e3901e7067ee28ad03227721c1\">\n                <img\n                    title=\"Chiara Appendino\"\n                    alt=\"Chiara Appendino\"\n                    src=\"http:\/\/www.spaziotorino.it\/scatto\/wp-content\/gallery\/2018_11_22_scuola\/cache\/pla_0431.jpg-nggid0521872-ngg0dyn-60x60x100-00f0w010c011r110f110r010t010.jpg\"\n                    width=\"60\"\n                    height=\"60\"\n                    style=\"max-width:100%;\"\n                \/>\n            <\/a>\n        <\/div>\n\t\t\t\t\t\t\t<\/div> \n\t\t\t\n        \n\t\t\t\t<div id=\"ngg-image-25\" class=\"ngg-gallery-thumbnail-box\" >\n\t\t\t\t        <div class=\"ngg-gallery-thumbnail\">\n            <a href=\"http:\/\/www.spaziotorino.it\/scatto\/wp-content\/gallery\/2018_11_22_scuola\/pla_0436.jpg\"\n               title=\"A Torino un giardino in memoria di Vito Scafidi\"\n               data-src=\"http:\/\/www.spaziotorino.it\/scatto\/wp-content\/gallery\/2018_11_22_scuola\/pla_0436.jpg\"\n               data-thumbnail=\"http:\/\/www.spaziotorino.it\/scatto\/wp-content\/gallery\/2018_11_22_scuola\/thumbs\/thumbs_pla_0436.jpg\"\n               data-image-id=\"21873\"\n               data-title=\"A Torino un giardino in memoria di Vito Scafidi\"\n               data-description=\"A Torino un giardino in memoria di Vito Scafidi\"\n               data-image-slug=\"pla_0436\"\n               class=\"ngg-fancybox\" rel=\"274029e3901e7067ee28ad03227721c1\">\n                <img\n                    title=\"A Torino un giardino in memoria di Vito Scafidi\"\n                    alt=\"A Torino un giardino in memoria di Vito Scafidi\"\n                    src=\"http:\/\/www.spaziotorino.it\/scatto\/wp-content\/gallery\/2018_11_22_scuola\/cache\/pla_0436.jpg-nggid0521873-ngg0dyn-60x60x100-00f0w010c011r110f110r010t010.jpg\"\n                    width=\"60\"\n                    height=\"60\"\n                    style=\"max-width:100%;\"\n                \/>\n            <\/a>\n        <\/div>\n\t\t\t\t\t\t\t<\/div> \n\t\t\t\n        \n\t\t\t\t<div id=\"ngg-image-26\" class=\"ngg-gallery-thumbnail-box\" >\n\t\t\t\t        <div class=\"ngg-gallery-thumbnail\">\n            <a href=\"http:\/\/www.spaziotorino.it\/scatto\/wp-content\/gallery\/2018_11_22_scuola\/pla_0452.jpg\"\n               title=\"Lo scoprimento della targa\"\n               data-src=\"http:\/\/www.spaziotorino.it\/scatto\/wp-content\/gallery\/2018_11_22_scuola\/pla_0452.jpg\"\n               data-thumbnail=\"http:\/\/www.spaziotorino.it\/scatto\/wp-content\/gallery\/2018_11_22_scuola\/thumbs\/thumbs_pla_0452.jpg\"\n               data-image-id=\"21874\"\n               data-title=\"Lo scoprimento della targa\"\n               data-description=\"Lo scoprimento della targa\"\n               data-image-slug=\"pla_0452\"\n               class=\"ngg-fancybox\" rel=\"274029e3901e7067ee28ad03227721c1\">\n                <img\n                    title=\"Lo scoprimento della targa\"\n                    alt=\"Lo scoprimento della targa\"\n                    src=\"http:\/\/www.spaziotorino.it\/scatto\/wp-content\/gallery\/2018_11_22_scuola\/cache\/pla_0452.jpg-nggid0521874-ngg0dyn-60x60x100-00f0w010c011r110f110r010t010.jpg\"\n                    width=\"60\"\n                    height=\"60\"\n                    style=\"max-width:100%;\"\n                \/>\n            <\/a>\n        <\/div>\n\t\t\t\t\t\t\t<\/div> \n\t\t\t\n        \n\t\t\t\t<div id=\"ngg-image-27\" class=\"ngg-gallery-thumbnail-box\" >\n\t\t\t\t        <div class=\"ngg-gallery-thumbnail\">\n            <a href=\"http:\/\/www.spaziotorino.it\/scatto\/wp-content\/gallery\/2018_11_22_scuola\/pla_0478.jpg\"\n               title=\"A Torino un giardino in memoria di Vito Scafidi\"\n               data-src=\"http:\/\/www.spaziotorino.it\/scatto\/wp-content\/gallery\/2018_11_22_scuola\/pla_0478.jpg\"\n               data-thumbnail=\"http:\/\/www.spaziotorino.it\/scatto\/wp-content\/gallery\/2018_11_22_scuola\/thumbs\/thumbs_pla_0478.jpg\"\n               data-image-id=\"21875\"\n               data-title=\"A Torino un giardino in memoria di Vito Scafidi\"\n               data-description=\"A Torino un giardino in memoria di Vito Scafidi\"\n               data-image-slug=\"pla_0478\"\n               class=\"ngg-fancybox\" rel=\"274029e3901e7067ee28ad03227721c1\">\n                <img\n                    title=\"A Torino un giardino in memoria di Vito Scafidi\"\n                    alt=\"A Torino un giardino in memoria di Vito Scafidi\"\n                    src=\"http:\/\/www.spaziotorino.it\/scatto\/wp-content\/gallery\/2018_11_22_scuola\/cache\/pla_0478.jpg-nggid0521875-ngg0dyn-60x60x100-00f0w010c011r110f110r010t010.jpg\"\n                    width=\"60\"\n                    height=\"60\"\n                    style=\"max-width:100%;\"\n                \/>\n            <\/a>\n        <\/div>\n\t\t\t\t\t\t\t<\/div> \n\t\t\t\n        \n\t\t\n\t\t<!-- Pagination -->\n\t<div class='ngg-clear'><\/div>\t<\/div>\n\n<p>In occasione del decennale della morte di Vito Scafidi e della&nbsp;<strong>Giornata Nazionale per la sicurezza delle Scuole<\/strong>, il 22 novembre la Fondazione Benvenuti in Italia \u2013 Fondo Vito Scafidi, in collaborazione con Acmos e Libera e con il patrocinio di Citt\u00e0 di Torino, Citt\u00e0 Metropolitana e Regione Piemonte, si \u00e8 svolta &nbsp;la manifestazione \u201c<strong>Un giardino per Vito<\/strong>\u201d.<br \/>\nLa manifestazione \u00e8 il punto di arrivo di un percorso educativo promosso dal Laboratorio Citt\u00e0 Sostenibile di&nbsp;<strong>Iter<\/strong>&nbsp;\u2013 l\u2019Istituzione torinese per una educazione responsabile, lo scorso anno scolastico, con dieci scuole primarie e secondarie di secondo grado della citt\u00e0. A Vito Scafidi sono stati intitolati i giardini di piazza Chiaves, dove le panchine presenti sono state decorate con soggetti sul tema \u201csicurezza\u201d, grazie alla collaborazione con il Primo Liceo Artistico e il Museo di Arte Urbana.<br \/>\nIl&nbsp;<strong>22 novembre alle ore 9.30<\/strong>&nbsp;in via Giulio Carcano 3 studenti, docenti, cittadini e cittadine si sono riuniti davanti al Primo Liceo Artistico per raggiungere i giardini di Piazza Chiaves manifestando in memoria delle vittime nelle scuole. Al termine della marcia <strong>l\u2019intitolazione dei giardini a Vito Scafidi<\/strong>.<br \/>\nAlla cerimonia sono intervenuti la sindaca di Torino, <strong>Chiara Appendino<\/strong>, <strong>, il Vicepresidente del Consiglio Comunale <\/strong><strong>Enzo Lavolta<\/strong> , <strong>Luca Deri<\/strong>, Presidente della Circoscrizione 7, l&#8217;assessora all\u2019Istruzione della Regione Piemonte, <strong>Gianna Pentenero<\/strong>, &nbsp;<strong>Davide Mattiello, <\/strong>Deputato della Repubblica Italiana e fondatore di Acmos onlus e la mamma di Vito Scafidi, <strong>Cinzia Caggiano<\/strong>.<\/p>\n","protected":false},"excerpt":{"rendered":"<p>In occasione del decennale della morte di Vito Scafidi e della&nbsp;Giornata Nazionale per la sicurezza delle Scuole, il 22 novembre la Fondazione Benvenuti in Italia \u2013 Fondo Vito Scafidi, in collaborazione con Acmos e Libera e con il patrocinio di Citt\u00e0 di Torino, Citt\u00e0 Metropolitana e Regione Piemonte, si \u00e8 svolta &nbsp;la manifestazione \u201cUn giardino [&hellip;]<\/p>\n","protected":false},"author":1,"featured_media":0,"comment_status":"closed","ping_status":"open","sticky":false,"template":"","format":"standard","meta":{"ngg_post_thumbnail":0},"categories":[1,41,895],"tags":[],"_links":{"self":[{"href":"http:\/\/www.spaziotorino.it\/scatto\/index.php?rest_route=\/wp\/v2\/posts\/14676"}],"collection":[{"href":"http:\/\/www.spaziotorino.it\/scatto\/index.php?rest_route=\/wp\/v2\/posts"}],"about":[{"href":"http:\/\/www.spaziotorino.it\/scatto\/index.php?rest_route=\/wp\/v2\/types\/post"}],"author":[{"embeddable":true,"href":"http:\/\/www.spaziotorino.it\/scatto\/index.php?rest_route=\/wp\/v2\/users\/1"}],"replies":[{"embeddable":true,"href":"http:\/\/www.spaziotorino.it\/scatto\/index.php?rest_route=%2Fwp%2Fv2%2Fcomments&post=14676"}],"version-history":[{"count":2,"href":"http:\/\/www.spaziotorino.it\/scatto\/index.php?rest_route=\/wp\/v2\/posts\/14676\/revisions"}],"predecessor-version":[{"id":14678,"href":"http:\/\/www.spaziotorino.it\/scatto\/index.php?rest_route=\/wp\/v2\/posts\/14676\/revisions\/14678"}],"wp:attachment":[{"href":"http:\/\/www.spaziotorino.it\/scatto\/index.php?rest_route=%2Fwp%2Fv2%2Fmedia&parent=14676"}],"wp:term":[{"taxonomy":"category","embeddable":true,"href":"http:\/\/www.spaziotorino.it\/scatto\/index.php?rest_route=%2Fwp%2Fv2%2Fcategories&post=14676"},{"taxonomy":"post_tag","embeddable":true,"href":"http:\/\/www.spaziotorino.it\/scatto\/index.php?rest_route=%2Fwp%2Fv2%2Ftags&post=14676"}],"curies":[{"name":"wp","href":"https:\/\/api.w.org\/{rel}","templated":true}]}}