{"id":14794,"date":"2018-11-26T16:47:49","date_gmt":"2018-11-26T15:47:49","guid":{"rendered":"http:\/\/www.spaziotorino.it\/scatto\/?p=14794"},"modified":"2018-11-26T16:47:49","modified_gmt":"2018-11-26T15:47:49","slug":"il-presidente-mattarella-inaugura-lanno-accademico-delluniversita-di-torino","status":"publish","type":"post","link":"http:\/\/www.spaziotorino.it\/scatto\/?p=14794","title":{"rendered":"Il Presidente Mattarella inaugura l&#8217;Anno Accademico dell&#8217;Universit\u00e0 di Torino"},"content":{"rendered":"<p><a class=\"ngg-fancybox\" title=\"Il Presidente Mattarella inaugura l'Anno Accademico dell'Universit\u00e0 di Torino\" href=\"http:\/\/www.spaziotorino.it\/scatto\/wp-content\/gallery\/2018_11_26_mattarella\/pla_1306.jpg\" rel=\"5d6433756d1b5385aa685331d4056585\"><br \/>\n<img decoding=\"async\" loading=\"lazy\" class=\"ngg-singlepic\" title=\"Il Presidente Mattarella inaugura l'Anno Accademico dell'Universit\u00e0 di Torino\" src=\"http:\/\/www.spaziotorino.it\/scatto\/wp-content\/gallery\/2018_11_26_mattarella\/pla_1306.jpg\" alt=\"\" width=\"540\" height=\"360\"\/><\/a><\/p>\n<!-- index.php -->\n<div\n\tclass=\"ngg-galleryoverview ngg-ajax-pagination-none\"\n\tid=\"ngg-gallery-341310af2f3b4672c263db51639d54cd-1\">\n\n    \t\t<!-- Thumbnails -->\n\t\t\t\t<div id=\"ngg-image-0\" class=\"ngg-gallery-thumbnail-box\" >\n\t\t\t\t        <div class=\"ngg-gallery-thumbnail\">\n            <a href=\"http:\/\/www.spaziotorino.it\/scatto\/wp-content\/gallery\/2018_11_26_mattarella\/ALES0141.jpg\"\n               title=\"La Sindaca Appendino accoglie il Presidente Mattarella al teatro Carignano\"\n               data-src=\"http:\/\/www.spaziotorino.it\/scatto\/wp-content\/gallery\/2018_11_26_mattarella\/ALES0141.jpg\"\n               data-thumbnail=\"http:\/\/www.spaziotorino.it\/scatto\/wp-content\/gallery\/2018_11_26_mattarella\/thumbs\/thumbs_ALES0141.jpg\"\n               data-image-id=\"21905\"\n               data-title=\"La Sindaca Appendino accoglie il Presidente Mattarella al teatro Carignano\"\n               data-description=\"La Sindaca Appendino accoglie il Presidente Mattarella al teatro Carignano\"\n               data-image-slug=\"ales0141\"\n               class=\"ngg-fancybox\" rel=\"341310af2f3b4672c263db51639d54cd\">\n                <img\n                    title=\"La Sindaca Appendino accoglie il Presidente Mattarella al teatro Carignano\"\n                    alt=\"La Sindaca Appendino accoglie il Presidente Mattarella al teatro Carignano\"\n                    src=\"http:\/\/www.spaziotorino.it\/scatto\/wp-content\/gallery\/2018_11_26_mattarella\/cache\/ALES0141.jpg-nggid0521905-ngg0dyn-60x60x100-00f0w010c011r110f110r010t010.jpg\"\n                    width=\"60\"\n                    height=\"60\"\n                    style=\"max-width:100%;\"\n                \/>\n            <\/a>\n        <\/div>\n\t\t\t\t\t\t\t<\/div> \n\t\t\t\n        \n\t\t\t\t<div id=\"ngg-image-1\" class=\"ngg-gallery-thumbnail-box\" >\n\t\t\t\t        <div class=\"ngg-gallery-thumbnail\">\n            <a href=\"http:\/\/www.spaziotorino.it\/scatto\/wp-content\/gallery\/2018_11_26_mattarella\/pla_1050.jpg\"\n               title=\"Inaugurazione Anno Accademico 2018\/19\"\n               data-src=\"http:\/\/www.spaziotorino.it\/scatto\/wp-content\/gallery\/2018_11_26_mattarella\/pla_1050.jpg\"\n               data-thumbnail=\"http:\/\/www.spaziotorino.it\/scatto\/wp-content\/gallery\/2018_11_26_mattarella\/thumbs\/thumbs_pla_1050.jpg\"\n               data-image-id=\"21906\"\n               data-title=\"Inaugurazione Anno Accademico 2018\/19\"\n               data-description=\"Inaugurazione Anno Accademico 2018\/19\"\n               data-image-slug=\"pla_1050\"\n               class=\"ngg-fancybox\" rel=\"341310af2f3b4672c263db51639d54cd\">\n                <img\n                    title=\"Inaugurazione Anno Accademico 2018\/19\"\n                    alt=\"Inaugurazione Anno Accademico 2018\/19\"\n                    src=\"http:\/\/www.spaziotorino.it\/scatto\/wp-content\/gallery\/2018_11_26_mattarella\/cache\/pla_1050.jpg-nggid0521906-ngg0dyn-60x60x100-00f0w010c011r110f110r010t010.jpg\"\n                    width=\"60\"\n                    height=\"60\"\n                    style=\"max-width:100%;\"\n                \/>\n            <\/a>\n        <\/div>\n\t\t\t\t\t\t\t<\/div> \n\t\t\t\n        \n\t\t\t\t<div id=\"ngg-image-2\" class=\"ngg-gallery-thumbnail-box\" >\n\t\t\t\t        <div class=\"ngg-gallery-thumbnail\">\n            <a href=\"http:\/\/www.spaziotorino.it\/scatto\/wp-content\/gallery\/2018_11_26_mattarella\/pla_1095.jpg\"\n               title=\"Sergio Mattarella a teatro Carignano\"\n               data-src=\"http:\/\/www.spaziotorino.it\/scatto\/wp-content\/gallery\/2018_11_26_mattarella\/pla_1095.jpg\"\n               data-thumbnail=\"http:\/\/www.spaziotorino.it\/scatto\/wp-content\/gallery\/2018_11_26_mattarella\/thumbs\/thumbs_pla_1095.jpg\"\n               data-image-id=\"21908\"\n               data-title=\"Sergio Mattarella a teatro Carignano\"\n               data-description=\"Sergio Mattarella a teatro Carignano\"\n               data-image-slug=\"pla_1095\"\n               class=\"ngg-fancybox\" rel=\"341310af2f3b4672c263db51639d54cd\">\n                <img\n                    title=\"Sergio Mattarella a teatro Carignano\"\n                    alt=\"Sergio Mattarella a teatro Carignano\"\n                    src=\"http:\/\/www.spaziotorino.it\/scatto\/wp-content\/gallery\/2018_11_26_mattarella\/cache\/pla_1095.jpg-nggid0521908-ngg0dyn-60x60x100-00f0w010c011r110f110r010t010.jpg\"\n                    width=\"60\"\n                    height=\"60\"\n                    style=\"max-width:100%;\"\n                \/>\n            <\/a>\n        <\/div>\n\t\t\t\t\t\t\t<\/div> \n\t\t\t\n        \n\t\t\t\t<div id=\"ngg-image-3\" class=\"ngg-gallery-thumbnail-box\" >\n\t\t\t\t        <div class=\"ngg-gallery-thumbnail\">\n            <a href=\"http:\/\/www.spaziotorino.it\/scatto\/wp-content\/gallery\/2018_11_26_mattarella\/pla_1116.jpg\"\n               title=\"Inaugurazione Anno Accademico 2018\/19\"\n               data-src=\"http:\/\/www.spaziotorino.it\/scatto\/wp-content\/gallery\/2018_11_26_mattarella\/pla_1116.jpg\"\n               data-thumbnail=\"http:\/\/www.spaziotorino.it\/scatto\/wp-content\/gallery\/2018_11_26_mattarella\/thumbs\/thumbs_pla_1116.jpg\"\n               data-image-id=\"21909\"\n               data-title=\"Inaugurazione Anno Accademico 2018\/19\"\n               data-description=\"Inaugurazione Anno Accademico 2018\/19\"\n               data-image-slug=\"pla_1116\"\n               class=\"ngg-fancybox\" rel=\"341310af2f3b4672c263db51639d54cd\">\n                <img\n                    title=\"Inaugurazione Anno Accademico 2018\/19\"\n                    alt=\"Inaugurazione Anno Accademico 2018\/19\"\n                    src=\"http:\/\/www.spaziotorino.it\/scatto\/wp-content\/gallery\/2018_11_26_mattarella\/cache\/pla_1116.jpg-nggid0521909-ngg0dyn-60x60x100-00f0w010c011r110f110r010t010.jpg\"\n                    width=\"60\"\n                    height=\"60\"\n                    style=\"max-width:100%;\"\n                \/>\n            <\/a>\n        <\/div>\n\t\t\t\t\t\t\t<\/div> \n\t\t\t\n        \n\t\t\t\t<div id=\"ngg-image-4\" class=\"ngg-gallery-thumbnail-box\" >\n\t\t\t\t        <div class=\"ngg-gallery-thumbnail\">\n            <a href=\"http:\/\/www.spaziotorino.it\/scatto\/wp-content\/gallery\/2018_11_26_mattarella\/pla_1150.jpg\"\n               title=\"Il saluto della Sindaca Chiara Appendino\"\n               data-src=\"http:\/\/www.spaziotorino.it\/scatto\/wp-content\/gallery\/2018_11_26_mattarella\/pla_1150.jpg\"\n               data-thumbnail=\"http:\/\/www.spaziotorino.it\/scatto\/wp-content\/gallery\/2018_11_26_mattarella\/thumbs\/thumbs_pla_1150.jpg\"\n               data-image-id=\"21910\"\n               data-title=\"Il saluto della Sindaca Chiara Appendino\"\n               data-description=\"Il saluto della Sindaca Chiara Appendino\"\n               data-image-slug=\"pla_1150\"\n               class=\"ngg-fancybox\" rel=\"341310af2f3b4672c263db51639d54cd\">\n                <img\n                    title=\"Il saluto della Sindaca Chiara Appendino\"\n                    alt=\"Il saluto della Sindaca Chiara Appendino\"\n                    src=\"http:\/\/www.spaziotorino.it\/scatto\/wp-content\/gallery\/2018_11_26_mattarella\/cache\/pla_1150.jpg-nggid0521910-ngg0dyn-60x60x100-00f0w010c011r110f110r010t010.jpg\"\n                    width=\"60\"\n                    height=\"60\"\n                    style=\"max-width:100%;\"\n                \/>\n            <\/a>\n        <\/div>\n\t\t\t\t\t\t\t<\/div> \n\t\t\t\n        \n\t\t\t\t<div id=\"ngg-image-5\" class=\"ngg-gallery-thumbnail-box\" >\n\t\t\t\t        <div class=\"ngg-gallery-thumbnail\">\n            <a href=\"http:\/\/www.spaziotorino.it\/scatto\/wp-content\/gallery\/2018_11_26_mattarella\/pla_1160.jpg\"\n               title=\"Sergio Chiamparino, Governatore della Regione Piemonte\"\n               data-src=\"http:\/\/www.spaziotorino.it\/scatto\/wp-content\/gallery\/2018_11_26_mattarella\/pla_1160.jpg\"\n               data-thumbnail=\"http:\/\/www.spaziotorino.it\/scatto\/wp-content\/gallery\/2018_11_26_mattarella\/thumbs\/thumbs_pla_1160.jpg\"\n               data-image-id=\"21911\"\n               data-title=\"Sergio Chiamparino, Governatore della Regione Piemonte\"\n               data-description=\"Sergio Chiamparino, Governatore della Regione Piemonte\"\n               data-image-slug=\"pla_1160\"\n               class=\"ngg-fancybox\" rel=\"341310af2f3b4672c263db51639d54cd\">\n                <img\n                    title=\"Sergio Chiamparino, Governatore della Regione Piemonte\"\n                    alt=\"Sergio Chiamparino, Governatore della Regione Piemonte\"\n                    src=\"http:\/\/www.spaziotorino.it\/scatto\/wp-content\/gallery\/2018_11_26_mattarella\/cache\/pla_1160.jpg-nggid0521911-ngg0dyn-60x60x100-00f0w010c011r110f110r010t010.jpg\"\n                    width=\"60\"\n                    height=\"60\"\n                    style=\"max-width:100%;\"\n                \/>\n            <\/a>\n        <\/div>\n\t\t\t\t\t\t\t<\/div> \n\t\t\t\n        \n\t\t\t\t<div id=\"ngg-image-6\" class=\"ngg-gallery-thumbnail-box\" >\n\t\t\t\t        <div class=\"ngg-gallery-thumbnail\">\n            <a href=\"http:\/\/www.spaziotorino.it\/scatto\/wp-content\/gallery\/2018_11_26_mattarella\/pla_1203.jpg\"\n               title=\"\"\n               data-src=\"http:\/\/www.spaziotorino.it\/scatto\/wp-content\/gallery\/2018_11_26_mattarella\/pla_1203.jpg\"\n               data-thumbnail=\"http:\/\/www.spaziotorino.it\/scatto\/wp-content\/gallery\/2018_11_26_mattarella\/thumbs\/thumbs_pla_1203.jpg\"\n               data-image-id=\"21923\"\n               data-title=\"pla_1203\"\n               data-description=\"\"\n               data-image-slug=\"pla_1203\"\n               class=\"ngg-fancybox\" rel=\"341310af2f3b4672c263db51639d54cd\">\n                <img\n                    title=\"pla_1203\"\n                    alt=\"pla_1203\"\n                    src=\"http:\/\/www.spaziotorino.it\/scatto\/wp-content\/gallery\/2018_11_26_mattarella\/cache\/pla_1203.jpg-nggid0521923-ngg0dyn-60x60x100-00f0w010c011r110f110r010t010.jpg\"\n                    width=\"60\"\n                    height=\"60\"\n                    style=\"max-width:100%;\"\n                \/>\n            <\/a>\n        <\/div>\n\t\t\t\t\t\t\t<\/div> \n\t\t\t\n        \n\t\t\t\t<div id=\"ngg-image-7\" class=\"ngg-gallery-thumbnail-box\" >\n\t\t\t\t        <div class=\"ngg-gallery-thumbnail\">\n            <a href=\"http:\/\/www.spaziotorino.it\/scatto\/wp-content\/gallery\/2018_11_26_mattarella\/pla_1181.jpg\"\n               title=\"Gianmaria Ajani, Rettore Universit\u00e0 degli Studi di Torino\"\n               data-src=\"http:\/\/www.spaziotorino.it\/scatto\/wp-content\/gallery\/2018_11_26_mattarella\/pla_1181.jpg\"\n               data-thumbnail=\"http:\/\/www.spaziotorino.it\/scatto\/wp-content\/gallery\/2018_11_26_mattarella\/thumbs\/thumbs_pla_1181.jpg\"\n               data-image-id=\"21912\"\n               data-title=\"Gianmaria Ajani, Rettore Universit\u00e0 degli Studi di Torino\"\n               data-description=\"Gianmaria Ajani, Rettore Universit\u00e0 degli Studi di Torino\"\n               data-image-slug=\"pla_1181\"\n               class=\"ngg-fancybox\" rel=\"341310af2f3b4672c263db51639d54cd\">\n                <img\n                    title=\"Gianmaria Ajani, Rettore Universit\u00e0 degli Studi di Torino\"\n                    alt=\"Gianmaria Ajani, Rettore Universit\u00e0 degli Studi di Torino\"\n                    src=\"http:\/\/www.spaziotorino.it\/scatto\/wp-content\/gallery\/2018_11_26_mattarella\/cache\/pla_1181.jpg-nggid0521912-ngg0dyn-60x60x100-00f0w010c011r110f110r010t010.jpg\"\n                    width=\"60\"\n                    height=\"60\"\n                    style=\"max-width:100%;\"\n                \/>\n            <\/a>\n        <\/div>\n\t\t\t\t\t\t\t<\/div> \n\t\t\t\n        \n\t\t\t\t<div id=\"ngg-image-8\" class=\"ngg-gallery-thumbnail-box\" >\n\t\t\t\t        <div class=\"ngg-gallery-thumbnail\">\n            <a href=\"http:\/\/www.spaziotorino.it\/scatto\/wp-content\/gallery\/2018_11_26_mattarella\/pla_1220.jpg\"\n               title=\"Sergio Mattarella\"\n               data-src=\"http:\/\/www.spaziotorino.it\/scatto\/wp-content\/gallery\/2018_11_26_mattarella\/pla_1220.jpg\"\n               data-thumbnail=\"http:\/\/www.spaziotorino.it\/scatto\/wp-content\/gallery\/2018_11_26_mattarella\/thumbs\/thumbs_pla_1220.jpg\"\n               data-image-id=\"21913\"\n               data-title=\"Sergio Mattarella\"\n               data-description=\"Sergio Mattarella\"\n               data-image-slug=\"pla_1220\"\n               class=\"ngg-fancybox\" rel=\"341310af2f3b4672c263db51639d54cd\">\n                <img\n                    title=\"Sergio Mattarella\"\n                    alt=\"Sergio Mattarella\"\n                    src=\"http:\/\/www.spaziotorino.it\/scatto\/wp-content\/gallery\/2018_11_26_mattarella\/cache\/pla_1220.jpg-nggid0521913-ngg0dyn-60x60x100-00f0w010c011r110f110r010t010.jpg\"\n                    width=\"60\"\n                    height=\"60\"\n                    style=\"max-width:100%;\"\n                \/>\n            <\/a>\n        <\/div>\n\t\t\t\t\t\t\t<\/div> \n\t\t\t\n        \n\t\t\t\t<div id=\"ngg-image-9\" class=\"ngg-gallery-thumbnail-box\" >\n\t\t\t\t        <div class=\"ngg-gallery-thumbnail\">\n            <a href=\"http:\/\/www.spaziotorino.it\/scatto\/wp-content\/gallery\/2018_11_26_mattarella\/pla_1235.jpg\"\n               title=\"Loredana Segreto, Direttrice Generale Universit\u00e0 degli Studi di Torino\"\n               data-src=\"http:\/\/www.spaziotorino.it\/scatto\/wp-content\/gallery\/2018_11_26_mattarella\/pla_1235.jpg\"\n               data-thumbnail=\"http:\/\/www.spaziotorino.it\/scatto\/wp-content\/gallery\/2018_11_26_mattarella\/thumbs\/thumbs_pla_1235.jpg\"\n               data-image-id=\"21914\"\n               data-title=\"Loredana Segreto, Direttrice Generale Universit\u00e0 degli Studi di Torino\"\n               data-description=\"Loredana Segreto, Direttrice Generale Universit\u00e0 degli Studi di Torino\"\n               data-image-slug=\"pla_1235\"\n               class=\"ngg-fancybox\" rel=\"341310af2f3b4672c263db51639d54cd\">\n                <img\n                    title=\"Loredana Segreto, Direttrice Generale Universit\u00e0 degli Studi di Torino\"\n                    alt=\"Loredana Segreto, Direttrice Generale Universit\u00e0 degli Studi di Torino\"\n                    src=\"http:\/\/www.spaziotorino.it\/scatto\/wp-content\/gallery\/2018_11_26_mattarella\/cache\/pla_1235.jpg-nggid0521914-ngg0dyn-60x60x100-00f0w010c011r110f110r010t010.jpg\"\n                    width=\"60\"\n                    height=\"60\"\n                    style=\"max-width:100%;\"\n                \/>\n            <\/a>\n        <\/div>\n\t\t\t\t\t\t\t<\/div> \n\t\t\t\n        \n\t\t\t\t<div id=\"ngg-image-10\" class=\"ngg-gallery-thumbnail-box\" >\n\t\t\t\t        <div class=\"ngg-gallery-thumbnail\">\n            <a href=\"http:\/\/www.spaziotorino.it\/scatto\/wp-content\/gallery\/2018_11_26_mattarella\/pla_1241.jpg\"\n               title=\"Teresa Piergiovanni, Presidente del Consiglio degli Studenti Universit\u00e0 degli Studi di Torino\"\n               data-src=\"http:\/\/www.spaziotorino.it\/scatto\/wp-content\/gallery\/2018_11_26_mattarella\/pla_1241.jpg\"\n               data-thumbnail=\"http:\/\/www.spaziotorino.it\/scatto\/wp-content\/gallery\/2018_11_26_mattarella\/thumbs\/thumbs_pla_1241.jpg\"\n               data-image-id=\"21915\"\n               data-title=\"Teresa Piergiovanni, Presidente del Consiglio degli Studenti Universit\u00e0 degli Studi di Torino\"\n               data-description=\"Teresa Piergiovanni, Presidente del Consiglio degli Studenti Universit\u00e0 degli Studi di Torino\"\n               data-image-slug=\"pla_1241\"\n               class=\"ngg-fancybox\" rel=\"341310af2f3b4672c263db51639d54cd\">\n                <img\n                    title=\"Teresa Piergiovanni, Presidente del Consiglio degli Studenti Universit\u00e0 degli Studi di Torino\"\n                    alt=\"Teresa Piergiovanni, Presidente del Consiglio degli Studenti Universit\u00e0 degli Studi di Torino\"\n                    src=\"http:\/\/www.spaziotorino.it\/scatto\/wp-content\/gallery\/2018_11_26_mattarella\/cache\/pla_1241.jpg-nggid0521915-ngg0dyn-60x60x100-00f0w010c011r110f110r010t010.jpg\"\n                    width=\"60\"\n                    height=\"60\"\n                    style=\"max-width:100%;\"\n                \/>\n            <\/a>\n        <\/div>\n\t\t\t\t\t\t\t<\/div> \n\t\t\t\n        \n\t\t\t\t<div id=\"ngg-image-11\" class=\"ngg-gallery-thumbnail-box\" >\n\t\t\t\t        <div class=\"ngg-gallery-thumbnail\">\n            <a href=\"http:\/\/www.spaziotorino.it\/scatto\/wp-content\/gallery\/2018_11_26_mattarella\/pla_1278.jpg\"\n               title=\"Sijbolt Noorda, Presidente dell\u2019Osservatorio Magna Charta Universitatum University Values for a Sustainable Europe\"\n               data-src=\"http:\/\/www.spaziotorino.it\/scatto\/wp-content\/gallery\/2018_11_26_mattarella\/pla_1278.jpg\"\n               data-thumbnail=\"http:\/\/www.spaziotorino.it\/scatto\/wp-content\/gallery\/2018_11_26_mattarella\/thumbs\/thumbs_pla_1278.jpg\"\n               data-image-id=\"21916\"\n               data-title=\"Sijbolt Noorda, Presidente dell\u2019Osservatorio Magna Charta Universitatum University Values for a Sustainable Europe\"\n               data-description=\"Sijbolt Noorda, Presidente dell\u2019Osservatorio Magna Charta Universitatum University Values for a Sustainable Europe\"\n               data-image-slug=\"pla_1278\"\n               class=\"ngg-fancybox\" rel=\"341310af2f3b4672c263db51639d54cd\">\n                <img\n                    title=\"Sijbolt Noorda, Presidente dell\u2019Osservatorio Magna Charta Universitatum University Values for a Sustainable Europe\"\n                    alt=\"Sijbolt Noorda, Presidente dell\u2019Osservatorio Magna Charta Universitatum University Values for a Sustainable Europe\"\n                    src=\"http:\/\/www.spaziotorino.it\/scatto\/wp-content\/gallery\/2018_11_26_mattarella\/cache\/pla_1278.jpg-nggid0521916-ngg0dyn-60x60x100-00f0w010c011r110f110r010t010.jpg\"\n                    width=\"60\"\n                    height=\"60\"\n                    style=\"max-width:100%;\"\n                \/>\n            <\/a>\n        <\/div>\n\t\t\t\t\t\t\t<\/div> \n\t\t\t\n        \n\t\t\t\t<div id=\"ngg-image-12\" class=\"ngg-gallery-thumbnail-box\" >\n\t\t\t\t        <div class=\"ngg-gallery-thumbnail\">\n            <a href=\"http:\/\/www.spaziotorino.it\/scatto\/wp-content\/gallery\/2018_11_26_mattarella\/pla_1291.jpg\"\n               title=\"Il Presidente della Repubblica, Sergio Matterella\"\n               data-src=\"http:\/\/www.spaziotorino.it\/scatto\/wp-content\/gallery\/2018_11_26_mattarella\/pla_1291.jpg\"\n               data-thumbnail=\"http:\/\/www.spaziotorino.it\/scatto\/wp-content\/gallery\/2018_11_26_mattarella\/thumbs\/thumbs_pla_1291.jpg\"\n               data-image-id=\"21917\"\n               data-title=\"Il Presidente della Repubblica, Sergio Matterella\"\n               data-description=\"Il Presidente della Repubblica, Sergio Matterella\"\n               data-image-slug=\"pla_1291\"\n               class=\"ngg-fancybox\" rel=\"341310af2f3b4672c263db51639d54cd\">\n                <img\n                    title=\"Il Presidente della Repubblica, Sergio Matterella\"\n                    alt=\"Il Presidente della Repubblica, Sergio Matterella\"\n                    src=\"http:\/\/www.spaziotorino.it\/scatto\/wp-content\/gallery\/2018_11_26_mattarella\/cache\/pla_1291.jpg-nggid0521917-ngg0dyn-60x60x100-00f0w010c011r110f110r010t010.jpg\"\n                    width=\"60\"\n                    height=\"60\"\n                    style=\"max-width:100%;\"\n                \/>\n            <\/a>\n        <\/div>\n\t\t\t\t\t\t\t<\/div> \n\t\t\t\n        \n\t\t\t\t<div id=\"ngg-image-13\" class=\"ngg-gallery-thumbnail-box\" >\n\t\t\t\t        <div class=\"ngg-gallery-thumbnail\">\n            <a href=\"http:\/\/www.spaziotorino.it\/scatto\/wp-content\/gallery\/2018_11_26_mattarella\/pla_1319.jpg\"\n               title=\"Inaugurazione Anno Accademico 2018\/19\"\n               data-src=\"http:\/\/www.spaziotorino.it\/scatto\/wp-content\/gallery\/2018_11_26_mattarella\/pla_1319.jpg\"\n               data-thumbnail=\"http:\/\/www.spaziotorino.it\/scatto\/wp-content\/gallery\/2018_11_26_mattarella\/thumbs\/thumbs_pla_1319.jpg\"\n               data-image-id=\"21919\"\n               data-title=\"Inaugurazione Anno Accademico 2018\/19\"\n               data-description=\"Inaugurazione Anno Accademico 2018\/19\"\n               data-image-slug=\"pla_1319\"\n               class=\"ngg-fancybox\" rel=\"341310af2f3b4672c263db51639d54cd\">\n                <img\n                    title=\"Inaugurazione Anno Accademico 2018\/19\"\n                    alt=\"Inaugurazione Anno Accademico 2018\/19\"\n                    src=\"http:\/\/www.spaziotorino.it\/scatto\/wp-content\/gallery\/2018_11_26_mattarella\/cache\/pla_1319.jpg-nggid0521919-ngg0dyn-60x60x100-00f0w010c011r110f110r010t010.jpg\"\n                    width=\"60\"\n                    height=\"60\"\n                    style=\"max-width:100%;\"\n                \/>\n            <\/a>\n        <\/div>\n\t\t\t\t\t\t\t<\/div> \n\t\t\t\n        \n\t\t\t\t<div id=\"ngg-image-14\" class=\"ngg-gallery-thumbnail-box\" >\n\t\t\t\t        <div class=\"ngg-gallery-thumbnail\">\n            <a href=\"http:\/\/www.spaziotorino.it\/scatto\/wp-content\/gallery\/2018_11_26_mattarella\/pla_1351.jpg\"\n               title=\"\"\n               data-src=\"http:\/\/www.spaziotorino.it\/scatto\/wp-content\/gallery\/2018_11_26_mattarella\/pla_1351.jpg\"\n               data-thumbnail=\"http:\/\/www.spaziotorino.it\/scatto\/wp-content\/gallery\/2018_11_26_mattarella\/thumbs\/thumbs_pla_1351.jpg\"\n               data-image-id=\"21920\"\n               data-title=\"pla_1351\"\n               data-description=\"\"\n               data-image-slug=\"pla_1351\"\n               class=\"ngg-fancybox\" rel=\"341310af2f3b4672c263db51639d54cd\">\n                <img\n                    title=\"pla_1351\"\n                    alt=\"pla_1351\"\n                    src=\"http:\/\/www.spaziotorino.it\/scatto\/wp-content\/gallery\/2018_11_26_mattarella\/cache\/pla_1351.jpg-nggid0521920-ngg0dyn-60x60x100-00f0w010c011r110f110r010t010.jpg\"\n                    width=\"60\"\n                    height=\"60\"\n                    style=\"max-width:100%;\"\n                \/>\n            <\/a>\n        <\/div>\n\t\t\t\t\t\t\t<\/div> \n\t\t\t\n        \n\t\t\t\t<div id=\"ngg-image-15\" class=\"ngg-gallery-thumbnail-box\" >\n\t\t\t\t        <div class=\"ngg-gallery-thumbnail\">\n            <a href=\"http:\/\/www.spaziotorino.it\/scatto\/wp-content\/gallery\/2018_11_26_mattarella\/pla_1354.jpg\"\n               title=\"\"\n               data-src=\"http:\/\/www.spaziotorino.it\/scatto\/wp-content\/gallery\/2018_11_26_mattarella\/pla_1354.jpg\"\n               data-thumbnail=\"http:\/\/www.spaziotorino.it\/scatto\/wp-content\/gallery\/2018_11_26_mattarella\/thumbs\/thumbs_pla_1354.jpg\"\n               data-image-id=\"21921\"\n               data-title=\"pla_1354\"\n               data-description=\"\"\n               data-image-slug=\"pla_1354\"\n               class=\"ngg-fancybox\" rel=\"341310af2f3b4672c263db51639d54cd\">\n                <img\n                    title=\"pla_1354\"\n                    alt=\"pla_1354\"\n                    src=\"http:\/\/www.spaziotorino.it\/scatto\/wp-content\/gallery\/2018_11_26_mattarella\/cache\/pla_1354.jpg-nggid0521921-ngg0dyn-60x60x100-00f0w010c011r110f110r010t010.jpg\"\n                    width=\"60\"\n                    height=\"60\"\n                    style=\"max-width:100%;\"\n                \/>\n            <\/a>\n        <\/div>\n\t\t\t\t\t\t\t<\/div> \n\t\t\t\n        \n\t\t\t\t<div id=\"ngg-image-16\" class=\"ngg-gallery-thumbnail-box\" >\n\t\t\t\t        <div class=\"ngg-gallery-thumbnail\">\n            <a href=\"http:\/\/www.spaziotorino.it\/scatto\/wp-content\/gallery\/2018_11_26_mattarella\/pla_1355.jpg\"\n               title=\"\"\n               data-src=\"http:\/\/www.spaziotorino.it\/scatto\/wp-content\/gallery\/2018_11_26_mattarella\/pla_1355.jpg\"\n               data-thumbnail=\"http:\/\/www.spaziotorino.it\/scatto\/wp-content\/gallery\/2018_11_26_mattarella\/thumbs\/thumbs_pla_1355.jpg\"\n               data-image-id=\"21922\"\n               data-title=\"pla_1355\"\n               data-description=\"\"\n               data-image-slug=\"pla_1355\"\n               class=\"ngg-fancybox\" rel=\"341310af2f3b4672c263db51639d54cd\">\n                <img\n                    title=\"pla_1355\"\n                    alt=\"pla_1355\"\n                    src=\"http:\/\/www.spaziotorino.it\/scatto\/wp-content\/gallery\/2018_11_26_mattarella\/cache\/pla_1355.jpg-nggid0521922-ngg0dyn-60x60x100-00f0w010c011r110f110r010t010.jpg\"\n                    width=\"60\"\n                    height=\"60\"\n                    style=\"max-width:100%;\"\n                \/>\n            <\/a>\n        <\/div>\n\t\t\t\t\t\t\t<\/div> \n\t\t\t\n        \n\t\t\n\t\t<!-- Pagination -->\n\t<div class='ngg-clear'><\/div>\t<\/div>\n\n<p>Il Presidente della Repubblica, Sergio Mattarella, in visita a Torino, ha presenziato alla cerimonia di apertura dell\u2019anno accademico dell\u2019Universit\u00e0 degli Studi, nella cornice del Teatro Carignano. Presenti la Sindaca Chiara Appendino e il Governatore della Regione Piemonte, Sergio Chiamparino.<br \/>\nSul palco del teatro Carignano, dopo i saluti istituzionali, hanno preso la parola: Gianmaria Ajani, Rettore Universit\u00e0 degli Studi di Torino; Loredana Segreto, Direttrice Generale Universit\u00e0 degli Studi di Torino e Teresa Piergiovanni, Presidente del Consiglio degli Studenti Universit\u00e0 degli Studi di Torino e infine la prolusione di Sijbolt Noorda, Presidente dell\u2019Osservatorio Magna Charta Universitatum<br \/>\nUniversity Values for a Sustainable Europe.<\/p>\n","protected":false},"excerpt":{"rendered":"<p>Il Presidente della Repubblica, Sergio Mattarella, in visita a Torino, ha presenziato alla cerimonia di apertura dell\u2019anno accademico dell\u2019Universit\u00e0 degli Studi, nella cornice del Teatro Carignano. Presenti la Sindaca Chiara Appendino e il Governatore della Regione Piemonte, Sergio Chiamparino. Sul palco del teatro Carignano, dopo i saluti istituzionali, hanno preso la parola: Gianmaria Ajani, Rettore [&hellip;]<\/p>\n","protected":false},"author":1,"featured_media":0,"comment_status":"closed","ping_status":"open","sticky":false,"template":"","format":"standard","meta":{"ngg_post_thumbnail":0},"categories":[133,1,895],"tags":[],"_links":{"self":[{"href":"http:\/\/www.spaziotorino.it\/scatto\/index.php?rest_route=\/wp\/v2\/posts\/14794"}],"collection":[{"href":"http:\/\/www.spaziotorino.it\/scatto\/index.php?rest_route=\/wp\/v2\/posts"}],"about":[{"href":"http:\/\/www.spaziotorino.it\/scatto\/index.php?rest_route=\/wp\/v2\/types\/post"}],"author":[{"embeddable":true,"href":"http:\/\/www.spaziotorino.it\/scatto\/index.php?rest_route=\/wp\/v2\/users\/1"}],"replies":[{"embeddable":true,"href":"http:\/\/www.spaziotorino.it\/scatto\/index.php?rest_route=%2Fwp%2Fv2%2Fcomments&post=14794"}],"version-history":[{"count":2,"href":"http:\/\/www.spaziotorino.it\/scatto\/index.php?rest_route=\/wp\/v2\/posts\/14794\/revisions"}],"predecessor-version":[{"id":14796,"href":"http:\/\/www.spaziotorino.it\/scatto\/index.php?rest_route=\/wp\/v2\/posts\/14794\/revisions\/14796"}],"wp:attachment":[{"href":"http:\/\/www.spaziotorino.it\/scatto\/index.php?rest_route=%2Fwp%2Fv2%2Fmedia&parent=14794"}],"wp:term":[{"taxonomy":"category","embeddable":true,"href":"http:\/\/www.spaziotorino.it\/scatto\/index.php?rest_route=%2Fwp%2Fv2%2Fcategories&post=14794"},{"taxonomy":"post_tag","embeddable":true,"href":"http:\/\/www.spaziotorino.it\/scatto\/index.php?rest_route=%2Fwp%2Fv2%2Ftags&post=14794"}],"curies":[{"name":"wp","href":"https:\/\/api.w.org\/{rel}","templated":true}]}}