{"id":14900,"date":"2018-11-29T16:27:25","date_gmt":"2018-11-29T15:27:25","guid":{"rendered":"http:\/\/www.spaziotorino.it\/scatto\/?p=14900"},"modified":"2018-11-29T17:29:34","modified_gmt":"2018-11-29T16:29:34","slug":"torino-social-factory-il-comune-sostiene-i-progetti-di-impresa-sociale-legati-al-programma-operativo-nazionale-citta-metropolitane","status":"publish","type":"post","link":"http:\/\/www.spaziotorino.it\/scatto\/?p=14900","title":{"rendered":"Torino Social Factory. Il comune sostiene i progetti di impresa sociale legati al programma operativo nazionale citta\u2019 metropolitane"},"content":{"rendered":"<p><a class=\"ngg-fancybox\" title=\"Torino Social Factory\" href=\"http:\/\/www.spaziotorino.it\/scatto\/wp-content\/gallery\/2018_11_29_socfactory\/AMA_4439.jpg\" rel=\"e6984b0a2f6356e90f4603ed5ad203c4\"><br \/>\n<img decoding=\"async\" loading=\"lazy\" class=\"ngg-singlepic\" title=\"Torino Social Factory\" src=\"http:\/\/www.spaziotorino.it\/scatto\/wp-content\/gallery\/2018_11_29_socfactory\/AMA_4439.jpg\" alt=\"\" width=\"540\" height=\"360\"\/><\/a><\/p>\n<!-- index.php -->\n<div\n\tclass=\"ngg-galleryoverview ngg-ajax-pagination-none\"\n\tid=\"ngg-gallery-1829ed0878dd2d262ad6baca22230b15-1\">\n\n    \t\t<!-- Thumbnails -->\n\t\t\t\t<div id=\"ngg-image-0\" class=\"ngg-gallery-thumbnail-box\" >\n\t\t\t\t        <div class=\"ngg-gallery-thumbnail\">\n            <a href=\"http:\/\/www.spaziotorino.it\/scatto\/wp-content\/gallery\/2018_11_29_socfactory\/AMA_4443.jpg\"\n               title=\"\"\n               data-src=\"http:\/\/www.spaziotorino.it\/scatto\/wp-content\/gallery\/2018_11_29_socfactory\/AMA_4443.jpg\"\n               data-thumbnail=\"http:\/\/www.spaziotorino.it\/scatto\/wp-content\/gallery\/2018_11_29_socfactory\/thumbs\/thumbs_AMA_4443.jpg\"\n               data-image-id=\"21956\"\n               data-title=\"AMA_4443\"\n               data-description=\"\"\n               data-image-slug=\"ama_4443\"\n               class=\"ngg-fancybox\" rel=\"1829ed0878dd2d262ad6baca22230b15\">\n                <img\n                    title=\"AMA_4443\"\n                    alt=\"AMA_4443\"\n                    src=\"http:\/\/www.spaziotorino.it\/scatto\/wp-content\/gallery\/2018_11_29_socfactory\/cache\/AMA_4443.jpg-nggid0521956-ngg0dyn-60x60x100-00f0w010c011r110f110r010t010.jpg\"\n                    width=\"60\"\n                    height=\"60\"\n                    style=\"max-width:100%;\"\n                \/>\n            <\/a>\n        <\/div>\n\t\t\t\t\t\t\t<\/div> \n\t\t\t\n        \n\t\t\t\t<div id=\"ngg-image-1\" class=\"ngg-gallery-thumbnail-box\" >\n\t\t\t\t        <div class=\"ngg-gallery-thumbnail\">\n            <a href=\"http:\/\/www.spaziotorino.it\/scatto\/wp-content\/gallery\/2018_11_29_socfactory\/AMA_4450.jpg\"\n               title=\"\"\n               data-src=\"http:\/\/www.spaziotorino.it\/scatto\/wp-content\/gallery\/2018_11_29_socfactory\/AMA_4450.jpg\"\n               data-thumbnail=\"http:\/\/www.spaziotorino.it\/scatto\/wp-content\/gallery\/2018_11_29_socfactory\/thumbs\/thumbs_AMA_4450.jpg\"\n               data-image-id=\"21957\"\n               data-title=\"AMA_4450\"\n               data-description=\"\"\n               data-image-slug=\"ama_4450\"\n               class=\"ngg-fancybox\" rel=\"1829ed0878dd2d262ad6baca22230b15\">\n                <img\n                    title=\"AMA_4450\"\n                    alt=\"AMA_4450\"\n                    src=\"http:\/\/www.spaziotorino.it\/scatto\/wp-content\/gallery\/2018_11_29_socfactory\/cache\/AMA_4450.jpg-nggid0521957-ngg0dyn-60x60x100-00f0w010c011r110f110r010t010.jpg\"\n                    width=\"60\"\n                    height=\"60\"\n                    style=\"max-width:100%;\"\n                \/>\n            <\/a>\n        <\/div>\n\t\t\t\t\t\t\t<\/div> \n\t\t\t\n        \n\t\t\t\t<div id=\"ngg-image-2\" class=\"ngg-gallery-thumbnail-box\" >\n\t\t\t\t        <div class=\"ngg-gallery-thumbnail\">\n            <a href=\"http:\/\/www.spaziotorino.it\/scatto\/wp-content\/gallery\/2018_11_29_socfactory\/AMA_4462.jpg\"\n               title=\"\"\n               data-src=\"http:\/\/www.spaziotorino.it\/scatto\/wp-content\/gallery\/2018_11_29_socfactory\/AMA_4462.jpg\"\n               data-thumbnail=\"http:\/\/www.spaziotorino.it\/scatto\/wp-content\/gallery\/2018_11_29_socfactory\/thumbs\/thumbs_AMA_4462.jpg\"\n               data-image-id=\"21958\"\n               data-title=\"AMA_4462\"\n               data-description=\"\"\n               data-image-slug=\"ama_4462\"\n               class=\"ngg-fancybox\" rel=\"1829ed0878dd2d262ad6baca22230b15\">\n                <img\n                    title=\"AMA_4462\"\n                    alt=\"AMA_4462\"\n                    src=\"http:\/\/www.spaziotorino.it\/scatto\/wp-content\/gallery\/2018_11_29_socfactory\/cache\/AMA_4462.jpg-nggid0521958-ngg0dyn-60x60x100-00f0w010c011r110f110r010t010.jpg\"\n                    width=\"60\"\n                    height=\"60\"\n                    style=\"max-width:100%;\"\n                \/>\n            <\/a>\n        <\/div>\n\t\t\t\t\t\t\t<\/div> \n\t\t\t\n        \n\t\t\t\t<div id=\"ngg-image-3\" class=\"ngg-gallery-thumbnail-box\" >\n\t\t\t\t        <div class=\"ngg-gallery-thumbnail\">\n            <a href=\"http:\/\/www.spaziotorino.it\/scatto\/wp-content\/gallery\/2018_11_29_socfactory\/AMA_4464.jpg\"\n               title=\"\"\n               data-src=\"http:\/\/www.spaziotorino.it\/scatto\/wp-content\/gallery\/2018_11_29_socfactory\/AMA_4464.jpg\"\n               data-thumbnail=\"http:\/\/www.spaziotorino.it\/scatto\/wp-content\/gallery\/2018_11_29_socfactory\/thumbs\/thumbs_AMA_4464.jpg\"\n               data-image-id=\"21959\"\n               data-title=\"AMA_4464\"\n               data-description=\"\"\n               data-image-slug=\"ama_4464\"\n               class=\"ngg-fancybox\" rel=\"1829ed0878dd2d262ad6baca22230b15\">\n                <img\n                    title=\"AMA_4464\"\n                    alt=\"AMA_4464\"\n                    src=\"http:\/\/www.spaziotorino.it\/scatto\/wp-content\/gallery\/2018_11_29_socfactory\/cache\/AMA_4464.jpg-nggid0521959-ngg0dyn-60x60x100-00f0w010c011r110f110r010t010.jpg\"\n                    width=\"60\"\n                    height=\"60\"\n                    style=\"max-width:100%;\"\n                \/>\n            <\/a>\n        <\/div>\n\t\t\t\t\t\t\t<\/div> \n\t\t\t\n        \n\t\t\t\t<div id=\"ngg-image-4\" class=\"ngg-gallery-thumbnail-box\" >\n\t\t\t\t        <div class=\"ngg-gallery-thumbnail\">\n            <a href=\"http:\/\/www.spaziotorino.it\/scatto\/wp-content\/gallery\/2018_11_29_socfactory\/AMA_4469.jpg\"\n               title=\"\"\n               data-src=\"http:\/\/www.spaziotorino.it\/scatto\/wp-content\/gallery\/2018_11_29_socfactory\/AMA_4469.jpg\"\n               data-thumbnail=\"http:\/\/www.spaziotorino.it\/scatto\/wp-content\/gallery\/2018_11_29_socfactory\/thumbs\/thumbs_AMA_4469.jpg\"\n               data-image-id=\"21960\"\n               data-title=\"AMA_4469\"\n               data-description=\"\"\n               data-image-slug=\"ama_4469\"\n               class=\"ngg-fancybox\" rel=\"1829ed0878dd2d262ad6baca22230b15\">\n                <img\n                    title=\"AMA_4469\"\n                    alt=\"AMA_4469\"\n                    src=\"http:\/\/www.spaziotorino.it\/scatto\/wp-content\/gallery\/2018_11_29_socfactory\/cache\/AMA_4469.jpg-nggid0521960-ngg0dyn-60x60x100-00f0w010c011r110f110r010t010.jpg\"\n                    width=\"60\"\n                    height=\"60\"\n                    style=\"max-width:100%;\"\n                \/>\n            <\/a>\n        <\/div>\n\t\t\t\t\t\t\t<\/div> \n\t\t\t\n        \n\t\t\t\t<div id=\"ngg-image-5\" class=\"ngg-gallery-thumbnail-box\" >\n\t\t\t\t        <div class=\"ngg-gallery-thumbnail\">\n            <a href=\"http:\/\/www.spaziotorino.it\/scatto\/wp-content\/gallery\/2018_11_29_socfactory\/AMA_4482.jpg\"\n               title=\"\"\n               data-src=\"http:\/\/www.spaziotorino.it\/scatto\/wp-content\/gallery\/2018_11_29_socfactory\/AMA_4482.jpg\"\n               data-thumbnail=\"http:\/\/www.spaziotorino.it\/scatto\/wp-content\/gallery\/2018_11_29_socfactory\/thumbs\/thumbs_AMA_4482.jpg\"\n               data-image-id=\"21961\"\n               data-title=\"AMA_4482\"\n               data-description=\"\"\n               data-image-slug=\"ama_4482\"\n               class=\"ngg-fancybox\" rel=\"1829ed0878dd2d262ad6baca22230b15\">\n                <img\n                    title=\"AMA_4482\"\n                    alt=\"AMA_4482\"\n                    src=\"http:\/\/www.spaziotorino.it\/scatto\/wp-content\/gallery\/2018_11_29_socfactory\/cache\/AMA_4482.jpg-nggid0521961-ngg0dyn-60x60x100-00f0w010c011r110f110r010t010.jpg\"\n                    width=\"60\"\n                    height=\"60\"\n                    style=\"max-width:100%;\"\n                \/>\n            <\/a>\n        <\/div>\n\t\t\t\t\t\t\t<\/div> \n\t\t\t\n        \n\t\t\t\t<div id=\"ngg-image-6\" class=\"ngg-gallery-thumbnail-box\" >\n\t\t\t\t        <div class=\"ngg-gallery-thumbnail\">\n            <a href=\"http:\/\/www.spaziotorino.it\/scatto\/wp-content\/gallery\/2018_11_29_socfactory\/AMA_4497.jpg\"\n               title=\"\"\n               data-src=\"http:\/\/www.spaziotorino.it\/scatto\/wp-content\/gallery\/2018_11_29_socfactory\/AMA_4497.jpg\"\n               data-thumbnail=\"http:\/\/www.spaziotorino.it\/scatto\/wp-content\/gallery\/2018_11_29_socfactory\/thumbs\/thumbs_AMA_4497.jpg\"\n               data-image-id=\"21962\"\n               data-title=\"AMA_4497\"\n               data-description=\"\"\n               data-image-slug=\"ama_4497\"\n               class=\"ngg-fancybox\" rel=\"1829ed0878dd2d262ad6baca22230b15\">\n                <img\n                    title=\"AMA_4497\"\n                    alt=\"AMA_4497\"\n                    src=\"http:\/\/www.spaziotorino.it\/scatto\/wp-content\/gallery\/2018_11_29_socfactory\/cache\/AMA_4497.jpg-nggid0521962-ngg0dyn-60x60x100-00f0w010c011r110f110r010t010.jpg\"\n                    width=\"60\"\n                    height=\"60\"\n                    style=\"max-width:100%;\"\n                \/>\n            <\/a>\n        <\/div>\n\t\t\t\t\t\t\t<\/div> \n\t\t\t\n        \n\t\t\t\t<div id=\"ngg-image-7\" class=\"ngg-gallery-thumbnail-box\" >\n\t\t\t\t        <div class=\"ngg-gallery-thumbnail\">\n            <a href=\"http:\/\/www.spaziotorino.it\/scatto\/wp-content\/gallery\/2018_11_29_socfactory\/AMA_4509.jpg\"\n               title=\"\"\n               data-src=\"http:\/\/www.spaziotorino.it\/scatto\/wp-content\/gallery\/2018_11_29_socfactory\/AMA_4509.jpg\"\n               data-thumbnail=\"http:\/\/www.spaziotorino.it\/scatto\/wp-content\/gallery\/2018_11_29_socfactory\/thumbs\/thumbs_AMA_4509.jpg\"\n               data-image-id=\"21963\"\n               data-title=\"AMA_4509\"\n               data-description=\"\"\n               data-image-slug=\"ama_4509\"\n               class=\"ngg-fancybox\" rel=\"1829ed0878dd2d262ad6baca22230b15\">\n                <img\n                    title=\"AMA_4509\"\n                    alt=\"AMA_4509\"\n                    src=\"http:\/\/www.spaziotorino.it\/scatto\/wp-content\/gallery\/2018_11_29_socfactory\/cache\/AMA_4509.jpg-nggid0521963-ngg0dyn-60x60x100-00f0w010c011r110f110r010t010.jpg\"\n                    width=\"60\"\n                    height=\"60\"\n                    style=\"max-width:100%;\"\n                \/>\n            <\/a>\n        <\/div>\n\t\t\t\t\t\t\t<\/div> \n\t\t\t\n        \n\t\t\t\t<div id=\"ngg-image-8\" class=\"ngg-gallery-thumbnail-box\" >\n\t\t\t\t        <div class=\"ngg-gallery-thumbnail\">\n            <a href=\"http:\/\/www.spaziotorino.it\/scatto\/wp-content\/gallery\/2018_11_29_socfactory\/AMA_4522.jpg\"\n               title=\"\"\n               data-src=\"http:\/\/www.spaziotorino.it\/scatto\/wp-content\/gallery\/2018_11_29_socfactory\/AMA_4522.jpg\"\n               data-thumbnail=\"http:\/\/www.spaziotorino.it\/scatto\/wp-content\/gallery\/2018_11_29_socfactory\/thumbs\/thumbs_AMA_4522.jpg\"\n               data-image-id=\"21964\"\n               data-title=\"AMA_4522\"\n               data-description=\"\"\n               data-image-slug=\"ama_4522\"\n               class=\"ngg-fancybox\" rel=\"1829ed0878dd2d262ad6baca22230b15\">\n                <img\n                    title=\"AMA_4522\"\n                    alt=\"AMA_4522\"\n                    src=\"http:\/\/www.spaziotorino.it\/scatto\/wp-content\/gallery\/2018_11_29_socfactory\/cache\/AMA_4522.jpg-nggid0521964-ngg0dyn-60x60x100-00f0w010c011r110f110r010t010.jpg\"\n                    width=\"60\"\n                    height=\"60\"\n                    style=\"max-width:100%;\"\n                \/>\n            <\/a>\n        <\/div>\n\t\t\t\t\t\t\t<\/div> \n\t\t\t\n        \n\t\t\t\t<div id=\"ngg-image-9\" class=\"ngg-gallery-thumbnail-box\" >\n\t\t\t\t        <div class=\"ngg-gallery-thumbnail\">\n            <a href=\"http:\/\/www.spaziotorino.it\/scatto\/wp-content\/gallery\/2018_11_29_socfactory\/AMA_4524.jpg\"\n               title=\"\"\n               data-src=\"http:\/\/www.spaziotorino.it\/scatto\/wp-content\/gallery\/2018_11_29_socfactory\/AMA_4524.jpg\"\n               data-thumbnail=\"http:\/\/www.spaziotorino.it\/scatto\/wp-content\/gallery\/2018_11_29_socfactory\/thumbs\/thumbs_AMA_4524.jpg\"\n               data-image-id=\"21965\"\n               data-title=\"AMA_4524\"\n               data-description=\"\"\n               data-image-slug=\"ama_4524\"\n               class=\"ngg-fancybox\" rel=\"1829ed0878dd2d262ad6baca22230b15\">\n                <img\n                    title=\"AMA_4524\"\n                    alt=\"AMA_4524\"\n                    src=\"http:\/\/www.spaziotorino.it\/scatto\/wp-content\/gallery\/2018_11_29_socfactory\/cache\/AMA_4524.jpg-nggid0521965-ngg0dyn-60x60x100-00f0w010c011r110f110r010t010.jpg\"\n                    width=\"60\"\n                    height=\"60\"\n                    style=\"max-width:100%;\"\n                \/>\n            <\/a>\n        <\/div>\n\t\t\t\t\t\t\t<\/div> \n\t\t\t\n        \n\t\t\t\t<div id=\"ngg-image-10\" class=\"ngg-gallery-thumbnail-box\" >\n\t\t\t\t        <div class=\"ngg-gallery-thumbnail\">\n            <a href=\"http:\/\/www.spaziotorino.it\/scatto\/wp-content\/gallery\/2018_11_29_socfactory\/AMA_4532.jpg\"\n               title=\"\"\n               data-src=\"http:\/\/www.spaziotorino.it\/scatto\/wp-content\/gallery\/2018_11_29_socfactory\/AMA_4532.jpg\"\n               data-thumbnail=\"http:\/\/www.spaziotorino.it\/scatto\/wp-content\/gallery\/2018_11_29_socfactory\/thumbs\/thumbs_AMA_4532.jpg\"\n               data-image-id=\"21966\"\n               data-title=\"AMA_4532\"\n               data-description=\"\"\n               data-image-slug=\"ama_4532\"\n               class=\"ngg-fancybox\" rel=\"1829ed0878dd2d262ad6baca22230b15\">\n                <img\n                    title=\"AMA_4532\"\n                    alt=\"AMA_4532\"\n                    src=\"http:\/\/www.spaziotorino.it\/scatto\/wp-content\/gallery\/2018_11_29_socfactory\/cache\/AMA_4532.jpg-nggid0521966-ngg0dyn-60x60x100-00f0w010c011r110f110r010t010.jpg\"\n                    width=\"60\"\n                    height=\"60\"\n                    style=\"max-width:100%;\"\n                \/>\n            <\/a>\n        <\/div>\n\t\t\t\t\t\t\t<\/div> \n\t\t\t\n        \n\t\t\n\t\t<!-- Pagination -->\n\t<div class='ngg-clear'><\/div>\t<\/div>\n\n<p>Potranno contare su contributi a fondo perduto, ciascuno dell\u2019ordine di centomila euro, venticinque realt\u00e0 associative operanti nel Terzo settore, i cui dodici progetti &#8211; interamente realizzati secondo una logica di prossimit\u00e0 in diversi quartieri della Citt\u00e0 -, sono stati ammessi al finanziamento Pon Metro Torino (Programma Operativo Nazionale Citt\u00e0 Metropolitane 2014-2020) misura 3.3.1.A.<\/p>\n<p>Tra i progetti rientrano la promozione di borse-lavoro riservate a giovani che saranno impiegati in un forno sociale, la sperimentazione del portierato sociale &#8211; sulla falsariga dell\u2019esperienze parigina \u201cLulu dans ma rue\u201d -, l\u2019apertura di un social shop di moda etica legato alla filiera a chilometro zero. E&#8217; previsto anche un polo di prossimit\u00e0 per la realizzazione di una rete territoriale di welfare comunitario, servizi di supporto allo sviluppo di micro-imprese tramite interazione continue tra profit e non profit, luoghi che mettono insieme produzione e vendita di beni e servizi inerenti riuso ed ecosostenibilit\u00e0 con ambienti per favorire l&#8217;aggregazione sociale; oltre a spazi innovativi per conciliare famiglia e lavoro con servizi di baby parking e coworking.<\/p>\n<p>\u201cSi tratta di iniziative legate al sostegno della prossimit\u00e0, seguendo modelli di welfare di comunit\u00e0 che saranno destinate, nel corso del tempo, a diventare auto-sostenibili &#8211; sottolinea Paolo Pisano, assessora comunale all\u2019innovazione -. Questa \u00e8 la prima misura a sostegno dell\u2019innovazione sociale che parte a livello nazionale nell\u2019ambito del Programma Operativo Nazionale Citt\u00e0 Metropolitane 2014-2020, per la quale sono stati allocati circa 1 milione e 400 mila euro di fondi europei a sostegno di progetti di innovazione sociale. A essere coinvolte saranno 25 organizzazioni no-profit che sperimenteranno attraverso dodici partenariati modelli innovativi in grado di generare impatti positivi in tema di lotta alle nuove povert\u00e0, per il superamento della vulnerabilit\u00e0 sociale, contro la disoccupazione e favorire l\u2019integrazione culturale e la coesione sociale. La Citt\u00e0 \u00e8 impegnata attraverso la piattaforma Torino Social Impact a sviluppare un vero e proprio programma di economia che si inserisce in un ecosistema, votato allo sviluppo di una imprenditorialit\u00e0 a elevato impatto sociale attraverso il quale il Comune sar\u00e0 un partner forte, affiancando concretamente gli imprenditori nel sostegno di idee in grado di offrire risposte concrete in una citt\u00e0 che, pi\u00f9 di altre, \u00e8 stata segnata dalla crisi economica&#8221;.<\/p>\n<p>La misura in questione si inserisce, infatti, all\u2019interno del quadro pi\u00f9 ampio di Torino Social Impact, l\u2019ecosistema torinese rappresentato ad oggi da piu di 50 attori tra pubblico e privato, finalizzato allo sviluppo di un\u2019imprenditorialit\u00e0 ad elevato impatto sociale. Una strategia basata sull\u2019idea che all\u2019intersezione tra la storica vocazione all\u2019imprenditorialit\u00e0 sociale della citt\u00e0, la densit\u00e0 di capacit\u00e0 tecnologiche sul territorio e la presenza di importanti investitori finanziari orientati all\u2019impatto sociale, risieda una interessante opzione di sviluppo sociale ed industriale per la citt\u00e0.<\/p>\n<p>Peraltro l\u2019Amministrazione comunale di Torino da tempo sta investendo su tali progettualit\u00e0 attraverso numerose iniziative locali, con la misura del Pon Metro dedicata a supportare il non-profit nella realizzazione di campagne di crowdfunding, con il Progetto Periferie AxTO dedicato al testing di nuovi servizi che possano soddisfare bisogni sociali in aree periferiche (misura 3.03), per finanziare sperimentazioni innovative applicate all\u2019economia collaborativa e circolare (misura 3.02) e, su scala europea con i progetti Boosting Social Innovation\u201d e \u201cUrbinclusion\u201d all\u2019interno della rete Urbact.<\/p>\n<p>\u201cL\u2019obiettivo \u00e8 attivare interventi di rigenerazione urbana attraverso un&#8217;importante misura di sostegno al terzo settore &#8211; aggiunge la sindaca Chiara Appendino &#8211; per fornire risposte innovative ai bisogni dei cittadini, generare impatti sociali ed attivare nuove forme di economia locale&#8221;.<\/p>\n<p>Il percorso di selezione delle idee progettuali \u00e8 avvenuto in pi\u00f9 fasi con l&#8217;ammissione a un primo percorso di incubazione, articolato poi in workshop collegiali nel corso dei quali sono state affinati e costruiti i partenariati.<\/p>\n<p>Breve descrizione dei progetti<\/p>\n<p>Agevolare e incrementare cos\u00ec i servizi domiciliari e di planning domestico grazie al ruolo di caregiver assunto da familiari di anziani nel perimetro delle Circoscrizioni V e VII \u00e8 l\u2019iniziativa messa a punto dalla Cooperativa Zenith-Prometeo. Mentre nel Quadrilatero Romano, nelle zone dei Quartieri Militari, di Porta Doranea e Porta Palazzo-Valdocco in collaborazione con i negozianti la Rete italiana di cultura popolare intende stendere le collaborazioni circolari in un quadro di valorizzazione delle piccole botteghe nell\u2019ambito dei piccoli traslochi, nel dog-sitting, di consegna a domicilio della spesa, deposito chiavi e pacchi. A Porta Palazzo, invece la San Vincenzo de\u2019 Paoli intende far nascere un social shop multifunzionale per la raccolta e la trasformazione sartoriale di abiti gi\u00e0 indossati da donare, una volta rigenerati a cittadini meno abbienti. Nella cornice di Parco Colonnetti, a Mirafiori, trover\u00e0 impulso, per iniziativa di Patchanka una mensa sociale, a prezzi accessibili, dove in tavola saranno servizi cibi cucinati invenduti raccolti nei mercati rionali. Panacea Social Farm si occuper\u00e0 di percorsi di formazione all\u2019arte di panettiere nei laboratori di via Baltea. In Borgo Vittoria, invece, Loving The Alien si occuper\u00e0, con l\u2019impiego di persone a disagio, della riqualificazione del giardino adiacente il Mufant realizzando un parco a tema fantastico con installazioni e scenografie. Saranno inoltre creati e messi in vendita souvenir. Liberitutti si occuper\u00e0 di valorizzare i talenti professionali a scavalco tra il profit e il no profit, agevolando iniziative di micro imprenditorialit\u00e0 tra Barriera di Milano e Aurora. Creare un polo di prossimit\u00e0 riservato alle famiglie che potranno cos\u00ec supportarsi a vicenda in azioni di mutua assistenza come pulizie, compagnia, piccoli lavori di manutenzione attivando cos\u00ec processi di empowerment in gruppi sociali fragili nei territori delle Circoscrizioni II e VIII (via Passo Buole, via Nizza, stazione Lingotto, corso Giambone). Nuove iniziative di welfare di comunit\u00e0 saranno innescate nel condominio sociale di via Saluzzo 30 con l\u2019apertura di spazi di coworking e stanze gioco per bambini oltre a iniziative a sostegno della prima infanzia e dei genitori. L\u2019apertura di una nuova officina aperta ad artigiani, upcycler e commercianti e riparatori, con annesso spazio ristoro, nel distretto Barriera di Milano-Aurora \u00e8 l\u2019obiettivo di Triciclo, cooperativa da anni impegnata nel riuso. Anche la Cooperativa Mirafiori sar\u00e0 impegnata nella promozione degli spostamenti su due ruote con iniziative ad hoc di bici-bus da impiegare nei percorsi casa-scuola, e con l\u2019apertura di una attivit\u00e0 di riparazione biciclette e un bar ristoro in strada delle Cacce. Infine, a cura della Cooperativa Eta Beta saranno innescate connessioni etiche grazie a laboratori formativi, all\u2019interno della casa Circondariale delle Vallette.<\/p>\n","protected":false},"excerpt":{"rendered":"<p>Potranno contare su contributi a fondo perduto, ciascuno dell\u2019ordine di centomila euro, venticinque realt\u00e0 associative operanti nel Terzo settore, i cui dodici progetti &#8211; interamente realizzati secondo una logica di prossimit\u00e0 in diversi quartieri della Citt\u00e0 -, sono stati ammessi al finanziamento Pon Metro Torino (Programma Operativo Nazionale Citt\u00e0 Metropolitane 2014-2020) misura 3.3.1.A. Tra i [&hellip;]<\/p>\n","protected":false},"author":1,"featured_media":0,"comment_status":"closed","ping_status":"open","sticky":false,"template":"","format":"standard","meta":{"ngg_post_thumbnail":0},"categories":[1],"tags":[],"_links":{"self":[{"href":"http:\/\/www.spaziotorino.it\/scatto\/index.php?rest_route=\/wp\/v2\/posts\/14900"}],"collection":[{"href":"http:\/\/www.spaziotorino.it\/scatto\/index.php?rest_route=\/wp\/v2\/posts"}],"about":[{"href":"http:\/\/www.spaziotorino.it\/scatto\/index.php?rest_route=\/wp\/v2\/types\/post"}],"author":[{"embeddable":true,"href":"http:\/\/www.spaziotorino.it\/scatto\/index.php?rest_route=\/wp\/v2\/users\/1"}],"replies":[{"embeddable":true,"href":"http:\/\/www.spaziotorino.it\/scatto\/index.php?rest_route=%2Fwp%2Fv2%2Fcomments&post=14900"}],"version-history":[{"count":2,"href":"http:\/\/www.spaziotorino.it\/scatto\/index.php?rest_route=\/wp\/v2\/posts\/14900\/revisions"}],"predecessor-version":[{"id":14903,"href":"http:\/\/www.spaziotorino.it\/scatto\/index.php?rest_route=\/wp\/v2\/posts\/14900\/revisions\/14903"}],"wp:attachment":[{"href":"http:\/\/www.spaziotorino.it\/scatto\/index.php?rest_route=%2Fwp%2Fv2%2Fmedia&parent=14900"}],"wp:term":[{"taxonomy":"category","embeddable":true,"href":"http:\/\/www.spaziotorino.it\/scatto\/index.php?rest_route=%2Fwp%2Fv2%2Fcategories&post=14900"},{"taxonomy":"post_tag","embeddable":true,"href":"http:\/\/www.spaziotorino.it\/scatto\/index.php?rest_route=%2Fwp%2Fv2%2Ftags&post=14900"}],"curies":[{"name":"wp","href":"https:\/\/api.w.org\/{rel}","templated":true}]}}