{"id":15063,"date":"2018-12-04T17:40:28","date_gmt":"2018-12-04T16:40:28","guid":{"rendered":"http:\/\/www.spaziotorino.it\/scatto\/?p=15063"},"modified":"2018-12-05T11:42:33","modified_gmt":"2018-12-05T10:42:33","slug":"un-albero-in-comune","status":"publish","type":"post","link":"http:\/\/www.spaziotorino.it\/scatto\/?p=15063","title":{"rendered":"Un albero in Comune"},"content":{"rendered":"<p><a class=\"ngg-fancybox\" title=\"Un albero in Comune\" href=\"http:\/\/www.spaziotorino.it\/scatto\/wp-content\/gallery\/2018_12_04_albero\/AMA_0370.jpg\" rel=\"d4803321a0cb3f340c600a22aa602ce5\"><br \/>\n<img decoding=\"async\" loading=\"lazy\" class=\"ngg-singlepic\" title=\"Un albero in Comune\" src=\"http:\/\/www.spaziotorino.it\/scatto\/wp-content\/gallery\/2018_12_04_albero\/AMA_0370.jpg\" alt=\"\" width=\"540\" height=\"360\"\/><\/a><\/p>\n<!-- index.php -->\n<div\n\tclass=\"ngg-galleryoverview ngg-ajax-pagination-none\"\n\tid=\"ngg-gallery-efa1b6a80e125f06b756db7805e0b661-1\">\n\n    \t\t<!-- Thumbnails -->\n\t\t\t\t<div id=\"ngg-image-0\" class=\"ngg-gallery-thumbnail-box\" >\n\t\t\t\t        <div class=\"ngg-gallery-thumbnail\">\n            <a href=\"http:\/\/www.spaziotorino.it\/scatto\/wp-content\/gallery\/2018_12_04_albero\/AMA_0247.jpg\"\n               title=\"\"\n               data-src=\"http:\/\/www.spaziotorino.it\/scatto\/wp-content\/gallery\/2018_12_04_albero\/AMA_0247.jpg\"\n               data-thumbnail=\"http:\/\/www.spaziotorino.it\/scatto\/wp-content\/gallery\/2018_12_04_albero\/thumbs\/thumbs_AMA_0247.jpg\"\n               data-image-id=\"22022\"\n               data-title=\"AMA_0247\"\n               data-description=\"\"\n               data-image-slug=\"ama_0247\"\n               class=\"ngg-fancybox\" rel=\"efa1b6a80e125f06b756db7805e0b661\">\n                <img\n                    title=\"AMA_0247\"\n                    alt=\"AMA_0247\"\n                    src=\"http:\/\/www.spaziotorino.it\/scatto\/wp-content\/gallery\/2018_12_04_albero\/cache\/AMA_0247.jpg-nggid0522022-ngg0dyn-60x60x100-00f0w010c011r110f110r010t010.jpg\"\n                    width=\"60\"\n                    height=\"60\"\n                    style=\"max-width:100%;\"\n                \/>\n            <\/a>\n        <\/div>\n\t\t\t\t\t\t\t<\/div> \n\t\t\t\n        \n\t\t\t\t<div id=\"ngg-image-1\" class=\"ngg-gallery-thumbnail-box\" >\n\t\t\t\t        <div class=\"ngg-gallery-thumbnail\">\n            <a href=\"http:\/\/www.spaziotorino.it\/scatto\/wp-content\/gallery\/2018_12_04_albero\/AMA_0248.jpg\"\n               title=\"\"\n               data-src=\"http:\/\/www.spaziotorino.it\/scatto\/wp-content\/gallery\/2018_12_04_albero\/AMA_0248.jpg\"\n               data-thumbnail=\"http:\/\/www.spaziotorino.it\/scatto\/wp-content\/gallery\/2018_12_04_albero\/thumbs\/thumbs_AMA_0248.jpg\"\n               data-image-id=\"22023\"\n               data-title=\"AMA_0248\"\n               data-description=\"\"\n               data-image-slug=\"ama_0248\"\n               class=\"ngg-fancybox\" rel=\"efa1b6a80e125f06b756db7805e0b661\">\n                <img\n                    title=\"AMA_0248\"\n                    alt=\"AMA_0248\"\n                    src=\"http:\/\/www.spaziotorino.it\/scatto\/wp-content\/gallery\/2018_12_04_albero\/cache\/AMA_0248.jpg-nggid0522023-ngg0dyn-60x60x100-00f0w010c011r110f110r010t010.jpg\"\n                    width=\"60\"\n                    height=\"60\"\n                    style=\"max-width:100%;\"\n                \/>\n            <\/a>\n        <\/div>\n\t\t\t\t\t\t\t<\/div> \n\t\t\t\n        \n\t\t\t\t<div id=\"ngg-image-2\" class=\"ngg-gallery-thumbnail-box\" >\n\t\t\t\t        <div class=\"ngg-gallery-thumbnail\">\n            <a href=\"http:\/\/www.spaziotorino.it\/scatto\/wp-content\/gallery\/2018_12_04_albero\/AMA_0259.jpg\"\n               title=\"\"\n               data-src=\"http:\/\/www.spaziotorino.it\/scatto\/wp-content\/gallery\/2018_12_04_albero\/AMA_0259.jpg\"\n               data-thumbnail=\"http:\/\/www.spaziotorino.it\/scatto\/wp-content\/gallery\/2018_12_04_albero\/thumbs\/thumbs_AMA_0259.jpg\"\n               data-image-id=\"22025\"\n               data-title=\"AMA_0259\"\n               data-description=\"\"\n               data-image-slug=\"ama_0259\"\n               class=\"ngg-fancybox\" rel=\"efa1b6a80e125f06b756db7805e0b661\">\n                <img\n                    title=\"AMA_0259\"\n                    alt=\"AMA_0259\"\n                    src=\"http:\/\/www.spaziotorino.it\/scatto\/wp-content\/gallery\/2018_12_04_albero\/cache\/AMA_0259.jpg-nggid0522025-ngg0dyn-60x60x100-00f0w010c011r110f110r010t010.jpg\"\n                    width=\"60\"\n                    height=\"60\"\n                    style=\"max-width:100%;\"\n                \/>\n            <\/a>\n        <\/div>\n\t\t\t\t\t\t\t<\/div> \n\t\t\t\n        \n\t\t\t\t<div id=\"ngg-image-3\" class=\"ngg-gallery-thumbnail-box\" >\n\t\t\t\t        <div class=\"ngg-gallery-thumbnail\">\n            <a href=\"http:\/\/www.spaziotorino.it\/scatto\/wp-content\/gallery\/2018_12_04_albero\/AMA_0265.jpg\"\n               title=\"\"\n               data-src=\"http:\/\/www.spaziotorino.it\/scatto\/wp-content\/gallery\/2018_12_04_albero\/AMA_0265.jpg\"\n               data-thumbnail=\"http:\/\/www.spaziotorino.it\/scatto\/wp-content\/gallery\/2018_12_04_albero\/thumbs\/thumbs_AMA_0265.jpg\"\n               data-image-id=\"22026\"\n               data-title=\"AMA_0265\"\n               data-description=\"\"\n               data-image-slug=\"ama_0265\"\n               class=\"ngg-fancybox\" rel=\"efa1b6a80e125f06b756db7805e0b661\">\n                <img\n                    title=\"AMA_0265\"\n                    alt=\"AMA_0265\"\n                    src=\"http:\/\/www.spaziotorino.it\/scatto\/wp-content\/gallery\/2018_12_04_albero\/cache\/AMA_0265.jpg-nggid0522026-ngg0dyn-60x60x100-00f0w010c011r110f110r010t010.jpg\"\n                    width=\"60\"\n                    height=\"60\"\n                    style=\"max-width:100%;\"\n                \/>\n            <\/a>\n        <\/div>\n\t\t\t\t\t\t\t<\/div> \n\t\t\t\n        \n\t\t\t\t<div id=\"ngg-image-4\" class=\"ngg-gallery-thumbnail-box\" >\n\t\t\t\t        <div class=\"ngg-gallery-thumbnail\">\n            <a href=\"http:\/\/www.spaziotorino.it\/scatto\/wp-content\/gallery\/2018_12_04_albero\/AMA_0277.jpg\"\n               title=\"\"\n               data-src=\"http:\/\/www.spaziotorino.it\/scatto\/wp-content\/gallery\/2018_12_04_albero\/AMA_0277.jpg\"\n               data-thumbnail=\"http:\/\/www.spaziotorino.it\/scatto\/wp-content\/gallery\/2018_12_04_albero\/thumbs\/thumbs_AMA_0277.jpg\"\n               data-image-id=\"22027\"\n               data-title=\"AMA_0277\"\n               data-description=\"\"\n               data-image-slug=\"ama_0277\"\n               class=\"ngg-fancybox\" rel=\"efa1b6a80e125f06b756db7805e0b661\">\n                <img\n                    title=\"AMA_0277\"\n                    alt=\"AMA_0277\"\n                    src=\"http:\/\/www.spaziotorino.it\/scatto\/wp-content\/gallery\/2018_12_04_albero\/cache\/AMA_0277.jpg-nggid0522027-ngg0dyn-60x60x100-00f0w010c011r110f110r010t010.jpg\"\n                    width=\"60\"\n                    height=\"60\"\n                    style=\"max-width:100%;\"\n                \/>\n            <\/a>\n        <\/div>\n\t\t\t\t\t\t\t<\/div> \n\t\t\t\n        \n\t\t\t\t<div id=\"ngg-image-5\" class=\"ngg-gallery-thumbnail-box\" >\n\t\t\t\t        <div class=\"ngg-gallery-thumbnail\">\n            <a href=\"http:\/\/www.spaziotorino.it\/scatto\/wp-content\/gallery\/2018_12_04_albero\/AMA_0285.jpg\"\n               title=\"\"\n               data-src=\"http:\/\/www.spaziotorino.it\/scatto\/wp-content\/gallery\/2018_12_04_albero\/AMA_0285.jpg\"\n               data-thumbnail=\"http:\/\/www.spaziotorino.it\/scatto\/wp-content\/gallery\/2018_12_04_albero\/thumbs\/thumbs_AMA_0285.jpg\"\n               data-image-id=\"22028\"\n               data-title=\"AMA_0285\"\n               data-description=\"\"\n               data-image-slug=\"ama_0285\"\n               class=\"ngg-fancybox\" rel=\"efa1b6a80e125f06b756db7805e0b661\">\n                <img\n                    title=\"AMA_0285\"\n                    alt=\"AMA_0285\"\n                    src=\"http:\/\/www.spaziotorino.it\/scatto\/wp-content\/gallery\/2018_12_04_albero\/cache\/AMA_0285.jpg-nggid0522028-ngg0dyn-60x60x100-00f0w010c011r110f110r010t010.jpg\"\n                    width=\"60\"\n                    height=\"60\"\n                    style=\"max-width:100%;\"\n                \/>\n            <\/a>\n        <\/div>\n\t\t\t\t\t\t\t<\/div> \n\t\t\t\n        \n\t\t\t\t<div id=\"ngg-image-6\" class=\"ngg-gallery-thumbnail-box\" >\n\t\t\t\t        <div class=\"ngg-gallery-thumbnail\">\n            <a href=\"http:\/\/www.spaziotorino.it\/scatto\/wp-content\/gallery\/2018_12_04_albero\/AMA_0312.jpg\"\n               title=\"\"\n               data-src=\"http:\/\/www.spaziotorino.it\/scatto\/wp-content\/gallery\/2018_12_04_albero\/AMA_0312.jpg\"\n               data-thumbnail=\"http:\/\/www.spaziotorino.it\/scatto\/wp-content\/gallery\/2018_12_04_albero\/thumbs\/thumbs_AMA_0312.jpg\"\n               data-image-id=\"22029\"\n               data-title=\"AMA_0312\"\n               data-description=\"\"\n               data-image-slug=\"ama_0312\"\n               class=\"ngg-fancybox\" rel=\"efa1b6a80e125f06b756db7805e0b661\">\n                <img\n                    title=\"AMA_0312\"\n                    alt=\"AMA_0312\"\n                    src=\"http:\/\/www.spaziotorino.it\/scatto\/wp-content\/gallery\/2018_12_04_albero\/cache\/AMA_0312.jpg-nggid0522029-ngg0dyn-60x60x100-00f0w010c011r110f110r010t010.jpg\"\n                    width=\"60\"\n                    height=\"60\"\n                    style=\"max-width:100%;\"\n                \/>\n            <\/a>\n        <\/div>\n\t\t\t\t\t\t\t<\/div> \n\t\t\t\n        \n\t\t\t\t<div id=\"ngg-image-7\" class=\"ngg-gallery-thumbnail-box\" >\n\t\t\t\t        <div class=\"ngg-gallery-thumbnail\">\n            <a href=\"http:\/\/www.spaziotorino.it\/scatto\/wp-content\/gallery\/2018_12_04_albero\/AMA_0319.jpg\"\n               title=\"\"\n               data-src=\"http:\/\/www.spaziotorino.it\/scatto\/wp-content\/gallery\/2018_12_04_albero\/AMA_0319.jpg\"\n               data-thumbnail=\"http:\/\/www.spaziotorino.it\/scatto\/wp-content\/gallery\/2018_12_04_albero\/thumbs\/thumbs_AMA_0319.jpg\"\n               data-image-id=\"22030\"\n               data-title=\"AMA_0319\"\n               data-description=\"\"\n               data-image-slug=\"ama_0319\"\n               class=\"ngg-fancybox\" rel=\"efa1b6a80e125f06b756db7805e0b661\">\n                <img\n                    title=\"AMA_0319\"\n                    alt=\"AMA_0319\"\n                    src=\"http:\/\/www.spaziotorino.it\/scatto\/wp-content\/gallery\/2018_12_04_albero\/cache\/AMA_0319.jpg-nggid0522030-ngg0dyn-60x60x100-00f0w010c011r110f110r010t010.jpg\"\n                    width=\"60\"\n                    height=\"60\"\n                    style=\"max-width:100%;\"\n                \/>\n            <\/a>\n        <\/div>\n\t\t\t\t\t\t\t<\/div> \n\t\t\t\n        \n\t\t\t\t<div id=\"ngg-image-8\" class=\"ngg-gallery-thumbnail-box\" >\n\t\t\t\t        <div class=\"ngg-gallery-thumbnail\">\n            <a href=\"http:\/\/www.spaziotorino.it\/scatto\/wp-content\/gallery\/2018_12_04_albero\/AMA_0345.jpg\"\n               title=\"\"\n               data-src=\"http:\/\/www.spaziotorino.it\/scatto\/wp-content\/gallery\/2018_12_04_albero\/AMA_0345.jpg\"\n               data-thumbnail=\"http:\/\/www.spaziotorino.it\/scatto\/wp-content\/gallery\/2018_12_04_albero\/thumbs\/thumbs_AMA_0345.jpg\"\n               data-image-id=\"22031\"\n               data-title=\"AMA_0345\"\n               data-description=\"\"\n               data-image-slug=\"ama_0345\"\n               class=\"ngg-fancybox\" rel=\"efa1b6a80e125f06b756db7805e0b661\">\n                <img\n                    title=\"AMA_0345\"\n                    alt=\"AMA_0345\"\n                    src=\"http:\/\/www.spaziotorino.it\/scatto\/wp-content\/gallery\/2018_12_04_albero\/cache\/AMA_0345.jpg-nggid0522031-ngg0dyn-60x60x100-00f0w010c011r110f110r010t010.jpg\"\n                    width=\"60\"\n                    height=\"60\"\n                    style=\"max-width:100%;\"\n                \/>\n            <\/a>\n        <\/div>\n\t\t\t\t\t\t\t<\/div> \n\t\t\t\n        \n\t\t\t\t<div id=\"ngg-image-9\" class=\"ngg-gallery-thumbnail-box\" >\n\t\t\t\t        <div class=\"ngg-gallery-thumbnail\">\n            <a href=\"http:\/\/www.spaziotorino.it\/scatto\/wp-content\/gallery\/2018_12_04_albero\/AMA_0347.jpg\"\n               title=\"\"\n               data-src=\"http:\/\/www.spaziotorino.it\/scatto\/wp-content\/gallery\/2018_12_04_albero\/AMA_0347.jpg\"\n               data-thumbnail=\"http:\/\/www.spaziotorino.it\/scatto\/wp-content\/gallery\/2018_12_04_albero\/thumbs\/thumbs_AMA_0347.jpg\"\n               data-image-id=\"22032\"\n               data-title=\"AMA_0347\"\n               data-description=\"\"\n               data-image-slug=\"ama_0347\"\n               class=\"ngg-fancybox\" rel=\"efa1b6a80e125f06b756db7805e0b661\">\n                <img\n                    title=\"AMA_0347\"\n                    alt=\"AMA_0347\"\n                    src=\"http:\/\/www.spaziotorino.it\/scatto\/wp-content\/gallery\/2018_12_04_albero\/cache\/AMA_0347.jpg-nggid0522032-ngg0dyn-60x60x100-00f0w010c011r110f110r010t010.jpg\"\n                    width=\"60\"\n                    height=\"60\"\n                    style=\"max-width:100%;\"\n                \/>\n            <\/a>\n        <\/div>\n\t\t\t\t\t\t\t<\/div> \n\t\t\t\n        \n\t\t\t\t<div id=\"ngg-image-10\" class=\"ngg-gallery-thumbnail-box\" >\n\t\t\t\t        <div class=\"ngg-gallery-thumbnail\">\n            <a href=\"http:\/\/www.spaziotorino.it\/scatto\/wp-content\/gallery\/2018_12_04_albero\/AMA_0354.jpg\"\n               title=\"\"\n               data-src=\"http:\/\/www.spaziotorino.it\/scatto\/wp-content\/gallery\/2018_12_04_albero\/AMA_0354.jpg\"\n               data-thumbnail=\"http:\/\/www.spaziotorino.it\/scatto\/wp-content\/gallery\/2018_12_04_albero\/thumbs\/thumbs_AMA_0354.jpg\"\n               data-image-id=\"22033\"\n               data-title=\"AMA_0354\"\n               data-description=\"\"\n               data-image-slug=\"ama_0354\"\n               class=\"ngg-fancybox\" rel=\"efa1b6a80e125f06b756db7805e0b661\">\n                <img\n                    title=\"AMA_0354\"\n                    alt=\"AMA_0354\"\n                    src=\"http:\/\/www.spaziotorino.it\/scatto\/wp-content\/gallery\/2018_12_04_albero\/cache\/AMA_0354.jpg-nggid0522033-ngg0dyn-60x60x100-00f0w010c011r110f110r010t010.jpg\"\n                    width=\"60\"\n                    height=\"60\"\n                    style=\"max-width:100%;\"\n                \/>\n            <\/a>\n        <\/div>\n\t\t\t\t\t\t\t<\/div> \n\t\t\t\n        \n\t\t\t\t<div id=\"ngg-image-11\" class=\"ngg-gallery-thumbnail-box\" >\n\t\t\t\t        <div class=\"ngg-gallery-thumbnail\">\n            <a href=\"http:\/\/www.spaziotorino.it\/scatto\/wp-content\/gallery\/2018_12_04_albero\/AMA_0369.jpg\"\n               title=\"\"\n               data-src=\"http:\/\/www.spaziotorino.it\/scatto\/wp-content\/gallery\/2018_12_04_albero\/AMA_0369.jpg\"\n               data-thumbnail=\"http:\/\/www.spaziotorino.it\/scatto\/wp-content\/gallery\/2018_12_04_albero\/thumbs\/thumbs_AMA_0369.jpg\"\n               data-image-id=\"22034\"\n               data-title=\"AMA_0369\"\n               data-description=\"\"\n               data-image-slug=\"ama_0369\"\n               class=\"ngg-fancybox\" rel=\"efa1b6a80e125f06b756db7805e0b661\">\n                <img\n                    title=\"AMA_0369\"\n                    alt=\"AMA_0369\"\n                    src=\"http:\/\/www.spaziotorino.it\/scatto\/wp-content\/gallery\/2018_12_04_albero\/cache\/AMA_0369.jpg-nggid0522034-ngg0dyn-60x60x100-00f0w010c011r110f110r010t010.jpg\"\n                    width=\"60\"\n                    height=\"60\"\n                    style=\"max-width:100%;\"\n                \/>\n            <\/a>\n        <\/div>\n\t\t\t\t\t\t\t<\/div> \n\t\t\t\n        \n\t\t\t\t<div id=\"ngg-image-12\" class=\"ngg-gallery-thumbnail-box\" >\n\t\t\t\t        <div class=\"ngg-gallery-thumbnail\">\n            <a href=\"http:\/\/www.spaziotorino.it\/scatto\/wp-content\/gallery\/2018_12_04_albero\/AMA_0370.jpg\"\n               title=\"\"\n               data-src=\"http:\/\/www.spaziotorino.it\/scatto\/wp-content\/gallery\/2018_12_04_albero\/AMA_0370.jpg\"\n               data-thumbnail=\"http:\/\/www.spaziotorino.it\/scatto\/wp-content\/gallery\/2018_12_04_albero\/thumbs\/thumbs_AMA_0370.jpg\"\n               data-image-id=\"22035\"\n               data-title=\"AMA_0370\"\n               data-description=\"\"\n               data-image-slug=\"ama_0370\"\n               class=\"ngg-fancybox\" rel=\"efa1b6a80e125f06b756db7805e0b661\">\n                <img\n                    title=\"AMA_0370\"\n                    alt=\"AMA_0370\"\n                    src=\"http:\/\/www.spaziotorino.it\/scatto\/wp-content\/gallery\/2018_12_04_albero\/cache\/AMA_0370.jpg-nggid0522035-ngg0dyn-60x60x100-00f0w010c011r110f110r010t010.jpg\"\n                    width=\"60\"\n                    height=\"60\"\n                    style=\"max-width:100%;\"\n                \/>\n            <\/a>\n        <\/div>\n\t\t\t\t\t\t\t<\/div> \n\t\t\t\n        \n\t\t\n\t\t<!-- Pagination -->\n\t<div class='ngg-clear'><\/div>\t<\/div>\n\n<p>Anche quest&#8217;anno, dopo il successo dell&#8217;iniziativa del 2017, si \u00e8 proposto ad alcune scuole dell&#8217;infanzia della Citt\u00e0 di decorare le sfere per l&#8217;Albero di Natale a Palazzo Civico.<br \/>\nIn linea con il tema scelto dalla citt\u00e0 per le celebrazioni del Natale e del Capodanno il filo conduttore del progetto \u00e8 stato la magia. Un tema che ha stimolato la fantasia e la creativit\u00e0 di bambine e bambini.<br \/>\nLa mattinata ha avuto inizio nel cortile d\u2019onore di Palazzo Civico dove i bambini hanno assistito alle performance dei cani della squadra cinofila della Polizia Municipale.<br \/>\nIn seguito i bimbi sono saliti in Sala Marmi dove sono stati coinvolti in uno spettacolo di magia e poi, insieme alla Sindaca Chiara Appendino e al Presidente del Consiglio Comunale Fabio Versaci, hanno finito di addobbare l\u2019albero di Natale con le ultime palline rimaste.<\/p>\n","protected":false},"excerpt":{"rendered":"<p>Anche quest&#8217;anno, dopo il successo dell&#8217;iniziativa del 2017, si \u00e8 proposto ad alcune scuole dell&#8217;infanzia della Citt\u00e0 di decorare le sfere per l&#8217;Albero di Natale a Palazzo Civico. In linea con il tema scelto dalla citt\u00e0 per le celebrazioni del Natale e del Capodanno il filo conduttore del progetto \u00e8 stato la magia. Un tema [&hellip;]<\/p>\n","protected":false},"author":1,"featured_media":0,"comment_status":"closed","ping_status":"open","sticky":false,"template":"","format":"standard","meta":{"ngg_post_thumbnail":0},"categories":[1,41],"tags":[],"_links":{"self":[{"href":"http:\/\/www.spaziotorino.it\/scatto\/index.php?rest_route=\/wp\/v2\/posts\/15063"}],"collection":[{"href":"http:\/\/www.spaziotorino.it\/scatto\/index.php?rest_route=\/wp\/v2\/posts"}],"about":[{"href":"http:\/\/www.spaziotorino.it\/scatto\/index.php?rest_route=\/wp\/v2\/types\/post"}],"author":[{"embeddable":true,"href":"http:\/\/www.spaziotorino.it\/scatto\/index.php?rest_route=\/wp\/v2\/users\/1"}],"replies":[{"embeddable":true,"href":"http:\/\/www.spaziotorino.it\/scatto\/index.php?rest_route=%2Fwp%2Fv2%2Fcomments&post=15063"}],"version-history":[{"count":3,"href":"http:\/\/www.spaziotorino.it\/scatto\/index.php?rest_route=\/wp\/v2\/posts\/15063\/revisions"}],"predecessor-version":[{"id":15097,"href":"http:\/\/www.spaziotorino.it\/scatto\/index.php?rest_route=\/wp\/v2\/posts\/15063\/revisions\/15097"}],"wp:attachment":[{"href":"http:\/\/www.spaziotorino.it\/scatto\/index.php?rest_route=%2Fwp%2Fv2%2Fmedia&parent=15063"}],"wp:term":[{"taxonomy":"category","embeddable":true,"href":"http:\/\/www.spaziotorino.it\/scatto\/index.php?rest_route=%2Fwp%2Fv2%2Fcategories&post=15063"},{"taxonomy":"post_tag","embeddable":true,"href":"http:\/\/www.spaziotorino.it\/scatto\/index.php?rest_route=%2Fwp%2Fv2%2Ftags&post=15063"}],"curies":[{"name":"wp","href":"https:\/\/api.w.org\/{rel}","templated":true}]}}