{"id":15096,"date":"2018-12-06T16:11:37","date_gmt":"2018-12-06T15:11:37","guid":{"rendered":"http:\/\/www.spaziotorino.it\/scatto\/?p=15096"},"modified":"2018-12-06T16:11:37","modified_gmt":"2018-12-06T15:11:37","slug":"thyssenkrupp-la-citta-ricorda-le-vittime-del-rogo-2","status":"publish","type":"post","link":"http:\/\/www.spaziotorino.it\/scatto\/?p=15096","title":{"rendered":"ThyssenKrupp. La Citt\u00e0 ricorda le vittime del rogo"},"content":{"rendered":"<p><a class=\"ngg-fancybox\" title=\"ThyssenKrupp. La Citt\u00e0 ricorda le vittime del rogo\" href=\"http:\/\/www.spaziotorino.it\/scatto\/wp-content\/gallery\/2018_12_06_thyssen\/AMA_4750.jpg\" rel=\"4a95b6bacd0e64c2ec10ddffd23e9f53\"><br \/>\n<img decoding=\"async\" loading=\"lazy\" class=\"ngg-singlepic\" title=\"ThyssenKrupp. La Citt\u00e0 ricorda le vittime del rogo\" src=\"http:\/\/www.spaziotorino.it\/scatto\/wp-content\/gallery\/2018_12_06_thyssen\/AMA_4750.jpg\" alt=\"\" width=\"540\" height=\"360\"\/><\/a><\/p>\n<!-- index.php -->\n<div\n\tclass=\"ngg-galleryoverview ngg-ajax-pagination-none\"\n\tid=\"ngg-gallery-6525141c785c61cd510fb7b86da07487-1\">\n\n    \t\t<!-- Thumbnails -->\n\t\t\t\t<div id=\"ngg-image-0\" class=\"ngg-gallery-thumbnail-box\" >\n\t\t\t\t        <div class=\"ngg-gallery-thumbnail\">\n            <a href=\"http:\/\/www.spaziotorino.it\/scatto\/wp-content\/gallery\/2018_12_06_thyssen\/AMA_4757.jpg\"\n               title=\"Il Gonfalone della Citt\u00e0 apre il corteo al cimitero Monumentale\"\n               data-src=\"http:\/\/www.spaziotorino.it\/scatto\/wp-content\/gallery\/2018_12_06_thyssen\/AMA_4757.jpg\"\n               data-thumbnail=\"http:\/\/www.spaziotorino.it\/scatto\/wp-content\/gallery\/2018_12_06_thyssen\/thumbs\/thumbs_AMA_4757.jpg\"\n               data-image-id=\"22038\"\n               data-title=\"Il Gonfalone della Citt\u00e0 apre il corteo al cimitero Monumentale\"\n               data-description=\"Il Gonfalone della Citt\u00e0 apre il corteo al cimitero Monumentale\"\n               data-image-slug=\"ama_4757\"\n               class=\"ngg-fancybox\" rel=\"6525141c785c61cd510fb7b86da07487\">\n                <img\n                    title=\"Il Gonfalone della Citt\u00e0 apre il corteo al cimitero Monumentale\"\n                    alt=\"Il Gonfalone della Citt\u00e0 apre il corteo al cimitero Monumentale\"\n                    src=\"http:\/\/www.spaziotorino.it\/scatto\/wp-content\/gallery\/2018_12_06_thyssen\/cache\/AMA_4757.jpg-nggid0522038-ngg0dyn-60x60x100-00f0w010c011r110f110r010t010.jpg\"\n                    width=\"60\"\n                    height=\"60\"\n                    style=\"max-width:100%;\"\n                \/>\n            <\/a>\n        <\/div>\n\t\t\t\t\t\t\t<\/div> \n\t\t\t\n        \n\t\t\t\t<div id=\"ngg-image-1\" class=\"ngg-gallery-thumbnail-box\" >\n\t\t\t\t        <div class=\"ngg-gallery-thumbnail\">\n            <a href=\"http:\/\/www.spaziotorino.it\/scatto\/wp-content\/gallery\/2018_12_06_thyssen\/AMA_4758.jpg\"\n               title=\"Il corteo al cimitero Monumentale\"\n               data-src=\"http:\/\/www.spaziotorino.it\/scatto\/wp-content\/gallery\/2018_12_06_thyssen\/AMA_4758.jpg\"\n               data-thumbnail=\"http:\/\/www.spaziotorino.it\/scatto\/wp-content\/gallery\/2018_12_06_thyssen\/thumbs\/thumbs_AMA_4758.jpg\"\n               data-image-id=\"22039\"\n               data-title=\"Il corteo al cimitero Monumentale\"\n               data-description=\"Il corteo al cimitero Monumentale\"\n               data-image-slug=\"ama_4758\"\n               class=\"ngg-fancybox\" rel=\"6525141c785c61cd510fb7b86da07487\">\n                <img\n                    title=\"Il corteo al cimitero Monumentale\"\n                    alt=\"Il corteo al cimitero Monumentale\"\n                    src=\"http:\/\/www.spaziotorino.it\/scatto\/wp-content\/gallery\/2018_12_06_thyssen\/cache\/AMA_4758.jpg-nggid0522039-ngg0dyn-60x60x100-00f0w010c011r110f110r010t010.jpg\"\n                    width=\"60\"\n                    height=\"60\"\n                    style=\"max-width:100%;\"\n                \/>\n            <\/a>\n        <\/div>\n\t\t\t\t\t\t\t<\/div> \n\t\t\t\n        \n\t\t\t\t<div id=\"ngg-image-2\" class=\"ngg-gallery-thumbnail-box\" >\n\t\t\t\t        <div class=\"ngg-gallery-thumbnail\">\n            <a href=\"http:\/\/www.spaziotorino.it\/scatto\/wp-content\/gallery\/2018_12_06_thyssen\/AMA_4759.jpg\"\n               title=\"Le autorit\u00e0\"\n               data-src=\"http:\/\/www.spaziotorino.it\/scatto\/wp-content\/gallery\/2018_12_06_thyssen\/AMA_4759.jpg\"\n               data-thumbnail=\"http:\/\/www.spaziotorino.it\/scatto\/wp-content\/gallery\/2018_12_06_thyssen\/thumbs\/thumbs_AMA_4759.jpg\"\n               data-image-id=\"22040\"\n               data-title=\"Le autorit\u00e0\"\n               data-description=\"Le autorit\u00e0\"\n               data-image-slug=\"ama_4759\"\n               class=\"ngg-fancybox\" rel=\"6525141c785c61cd510fb7b86da07487\">\n                <img\n                    title=\"Le autorit\u00e0\"\n                    alt=\"Le autorit\u00e0\"\n                    src=\"http:\/\/www.spaziotorino.it\/scatto\/wp-content\/gallery\/2018_12_06_thyssen\/cache\/AMA_4759.jpg-nggid0522040-ngg0dyn-60x60x100-00f0w010c011r110f110r010t010.jpg\"\n                    width=\"60\"\n                    height=\"60\"\n                    style=\"max-width:100%;\"\n                \/>\n            <\/a>\n        <\/div>\n\t\t\t\t\t\t\t<\/div> \n\t\t\t\n        \n\t\t\t\t<div id=\"ngg-image-3\" class=\"ngg-gallery-thumbnail-box\" >\n\t\t\t\t        <div class=\"ngg-gallery-thumbnail\">\n            <a href=\"http:\/\/www.spaziotorino.it\/scatto\/wp-content\/gallery\/2018_12_06_thyssen\/AMA_4764.jpg\"\n               title=\"\"\n               data-src=\"http:\/\/www.spaziotorino.it\/scatto\/wp-content\/gallery\/2018_12_06_thyssen\/AMA_4764.jpg\"\n               data-thumbnail=\"http:\/\/www.spaziotorino.it\/scatto\/wp-content\/gallery\/2018_12_06_thyssen\/thumbs\/thumbs_AMA_4764.jpg\"\n               data-image-id=\"22041\"\n               data-title=\"AMA_4764\"\n               data-description=\"\"\n               data-image-slug=\"ama_4764\"\n               class=\"ngg-fancybox\" rel=\"6525141c785c61cd510fb7b86da07487\">\n                <img\n                    title=\"AMA_4764\"\n                    alt=\"AMA_4764\"\n                    src=\"http:\/\/www.spaziotorino.it\/scatto\/wp-content\/gallery\/2018_12_06_thyssen\/cache\/AMA_4764.jpg-nggid0522041-ngg0dyn-60x60x100-00f0w010c011r110f110r010t010.jpg\"\n                    width=\"60\"\n                    height=\"60\"\n                    style=\"max-width:100%;\"\n                \/>\n            <\/a>\n        <\/div>\n\t\t\t\t\t\t\t<\/div> \n\t\t\t\n        \n\t\t\t\t<div id=\"ngg-image-4\" class=\"ngg-gallery-thumbnail-box\" >\n\t\t\t\t        <div class=\"ngg-gallery-thumbnail\">\n            <a href=\"http:\/\/www.spaziotorino.it\/scatto\/wp-content\/gallery\/2018_12_06_thyssen\/AMA_4775.jpg\"\n               title=\"\"\n               data-src=\"http:\/\/www.spaziotorino.it\/scatto\/wp-content\/gallery\/2018_12_06_thyssen\/AMA_4775.jpg\"\n               data-thumbnail=\"http:\/\/www.spaziotorino.it\/scatto\/wp-content\/gallery\/2018_12_06_thyssen\/thumbs\/thumbs_AMA_4775.jpg\"\n               data-image-id=\"22042\"\n               data-title=\"AMA_4775\"\n               data-description=\"\"\n               data-image-slug=\"ama_4775\"\n               class=\"ngg-fancybox\" rel=\"6525141c785c61cd510fb7b86da07487\">\n                <img\n                    title=\"AMA_4775\"\n                    alt=\"AMA_4775\"\n                    src=\"http:\/\/www.spaziotorino.it\/scatto\/wp-content\/gallery\/2018_12_06_thyssen\/cache\/AMA_4775.jpg-nggid0522042-ngg0dyn-60x60x100-00f0w010c011r110f110r010t010.jpg\"\n                    width=\"60\"\n                    height=\"60\"\n                    style=\"max-width:100%;\"\n                \/>\n            <\/a>\n        <\/div>\n\t\t\t\t\t\t\t<\/div> \n\t\t\t\n        \n\t\t\t\t<div id=\"ngg-image-5\" class=\"ngg-gallery-thumbnail-box\" >\n\t\t\t\t        <div class=\"ngg-gallery-thumbnail\">\n            <a href=\"http:\/\/www.spaziotorino.it\/scatto\/wp-content\/gallery\/2018_12_06_thyssen\/AMA_4776.jpg\"\n               title=\"\"\n               data-src=\"http:\/\/www.spaziotorino.it\/scatto\/wp-content\/gallery\/2018_12_06_thyssen\/AMA_4776.jpg\"\n               data-thumbnail=\"http:\/\/www.spaziotorino.it\/scatto\/wp-content\/gallery\/2018_12_06_thyssen\/thumbs\/thumbs_AMA_4776.jpg\"\n               data-image-id=\"22043\"\n               data-title=\"AMA_4776\"\n               data-description=\"\"\n               data-image-slug=\"ama_4776\"\n               class=\"ngg-fancybox\" rel=\"6525141c785c61cd510fb7b86da07487\">\n                <img\n                    title=\"AMA_4776\"\n                    alt=\"AMA_4776\"\n                    src=\"http:\/\/www.spaziotorino.it\/scatto\/wp-content\/gallery\/2018_12_06_thyssen\/cache\/AMA_4776.jpg-nggid0522043-ngg0dyn-60x60x100-00f0w010c011r110f110r010t010.jpg\"\n                    width=\"60\"\n                    height=\"60\"\n                    style=\"max-width:100%;\"\n                \/>\n            <\/a>\n        <\/div>\n\t\t\t\t\t\t\t<\/div> \n\t\t\t\n        \n\t\t\t\t<div id=\"ngg-image-6\" class=\"ngg-gallery-thumbnail-box\" >\n\t\t\t\t        <div class=\"ngg-gallery-thumbnail\">\n            <a href=\"http:\/\/www.spaziotorino.it\/scatto\/wp-content\/gallery\/2018_12_06_thyssen\/AMA_4781.jpg\"\n               title=\"\"\n               data-src=\"http:\/\/www.spaziotorino.it\/scatto\/wp-content\/gallery\/2018_12_06_thyssen\/AMA_4781.jpg\"\n               data-thumbnail=\"http:\/\/www.spaziotorino.it\/scatto\/wp-content\/gallery\/2018_12_06_thyssen\/thumbs\/thumbs_AMA_4781.jpg\"\n               data-image-id=\"22044\"\n               data-title=\"AMA_4781\"\n               data-description=\"\"\n               data-image-slug=\"ama_4781\"\n               class=\"ngg-fancybox\" rel=\"6525141c785c61cd510fb7b86da07487\">\n                <img\n                    title=\"AMA_4781\"\n                    alt=\"AMA_4781\"\n                    src=\"http:\/\/www.spaziotorino.it\/scatto\/wp-content\/gallery\/2018_12_06_thyssen\/cache\/AMA_4781.jpg-nggid0522044-ngg0dyn-60x60x100-00f0w010c011r110f110r010t010.jpg\"\n                    width=\"60\"\n                    height=\"60\"\n                    style=\"max-width:100%;\"\n                \/>\n            <\/a>\n        <\/div>\n\t\t\t\t\t\t\t<\/div> \n\t\t\t\n        \n\t\t\t\t<div id=\"ngg-image-7\" class=\"ngg-gallery-thumbnail-box\" >\n\t\t\t\t        <div class=\"ngg-gallery-thumbnail\">\n            <a href=\"http:\/\/www.spaziotorino.it\/scatto\/wp-content\/gallery\/2018_12_06_thyssen\/AMA_4783.jpg\"\n               title=\"\"\n               data-src=\"http:\/\/www.spaziotorino.it\/scatto\/wp-content\/gallery\/2018_12_06_thyssen\/AMA_4783.jpg\"\n               data-thumbnail=\"http:\/\/www.spaziotorino.it\/scatto\/wp-content\/gallery\/2018_12_06_thyssen\/thumbs\/thumbs_AMA_4783.jpg\"\n               data-image-id=\"22045\"\n               data-title=\"AMA_4783\"\n               data-description=\"\"\n               data-image-slug=\"ama_4783\"\n               class=\"ngg-fancybox\" rel=\"6525141c785c61cd510fb7b86da07487\">\n                <img\n                    title=\"AMA_4783\"\n                    alt=\"AMA_4783\"\n                    src=\"http:\/\/www.spaziotorino.it\/scatto\/wp-content\/gallery\/2018_12_06_thyssen\/cache\/AMA_4783.jpg-nggid0522045-ngg0dyn-60x60x100-00f0w010c011r110f110r010t010.jpg\"\n                    width=\"60\"\n                    height=\"60\"\n                    style=\"max-width:100%;\"\n                \/>\n            <\/a>\n        <\/div>\n\t\t\t\t\t\t\t<\/div> \n\t\t\t\n        \n\t\t\t\t<div id=\"ngg-image-8\" class=\"ngg-gallery-thumbnail-box\" >\n\t\t\t\t        <div class=\"ngg-gallery-thumbnail\">\n            <a href=\"http:\/\/www.spaziotorino.it\/scatto\/wp-content\/gallery\/2018_12_06_thyssen\/AMA_4784.jpg\"\n               title=\"\"\n               data-src=\"http:\/\/www.spaziotorino.it\/scatto\/wp-content\/gallery\/2018_12_06_thyssen\/AMA_4784.jpg\"\n               data-thumbnail=\"http:\/\/www.spaziotorino.it\/scatto\/wp-content\/gallery\/2018_12_06_thyssen\/thumbs\/thumbs_AMA_4784.jpg\"\n               data-image-id=\"22046\"\n               data-title=\"AMA_4784\"\n               data-description=\"\"\n               data-image-slug=\"ama_4784\"\n               class=\"ngg-fancybox\" rel=\"6525141c785c61cd510fb7b86da07487\">\n                <img\n                    title=\"AMA_4784\"\n                    alt=\"AMA_4784\"\n                    src=\"http:\/\/www.spaziotorino.it\/scatto\/wp-content\/gallery\/2018_12_06_thyssen\/cache\/AMA_4784.jpg-nggid0522046-ngg0dyn-60x60x100-00f0w010c011r110f110r010t010.jpg\"\n                    width=\"60\"\n                    height=\"60\"\n                    style=\"max-width:100%;\"\n                \/>\n            <\/a>\n        <\/div>\n\t\t\t\t\t\t\t<\/div> \n\t\t\t\n        \n\t\t\t\t<div id=\"ngg-image-9\" class=\"ngg-gallery-thumbnail-box\" >\n\t\t\t\t        <div class=\"ngg-gallery-thumbnail\">\n            <a href=\"http:\/\/www.spaziotorino.it\/scatto\/wp-content\/gallery\/2018_12_06_thyssen\/AMA_4787.jpg\"\n               title=\"Alfonso Bonafede, Ministro della Giustizia\"\n               data-src=\"http:\/\/www.spaziotorino.it\/scatto\/wp-content\/gallery\/2018_12_06_thyssen\/AMA_4787.jpg\"\n               data-thumbnail=\"http:\/\/www.spaziotorino.it\/scatto\/wp-content\/gallery\/2018_12_06_thyssen\/thumbs\/thumbs_AMA_4787.jpg\"\n               data-image-id=\"22047\"\n               data-title=\"Alfonso Bonafede, Ministro della Giustizia\"\n               data-description=\"Alfonso Bonafede, Ministro della Giustizia\"\n               data-image-slug=\"ama_4787\"\n               class=\"ngg-fancybox\" rel=\"6525141c785c61cd510fb7b86da07487\">\n                <img\n                    title=\"Alfonso Bonafede, Ministro della Giustizia\"\n                    alt=\"Alfonso Bonafede, Ministro della Giustizia\"\n                    src=\"http:\/\/www.spaziotorino.it\/scatto\/wp-content\/gallery\/2018_12_06_thyssen\/cache\/AMA_4787.jpg-nggid0522047-ngg0dyn-60x60x100-00f0w010c011r110f110r010t010.jpg\"\n                    width=\"60\"\n                    height=\"60\"\n                    style=\"max-width:100%;\"\n                \/>\n            <\/a>\n        <\/div>\n\t\t\t\t\t\t\t<\/div> \n\t\t\t\n        \n\t\t\t\t<div id=\"ngg-image-10\" class=\"ngg-gallery-thumbnail-box\" >\n\t\t\t\t        <div class=\"ngg-gallery-thumbnail\">\n            <a href=\"http:\/\/www.spaziotorino.it\/scatto\/wp-content\/gallery\/2018_12_06_thyssen\/AMA_4790.jpg\"\n               title=\"\"\n               data-src=\"http:\/\/www.spaziotorino.it\/scatto\/wp-content\/gallery\/2018_12_06_thyssen\/AMA_4790.jpg\"\n               data-thumbnail=\"http:\/\/www.spaziotorino.it\/scatto\/wp-content\/gallery\/2018_12_06_thyssen\/thumbs\/thumbs_AMA_4790.jpg\"\n               data-image-id=\"22048\"\n               data-title=\"AMA_4790\"\n               data-description=\"\"\n               data-image-slug=\"ama_4790\"\n               class=\"ngg-fancybox\" rel=\"6525141c785c61cd510fb7b86da07487\">\n                <img\n                    title=\"AMA_4790\"\n                    alt=\"AMA_4790\"\n                    src=\"http:\/\/www.spaziotorino.it\/scatto\/wp-content\/gallery\/2018_12_06_thyssen\/cache\/AMA_4790.jpg-nggid0522048-ngg0dyn-60x60x100-00f0w010c011r110f110r010t010.jpg\"\n                    width=\"60\"\n                    height=\"60\"\n                    style=\"max-width:100%;\"\n                \/>\n            <\/a>\n        <\/div>\n\t\t\t\t\t\t\t<\/div> \n\t\t\t\n        \n\t\t\t\t<div id=\"ngg-image-11\" class=\"ngg-gallery-thumbnail-box\" >\n\t\t\t\t        <div class=\"ngg-gallery-thumbnail\">\n            <a href=\"http:\/\/www.spaziotorino.it\/scatto\/wp-content\/gallery\/2018_12_06_thyssen\/AMA_4793.jpg\"\n               title=\"\"\n               data-src=\"http:\/\/www.spaziotorino.it\/scatto\/wp-content\/gallery\/2018_12_06_thyssen\/AMA_4793.jpg\"\n               data-thumbnail=\"http:\/\/www.spaziotorino.it\/scatto\/wp-content\/gallery\/2018_12_06_thyssen\/thumbs\/thumbs_AMA_4793.jpg\"\n               data-image-id=\"22049\"\n               data-title=\"AMA_4793\"\n               data-description=\"\"\n               data-image-slug=\"ama_4793\"\n               class=\"ngg-fancybox\" rel=\"6525141c785c61cd510fb7b86da07487\">\n                <img\n                    title=\"AMA_4793\"\n                    alt=\"AMA_4793\"\n                    src=\"http:\/\/www.spaziotorino.it\/scatto\/wp-content\/gallery\/2018_12_06_thyssen\/cache\/AMA_4793.jpg-nggid0522049-ngg0dyn-60x60x100-00f0w010c011r110f110r010t010.jpg\"\n                    width=\"60\"\n                    height=\"60\"\n                    style=\"max-width:100%;\"\n                \/>\n            <\/a>\n        <\/div>\n\t\t\t\t\t\t\t<\/div> \n\t\t\t\n        \n\t\t\t\t<div id=\"ngg-image-12\" class=\"ngg-gallery-thumbnail-box\" >\n\t\t\t\t        <div class=\"ngg-gallery-thumbnail\">\n            <a href=\"http:\/\/www.spaziotorino.it\/scatto\/wp-content\/gallery\/2018_12_06_thyssen\/AMA_4803.jpg\"\n               title=\"\"\n               data-src=\"http:\/\/www.spaziotorino.it\/scatto\/wp-content\/gallery\/2018_12_06_thyssen\/AMA_4803.jpg\"\n               data-thumbnail=\"http:\/\/www.spaziotorino.it\/scatto\/wp-content\/gallery\/2018_12_06_thyssen\/thumbs\/thumbs_AMA_4803.jpg\"\n               data-image-id=\"22050\"\n               data-title=\"AMA_4803\"\n               data-description=\"\"\n               data-image-slug=\"ama_4803\"\n               class=\"ngg-fancybox\" rel=\"6525141c785c61cd510fb7b86da07487\">\n                <img\n                    title=\"AMA_4803\"\n                    alt=\"AMA_4803\"\n                    src=\"http:\/\/www.spaziotorino.it\/scatto\/wp-content\/gallery\/2018_12_06_thyssen\/cache\/AMA_4803.jpg-nggid0522050-ngg0dyn-60x60x100-00f0w010c011r110f110r010t010.jpg\"\n                    width=\"60\"\n                    height=\"60\"\n                    style=\"max-width:100%;\"\n                \/>\n            <\/a>\n        <\/div>\n\t\t\t\t\t\t\t<\/div> \n\t\t\t\n        \n\t\t\n\t\t<!-- Pagination -->\n\t<div class='ngg-clear'><\/div>\t<\/div>\n\n<p>\u201cIl nostro cuore brucia ancora, come bruciarono loro sette, quella notte, nella maledetta fabbrica. Non ci daremo pace fino a che l\u2019ultimo imputato, l\u2019amministratore delegato, Herald Espenhahn condannato a 16 anni e mezzo per omicidio volontario, non sar\u00e0 in carcere come gli altri. &nbsp;Oggi \u00e8 libero, in Germania, dove \u00e8 scappato per sfuggire alla giustizia italiana\u201d. Rosina De Masi e poi Laura Rodin\u00f2, una madre e una sorella, ricordano con le loro parole che rabbia e dolore non possono placarsi finch\u00e9 non ci sar\u00e0 giustizia per le vittime del rogo dell\u2019acciaieria Thyssen.<\/p>\n<p>Chiedono giustizia e ad ascoltare il loro appello c\u2019\u00e8 Alfonso Bonafede, ministro della giustizia, con la sindaca, Chiara Appendino, il presidente del Consiglio comunale, Fabio Versaci, il vicepresidente del Consiglio Enzo Lavolta, l\u2019assessore ai servizi cimiteriali, Marco Giusta.<br \/>\nBonafede, \u00e8 venuto al cimitero generale di Torino per testimoniare la vicinanza dello Stato e per annunciare che domani incontrer\u00e0 a Bruxelles la ministra della giustizia della Germania anche per parlare della vicenda che coinvolge Espenhahn.<br \/>\nMolte le figure istituzionali presenti alla cerimonia, quest\u2019anno particolarmente affollata: tra loro il presidente della Regione Piemonte, Sergio Chiamparino, il sindaco di Mappano, Francesco Grassi, il prefetto Claudio Palomba, il questore, Francesco Messina, il presidente della Corte d\u2019Appello, Edoardo Barelli<\/p>\n<p>Innocenti.&nbsp; Tra la folla, Consiglieri comunali, della Citt\u00e0 Metropolitana, della Regione Piemonte, parlamentari, e donne simbolo di altre tragedie, come Cinzia Caggiano, madre di Vito Scafidi.<br \/>\nNon manca Antonio Boccuzzi, ex parlamentare e ex operaio Thyssen, unico sopravvissuto all\u2019incendio che quella notte uccise i suoi colleghi Antonio Schiavone, Roberto Scola, Angelo Laurino, Bruno Santino, Rocco Marzo, Rosario Rodin\u00f2 e Giuseppe De Masi.<br \/>\n\u201c La Thyssen doveva essere una svolta, anche le leggi dopo quel fatto sono cambiate, eppure \u2013 denuncia Boccuzzi \u2013 si continua a morire sul lavoro e ora, con la ripresa produttiva, ancora di pi\u00f9\u201d.<\/p>\n<p>Appendino, ha annunciato che il memoriale dedicato alle vittime, da realizzarsi nel Cimitero Monumentale, sar\u00e0 realizzato nel 2019. Lo spazio \u00e8 stato individuato ed il Comune ha gi\u00e0 assegnato l\u2019appalto alla ditta che lo realizzer\u00e0.<\/p>\n<p>[Fonte: <a href=\"http:\/\/www.comune.torino.it\/cittagora\/in-evidenza\/thyssen-lincendio-mai-spento.html\">CittAgor\u00e0<\/a>]<\/p>\n","protected":false},"excerpt":{"rendered":"<p>\u201cIl nostro cuore brucia ancora, come bruciarono loro sette, quella notte, nella maledetta fabbrica. Non ci daremo pace fino a che l\u2019ultimo imputato, l\u2019amministratore delegato, Herald Espenhahn condannato a 16 anni e mezzo per omicidio volontario, non sar\u00e0 in carcere come gli altri. &nbsp;Oggi \u00e8 libero, in Germania, dove \u00e8 scappato per sfuggire alla giustizia [&hellip;]<\/p>\n","protected":false},"author":1,"featured_media":0,"comment_status":"closed","ping_status":"open","sticky":false,"template":"","format":"standard","meta":{"ngg_post_thumbnail":0},"categories":[1,895],"tags":[],"_links":{"self":[{"href":"http:\/\/www.spaziotorino.it\/scatto\/index.php?rest_route=\/wp\/v2\/posts\/15096"}],"collection":[{"href":"http:\/\/www.spaziotorino.it\/scatto\/index.php?rest_route=\/wp\/v2\/posts"}],"about":[{"href":"http:\/\/www.spaziotorino.it\/scatto\/index.php?rest_route=\/wp\/v2\/types\/post"}],"author":[{"embeddable":true,"href":"http:\/\/www.spaziotorino.it\/scatto\/index.php?rest_route=\/wp\/v2\/users\/1"}],"replies":[{"embeddable":true,"href":"http:\/\/www.spaziotorino.it\/scatto\/index.php?rest_route=%2Fwp%2Fv2%2Fcomments&post=15096"}],"version-history":[{"count":3,"href":"http:\/\/www.spaziotorino.it\/scatto\/index.php?rest_route=\/wp\/v2\/posts\/15096\/revisions"}],"predecessor-version":[{"id":15100,"href":"http:\/\/www.spaziotorino.it\/scatto\/index.php?rest_route=\/wp\/v2\/posts\/15096\/revisions\/15100"}],"wp:attachment":[{"href":"http:\/\/www.spaziotorino.it\/scatto\/index.php?rest_route=%2Fwp%2Fv2%2Fmedia&parent=15096"}],"wp:term":[{"taxonomy":"category","embeddable":true,"href":"http:\/\/www.spaziotorino.it\/scatto\/index.php?rest_route=%2Fwp%2Fv2%2Fcategories&post=15096"},{"taxonomy":"post_tag","embeddable":true,"href":"http:\/\/www.spaziotorino.it\/scatto\/index.php?rest_route=%2Fwp%2Fv2%2Ftags&post=15096"}],"curies":[{"name":"wp","href":"https:\/\/api.w.org\/{rel}","templated":true}]}}