{"id":15117,"date":"2018-12-10T21:04:42","date_gmt":"2018-12-10T20:04:42","guid":{"rendered":"http:\/\/www.spaziotorino.it\/scatto\/?p=15117"},"modified":"2018-12-11T11:06:56","modified_gmt":"2018-12-11T10:06:56","slug":"fiaccolata-per-il-70-anniversario-della-dichiarazione-universale-dei-diritti-umani","status":"publish","type":"post","link":"http:\/\/www.spaziotorino.it\/scatto\/?p=15117","title":{"rendered":"Fiaccolata per il 70\u00b0 anniversario della Dichiarazione universale dei diritti umani"},"content":{"rendered":"<p><a class=\"ngg-fancybox\" title=\"Fiaccolata per il 70\u00b0 anniversario della Dichiarazione universale dei diritti umani\" href=\"http:\/\/www.spaziotorino.it\/scatto\/wp-content\/gallery\/2018_12_10_amnesty\/AMA_0672.jpg\" rel=\"6fd9bb44f1e237ebb670243f1b1120b1\"><br \/>\n<img decoding=\"async\" loading=\"lazy\" class=\"ngg-singlepic\" title=\"Fiaccolata per il 70\u00b0 anniversario della Dichiarazione universale dei diritti umani\" src=\"http:\/\/www.spaziotorino.it\/scatto\/wp-content\/gallery\/2018_12_10_amnesty\/AMA_0672.jpg\" alt=\"\" width=\"540\" height=\"360\"\/><\/a><\/p>\n<!-- index.php -->\n<div\n\tclass=\"ngg-galleryoverview ngg-ajax-pagination-none\"\n\tid=\"ngg-gallery-040aef05c00b1b0210d7d16d66553e2b-1\">\n\n    \t\t<!-- Thumbnails -->\n\t\t\t\t<div id=\"ngg-image-0\" class=\"ngg-gallery-thumbnail-box\" >\n\t\t\t\t        <div class=\"ngg-gallery-thumbnail\">\n            <a href=\"http:\/\/www.spaziotorino.it\/scatto\/wp-content\/gallery\/2018_12_10_amnesty\/AMA_0618.jpg\"\n               title=\"\"\n               data-src=\"http:\/\/www.spaziotorino.it\/scatto\/wp-content\/gallery\/2018_12_10_amnesty\/AMA_0618.jpg\"\n               data-thumbnail=\"http:\/\/www.spaziotorino.it\/scatto\/wp-content\/gallery\/2018_12_10_amnesty\/thumbs\/thumbs_AMA_0618.jpg\"\n               data-image-id=\"22051\"\n               data-title=\"AMA_0618\"\n               data-description=\"\"\n               data-image-slug=\"ama_0618\"\n               class=\"ngg-fancybox\" rel=\"040aef05c00b1b0210d7d16d66553e2b\">\n                <img\n                    title=\"AMA_0618\"\n                    alt=\"AMA_0618\"\n                    src=\"http:\/\/www.spaziotorino.it\/scatto\/wp-content\/gallery\/2018_12_10_amnesty\/cache\/AMA_0618.jpg-nggid0522051-ngg0dyn-60x60x100-00f0w010c011r110f110r010t010.jpg\"\n                    width=\"60\"\n                    height=\"60\"\n                    style=\"max-width:100%;\"\n                \/>\n            <\/a>\n        <\/div>\n\t\t\t\t\t\t\t<\/div> \n\t\t\t\n        \n\t\t\t\t<div id=\"ngg-image-1\" class=\"ngg-gallery-thumbnail-box\" >\n\t\t\t\t        <div class=\"ngg-gallery-thumbnail\">\n            <a href=\"http:\/\/www.spaziotorino.it\/scatto\/wp-content\/gallery\/2018_12_10_amnesty\/AMA_0624.jpg\"\n               title=\"\"\n               data-src=\"http:\/\/www.spaziotorino.it\/scatto\/wp-content\/gallery\/2018_12_10_amnesty\/AMA_0624.jpg\"\n               data-thumbnail=\"http:\/\/www.spaziotorino.it\/scatto\/wp-content\/gallery\/2018_12_10_amnesty\/thumbs\/thumbs_AMA_0624.jpg\"\n               data-image-id=\"22052\"\n               data-title=\"AMA_0624\"\n               data-description=\"\"\n               data-image-slug=\"ama_0624\"\n               class=\"ngg-fancybox\" rel=\"040aef05c00b1b0210d7d16d66553e2b\">\n                <img\n                    title=\"AMA_0624\"\n                    alt=\"AMA_0624\"\n                    src=\"http:\/\/www.spaziotorino.it\/scatto\/wp-content\/gallery\/2018_12_10_amnesty\/cache\/AMA_0624.jpg-nggid0522052-ngg0dyn-60x60x100-00f0w010c011r110f110r010t010.jpg\"\n                    width=\"60\"\n                    height=\"60\"\n                    style=\"max-width:100%;\"\n                \/>\n            <\/a>\n        <\/div>\n\t\t\t\t\t\t\t<\/div> \n\t\t\t\n        \n\t\t\t\t<div id=\"ngg-image-2\" class=\"ngg-gallery-thumbnail-box\" >\n\t\t\t\t        <div class=\"ngg-gallery-thumbnail\">\n            <a href=\"http:\/\/www.spaziotorino.it\/scatto\/wp-content\/gallery\/2018_12_10_amnesty\/AMA_0633.jpg\"\n               title=\"\"\n               data-src=\"http:\/\/www.spaziotorino.it\/scatto\/wp-content\/gallery\/2018_12_10_amnesty\/AMA_0633.jpg\"\n               data-thumbnail=\"http:\/\/www.spaziotorino.it\/scatto\/wp-content\/gallery\/2018_12_10_amnesty\/thumbs\/thumbs_AMA_0633.jpg\"\n               data-image-id=\"22053\"\n               data-title=\"AMA_0633\"\n               data-description=\"\"\n               data-image-slug=\"ama_0633\"\n               class=\"ngg-fancybox\" rel=\"040aef05c00b1b0210d7d16d66553e2b\">\n                <img\n                    title=\"AMA_0633\"\n                    alt=\"AMA_0633\"\n                    src=\"http:\/\/www.spaziotorino.it\/scatto\/wp-content\/gallery\/2018_12_10_amnesty\/cache\/AMA_0633.jpg-nggid0522053-ngg0dyn-60x60x100-00f0w010c011r110f110r010t010.jpg\"\n                    width=\"60\"\n                    height=\"60\"\n                    style=\"max-width:100%;\"\n                \/>\n            <\/a>\n        <\/div>\n\t\t\t\t\t\t\t<\/div> \n\t\t\t\n        \n\t\t\t\t<div id=\"ngg-image-3\" class=\"ngg-gallery-thumbnail-box\" >\n\t\t\t\t        <div class=\"ngg-gallery-thumbnail\">\n            <a href=\"http:\/\/www.spaziotorino.it\/scatto\/wp-content\/gallery\/2018_12_10_amnesty\/AMA_0652.jpg\"\n               title=\"\"\n               data-src=\"http:\/\/www.spaziotorino.it\/scatto\/wp-content\/gallery\/2018_12_10_amnesty\/AMA_0652.jpg\"\n               data-thumbnail=\"http:\/\/www.spaziotorino.it\/scatto\/wp-content\/gallery\/2018_12_10_amnesty\/thumbs\/thumbs_AMA_0652.jpg\"\n               data-image-id=\"22054\"\n               data-title=\"AMA_0652\"\n               data-description=\"\"\n               data-image-slug=\"ama_0652\"\n               class=\"ngg-fancybox\" rel=\"040aef05c00b1b0210d7d16d66553e2b\">\n                <img\n                    title=\"AMA_0652\"\n                    alt=\"AMA_0652\"\n                    src=\"http:\/\/www.spaziotorino.it\/scatto\/wp-content\/gallery\/2018_12_10_amnesty\/cache\/AMA_0652.jpg-nggid0522054-ngg0dyn-60x60x100-00f0w010c011r110f110r010t010.jpg\"\n                    width=\"60\"\n                    height=\"60\"\n                    style=\"max-width:100%;\"\n                \/>\n            <\/a>\n        <\/div>\n\t\t\t\t\t\t\t<\/div> \n\t\t\t\n        \n\t\t\t\t<div id=\"ngg-image-4\" class=\"ngg-gallery-thumbnail-box\" >\n\t\t\t\t        <div class=\"ngg-gallery-thumbnail\">\n            <a href=\"http:\/\/www.spaziotorino.it\/scatto\/wp-content\/gallery\/2018_12_10_amnesty\/AMA_0663.jpg\"\n               title=\"\"\n               data-src=\"http:\/\/www.spaziotorino.it\/scatto\/wp-content\/gallery\/2018_12_10_amnesty\/AMA_0663.jpg\"\n               data-thumbnail=\"http:\/\/www.spaziotorino.it\/scatto\/wp-content\/gallery\/2018_12_10_amnesty\/thumbs\/thumbs_AMA_0663.jpg\"\n               data-image-id=\"22055\"\n               data-title=\"AMA_0663\"\n               data-description=\"\"\n               data-image-slug=\"ama_0663\"\n               class=\"ngg-fancybox\" rel=\"040aef05c00b1b0210d7d16d66553e2b\">\n                <img\n                    title=\"AMA_0663\"\n                    alt=\"AMA_0663\"\n                    src=\"http:\/\/www.spaziotorino.it\/scatto\/wp-content\/gallery\/2018_12_10_amnesty\/cache\/AMA_0663.jpg-nggid0522055-ngg0dyn-60x60x100-00f0w010c011r110f110r010t010.jpg\"\n                    width=\"60\"\n                    height=\"60\"\n                    style=\"max-width:100%;\"\n                \/>\n            <\/a>\n        <\/div>\n\t\t\t\t\t\t\t<\/div> \n\t\t\t\n        \n\t\t\t\t<div id=\"ngg-image-5\" class=\"ngg-gallery-thumbnail-box\" >\n\t\t\t\t        <div class=\"ngg-gallery-thumbnail\">\n            <a href=\"http:\/\/www.spaziotorino.it\/scatto\/wp-content\/gallery\/2018_12_10_amnesty\/AMA_0666.jpg\"\n               title=\"\"\n               data-src=\"http:\/\/www.spaziotorino.it\/scatto\/wp-content\/gallery\/2018_12_10_amnesty\/AMA_0666.jpg\"\n               data-thumbnail=\"http:\/\/www.spaziotorino.it\/scatto\/wp-content\/gallery\/2018_12_10_amnesty\/thumbs\/thumbs_AMA_0666.jpg\"\n               data-image-id=\"22056\"\n               data-title=\"AMA_0666\"\n               data-description=\"\"\n               data-image-slug=\"ama_0666\"\n               class=\"ngg-fancybox\" rel=\"040aef05c00b1b0210d7d16d66553e2b\">\n                <img\n                    title=\"AMA_0666\"\n                    alt=\"AMA_0666\"\n                    src=\"http:\/\/www.spaziotorino.it\/scatto\/wp-content\/gallery\/2018_12_10_amnesty\/cache\/AMA_0666.jpg-nggid0522056-ngg0dyn-60x60x100-00f0w010c011r110f110r010t010.jpg\"\n                    width=\"60\"\n                    height=\"60\"\n                    style=\"max-width:100%;\"\n                \/>\n            <\/a>\n        <\/div>\n\t\t\t\t\t\t\t<\/div> \n\t\t\t\n        \n\t\t\t\t<div id=\"ngg-image-6\" class=\"ngg-gallery-thumbnail-box\" >\n\t\t\t\t        <div class=\"ngg-gallery-thumbnail\">\n            <a href=\"http:\/\/www.spaziotorino.it\/scatto\/wp-content\/gallery\/2018_12_10_amnesty\/AMA_0672.jpg\"\n               title=\"\"\n               data-src=\"http:\/\/www.spaziotorino.it\/scatto\/wp-content\/gallery\/2018_12_10_amnesty\/AMA_0672.jpg\"\n               data-thumbnail=\"http:\/\/www.spaziotorino.it\/scatto\/wp-content\/gallery\/2018_12_10_amnesty\/thumbs\/thumbs_AMA_0672.jpg\"\n               data-image-id=\"22057\"\n               data-title=\"AMA_0672\"\n               data-description=\"\"\n               data-image-slug=\"ama_0672\"\n               class=\"ngg-fancybox\" rel=\"040aef05c00b1b0210d7d16d66553e2b\">\n                <img\n                    title=\"AMA_0672\"\n                    alt=\"AMA_0672\"\n                    src=\"http:\/\/www.spaziotorino.it\/scatto\/wp-content\/gallery\/2018_12_10_amnesty\/cache\/AMA_0672.jpg-nggid0522057-ngg0dyn-60x60x100-00f0w010c011r110f110r010t010.jpg\"\n                    width=\"60\"\n                    height=\"60\"\n                    style=\"max-width:100%;\"\n                \/>\n            <\/a>\n        <\/div>\n\t\t\t\t\t\t\t<\/div> \n\t\t\t\n        \n\t\t\n\t\t<!-- Pagination -->\n\t<div class='ngg-clear'><\/div>\t<\/div>\n\n<p><strong>Luned\u00ec 10 dicembre<\/strong>&nbsp;<em>ActionAid<\/em>,&nbsp;<em>Amnesty International Italia<\/em>,&nbsp;<em>Caritas<\/em>,&nbsp;<em>Emergency<\/em>&nbsp;e Oxfam hanno organizzato&nbsp;fiaccolate in tutta Italia per celebrare il&nbsp;<strong>70\u00b0 anniversario della Dichiarazione universale dei diritti umani<\/strong>&nbsp;e il suo valore.<\/p>\n<p>A Torino, in Piazza Castello, centinaia di persone sono scese in piazza per accendere una candela contro le violazioni dei diritti umani diffuse quotidianamente nel mondo e nel nostro Paese.<\/p>\n<p>In piazza sono stati letti gli articoli della Dichiarazione e testimonianze per ribadire&nbsp;i contenuti e i valori della Dichiarazione universale dei diritti umani che mai come in questo momento sono necessari per riuscire a costruire&nbsp;una societ\u00e0 pi\u00f9 giusta, basata sui principi dell\u2019uguaglianza e della solidariet\u00e0.<\/p>\n<p>Presente<strong> Marco Giusta, <\/strong>Assessore della Citt\u00e0 di Torino con delega su Politiche Giovanili, Pari Opportunit\u00e0, Piani dei tempi e orari della Citt\u00e0, Coordinamento Politiche per la multiculturalit\u00e0.<\/p>\n","protected":false},"excerpt":{"rendered":"<p>Luned\u00ec 10 dicembre&nbsp;ActionAid,&nbsp;Amnesty International Italia,&nbsp;Caritas,&nbsp;Emergency&nbsp;e Oxfam hanno organizzato&nbsp;fiaccolate in tutta Italia per celebrare il&nbsp;70\u00b0 anniversario della Dichiarazione universale dei diritti umani&nbsp;e il suo valore. A Torino, in Piazza Castello, centinaia di persone sono scese in piazza per accendere una candela contro le violazioni dei diritti umani diffuse quotidianamente nel mondo e nel nostro Paese. In [&hellip;]<\/p>\n","protected":false},"author":1,"featured_media":0,"comment_status":"closed","ping_status":"open","sticky":false,"template":"","format":"standard","meta":{"ngg_post_thumbnail":0},"categories":[1,41],"tags":[],"_links":{"self":[{"href":"http:\/\/www.spaziotorino.it\/scatto\/index.php?rest_route=\/wp\/v2\/posts\/15117"}],"collection":[{"href":"http:\/\/www.spaziotorino.it\/scatto\/index.php?rest_route=\/wp\/v2\/posts"}],"about":[{"href":"http:\/\/www.spaziotorino.it\/scatto\/index.php?rest_route=\/wp\/v2\/types\/post"}],"author":[{"embeddable":true,"href":"http:\/\/www.spaziotorino.it\/scatto\/index.php?rest_route=\/wp\/v2\/users\/1"}],"replies":[{"embeddable":true,"href":"http:\/\/www.spaziotorino.it\/scatto\/index.php?rest_route=%2Fwp%2Fv2%2Fcomments&post=15117"}],"version-history":[{"count":2,"href":"http:\/\/www.spaziotorino.it\/scatto\/index.php?rest_route=\/wp\/v2\/posts\/15117\/revisions"}],"predecessor-version":[{"id":15119,"href":"http:\/\/www.spaziotorino.it\/scatto\/index.php?rest_route=\/wp\/v2\/posts\/15117\/revisions\/15119"}],"wp:attachment":[{"href":"http:\/\/www.spaziotorino.it\/scatto\/index.php?rest_route=%2Fwp%2Fv2%2Fmedia&parent=15117"}],"wp:term":[{"taxonomy":"category","embeddable":true,"href":"http:\/\/www.spaziotorino.it\/scatto\/index.php?rest_route=%2Fwp%2Fv2%2Fcategories&post=15117"},{"taxonomy":"post_tag","embeddable":true,"href":"http:\/\/www.spaziotorino.it\/scatto\/index.php?rest_route=%2Fwp%2Fv2%2Ftags&post=15117"}],"curies":[{"name":"wp","href":"https:\/\/api.w.org\/{rel}","templated":true}]}}