{"id":15139,"date":"2018-12-12T17:08:07","date_gmt":"2018-12-12T16:08:07","guid":{"rendered":"http:\/\/www.spaziotorino.it\/scatto\/?p=15139"},"modified":"2018-12-13T16:15:02","modified_gmt":"2018-12-13T15:15:02","slug":"torna-al-suo-splendore-la-pala-dellaltare-maggiore-di-san-filippo-neri","status":"publish","type":"post","link":"http:\/\/www.spaziotorino.it\/scatto\/?p=15139","title":{"rendered":"Torna al suo splendore la pala dell&#8217;altare maggiore di San Filippo Neri"},"content":{"rendered":"<p><a class=\"ngg-fancybox\" title=\"Torna al suo splendore la pala dell'altare maggiore di San Filippo Neri\" href=\"http:\/\/www.spaziotorino.it\/scatto\/wp-content\/gallery\/2018_12_12_palaneri\/IMG_2759-copia.jpg\" rel=\"96f2faee5838165a23168128cb8639f8\"><br \/>\n<img decoding=\"async\" loading=\"lazy\" class=\"ngg-singlepic\" title=\"Torna al suo splendore la pala dell'altare maggiore di San Filippo Neri\" src=\"http:\/\/www.spaziotorino.it\/scatto\/wp-content\/gallery\/2018_12_12_palaneri\/IMG_2759-copia.jpg\" alt=\"\" width=\"540\" height=\"360\"\/><\/a><\/p>\n<!-- index.php -->\n<div\n\tclass=\"ngg-galleryoverview ngg-ajax-pagination-none\"\n\tid=\"ngg-gallery-a806d2689d8725638b3da8ed0eb8b12e-1\">\n\n    \t\t<!-- Thumbnails -->\n\t\t\t\t<div id=\"ngg-image-0\" class=\"ngg-gallery-thumbnail-box\" >\n\t\t\t\t        <div class=\"ngg-gallery-thumbnail\">\n            <a href=\"http:\/\/www.spaziotorino.it\/scatto\/wp-content\/gallery\/2018_12_12_palaneri\/IMG_2763-copia.jpg\"\n               title=\"\"\n               data-src=\"http:\/\/www.spaziotorino.it\/scatto\/wp-content\/gallery\/2018_12_12_palaneri\/IMG_2763-copia.jpg\"\n               data-thumbnail=\"http:\/\/www.spaziotorino.it\/scatto\/wp-content\/gallery\/2018_12_12_palaneri\/thumbs\/thumbs_IMG_2763-copia.jpg\"\n               data-image-id=\"22059\"\n               data-title=\"IMG_2763-copia\"\n               data-description=\"\"\n               data-image-slug=\"img_2763-copia\"\n               class=\"ngg-fancybox\" rel=\"a806d2689d8725638b3da8ed0eb8b12e\">\n                <img\n                    title=\"IMG_2763-copia\"\n                    alt=\"IMG_2763-copia\"\n                    src=\"http:\/\/www.spaziotorino.it\/scatto\/wp-content\/gallery\/2018_12_12_palaneri\/cache\/IMG_2763-copia.jpg-nggid0522059-ngg0dyn-60x60x100-00f0w010c011r110f110r010t010.jpg\"\n                    width=\"60\"\n                    height=\"60\"\n                    style=\"max-width:100%;\"\n                \/>\n            <\/a>\n        <\/div>\n\t\t\t\t\t\t\t<\/div> \n\t\t\t\n        \n\t\t\t\t<div id=\"ngg-image-1\" class=\"ngg-gallery-thumbnail-box\" >\n\t\t\t\t        <div class=\"ngg-gallery-thumbnail\">\n            <a href=\"http:\/\/www.spaziotorino.it\/scatto\/wp-content\/gallery\/2018_12_12_palaneri\/IMG_2764-copia.jpg\"\n               title=\"\"\n               data-src=\"http:\/\/www.spaziotorino.it\/scatto\/wp-content\/gallery\/2018_12_12_palaneri\/IMG_2764-copia.jpg\"\n               data-thumbnail=\"http:\/\/www.spaziotorino.it\/scatto\/wp-content\/gallery\/2018_12_12_palaneri\/thumbs\/thumbs_IMG_2764-copia.jpg\"\n               data-image-id=\"22060\"\n               data-title=\"IMG_2764-copia\"\n               data-description=\"\"\n               data-image-slug=\"img_2764-copia\"\n               class=\"ngg-fancybox\" rel=\"a806d2689d8725638b3da8ed0eb8b12e\">\n                <img\n                    title=\"IMG_2764-copia\"\n                    alt=\"IMG_2764-copia\"\n                    src=\"http:\/\/www.spaziotorino.it\/scatto\/wp-content\/gallery\/2018_12_12_palaneri\/cache\/IMG_2764-copia.jpg-nggid0522060-ngg0dyn-60x60x100-00f0w010c011r110f110r010t010.jpg\"\n                    width=\"60\"\n                    height=\"60\"\n                    style=\"max-width:100%;\"\n                \/>\n            <\/a>\n        <\/div>\n\t\t\t\t\t\t\t<\/div> \n\t\t\t\n        \n\t\t\t\t<div id=\"ngg-image-2\" class=\"ngg-gallery-thumbnail-box\" >\n\t\t\t\t        <div class=\"ngg-gallery-thumbnail\">\n            <a href=\"http:\/\/www.spaziotorino.it\/scatto\/wp-content\/gallery\/2018_12_12_palaneri\/IMG_2767-copia.jpg\"\n               title=\"\"\n               data-src=\"http:\/\/www.spaziotorino.it\/scatto\/wp-content\/gallery\/2018_12_12_palaneri\/IMG_2767-copia.jpg\"\n               data-thumbnail=\"http:\/\/www.spaziotorino.it\/scatto\/wp-content\/gallery\/2018_12_12_palaneri\/thumbs\/thumbs_IMG_2767-copia.jpg\"\n               data-image-id=\"22061\"\n               data-title=\"IMG_2767-copia\"\n               data-description=\"\"\n               data-image-slug=\"img_2767-copia-1\"\n               class=\"ngg-fancybox\" rel=\"a806d2689d8725638b3da8ed0eb8b12e\">\n                <img\n                    title=\"IMG_2767-copia\"\n                    alt=\"IMG_2767-copia\"\n                    src=\"http:\/\/www.spaziotorino.it\/scatto\/wp-content\/gallery\/2018_12_12_palaneri\/cache\/IMG_2767-copia.jpg-nggid0522061-ngg0dyn-60x60x100-00f0w010c011r110f110r010t010.jpg\"\n                    width=\"60\"\n                    height=\"60\"\n                    style=\"max-width:100%;\"\n                \/>\n            <\/a>\n        <\/div>\n\t\t\t\t\t\t\t<\/div> \n\t\t\t\n        \n\t\t\t\t<div id=\"ngg-image-3\" class=\"ngg-gallery-thumbnail-box\" >\n\t\t\t\t        <div class=\"ngg-gallery-thumbnail\">\n            <a href=\"http:\/\/www.spaziotorino.it\/scatto\/wp-content\/gallery\/2018_12_12_palaneri\/IMG_2769-copia.jpg\"\n               title=\"\"\n               data-src=\"http:\/\/www.spaziotorino.it\/scatto\/wp-content\/gallery\/2018_12_12_palaneri\/IMG_2769-copia.jpg\"\n               data-thumbnail=\"http:\/\/www.spaziotorino.it\/scatto\/wp-content\/gallery\/2018_12_12_palaneri\/thumbs\/thumbs_IMG_2769-copia.jpg\"\n               data-image-id=\"22062\"\n               data-title=\"IMG_2769-copia\"\n               data-description=\"\"\n               data-image-slug=\"img_2769-copia\"\n               class=\"ngg-fancybox\" rel=\"a806d2689d8725638b3da8ed0eb8b12e\">\n                <img\n                    title=\"IMG_2769-copia\"\n                    alt=\"IMG_2769-copia\"\n                    src=\"http:\/\/www.spaziotorino.it\/scatto\/wp-content\/gallery\/2018_12_12_palaneri\/cache\/IMG_2769-copia.jpg-nggid0522062-ngg0dyn-60x60x100-00f0w010c011r110f110r010t010.jpg\"\n                    width=\"60\"\n                    height=\"60\"\n                    style=\"max-width:100%;\"\n                \/>\n            <\/a>\n        <\/div>\n\t\t\t\t\t\t\t<\/div> \n\t\t\t\n        \n\t\t\t\t<div id=\"ngg-image-4\" class=\"ngg-gallery-thumbnail-box\" >\n\t\t\t\t        <div class=\"ngg-gallery-thumbnail\">\n            <a href=\"http:\/\/www.spaziotorino.it\/scatto\/wp-content\/gallery\/2018_12_12_palaneri\/IMG_2775-copia.jpg\"\n               title=\"\"\n               data-src=\"http:\/\/www.spaziotorino.it\/scatto\/wp-content\/gallery\/2018_12_12_palaneri\/IMG_2775-copia.jpg\"\n               data-thumbnail=\"http:\/\/www.spaziotorino.it\/scatto\/wp-content\/gallery\/2018_12_12_palaneri\/thumbs\/thumbs_IMG_2775-copia.jpg\"\n               data-image-id=\"22063\"\n               data-title=\"IMG_2775-copia\"\n               data-description=\"\"\n               data-image-slug=\"img_2775-copia\"\n               class=\"ngg-fancybox\" rel=\"a806d2689d8725638b3da8ed0eb8b12e\">\n                <img\n                    title=\"IMG_2775-copia\"\n                    alt=\"IMG_2775-copia\"\n                    src=\"http:\/\/www.spaziotorino.it\/scatto\/wp-content\/gallery\/2018_12_12_palaneri\/cache\/IMG_2775-copia.jpg-nggid0522063-ngg0dyn-60x60x100-00f0w010c011r110f110r010t010.jpg\"\n                    width=\"60\"\n                    height=\"60\"\n                    style=\"max-width:100%;\"\n                \/>\n            <\/a>\n        <\/div>\n\t\t\t\t\t\t\t<\/div> \n\t\t\t\n        \n\t\t\t\t<div id=\"ngg-image-5\" class=\"ngg-gallery-thumbnail-box\" >\n\t\t\t\t        <div class=\"ngg-gallery-thumbnail\">\n            <a href=\"http:\/\/www.spaziotorino.it\/scatto\/wp-content\/gallery\/2018_12_12_palaneri\/IMG_2825-copia.jpg\"\n               title=\"\"\n               data-src=\"http:\/\/www.spaziotorino.it\/scatto\/wp-content\/gallery\/2018_12_12_palaneri\/IMG_2825-copia.jpg\"\n               data-thumbnail=\"http:\/\/www.spaziotorino.it\/scatto\/wp-content\/gallery\/2018_12_12_palaneri\/thumbs\/thumbs_IMG_2825-copia.jpg\"\n               data-image-id=\"22064\"\n               data-title=\"IMG_2825-copia\"\n               data-description=\"\"\n               data-image-slug=\"img_2825-copia\"\n               class=\"ngg-fancybox\" rel=\"a806d2689d8725638b3da8ed0eb8b12e\">\n                <img\n                    title=\"IMG_2825-copia\"\n                    alt=\"IMG_2825-copia\"\n                    src=\"http:\/\/www.spaziotorino.it\/scatto\/wp-content\/gallery\/2018_12_12_palaneri\/cache\/IMG_2825-copia.jpg-nggid0522064-ngg0dyn-60x60x100-00f0w010c011r110f110r010t010.jpg\"\n                    width=\"60\"\n                    height=\"60\"\n                    style=\"max-width:100%;\"\n                \/>\n            <\/a>\n        <\/div>\n\t\t\t\t\t\t\t<\/div> \n\t\t\t\n        \n\t\t\t\t<div id=\"ngg-image-6\" class=\"ngg-gallery-thumbnail-box\" >\n\t\t\t\t        <div class=\"ngg-gallery-thumbnail\">\n            <a href=\"http:\/\/www.spaziotorino.it\/scatto\/wp-content\/gallery\/2018_12_12_palaneri\/IMG_2828-copia.jpg\"\n               title=\"\"\n               data-src=\"http:\/\/www.spaziotorino.it\/scatto\/wp-content\/gallery\/2018_12_12_palaneri\/IMG_2828-copia.jpg\"\n               data-thumbnail=\"http:\/\/www.spaziotorino.it\/scatto\/wp-content\/gallery\/2018_12_12_palaneri\/thumbs\/thumbs_IMG_2828-copia.jpg\"\n               data-image-id=\"22065\"\n               data-title=\"IMG_2828-copia\"\n               data-description=\"\"\n               data-image-slug=\"img_2828-copia\"\n               class=\"ngg-fancybox\" rel=\"a806d2689d8725638b3da8ed0eb8b12e\">\n                <img\n                    title=\"IMG_2828-copia\"\n                    alt=\"IMG_2828-copia\"\n                    src=\"http:\/\/www.spaziotorino.it\/scatto\/wp-content\/gallery\/2018_12_12_palaneri\/cache\/IMG_2828-copia.jpg-nggid0522065-ngg0dyn-60x60x100-00f0w010c011r110f110r010t010.jpg\"\n                    width=\"60\"\n                    height=\"60\"\n                    style=\"max-width:100%;\"\n                \/>\n            <\/a>\n        <\/div>\n\t\t\t\t\t\t\t<\/div> \n\t\t\t\n        \n\t\t\n\t\t<!-- Pagination -->\n\t<div class='ngg-clear'><\/div>\t<\/div>\n\n<p>Dopo 4 mesi di restauro \u00e8 tornata al suo originario splendore, grazie al contributo della Fondazione CRT, la grande pala d\u2019altare della&nbsp;<strong>Chiesa di San Filippo Neri a Torino<\/strong>, raffigurante \u201cLa Madonna in gloria con il Bambino tra i Santi Giovanni Battista ed Eusebio e i beati Amedeo e Margherita di Savoia\u201d.<\/p>\n<p>La maestosa tela fu realizzata dal pittore&nbsp;<strong>Carlo Maratta,<\/strong>&nbsp;maestro del classicismo barocco romano, coadiuvato da una \u00e9quipe di aiuti, per la chiesa dei Filippini di Torino all\u2019inizio del XVIII secolo. L\u2019opera \u00e8 collocata all\u2019interno di una grandiosa macchina d\u2019altare in marmi policromi, opera di Michelangelo Garove e Antonio Bertola, commissionata e finanziata dal principe di Carignano.<\/p>\n<p>\u201cUn altro tassello del nostro patrimonio storico-artistico viene restituito alla collettivit\u00e0 in tutta la sua bellezza \u2013 dichiara il Presidente della Fondazione CRT&nbsp;<strong>Giovanni Quaglia<\/strong>&nbsp;\u2013. Gli interventi di \u2018cura\u2019 e valorizzazione della Fondazione CRT, che opera da sempre in sinergia con le altre forze del territorio, toccano in modo capillare il Piemonte e la Valle d\u2019Aosta: dalle cappelle pi\u00f9 remote ai \u2018gioielli\u2019, come la Chiesa di San Filippo Neri, che \u2018brillano\u2019 nel cuore di Torino\u201d.<\/p>\n<p>La&nbsp;<strong>Chiesa di San Filippo<\/strong>&nbsp;\u00e8 la chiesa pi\u00f9 estesa della citt\u00e0 ed \u00e8 una delle pi\u00f9 ricche di opere d\u2019arte. La sua costruzione inizi\u00f2 nel 1675 per volere di Carlo Emanuele II e fu&nbsp;<strong>Filippo Juvarra,&nbsp;<\/strong>che vi lavor\u00f2 dal 1715 al 1730, a seguito del disastroso crollo che aveva interessato una parte dell\u2019edificio seicentesco, a conferire alla grande aula l\u2019aspetto definitivo.<\/p>\n<p>Il restauro ha restituito le cromie originali settecentesche al dipinto, eseguito ad olio su tela di lino, che si presentava compromesso nelle coloriture dei personaggi e degli sfondi, per l\u2019alterazione della pellicola pittorica, depositi di sporco organico e prolassi. Inoltre, grazie alle ricerche storico documentarie e alle analisi multispettrali, \u00e8 stato possibile ricostruire le fasi storiche che hanno connotato le articolate vicende del dipinto giunto da Roma a Torino.<\/p>\n","protected":false},"excerpt":{"rendered":"<p>Dopo 4 mesi di restauro \u00e8 tornata al suo originario splendore, grazie al contributo della Fondazione CRT, la grande pala d\u2019altare della&nbsp;Chiesa di San Filippo Neri a Torino, raffigurante \u201cLa Madonna in gloria con il Bambino tra i Santi Giovanni Battista ed Eusebio e i beati Amedeo e Margherita di Savoia\u201d. La maestosa tela fu [&hellip;]<\/p>\n","protected":false},"author":1,"featured_media":0,"comment_status":"closed","ping_status":"open","sticky":false,"template":"","format":"standard","meta":{"ngg_post_thumbnail":0},"categories":[54,1],"tags":[],"_links":{"self":[{"href":"http:\/\/www.spaziotorino.it\/scatto\/index.php?rest_route=\/wp\/v2\/posts\/15139"}],"collection":[{"href":"http:\/\/www.spaziotorino.it\/scatto\/index.php?rest_route=\/wp\/v2\/posts"}],"about":[{"href":"http:\/\/www.spaziotorino.it\/scatto\/index.php?rest_route=\/wp\/v2\/types\/post"}],"author":[{"embeddable":true,"href":"http:\/\/www.spaziotorino.it\/scatto\/index.php?rest_route=\/wp\/v2\/users\/1"}],"replies":[{"embeddable":true,"href":"http:\/\/www.spaziotorino.it\/scatto\/index.php?rest_route=%2Fwp%2Fv2%2Fcomments&post=15139"}],"version-history":[{"count":5,"href":"http:\/\/www.spaziotorino.it\/scatto\/index.php?rest_route=\/wp\/v2\/posts\/15139\/revisions"}],"predecessor-version":[{"id":15144,"href":"http:\/\/www.spaziotorino.it\/scatto\/index.php?rest_route=\/wp\/v2\/posts\/15139\/revisions\/15144"}],"wp:attachment":[{"href":"http:\/\/www.spaziotorino.it\/scatto\/index.php?rest_route=%2Fwp%2Fv2%2Fmedia&parent=15139"}],"wp:term":[{"taxonomy":"category","embeddable":true,"href":"http:\/\/www.spaziotorino.it\/scatto\/index.php?rest_route=%2Fwp%2Fv2%2Fcategories&post=15139"},{"taxonomy":"post_tag","embeddable":true,"href":"http:\/\/www.spaziotorino.it\/scatto\/index.php?rest_route=%2Fwp%2Fv2%2Ftags&post=15139"}],"curies":[{"name":"wp","href":"https:\/\/api.w.org\/{rel}","templated":true}]}}