{"id":15287,"date":"2018-12-29T13:38:36","date_gmt":"2018-12-29T12:38:36","guid":{"rendered":"http:\/\/www.spaziotorino.it\/scatto\/?p=15287"},"modified":"2018-12-29T13:40:41","modified_gmt":"2018-12-29T12:40:41","slug":"torino-verso-il-2019-un-bilancio-e-un-rilancio-per-il-futuro","status":"publish","type":"post","link":"http:\/\/www.spaziotorino.it\/scatto\/?p=15287","title":{"rendered":"Torino verso il 2019: un bilancio e un rilancio per il futuro"},"content":{"rendered":"<p><a class=\"ngg-fancybox\" title=\"Conferenza stampa di fine anno della sindaca\" href=\"http:\/\/www.spaziotorino.it\/scatto\/wp-content\/gallery\/2018_12_29_confanno\/IMG_4184.jpg\" rel=\"81c8341e70afd2773a88508b34872d23\"><br \/>\n<img decoding=\"async\" loading=\"lazy\" class=\"ngg-singlepic\" title=\"Conferenza stampa di fine anno della sindaca\" src=\"http:\/\/www.spaziotorino.it\/scatto\/wp-content\/gallery\/2018_12_29_confanno\/IMG_4184.jpg\" alt=\"\" width=\"540\" height=\"360\"\/><\/a><\/p>\n<!-- index.php -->\n<div\n\tclass=\"ngg-galleryoverview ngg-ajax-pagination-none\"\n\tid=\"ngg-gallery-960d0f965d3b93ddaf9e583f3fb22731-1\">\n\n    \t\t<!-- Thumbnails -->\n\t\t\t\t<div id=\"ngg-image-0\" class=\"ngg-gallery-thumbnail-box\" >\n\t\t\t\t        <div class=\"ngg-gallery-thumbnail\">\n            <a href=\"http:\/\/www.spaziotorino.it\/scatto\/wp-content\/gallery\/2018_12_29_confanno\/IMG_4071.jpg\"\n               title=\"Guido Montanari e Chiara Appendino\"\n               data-src=\"http:\/\/www.spaziotorino.it\/scatto\/wp-content\/gallery\/2018_12_29_confanno\/IMG_4071.jpg\"\n               data-thumbnail=\"http:\/\/www.spaziotorino.it\/scatto\/wp-content\/gallery\/2018_12_29_confanno\/thumbs\/thumbs_IMG_4071.jpg\"\n               data-image-id=\"22111\"\n               data-title=\"Guido Montanari e Chiara Appendino\"\n               data-description=\"Guido Montanari e Chiara Appendino\"\n               data-image-slug=\"img_4071\"\n               class=\"ngg-fancybox\" rel=\"960d0f965d3b93ddaf9e583f3fb22731\">\n                <img\n                    title=\"Guido Montanari e Chiara Appendino\"\n                    alt=\"Guido Montanari e Chiara Appendino\"\n                    src=\"http:\/\/www.spaziotorino.it\/scatto\/wp-content\/gallery\/2018_12_29_confanno\/cache\/IMG_4071.jpg-nggid0522111-ngg0dyn-60x60x100-00f0w010c011r110f110r010t010.jpg\"\n                    width=\"60\"\n                    height=\"60\"\n                    style=\"max-width:100%;\"\n                \/>\n            <\/a>\n        <\/div>\n\t\t\t\t\t\t\t<\/div> \n\t\t\t\n        \n\t\t\t\t<div id=\"ngg-image-1\" class=\"ngg-gallery-thumbnail-box\" >\n\t\t\t\t        <div class=\"ngg-gallery-thumbnail\">\n            <a href=\"http:\/\/www.spaziotorino.it\/scatto\/wp-content\/gallery\/2018_12_29_confanno\/IMG_4052.jpg\"\n               title=\"Conferenza stampa di fine anno della sindaca\"\n               data-src=\"http:\/\/www.spaziotorino.it\/scatto\/wp-content\/gallery\/2018_12_29_confanno\/IMG_4052.jpg\"\n               data-thumbnail=\"http:\/\/www.spaziotorino.it\/scatto\/wp-content\/gallery\/2018_12_29_confanno\/thumbs\/thumbs_IMG_4052.jpg\"\n               data-image-id=\"22110\"\n               data-title=\"Conferenza stampa di fine anno della sindaca\"\n               data-description=\"Conferenza stampa di fine anno della sindaca\"\n               data-image-slug=\"img_4052\"\n               class=\"ngg-fancybox\" rel=\"960d0f965d3b93ddaf9e583f3fb22731\">\n                <img\n                    title=\"Conferenza stampa di fine anno della sindaca\"\n                    alt=\"Conferenza stampa di fine anno della sindaca\"\n                    src=\"http:\/\/www.spaziotorino.it\/scatto\/wp-content\/gallery\/2018_12_29_confanno\/cache\/IMG_4052.jpg-nggid0522110-ngg0dyn-60x60x100-00f0w010c011r110f110r010t010.jpg\"\n                    width=\"60\"\n                    height=\"60\"\n                    style=\"max-width:100%;\"\n                \/>\n            <\/a>\n        <\/div>\n\t\t\t\t\t\t\t<\/div> \n\t\t\t\n        \n\t\t\t\t<div id=\"ngg-image-2\" class=\"ngg-gallery-thumbnail-box\" >\n\t\t\t\t        <div class=\"ngg-gallery-thumbnail\">\n            <a href=\"http:\/\/www.spaziotorino.it\/scatto\/wp-content\/gallery\/2018_12_29_confanno\/IMG_4050.jpg\"\n               title=\"La Giunta in Sala delle Colonne\"\n               data-src=\"http:\/\/www.spaziotorino.it\/scatto\/wp-content\/gallery\/2018_12_29_confanno\/IMG_4050.jpg\"\n               data-thumbnail=\"http:\/\/www.spaziotorino.it\/scatto\/wp-content\/gallery\/2018_12_29_confanno\/thumbs\/thumbs_IMG_4050.jpg\"\n               data-image-id=\"22109\"\n               data-title=\"La Giunta in Sala delle Colonne\"\n               data-description=\"La Giunta in Sala delle Colonne\"\n               data-image-slug=\"img_4050-1\"\n               class=\"ngg-fancybox\" rel=\"960d0f965d3b93ddaf9e583f3fb22731\">\n                <img\n                    title=\"La Giunta in Sala delle Colonne\"\n                    alt=\"La Giunta in Sala delle Colonne\"\n                    src=\"http:\/\/www.spaziotorino.it\/scatto\/wp-content\/gallery\/2018_12_29_confanno\/cache\/IMG_4050.jpg-nggid0522109-ngg0dyn-60x60x100-00f0w010c011r110f110r010t010.jpg\"\n                    width=\"60\"\n                    height=\"60\"\n                    style=\"max-width:100%;\"\n                \/>\n            <\/a>\n        <\/div>\n\t\t\t\t\t\t\t<\/div> \n\t\t\t\n        \n\t\t\t\t<div id=\"ngg-image-3\" class=\"ngg-gallery-thumbnail-box\" >\n\t\t\t\t        <div class=\"ngg-gallery-thumbnail\">\n            <a href=\"http:\/\/www.spaziotorino.it\/scatto\/wp-content\/gallery\/2018_12_29_confanno\/IMG_4078.jpg\"\n               title=\"Conferenza stampa di fine anno della sindaca\"\n               data-src=\"http:\/\/www.spaziotorino.it\/scatto\/wp-content\/gallery\/2018_12_29_confanno\/IMG_4078.jpg\"\n               data-thumbnail=\"http:\/\/www.spaziotorino.it\/scatto\/wp-content\/gallery\/2018_12_29_confanno\/thumbs\/thumbs_IMG_4078.jpg\"\n               data-image-id=\"22112\"\n               data-title=\"Conferenza stampa di fine anno della sindaca\"\n               data-description=\"Conferenza stampa di fine anno della sindaca\"\n               data-image-slug=\"img_4078\"\n               class=\"ngg-fancybox\" rel=\"960d0f965d3b93ddaf9e583f3fb22731\">\n                <img\n                    title=\"Conferenza stampa di fine anno della sindaca\"\n                    alt=\"Conferenza stampa di fine anno della sindaca\"\n                    src=\"http:\/\/www.spaziotorino.it\/scatto\/wp-content\/gallery\/2018_12_29_confanno\/cache\/IMG_4078.jpg-nggid0522112-ngg0dyn-60x60x100-00f0w010c011r110f110r010t010.jpg\"\n                    width=\"60\"\n                    height=\"60\"\n                    style=\"max-width:100%;\"\n                \/>\n            <\/a>\n        <\/div>\n\t\t\t\t\t\t\t<\/div> \n\t\t\t\n        \n\t\t\t\t<div id=\"ngg-image-4\" class=\"ngg-gallery-thumbnail-box\" >\n\t\t\t\t        <div class=\"ngg-gallery-thumbnail\">\n            <a href=\"http:\/\/www.spaziotorino.it\/scatto\/wp-content\/gallery\/2018_12_29_confanno\/IMG_4106.jpg\"\n               title=\"Guido Montanari\"\n               data-src=\"http:\/\/www.spaziotorino.it\/scatto\/wp-content\/gallery\/2018_12_29_confanno\/IMG_4106.jpg\"\n               data-thumbnail=\"http:\/\/www.spaziotorino.it\/scatto\/wp-content\/gallery\/2018_12_29_confanno\/thumbs\/thumbs_IMG_4106.jpg\"\n               data-image-id=\"22113\"\n               data-title=\"Guido Montanari\"\n               data-description=\"Guido Montanari\"\n               data-image-slug=\"img_4106\"\n               class=\"ngg-fancybox\" rel=\"960d0f965d3b93ddaf9e583f3fb22731\">\n                <img\n                    title=\"Guido Montanari\"\n                    alt=\"Guido Montanari\"\n                    src=\"http:\/\/www.spaziotorino.it\/scatto\/wp-content\/gallery\/2018_12_29_confanno\/cache\/IMG_4106.jpg-nggid0522113-ngg0dyn-60x60x100-00f0w010c011r110f110r010t010.jpg\"\n                    width=\"60\"\n                    height=\"60\"\n                    style=\"max-width:100%;\"\n                \/>\n            <\/a>\n        <\/div>\n\t\t\t\t\t\t\t<\/div> \n\t\t\t\n        \n\t\t\t\t<div id=\"ngg-image-5\" class=\"ngg-gallery-thumbnail-box\" >\n\t\t\t\t        <div class=\"ngg-gallery-thumbnail\">\n            <a href=\"http:\/\/www.spaziotorino.it\/scatto\/wp-content\/gallery\/2018_12_29_confanno\/IMG_4134.jpg\"\n               title=\"Maria Lapietra\"\n               data-src=\"http:\/\/www.spaziotorino.it\/scatto\/wp-content\/gallery\/2018_12_29_confanno\/IMG_4134.jpg\"\n               data-thumbnail=\"http:\/\/www.spaziotorino.it\/scatto\/wp-content\/gallery\/2018_12_29_confanno\/thumbs\/thumbs_IMG_4134.jpg\"\n               data-image-id=\"22114\"\n               data-title=\"Maria Lapietra\"\n               data-description=\"Maria Lapietra\"\n               data-image-slug=\"img_4134\"\n               class=\"ngg-fancybox\" rel=\"960d0f965d3b93ddaf9e583f3fb22731\">\n                <img\n                    title=\"Maria Lapietra\"\n                    alt=\"Maria Lapietra\"\n                    src=\"http:\/\/www.spaziotorino.it\/scatto\/wp-content\/gallery\/2018_12_29_confanno\/cache\/IMG_4134.jpg-nggid0522114-ngg0dyn-60x60x100-00f0w010c011r110f110r010t010.jpg\"\n                    width=\"60\"\n                    height=\"60\"\n                    style=\"max-width:100%;\"\n                \/>\n            <\/a>\n        <\/div>\n\t\t\t\t\t\t\t<\/div> \n\t\t\t\n        \n\t\t\t\t<div id=\"ngg-image-6\" class=\"ngg-gallery-thumbnail-box\" >\n\t\t\t\t        <div class=\"ngg-gallery-thumbnail\">\n            <a href=\"http:\/\/www.spaziotorino.it\/scatto\/wp-content\/gallery\/2018_12_29_confanno\/IMG_4147.jpg\"\n               title=\"Alberto Unia\"\n               data-src=\"http:\/\/www.spaziotorino.it\/scatto\/wp-content\/gallery\/2018_12_29_confanno\/IMG_4147.jpg\"\n               data-thumbnail=\"http:\/\/www.spaziotorino.it\/scatto\/wp-content\/gallery\/2018_12_29_confanno\/thumbs\/thumbs_IMG_4147.jpg\"\n               data-image-id=\"22115\"\n               data-title=\"Alberto Unia\"\n               data-description=\"Alberto Unia\"\n               data-image-slug=\"img_4147\"\n               class=\"ngg-fancybox\" rel=\"960d0f965d3b93ddaf9e583f3fb22731\">\n                <img\n                    title=\"Alberto Unia\"\n                    alt=\"Alberto Unia\"\n                    src=\"http:\/\/www.spaziotorino.it\/scatto\/wp-content\/gallery\/2018_12_29_confanno\/cache\/IMG_4147.jpg-nggid0522115-ngg0dyn-60x60x100-00f0w010c011r110f110r010t010.jpg\"\n                    width=\"60\"\n                    height=\"60\"\n                    style=\"max-width:100%;\"\n                \/>\n            <\/a>\n        <\/div>\n\t\t\t\t\t\t\t<\/div> \n\t\t\t\n        \n\t\t\t\t<div id=\"ngg-image-7\" class=\"ngg-gallery-thumbnail-box\" >\n\t\t\t\t        <div class=\"ngg-gallery-thumbnail\">\n            <a href=\"http:\/\/www.spaziotorino.it\/scatto\/wp-content\/gallery\/2018_12_29_confanno\/IMG_4172.jpg\"\n               title=\"Alberto Sacco\"\n               data-src=\"http:\/\/www.spaziotorino.it\/scatto\/wp-content\/gallery\/2018_12_29_confanno\/IMG_4172.jpg\"\n               data-thumbnail=\"http:\/\/www.spaziotorino.it\/scatto\/wp-content\/gallery\/2018_12_29_confanno\/thumbs\/thumbs_IMG_4172.jpg\"\n               data-image-id=\"22116\"\n               data-title=\"Alberto Sacco\"\n               data-description=\"Alberto Sacco\"\n               data-image-slug=\"img_4172\"\n               class=\"ngg-fancybox\" rel=\"960d0f965d3b93ddaf9e583f3fb22731\">\n                <img\n                    title=\"Alberto Sacco\"\n                    alt=\"Alberto Sacco\"\n                    src=\"http:\/\/www.spaziotorino.it\/scatto\/wp-content\/gallery\/2018_12_29_confanno\/cache\/IMG_4172.jpg-nggid0522116-ngg0dyn-60x60x100-00f0w010c011r110f110r010t010.jpg\"\n                    width=\"60\"\n                    height=\"60\"\n                    style=\"max-width:100%;\"\n                \/>\n            <\/a>\n        <\/div>\n\t\t\t\t\t\t\t<\/div> \n\t\t\t\n        \n\t\t\t\t<div id=\"ngg-image-8\" class=\"ngg-gallery-thumbnail-box\" >\n\t\t\t\t        <div class=\"ngg-gallery-thumbnail\">\n            <a href=\"http:\/\/www.spaziotorino.it\/scatto\/wp-content\/gallery\/2018_12_29_confanno\/IMG_4190.jpg\"\n               title=\"Sergio Rolando\"\n               data-src=\"http:\/\/www.spaziotorino.it\/scatto\/wp-content\/gallery\/2018_12_29_confanno\/IMG_4190.jpg\"\n               data-thumbnail=\"http:\/\/www.spaziotorino.it\/scatto\/wp-content\/gallery\/2018_12_29_confanno\/thumbs\/thumbs_IMG_4190.jpg\"\n               data-image-id=\"22118\"\n               data-title=\"Sergio Rolando\"\n               data-description=\"Sergio Rolando\"\n               data-image-slug=\"img_4190\"\n               class=\"ngg-fancybox\" rel=\"960d0f965d3b93ddaf9e583f3fb22731\">\n                <img\n                    title=\"Sergio Rolando\"\n                    alt=\"Sergio Rolando\"\n                    src=\"http:\/\/www.spaziotorino.it\/scatto\/wp-content\/gallery\/2018_12_29_confanno\/cache\/IMG_4190.jpg-nggid0522118-ngg0dyn-60x60x100-00f0w010c011r110f110r010t010.jpg\"\n                    width=\"60\"\n                    height=\"60\"\n                    style=\"max-width:100%;\"\n                \/>\n            <\/a>\n        <\/div>\n\t\t\t\t\t\t\t<\/div> \n\t\t\t\n        \n\t\t\t\t<div id=\"ngg-image-9\" class=\"ngg-gallery-thumbnail-box\" >\n\t\t\t\t        <div class=\"ngg-gallery-thumbnail\">\n            <a href=\"http:\/\/www.spaziotorino.it\/scatto\/wp-content\/gallery\/2018_12_29_confanno\/IMG_4180.jpg\"\n               title=\"Chiara Appendino\"\n               data-src=\"http:\/\/www.spaziotorino.it\/scatto\/wp-content\/gallery\/2018_12_29_confanno\/IMG_4180.jpg\"\n               data-thumbnail=\"http:\/\/www.spaziotorino.it\/scatto\/wp-content\/gallery\/2018_12_29_confanno\/thumbs\/thumbs_IMG_4180.jpg\"\n               data-image-id=\"22121\"\n               data-title=\"Chiara Appendino\"\n               data-description=\"Chiara Appendino\"\n               data-image-slug=\"img_4180\"\n               class=\"ngg-fancybox\" rel=\"960d0f965d3b93ddaf9e583f3fb22731\">\n                <img\n                    title=\"Chiara Appendino\"\n                    alt=\"Chiara Appendino\"\n                    src=\"http:\/\/www.spaziotorino.it\/scatto\/wp-content\/gallery\/2018_12_29_confanno\/cache\/IMG_4180.jpg-nggid0522121-ngg0dyn-60x60x100-00f0w010c011r110f110r010t010.jpg\"\n                    width=\"60\"\n                    height=\"60\"\n                    style=\"max-width:100%;\"\n                \/>\n            <\/a>\n        <\/div>\n\t\t\t\t\t\t\t<\/div> \n\t\t\t\n        \n\t\t\t\t<div id=\"ngg-image-10\" class=\"ngg-gallery-thumbnail-box\" >\n\t\t\t\t        <div class=\"ngg-gallery-thumbnail\">\n            <a href=\"http:\/\/www.spaziotorino.it\/scatto\/wp-content\/gallery\/2018_12_29_confanno\/IMG_4202.jpg\"\n               title=\"Francesca Paola Leon\"\n               data-src=\"http:\/\/www.spaziotorino.it\/scatto\/wp-content\/gallery\/2018_12_29_confanno\/IMG_4202.jpg\"\n               data-thumbnail=\"http:\/\/www.spaziotorino.it\/scatto\/wp-content\/gallery\/2018_12_29_confanno\/thumbs\/thumbs_IMG_4202.jpg\"\n               data-image-id=\"22119\"\n               data-title=\"Francesca Paola Leon\"\n               data-description=\"Francesca Paola Leon\"\n               data-image-slug=\"img_4202\"\n               class=\"ngg-fancybox\" rel=\"960d0f965d3b93ddaf9e583f3fb22731\">\n                <img\n                    title=\"Francesca Paola Leon\"\n                    alt=\"Francesca Paola Leon\"\n                    src=\"http:\/\/www.spaziotorino.it\/scatto\/wp-content\/gallery\/2018_12_29_confanno\/cache\/IMG_4202.jpg-nggid0522119-ngg0dyn-60x60x100-00f0w010c011r110f110r010t010.jpg\"\n                    width=\"60\"\n                    height=\"60\"\n                    style=\"max-width:100%;\"\n                \/>\n            <\/a>\n        <\/div>\n\t\t\t\t\t\t\t<\/div> \n\t\t\t\n        \n\t\t\t\t<div id=\"ngg-image-11\" class=\"ngg-gallery-thumbnail-box\" >\n\t\t\t\t        <div class=\"ngg-gallery-thumbnail\">\n            <a href=\"http:\/\/www.spaziotorino.it\/scatto\/wp-content\/gallery\/2018_12_29_confanno\/IMG_4208.jpg\"\n               title=\"La Giunta Appendino\"\n               data-src=\"http:\/\/www.spaziotorino.it\/scatto\/wp-content\/gallery\/2018_12_29_confanno\/IMG_4208.jpg\"\n               data-thumbnail=\"http:\/\/www.spaziotorino.it\/scatto\/wp-content\/gallery\/2018_12_29_confanno\/thumbs\/thumbs_IMG_4208.jpg\"\n               data-image-id=\"22120\"\n               data-title=\"La Giunta Appendino\"\n               data-description=\"La Giunta Appendino\"\n               data-image-slug=\"img_4208\"\n               class=\"ngg-fancybox\" rel=\"960d0f965d3b93ddaf9e583f3fb22731\">\n                <img\n                    title=\"La Giunta Appendino\"\n                    alt=\"La Giunta Appendino\"\n                    src=\"http:\/\/www.spaziotorino.it\/scatto\/wp-content\/gallery\/2018_12_29_confanno\/cache\/IMG_4208.jpg-nggid0522120-ngg0dyn-60x60x100-00f0w010c011r110f110r010t010.jpg\"\n                    width=\"60\"\n                    height=\"60\"\n                    style=\"max-width:100%;\"\n                \/>\n            <\/a>\n        <\/div>\n\t\t\t\t\t\t\t<\/div> \n\t\t\t\n        \n\t\t\n\t\t<!-- Pagination -->\n\t<div class='ngg-clear'><\/div>\t<\/div>\n\n<p>Affrontati e posti su un binario di risanamento e rinnovamento i punti critici raccolti a inizio mandato, ora \u00e8 il momento di fare un bilancio ma anche un rilancio positivo verso il futuro, con linee guida ben definite da un piano d\u2019azione, costruito attraverso l\u2019interlocuzione con una cittadinanza attiva e propositiva. In sintesi, pare  essere questo il messaggio che la sindaca Chiara Appendino ha lanciato oggi alla platea di giornalisti invitata alla conferenza stampa di fine anno, tradizionale appuntamento con le cose fatte e le cose da fare, con i lati chiari e quelli ancora in ombra, sui quali l\u2019Amministrazione punta i fari illuminando un percorso con corridoi ben definiti.<\/p>\n<p>La sindaca \u00e8 partita dai punti critici affrontati fin dal primo giorno di mandato: \u201cLe condizioni del bilancio, con una forte tensione finanziaria e un debito che ha ridotto la capacit\u00e0 di investire e di finanziare nuovi progetti; la condizione delle periferie e il disagio sociale dove a condizioni di degrado fisico e di povert\u00e0 che evidenziavano uno stato di periferia esistenziale si \u00e8 intervenuti con azioni di riappropriazione del territorio e di risanamento dello spazio pubblico; l\u2019ambiente, mai posto al centro delle attenzioni  e ora filo conduttore delle trasformazioni, a partire dal modello di mobilit\u00e0 urbana che vogliamo applicare\u201d, ha spiegato Chiara Appendino.<\/p>\n<p>\u201cLa visione di citt\u00e0 che noi vogliamo disegnare parte da quattro pilastri: Torino deve essere partecipata, vivibile, solidale e dinamica\u201d. Sono i filoni di lavoro del piano d\u2019azione Torino 2030: uno sviluppo partecipato e condiviso da tutti i cittadini e le cittadine, che delinei il futuro delle prossime generazioni; una vivibilit\u00e0 a misura di cittadino e cittadina, costruita attorno ai bisogni e alle aspettative con le infrastrutture fisiche e digitali necessarie ad affrontare una realt\u00e0 in mutamento; una citt\u00e0 dove nessuno rimane indietro, che affronti e risolva le contraddizioni sociali ed economiche \u201cnon lasciando indietro nessuno\u201d; una comunit\u00e0 che si presenti al mondo come culla dell\u2019innovazione e di sviluppo, impresa e lavoro, sempre tra le pi\u00f9 vivaci del mondo.<\/p>\n<p>Tra le eccellenze dell\u2019azione di questa Amministrazione segnalate dalla sindaca, il tavolo di progettazione civica che ha suscitato in ogni ambito cittadino una partecipazione attiva delle persone rinnovando la capacit\u00e0 di essere comunit\u00e0 che affronta e risolve le criticit\u00e0 del territorio.  Altro progetto, TorinoCity Lab, una nuova esperienza d\u2019innovazione fisica e sociale che ha trasformato la citt\u00e0 in un laboratorio a cielo aperto per l\u2019industria 4.0, dove sperimentare e creare lavoro e opportunit\u00e0 per tutti. La sindaca ha anche ricordato la definizione della nuova linea di metropolitana, con un percorso di 27 km e la concreta possibilit\u00e0 che nel prossimo settembre possano arrivare i primi finanziamenti dallo Stato, e il complesso percorso di risanamento delle palazzine di via Giordano Bruno, con l\u2019obiettivo di rendere nuovamente vivibile il quartiere \u201cattraverso un\u2019azione che pone al centro le persone\u201d.<\/p>\n<p>Alcuni dati importanti sono poi emersi dal lavoro svolto dagli assessorati. Alcuni esempi: i 14 km di nuove piste ciclabili e le 265 colonnine di ricarica per veicoli elettrici; i 16 progetti di trasformazione urbanistica, gli 11 grandi eventi sportivi tra il 2018 e il 2019, i 1053 appuntamenti culturali, la nuova modalit\u00e0 d\u2019iscrizione on line agli asili nido, l\u2019incremento del turismo del 9,12% nello scorso autunno, i 1600 alberi piantati con i cittadini e le cittadine, i 55mila metri quadrati di strade riasfaltate, le 75 assunzioni di persone con disabilit\u00e0 da parte dell\u2019Amministrazione.<\/p>\n<p>E poi, l\u2019illustrazione dei grandi progetti di trasformazione urbana, presentati dal vicesindaco Giudo Montanari e, in parte, da Maria La Pietra e da Alberto Unia. Caserma Aimone con il Federal Building, 2mila posti di lavoro in un unico polo degli uffici ministeriali; via Asti, con la caserma trasformata in piazza con residenze e negozi, a cura dello studio Ratti; ancora la linea Metro 2 e i nuovi interventi di moderazione del traffico con sette isole pedonali e altri percorsi ciclabili; i nuovi interventi sul verde (apertura del galoppatoio militare del Meisino, ad esempio) ed estensione della raccolta differenziata.<\/p>\n<p>Disponibile la <a href=\"http:\/\/www.comune.torino.it\/ucstampa\/cartellestampa\/2014\/conferenza-stampa-di-fine-anno-della-sindaca.shtml\">presentazione<\/a> utilizzata  durante la conferenza stampa.<\/p>\n<p>[Fonte: <a href=\"http:\/\/www.torinoclick.it\/?p=81633\">TorinoClick<\/a>]<\/p>\n","protected":false},"excerpt":{"rendered":"<p>Affrontati e posti su un binario di risanamento e rinnovamento i punti critici raccolti a inizio mandato, ora \u00e8 il momento di fare un bilancio ma anche un rilancio positivo verso il futuro, con linee guida ben definite da un piano d\u2019azione, costruito attraverso l\u2019interlocuzione con una cittadinanza attiva e propositiva. In sintesi, pare essere [&hellip;]<\/p>\n","protected":false},"author":1,"featured_media":0,"comment_status":"closed","ping_status":"open","sticky":false,"template":"","format":"standard","meta":{"ngg_post_thumbnail":0},"categories":[1,895],"tags":[],"_links":{"self":[{"href":"http:\/\/www.spaziotorino.it\/scatto\/index.php?rest_route=\/wp\/v2\/posts\/15287"}],"collection":[{"href":"http:\/\/www.spaziotorino.it\/scatto\/index.php?rest_route=\/wp\/v2\/posts"}],"about":[{"href":"http:\/\/www.spaziotorino.it\/scatto\/index.php?rest_route=\/wp\/v2\/types\/post"}],"author":[{"embeddable":true,"href":"http:\/\/www.spaziotorino.it\/scatto\/index.php?rest_route=\/wp\/v2\/users\/1"}],"replies":[{"embeddable":true,"href":"http:\/\/www.spaziotorino.it\/scatto\/index.php?rest_route=%2Fwp%2Fv2%2Fcomments&post=15287"}],"version-history":[{"count":4,"href":"http:\/\/www.spaziotorino.it\/scatto\/index.php?rest_route=\/wp\/v2\/posts\/15287\/revisions"}],"predecessor-version":[{"id":15309,"href":"http:\/\/www.spaziotorino.it\/scatto\/index.php?rest_route=\/wp\/v2\/posts\/15287\/revisions\/15309"}],"wp:attachment":[{"href":"http:\/\/www.spaziotorino.it\/scatto\/index.php?rest_route=%2Fwp%2Fv2%2Fmedia&parent=15287"}],"wp:term":[{"taxonomy":"category","embeddable":true,"href":"http:\/\/www.spaziotorino.it\/scatto\/index.php?rest_route=%2Fwp%2Fv2%2Fcategories&post=15287"},{"taxonomy":"post_tag","embeddable":true,"href":"http:\/\/www.spaziotorino.it\/scatto\/index.php?rest_route=%2Fwp%2Fv2%2Ftags&post=15287"}],"curies":[{"name":"wp","href":"https:\/\/api.w.org\/{rel}","templated":true}]}}