{"id":15329,"date":"2019-01-14T11:58:45","date_gmt":"2019-01-14T10:58:45","guid":{"rendered":"http:\/\/www.spaziotorino.it\/scatto\/?p=15329"},"modified":"2019-01-16T12:03:35","modified_gmt":"2019-01-16T11:03:35","slug":"riapre-la-chiesa-santo-sudario","status":"publish","type":"post","link":"http:\/\/www.spaziotorino.it\/scatto\/?p=15329","title":{"rendered":"Riapre la chiesa Santo Sudario"},"content":{"rendered":"<p><a class=\"ngg-fancybox\" title=\"Riapre la chiesa Santo Sudario\" href=\"http:\/\/www.spaziotorino.it\/scatto\/wp-content\/gallery\/2019_01_14_ssudario\/AMA_1381.jpg\" rel=\"f2b78cb125bac32b4e24d2dde3742498\"><br \/>\n<img decoding=\"async\" loading=\"lazy\" class=\"ngg-singlepic\" title=\"Riapre la chiesa Santo Sudario\" src=\"http:\/\/www.spaziotorino.it\/scatto\/wp-content\/gallery\/2019_01_14_ssudario\/AMA_1381.jpg\" alt=\"\" width=\"540\" height=\"360\"\/><\/a><\/p>\n<!-- index.php -->\n<div\n\tclass=\"ngg-galleryoverview ngg-ajax-pagination-none\"\n\tid=\"ngg-gallery-1fca5578d76ea71dd44e63def7a87b09-1\">\n\n    \t\t<!-- Thumbnails -->\n\t\t\t\t<div id=\"ngg-image-0\" class=\"ngg-gallery-thumbnail-box\" >\n\t\t\t\t        <div class=\"ngg-gallery-thumbnail\">\n            <a href=\"http:\/\/www.spaziotorino.it\/scatto\/wp-content\/gallery\/2019_01_14_ssudario\/AMA_1364.jpg\"\n               title=\"\"\n               data-src=\"http:\/\/www.spaziotorino.it\/scatto\/wp-content\/gallery\/2019_01_14_ssudario\/AMA_1364.jpg\"\n               data-thumbnail=\"http:\/\/www.spaziotorino.it\/scatto\/wp-content\/gallery\/2019_01_14_ssudario\/thumbs\/thumbs_AMA_1364.jpg\"\n               data-image-id=\"22129\"\n               data-title=\"AMA_1364\"\n               data-description=\"\"\n               data-image-slug=\"ama_1364\"\n               class=\"ngg-fancybox\" rel=\"1fca5578d76ea71dd44e63def7a87b09\">\n                <img\n                    title=\"AMA_1364\"\n                    alt=\"AMA_1364\"\n                    src=\"http:\/\/www.spaziotorino.it\/scatto\/wp-content\/gallery\/2019_01_14_ssudario\/cache\/AMA_1364.jpg-nggid0522129-ngg0dyn-60x60x100-00f0w010c011r110f110r010t010.jpg\"\n                    width=\"60\"\n                    height=\"60\"\n                    style=\"max-width:100%;\"\n                \/>\n            <\/a>\n        <\/div>\n\t\t\t\t\t\t\t<\/div> \n\t\t\t\n        \n\t\t\t\t<div id=\"ngg-image-1\" class=\"ngg-gallery-thumbnail-box\" >\n\t\t\t\t        <div class=\"ngg-gallery-thumbnail\">\n            <a href=\"http:\/\/www.spaziotorino.it\/scatto\/wp-content\/gallery\/2019_01_14_ssudario\/AMA_1367.jpg\"\n               title=\"\"\n               data-src=\"http:\/\/www.spaziotorino.it\/scatto\/wp-content\/gallery\/2019_01_14_ssudario\/AMA_1367.jpg\"\n               data-thumbnail=\"http:\/\/www.spaziotorino.it\/scatto\/wp-content\/gallery\/2019_01_14_ssudario\/thumbs\/thumbs_AMA_1367.jpg\"\n               data-image-id=\"22130\"\n               data-title=\"AMA_1367\"\n               data-description=\"\"\n               data-image-slug=\"ama_1367\"\n               class=\"ngg-fancybox\" rel=\"1fca5578d76ea71dd44e63def7a87b09\">\n                <img\n                    title=\"AMA_1367\"\n                    alt=\"AMA_1367\"\n                    src=\"http:\/\/www.spaziotorino.it\/scatto\/wp-content\/gallery\/2019_01_14_ssudario\/cache\/AMA_1367.jpg-nggid0522130-ngg0dyn-60x60x100-00f0w010c011r110f110r010t010.jpg\"\n                    width=\"60\"\n                    height=\"60\"\n                    style=\"max-width:100%;\"\n                \/>\n            <\/a>\n        <\/div>\n\t\t\t\t\t\t\t<\/div> \n\t\t\t\n        \n\t\t\t\t<div id=\"ngg-image-2\" class=\"ngg-gallery-thumbnail-box\" >\n\t\t\t\t        <div class=\"ngg-gallery-thumbnail\">\n            <a href=\"http:\/\/www.spaziotorino.it\/scatto\/wp-content\/gallery\/2019_01_14_ssudario\/AMA_1369.jpg\"\n               title=\"\"\n               data-src=\"http:\/\/www.spaziotorino.it\/scatto\/wp-content\/gallery\/2019_01_14_ssudario\/AMA_1369.jpg\"\n               data-thumbnail=\"http:\/\/www.spaziotorino.it\/scatto\/wp-content\/gallery\/2019_01_14_ssudario\/thumbs\/thumbs_AMA_1369.jpg\"\n               data-image-id=\"22131\"\n               data-title=\"AMA_1369\"\n               data-description=\"\"\n               data-image-slug=\"ama_1369\"\n               class=\"ngg-fancybox\" rel=\"1fca5578d76ea71dd44e63def7a87b09\">\n                <img\n                    title=\"AMA_1369\"\n                    alt=\"AMA_1369\"\n                    src=\"http:\/\/www.spaziotorino.it\/scatto\/wp-content\/gallery\/2019_01_14_ssudario\/cache\/AMA_1369.jpg-nggid0522131-ngg0dyn-60x60x100-00f0w010c011r110f110r010t010.jpg\"\n                    width=\"60\"\n                    height=\"60\"\n                    style=\"max-width:100%;\"\n                \/>\n            <\/a>\n        <\/div>\n\t\t\t\t\t\t\t<\/div> \n\t\t\t\n        \n\t\t\t\t<div id=\"ngg-image-3\" class=\"ngg-gallery-thumbnail-box\" >\n\t\t\t\t        <div class=\"ngg-gallery-thumbnail\">\n            <a href=\"http:\/\/www.spaziotorino.it\/scatto\/wp-content\/gallery\/2019_01_14_ssudario\/AMA_1376.jpg\"\n               title=\"\"\n               data-src=\"http:\/\/www.spaziotorino.it\/scatto\/wp-content\/gallery\/2019_01_14_ssudario\/AMA_1376.jpg\"\n               data-thumbnail=\"http:\/\/www.spaziotorino.it\/scatto\/wp-content\/gallery\/2019_01_14_ssudario\/thumbs\/thumbs_AMA_1376.jpg\"\n               data-image-id=\"22132\"\n               data-title=\"AMA_1376\"\n               data-description=\"\"\n               data-image-slug=\"ama_1376\"\n               class=\"ngg-fancybox\" rel=\"1fca5578d76ea71dd44e63def7a87b09\">\n                <img\n                    title=\"AMA_1376\"\n                    alt=\"AMA_1376\"\n                    src=\"http:\/\/www.spaziotorino.it\/scatto\/wp-content\/gallery\/2019_01_14_ssudario\/cache\/AMA_1376.jpg-nggid0522132-ngg0dyn-60x60x100-00f0w010c011r110f110r010t010.jpg\"\n                    width=\"60\"\n                    height=\"60\"\n                    style=\"max-width:100%;\"\n                \/>\n            <\/a>\n        <\/div>\n\t\t\t\t\t\t\t<\/div> \n\t\t\t\n        \n\t\t\t\t<div id=\"ngg-image-4\" class=\"ngg-gallery-thumbnail-box\" >\n\t\t\t\t        <div class=\"ngg-gallery-thumbnail\">\n            <a href=\"http:\/\/www.spaziotorino.it\/scatto\/wp-content\/gallery\/2019_01_14_ssudario\/AMA_1379.jpg\"\n               title=\"\"\n               data-src=\"http:\/\/www.spaziotorino.it\/scatto\/wp-content\/gallery\/2019_01_14_ssudario\/AMA_1379.jpg\"\n               data-thumbnail=\"http:\/\/www.spaziotorino.it\/scatto\/wp-content\/gallery\/2019_01_14_ssudario\/thumbs\/thumbs_AMA_1379.jpg\"\n               data-image-id=\"22133\"\n               data-title=\"AMA_1379\"\n               data-description=\"\"\n               data-image-slug=\"ama_1379\"\n               class=\"ngg-fancybox\" rel=\"1fca5578d76ea71dd44e63def7a87b09\">\n                <img\n                    title=\"AMA_1379\"\n                    alt=\"AMA_1379\"\n                    src=\"http:\/\/www.spaziotorino.it\/scatto\/wp-content\/gallery\/2019_01_14_ssudario\/cache\/AMA_1379.jpg-nggid0522133-ngg0dyn-60x60x100-00f0w010c011r110f110r010t010.jpg\"\n                    width=\"60\"\n                    height=\"60\"\n                    style=\"max-width:100%;\"\n                \/>\n            <\/a>\n        <\/div>\n\t\t\t\t\t\t\t<\/div> \n\t\t\t\n        \n\t\t\t\t<div id=\"ngg-image-5\" class=\"ngg-gallery-thumbnail-box\" >\n\t\t\t\t        <div class=\"ngg-gallery-thumbnail\">\n            <a href=\"http:\/\/www.spaziotorino.it\/scatto\/wp-content\/gallery\/2019_01_14_ssudario\/AMA_1380.jpg\"\n               title=\"\"\n               data-src=\"http:\/\/www.spaziotorino.it\/scatto\/wp-content\/gallery\/2019_01_14_ssudario\/AMA_1380.jpg\"\n               data-thumbnail=\"http:\/\/www.spaziotorino.it\/scatto\/wp-content\/gallery\/2019_01_14_ssudario\/thumbs\/thumbs_AMA_1380.jpg\"\n               data-image-id=\"22134\"\n               data-title=\"AMA_1380\"\n               data-description=\"\"\n               data-image-slug=\"ama_1380\"\n               class=\"ngg-fancybox\" rel=\"1fca5578d76ea71dd44e63def7a87b09\">\n                <img\n                    title=\"AMA_1380\"\n                    alt=\"AMA_1380\"\n                    src=\"http:\/\/www.spaziotorino.it\/scatto\/wp-content\/gallery\/2019_01_14_ssudario\/cache\/AMA_1380.jpg-nggid0522134-ngg0dyn-60x60x100-00f0w010c011r110f110r010t010.jpg\"\n                    width=\"60\"\n                    height=\"60\"\n                    style=\"max-width:100%;\"\n                \/>\n            <\/a>\n        <\/div>\n\t\t\t\t\t\t\t<\/div> \n\t\t\t\n        \n\t\t\n\t\t<!-- Pagination -->\n\t<div class='ngg-clear'><\/div>\t<\/div>\n\n<p>La <strong>Chiesa del SS. Sudario di Torino<\/strong> \u00e8 pronta per riaprirsi alla citt\u00e0 e per svelare finalmente, <strong>dopo i restauri<\/strong>, lo splendore della sua volta a botte affrescata negli <strong>anni \u201930 del Settecento<\/strong> dai <strong>pittori Piero Alzeri <\/strong>e<strong> Michele Antonio Milocco<\/strong>. Il gioiello settecentesco appartenente alla <strong>Confraternita del SS. Sudario<\/strong>, e <strong>nella cui cripta<\/strong> da vent\u2019anni ha spazio il <strong>Museo della Sindone, <\/strong>\u00e8 stato ufficialmente riconsegnato ai torinesi <strong>venerd\u00ec 11 gennaio<\/strong>.<\/p>\n<p>\u201cIl restauro degli affreschi \u2013 sottolinea la sindaca&nbsp;<strong>Chiara Appendino<\/strong>&nbsp;\u2013 rappresenta non solo un importante intervento finalizzato alla salvaguardia di un prezioso bene storico e artistico cittadino, ma anche un atto di attenzione e rispetto nei confronti di uno dei simboli, la Sindone, in cui la nostra citt\u00e0 ormai da secoli si riconosce\u201d.<\/p>\n<p>La chiesa viene cos\u00ec restituita alla citt\u00e0 non solo per le funzioni religiose e gli incontri dei Confratelli del Santo Sudario, ma anche per un fruizione pi\u00f9 ampia attraverso mostre, conferenze e concerti.<\/p>\n","protected":false},"excerpt":{"rendered":"<p>La Chiesa del SS. Sudario di Torino \u00e8 pronta per riaprirsi alla citt\u00e0 e per svelare finalmente, dopo i restauri, lo splendore della sua volta a botte affrescata negli anni \u201930 del Settecento dai pittori Piero Alzeri e Michele Antonio Milocco. Il gioiello settecentesco appartenente alla Confraternita del SS. Sudario, e nella cui cripta da [&hellip;]<\/p>\n","protected":false},"author":1,"featured_media":0,"comment_status":"closed","ping_status":"open","sticky":false,"template":"","format":"standard","meta":{"ngg_post_thumbnail":0},"categories":[1,41],"tags":[],"_links":{"self":[{"href":"http:\/\/www.spaziotorino.it\/scatto\/index.php?rest_route=\/wp\/v2\/posts\/15329"}],"collection":[{"href":"http:\/\/www.spaziotorino.it\/scatto\/index.php?rest_route=\/wp\/v2\/posts"}],"about":[{"href":"http:\/\/www.spaziotorino.it\/scatto\/index.php?rest_route=\/wp\/v2\/types\/post"}],"author":[{"embeddable":true,"href":"http:\/\/www.spaziotorino.it\/scatto\/index.php?rest_route=\/wp\/v2\/users\/1"}],"replies":[{"embeddable":true,"href":"http:\/\/www.spaziotorino.it\/scatto\/index.php?rest_route=%2Fwp%2Fv2%2Fcomments&post=15329"}],"version-history":[{"count":2,"href":"http:\/\/www.spaziotorino.it\/scatto\/index.php?rest_route=\/wp\/v2\/posts\/15329\/revisions"}],"predecessor-version":[{"id":15331,"href":"http:\/\/www.spaziotorino.it\/scatto\/index.php?rest_route=\/wp\/v2\/posts\/15329\/revisions\/15331"}],"wp:attachment":[{"href":"http:\/\/www.spaziotorino.it\/scatto\/index.php?rest_route=%2Fwp%2Fv2%2Fmedia&parent=15329"}],"wp:term":[{"taxonomy":"category","embeddable":true,"href":"http:\/\/www.spaziotorino.it\/scatto\/index.php?rest_route=%2Fwp%2Fv2%2Fcategories&post=15329"},{"taxonomy":"post_tag","embeddable":true,"href":"http:\/\/www.spaziotorino.it\/scatto\/index.php?rest_route=%2Fwp%2Fv2%2Ftags&post=15329"}],"curies":[{"name":"wp","href":"https:\/\/api.w.org\/{rel}","templated":true}]}}