{"id":15378,"date":"2019-01-22T17:11:52","date_gmt":"2019-01-22T16:11:52","guid":{"rendered":"http:\/\/www.spaziotorino.it\/scatto\/?p=15378"},"modified":"2019-01-22T17:11:52","modified_gmt":"2019-01-22T16:11:52","slug":"pietre-dinciampo-2019","status":"publish","type":"post","link":"http:\/\/www.spaziotorino.it\/scatto\/?p=15378","title":{"rendered":"Pietre d\u2019inciampo 2019"},"content":{"rendered":"<p><a class=\"ngg-fancybox\" title=\"La posa della pietra in via San Donato 27 dedicata a Vittorio Staccione\" href=\"http:\/\/www.spaziotorino.it\/scatto\/wp-content\/gallery\/2019_01_22_inciampo\/AMA_1744.jpg\" rel=\"3d47d52767775877680b03c5f1697b83\"><br \/>\n<img decoding=\"async\" loading=\"lazy\" class=\"ngg-singlepic\" title=\"La posa della pietra in via San Donato 27 dedicata a Vittorio Staccione\" src=\"http:\/\/www.spaziotorino.it\/scatto\/wp-content\/gallery\/2019_01_22_inciampo\/AMA_1744.jpg\" alt=\"\" width=\"540\" height=\"360\"\/><\/a><\/p>\n<!-- index.php -->\n<div\n\tclass=\"ngg-galleryoverview ngg-ajax-pagination-none\"\n\tid=\"ngg-gallery-1280884959bc0bbc0b140155ad9a7bfd-1\">\n\n    \t\t<!-- Thumbnails -->\n\t\t\t\t<div id=\"ngg-image-0\" class=\"ngg-gallery-thumbnail-box\" >\n\t\t\t\t        <div class=\"ngg-gallery-thumbnail\">\n            <a href=\"http:\/\/www.spaziotorino.it\/scatto\/wp-content\/gallery\/2019_01_22_inciampo\/AMA_1760.jpg\"\n               title=\"La pietra d&#039;inciampo dedicata a Vittorio Staccione\"\n               data-src=\"http:\/\/www.spaziotorino.it\/scatto\/wp-content\/gallery\/2019_01_22_inciampo\/AMA_1760.jpg\"\n               data-thumbnail=\"http:\/\/www.spaziotorino.it\/scatto\/wp-content\/gallery\/2019_01_22_inciampo\/thumbs\/thumbs_AMA_1760.jpg\"\n               data-image-id=\"22147\"\n               data-title=\"La pietra d&#039;inciampo dedicata a Vittorio Staccione\"\n               data-description=\"La pietra d&#039;inciampo dedicata a Vittorio Staccione\"\n               data-image-slug=\"ama_1760\"\n               class=\"ngg-fancybox\" rel=\"1280884959bc0bbc0b140155ad9a7bfd\">\n                <img\n                    title=\"La pietra d&#039;inciampo dedicata a Vittorio Staccione\"\n                    alt=\"La pietra d&#039;inciampo dedicata a Vittorio Staccione\"\n                    src=\"http:\/\/www.spaziotorino.it\/scatto\/wp-content\/gallery\/2019_01_22_inciampo\/cache\/AMA_1760.jpg-nggid0522147-ngg0dyn-60x60x100-00f0w010c011r110f110r010t010.jpg\"\n                    width=\"60\"\n                    height=\"60\"\n                    style=\"max-width:100%;\"\n                \/>\n            <\/a>\n        <\/div>\n\t\t\t\t\t\t\t<\/div> \n\t\t\t\n        \n\t\t\t\t<div id=\"ngg-image-1\" class=\"ngg-gallery-thumbnail-box\" >\n\t\t\t\t        <div class=\"ngg-gallery-thumbnail\">\n            <a href=\"http:\/\/www.spaziotorino.it\/scatto\/wp-content\/gallery\/2019_01_22_inciampo\/AMA_1762.jpg\"\n               title=\"Gunter Demnig\"\n               data-src=\"http:\/\/www.spaziotorino.it\/scatto\/wp-content\/gallery\/2019_01_22_inciampo\/AMA_1762.jpg\"\n               data-thumbnail=\"http:\/\/www.spaziotorino.it\/scatto\/wp-content\/gallery\/2019_01_22_inciampo\/thumbs\/thumbs_AMA_1762.jpg\"\n               data-image-id=\"22148\"\n               data-title=\"Gunter Demnig\"\n               data-description=\"Gunter Demnig\"\n               data-image-slug=\"ama_1762\"\n               class=\"ngg-fancybox\" rel=\"1280884959bc0bbc0b140155ad9a7bfd\">\n                <img\n                    title=\"Gunter Demnig\"\n                    alt=\"Gunter Demnig\"\n                    src=\"http:\/\/www.spaziotorino.it\/scatto\/wp-content\/gallery\/2019_01_22_inciampo\/cache\/AMA_1762.jpg-nggid0522148-ngg0dyn-60x60x100-00f0w010c011r110f110r010t010.jpg\"\n                    width=\"60\"\n                    height=\"60\"\n                    style=\"max-width:100%;\"\n                \/>\n            <\/a>\n        <\/div>\n\t\t\t\t\t\t\t<\/div> \n\t\t\t\n        \n\t\t\t\t<div id=\"ngg-image-2\" class=\"ngg-gallery-thumbnail-box\" >\n\t\t\t\t        <div class=\"ngg-gallery-thumbnail\">\n            <a href=\"http:\/\/www.spaziotorino.it\/scatto\/wp-content\/gallery\/2019_01_22_inciampo\/AMA_1769.jpg\"\n               title=\"Francesca Leon, Assessora alla Cultura della Citt\u00e0 di Torino\"\n               data-src=\"http:\/\/www.spaziotorino.it\/scatto\/wp-content\/gallery\/2019_01_22_inciampo\/AMA_1769.jpg\"\n               data-thumbnail=\"http:\/\/www.spaziotorino.it\/scatto\/wp-content\/gallery\/2019_01_22_inciampo\/thumbs\/thumbs_AMA_1769.jpg\"\n               data-image-id=\"22149\"\n               data-title=\"Francesca Leon, Assessora alla Cultura della Citt\u00e0 di Torino\"\n               data-description=\"Francesca Leon, Assessora alla Cultura della Citt\u00e0 di Torino\"\n               data-image-slug=\"ama_1769\"\n               class=\"ngg-fancybox\" rel=\"1280884959bc0bbc0b140155ad9a7bfd\">\n                <img\n                    title=\"Francesca Leon, Assessora alla Cultura della Citt\u00e0 di Torino\"\n                    alt=\"Francesca Leon, Assessora alla Cultura della Citt\u00e0 di Torino\"\n                    src=\"http:\/\/www.spaziotorino.it\/scatto\/wp-content\/gallery\/2019_01_22_inciampo\/cache\/AMA_1769.jpg-nggid0522149-ngg0dyn-60x60x100-00f0w010c011r110f110r010t010.jpg\"\n                    width=\"60\"\n                    height=\"60\"\n                    style=\"max-width:100%;\"\n                \/>\n            <\/a>\n        <\/div>\n\t\t\t\t\t\t\t<\/div> \n\t\t\t\n        \n\t\t\t\t<div id=\"ngg-image-3\" class=\"ngg-gallery-thumbnail-box\" >\n\t\t\t\t        <div class=\"ngg-gallery-thumbnail\">\n            <a href=\"http:\/\/www.spaziotorino.it\/scatto\/wp-content\/gallery\/2019_01_22_inciampo\/AMA_1775.jpg\"\n               title=\"\"\n               data-src=\"http:\/\/www.spaziotorino.it\/scatto\/wp-content\/gallery\/2019_01_22_inciampo\/AMA_1775.jpg\"\n               data-thumbnail=\"http:\/\/www.spaziotorino.it\/scatto\/wp-content\/gallery\/2019_01_22_inciampo\/thumbs\/thumbs_AMA_1775.jpg\"\n               data-image-id=\"22150\"\n               data-title=\"AMA_1775\"\n               data-description=\"\"\n               data-image-slug=\"ama_1775\"\n               class=\"ngg-fancybox\" rel=\"1280884959bc0bbc0b140155ad9a7bfd\">\n                <img\n                    title=\"AMA_1775\"\n                    alt=\"AMA_1775\"\n                    src=\"http:\/\/www.spaziotorino.it\/scatto\/wp-content\/gallery\/2019_01_22_inciampo\/cache\/AMA_1775.jpg-nggid0522150-ngg0dyn-60x60x100-00f0w010c011r110f110r010t010.jpg\"\n                    width=\"60\"\n                    height=\"60\"\n                    style=\"max-width:100%;\"\n                \/>\n            <\/a>\n        <\/div>\n\t\t\t\t\t\t\t<\/div> \n\t\t\t\n        \n\t\t\t\t<div id=\"ngg-image-4\" class=\"ngg-gallery-thumbnail-box\" >\n\t\t\t\t        <div class=\"ngg-gallery-thumbnail\">\n            <a href=\"http:\/\/www.spaziotorino.it\/scatto\/wp-content\/gallery\/2019_01_22_inciampo\/AMA_1836.jpg\"\n               title=\"\"\n               data-src=\"http:\/\/www.spaziotorino.it\/scatto\/wp-content\/gallery\/2019_01_22_inciampo\/AMA_1836.jpg\"\n               data-thumbnail=\"http:\/\/www.spaziotorino.it\/scatto\/wp-content\/gallery\/2019_01_22_inciampo\/thumbs\/thumbs_AMA_1836.jpg\"\n               data-image-id=\"22151\"\n               data-title=\"AMA_1836\"\n               data-description=\"\"\n               data-image-slug=\"ama_1836\"\n               class=\"ngg-fancybox\" rel=\"1280884959bc0bbc0b140155ad9a7bfd\">\n                <img\n                    title=\"AMA_1836\"\n                    alt=\"AMA_1836\"\n                    src=\"http:\/\/www.spaziotorino.it\/scatto\/wp-content\/gallery\/2019_01_22_inciampo\/cache\/AMA_1836.jpg-nggid0522151-ngg0dyn-60x60x100-00f0w010c011r110f110r010t010.jpg\"\n                    width=\"60\"\n                    height=\"60\"\n                    style=\"max-width:100%;\"\n                \/>\n            <\/a>\n        <\/div>\n\t\t\t\t\t\t\t<\/div> \n\t\t\t\n        \n\t\t\n\t\t<!-- Pagination -->\n\t<div class='ngg-clear'><\/div>\t<\/div>\n\n<p>Per il quinto anno, Torino accoglie le pietre d\u2019inciampo (Stolpersteine) di Gunter Demnig.<br \/>\nL\u2019artista produce piccole targhe di ottone incastonate su cubetti di cemento che sono poi incassati nel selciato di fronte all\u2019ultima abitazione scelta liberamente dalla vittima. Ogni targa riporta \u201cQui abitava\u2026\u201d, il nome della vittima, data e luogo di nascita e di morte\/scomparsa. In tutta Europa sono state posate pi\u00f9 di sessantamila pietre.<br \/>\nLe installazioni torinesi hanno avuto luogo marted\u00ec 22 gennaio 2019. Sono state posizionate <strong>15 pietre<\/strong> in dieci luoghi distribuiti nella citt\u00e0.<br \/>\nAlle ore 12, in <strong>via San Donato 27<\/strong>, in occasione dell\u2019installazione della pietra dedicata a <strong>Vittorio Staccione<\/strong>, si \u00e8 svolta una <strong>cerimonia pubblica alla presenza delle istituzioni e degli enti promotori<\/strong>.<\/p>\n<p>Come gli scorsi anni, gli studenti di dieci istituti scolastici torinesi sono stati coinvolti attivamente in un percorso didattico realizzato dal Museo in collaborazione con l\u2019Istoreto (Istituto piemontese per la storia della Resistenza e della societ\u00e0 contemporanea &#8220;Giorgio Agosti&#8221;), l\u2019ANCR (Archivio Nazionale Cinematografico della Resistenza) e la Rete Italiana di Cultura Popolare, la cui conclusione \u00e8 prevista nel mese di febbraio, con la realizzazione di eventi pubblici al Polo del \u2019900.<br \/>\nNel corso degli anni, i cittadini hanno dato prova di crescente interesse per un\u2019iniziativa di alto valore storico e morale che si avvale di processi innovativi e partecipativi e costituisce una vera e propria azione di public history: le attivit\u00e0 educative e di coinvolgimento della cittadinanza sono<br \/>\nvolte a favorire la conoscenza del territorio urbano e ad accrescere la consapevolezza su eventi&nbsp;storici significanti avvalendosi di processi di produzione di saperi \u201cdal basso\u201d in un quadro di provato rigore storico.<\/p>\n<p>Il Museo, che dal 2015 gestisce lo Sportello Pietre d\u2019inciampo, cura il dialogo con le persone che sono entrate in contatto con il progetto, sia richiedendo l\u2019installazione di pietre, sia manifestando interesse per il progetto e le sue finalit\u00e0. Negli anni si sono rivolte al Museo realt\u00e0 di altre citt\u00e0,<br \/>\npiemontesi e non solo, per ottenere indicazioni e suggerimenti su come far installare le pietre d\u2019inciampo nel proprio territorio; un\u2019attenzione che conferma come il progetto Pietre d\u2019Inciampo Torino sia ormai considerato un modello di riferimento e di sostegno per la diffusione delle pietre<br \/>\nd\u2019inciampo in Italia.<br \/>\nAlla pagina <a href=\"http:\/\/www.museodiffusotorino.it\/PietredInciampo\">www.museodiffusotorino.it\/PietredInciampo<\/a> \u00e8 possibile visualizzare la geolocalizzazione delle pietre sul territorio cittadino e le biografie delle vittime a cui sono dedicate.<br \/>\nPer dedicare una pietra o per ricevere maggiori informazioni sul progetto \u00e8 possibile telefonare al numero 011 01120788 o scrivere a&nbsp; <a href=\"mailto:pietredinciampo@museodiffusotorino.it\">pietredinciampo@museodiffusotorino.it<\/a><\/p>\n","protected":false},"excerpt":{"rendered":"<p>Per il quinto anno, Torino accoglie le pietre d\u2019inciampo (Stolpersteine) di Gunter Demnig. L\u2019artista produce piccole targhe di ottone incastonate su cubetti di cemento che sono poi incassati nel selciato di fronte all\u2019ultima abitazione scelta liberamente dalla vittima. Ogni targa riporta \u201cQui abitava\u2026\u201d, il nome della vittima, data e luogo di nascita e di morte\/scomparsa. [&hellip;]<\/p>\n","protected":false},"author":1,"featured_media":0,"comment_status":"closed","ping_status":"open","sticky":false,"template":"","format":"standard","meta":{"ngg_post_thumbnail":0},"categories":[1,41],"tags":[],"_links":{"self":[{"href":"http:\/\/www.spaziotorino.it\/scatto\/index.php?rest_route=\/wp\/v2\/posts\/15378"}],"collection":[{"href":"http:\/\/www.spaziotorino.it\/scatto\/index.php?rest_route=\/wp\/v2\/posts"}],"about":[{"href":"http:\/\/www.spaziotorino.it\/scatto\/index.php?rest_route=\/wp\/v2\/types\/post"}],"author":[{"embeddable":true,"href":"http:\/\/www.spaziotorino.it\/scatto\/index.php?rest_route=\/wp\/v2\/users\/1"}],"replies":[{"embeddable":true,"href":"http:\/\/www.spaziotorino.it\/scatto\/index.php?rest_route=%2Fwp%2Fv2%2Fcomments&post=15378"}],"version-history":[{"count":3,"href":"http:\/\/www.spaziotorino.it\/scatto\/index.php?rest_route=\/wp\/v2\/posts\/15378\/revisions"}],"predecessor-version":[{"id":15381,"href":"http:\/\/www.spaziotorino.it\/scatto\/index.php?rest_route=\/wp\/v2\/posts\/15378\/revisions\/15381"}],"wp:attachment":[{"href":"http:\/\/www.spaziotorino.it\/scatto\/index.php?rest_route=%2Fwp%2Fv2%2Fmedia&parent=15378"}],"wp:term":[{"taxonomy":"category","embeddable":true,"href":"http:\/\/www.spaziotorino.it\/scatto\/index.php?rest_route=%2Fwp%2Fv2%2Fcategories&post=15378"},{"taxonomy":"post_tag","embeddable":true,"href":"http:\/\/www.spaziotorino.it\/scatto\/index.php?rest_route=%2Fwp%2Fv2%2Ftags&post=15378"}],"curies":[{"name":"wp","href":"https:\/\/api.w.org\/{rel}","templated":true}]}}