{"id":15417,"date":"2019-01-27T16:17:03","date_gmt":"2019-01-27T15:17:03","guid":{"rendered":"http:\/\/www.spaziotorino.it\/scatto\/?p=15417"},"modified":"2019-01-28T12:19:19","modified_gmt":"2019-01-28T11:19:19","slug":"giorno-della-memoria-celebrazioni-al-cimitero-monumentale-e-a-palazzo-di-citta","status":"publish","type":"post","link":"http:\/\/www.spaziotorino.it\/scatto\/?p=15417","title":{"rendered":"Giorno della Memoria, celebrazioni al cimitero Monumentale e a Palazzo di Citt\u00e0"},"content":{"rendered":"<p><a class=\"ngg-fancybox\" title=\"Giorno della Memoria, celebrazioni al cimitero Monumentale e a Palazzo di Citt\u00e0\" href=\"http:\/\/www.spaziotorino.it\/scatto\/wp-content\/gallery\/2019_01_27_memoria\/AMA_2074.jpg\" rel=\"6314f9d01e7e31c3deb69b23464c266f\"><br \/>\n<img decoding=\"async\" loading=\"lazy\" class=\"ngg-singlepic\" title=\"Giorno della Memoria, celebrazioni al cimitero Monumentale e a Palazzo di Citt\u00e0\" src=\"http:\/\/www.spaziotorino.it\/scatto\/wp-content\/gallery\/2019_01_27_memoria\/AMA_2074.jpg\" alt=\"\" width=\"540\" height=\"360\"\/><\/a><\/p>\n<!-- index.php -->\n<div\n\tclass=\"ngg-galleryoverview ngg-ajax-pagination-none\"\n\tid=\"ngg-gallery-c10b3d2ea57857fcba19fc7c553fb751-1\">\n\n    \t\t<!-- Thumbnails -->\n\t\t\t\t<div id=\"ngg-image-0\" class=\"ngg-gallery-thumbnail-box\" >\n\t\t\t\t        <div class=\"ngg-gallery-thumbnail\">\n            <a href=\"http:\/\/www.spaziotorino.it\/scatto\/wp-content\/gallery\/2019_01_27_memoria\/AMA_1981.jpg\"\n               title=\"Le autorit\u00e0 al Cimitero Monumentale\"\n               data-src=\"http:\/\/www.spaziotorino.it\/scatto\/wp-content\/gallery\/2019_01_27_memoria\/AMA_1981.jpg\"\n               data-thumbnail=\"http:\/\/www.spaziotorino.it\/scatto\/wp-content\/gallery\/2019_01_27_memoria\/thumbs\/thumbs_AMA_1981.jpg\"\n               data-image-id=\"22152\"\n               data-title=\"Le autorit\u00e0 al Cimitero Monumentale\"\n               data-description=\"Le autorit\u00e0 al Cimitero Monumentale\"\n               data-image-slug=\"ama_1981\"\n               class=\"ngg-fancybox\" rel=\"c10b3d2ea57857fcba19fc7c553fb751\">\n                <img\n                    title=\"Le autorit\u00e0 al Cimitero Monumentale\"\n                    alt=\"Le autorit\u00e0 al Cimitero Monumentale\"\n                    src=\"http:\/\/www.spaziotorino.it\/scatto\/wp-content\/gallery\/2019_01_27_memoria\/cache\/AMA_1981.jpg-nggid0522152-ngg0dyn-60x60x100-00f0w010c011r110f110r010t010.jpg\"\n                    width=\"60\"\n                    height=\"60\"\n                    style=\"max-width:100%;\"\n                \/>\n            <\/a>\n        <\/div>\n\t\t\t\t\t\t\t<\/div> \n\t\t\t\n        \n\t\t\t\t<div id=\"ngg-image-1\" class=\"ngg-gallery-thumbnail-box\" >\n\t\t\t\t        <div class=\"ngg-gallery-thumbnail\">\n            <a href=\"http:\/\/www.spaziotorino.it\/scatto\/wp-content\/gallery\/2019_01_27_memoria\/AMA_1984.jpg\"\n               title=\"Il corteo\"\n               data-src=\"http:\/\/www.spaziotorino.it\/scatto\/wp-content\/gallery\/2019_01_27_memoria\/AMA_1984.jpg\"\n               data-thumbnail=\"http:\/\/www.spaziotorino.it\/scatto\/wp-content\/gallery\/2019_01_27_memoria\/thumbs\/thumbs_AMA_1984.jpg\"\n               data-image-id=\"22153\"\n               data-title=\"Il corteo\"\n               data-description=\"Il corteo\"\n               data-image-slug=\"ama_1984\"\n               class=\"ngg-fancybox\" rel=\"c10b3d2ea57857fcba19fc7c553fb751\">\n                <img\n                    title=\"Il corteo\"\n                    alt=\"Il corteo\"\n                    src=\"http:\/\/www.spaziotorino.it\/scatto\/wp-content\/gallery\/2019_01_27_memoria\/cache\/AMA_1984.jpg-nggid0522153-ngg0dyn-60x60x100-00f0w010c011r110f110r010t010.jpg\"\n                    width=\"60\"\n                    height=\"60\"\n                    style=\"max-width:100%;\"\n                \/>\n            <\/a>\n        <\/div>\n\t\t\t\t\t\t\t<\/div> \n\t\t\t\n        \n\t\t\t\t<div id=\"ngg-image-2\" class=\"ngg-gallery-thumbnail-box\" >\n\t\t\t\t        <div class=\"ngg-gallery-thumbnail\">\n            <a href=\"http:\/\/www.spaziotorino.it\/scatto\/wp-content\/gallery\/2019_01_27_memoria\/AMA_1985.jpg\"\n               title=\"Il Gonfalone della Citt\u00e0 apre il corteo al Cimitero Monumentale\"\n               data-src=\"http:\/\/www.spaziotorino.it\/scatto\/wp-content\/gallery\/2019_01_27_memoria\/AMA_1985.jpg\"\n               data-thumbnail=\"http:\/\/www.spaziotorino.it\/scatto\/wp-content\/gallery\/2019_01_27_memoria\/thumbs\/thumbs_AMA_1985.jpg\"\n               data-image-id=\"22154\"\n               data-title=\"Il Gonfalone della Citt\u00e0 apre il corteo al Cimitero Monumentale\"\n               data-description=\"Il Gonfalone della Citt\u00e0 apre il corteo al Cimitero Monumentale\"\n               data-image-slug=\"ama_1985\"\n               class=\"ngg-fancybox\" rel=\"c10b3d2ea57857fcba19fc7c553fb751\">\n                <img\n                    title=\"Il Gonfalone della Citt\u00e0 apre il corteo al Cimitero Monumentale\"\n                    alt=\"Il Gonfalone della Citt\u00e0 apre il corteo al Cimitero Monumentale\"\n                    src=\"http:\/\/www.spaziotorino.it\/scatto\/wp-content\/gallery\/2019_01_27_memoria\/cache\/AMA_1985.jpg-nggid0522154-ngg0dyn-60x60x100-00f0w010c011r110f110r010t010.jpg\"\n                    width=\"60\"\n                    height=\"60\"\n                    style=\"max-width:100%;\"\n                \/>\n            <\/a>\n        <\/div>\n\t\t\t\t\t\t\t<\/div> \n\t\t\t\n        \n\t\t\t\t<div id=\"ngg-image-3\" class=\"ngg-gallery-thumbnail-box\" >\n\t\t\t\t        <div class=\"ngg-gallery-thumbnail\">\n            <a href=\"http:\/\/www.spaziotorino.it\/scatto\/wp-content\/gallery\/2019_01_27_memoria\/AMA_1988.jpg\"\n               title=\"Le autorit\u00e0 al Cimitero Monumentale\"\n               data-src=\"http:\/\/www.spaziotorino.it\/scatto\/wp-content\/gallery\/2019_01_27_memoria\/AMA_1988.jpg\"\n               data-thumbnail=\"http:\/\/www.spaziotorino.it\/scatto\/wp-content\/gallery\/2019_01_27_memoria\/thumbs\/thumbs_AMA_1988.jpg\"\n               data-image-id=\"22155\"\n               data-title=\"Le autorit\u00e0 al Cimitero Monumentale\"\n               data-description=\"Le autorit\u00e0 al Cimitero Monumentale\"\n               data-image-slug=\"ama_1988\"\n               class=\"ngg-fancybox\" rel=\"c10b3d2ea57857fcba19fc7c553fb751\">\n                <img\n                    title=\"Le autorit\u00e0 al Cimitero Monumentale\"\n                    alt=\"Le autorit\u00e0 al Cimitero Monumentale\"\n                    src=\"http:\/\/www.spaziotorino.it\/scatto\/wp-content\/gallery\/2019_01_27_memoria\/cache\/AMA_1988.jpg-nggid0522155-ngg0dyn-60x60x100-00f0w010c011r110f110r010t010.jpg\"\n                    width=\"60\"\n                    height=\"60\"\n                    style=\"max-width:100%;\"\n                \/>\n            <\/a>\n        <\/div>\n\t\t\t\t\t\t\t<\/div> \n\t\t\t\n        \n\t\t\t\t<div id=\"ngg-image-4\" class=\"ngg-gallery-thumbnail-box\" >\n\t\t\t\t        <div class=\"ngg-gallery-thumbnail\">\n            <a href=\"http:\/\/www.spaziotorino.it\/scatto\/wp-content\/gallery\/2019_01_27_memoria\/AMA_1995.jpg\"\n               title=\"La benedizione ai cippi della deportazione e degli ex internati e al Sacrario dei caduti della Resistenza\"\n               data-src=\"http:\/\/www.spaziotorino.it\/scatto\/wp-content\/gallery\/2019_01_27_memoria\/AMA_1995.jpg\"\n               data-thumbnail=\"http:\/\/www.spaziotorino.it\/scatto\/wp-content\/gallery\/2019_01_27_memoria\/thumbs\/thumbs_AMA_1995.jpg\"\n               data-image-id=\"22156\"\n               data-title=\"La benedizione ai cippi della deportazione e degli ex internati e al Sacrario dei caduti della Resistenza\"\n               data-description=\"La benedizione ai cippi della deportazione e degli ex internati e al Sacrario dei caduti della Resistenza\"\n               data-image-slug=\"ama_1995\"\n               class=\"ngg-fancybox\" rel=\"c10b3d2ea57857fcba19fc7c553fb751\">\n                <img\n                    title=\"La benedizione ai cippi della deportazione e degli ex internati e al Sacrario dei caduti della Resistenza\"\n                    alt=\"La benedizione ai cippi della deportazione e degli ex internati e al Sacrario dei caduti della Resistenza\"\n                    src=\"http:\/\/www.spaziotorino.it\/scatto\/wp-content\/gallery\/2019_01_27_memoria\/cache\/AMA_1995.jpg-nggid0522156-ngg0dyn-60x60x100-00f0w010c011r110f110r010t010.jpg\"\n                    width=\"60\"\n                    height=\"60\"\n                    style=\"max-width:100%;\"\n                \/>\n            <\/a>\n        <\/div>\n\t\t\t\t\t\t\t<\/div> \n\t\t\t\n        \n\t\t\t\t<div id=\"ngg-image-5\" class=\"ngg-gallery-thumbnail-box\" >\n\t\t\t\t        <div class=\"ngg-gallery-thumbnail\">\n            <a href=\"http:\/\/www.spaziotorino.it\/scatto\/wp-content\/gallery\/2019_01_27_memoria\/AMA_2001.jpg\"\n               title=\"La preghiera alla Lapide degli Ebrei\"\n               data-src=\"http:\/\/www.spaziotorino.it\/scatto\/wp-content\/gallery\/2019_01_27_memoria\/AMA_2001.jpg\"\n               data-thumbnail=\"http:\/\/www.spaziotorino.it\/scatto\/wp-content\/gallery\/2019_01_27_memoria\/thumbs\/thumbs_AMA_2001.jpg\"\n               data-image-id=\"22157\"\n               data-title=\"La preghiera alla Lapide degli Ebrei\"\n               data-description=\"La preghiera alla Lapide degli Ebrei\"\n               data-image-slug=\"ama_2001\"\n               class=\"ngg-fancybox\" rel=\"c10b3d2ea57857fcba19fc7c553fb751\">\n                <img\n                    title=\"La preghiera alla Lapide degli Ebrei\"\n                    alt=\"La preghiera alla Lapide degli Ebrei\"\n                    src=\"http:\/\/www.spaziotorino.it\/scatto\/wp-content\/gallery\/2019_01_27_memoria\/cache\/AMA_2001.jpg-nggid0522157-ngg0dyn-60x60x100-00f0w010c011r110f110r010t010.jpg\"\n                    width=\"60\"\n                    height=\"60\"\n                    style=\"max-width:100%;\"\n                \/>\n            <\/a>\n        <\/div>\n\t\t\t\t\t\t\t<\/div> \n\t\t\t\n        \n\t\t\t\t<div id=\"ngg-image-6\" class=\"ngg-gallery-thumbnail-box\" >\n\t\t\t\t        <div class=\"ngg-gallery-thumbnail\">\n            <a href=\"http:\/\/www.spaziotorino.it\/scatto\/wp-content\/gallery\/2019_01_27_memoria\/AMA_2002.jpg\"\n               title=\"\"\n               data-src=\"http:\/\/www.spaziotorino.it\/scatto\/wp-content\/gallery\/2019_01_27_memoria\/AMA_2002.jpg\"\n               data-thumbnail=\"http:\/\/www.spaziotorino.it\/scatto\/wp-content\/gallery\/2019_01_27_memoria\/thumbs\/thumbs_AMA_2002.jpg\"\n               data-image-id=\"22158\"\n               data-title=\"AMA_2002\"\n               data-description=\"\"\n               data-image-slug=\"ama_2002\"\n               class=\"ngg-fancybox\" rel=\"c10b3d2ea57857fcba19fc7c553fb751\">\n                <img\n                    title=\"AMA_2002\"\n                    alt=\"AMA_2002\"\n                    src=\"http:\/\/www.spaziotorino.it\/scatto\/wp-content\/gallery\/2019_01_27_memoria\/cache\/AMA_2002.jpg-nggid0522158-ngg0dyn-60x60x100-00f0w010c011r110f110r010t010.jpg\"\n                    width=\"60\"\n                    height=\"60\"\n                    style=\"max-width:100%;\"\n                \/>\n            <\/a>\n        <\/div>\n\t\t\t\t\t\t\t<\/div> \n\t\t\t\n        \n\t\t\t\t<div id=\"ngg-image-7\" class=\"ngg-gallery-thumbnail-box\" >\n\t\t\t\t        <div class=\"ngg-gallery-thumbnail\">\n            <a href=\"http:\/\/www.spaziotorino.it\/scatto\/wp-content\/gallery\/2019_01_27_memoria\/AMA_2005.jpg\"\n               title=\"La preghiera alla Lapide degli Ebrei\"\n               data-src=\"http:\/\/www.spaziotorino.it\/scatto\/wp-content\/gallery\/2019_01_27_memoria\/AMA_2005.jpg\"\n               data-thumbnail=\"http:\/\/www.spaziotorino.it\/scatto\/wp-content\/gallery\/2019_01_27_memoria\/thumbs\/thumbs_AMA_2005.jpg\"\n               data-image-id=\"22159\"\n               data-title=\"La preghiera alla Lapide degli Ebrei\"\n               data-description=\"La preghiera alla Lapide degli Ebrei\"\n               data-image-slug=\"ama_2005\"\n               class=\"ngg-fancybox\" rel=\"c10b3d2ea57857fcba19fc7c553fb751\">\n                <img\n                    title=\"La preghiera alla Lapide degli Ebrei\"\n                    alt=\"La preghiera alla Lapide degli Ebrei\"\n                    src=\"http:\/\/www.spaziotorino.it\/scatto\/wp-content\/gallery\/2019_01_27_memoria\/cache\/AMA_2005.jpg-nggid0522159-ngg0dyn-60x60x100-00f0w010c011r110f110r010t010.jpg\"\n                    width=\"60\"\n                    height=\"60\"\n                    style=\"max-width:100%;\"\n                \/>\n            <\/a>\n        <\/div>\n\t\t\t\t\t\t\t<\/div> \n\t\t\t\n        \n\t\t\t\t<div id=\"ngg-image-8\" class=\"ngg-gallery-thumbnail-box\" >\n\t\t\t\t        <div class=\"ngg-gallery-thumbnail\">\n            <a href=\"http:\/\/www.spaziotorino.it\/scatto\/wp-content\/gallery\/2019_01_27_memoria\/AMA_2015.jpg\"\n               title=\"Enzo Lavolta, Vicepresidente del Consiglio Comunale, apre la cerimonia in Sala Rossa\"\n               data-src=\"http:\/\/www.spaziotorino.it\/scatto\/wp-content\/gallery\/2019_01_27_memoria\/AMA_2015.jpg\"\n               data-thumbnail=\"http:\/\/www.spaziotorino.it\/scatto\/wp-content\/gallery\/2019_01_27_memoria\/thumbs\/thumbs_AMA_2015.jpg\"\n               data-image-id=\"22160\"\n               data-title=\"Enzo Lavolta, Vicepresidente del Consiglio Comunale, apre la cerimonia in Sala Rossa\"\n               data-description=\"Enzo Lavolta, Vicepresidente del Consiglio Comunale, apre la cerimonia in Sala Rossa\"\n               data-image-slug=\"ama_2015\"\n               class=\"ngg-fancybox\" rel=\"c10b3d2ea57857fcba19fc7c553fb751\">\n                <img\n                    title=\"Enzo Lavolta, Vicepresidente del Consiglio Comunale, apre la cerimonia in Sala Rossa\"\n                    alt=\"Enzo Lavolta, Vicepresidente del Consiglio Comunale, apre la cerimonia in Sala Rossa\"\n                    src=\"http:\/\/www.spaziotorino.it\/scatto\/wp-content\/gallery\/2019_01_27_memoria\/cache\/AMA_2015.jpg-nggid0522160-ngg0dyn-60x60x100-00f0w010c011r110f110r010t010.jpg\"\n                    width=\"60\"\n                    height=\"60\"\n                    style=\"max-width:100%;\"\n                \/>\n            <\/a>\n        <\/div>\n\t\t\t\t\t\t\t<\/div> \n\t\t\t\n        \n\t\t\t\t<div id=\"ngg-image-9\" class=\"ngg-gallery-thumbnail-box\" >\n\t\t\t\t        <div class=\"ngg-gallery-thumbnail\">\n            <a href=\"http:\/\/www.spaziotorino.it\/scatto\/wp-content\/gallery\/2019_01_27_memoria\/AMA_2029.jpg\"\n               title=\"Nino Boeti\"\n               data-src=\"http:\/\/www.spaziotorino.it\/scatto\/wp-content\/gallery\/2019_01_27_memoria\/AMA_2029.jpg\"\n               data-thumbnail=\"http:\/\/www.spaziotorino.it\/scatto\/wp-content\/gallery\/2019_01_27_memoria\/thumbs\/thumbs_AMA_2029.jpg\"\n               data-image-id=\"22161\"\n               data-title=\"Nino Boeti\"\n               data-description=\"Nino Boeti\"\n               data-image-slug=\"ama_2029\"\n               class=\"ngg-fancybox\" rel=\"c10b3d2ea57857fcba19fc7c553fb751\">\n                <img\n                    title=\"Nino Boeti\"\n                    alt=\"Nino Boeti\"\n                    src=\"http:\/\/www.spaziotorino.it\/scatto\/wp-content\/gallery\/2019_01_27_memoria\/cache\/AMA_2029.jpg-nggid0522161-ngg0dyn-60x60x100-00f0w010c011r110f110r010t010.jpg\"\n                    width=\"60\"\n                    height=\"60\"\n                    style=\"max-width:100%;\"\n                \/>\n            <\/a>\n        <\/div>\n\t\t\t\t\t\t\t<\/div> \n\t\t\t\n        \n\t\t\t\t<div id=\"ngg-image-10\" class=\"ngg-gallery-thumbnail-box\" >\n\t\t\t\t        <div class=\"ngg-gallery-thumbnail\">\n            <a href=\"http:\/\/www.spaziotorino.it\/scatto\/wp-content\/gallery\/2019_01_27_memoria\/AMA_2035.jpg\"\n               title=\"Sala Rossa\"\n               data-src=\"http:\/\/www.spaziotorino.it\/scatto\/wp-content\/gallery\/2019_01_27_memoria\/AMA_2035.jpg\"\n               data-thumbnail=\"http:\/\/www.spaziotorino.it\/scatto\/wp-content\/gallery\/2019_01_27_memoria\/thumbs\/thumbs_AMA_2035.jpg\"\n               data-image-id=\"22162\"\n               data-title=\"Sala Rossa\"\n               data-description=\"Sala Rossa\"\n               data-image-slug=\"ama_2035\"\n               class=\"ngg-fancybox\" rel=\"c10b3d2ea57857fcba19fc7c553fb751\">\n                <img\n                    title=\"Sala Rossa\"\n                    alt=\"Sala Rossa\"\n                    src=\"http:\/\/www.spaziotorino.it\/scatto\/wp-content\/gallery\/2019_01_27_memoria\/cache\/AMA_2035.jpg-nggid0522162-ngg0dyn-60x60x100-00f0w010c011r110f110r010t010.jpg\"\n                    width=\"60\"\n                    height=\"60\"\n                    style=\"max-width:100%;\"\n                \/>\n            <\/a>\n        <\/div>\n\t\t\t\t\t\t\t<\/div> \n\t\t\t\n        \n\t\t\t\t<div id=\"ngg-image-11\" class=\"ngg-gallery-thumbnail-box\" >\n\t\t\t\t        <div class=\"ngg-gallery-thumbnail\">\n            <a href=\"http:\/\/www.spaziotorino.it\/scatto\/wp-content\/gallery\/2019_01_27_memoria\/AMA_2047.jpg\"\n               title=\"Bruno Segre e Dario Disegni\"\n               data-src=\"http:\/\/www.spaziotorino.it\/scatto\/wp-content\/gallery\/2019_01_27_memoria\/AMA_2047.jpg\"\n               data-thumbnail=\"http:\/\/www.spaziotorino.it\/scatto\/wp-content\/gallery\/2019_01_27_memoria\/thumbs\/thumbs_AMA_2047.jpg\"\n               data-image-id=\"22163\"\n               data-title=\"Bruno Segre e Dario Disegni\"\n               data-description=\"Bruno Segre e Dario Disegni\"\n               data-image-slug=\"ama_2047\"\n               class=\"ngg-fancybox\" rel=\"c10b3d2ea57857fcba19fc7c553fb751\">\n                <img\n                    title=\"Bruno Segre e Dario Disegni\"\n                    alt=\"Bruno Segre e Dario Disegni\"\n                    src=\"http:\/\/www.spaziotorino.it\/scatto\/wp-content\/gallery\/2019_01_27_memoria\/cache\/AMA_2047.jpg-nggid0522163-ngg0dyn-60x60x100-00f0w010c011r110f110r010t010.jpg\"\n                    width=\"60\"\n                    height=\"60\"\n                    style=\"max-width:100%;\"\n                \/>\n            <\/a>\n        <\/div>\n\t\t\t\t\t\t\t<\/div> \n\t\t\t\n        \n\t\t\t\t<div id=\"ngg-image-12\" class=\"ngg-gallery-thumbnail-box\" >\n\t\t\t\t        <div class=\"ngg-gallery-thumbnail\">\n            <a href=\"http:\/\/www.spaziotorino.it\/scatto\/wp-content\/gallery\/2019_01_27_memoria\/AMA_2059.jpg\"\n               title=\"Barbara Berruti\"\n               data-src=\"http:\/\/www.spaziotorino.it\/scatto\/wp-content\/gallery\/2019_01_27_memoria\/AMA_2059.jpg\"\n               data-thumbnail=\"http:\/\/www.spaziotorino.it\/scatto\/wp-content\/gallery\/2019_01_27_memoria\/thumbs\/thumbs_AMA_2059.jpg\"\n               data-image-id=\"22164\"\n               data-title=\"Barbara Berruti\"\n               data-description=\"Barbara Berruti\"\n               data-image-slug=\"ama_2059\"\n               class=\"ngg-fancybox\" rel=\"c10b3d2ea57857fcba19fc7c553fb751\">\n                <img\n                    title=\"Barbara Berruti\"\n                    alt=\"Barbara Berruti\"\n                    src=\"http:\/\/www.spaziotorino.it\/scatto\/wp-content\/gallery\/2019_01_27_memoria\/cache\/AMA_2059.jpg-nggid0522164-ngg0dyn-60x60x100-00f0w010c011r110f110r010t010.jpg\"\n                    width=\"60\"\n                    height=\"60\"\n                    style=\"max-width:100%;\"\n                \/>\n            <\/a>\n        <\/div>\n\t\t\t\t\t\t\t<\/div> \n\t\t\t\n        \n\t\t\t\t<div id=\"ngg-image-13\" class=\"ngg-gallery-thumbnail-box\" >\n\t\t\t\t        <div class=\"ngg-gallery-thumbnail\">\n            <a href=\"http:\/\/www.spaziotorino.it\/scatto\/wp-content\/gallery\/2019_01_27_memoria\/AMA_2063.jpg\"\n               title=\"La Sindaca Chiara Appendino\"\n               data-src=\"http:\/\/www.spaziotorino.it\/scatto\/wp-content\/gallery\/2019_01_27_memoria\/AMA_2063.jpg\"\n               data-thumbnail=\"http:\/\/www.spaziotorino.it\/scatto\/wp-content\/gallery\/2019_01_27_memoria\/thumbs\/thumbs_AMA_2063.jpg\"\n               data-image-id=\"22165\"\n               data-title=\"La Sindaca Chiara Appendino\"\n               data-description=\"La Sindaca Chiara Appendino\"\n               data-image-slug=\"ama_2063\"\n               class=\"ngg-fancybox\" rel=\"c10b3d2ea57857fcba19fc7c553fb751\">\n                <img\n                    title=\"La Sindaca Chiara Appendino\"\n                    alt=\"La Sindaca Chiara Appendino\"\n                    src=\"http:\/\/www.spaziotorino.it\/scatto\/wp-content\/gallery\/2019_01_27_memoria\/cache\/AMA_2063.jpg-nggid0522165-ngg0dyn-60x60x100-00f0w010c011r110f110r010t010.jpg\"\n                    width=\"60\"\n                    height=\"60\"\n                    style=\"max-width:100%;\"\n                \/>\n            <\/a>\n        <\/div>\n\t\t\t\t\t\t\t<\/div> \n\t\t\t\n        \n\t\t\n\t\t<!-- Pagination -->\n\t<div class='ngg-clear'><\/div>\t<\/div>\n\n<p>Prendendo la parola questa mattina in Sala Rossa nel corso della cerimonia dedicata alla Giornata della Memoria, la sindaca Chiara Appendino  ha ricordato, \u201c(\u2026) tra tutti quelli possibili, tre soggetti (\u2026).<\/p>\n<p>I primi sono, ovviamente, le vittime. Coloro che hanno perso la vita e l\u2019anima nei campi di concentramento, scontando un passaggio della storia che ancora oggi ci chiediamo se e come potesse essere evitabile. Ma tra questi ci sono anche i sopravvissuti. Segnati nella pelle e nei ricordi dalla ferocia nazista. Coloro che con i loro racconti rendono la realt\u00e0 di fatti che alla mente dei pi\u00f9 appaiono inimmaginabili.<\/p>\n<p>I secondi sono invece coloro che a questo incubo si opposero. Che in alcuni casi misero in gioco la loro vita pur di salvarne altre. Penso ai 650mila soldati italiani deportati nei campi tedeschi perch\u00e9 dopo l\u20198 settembre si rifiutarono di servire Hitler. Penso a tutti i nostri partigiani, simbolo della Liberazione che \u2013 pur non potendo in alcun modo mitigare le nefandezze di altri loro connazionali che aderirono all\u2019ideologia fascista \u2013 conservarono l\u2019umanit\u00e0 del nostro Paese. E penso a chi, in ogni modo, con i fatti o con le idee, non si pieg\u00f2 al pensiero dominante nazi-fascista.<\/p>\n<p>Infine un ultimo pensiero non va a persone ma a un momento. A quel particolare momento in cui tutto ebbe inizio e nessuno \u2013 o quasi \u2013 se ne accorse.<\/p>\n<p>Tutti noi dobbiamo chiederci ogni giorno: qual \u00e8 quel momento? In quale pensiero, in quale gesto, in quale simbolo \u00e8 iniziato tutto? Qual \u00e8 il confine tra normale \u00e8 mostruoso? E come \u00e8 stato possibile che, a un certo punto, questi due elementi fossero fusi in una cosa sola abitando la quotidianit\u00e0 di milioni di persone in Europa che non ne venivano colpite direttamente?<\/p>\n<p>Hannah Arendt, nella sua opera, La banalit\u00e0 del male, scrive a un certo punto: \u201cLe azioni erano mostruose, ma chi le fece era pressoch\u00e9 normale. N\u00e9 demoniaco n\u00e9 mostruoso\u201d.<\/p>\n<p>Questa frase, a mio avviso, deve rimanere scolpita nella memoria di tutte e tutti, oggi, come nelle prossime generazioni.<\/p>\n<p>La mostruosit\u00e0 pu\u00f2 avere tantissimi volti, oppure non averne affatto.<\/p>\n<p>E, proprio pensando alle prossime generazioni, mi rivolgo a tutti noi e ai pi\u00f9 giovani.<\/p>\n<p>Non esistono manuali di istruzioni da consultare per capire cosa \u00e8 giusto e cosa \u00e8 sbagliato. Chi nella storia ha provato a scriverli si \u00e8 accorto che presto o prima si sarebbero rivelati quantomeno incompleti, quando non totalmente inadeguati.<\/p>\n<p>Ognuno di noi deve capirlo, con la propria etica, con le proprie conoscenze e con tutta l\u2019umanit\u00e0 di cui \u00e8 capace.<\/p>\n<p>Le risposte sono nei valori. E questi vanno coltivati, custoditi e cresciuti come il bene pi\u00f9 prezioso che avete.<\/p>\n<p>Quel libro dovremo scriverlo, scambiarlo, leggerlo insieme.<\/p>\n<p>E, cos\u00ec facendo, scrivere la storia del futuro. Perch\u00e9 con i valori e la memoria di ci\u00f2 che \u00e8 stato possa non ripetersi mai pi\u00f9 l\u2019orrore della Shoah ma solo un orizzonte comune per tutte e tutti gli uomini e le donne\u201d.<\/p>\n<p>[Fonte: <a href=\"http:\/\/www.torinoclick.it\/?p=81979\">TorinoClick<\/a>]<\/p>\n","protected":false},"excerpt":{"rendered":"<p>Prendendo la parola questa mattina in Sala Rossa nel corso della cerimonia dedicata alla Giornata della Memoria, la sindaca Chiara Appendino ha ricordato, \u201c(\u2026) tra tutti quelli possibili, tre soggetti (\u2026). I primi sono, ovviamente, le vittime. Coloro che hanno perso la vita e l\u2019anima nei campi di concentramento, scontando un passaggio della storia che [&hellip;]<\/p>\n","protected":false},"author":1,"featured_media":0,"comment_status":"closed","ping_status":"open","sticky":false,"template":"","format":"standard","meta":{"ngg_post_thumbnail":0},"categories":[1,895],"tags":[],"_links":{"self":[{"href":"http:\/\/www.spaziotorino.it\/scatto\/index.php?rest_route=\/wp\/v2\/posts\/15417"}],"collection":[{"href":"http:\/\/www.spaziotorino.it\/scatto\/index.php?rest_route=\/wp\/v2\/posts"}],"about":[{"href":"http:\/\/www.spaziotorino.it\/scatto\/index.php?rest_route=\/wp\/v2\/types\/post"}],"author":[{"embeddable":true,"href":"http:\/\/www.spaziotorino.it\/scatto\/index.php?rest_route=\/wp\/v2\/users\/1"}],"replies":[{"embeddable":true,"href":"http:\/\/www.spaziotorino.it\/scatto\/index.php?rest_route=%2Fwp%2Fv2%2Fcomments&post=15417"}],"version-history":[{"count":2,"href":"http:\/\/www.spaziotorino.it\/scatto\/index.php?rest_route=\/wp\/v2\/posts\/15417\/revisions"}],"predecessor-version":[{"id":15419,"href":"http:\/\/www.spaziotorino.it\/scatto\/index.php?rest_route=\/wp\/v2\/posts\/15417\/revisions\/15419"}],"wp:attachment":[{"href":"http:\/\/www.spaziotorino.it\/scatto\/index.php?rest_route=%2Fwp%2Fv2%2Fmedia&parent=15417"}],"wp:term":[{"taxonomy":"category","embeddable":true,"href":"http:\/\/www.spaziotorino.it\/scatto\/index.php?rest_route=%2Fwp%2Fv2%2Fcategories&post=15417"},{"taxonomy":"post_tag","embeddable":true,"href":"http:\/\/www.spaziotorino.it\/scatto\/index.php?rest_route=%2Fwp%2Fv2%2Ftags&post=15417"}],"curies":[{"name":"wp","href":"https:\/\/api.w.org\/{rel}","templated":true}]}}