{"id":15479,"date":"2019-02-01T16:39:43","date_gmt":"2019-02-01T15:39:43","guid":{"rendered":"http:\/\/www.spaziotorino.it\/scatto\/?p=15479"},"modified":"2019-02-05T11:13:10","modified_gmt":"2019-02-05T10:13:10","slug":"mostra-stalingrado-appello-alla-pace","status":"publish","type":"post","link":"http:\/\/www.spaziotorino.it\/scatto\/?p=15479","title":{"rendered":"Mostra: Stalingrado. Appello alla pace"},"content":{"rendered":"<p><a class=\"ngg-fancybox\" title=\"Mostra: Stalingrado. Appello alla pace\" href=\"http:\/\/www.spaziotorino.it\/scatto\/wp-content\/gallery\/2019_02_01_stalingrado\/pla_5371.jpg\" rel=\"d4c6d896f7d3beea839fab4df30d582e\"><br \/>\n<img decoding=\"async\" loading=\"lazy\" class=\"ngg-singlepic\" title=\"Mostra: Stalingrado. Appello alla pace\" src=\"http:\/\/www.spaziotorino.it\/scatto\/wp-content\/gallery\/2019_02_01_stalingrado\/pla_5371.jpg\" alt=\"\" width=\"540\" height=\"360\"\/><\/a><\/p>\n<!-- index.php -->\n<div\n\tclass=\"ngg-galleryoverview ngg-ajax-pagination-none\"\n\tid=\"ngg-gallery-97339ea38a7c8a8093bd5bf3b12389aa-1\">\n\n    \t\t<!-- Thumbnails -->\n\t\t\t\t<div id=\"ngg-image-0\" class=\"ngg-gallery-thumbnail-box\" >\n\t\t\t\t        <div class=\"ngg-gallery-thumbnail\">\n            <a href=\"http:\/\/www.spaziotorino.it\/scatto\/wp-content\/gallery\/2019_02_01_stalingrado\/pla_5306.jpg\"\n               title=\"Biblioteca Civica Amoretti\"\n               data-src=\"http:\/\/www.spaziotorino.it\/scatto\/wp-content\/gallery\/2019_02_01_stalingrado\/pla_5306.jpg\"\n               data-thumbnail=\"http:\/\/www.spaziotorino.it\/scatto\/wp-content\/gallery\/2019_02_01_stalingrado\/thumbs\/thumbs_pla_5306.jpg\"\n               data-image-id=\"22184\"\n               data-title=\"Biblioteca Civica Amoretti\"\n               data-description=\"Biblioteca Civica Amoretti\"\n               data-image-slug=\"pla_5306\"\n               class=\"ngg-fancybox\" rel=\"97339ea38a7c8a8093bd5bf3b12389aa\">\n                <img\n                    title=\"Biblioteca Civica Amoretti\"\n                    alt=\"Biblioteca Civica Amoretti\"\n                    src=\"http:\/\/www.spaziotorino.it\/scatto\/wp-content\/gallery\/2019_02_01_stalingrado\/cache\/pla_5306.jpg-nggid0522184-ngg0dyn-60x60x100-00f0w010c011r110f110r010t010.jpg\"\n                    width=\"60\"\n                    height=\"60\"\n                    style=\"max-width:100%;\"\n                \/>\n            <\/a>\n        <\/div>\n\t\t\t\t\t\t\t<\/div> \n\t\t\t\n        \n\t\t\t\t<div id=\"ngg-image-1\" class=\"ngg-gallery-thumbnail-box\" >\n\t\t\t\t        <div class=\"ngg-gallery-thumbnail\">\n            <a href=\"http:\/\/www.spaziotorino.it\/scatto\/wp-content\/gallery\/2019_02_01_stalingrado\/pla_5291.jpg\"\n               title=\"Stalingrado. Appello alla pace\"\n               data-src=\"http:\/\/www.spaziotorino.it\/scatto\/wp-content\/gallery\/2019_02_01_stalingrado\/pla_5291.jpg\"\n               data-thumbnail=\"http:\/\/www.spaziotorino.it\/scatto\/wp-content\/gallery\/2019_02_01_stalingrado\/thumbs\/thumbs_pla_5291.jpg\"\n               data-image-id=\"22181\"\n               data-title=\"Stalingrado. Appello alla pace\"\n               data-description=\"Stalingrado. Appello alla pace\"\n               data-image-slug=\"pla_5291\"\n               class=\"ngg-fancybox\" rel=\"97339ea38a7c8a8093bd5bf3b12389aa\">\n                <img\n                    title=\"Stalingrado. Appello alla pace\"\n                    alt=\"Stalingrado. Appello alla pace\"\n                    src=\"http:\/\/www.spaziotorino.it\/scatto\/wp-content\/gallery\/2019_02_01_stalingrado\/cache\/pla_5291.jpg-nggid0522181-ngg0dyn-60x60x100-00f0w010c011r110f110r010t010.jpg\"\n                    width=\"60\"\n                    height=\"60\"\n                    style=\"max-width:100%;\"\n                \/>\n            <\/a>\n        <\/div>\n\t\t\t\t\t\t\t<\/div> \n\t\t\t\n        \n\t\t\t\t<div id=\"ngg-image-2\" class=\"ngg-gallery-thumbnail-box\" >\n\t\t\t\t        <div class=\"ngg-gallery-thumbnail\">\n            <a href=\"http:\/\/www.spaziotorino.it\/scatto\/wp-content\/gallery\/2019_02_01_stalingrado\/pla_5293.jpg\"\n               title=\"Stalingrado. Appello alla pace\"\n               data-src=\"http:\/\/www.spaziotorino.it\/scatto\/wp-content\/gallery\/2019_02_01_stalingrado\/pla_5293.jpg\"\n               data-thumbnail=\"http:\/\/www.spaziotorino.it\/scatto\/wp-content\/gallery\/2019_02_01_stalingrado\/thumbs\/thumbs_pla_5293.jpg\"\n               data-image-id=\"22182\"\n               data-title=\"Stalingrado. Appello alla pace\"\n               data-description=\"Stalingrado. Appello alla pace\"\n               data-image-slug=\"pla_5293\"\n               class=\"ngg-fancybox\" rel=\"97339ea38a7c8a8093bd5bf3b12389aa\">\n                <img\n                    title=\"Stalingrado. Appello alla pace\"\n                    alt=\"Stalingrado. Appello alla pace\"\n                    src=\"http:\/\/www.spaziotorino.it\/scatto\/wp-content\/gallery\/2019_02_01_stalingrado\/cache\/pla_5293.jpg-nggid0522182-ngg0dyn-60x60x100-00f0w010c011r110f110r010t010.jpg\"\n                    width=\"60\"\n                    height=\"60\"\n                    style=\"max-width:100%;\"\n                \/>\n            <\/a>\n        <\/div>\n\t\t\t\t\t\t\t<\/div> \n\t\t\t\n        \n\t\t\t\t<div id=\"ngg-image-3\" class=\"ngg-gallery-thumbnail-box\" >\n\t\t\t\t        <div class=\"ngg-gallery-thumbnail\">\n            <a href=\"http:\/\/www.spaziotorino.it\/scatto\/wp-content\/gallery\/2019_02_01_stalingrado\/pla_5303.jpg\"\n               title=\"Francesca Leon e Andrey Lyakh\"\n               data-src=\"http:\/\/www.spaziotorino.it\/scatto\/wp-content\/gallery\/2019_02_01_stalingrado\/pla_5303.jpg\"\n               data-thumbnail=\"http:\/\/www.spaziotorino.it\/scatto\/wp-content\/gallery\/2019_02_01_stalingrado\/thumbs\/thumbs_pla_5303.jpg\"\n               data-image-id=\"22183\"\n               data-title=\"Francesca Leon e Andrey Lyakh\"\n               data-description=\"Francesca Leon e Andrey Lyakh\"\n               data-image-slug=\"pla_5303\"\n               class=\"ngg-fancybox\" rel=\"97339ea38a7c8a8093bd5bf3b12389aa\">\n                <img\n                    title=\"Francesca Leon e Andrey Lyakh\"\n                    alt=\"Francesca Leon e Andrey Lyakh\"\n                    src=\"http:\/\/www.spaziotorino.it\/scatto\/wp-content\/gallery\/2019_02_01_stalingrado\/cache\/pla_5303.jpg-nggid0522183-ngg0dyn-60x60x100-00f0w010c011r110f110r010t010.jpg\"\n                    width=\"60\"\n                    height=\"60\"\n                    style=\"max-width:100%;\"\n                \/>\n            <\/a>\n        <\/div>\n\t\t\t\t\t\t\t<\/div> \n\t\t\t\n        \n\t\t\t\t<div id=\"ngg-image-4\" class=\"ngg-gallery-thumbnail-box\" >\n\t\t\t\t        <div class=\"ngg-gallery-thumbnail\">\n            <a href=\"http:\/\/www.spaziotorino.it\/scatto\/wp-content\/gallery\/2019_02_01_stalingrado\/pla_5316.jpg\"\n               title=\"Stefano Benedetto, Francesca Leon\"\n               data-src=\"http:\/\/www.spaziotorino.it\/scatto\/wp-content\/gallery\/2019_02_01_stalingrado\/pla_5316.jpg\"\n               data-thumbnail=\"http:\/\/www.spaziotorino.it\/scatto\/wp-content\/gallery\/2019_02_01_stalingrado\/thumbs\/thumbs_pla_5316.jpg\"\n               data-image-id=\"22192\"\n               data-title=\"Stefano Benedetto, Francesca Leon\"\n               data-description=\"Stefano Benedetto, Francesca Leon\"\n               data-image-slug=\"pla_5316\"\n               class=\"ngg-fancybox\" rel=\"97339ea38a7c8a8093bd5bf3b12389aa\">\n                <img\n                    title=\"Stefano Benedetto, Francesca Leon\"\n                    alt=\"Stefano Benedetto, Francesca Leon\"\n                    src=\"http:\/\/www.spaziotorino.it\/scatto\/wp-content\/gallery\/2019_02_01_stalingrado\/cache\/pla_5316.jpg-nggid0522192-ngg0dyn-60x60x100-00f0w010c011r110f110r010t010.jpg\"\n                    width=\"60\"\n                    height=\"60\"\n                    style=\"max-width:100%;\"\n                \/>\n            <\/a>\n        <\/div>\n\t\t\t\t\t\t\t<\/div> \n\t\t\t\n        \n\t\t\t\t<div id=\"ngg-image-5\" class=\"ngg-gallery-thumbnail-box\" >\n\t\t\t\t        <div class=\"ngg-gallery-thumbnail\">\n            <a href=\"http:\/\/www.spaziotorino.it\/scatto\/wp-content\/gallery\/2019_02_01_stalingrado\/pla_5334.jpg\"\n               title=\"Stalingrado. Appello alla pace\"\n               data-src=\"http:\/\/www.spaziotorino.it\/scatto\/wp-content\/gallery\/2019_02_01_stalingrado\/pla_5334.jpg\"\n               data-thumbnail=\"http:\/\/www.spaziotorino.it\/scatto\/wp-content\/gallery\/2019_02_01_stalingrado\/thumbs\/thumbs_pla_5334.jpg\"\n               data-image-id=\"22185\"\n               data-title=\"Stalingrado. Appello alla pace\"\n               data-description=\"Stalingrado. Appello alla pace\"\n               data-image-slug=\"pla_5334\"\n               class=\"ngg-fancybox\" rel=\"97339ea38a7c8a8093bd5bf3b12389aa\">\n                <img\n                    title=\"Stalingrado. Appello alla pace\"\n                    alt=\"Stalingrado. Appello alla pace\"\n                    src=\"http:\/\/www.spaziotorino.it\/scatto\/wp-content\/gallery\/2019_02_01_stalingrado\/cache\/pla_5334.jpg-nggid0522185-ngg0dyn-60x60x100-00f0w010c011r110f110r010t010.jpg\"\n                    width=\"60\"\n                    height=\"60\"\n                    style=\"max-width:100%;\"\n                \/>\n            <\/a>\n        <\/div>\n\t\t\t\t\t\t\t<\/div> \n\t\t\t\n        \n\t\t\t\t<div id=\"ngg-image-6\" class=\"ngg-gallery-thumbnail-box\" >\n\t\t\t\t        <div class=\"ngg-gallery-thumbnail\">\n            <a href=\"http:\/\/www.spaziotorino.it\/scatto\/wp-content\/gallery\/2019_02_01_stalingrado\/pla_5336.jpg\"\n               title=\"Stalingrado. Appello alla pace\"\n               data-src=\"http:\/\/www.spaziotorino.it\/scatto\/wp-content\/gallery\/2019_02_01_stalingrado\/pla_5336.jpg\"\n               data-thumbnail=\"http:\/\/www.spaziotorino.it\/scatto\/wp-content\/gallery\/2019_02_01_stalingrado\/thumbs\/thumbs_pla_5336.jpg\"\n               data-image-id=\"22186\"\n               data-title=\"Stalingrado. Appello alla pace\"\n               data-description=\"Stalingrado. Appello alla pace\"\n               data-image-slug=\"pla_5336\"\n               class=\"ngg-fancybox\" rel=\"97339ea38a7c8a8093bd5bf3b12389aa\">\n                <img\n                    title=\"Stalingrado. Appello alla pace\"\n                    alt=\"Stalingrado. Appello alla pace\"\n                    src=\"http:\/\/www.spaziotorino.it\/scatto\/wp-content\/gallery\/2019_02_01_stalingrado\/cache\/pla_5336.jpg-nggid0522186-ngg0dyn-60x60x100-00f0w010c011r110f110r010t010.jpg\"\n                    width=\"60\"\n                    height=\"60\"\n                    style=\"max-width:100%;\"\n                \/>\n            <\/a>\n        <\/div>\n\t\t\t\t\t\t\t<\/div> \n\t\t\t\n        \n\t\t\t\t<div id=\"ngg-image-7\" class=\"ngg-gallery-thumbnail-box\" >\n\t\t\t\t        <div class=\"ngg-gallery-thumbnail\">\n            <a href=\"http:\/\/www.spaziotorino.it\/scatto\/wp-content\/gallery\/2019_02_01_stalingrado\/pla_5337.jpg\"\n               title=\"Stalingrado. Appello alla pace\"\n               data-src=\"http:\/\/www.spaziotorino.it\/scatto\/wp-content\/gallery\/2019_02_01_stalingrado\/pla_5337.jpg\"\n               data-thumbnail=\"http:\/\/www.spaziotorino.it\/scatto\/wp-content\/gallery\/2019_02_01_stalingrado\/thumbs\/thumbs_pla_5337.jpg\"\n               data-image-id=\"22187\"\n               data-title=\"Stalingrado. Appello alla pace\"\n               data-description=\"Stalingrado. Appello alla pace\"\n               data-image-slug=\"pla_5337\"\n               class=\"ngg-fancybox\" rel=\"97339ea38a7c8a8093bd5bf3b12389aa\">\n                <img\n                    title=\"Stalingrado. Appello alla pace\"\n                    alt=\"Stalingrado. Appello alla pace\"\n                    src=\"http:\/\/www.spaziotorino.it\/scatto\/wp-content\/gallery\/2019_02_01_stalingrado\/cache\/pla_5337.jpg-nggid0522187-ngg0dyn-60x60x100-00f0w010c011r110f110r010t010.jpg\"\n                    width=\"60\"\n                    height=\"60\"\n                    style=\"max-width:100%;\"\n                \/>\n            <\/a>\n        <\/div>\n\t\t\t\t\t\t\t<\/div> \n\t\t\t\n        \n\t\t\t\t<div id=\"ngg-image-8\" class=\"ngg-gallery-thumbnail-box\" >\n\t\t\t\t        <div class=\"ngg-gallery-thumbnail\">\n            <a href=\"http:\/\/www.spaziotorino.it\/scatto\/wp-content\/gallery\/2019_02_01_stalingrado\/pla_5341.jpg\"\n               title=\"Un momento dell&#039;inaugurazione\"\n               data-src=\"http:\/\/www.spaziotorino.it\/scatto\/wp-content\/gallery\/2019_02_01_stalingrado\/pla_5341.jpg\"\n               data-thumbnail=\"http:\/\/www.spaziotorino.it\/scatto\/wp-content\/gallery\/2019_02_01_stalingrado\/thumbs\/thumbs_pla_5341.jpg\"\n               data-image-id=\"22188\"\n               data-title=\"Un momento dell&#039;inaugurazione\"\n               data-description=\"Un momento dell&#039;inaugurazione\"\n               data-image-slug=\"pla_5341\"\n               class=\"ngg-fancybox\" rel=\"97339ea38a7c8a8093bd5bf3b12389aa\">\n                <img\n                    title=\"Un momento dell&#039;inaugurazione\"\n                    alt=\"Un momento dell&#039;inaugurazione\"\n                    src=\"http:\/\/www.spaziotorino.it\/scatto\/wp-content\/gallery\/2019_02_01_stalingrado\/cache\/pla_5341.jpg-nggid0522188-ngg0dyn-60x60x100-00f0w010c011r110f110r010t010.jpg\"\n                    width=\"60\"\n                    height=\"60\"\n                    style=\"max-width:100%;\"\n                \/>\n            <\/a>\n        <\/div>\n\t\t\t\t\t\t\t<\/div> \n\t\t\t\n        \n\t\t\t\t<div id=\"ngg-image-9\" class=\"ngg-gallery-thumbnail-box\" >\n\t\t\t\t        <div class=\"ngg-gallery-thumbnail\">\n            <a href=\"http:\/\/www.spaziotorino.it\/scatto\/wp-content\/gallery\/2019_02_01_stalingrado\/pla_5345.jpg\"\n               title=\"Stalingrado. Appello alla pace\"\n               data-src=\"http:\/\/www.spaziotorino.it\/scatto\/wp-content\/gallery\/2019_02_01_stalingrado\/pla_5345.jpg\"\n               data-thumbnail=\"http:\/\/www.spaziotorino.it\/scatto\/wp-content\/gallery\/2019_02_01_stalingrado\/thumbs\/thumbs_pla_5345.jpg\"\n               data-image-id=\"22189\"\n               data-title=\"Stalingrado. Appello alla pace\"\n               data-description=\"Stalingrado. Appello alla pace\"\n               data-image-slug=\"pla_5345\"\n               class=\"ngg-fancybox\" rel=\"97339ea38a7c8a8093bd5bf3b12389aa\">\n                <img\n                    title=\"Stalingrado. Appello alla pace\"\n                    alt=\"Stalingrado. Appello alla pace\"\n                    src=\"http:\/\/www.spaziotorino.it\/scatto\/wp-content\/gallery\/2019_02_01_stalingrado\/cache\/pla_5345.jpg-nggid0522189-ngg0dyn-60x60x100-00f0w010c011r110f110r010t010.jpg\"\n                    width=\"60\"\n                    height=\"60\"\n                    style=\"max-width:100%;\"\n                \/>\n            <\/a>\n        <\/div>\n\t\t\t\t\t\t\t<\/div> \n\t\t\t\n        \n\t\t\t\t<div id=\"ngg-image-10\" class=\"ngg-gallery-thumbnail-box\" >\n\t\t\t\t        <div class=\"ngg-gallery-thumbnail\">\n            <a href=\"http:\/\/www.spaziotorino.it\/scatto\/wp-content\/gallery\/2019_02_01_stalingrado\/pla_5379.jpg\"\n               title=\"L&#039;Assessora alla Cultura Francesca Leon\"\n               data-src=\"http:\/\/www.spaziotorino.it\/scatto\/wp-content\/gallery\/2019_02_01_stalingrado\/pla_5379.jpg\"\n               data-thumbnail=\"http:\/\/www.spaziotorino.it\/scatto\/wp-content\/gallery\/2019_02_01_stalingrado\/thumbs\/thumbs_pla_5379.jpg\"\n               data-image-id=\"22190\"\n               data-title=\"L&#039;Assessora alla Cultura Francesca Leon\"\n               data-description=\"L&#039;Assessora alla Cultura Francesca Leon\"\n               data-image-slug=\"pla_5379\"\n               class=\"ngg-fancybox\" rel=\"97339ea38a7c8a8093bd5bf3b12389aa\">\n                <img\n                    title=\"L&#039;Assessora alla Cultura Francesca Leon\"\n                    alt=\"L&#039;Assessora alla Cultura Francesca Leon\"\n                    src=\"http:\/\/www.spaziotorino.it\/scatto\/wp-content\/gallery\/2019_02_01_stalingrado\/cache\/pla_5379.jpg-nggid0522190-ngg0dyn-60x60x100-00f0w010c011r110f110r010t010.jpg\"\n                    width=\"60\"\n                    height=\"60\"\n                    style=\"max-width:100%;\"\n                \/>\n            <\/a>\n        <\/div>\n\t\t\t\t\t\t\t<\/div> \n\t\t\t\n        \n\t\t\t\t<div id=\"ngg-image-11\" class=\"ngg-gallery-thumbnail-box\" >\n\t\t\t\t        <div class=\"ngg-gallery-thumbnail\">\n            <a href=\"http:\/\/www.spaziotorino.it\/scatto\/wp-content\/gallery\/2019_02_01_stalingrado\/pla_5389.jpg\"\n               title=\"Alexander Lillenurm, Andrey Lyakh, Francesca Leon\"\n               data-src=\"http:\/\/www.spaziotorino.it\/scatto\/wp-content\/gallery\/2019_02_01_stalingrado\/pla_5389.jpg\"\n               data-thumbnail=\"http:\/\/www.spaziotorino.it\/scatto\/wp-content\/gallery\/2019_02_01_stalingrado\/thumbs\/thumbs_pla_5389.jpg\"\n               data-image-id=\"22191\"\n               data-title=\"Alexander Lillenurm, Andrey Lyakh, Francesca Leon\"\n               data-description=\"Alexander Lillenurm, Andrey Lyakh, Francesca Leon\"\n               data-image-slug=\"pla_5389\"\n               class=\"ngg-fancybox\" rel=\"97339ea38a7c8a8093bd5bf3b12389aa\">\n                <img\n                    title=\"Alexander Lillenurm, Andrey Lyakh, Francesca Leon\"\n                    alt=\"Alexander Lillenurm, Andrey Lyakh, Francesca Leon\"\n                    src=\"http:\/\/www.spaziotorino.it\/scatto\/wp-content\/gallery\/2019_02_01_stalingrado\/cache\/pla_5389.jpg-nggid0522191-ngg0dyn-60x60x100-00f0w010c011r110f110r010t010.jpg\"\n                    width=\"60\"\n                    height=\"60\"\n                    style=\"max-width:100%;\"\n                \/>\n            <\/a>\n        <\/div>\n\t\t\t\t\t\t\t<\/div> \n\t\t\t\n        \n\t\t\n\t\t<!-- Pagination -->\n\t<div class='ngg-clear'><\/div>\t<\/div>\n\n<p>In occasione delle celebrazioni del 75\u00b0 Anniversario della vittoria sovietica sui nazisti nella Battaglia di Stalingrado, durante la Seconda Guerra Mondiale \u00e8 stata allestita una mostra con fotografie e documenti d&#8217;epoca provenienti dagli archivi di  Volgograd, ex Stalingrado,  presso la Biblioteca Civica Amoretti visibile fino al 16 febbraio 2019.<br \/>\nL&#8217;inaugurazione si \u00e8 tenuta venerd\u00ec 1 febbraio alla presenza dell&#8217;Assessora alla Cultura della Citt\u00e0 di Torino, Francesca Leon con l&#8217;Assessore alla Cultura della Citt\u00e0 di Volgograd, Andrey Lyakh; Stefano Benedetto, Dirigente Area Cultura della Citt\u00e0 di Torino e il Console russo Alexander Lillenurm.<\/p>\n","protected":false},"excerpt":{"rendered":"<p>In occasione delle celebrazioni del 75\u00b0 Anniversario della vittoria sovietica sui nazisti nella Battaglia di Stalingrado, durante la Seconda Guerra Mondiale \u00e8 stata allestita una mostra con fotografie e documenti d&#8217;epoca provenienti dagli archivi di Volgograd, ex Stalingrado, presso la Biblioteca Civica Amoretti visibile fino al 16 febbraio 2019. L&#8217;inaugurazione si \u00e8 tenuta venerd\u00ec 1 [&hellip;]<\/p>\n","protected":false},"author":1,"featured_media":0,"comment_status":"closed","ping_status":"open","sticky":false,"template":"","format":"standard","meta":{"ngg_post_thumbnail":0},"categories":[54,1],"tags":[],"_links":{"self":[{"href":"http:\/\/www.spaziotorino.it\/scatto\/index.php?rest_route=\/wp\/v2\/posts\/15479"}],"collection":[{"href":"http:\/\/www.spaziotorino.it\/scatto\/index.php?rest_route=\/wp\/v2\/posts"}],"about":[{"href":"http:\/\/www.spaziotorino.it\/scatto\/index.php?rest_route=\/wp\/v2\/types\/post"}],"author":[{"embeddable":true,"href":"http:\/\/www.spaziotorino.it\/scatto\/index.php?rest_route=\/wp\/v2\/users\/1"}],"replies":[{"embeddable":true,"href":"http:\/\/www.spaziotorino.it\/scatto\/index.php?rest_route=%2Fwp%2Fv2%2Fcomments&post=15479"}],"version-history":[{"count":4,"href":"http:\/\/www.spaziotorino.it\/scatto\/index.php?rest_route=\/wp\/v2\/posts\/15479\/revisions"}],"predecessor-version":[{"id":15520,"href":"http:\/\/www.spaziotorino.it\/scatto\/index.php?rest_route=\/wp\/v2\/posts\/15479\/revisions\/15520"}],"wp:attachment":[{"href":"http:\/\/www.spaziotorino.it\/scatto\/index.php?rest_route=%2Fwp%2Fv2%2Fmedia&parent=15479"}],"wp:term":[{"taxonomy":"category","embeddable":true,"href":"http:\/\/www.spaziotorino.it\/scatto\/index.php?rest_route=%2Fwp%2Fv2%2Fcategories&post=15479"},{"taxonomy":"post_tag","embeddable":true,"href":"http:\/\/www.spaziotorino.it\/scatto\/index.php?rest_route=%2Fwp%2Fv2%2Ftags&post=15479"}],"curies":[{"name":"wp","href":"https:\/\/api.w.org\/{rel}","templated":true}]}}