{"id":15650,"date":"2019-02-15T15:23:38","date_gmt":"2019-02-15T14:23:38","guid":{"rendered":"http:\/\/www.spaziotorino.it\/scatto\/?p=15650"},"modified":"2019-02-15T15:29:26","modified_gmt":"2019-02-15T14:29:26","slug":"pittura-spazio-scultura-le-collezioni-del-contemporaneo-alla-gam","status":"publish","type":"post","link":"http:\/\/www.spaziotorino.it\/scatto\/?p=15650","title":{"rendered":"Pittura Spazio Scultura . Le Collezioni del contemporaneo alla GAM"},"content":{"rendered":"<p><a class=\"ngg-fancybox\" title=\"Pittura Spazio Scultura . Le Collezioni del contemporaneo alla GAM \" href=\"http:\/\/www.spaziotorino.it\/scatto\/wp-content\/gallery\/2019_02_14_gam\/pla_6387.jpg\" rel=\"daf7c28cfdc8451fa4ce3b60f3f13771\"><br \/>\n<img decoding=\"async\" loading=\"lazy\" class=\"ngg-singlepic\" title=\"Pittura Spazio Scultura . Le Collezioni del contemporaneo alla GAM \" src=\"http:\/\/www.spaziotorino.it\/scatto\/wp-content\/gallery\/2019_02_14_gam\/pla_6387.jpg\" alt=\"\" width=\"540\" height=\"360\"\/><\/a><\/p>\n<!-- index.php -->\n<div\n\tclass=\"ngg-galleryoverview ngg-ajax-pagination-none\"\n\tid=\"ngg-gallery-ff992273c9dbcaca2b38c48c8241bb22-1\">\n\n    \t\t<!-- Thumbnails -->\n\t\t\t\t<div id=\"ngg-image-0\" class=\"ngg-gallery-thumbnail-box\" >\n\t\t\t\t        <div class=\"ngg-gallery-thumbnail\">\n            <a href=\"http:\/\/www.spaziotorino.it\/scatto\/wp-content\/gallery\/2019_02_14_gam\/pla_6570.jpg\"\n               title=\"Pittura Spazio Scultura . Le Collezioni del contemporaneo alla GAM\"\n               data-src=\"http:\/\/www.spaziotorino.it\/scatto\/wp-content\/gallery\/2019_02_14_gam\/pla_6570.jpg\"\n               data-thumbnail=\"http:\/\/www.spaziotorino.it\/scatto\/wp-content\/gallery\/2019_02_14_gam\/thumbs\/thumbs_pla_6570.jpg\"\n               data-image-id=\"22265\"\n               data-title=\"Pittura Spazio Scultura . Le Collezioni del contemporaneo alla GAM\"\n               data-description=\"Pittura Spazio Scultura . Le Collezioni del contemporaneo alla GAM\"\n               data-image-slug=\"pla_6570\"\n               class=\"ngg-fancybox\" rel=\"ff992273c9dbcaca2b38c48c8241bb22\">\n                <img\n                    title=\"Pittura Spazio Scultura . Le Collezioni del contemporaneo alla GAM\"\n                    alt=\"Pittura Spazio Scultura . Le Collezioni del contemporaneo alla GAM\"\n                    src=\"http:\/\/www.spaziotorino.it\/scatto\/wp-content\/gallery\/2019_02_14_gam\/cache\/pla_6570.jpg-nggid0522265-ngg0dyn-60x60x100-00f0w010c011r110f110r010t010.jpg\"\n                    width=\"60\"\n                    height=\"60\"\n                    style=\"max-width:100%;\"\n                \/>\n            <\/a>\n        <\/div>\n\t\t\t\t\t\t\t<\/div> \n\t\t\t\n        \n\t\t\t\t<div id=\"ngg-image-1\" class=\"ngg-gallery-thumbnail-box\" >\n\t\t\t\t        <div class=\"ngg-gallery-thumbnail\">\n            <a href=\"http:\/\/www.spaziotorino.it\/scatto\/wp-content\/gallery\/2019_02_14_gam\/pla_6379.jpg\"\n               title=\"Pittura Spazio Scultura . Le Collezioni del contemporaneo alla GAM\"\n               data-src=\"http:\/\/www.spaziotorino.it\/scatto\/wp-content\/gallery\/2019_02_14_gam\/pla_6379.jpg\"\n               data-thumbnail=\"http:\/\/www.spaziotorino.it\/scatto\/wp-content\/gallery\/2019_02_14_gam\/thumbs\/thumbs_pla_6379.jpg\"\n               data-image-id=\"22246\"\n               data-title=\"Pittura Spazio Scultura . Le Collezioni del contemporaneo alla GAM\"\n               data-description=\"Pittura Spazio Scultura . Le Collezioni del contemporaneo alla GAM\"\n               data-image-slug=\"pla_6379\"\n               class=\"ngg-fancybox\" rel=\"ff992273c9dbcaca2b38c48c8241bb22\">\n                <img\n                    title=\"Pittura Spazio Scultura . Le Collezioni del contemporaneo alla GAM\"\n                    alt=\"Pittura Spazio Scultura . Le Collezioni del contemporaneo alla GAM\"\n                    src=\"http:\/\/www.spaziotorino.it\/scatto\/wp-content\/gallery\/2019_02_14_gam\/cache\/pla_6379.jpg-nggid0522246-ngg0dyn-60x60x100-00f0w010c011r110f110r010t010.jpg\"\n                    width=\"60\"\n                    height=\"60\"\n                    style=\"max-width:100%;\"\n                \/>\n            <\/a>\n        <\/div>\n\t\t\t\t\t\t\t<\/div> \n\t\t\t\n        \n\t\t\t\t<div id=\"ngg-image-2\" class=\"ngg-gallery-thumbnail-box\" >\n\t\t\t\t        <div class=\"ngg-gallery-thumbnail\">\n            <a href=\"http:\/\/www.spaziotorino.it\/scatto\/wp-content\/gallery\/2019_02_14_gam\/pla_6384.jpg\"\n               title=\"Pittura Spazio Scultura . Le Collezioni del contemporaneo alla GAM\"\n               data-src=\"http:\/\/www.spaziotorino.it\/scatto\/wp-content\/gallery\/2019_02_14_gam\/pla_6384.jpg\"\n               data-thumbnail=\"http:\/\/www.spaziotorino.it\/scatto\/wp-content\/gallery\/2019_02_14_gam\/thumbs\/thumbs_pla_6384.jpg\"\n               data-image-id=\"22247\"\n               data-title=\"Pittura Spazio Scultura . Le Collezioni del contemporaneo alla GAM\"\n               data-description=\"Pittura Spazio Scultura . Le Collezioni del contemporaneo alla GAM\"\n               data-image-slug=\"pla_6384\"\n               class=\"ngg-fancybox\" rel=\"ff992273c9dbcaca2b38c48c8241bb22\">\n                <img\n                    title=\"Pittura Spazio Scultura . Le Collezioni del contemporaneo alla GAM\"\n                    alt=\"Pittura Spazio Scultura . Le Collezioni del contemporaneo alla GAM\"\n                    src=\"http:\/\/www.spaziotorino.it\/scatto\/wp-content\/gallery\/2019_02_14_gam\/cache\/pla_6384.jpg-nggid0522247-ngg0dyn-60x60x100-00f0w010c011r110f110r010t010.jpg\"\n                    width=\"60\"\n                    height=\"60\"\n                    style=\"max-width:100%;\"\n                \/>\n            <\/a>\n        <\/div>\n\t\t\t\t\t\t\t<\/div> \n\t\t\t\n        \n\t\t\t\t<div id=\"ngg-image-3\" class=\"ngg-gallery-thumbnail-box\" >\n\t\t\t\t        <div class=\"ngg-gallery-thumbnail\">\n            <a href=\"http:\/\/www.spaziotorino.it\/scatto\/wp-content\/gallery\/2019_02_14_gam\/pla_6387.jpg\"\n               title=\"Giuseppe Spagnulo, Archeologia. 1978\"\n               data-src=\"http:\/\/www.spaziotorino.it\/scatto\/wp-content\/gallery\/2019_02_14_gam\/pla_6387.jpg\"\n               data-thumbnail=\"http:\/\/www.spaziotorino.it\/scatto\/wp-content\/gallery\/2019_02_14_gam\/thumbs\/thumbs_pla_6387.jpg\"\n               data-image-id=\"22248\"\n               data-title=\"Giuseppe Spagnulo, Archeologia. 1978\"\n               data-description=\"Giuseppe Spagnulo, Archeologia. 1978\"\n               data-image-slug=\"pla_6387\"\n               class=\"ngg-fancybox\" rel=\"ff992273c9dbcaca2b38c48c8241bb22\">\n                <img\n                    title=\"Giuseppe Spagnulo, Archeologia. 1978\"\n                    alt=\"Giuseppe Spagnulo, Archeologia. 1978\"\n                    src=\"http:\/\/www.spaziotorino.it\/scatto\/wp-content\/gallery\/2019_02_14_gam\/cache\/pla_6387.jpg-nggid0522248-ngg0dyn-60x60x100-00f0w010c011r110f110r010t010.jpg\"\n                    width=\"60\"\n                    height=\"60\"\n                    style=\"max-width:100%;\"\n                \/>\n            <\/a>\n        <\/div>\n\t\t\t\t\t\t\t<\/div> \n\t\t\t\n        \n\t\t\t\t<div id=\"ngg-image-4\" class=\"ngg-gallery-thumbnail-box\" >\n\t\t\t\t        <div class=\"ngg-gallery-thumbnail\">\n            <a href=\"http:\/\/www.spaziotorino.it\/scatto\/wp-content\/gallery\/2019_02_14_gam\/pla_6395.jpg\"\n               title=\"Marisa Merz, Living Sculpture. 1966\"\n               data-src=\"http:\/\/www.spaziotorino.it\/scatto\/wp-content\/gallery\/2019_02_14_gam\/pla_6395.jpg\"\n               data-thumbnail=\"http:\/\/www.spaziotorino.it\/scatto\/wp-content\/gallery\/2019_02_14_gam\/thumbs\/thumbs_pla_6395.jpg\"\n               data-image-id=\"22249\"\n               data-title=\"Marisa Merz, Living Sculpture. 1966\"\n               data-description=\"Marisa Merz, Living Sculpture. 1966\"\n               data-image-slug=\"pla_6395\"\n               class=\"ngg-fancybox\" rel=\"ff992273c9dbcaca2b38c48c8241bb22\">\n                <img\n                    title=\"Marisa Merz, Living Sculpture. 1966\"\n                    alt=\"Marisa Merz, Living Sculpture. 1966\"\n                    src=\"http:\/\/www.spaziotorino.it\/scatto\/wp-content\/gallery\/2019_02_14_gam\/cache\/pla_6395.jpg-nggid0522249-ngg0dyn-60x60x100-00f0w010c011r110f110r010t010.jpg\"\n                    width=\"60\"\n                    height=\"60\"\n                    style=\"max-width:100%;\"\n                \/>\n            <\/a>\n        <\/div>\n\t\t\t\t\t\t\t<\/div> \n\t\t\t\n        \n\t\t\t\t<div id=\"ngg-image-5\" class=\"ngg-gallery-thumbnail-box\" >\n\t\t\t\t        <div class=\"ngg-gallery-thumbnail\">\n            <a href=\"http:\/\/www.spaziotorino.it\/scatto\/wp-content\/gallery\/2019_02_14_gam\/pla_6397.jpg\"\n               title=\"Elena Volpato, curatrice\"\n               data-src=\"http:\/\/www.spaziotorino.it\/scatto\/wp-content\/gallery\/2019_02_14_gam\/pla_6397.jpg\"\n               data-thumbnail=\"http:\/\/www.spaziotorino.it\/scatto\/wp-content\/gallery\/2019_02_14_gam\/thumbs\/thumbs_pla_6397.jpg\"\n               data-image-id=\"22250\"\n               data-title=\"Elena Volpato, curatrice\"\n               data-description=\"Elena Volpato, curatrice\"\n               data-image-slug=\"pla_6397\"\n               class=\"ngg-fancybox\" rel=\"ff992273c9dbcaca2b38c48c8241bb22\">\n                <img\n                    title=\"Elena Volpato, curatrice\"\n                    alt=\"Elena Volpato, curatrice\"\n                    src=\"http:\/\/www.spaziotorino.it\/scatto\/wp-content\/gallery\/2019_02_14_gam\/cache\/pla_6397.jpg-nggid0522250-ngg0dyn-60x60x100-00f0w010c011r110f110r010t010.jpg\"\n                    width=\"60\"\n                    height=\"60\"\n                    style=\"max-width:100%;\"\n                \/>\n            <\/a>\n        <\/div>\n\t\t\t\t\t\t\t<\/div> \n\t\t\t\n        \n\t\t\t\t<div id=\"ngg-image-6\" class=\"ngg-gallery-thumbnail-box\" >\n\t\t\t\t        <div class=\"ngg-gallery-thumbnail\">\n            <a href=\"http:\/\/www.spaziotorino.it\/scatto\/wp-content\/gallery\/2019_02_14_gam\/pla_6411.jpg\"\n               title=\"Pittura Spazio Scultura . Le Collezioni del contemporaneo alla GAM\"\n               data-src=\"http:\/\/www.spaziotorino.it\/scatto\/wp-content\/gallery\/2019_02_14_gam\/pla_6411.jpg\"\n               data-thumbnail=\"http:\/\/www.spaziotorino.it\/scatto\/wp-content\/gallery\/2019_02_14_gam\/thumbs\/thumbs_pla_6411.jpg\"\n               data-image-id=\"22251\"\n               data-title=\"Pittura Spazio Scultura . Le Collezioni del contemporaneo alla GAM\"\n               data-description=\"Pittura Spazio Scultura . Le Collezioni del contemporaneo alla GAM\"\n               data-image-slug=\"pla_6411\"\n               class=\"ngg-fancybox\" rel=\"ff992273c9dbcaca2b38c48c8241bb22\">\n                <img\n                    title=\"Pittura Spazio Scultura . Le Collezioni del contemporaneo alla GAM\"\n                    alt=\"Pittura Spazio Scultura . Le Collezioni del contemporaneo alla GAM\"\n                    src=\"http:\/\/www.spaziotorino.it\/scatto\/wp-content\/gallery\/2019_02_14_gam\/cache\/pla_6411.jpg-nggid0522251-ngg0dyn-60x60x100-00f0w010c011r110f110r010t010.jpg\"\n                    width=\"60\"\n                    height=\"60\"\n                    style=\"max-width:100%;\"\n                \/>\n            <\/a>\n        <\/div>\n\t\t\t\t\t\t\t<\/div> \n\t\t\t\n        \n\t\t\t\t<div id=\"ngg-image-7\" class=\"ngg-gallery-thumbnail-box\" >\n\t\t\t\t        <div class=\"ngg-gallery-thumbnail\">\n            <a href=\"http:\/\/www.spaziotorino.it\/scatto\/wp-content\/gallery\/2019_02_14_gam\/pla_6416.jpg\"\n               title=\"Pittura Spazio Scultura . Le Collezioni del contemporaneo alla GAM\"\n               data-src=\"http:\/\/www.spaziotorino.it\/scatto\/wp-content\/gallery\/2019_02_14_gam\/pla_6416.jpg\"\n               data-thumbnail=\"http:\/\/www.spaziotorino.it\/scatto\/wp-content\/gallery\/2019_02_14_gam\/thumbs\/thumbs_pla_6416.jpg\"\n               data-image-id=\"22252\"\n               data-title=\"Pittura Spazio Scultura . Le Collezioni del contemporaneo alla GAM\"\n               data-description=\"Pittura Spazio Scultura . Le Collezioni del contemporaneo alla GAM\"\n               data-image-slug=\"pla_6416\"\n               class=\"ngg-fancybox\" rel=\"ff992273c9dbcaca2b38c48c8241bb22\">\n                <img\n                    title=\"Pittura Spazio Scultura . Le Collezioni del contemporaneo alla GAM\"\n                    alt=\"Pittura Spazio Scultura . Le Collezioni del contemporaneo alla GAM\"\n                    src=\"http:\/\/www.spaziotorino.it\/scatto\/wp-content\/gallery\/2019_02_14_gam\/cache\/pla_6416.jpg-nggid0522252-ngg0dyn-60x60x100-00f0w010c011r110f110r010t010.jpg\"\n                    width=\"60\"\n                    height=\"60\"\n                    style=\"max-width:100%;\"\n                \/>\n            <\/a>\n        <\/div>\n\t\t\t\t\t\t\t<\/div> \n\t\t\t\n        \n\t\t\t\t<div id=\"ngg-image-8\" class=\"ngg-gallery-thumbnail-box\" >\n\t\t\t\t        <div class=\"ngg-gallery-thumbnail\">\n            <a href=\"http:\/\/www.spaziotorino.it\/scatto\/wp-content\/gallery\/2019_02_14_gam\/pla_6457.jpg\"\n               title=\"Pittura Spazio Scultura . Le Collezioni del contemporaneo alla GAM\"\n               data-src=\"http:\/\/www.spaziotorino.it\/scatto\/wp-content\/gallery\/2019_02_14_gam\/pla_6457.jpg\"\n               data-thumbnail=\"http:\/\/www.spaziotorino.it\/scatto\/wp-content\/gallery\/2019_02_14_gam\/thumbs\/thumbs_pla_6457.jpg\"\n               data-image-id=\"22253\"\n               data-title=\"Pittura Spazio Scultura . Le Collezioni del contemporaneo alla GAM\"\n               data-description=\"Pittura Spazio Scultura . Le Collezioni del contemporaneo alla GAM\"\n               data-image-slug=\"pla_6457\"\n               class=\"ngg-fancybox\" rel=\"ff992273c9dbcaca2b38c48c8241bb22\">\n                <img\n                    title=\"Pittura Spazio Scultura . Le Collezioni del contemporaneo alla GAM\"\n                    alt=\"Pittura Spazio Scultura . Le Collezioni del contemporaneo alla GAM\"\n                    src=\"http:\/\/www.spaziotorino.it\/scatto\/wp-content\/gallery\/2019_02_14_gam\/cache\/pla_6457.jpg-nggid0522253-ngg0dyn-60x60x100-00f0w010c011r110f110r010t010.jpg\"\n                    width=\"60\"\n                    height=\"60\"\n                    style=\"max-width:100%;\"\n                \/>\n            <\/a>\n        <\/div>\n\t\t\t\t\t\t\t<\/div> \n\t\t\t\n        \n\t\t\t\t<div id=\"ngg-image-9\" class=\"ngg-gallery-thumbnail-box\" >\n\t\t\t\t        <div class=\"ngg-gallery-thumbnail\">\n            <a href=\"http:\/\/www.spaziotorino.it\/scatto\/wp-content\/gallery\/2019_02_14_gam\/pla_6461.jpg\"\n               title=\"Pittura Spazio Scultura . Le Collezioni del contemporaneo alla GAM\"\n               data-src=\"http:\/\/www.spaziotorino.it\/scatto\/wp-content\/gallery\/2019_02_14_gam\/pla_6461.jpg\"\n               data-thumbnail=\"http:\/\/www.spaziotorino.it\/scatto\/wp-content\/gallery\/2019_02_14_gam\/thumbs\/thumbs_pla_6461.jpg\"\n               data-image-id=\"22254\"\n               data-title=\"Pittura Spazio Scultura . Le Collezioni del contemporaneo alla GAM\"\n               data-description=\"Pittura Spazio Scultura . Le Collezioni del contemporaneo alla GAM\"\n               data-image-slug=\"pla_6461\"\n               class=\"ngg-fancybox\" rel=\"ff992273c9dbcaca2b38c48c8241bb22\">\n                <img\n                    title=\"Pittura Spazio Scultura . Le Collezioni del contemporaneo alla GAM\"\n                    alt=\"Pittura Spazio Scultura . Le Collezioni del contemporaneo alla GAM\"\n                    src=\"http:\/\/www.spaziotorino.it\/scatto\/wp-content\/gallery\/2019_02_14_gam\/cache\/pla_6461.jpg-nggid0522254-ngg0dyn-60x60x100-00f0w010c011r110f110r010t010.jpg\"\n                    width=\"60\"\n                    height=\"60\"\n                    style=\"max-width:100%;\"\n                \/>\n            <\/a>\n        <\/div>\n\t\t\t\t\t\t\t<\/div> \n\t\t\t\n        \n\t\t\t\t<div id=\"ngg-image-10\" class=\"ngg-gallery-thumbnail-box\" >\n\t\t\t\t        <div class=\"ngg-gallery-thumbnail\">\n            <a href=\"http:\/\/www.spaziotorino.it\/scatto\/wp-content\/gallery\/2019_02_14_gam\/pla_6466.jpg\"\n               title=\"Pittura Spazio Scultura . Le Collezioni del contemporaneo alla GAM\"\n               data-src=\"http:\/\/www.spaziotorino.it\/scatto\/wp-content\/gallery\/2019_02_14_gam\/pla_6466.jpg\"\n               data-thumbnail=\"http:\/\/www.spaziotorino.it\/scatto\/wp-content\/gallery\/2019_02_14_gam\/thumbs\/thumbs_pla_6466.jpg\"\n               data-image-id=\"22255\"\n               data-title=\"Pittura Spazio Scultura . Le Collezioni del contemporaneo alla GAM\"\n               data-description=\"Pittura Spazio Scultura . Le Collezioni del contemporaneo alla GAM\"\n               data-image-slug=\"pla_6466\"\n               class=\"ngg-fancybox\" rel=\"ff992273c9dbcaca2b38c48c8241bb22\">\n                <img\n                    title=\"Pittura Spazio Scultura . Le Collezioni del contemporaneo alla GAM\"\n                    alt=\"Pittura Spazio Scultura . Le Collezioni del contemporaneo alla GAM\"\n                    src=\"http:\/\/www.spaziotorino.it\/scatto\/wp-content\/gallery\/2019_02_14_gam\/cache\/pla_6466.jpg-nggid0522255-ngg0dyn-60x60x100-00f0w010c011r110f110r010t010.jpg\"\n                    width=\"60\"\n                    height=\"60\"\n                    style=\"max-width:100%;\"\n                \/>\n            <\/a>\n        <\/div>\n\t\t\t\t\t\t\t<\/div> \n\t\t\t\n        \n\t\t\t\t<div id=\"ngg-image-11\" class=\"ngg-gallery-thumbnail-box\" >\n\t\t\t\t        <div class=\"ngg-gallery-thumbnail\">\n            <a href=\"http:\/\/www.spaziotorino.it\/scatto\/wp-content\/gallery\/2019_02_14_gam\/pla_6469.jpg\"\n               title=\"Pittura Spazio Scultura . Le Collezioni del contemporaneo alla GAM\"\n               data-src=\"http:\/\/www.spaziotorino.it\/scatto\/wp-content\/gallery\/2019_02_14_gam\/pla_6469.jpg\"\n               data-thumbnail=\"http:\/\/www.spaziotorino.it\/scatto\/wp-content\/gallery\/2019_02_14_gam\/thumbs\/thumbs_pla_6469.jpg\"\n               data-image-id=\"22256\"\n               data-title=\"Pittura Spazio Scultura . Le Collezioni del contemporaneo alla GAM\"\n               data-description=\"Pittura Spazio Scultura . Le Collezioni del contemporaneo alla GAM\"\n               data-image-slug=\"pla_6469\"\n               class=\"ngg-fancybox\" rel=\"ff992273c9dbcaca2b38c48c8241bb22\">\n                <img\n                    title=\"Pittura Spazio Scultura . Le Collezioni del contemporaneo alla GAM\"\n                    alt=\"Pittura Spazio Scultura . Le Collezioni del contemporaneo alla GAM\"\n                    src=\"http:\/\/www.spaziotorino.it\/scatto\/wp-content\/gallery\/2019_02_14_gam\/cache\/pla_6469.jpg-nggid0522256-ngg0dyn-60x60x100-00f0w010c011r110f110r010t010.jpg\"\n                    width=\"60\"\n                    height=\"60\"\n                    style=\"max-width:100%;\"\n                \/>\n            <\/a>\n        <\/div>\n\t\t\t\t\t\t\t<\/div> \n\t\t\t\n        \n\t\t\t\t<div id=\"ngg-image-12\" class=\"ngg-gallery-thumbnail-box\" >\n\t\t\t\t        <div class=\"ngg-gallery-thumbnail\">\n            <a href=\"http:\/\/www.spaziotorino.it\/scatto\/wp-content\/gallery\/2019_02_14_gam\/pla_6439.jpg\"\n               title=\"Riccardo Passoni, Luigi Mainolfi, Elena Volpato e Franco Guerzoni\"\n               data-src=\"http:\/\/www.spaziotorino.it\/scatto\/wp-content\/gallery\/2019_02_14_gam\/pla_6439.jpg\"\n               data-thumbnail=\"http:\/\/www.spaziotorino.it\/scatto\/wp-content\/gallery\/2019_02_14_gam\/thumbs\/thumbs_pla_6439.jpg\"\n               data-image-id=\"22278\"\n               data-title=\"Riccardo Passoni, Luigi Mainolfi, Elena Volpato e Franco Guerzoni\"\n               data-description=\"Riccardo Passoni, Luigi Mainolfi, Elena Volpato e Franco Guerzoni\"\n               data-image-slug=\"pla_6439\"\n               class=\"ngg-fancybox\" rel=\"ff992273c9dbcaca2b38c48c8241bb22\">\n                <img\n                    title=\"Riccardo Passoni, Luigi Mainolfi, Elena Volpato e Franco Guerzoni\"\n                    alt=\"Riccardo Passoni, Luigi Mainolfi, Elena Volpato e Franco Guerzoni\"\n                    src=\"http:\/\/www.spaziotorino.it\/scatto\/wp-content\/gallery\/2019_02_14_gam\/cache\/pla_6439.jpg-nggid0522278-ngg0dyn-60x60x100-00f0w010c011r110f110r010t010.jpg\"\n                    width=\"60\"\n                    height=\"60\"\n                    style=\"max-width:100%;\"\n                \/>\n            <\/a>\n        <\/div>\n\t\t\t\t\t\t\t<\/div> \n\t\t\t\n        \n\t\t\t\t<div id=\"ngg-image-13\" class=\"ngg-gallery-thumbnail-box\" >\n\t\t\t\t        <div class=\"ngg-gallery-thumbnail\">\n            <a href=\"http:\/\/www.spaziotorino.it\/scatto\/wp-content\/gallery\/2019_02_14_gam\/pla_6475.jpg\"\n               title=\"Paolo Icaro, Davanzale per un colore. 1982\"\n               data-src=\"http:\/\/www.spaziotorino.it\/scatto\/wp-content\/gallery\/2019_02_14_gam\/pla_6475.jpg\"\n               data-thumbnail=\"http:\/\/www.spaziotorino.it\/scatto\/wp-content\/gallery\/2019_02_14_gam\/thumbs\/thumbs_pla_6475.jpg\"\n               data-image-id=\"22257\"\n               data-title=\"Paolo Icaro, Davanzale per un colore. 1982\"\n               data-description=\"Paolo Icaro, Davanzale per un colore. 1982\"\n               data-image-slug=\"pla_6475\"\n               class=\"ngg-fancybox\" rel=\"ff992273c9dbcaca2b38c48c8241bb22\">\n                <img\n                    title=\"Paolo Icaro, Davanzale per un colore. 1982\"\n                    alt=\"Paolo Icaro, Davanzale per un colore. 1982\"\n                    src=\"http:\/\/www.spaziotorino.it\/scatto\/wp-content\/gallery\/2019_02_14_gam\/cache\/pla_6475.jpg-nggid0522257-ngg0dyn-60x60x100-00f0w010c011r110f110r010t010.jpg\"\n                    width=\"60\"\n                    height=\"60\"\n                    style=\"max-width:100%;\"\n                \/>\n            <\/a>\n        <\/div>\n\t\t\t\t\t\t\t<\/div> \n\t\t\t\n        \n\t\t\t\t<div id=\"ngg-image-14\" class=\"ngg-gallery-thumbnail-box\" >\n\t\t\t\t        <div class=\"ngg-gallery-thumbnail\">\n            <a href=\"http:\/\/www.spaziotorino.it\/scatto\/wp-content\/gallery\/2019_02_14_gam\/pla_6478.jpg\"\n               title=\"Luciano Fabro, Attaccapanni (di Napoli). 1976-77\"\n               data-src=\"http:\/\/www.spaziotorino.it\/scatto\/wp-content\/gallery\/2019_02_14_gam\/pla_6478.jpg\"\n               data-thumbnail=\"http:\/\/www.spaziotorino.it\/scatto\/wp-content\/gallery\/2019_02_14_gam\/thumbs\/thumbs_pla_6478.jpg\"\n               data-image-id=\"22258\"\n               data-title=\"Luciano Fabro, Attaccapanni (di Napoli). 1976-77\"\n               data-description=\"Luciano Fabro, Attaccapanni (di Napoli). 1976-77\"\n               data-image-slug=\"pla_6478\"\n               class=\"ngg-fancybox\" rel=\"ff992273c9dbcaca2b38c48c8241bb22\">\n                <img\n                    title=\"Luciano Fabro, Attaccapanni (di Napoli). 1976-77\"\n                    alt=\"Luciano Fabro, Attaccapanni (di Napoli). 1976-77\"\n                    src=\"http:\/\/www.spaziotorino.it\/scatto\/wp-content\/gallery\/2019_02_14_gam\/cache\/pla_6478.jpg-nggid0522258-ngg0dyn-60x60x100-00f0w010c011r110f110r010t010.jpg\"\n                    width=\"60\"\n                    height=\"60\"\n                    style=\"max-width:100%;\"\n                \/>\n            <\/a>\n        <\/div>\n\t\t\t\t\t\t\t<\/div> \n\t\t\t\n        \n\t\t\t\t<div id=\"ngg-image-15\" class=\"ngg-gallery-thumbnail-box\" >\n\t\t\t\t        <div class=\"ngg-gallery-thumbnail\">\n            <a href=\"http:\/\/www.spaziotorino.it\/scatto\/wp-content\/gallery\/2019_02_14_gam\/pla_6481.jpg\"\n               title=\"Pittura Spazio Scultura . Le Collezioni del contemporaneo alla GAM\"\n               data-src=\"http:\/\/www.spaziotorino.it\/scatto\/wp-content\/gallery\/2019_02_14_gam\/pla_6481.jpg\"\n               data-thumbnail=\"http:\/\/www.spaziotorino.it\/scatto\/wp-content\/gallery\/2019_02_14_gam\/thumbs\/thumbs_pla_6481.jpg\"\n               data-image-id=\"22259\"\n               data-title=\"Pittura Spazio Scultura . Le Collezioni del contemporaneo alla GAM\"\n               data-description=\"Pittura Spazio Scultura . Le Collezioni del contemporaneo alla GAM\"\n               data-image-slug=\"pla_6481\"\n               class=\"ngg-fancybox\" rel=\"ff992273c9dbcaca2b38c48c8241bb22\">\n                <img\n                    title=\"Pittura Spazio Scultura . Le Collezioni del contemporaneo alla GAM\"\n                    alt=\"Pittura Spazio Scultura . Le Collezioni del contemporaneo alla GAM\"\n                    src=\"http:\/\/www.spaziotorino.it\/scatto\/wp-content\/gallery\/2019_02_14_gam\/cache\/pla_6481.jpg-nggid0522259-ngg0dyn-60x60x100-00f0w010c011r110f110r010t010.jpg\"\n                    width=\"60\"\n                    height=\"60\"\n                    style=\"max-width:100%;\"\n                \/>\n            <\/a>\n        <\/div>\n\t\t\t\t\t\t\t<\/div> \n\t\t\t\n        \n\t\t\t\t<div id=\"ngg-image-16\" class=\"ngg-gallery-thumbnail-box\" >\n\t\t\t\t        <div class=\"ngg-gallery-thumbnail\">\n            <a href=\"http:\/\/www.spaziotorino.it\/scatto\/wp-content\/gallery\/2019_02_14_gam\/pla_6488.jpg\"\n               title=\"Pittura Spazio Scultura . Le Collezioni del contemporaneo alla GAM\"\n               data-src=\"http:\/\/www.spaziotorino.it\/scatto\/wp-content\/gallery\/2019_02_14_gam\/pla_6488.jpg\"\n               data-thumbnail=\"http:\/\/www.spaziotorino.it\/scatto\/wp-content\/gallery\/2019_02_14_gam\/thumbs\/thumbs_pla_6488.jpg\"\n               data-image-id=\"22260\"\n               data-title=\"Pittura Spazio Scultura . Le Collezioni del contemporaneo alla GAM\"\n               data-description=\"Pittura Spazio Scultura . Le Collezioni del contemporaneo alla GAM\"\n               data-image-slug=\"pla_6488\"\n               class=\"ngg-fancybox\" rel=\"ff992273c9dbcaca2b38c48c8241bb22\">\n                <img\n                    title=\"Pittura Spazio Scultura . Le Collezioni del contemporaneo alla GAM\"\n                    alt=\"Pittura Spazio Scultura . Le Collezioni del contemporaneo alla GAM\"\n                    src=\"http:\/\/www.spaziotorino.it\/scatto\/wp-content\/gallery\/2019_02_14_gam\/cache\/pla_6488.jpg-nggid0522260-ngg0dyn-60x60x100-00f0w010c011r110f110r010t010.jpg\"\n                    width=\"60\"\n                    height=\"60\"\n                    style=\"max-width:100%;\"\n                \/>\n            <\/a>\n        <\/div>\n\t\t\t\t\t\t\t<\/div> \n\t\t\t\n        \n\t\t\t\t<div id=\"ngg-image-17\" class=\"ngg-gallery-thumbnail-box\" >\n\t\t\t\t        <div class=\"ngg-gallery-thumbnail\">\n            <a href=\"http:\/\/www.spaziotorino.it\/scatto\/wp-content\/gallery\/2019_02_14_gam\/pla_6493.jpg\"\n               title=\"Pittura Spazio Scultura . Le Collezioni del contemporaneo alla GAM\"\n               data-src=\"http:\/\/www.spaziotorino.it\/scatto\/wp-content\/gallery\/2019_02_14_gam\/pla_6493.jpg\"\n               data-thumbnail=\"http:\/\/www.spaziotorino.it\/scatto\/wp-content\/gallery\/2019_02_14_gam\/thumbs\/thumbs_pla_6493.jpg\"\n               data-image-id=\"22261\"\n               data-title=\"Pittura Spazio Scultura . Le Collezioni del contemporaneo alla GAM\"\n               data-description=\"Pittura Spazio Scultura . Le Collezioni del contemporaneo alla GAM\"\n               data-image-slug=\"pla_6493\"\n               class=\"ngg-fancybox\" rel=\"ff992273c9dbcaca2b38c48c8241bb22\">\n                <img\n                    title=\"Pittura Spazio Scultura . Le Collezioni del contemporaneo alla GAM\"\n                    alt=\"Pittura Spazio Scultura . Le Collezioni del contemporaneo alla GAM\"\n                    src=\"http:\/\/www.spaziotorino.it\/scatto\/wp-content\/gallery\/2019_02_14_gam\/cache\/pla_6493.jpg-nggid0522261-ngg0dyn-60x60x100-00f0w010c011r110f110r010t010.jpg\"\n                    width=\"60\"\n                    height=\"60\"\n                    style=\"max-width:100%;\"\n                \/>\n            <\/a>\n        <\/div>\n\t\t\t\t\t\t\t<\/div> \n\t\t\t\n        \n\t\t\t\t<div id=\"ngg-image-18\" class=\"ngg-gallery-thumbnail-box\" >\n\t\t\t\t        <div class=\"ngg-gallery-thumbnail\">\n            <a href=\"http:\/\/www.spaziotorino.it\/scatto\/wp-content\/gallery\/2019_02_14_gam\/pla_6499.jpg\"\n               title=\"Pittura Spazio Scultura . Le Collezioni del contemporaneo alla GAM\"\n               data-src=\"http:\/\/www.spaziotorino.it\/scatto\/wp-content\/gallery\/2019_02_14_gam\/pla_6499.jpg\"\n               data-thumbnail=\"http:\/\/www.spaziotorino.it\/scatto\/wp-content\/gallery\/2019_02_14_gam\/thumbs\/thumbs_pla_6499.jpg\"\n               data-image-id=\"22262\"\n               data-title=\"Pittura Spazio Scultura . Le Collezioni del contemporaneo alla GAM\"\n               data-description=\"Pittura Spazio Scultura . Le Collezioni del contemporaneo alla GAM\"\n               data-image-slug=\"pla_6499\"\n               class=\"ngg-fancybox\" rel=\"ff992273c9dbcaca2b38c48c8241bb22\">\n                <img\n                    title=\"Pittura Spazio Scultura . Le Collezioni del contemporaneo alla GAM\"\n                    alt=\"Pittura Spazio Scultura . Le Collezioni del contemporaneo alla GAM\"\n                    src=\"http:\/\/www.spaziotorino.it\/scatto\/wp-content\/gallery\/2019_02_14_gam\/cache\/pla_6499.jpg-nggid0522262-ngg0dyn-60x60x100-00f0w010c011r110f110r010t010.jpg\"\n                    width=\"60\"\n                    height=\"60\"\n                    style=\"max-width:100%;\"\n                \/>\n            <\/a>\n        <\/div>\n\t\t\t\t\t\t\t<\/div> \n\t\t\t\n        \n\t\t\t\t<div id=\"ngg-image-19\" class=\"ngg-gallery-thumbnail-box\" >\n\t\t\t\t        <div class=\"ngg-gallery-thumbnail\">\n            <a href=\"http:\/\/www.spaziotorino.it\/scatto\/wp-content\/gallery\/2019_02_14_gam\/pla_6526.jpg\"\n               title=\"Pittura Spazio Scultura . Le Collezioni del contemporaneo alla GAM\"\n               data-src=\"http:\/\/www.spaziotorino.it\/scatto\/wp-content\/gallery\/2019_02_14_gam\/pla_6526.jpg\"\n               data-thumbnail=\"http:\/\/www.spaziotorino.it\/scatto\/wp-content\/gallery\/2019_02_14_gam\/thumbs\/thumbs_pla_6526.jpg\"\n               data-image-id=\"22263\"\n               data-title=\"Pittura Spazio Scultura . Le Collezioni del contemporaneo alla GAM\"\n               data-description=\"Pittura Spazio Scultura . Le Collezioni del contemporaneo alla GAM\"\n               data-image-slug=\"pla_6526\"\n               class=\"ngg-fancybox\" rel=\"ff992273c9dbcaca2b38c48c8241bb22\">\n                <img\n                    title=\"Pittura Spazio Scultura . Le Collezioni del contemporaneo alla GAM\"\n                    alt=\"Pittura Spazio Scultura . Le Collezioni del contemporaneo alla GAM\"\n                    src=\"http:\/\/www.spaziotorino.it\/scatto\/wp-content\/gallery\/2019_02_14_gam\/cache\/pla_6526.jpg-nggid0522263-ngg0dyn-60x60x100-00f0w010c011r110f110r010t010.jpg\"\n                    width=\"60\"\n                    height=\"60\"\n                    style=\"max-width:100%;\"\n                \/>\n            <\/a>\n        <\/div>\n\t\t\t\t\t\t\t<\/div> \n\t\t\t\n        \n\t\t\t\t<div id=\"ngg-image-20\" class=\"ngg-gallery-thumbnail-box\" >\n\t\t\t\t        <div class=\"ngg-gallery-thumbnail\">\n            <a href=\"http:\/\/www.spaziotorino.it\/scatto\/wp-content\/gallery\/2019_02_14_gam\/pla_6530.jpg\"\n               title=\"Pittura Spazio Scultura . Le Collezioni del contemporaneo alla GAM\"\n               data-src=\"http:\/\/www.spaziotorino.it\/scatto\/wp-content\/gallery\/2019_02_14_gam\/pla_6530.jpg\"\n               data-thumbnail=\"http:\/\/www.spaziotorino.it\/scatto\/wp-content\/gallery\/2019_02_14_gam\/thumbs\/thumbs_pla_6530.jpg\"\n               data-image-id=\"22264\"\n               data-title=\"Pittura Spazio Scultura . Le Collezioni del contemporaneo alla GAM\"\n               data-description=\"Pittura Spazio Scultura . Le Collezioni del contemporaneo alla GAM\"\n               data-image-slug=\"pla_6530\"\n               class=\"ngg-fancybox\" rel=\"ff992273c9dbcaca2b38c48c8241bb22\">\n                <img\n                    title=\"Pittura Spazio Scultura . Le Collezioni del contemporaneo alla GAM\"\n                    alt=\"Pittura Spazio Scultura . Le Collezioni del contemporaneo alla GAM\"\n                    src=\"http:\/\/www.spaziotorino.it\/scatto\/wp-content\/gallery\/2019_02_14_gam\/cache\/pla_6530.jpg-nggid0522264-ngg0dyn-60x60x100-00f0w010c011r110f110r010t010.jpg\"\n                    width=\"60\"\n                    height=\"60\"\n                    style=\"max-width:100%;\"\n                \/>\n            <\/a>\n        <\/div>\n\t\t\t\t\t\t\t<\/div> \n\t\t\t\n        \n\t\t\n\t\t<!-- Pagination -->\n\t<div class='ngg-clear'><\/div>\t<\/div>\n\n<p>La <a href=\"https:\/\/www.gamtorino.it\/it\">GAM di Torino<\/a> presenta <strong>il nuovo allestimento delle collezioni del contemporaneo<\/strong>. Si tratta della <strong>prima edizione<\/strong> di un programma di diversi ordinamenti che si succederanno <strong>su base biennale<\/strong>.<\/p>\n<p>Le diverse esposizioni permetteranno di far conoscere al pubblico <strong>la ricchezza delle collezioni del museo<\/strong> e di dare voce a molteplici letture e interpretazioni critiche.<\/p>\n<p>Questo primo ordinamento, a cura di <strong>Elena Volpato<\/strong>, si concentra su due decenni, <strong>tra gli anni sessanta e gli anni ottanta<\/strong>, in rapporto di continuit\u00e0 cronologica con quanto \u00e8 esposto nelle collezioni del \u2018900. Lo fa scegliendo di raccontare aspetti rilevanti delle ricerche artistiche di quegli anni, perlopi\u00f9 scarsamente riconosciuti dalla pi\u00f9 diffusa interpretazione storica.<\/p>\n<p><strong>Verso la met\u00e0 degli anni sessanta<\/strong>, quando le ricerche artistiche si muovevano in direzioni per lo pi\u00f9 tese a sovvertire i tradizionali linguaggi artistici e a disconoscere ogni debito con il museo e la storia dell\u2019arte, <strong>alcuni artisti italiani continuarono a interrogarsi sul significato della scultura, della pittura e del disegno<\/strong>, sulla possibilit\u00e0 di superare i limiti che sin l\u00ec quei linguaggi avevano espresso. Lo fecero senza recidere i legami con la storia, ponendo mente alle origini stesse del gesto pittorico e scultoreo, aprendo le loro opere, come mai prima di allora, ad accogliere e nutrire al loro interno <strong>il respiro dello spazio<\/strong> e, con esso, quello del <strong>tempo<\/strong>.<\/p>\n<p>Gli artisti rappresentati non fanno parte di un unico gruppo. Alcuni dei loro nomi sono legati alle vicende dell\u2019<strong>Arte Povera<\/strong>. Il percorso di altri si \u00e8 intrecciato con quello della <strong>Pittura analitica<\/strong>. Altri ancora, dopo una stagione concettuale, hanno trovato nuove ragioni per <strong>tornare a riflettere su linguaggi tradizionali e su antichi codici espressivi<\/strong>. Tuttavia, se le loro opere sembrano dialogare qui con naturalezza, non \u00e8 per mera cronologia, ma perch\u00e9 nel lavoro di ciascuno di loro c\u2019\u00e8 molto pi\u00f9 di quanto le parole della critica militante avesse motivo di raccontare. In tutti loro, come spesso accade, c\u2019\u00e8 pi\u00f9 personalit\u00e0 e indipendenza di quanto le ragioni di un raggruppamento o le linee di tendenza del mondo dell\u2019arte possano dire.<\/p>\n<p>A distanza di decenni, ora che quelle storie d\u2019insieme sono note e codificate, ora che sempre pi\u00f9 mostre internazionali vengono tributate ad alcune di esse, possiamo concederci di guardare <strong>agli aspetti pi\u00f9 personali del loro lavoro<\/strong>. Ed \u00e8 proprio in quella cifra individuale che sembra risuonare con pi\u00f9 chiarezza un <strong>insoluto legame con la storia dell\u2019arte, con i suoi antichi linguaggi, per ciascuno in modo diverso, ma con simile forza<\/strong>.<\/p>\n<p>Se si dovesse provare a spiegare in una frase cosa avvicina tra loro queste opere e i loro autori, l\u00e0 dove sembrano esprimere la loro voce pi\u00f9 personale, si direbbe che <strong>hanno in comune un autentico desiderio dell\u2019arte, un senso di appartenenza, la consapevolezza di tutto ci\u00f2 che quella parola aveva significato sin l\u00ec e tutto ci\u00f2 che ancora poteva rappresentare in virt\u00f9 di quel passato<\/strong>.<\/p>\n<p><strong>Le opere in mostra provengono interamente dalle collezioni del museo<\/strong>. Il nucleo espositivo pi\u00f9 rilevante \u00e8 frutto delle <strong>numerose acquisizioni<\/strong> realizzate durante la direzione di Pier Giovanni Castagnoli, tra il 1998 e il 2008. Molte di queste opere sono state acquisite <strong>grazie al contributo della Fondazione per l\u2019Arte Moderna e Contemporanea CRT<\/strong>, a cui si deve anche la recente acquisizione dei libri d\u2019artista e delle due opere di <strong>Marco Bagnoli<\/strong>, <em>Vedetta notturna<\/em>, 1986 e <em>Iris<\/em>, 1987, avvenuta durante l\u2019attuale direzione di Riccardo Passoni.<\/p>\n<p><em>Animale terribile<\/em> di <strong>Mario Merz<\/strong>, del 1981, e <em>Gli Attaccapanni (di Napoli)<\/em> di <strong>Luciano Fabro<\/strong>, prime tra le opere acquisite dalla <strong>Fondazione per l\u2019Arte Moderna e Contemporanea CRT<\/strong> dalla sua costituzione, fanno parte di un ristretto gruppo di lavori provenienti dalla <strong>Collezione Margherita Stein<\/strong>, acquistato per essere <strong>affidato alla comune cura della GAM \u2013 Galleria Civica d\u2019Arte Moderna e Contemporanea e del Castello di Rivoli<\/strong>.<\/p>\n<p>A diciotto anni da quell\u2019acquisto, la GAM \u00e8 felice di mostrare per la prima volta nei propri spazi l\u2019opera di <strong>Luciano Fabro<\/strong>.<\/p>\n<p>Maggiori informazioni nelle pagine della <strong><a href=\"https:\/\/www.gamtorino.it\/it\/eventi-e-mostre\/pittura-spazio-scultura-le-collezioni-del-contemporaneo\">GAM &#8211; Galleria Civica d&#8217;Arte Moderna e Contemporanea<\/a><\/strong><\/p>\n","protected":false},"excerpt":{"rendered":"<p>La GAM di Torino presenta il nuovo allestimento delle collezioni del contemporaneo. Si tratta della prima edizione di un programma di diversi ordinamenti che si succederanno su base biennale. Le diverse esposizioni permetteranno di far conoscere al pubblico la ricchezza delle collezioni del museo e di dare voce a molteplici letture e interpretazioni critiche. Questo [&hellip;]<\/p>\n","protected":false},"author":1,"featured_media":0,"comment_status":"closed","ping_status":"open","sticky":false,"template":"","format":"standard","meta":{"ngg_post_thumbnail":0},"categories":[54,1],"tags":[],"_links":{"self":[{"href":"http:\/\/www.spaziotorino.it\/scatto\/index.php?rest_route=\/wp\/v2\/posts\/15650"}],"collection":[{"href":"http:\/\/www.spaziotorino.it\/scatto\/index.php?rest_route=\/wp\/v2\/posts"}],"about":[{"href":"http:\/\/www.spaziotorino.it\/scatto\/index.php?rest_route=\/wp\/v2\/types\/post"}],"author":[{"embeddable":true,"href":"http:\/\/www.spaziotorino.it\/scatto\/index.php?rest_route=\/wp\/v2\/users\/1"}],"replies":[{"embeddable":true,"href":"http:\/\/www.spaziotorino.it\/scatto\/index.php?rest_route=%2Fwp%2Fv2%2Fcomments&post=15650"}],"version-history":[{"count":4,"href":"http:\/\/www.spaziotorino.it\/scatto\/index.php?rest_route=\/wp\/v2\/posts\/15650\/revisions"}],"predecessor-version":[{"id":15683,"href":"http:\/\/www.spaziotorino.it\/scatto\/index.php?rest_route=\/wp\/v2\/posts\/15650\/revisions\/15683"}],"wp:attachment":[{"href":"http:\/\/www.spaziotorino.it\/scatto\/index.php?rest_route=%2Fwp%2Fv2%2Fmedia&parent=15650"}],"wp:term":[{"taxonomy":"category","embeddable":true,"href":"http:\/\/www.spaziotorino.it\/scatto\/index.php?rest_route=%2Fwp%2Fv2%2Fcategories&post=15650"},{"taxonomy":"post_tag","embeddable":true,"href":"http:\/\/www.spaziotorino.it\/scatto\/index.php?rest_route=%2Fwp%2Fv2%2Ftags&post=15650"}],"curies":[{"name":"wp","href":"https:\/\/api.w.org\/{rel}","templated":true}]}}