{"id":15679,"date":"2019-02-14T12:36:43","date_gmt":"2019-02-14T11:36:43","guid":{"rendered":"http:\/\/www.spaziotorino.it\/scatto\/?p=15679"},"modified":"2019-02-15T11:39:33","modified_gmt":"2019-02-15T10:39:33","slug":"al-villaggio-santa-caterina-batte-ancora-il-cuore-degli-esuli-giuliani-e-dalmati","status":"publish","type":"post","link":"http:\/\/www.spaziotorino.it\/scatto\/?p=15679","title":{"rendered":"Al villaggio Santa Caterina batte ancora il cuore degli esuli giuliani e dalmati"},"content":{"rendered":"<p><a class=\"ngg-fancybox\" title=\"Al villaggio Santa Caterina batte ancora il cuore degli esuli giuliani e dalmati\" href=\"http:\/\/www.spaziotorino.it\/scatto\/wp-content\/gallery\/2019_02_14_cincinnato\/AMA_2840.jpg\" rel=\"1f446ce044bc67fa24f456f10924e3e8\"><br \/>\n<img decoding=\"async\" loading=\"lazy\" class=\"ngg-singlepic\" title=\"Al villaggio Santa Caterina batte ancora il cuore degli esuli giuliani e dalmati\" src=\"http:\/\/www.spaziotorino.it\/scatto\/wp-content\/gallery\/2019_02_14_cincinnato\/AMA_2840.jpg\" alt=\"\" width=\"540\" height=\"360\"\/><\/a><\/p>\n<!-- index.php -->\n<div\n\tclass=\"ngg-galleryoverview ngg-ajax-pagination-none\"\n\tid=\"ngg-gallery-80cf88a2e282129f9f8916d03c87cc32-1\">\n\n    \t\t<!-- Thumbnails -->\n\t\t\t\t<div id=\"ngg-image-0\" class=\"ngg-gallery-thumbnail-box\" >\n\t\t\t\t        <div class=\"ngg-gallery-thumbnail\">\n            <a href=\"http:\/\/www.spaziotorino.it\/scatto\/wp-content\/gallery\/2019_02_14_cincinnato\/AMA_2851.jpg\"\n               title=\"La Banda del Corpo di Polizia Municipale\"\n               data-src=\"http:\/\/www.spaziotorino.it\/scatto\/wp-content\/gallery\/2019_02_14_cincinnato\/AMA_2851.jpg\"\n               data-thumbnail=\"http:\/\/www.spaziotorino.it\/scatto\/wp-content\/gallery\/2019_02_14_cincinnato\/thumbs\/thumbs_AMA_2851.jpg\"\n               data-image-id=\"22267\"\n               data-title=\"La Banda del Corpo di Polizia Municipale\"\n               data-description=\"La Banda del Corpo di Polizia Municipale\"\n               data-image-slug=\"ama_2851\"\n               class=\"ngg-fancybox\" rel=\"80cf88a2e282129f9f8916d03c87cc32\">\n                <img\n                    title=\"La Banda del Corpo di Polizia Municipale\"\n                    alt=\"La Banda del Corpo di Polizia Municipale\"\n                    src=\"http:\/\/www.spaziotorino.it\/scatto\/wp-content\/gallery\/2019_02_14_cincinnato\/cache\/AMA_2851.jpg-nggid0522267-ngg0dyn-60x60x100-00f0w010c011r110f110r010t010.jpg\"\n                    width=\"60\"\n                    height=\"60\"\n                    style=\"max-width:100%;\"\n                \/>\n            <\/a>\n        <\/div>\n\t\t\t\t\t\t\t<\/div> \n\t\t\t\n        \n\t\t\t\t<div id=\"ngg-image-1\" class=\"ngg-gallery-thumbnail-box\" >\n\t\t\t\t        <div class=\"ngg-gallery-thumbnail\">\n            <a href=\"http:\/\/www.spaziotorino.it\/scatto\/wp-content\/gallery\/2019_02_14_cincinnato\/AMA_2852.jpg\"\n               title=\"Il corteo in via Pirano\"\n               data-src=\"http:\/\/www.spaziotorino.it\/scatto\/wp-content\/gallery\/2019_02_14_cincinnato\/AMA_2852.jpg\"\n               data-thumbnail=\"http:\/\/www.spaziotorino.it\/scatto\/wp-content\/gallery\/2019_02_14_cincinnato\/thumbs\/thumbs_AMA_2852.jpg\"\n               data-image-id=\"22268\"\n               data-title=\"Il corteo in via Pirano\"\n               data-description=\"Il corteo in via Pirano\"\n               data-image-slug=\"ama_2852\"\n               class=\"ngg-fancybox\" rel=\"80cf88a2e282129f9f8916d03c87cc32\">\n                <img\n                    title=\"Il corteo in via Pirano\"\n                    alt=\"Il corteo in via Pirano\"\n                    src=\"http:\/\/www.spaziotorino.it\/scatto\/wp-content\/gallery\/2019_02_14_cincinnato\/cache\/AMA_2852.jpg-nggid0522268-ngg0dyn-60x60x100-00f0w010c011r110f110r010t010.jpg\"\n                    width=\"60\"\n                    height=\"60\"\n                    style=\"max-width:100%;\"\n                \/>\n            <\/a>\n        <\/div>\n\t\t\t\t\t\t\t<\/div> \n\t\t\t\n        \n\t\t\t\t<div id=\"ngg-image-2\" class=\"ngg-gallery-thumbnail-box\" >\n\t\t\t\t        <div class=\"ngg-gallery-thumbnail\">\n            <a href=\"http:\/\/www.spaziotorino.it\/scatto\/wp-content\/gallery\/2019_02_14_cincinnato\/AMA_2856.jpg\"\n               title=\"I labari delle localit\u00e0 giuliane e dalmate da cui partirono in esilio 350.000 italiani dopo l&#039;ultima guerra mondiale\"\n               data-src=\"http:\/\/www.spaziotorino.it\/scatto\/wp-content\/gallery\/2019_02_14_cincinnato\/AMA_2856.jpg\"\n               data-thumbnail=\"http:\/\/www.spaziotorino.it\/scatto\/wp-content\/gallery\/2019_02_14_cincinnato\/thumbs\/thumbs_AMA_2856.jpg\"\n               data-image-id=\"22269\"\n               data-title=\"I labari delle localit\u00e0 giuliane e dalmate da cui partirono in esilio 350.000 italiani dopo l&#039;ultima guerra mondiale\"\n               data-description=\"I labari delle localit\u00e0 giuliane e dalmate da cui partirono in esilio 350.000 italiani dopo l&#039;ultima guerra mondiale\"\n               data-image-slug=\"ama_2856\"\n               class=\"ngg-fancybox\" rel=\"80cf88a2e282129f9f8916d03c87cc32\">\n                <img\n                    title=\"I labari delle localit\u00e0 giuliane e dalmate da cui partirono in esilio 350.000 italiani dopo l&#039;ultima guerra mondiale\"\n                    alt=\"I labari delle localit\u00e0 giuliane e dalmate da cui partirono in esilio 350.000 italiani dopo l&#039;ultima guerra mondiale\"\n                    src=\"http:\/\/www.spaziotorino.it\/scatto\/wp-content\/gallery\/2019_02_14_cincinnato\/cache\/AMA_2856.jpg-nggid0522269-ngg0dyn-60x60x100-00f0w010c011r110f110r010t010.jpg\"\n                    width=\"60\"\n                    height=\"60\"\n                    style=\"max-width:100%;\"\n                \/>\n            <\/a>\n        <\/div>\n\t\t\t\t\t\t\t<\/div> \n\t\t\t\n        \n\t\t\t\t<div id=\"ngg-image-3\" class=\"ngg-gallery-thumbnail-box\" >\n\t\t\t\t        <div class=\"ngg-gallery-thumbnail\">\n            <a href=\"http:\/\/www.spaziotorino.it\/scatto\/wp-content\/gallery\/2019_02_14_cincinnato\/AMA_2860.jpg\"\n               title=\"\"\n               data-src=\"http:\/\/www.spaziotorino.it\/scatto\/wp-content\/gallery\/2019_02_14_cincinnato\/AMA_2860.jpg\"\n               data-thumbnail=\"http:\/\/www.spaziotorino.it\/scatto\/wp-content\/gallery\/2019_02_14_cincinnato\/thumbs\/thumbs_AMA_2860.jpg\"\n               data-image-id=\"22270\"\n               data-title=\"AMA_2860\"\n               data-description=\"\"\n               data-image-slug=\"ama_2860\"\n               class=\"ngg-fancybox\" rel=\"80cf88a2e282129f9f8916d03c87cc32\">\n                <img\n                    title=\"AMA_2860\"\n                    alt=\"AMA_2860\"\n                    src=\"http:\/\/www.spaziotorino.it\/scatto\/wp-content\/gallery\/2019_02_14_cincinnato\/cache\/AMA_2860.jpg-nggid0522270-ngg0dyn-60x60x100-00f0w010c011r110f110r010t010.jpg\"\n                    width=\"60\"\n                    height=\"60\"\n                    style=\"max-width:100%;\"\n                \/>\n            <\/a>\n        <\/div>\n\t\t\t\t\t\t\t<\/div> \n\t\t\t\n        \n\t\t\t\t<div id=\"ngg-image-4\" class=\"ngg-gallery-thumbnail-box\" >\n\t\t\t\t        <div class=\"ngg-gallery-thumbnail\">\n            <a href=\"http:\/\/www.spaziotorino.it\/scatto\/wp-content\/gallery\/2019_02_14_cincinnato\/AMA_2864.jpg\"\n               title=\"\"\n               data-src=\"http:\/\/www.spaziotorino.it\/scatto\/wp-content\/gallery\/2019_02_14_cincinnato\/AMA_2864.jpg\"\n               data-thumbnail=\"http:\/\/www.spaziotorino.it\/scatto\/wp-content\/gallery\/2019_02_14_cincinnato\/thumbs\/thumbs_AMA_2864.jpg\"\n               data-image-id=\"22271\"\n               data-title=\"AMA_2864\"\n               data-description=\"\"\n               data-image-slug=\"ama_2864\"\n               class=\"ngg-fancybox\" rel=\"80cf88a2e282129f9f8916d03c87cc32\">\n                <img\n                    title=\"AMA_2864\"\n                    alt=\"AMA_2864\"\n                    src=\"http:\/\/www.spaziotorino.it\/scatto\/wp-content\/gallery\/2019_02_14_cincinnato\/cache\/AMA_2864.jpg-nggid0522271-ngg0dyn-60x60x100-00f0w010c011r110f110r010t010.jpg\"\n                    width=\"60\"\n                    height=\"60\"\n                    style=\"max-width:100%;\"\n                \/>\n            <\/a>\n        <\/div>\n\t\t\t\t\t\t\t<\/div> \n\t\t\t\n        \n\t\t\t\t<div id=\"ngg-image-5\" class=\"ngg-gallery-thumbnail-box\" >\n\t\t\t\t        <div class=\"ngg-gallery-thumbnail\">\n            <a href=\"http:\/\/www.spaziotorino.it\/scatto\/wp-content\/gallery\/2019_02_14_cincinnato\/AMA_2875.jpg\"\n               title=\"Marco Novello, Presidente della Circoscrizione 5\"\n               data-src=\"http:\/\/www.spaziotorino.it\/scatto\/wp-content\/gallery\/2019_02_14_cincinnato\/AMA_2875.jpg\"\n               data-thumbnail=\"http:\/\/www.spaziotorino.it\/scatto\/wp-content\/gallery\/2019_02_14_cincinnato\/thumbs\/thumbs_AMA_2875.jpg\"\n               data-image-id=\"22272\"\n               data-title=\"Marco Novello, Presidente della Circoscrizione 5\"\n               data-description=\"Marco Novello, Presidente della Circoscrizione 5\"\n               data-image-slug=\"ama_2875\"\n               class=\"ngg-fancybox\" rel=\"80cf88a2e282129f9f8916d03c87cc32\">\n                <img\n                    title=\"Marco Novello, Presidente della Circoscrizione 5\"\n                    alt=\"Marco Novello, Presidente della Circoscrizione 5\"\n                    src=\"http:\/\/www.spaziotorino.it\/scatto\/wp-content\/gallery\/2019_02_14_cincinnato\/cache\/AMA_2875.jpg-nggid0522272-ngg0dyn-60x60x100-00f0w010c011r110f110r010t010.jpg\"\n                    width=\"60\"\n                    height=\"60\"\n                    style=\"max-width:100%;\"\n                \/>\n            <\/a>\n        <\/div>\n\t\t\t\t\t\t\t<\/div> \n\t\t\t\n        \n\t\t\t\t<div id=\"ngg-image-6\" class=\"ngg-gallery-thumbnail-box\" >\n\t\t\t\t        <div class=\"ngg-gallery-thumbnail\">\n            <a href=\"http:\/\/www.spaziotorino.it\/scatto\/wp-content\/gallery\/2019_02_14_cincinnato\/AMA_2886.jpg\"\n               title=\"Nadia Conticelli, Regione Piemonte\"\n               data-src=\"http:\/\/www.spaziotorino.it\/scatto\/wp-content\/gallery\/2019_02_14_cincinnato\/AMA_2886.jpg\"\n               data-thumbnail=\"http:\/\/www.spaziotorino.it\/scatto\/wp-content\/gallery\/2019_02_14_cincinnato\/thumbs\/thumbs_AMA_2886.jpg\"\n               data-image-id=\"22273\"\n               data-title=\"Nadia Conticelli, Regione Piemonte\"\n               data-description=\"Nadia Conticelli, Regione Piemonte\"\n               data-image-slug=\"ama_2886\"\n               class=\"ngg-fancybox\" rel=\"80cf88a2e282129f9f8916d03c87cc32\">\n                <img\n                    title=\"Nadia Conticelli, Regione Piemonte\"\n                    alt=\"Nadia Conticelli, Regione Piemonte\"\n                    src=\"http:\/\/www.spaziotorino.it\/scatto\/wp-content\/gallery\/2019_02_14_cincinnato\/cache\/AMA_2886.jpg-nggid0522273-ngg0dyn-60x60x100-00f0w010c011r110f110r010t010.jpg\"\n                    width=\"60\"\n                    height=\"60\"\n                    style=\"max-width:100%;\"\n                \/>\n            <\/a>\n        <\/div>\n\t\t\t\t\t\t\t<\/div> \n\t\t\t\n        \n\t\t\t\t<div id=\"ngg-image-7\" class=\"ngg-gallery-thumbnail-box\" >\n\t\t\t\t        <div class=\"ngg-gallery-thumbnail\">\n            <a href=\"http:\/\/www.spaziotorino.it\/scatto\/wp-content\/gallery\/2019_02_14_cincinnato\/AMA_2899.jpg\"\n               title=\"Antonio Vatta, presidente regionale dell\u2019Associazione nazionale Venezia Giulia e Dalmazia\"\n               data-src=\"http:\/\/www.spaziotorino.it\/scatto\/wp-content\/gallery\/2019_02_14_cincinnato\/AMA_2899.jpg\"\n               data-thumbnail=\"http:\/\/www.spaziotorino.it\/scatto\/wp-content\/gallery\/2019_02_14_cincinnato\/thumbs\/thumbs_AMA_2899.jpg\"\n               data-image-id=\"22274\"\n               data-title=\"Antonio Vatta, presidente regionale dell\u2019Associazione nazionale Venezia Giulia e Dalmazia\"\n               data-description=\"Antonio Vatta, presidente regionale dell\u2019Associazione nazionale Venezia Giulia e Dalmazia\"\n               data-image-slug=\"ama_2899\"\n               class=\"ngg-fancybox\" rel=\"80cf88a2e282129f9f8916d03c87cc32\">\n                <img\n                    title=\"Antonio Vatta, presidente regionale dell\u2019Associazione nazionale Venezia Giulia e Dalmazia\"\n                    alt=\"Antonio Vatta, presidente regionale dell\u2019Associazione nazionale Venezia Giulia e Dalmazia\"\n                    src=\"http:\/\/www.spaziotorino.it\/scatto\/wp-content\/gallery\/2019_02_14_cincinnato\/cache\/AMA_2899.jpg-nggid0522274-ngg0dyn-60x60x100-00f0w010c011r110f110r010t010.jpg\"\n                    width=\"60\"\n                    height=\"60\"\n                    style=\"max-width:100%;\"\n                \/>\n            <\/a>\n        <\/div>\n\t\t\t\t\t\t\t<\/div> \n\t\t\t\n        \n\t\t\t\t<div id=\"ngg-image-8\" class=\"ngg-gallery-thumbnail-box\" >\n\t\t\t\t        <div class=\"ngg-gallery-thumbnail\">\n            <a href=\"http:\/\/www.spaziotorino.it\/scatto\/wp-content\/gallery\/2019_02_14_cincinnato\/AMA_2904.jpg\"\n               title=\"Viviana Ferrero\"\n               data-src=\"http:\/\/www.spaziotorino.it\/scatto\/wp-content\/gallery\/2019_02_14_cincinnato\/AMA_2904.jpg\"\n               data-thumbnail=\"http:\/\/www.spaziotorino.it\/scatto\/wp-content\/gallery\/2019_02_14_cincinnato\/thumbs\/thumbs_AMA_2904.jpg\"\n               data-image-id=\"22275\"\n               data-title=\"Viviana Ferrero\"\n               data-description=\"Viviana Ferrero\"\n               data-image-slug=\"ama_2904\"\n               class=\"ngg-fancybox\" rel=\"80cf88a2e282129f9f8916d03c87cc32\">\n                <img\n                    title=\"Viviana Ferrero\"\n                    alt=\"Viviana Ferrero\"\n                    src=\"http:\/\/www.spaziotorino.it\/scatto\/wp-content\/gallery\/2019_02_14_cincinnato\/cache\/AMA_2904.jpg-nggid0522275-ngg0dyn-60x60x100-00f0w010c011r110f110r010t010.jpg\"\n                    width=\"60\"\n                    height=\"60\"\n                    style=\"max-width:100%;\"\n                \/>\n            <\/a>\n        <\/div>\n\t\t\t\t\t\t\t<\/div> \n\t\t\t\n        \n\t\t\t\t<div id=\"ngg-image-9\" class=\"ngg-gallery-thumbnail-box\" >\n\t\t\t\t        <div class=\"ngg-gallery-thumbnail\">\n            <a href=\"http:\/\/www.spaziotorino.it\/scatto\/wp-content\/gallery\/2019_02_14_cincinnato\/AMA_2911.jpg\"\n               title=\"\"\n               data-src=\"http:\/\/www.spaziotorino.it\/scatto\/wp-content\/gallery\/2019_02_14_cincinnato\/AMA_2911.jpg\"\n               data-thumbnail=\"http:\/\/www.spaziotorino.it\/scatto\/wp-content\/gallery\/2019_02_14_cincinnato\/thumbs\/thumbs_AMA_2911.jpg\"\n               data-image-id=\"22276\"\n               data-title=\"AMA_2911\"\n               data-description=\"\"\n               data-image-slug=\"ama_2911\"\n               class=\"ngg-fancybox\" rel=\"80cf88a2e282129f9f8916d03c87cc32\">\n                <img\n                    title=\"AMA_2911\"\n                    alt=\"AMA_2911\"\n                    src=\"http:\/\/www.spaziotorino.it\/scatto\/wp-content\/gallery\/2019_02_14_cincinnato\/cache\/AMA_2911.jpg-nggid0522276-ngg0dyn-60x60x100-00f0w010c011r110f110r010t010.jpg\"\n                    width=\"60\"\n                    height=\"60\"\n                    style=\"max-width:100%;\"\n                \/>\n            <\/a>\n        <\/div>\n\t\t\t\t\t\t\t<\/div> \n\t\t\t\n        \n\t\t\t\t<div id=\"ngg-image-10\" class=\"ngg-gallery-thumbnail-box\" >\n\t\t\t\t        <div class=\"ngg-gallery-thumbnail\">\n            <a href=\"http:\/\/www.spaziotorino.it\/scatto\/wp-content\/gallery\/2019_02_14_cincinnato\/AMA_2915.jpg\"\n               title=\"\"\n               data-src=\"http:\/\/www.spaziotorino.it\/scatto\/wp-content\/gallery\/2019_02_14_cincinnato\/AMA_2915.jpg\"\n               data-thumbnail=\"http:\/\/www.spaziotorino.it\/scatto\/wp-content\/gallery\/2019_02_14_cincinnato\/thumbs\/thumbs_AMA_2915.jpg\"\n               data-image-id=\"22277\"\n               data-title=\"AMA_2915\"\n               data-description=\"\"\n               data-image-slug=\"ama_2915\"\n               class=\"ngg-fancybox\" rel=\"80cf88a2e282129f9f8916d03c87cc32\">\n                <img\n                    title=\"AMA_2915\"\n                    alt=\"AMA_2915\"\n                    src=\"http:\/\/www.spaziotorino.it\/scatto\/wp-content\/gallery\/2019_02_14_cincinnato\/cache\/AMA_2915.jpg-nggid0522277-ngg0dyn-60x60x100-00f0w010c011r110f110r010t010.jpg\"\n                    width=\"60\"\n                    height=\"60\"\n                    style=\"max-width:100%;\"\n                \/>\n            <\/a>\n        <\/div>\n\t\t\t\t\t\t\t<\/div> \n\t\t\t\n        \n\t\t\t\t<div id=\"ngg-image-11\" class=\"ngg-gallery-thumbnail-box\" >\n\t\t\t\t        <div class=\"ngg-gallery-thumbnail\">\n            <a href=\"http:\/\/www.spaziotorino.it\/scatto\/wp-content\/gallery\/2019_02_14_cincinnato\/AMA_2840.jpg\"\n               title=\"La lapide in ricordo dell\u2019esodo degli italiani dall\u2019Istria, da Fiume e dalla Dalmazia\"\n               data-src=\"http:\/\/www.spaziotorino.it\/scatto\/wp-content\/gallery\/2019_02_14_cincinnato\/AMA_2840.jpg\"\n               data-thumbnail=\"http:\/\/www.spaziotorino.it\/scatto\/wp-content\/gallery\/2019_02_14_cincinnato\/thumbs\/thumbs_AMA_2840.jpg\"\n               data-image-id=\"22266\"\n               data-title=\"La lapide in ricordo dell\u2019esodo degli italiani dall\u2019Istria, da Fiume e dalla Dalmazia\"\n               data-description=\"La lapide in ricordo dell\u2019esodo degli italiani dall\u2019Istria, da Fiume e dalla Dalmazia\"\n               data-image-slug=\"ama_2840\"\n               class=\"ngg-fancybox\" rel=\"80cf88a2e282129f9f8916d03c87cc32\">\n                <img\n                    title=\"La lapide in ricordo dell\u2019esodo degli italiani dall\u2019Istria, da Fiume e dalla Dalmazia\"\n                    alt=\"La lapide in ricordo dell\u2019esodo degli italiani dall\u2019Istria, da Fiume e dalla Dalmazia\"\n                    src=\"http:\/\/www.spaziotorino.it\/scatto\/wp-content\/gallery\/2019_02_14_cincinnato\/cache\/AMA_2840.jpg-nggid0522266-ngg0dyn-60x60x100-00f0w010c011r110f110r010t010.jpg\"\n                    width=\"60\"\n                    height=\"60\"\n                    style=\"max-width:100%;\"\n                \/>\n            <\/a>\n        <\/div>\n\t\t\t\t\t\t\t<\/div> \n\t\t\t\n        \n\t\t\n\t\t<!-- Pagination -->\n\t<div class='ngg-clear'><\/div>\t<\/div>\n\n<p>Proseguono le iniziative per il Giorno del ricordo, in memoria del dramma vissuto dalle popolazioni di lingua italiana dell\u2019Istria, di Fiume e della Dalmazia a causa dei mutamenti geopolitici seguiti alla Seconda Guerra mondiale.&nbsp; In pi\u00f9 di trecentomila bambini, donne, uomini tra il 1946 e i primi anni Cinquanta, abbandonarono la Venezia Giulia (con citt\u00e0 ricche di storia veneziana come Pola, Parenzo o Rovigno), Fiume, Zara, Spalato e altre localit\u00e0 della riva orientale dell\u2019Adriatico.<\/p>\n<p>Un&nbsp; esodo disperato e silenzioso sul quale, cos\u00ec come sugli ingiustificabili eccidi compiuti dai partigiani jugoslavi nel 1945 e sulle violenze fasciste che li avevano preceduti,&nbsp; si intrecciarono silenzi complici, ipocrisie diplomatiche e strumentalizzazioni politiche. In ottomila si stabilirono a Torino, spesso in condizioni abitative a dir poco precarie, poi in case pi\u00f9 decorose ma inadeguate per nuclei familiari di 4 o 5 persone.<\/p>\n<p>Molti trovarono casa al \u201cvillaggio Santa Caterina\u201d, in zona Lucento, dove ancor oggi vivono buona parte degli esuli e dei loro discendenti. In corso Cincinnato, all\u2019altezza di via Pirano, si \u00e8 tenuta questa mattina un\u2019affollata&nbsp; cerimonia di fronte alla lapide, collocata anni fa a cura della Citt\u00e0 di Torino, che ricorda quella triste pagina della nostra storia. La vicepresidente del Consiglio comunale Viviana Ferrero , presente alla cerimonia con altre autorit\u00e0 cittadine, ha portato il saluto della Citt\u00e0 di Torino, ricordando, oltre alle loro sofferenze, il contributo offerto dagli esuli giuliani e dalmati alla storia e alla crescita del capoluogo piemontese. Altri interventoi sono stati quelli di Antonio Vatta, presidente dell\u2019Associazione Nazionale Venezia Giulia e Dalmazia, del presidente della Circoscrizione 5 Marco Novello, e della consigliera regionale Nadia Conticelli.<\/p>\n<p>[Fonte: <a href=\"http:\/\/www.comune.torino.it\/cittagora\/in-evidenza\/al-villaggio-santa-caterina-batte-ancora-il-cuore-degli-esuli-giuliani-e-dalmati.html\">CittAgor\u00e0<\/a>]<\/p>\n","protected":false},"excerpt":{"rendered":"<p>Proseguono le iniziative per il Giorno del ricordo, in memoria del dramma vissuto dalle popolazioni di lingua italiana dell\u2019Istria, di Fiume e della Dalmazia a causa dei mutamenti geopolitici seguiti alla Seconda Guerra mondiale.&nbsp; In pi\u00f9 di trecentomila bambini, donne, uomini tra il 1946 e i primi anni Cinquanta, abbandonarono la Venezia Giulia (con citt\u00e0 [&hellip;]<\/p>\n","protected":false},"author":1,"featured_media":0,"comment_status":"closed","ping_status":"open","sticky":false,"template":"","format":"standard","meta":{"ngg_post_thumbnail":0},"categories":[1,895],"tags":[],"_links":{"self":[{"href":"http:\/\/www.spaziotorino.it\/scatto\/index.php?rest_route=\/wp\/v2\/posts\/15679"}],"collection":[{"href":"http:\/\/www.spaziotorino.it\/scatto\/index.php?rest_route=\/wp\/v2\/posts"}],"about":[{"href":"http:\/\/www.spaziotorino.it\/scatto\/index.php?rest_route=\/wp\/v2\/types\/post"}],"author":[{"embeddable":true,"href":"http:\/\/www.spaziotorino.it\/scatto\/index.php?rest_route=\/wp\/v2\/users\/1"}],"replies":[{"embeddable":true,"href":"http:\/\/www.spaziotorino.it\/scatto\/index.php?rest_route=%2Fwp%2Fv2%2Fcomments&post=15679"}],"version-history":[{"count":2,"href":"http:\/\/www.spaziotorino.it\/scatto\/index.php?rest_route=\/wp\/v2\/posts\/15679\/revisions"}],"predecessor-version":[{"id":15681,"href":"http:\/\/www.spaziotorino.it\/scatto\/index.php?rest_route=\/wp\/v2\/posts\/15679\/revisions\/15681"}],"wp:attachment":[{"href":"http:\/\/www.spaziotorino.it\/scatto\/index.php?rest_route=%2Fwp%2Fv2%2Fmedia&parent=15679"}],"wp:term":[{"taxonomy":"category","embeddable":true,"href":"http:\/\/www.spaziotorino.it\/scatto\/index.php?rest_route=%2Fwp%2Fv2%2Fcategories&post=15679"},{"taxonomy":"post_tag","embeddable":true,"href":"http:\/\/www.spaziotorino.it\/scatto\/index.php?rest_route=%2Fwp%2Fv2%2Ftags&post=15679"}],"curies":[{"name":"wp","href":"https:\/\/api.w.org\/{rel}","templated":true}]}}