{"id":15714,"date":"2019-02-15T14:27:09","date_gmt":"2019-02-15T13:27:09","guid":{"rendered":"http:\/\/www.spaziotorino.it\/scatto\/?p=15714"},"modified":"2019-02-15T15:29:44","modified_gmt":"2019-02-15T14:29:44","slug":"grazie-ad-axto-due-spazi-verdi-restituiti-alla-citta","status":"publish","type":"post","link":"http:\/\/www.spaziotorino.it\/scatto\/?p=15714","title":{"rendered":"Grazie ad AxTO due spazi verdi restituiti alla Citt\u00e0"},"content":{"rendered":"<p><a class=\"ngg-fancybox\" title=\"Grazie ad AxTO due spazi verdi restituiti alla Citt\u00e0\" href=\"http:\/\/www.spaziotorino.it\/scatto\/wp-content\/gallery\/2019_02_15_axto\/AMA_3098.jpg\" rel=\"2eb5ca8deee617a5db281dce8729ec00\"><br \/>\n<img decoding=\"async\" loading=\"lazy\" class=\"ngg-singlepic\" title=\"Grazie ad AxTO due spazi verdi restituiti alla Citt\u00e0\" src=\"http:\/\/www.spaziotorino.it\/scatto\/wp-content\/gallery\/2019_02_15_axto\/AMA_3098.jpg\" alt=\"\" width=\"540\" height=\"360\"\/><\/a><\/p>\n<!-- index.php -->\n<div\n\tclass=\"ngg-galleryoverview ngg-ajax-pagination-none\"\n\tid=\"ngg-gallery-084589e5eebf4f3b51800a86c746dd0f-1\">\n\n    \t\t<!-- Thumbnails -->\n\t\t\t\t<div id=\"ngg-image-0\" class=\"ngg-gallery-thumbnail-box\" >\n\t\t\t\t        <div class=\"ngg-gallery-thumbnail\">\n            <a href=\"http:\/\/www.spaziotorino.it\/scatto\/wp-content\/gallery\/2019_02_15_axto\/AMA_3019.jpg\"\n               title=\"\"\n               data-src=\"http:\/\/www.spaziotorino.it\/scatto\/wp-content\/gallery\/2019_02_15_axto\/AMA_3019.jpg\"\n               data-thumbnail=\"http:\/\/www.spaziotorino.it\/scatto\/wp-content\/gallery\/2019_02_15_axto\/thumbs\/thumbs_AMA_3019.jpg\"\n               data-image-id=\"22279\"\n               data-title=\"AMA_3019\"\n               data-description=\"\"\n               data-image-slug=\"ama_3019\"\n               class=\"ngg-fancybox\" rel=\"084589e5eebf4f3b51800a86c746dd0f\">\n                <img\n                    title=\"AMA_3019\"\n                    alt=\"AMA_3019\"\n                    src=\"http:\/\/www.spaziotorino.it\/scatto\/wp-content\/gallery\/2019_02_15_axto\/cache\/AMA_3019.jpg-nggid0522279-ngg0dyn-60x60x100-00f0w010c011r110f110r010t010.jpg\"\n                    width=\"60\"\n                    height=\"60\"\n                    style=\"max-width:100%;\"\n                \/>\n            <\/a>\n        <\/div>\n\t\t\t\t\t\t\t<\/div> \n\t\t\t\n        \n\t\t\t\t<div id=\"ngg-image-1\" class=\"ngg-gallery-thumbnail-box\" >\n\t\t\t\t        <div class=\"ngg-gallery-thumbnail\">\n            <a href=\"http:\/\/www.spaziotorino.it\/scatto\/wp-content\/gallery\/2019_02_15_axto\/AMA_3025.jpg\"\n               title=\"\"\n               data-src=\"http:\/\/www.spaziotorino.it\/scatto\/wp-content\/gallery\/2019_02_15_axto\/AMA_3025.jpg\"\n               data-thumbnail=\"http:\/\/www.spaziotorino.it\/scatto\/wp-content\/gallery\/2019_02_15_axto\/thumbs\/thumbs_AMA_3025.jpg\"\n               data-image-id=\"22280\"\n               data-title=\"AMA_3025\"\n               data-description=\"\"\n               data-image-slug=\"ama_3025\"\n               class=\"ngg-fancybox\" rel=\"084589e5eebf4f3b51800a86c746dd0f\">\n                <img\n                    title=\"AMA_3025\"\n                    alt=\"AMA_3025\"\n                    src=\"http:\/\/www.spaziotorino.it\/scatto\/wp-content\/gallery\/2019_02_15_axto\/cache\/AMA_3025.jpg-nggid0522280-ngg0dyn-60x60x100-00f0w010c011r110f110r010t010.jpg\"\n                    width=\"60\"\n                    height=\"60\"\n                    style=\"max-width:100%;\"\n                \/>\n            <\/a>\n        <\/div>\n\t\t\t\t\t\t\t<\/div> \n\t\t\t\n        \n\t\t\t\t<div id=\"ngg-image-2\" class=\"ngg-gallery-thumbnail-box\" >\n\t\t\t\t        <div class=\"ngg-gallery-thumbnail\">\n            <a href=\"http:\/\/www.spaziotorino.it\/scatto\/wp-content\/gallery\/2019_02_15_axto\/AMA_3056.jpg\"\n               title=\"\"\n               data-src=\"http:\/\/www.spaziotorino.it\/scatto\/wp-content\/gallery\/2019_02_15_axto\/AMA_3056.jpg\"\n               data-thumbnail=\"http:\/\/www.spaziotorino.it\/scatto\/wp-content\/gallery\/2019_02_15_axto\/thumbs\/thumbs_AMA_3056.jpg\"\n               data-image-id=\"22281\"\n               data-title=\"AMA_3056\"\n               data-description=\"\"\n               data-image-slug=\"ama_3056\"\n               class=\"ngg-fancybox\" rel=\"084589e5eebf4f3b51800a86c746dd0f\">\n                <img\n                    title=\"AMA_3056\"\n                    alt=\"AMA_3056\"\n                    src=\"http:\/\/www.spaziotorino.it\/scatto\/wp-content\/gallery\/2019_02_15_axto\/cache\/AMA_3056.jpg-nggid0522281-ngg0dyn-60x60x100-00f0w010c011r110f110r010t010.jpg\"\n                    width=\"60\"\n                    height=\"60\"\n                    style=\"max-width:100%;\"\n                \/>\n            <\/a>\n        <\/div>\n\t\t\t\t\t\t\t<\/div> \n\t\t\t\n        \n\t\t\t\t<div id=\"ngg-image-3\" class=\"ngg-gallery-thumbnail-box\" >\n\t\t\t\t        <div class=\"ngg-gallery-thumbnail\">\n            <a href=\"http:\/\/www.spaziotorino.it\/scatto\/wp-content\/gallery\/2019_02_15_axto\/AMA_3059.jpg\"\n               title=\"\"\n               data-src=\"http:\/\/www.spaziotorino.it\/scatto\/wp-content\/gallery\/2019_02_15_axto\/AMA_3059.jpg\"\n               data-thumbnail=\"http:\/\/www.spaziotorino.it\/scatto\/wp-content\/gallery\/2019_02_15_axto\/thumbs\/thumbs_AMA_3059.jpg\"\n               data-image-id=\"22282\"\n               data-title=\"AMA_3059\"\n               data-description=\"\"\n               data-image-slug=\"ama_3059\"\n               class=\"ngg-fancybox\" rel=\"084589e5eebf4f3b51800a86c746dd0f\">\n                <img\n                    title=\"AMA_3059\"\n                    alt=\"AMA_3059\"\n                    src=\"http:\/\/www.spaziotorino.it\/scatto\/wp-content\/gallery\/2019_02_15_axto\/cache\/AMA_3059.jpg-nggid0522282-ngg0dyn-60x60x100-00f0w010c011r110f110r010t010.jpg\"\n                    width=\"60\"\n                    height=\"60\"\n                    style=\"max-width:100%;\"\n                \/>\n            <\/a>\n        <\/div>\n\t\t\t\t\t\t\t<\/div> \n\t\t\t\n        \n\t\t\t\t<div id=\"ngg-image-4\" class=\"ngg-gallery-thumbnail-box\" >\n\t\t\t\t        <div class=\"ngg-gallery-thumbnail\">\n            <a href=\"http:\/\/www.spaziotorino.it\/scatto\/wp-content\/gallery\/2019_02_15_axto\/AMA_3062.jpg\"\n               title=\"\"\n               data-src=\"http:\/\/www.spaziotorino.it\/scatto\/wp-content\/gallery\/2019_02_15_axto\/AMA_3062.jpg\"\n               data-thumbnail=\"http:\/\/www.spaziotorino.it\/scatto\/wp-content\/gallery\/2019_02_15_axto\/thumbs\/thumbs_AMA_3062.jpg\"\n               data-image-id=\"22283\"\n               data-title=\"AMA_3062\"\n               data-description=\"\"\n               data-image-slug=\"ama_3062\"\n               class=\"ngg-fancybox\" rel=\"084589e5eebf4f3b51800a86c746dd0f\">\n                <img\n                    title=\"AMA_3062\"\n                    alt=\"AMA_3062\"\n                    src=\"http:\/\/www.spaziotorino.it\/scatto\/wp-content\/gallery\/2019_02_15_axto\/cache\/AMA_3062.jpg-nggid0522283-ngg0dyn-60x60x100-00f0w010c011r110f110r010t010.jpg\"\n                    width=\"60\"\n                    height=\"60\"\n                    style=\"max-width:100%;\"\n                \/>\n            <\/a>\n        <\/div>\n\t\t\t\t\t\t\t<\/div> \n\t\t\t\n        \n\t\t\t\t<div id=\"ngg-image-5\" class=\"ngg-gallery-thumbnail-box\" >\n\t\t\t\t        <div class=\"ngg-gallery-thumbnail\">\n            <a href=\"http:\/\/www.spaziotorino.it\/scatto\/wp-content\/gallery\/2019_02_15_axto\/AMA_3067.jpg\"\n               title=\"\"\n               data-src=\"http:\/\/www.spaziotorino.it\/scatto\/wp-content\/gallery\/2019_02_15_axto\/AMA_3067.jpg\"\n               data-thumbnail=\"http:\/\/www.spaziotorino.it\/scatto\/wp-content\/gallery\/2019_02_15_axto\/thumbs\/thumbs_AMA_3067.jpg\"\n               data-image-id=\"22284\"\n               data-title=\"AMA_3067\"\n               data-description=\"\"\n               data-image-slug=\"ama_3067\"\n               class=\"ngg-fancybox\" rel=\"084589e5eebf4f3b51800a86c746dd0f\">\n                <img\n                    title=\"AMA_3067\"\n                    alt=\"AMA_3067\"\n                    src=\"http:\/\/www.spaziotorino.it\/scatto\/wp-content\/gallery\/2019_02_15_axto\/cache\/AMA_3067.jpg-nggid0522284-ngg0dyn-60x60x100-00f0w010c011r110f110r010t010.jpg\"\n                    width=\"60\"\n                    height=\"60\"\n                    style=\"max-width:100%;\"\n                \/>\n            <\/a>\n        <\/div>\n\t\t\t\t\t\t\t<\/div> \n\t\t\t\n        \n\t\t\t\t<div id=\"ngg-image-6\" class=\"ngg-gallery-thumbnail-box\" >\n\t\t\t\t        <div class=\"ngg-gallery-thumbnail\">\n            <a href=\"http:\/\/www.spaziotorino.it\/scatto\/wp-content\/gallery\/2019_02_15_axto\/AMA_3081.jpg\"\n               title=\"\"\n               data-src=\"http:\/\/www.spaziotorino.it\/scatto\/wp-content\/gallery\/2019_02_15_axto\/AMA_3081.jpg\"\n               data-thumbnail=\"http:\/\/www.spaziotorino.it\/scatto\/wp-content\/gallery\/2019_02_15_axto\/thumbs\/thumbs_AMA_3081.jpg\"\n               data-image-id=\"22285\"\n               data-title=\"AMA_3081\"\n               data-description=\"\"\n               data-image-slug=\"ama_3081\"\n               class=\"ngg-fancybox\" rel=\"084589e5eebf4f3b51800a86c746dd0f\">\n                <img\n                    title=\"AMA_3081\"\n                    alt=\"AMA_3081\"\n                    src=\"http:\/\/www.spaziotorino.it\/scatto\/wp-content\/gallery\/2019_02_15_axto\/cache\/AMA_3081.jpg-nggid0522285-ngg0dyn-60x60x100-00f0w010c011r110f110r010t010.jpg\"\n                    width=\"60\"\n                    height=\"60\"\n                    style=\"max-width:100%;\"\n                \/>\n            <\/a>\n        <\/div>\n\t\t\t\t\t\t\t<\/div> \n\t\t\t\n        \n\t\t\t\t<div id=\"ngg-image-7\" class=\"ngg-gallery-thumbnail-box\" >\n\t\t\t\t        <div class=\"ngg-gallery-thumbnail\">\n            <a href=\"http:\/\/www.spaziotorino.it\/scatto\/wp-content\/gallery\/2019_02_15_axto\/AMA_3083.jpg\"\n               title=\"\"\n               data-src=\"http:\/\/www.spaziotorino.it\/scatto\/wp-content\/gallery\/2019_02_15_axto\/AMA_3083.jpg\"\n               data-thumbnail=\"http:\/\/www.spaziotorino.it\/scatto\/wp-content\/gallery\/2019_02_15_axto\/thumbs\/thumbs_AMA_3083.jpg\"\n               data-image-id=\"22286\"\n               data-title=\"AMA_3083\"\n               data-description=\"\"\n               data-image-slug=\"ama_3083\"\n               class=\"ngg-fancybox\" rel=\"084589e5eebf4f3b51800a86c746dd0f\">\n                <img\n                    title=\"AMA_3083\"\n                    alt=\"AMA_3083\"\n                    src=\"http:\/\/www.spaziotorino.it\/scatto\/wp-content\/gallery\/2019_02_15_axto\/cache\/AMA_3083.jpg-nggid0522286-ngg0dyn-60x60x100-00f0w010c011r110f110r010t010.jpg\"\n                    width=\"60\"\n                    height=\"60\"\n                    style=\"max-width:100%;\"\n                \/>\n            <\/a>\n        <\/div>\n\t\t\t\t\t\t\t<\/div> \n\t\t\t\n        \n\t\t\t\t<div id=\"ngg-image-8\" class=\"ngg-gallery-thumbnail-box\" >\n\t\t\t\t        <div class=\"ngg-gallery-thumbnail\">\n            <a href=\"http:\/\/www.spaziotorino.it\/scatto\/wp-content\/gallery\/2019_02_15_axto\/AMA_3086.jpg\"\n               title=\"\"\n               data-src=\"http:\/\/www.spaziotorino.it\/scatto\/wp-content\/gallery\/2019_02_15_axto\/AMA_3086.jpg\"\n               data-thumbnail=\"http:\/\/www.spaziotorino.it\/scatto\/wp-content\/gallery\/2019_02_15_axto\/thumbs\/thumbs_AMA_3086.jpg\"\n               data-image-id=\"22287\"\n               data-title=\"AMA_3086\"\n               data-description=\"\"\n               data-image-slug=\"ama_3086\"\n               class=\"ngg-fancybox\" rel=\"084589e5eebf4f3b51800a86c746dd0f\">\n                <img\n                    title=\"AMA_3086\"\n                    alt=\"AMA_3086\"\n                    src=\"http:\/\/www.spaziotorino.it\/scatto\/wp-content\/gallery\/2019_02_15_axto\/cache\/AMA_3086.jpg-nggid0522287-ngg0dyn-60x60x100-00f0w010c011r110f110r010t010.jpg\"\n                    width=\"60\"\n                    height=\"60\"\n                    style=\"max-width:100%;\"\n                \/>\n            <\/a>\n        <\/div>\n\t\t\t\t\t\t\t<\/div> \n\t\t\t\n        \n\t\t\t\t<div id=\"ngg-image-9\" class=\"ngg-gallery-thumbnail-box\" >\n\t\t\t\t        <div class=\"ngg-gallery-thumbnail\">\n            <a href=\"http:\/\/www.spaziotorino.it\/scatto\/wp-content\/gallery\/2019_02_15_axto\/AMA_3089.jpg\"\n               title=\"\"\n               data-src=\"http:\/\/www.spaziotorino.it\/scatto\/wp-content\/gallery\/2019_02_15_axto\/AMA_3089.jpg\"\n               data-thumbnail=\"http:\/\/www.spaziotorino.it\/scatto\/wp-content\/gallery\/2019_02_15_axto\/thumbs\/thumbs_AMA_3089.jpg\"\n               data-image-id=\"22288\"\n               data-title=\"AMA_3089\"\n               data-description=\"\"\n               data-image-slug=\"ama_3089\"\n               class=\"ngg-fancybox\" rel=\"084589e5eebf4f3b51800a86c746dd0f\">\n                <img\n                    title=\"AMA_3089\"\n                    alt=\"AMA_3089\"\n                    src=\"http:\/\/www.spaziotorino.it\/scatto\/wp-content\/gallery\/2019_02_15_axto\/cache\/AMA_3089.jpg-nggid0522288-ngg0dyn-60x60x100-00f0w010c011r110f110r010t010.jpg\"\n                    width=\"60\"\n                    height=\"60\"\n                    style=\"max-width:100%;\"\n                \/>\n            <\/a>\n        <\/div>\n\t\t\t\t\t\t\t<\/div> \n\t\t\t\n        \n\t\t\t\t<div id=\"ngg-image-10\" class=\"ngg-gallery-thumbnail-box\" >\n\t\t\t\t        <div class=\"ngg-gallery-thumbnail\">\n            <a href=\"http:\/\/www.spaziotorino.it\/scatto\/wp-content\/gallery\/2019_02_15_axto\/AMA_3094.jpg\"\n               title=\"\"\n               data-src=\"http:\/\/www.spaziotorino.it\/scatto\/wp-content\/gallery\/2019_02_15_axto\/AMA_3094.jpg\"\n               data-thumbnail=\"http:\/\/www.spaziotorino.it\/scatto\/wp-content\/gallery\/2019_02_15_axto\/thumbs\/thumbs_AMA_3094.jpg\"\n               data-image-id=\"22289\"\n               data-title=\"AMA_3094\"\n               data-description=\"\"\n               data-image-slug=\"ama_3094\"\n               class=\"ngg-fancybox\" rel=\"084589e5eebf4f3b51800a86c746dd0f\">\n                <img\n                    title=\"AMA_3094\"\n                    alt=\"AMA_3094\"\n                    src=\"http:\/\/www.spaziotorino.it\/scatto\/wp-content\/gallery\/2019_02_15_axto\/cache\/AMA_3094.jpg-nggid0522289-ngg0dyn-60x60x100-00f0w010c011r110f110r010t010.jpg\"\n                    width=\"60\"\n                    height=\"60\"\n                    style=\"max-width:100%;\"\n                \/>\n            <\/a>\n        <\/div>\n\t\t\t\t\t\t\t<\/div> \n\t\t\t\n        \n\t\t\t\t<div id=\"ngg-image-11\" class=\"ngg-gallery-thumbnail-box\" >\n\t\t\t\t        <div class=\"ngg-gallery-thumbnail\">\n            <a href=\"http:\/\/www.spaziotorino.it\/scatto\/wp-content\/gallery\/2019_02_15_axto\/AMA_3098.jpg\"\n               title=\"\"\n               data-src=\"http:\/\/www.spaziotorino.it\/scatto\/wp-content\/gallery\/2019_02_15_axto\/AMA_3098.jpg\"\n               data-thumbnail=\"http:\/\/www.spaziotorino.it\/scatto\/wp-content\/gallery\/2019_02_15_axto\/thumbs\/thumbs_AMA_3098.jpg\"\n               data-image-id=\"22290\"\n               data-title=\"AMA_3098\"\n               data-description=\"\"\n               data-image-slug=\"ama_3098\"\n               class=\"ngg-fancybox\" rel=\"084589e5eebf4f3b51800a86c746dd0f\">\n                <img\n                    title=\"AMA_3098\"\n                    alt=\"AMA_3098\"\n                    src=\"http:\/\/www.spaziotorino.it\/scatto\/wp-content\/gallery\/2019_02_15_axto\/cache\/AMA_3098.jpg-nggid0522290-ngg0dyn-60x60x100-00f0w010c011r110f110r010t010.jpg\"\n                    width=\"60\"\n                    height=\"60\"\n                    style=\"max-width:100%;\"\n                \/>\n            <\/a>\n        <\/div>\n\t\t\t\t\t\t\t<\/div> \n\t\t\t\n        \n\t\t\t\t<div id=\"ngg-image-12\" class=\"ngg-gallery-thumbnail-box\" >\n\t\t\t\t        <div class=\"ngg-gallery-thumbnail\">\n            <a href=\"http:\/\/www.spaziotorino.it\/scatto\/wp-content\/gallery\/2019_02_15_axto\/AMA_3116.jpg\"\n               title=\"\"\n               data-src=\"http:\/\/www.spaziotorino.it\/scatto\/wp-content\/gallery\/2019_02_15_axto\/AMA_3116.jpg\"\n               data-thumbnail=\"http:\/\/www.spaziotorino.it\/scatto\/wp-content\/gallery\/2019_02_15_axto\/thumbs\/thumbs_AMA_3116.jpg\"\n               data-image-id=\"22291\"\n               data-title=\"AMA_3116\"\n               data-description=\"\"\n               data-image-slug=\"ama_3116\"\n               class=\"ngg-fancybox\" rel=\"084589e5eebf4f3b51800a86c746dd0f\">\n                <img\n                    title=\"AMA_3116\"\n                    alt=\"AMA_3116\"\n                    src=\"http:\/\/www.spaziotorino.it\/scatto\/wp-content\/gallery\/2019_02_15_axto\/cache\/AMA_3116.jpg-nggid0522291-ngg0dyn-60x60x100-00f0w010c011r110f110r010t010.jpg\"\n                    width=\"60\"\n                    height=\"60\"\n                    style=\"max-width:100%;\"\n                \/>\n            <\/a>\n        <\/div>\n\t\t\t\t\t\t\t<\/div> \n\t\t\t\n        \n\t\t\n\t\t<!-- Pagination -->\n\t<div class='ngg-clear'><\/div>\t<\/div>\n\n<p>Pietra Alta e corso Taranto: due aree cittadine della Circoscrizione 6 che, grazie al progetto periferie \u2013 AxTO,  sono state ripulite e riqualificate. In totale vengono restituiti ai torinesi quasi 11.500 mq., ossia un grande spazio nella periferia nord cittadina che man mano sta cambiando volto, dove sar\u00e0 possibile giocare, incontrarsi e, dunque, ricostruire un senso di comunit\u00e0.<\/p>\n<p>In corso Taranto,  tra via Ancina e via Monte Rosa, si \u00e8 intervenuti sul recupero delle funzioni esistenti attraverso la dotazione di nuove attrezzature. L\u2019area in questione, inserita tra complessi di case popolari, si trova tra il Centro Interculturale, l\u2019Ospedale Giovanni Bosco e numerose scuole. Il quartiere \u00e8 densamente abitato e corso Taranto \u00e8 un asse viario fondamentale, dotato di una pista ciclabile, aree gioco e spazi verdi.<\/p>\n<p>Tre gli ambiti su cui si \u00e8 intervenuti. Il primo \u00e8 quello tra via Corelli e via Ancina adiacente al mercato. Nell\u2019area di circa 1700 mq sono stati ripristinati i giochi mancanti e inserite nuove sedute; mentre nel tratto di fronte a via Corelli, (circa 2700 mq), sono presenti su una vasta area verde un campo da basket e un tavolo da ping-pong. Qui sono stati aggiunti tavoli e nuove sedute.   Il terzo ambito \u00e8 quello compreso  tra corso Taranto, via Mercadante e via Monte Rosa. L\u2019area di quasi 5200 mq, comprende uno spazio verde molto ombreggiato in cui erano presenti quattro piastre con elementi gioco obsoleti. Con l\u2019azione 1.10 del progetto AxTO sono state risistemate le sedute, ed  \u00e8 stata creata  un\u2019area gioco \u201cavventura\u201d dove i ragazzi del quartiere potranno usare: una teleferica, una giostra rotante, un\u2019altalena a cestone per i pi\u00f9 piccini  e  cinque usufruibili  anche dagli adulti.<\/p>\n<p>Il fine di questo intervento di riqualificazione \u00e8 quello creare un \u201cBoulevard Verde\u201d a disposizione per tutte le fasce d\u2019et\u00e0,  uno spazio aperto attrezzato per giochi, tornei ed area per adolescenti anche a disposizione di associazioni che operano sul territorio. L\u2019intervento ammonta a 129mila euro.<\/p>\n<p>Sorto in prossimit\u00e0 di importanti arterie stradali che raccolgono il traffico diretto all\u2019interno e all\u2019esterno di Torino, Pietra Alta \u00e8 un piccolo borgo dell\u2019Oltrestura torinese. L\u2019area su cui si \u00e8 intervenuti con i fondi AxTO il progetto della Citt\u00e0 di Torino per la riqualificazione e la sicurezza delle periferie, finanziato dalla Presidenza del Consiglio dei Ministri, \u00e8 quella adiacente al villaggio Snia Viscosa, ossia proprio in quell\u2019area dove nel corso della storia si \u00e8 passati dal modello \u201cvillaggio operaio\u201d a quello dei nuovi insediamenti abitativi della Torino industriale voluto negli anni venti da Riccardo Gualino.<\/p>\n<p>Il lotto (circa 7.000 mq) in questione \u00e8 racchiuso tra Corso Vercelli 483, il Villaggio Snia, la chiesa ortodossa ed il liceo Giordano Bruno di Via Marinuzzi. Con l\u2019azione 1.10 \u201cRiqualificazione spazi residuali\u201d si \u00e8 intervenuti restituendo al quartiere, dopo averla pulita, liberata da rifiuti e sterpaglie, un\u2019area sportiva attrezzata dedicata in special modo agli adolescenti, con tavoli e sedute per la sosta alfine di favorirne la socializzazione. In specifico \u00e8 stato effettuato lo sfalcio del verde, la rimozione delle pavimentazioni e delle strutture esistenti, dei campi da tennis e le porte del campo di calcio, nonch\u00e9 sono state ripristinate le parti danneggiate della recinzione. Le due alte siepi di lauro, potate e ripulite, separano la zona dove ci sono tre piattaforme per giocare a tennis, a calcio e a basket, da quella dove \u00e8 possibile sedersi ai tavoli e giocare a  ping-pong, oppure sfidarsi in tornei di calcio balilla. L\u2019intervento \u00e8 costato 217mila euro.<\/p>\n<p>\u201cRiportare le periferie al centro dell\u2019attenzione \u00e8 un obiettivo cardine dell\u2019azione della nostra Amministrazione \u2013 sottolineano la sindaca Chiara Appendino e l\u2019assessore Marco Giusta \u2013 grazie ad AxTO, altre due aree ripulite e riqualificate vengono oggi restituite alla cittadinanza. L\u2019esperienza di due anni di AxTO e le altre iniziative di progettazione civica condotte con una folta partecipazione di cittadine e cittadini hanno reso evidente come agire positivamente sulla qualit\u00e0 degli spazi pubblici contribuisca a costruire un senso di appartenenza e di partecipazione a una comunit\u00e0, a cambiare la percezione che i cittadini hanno di questi territori, facendo emergere identit\u00e0, caratteri, storie e vocazioni, nonch\u00e9 a creare nuove opportunit\u00e0 di sviluppo\u201d.<\/p>\n<p>\u201cLa riqualificazione dell\u2019area gioco di corso Taranto e dell\u2019ex campo sportivo Giovanni XXIII, a Pietra Alta, \u2013 afferma la Presidente della Circoscrizione 6, Carlotta Salerno \u2013 \u00e8 un importante risultato per i quartieri coinvolti e per i cittadini, che stanno attivamente partecipando a tutto il processo di ammodernamento e di messa in sicurezza. Inoltre, in corso Taranto la Circoscrizione \u00e8 gi\u00e0 al lavoro anche per intervenire sulla vecchia bocciofila Due Pini, cos\u00ec da rendere l\u2019intervento completo. Invece per i campi sportivi di Pietra Alta sono gi\u00e0 attivi un gruppo di residenti, alcune associazioni del territorio e il Liceo Giordano Bruno adiacente, affinch\u00e9 lo spazio sia tenuto vivo e curato; non solo: proporremo un percorso partecipato con la cittadinanza del quartiere per definire il nome che verr\u00e0 dato all\u2019area. Ritengo \u2013 conclude la Presidente \u2013 che questi due interventi siano la migliore rappresentazione dei risultati di una buona collaborazione tra amministrazione centrale e circoscrizioni\u201d.<\/p>\n<p>[Fonte: <a href=\"http:\/\/www.torinoclick.it\/?p=82186#!\">TorinoClick<\/a>]<\/p>\n","protected":false},"excerpt":{"rendered":"<p>Pietra Alta e corso Taranto: due aree cittadine della Circoscrizione 6 che, grazie al progetto periferie \u2013 AxTO, sono state ripulite e riqualificate. In totale vengono restituiti ai torinesi quasi 11.500 mq., ossia un grande spazio nella periferia nord cittadina che man mano sta cambiando volto, dove sar\u00e0 possibile giocare, incontrarsi e, dunque, ricostruire un [&hellip;]<\/p>\n","protected":false},"author":1,"featured_media":0,"comment_status":"closed","ping_status":"open","sticky":false,"template":"","format":"standard","meta":{"ngg_post_thumbnail":0},"categories":[1,41],"tags":[],"_links":{"self":[{"href":"http:\/\/www.spaziotorino.it\/scatto\/index.php?rest_route=\/wp\/v2\/posts\/15714"}],"collection":[{"href":"http:\/\/www.spaziotorino.it\/scatto\/index.php?rest_route=\/wp\/v2\/posts"}],"about":[{"href":"http:\/\/www.spaziotorino.it\/scatto\/index.php?rest_route=\/wp\/v2\/types\/post"}],"author":[{"embeddable":true,"href":"http:\/\/www.spaziotorino.it\/scatto\/index.php?rest_route=\/wp\/v2\/users\/1"}],"replies":[{"embeddable":true,"href":"http:\/\/www.spaziotorino.it\/scatto\/index.php?rest_route=%2Fwp%2Fv2%2Fcomments&post=15714"}],"version-history":[{"count":2,"href":"http:\/\/www.spaziotorino.it\/scatto\/index.php?rest_route=\/wp\/v2\/posts\/15714\/revisions"}],"predecessor-version":[{"id":15716,"href":"http:\/\/www.spaziotorino.it\/scatto\/index.php?rest_route=\/wp\/v2\/posts\/15714\/revisions\/15716"}],"wp:attachment":[{"href":"http:\/\/www.spaziotorino.it\/scatto\/index.php?rest_route=%2Fwp%2Fv2%2Fmedia&parent=15714"}],"wp:term":[{"taxonomy":"category","embeddable":true,"href":"http:\/\/www.spaziotorino.it\/scatto\/index.php?rest_route=%2Fwp%2Fv2%2Fcategories&post=15714"},{"taxonomy":"post_tag","embeddable":true,"href":"http:\/\/www.spaziotorino.it\/scatto\/index.php?rest_route=%2Fwp%2Fv2%2Ftags&post=15714"}],"curies":[{"name":"wp","href":"https:\/\/api.w.org\/{rel}","templated":true}]}}