{"id":15734,"date":"2019-02-26T16:32:35","date_gmt":"2019-02-26T15:32:35","guid":{"rendered":"http:\/\/www.spaziotorino.it\/scatto\/?p=15734"},"modified":"2019-02-26T16:32:35","modified_gmt":"2019-02-26T15:32:35","slug":"e-ora-di-correre-just-the-woman-i-am-2019","status":"publish","type":"post","link":"http:\/\/www.spaziotorino.it\/scatto\/?p=15734","title":{"rendered":"\u00c8 ora di correre! Just The Woman I Am 2019"},"content":{"rendered":"<p><a class=\"ngg-fancybox\" title=\"\u00c8 ora di correre! Just The Woman I Am 2019\" href=\"http:\/\/www.spaziotorino.it\/scatto\/wp-content\/gallery\/2019_02_26_justwoman\/pla_7937.jpg\" rel=\"5cf025b04b9c3901c6665155945a1b4b\"><br \/>\n<img decoding=\"async\" loading=\"lazy\" class=\"ngg-singlepic\" title=\"\u00c8 ora di correre! Just The Woman I Am 2019\" src=\"http:\/\/www.spaziotorino.it\/scatto\/wp-content\/gallery\/2019_02_26_justwoman\/pla_7937.jpg\" alt=\"\" width=\"540\" height=\"360\"\/><\/a><\/p>\n<!-- index.php -->\n<div\n\tclass=\"ngg-galleryoverview ngg-ajax-pagination-none\"\n\tid=\"ngg-gallery-6aeec7d3281eafc2a9e96bd18f46f6c9-1\">\n\n    \t\t<!-- Thumbnails -->\n\t\t\t\t<div id=\"ngg-image-0\" class=\"ngg-gallery-thumbnail-box\" >\n\t\t\t\t        <div class=\"ngg-gallery-thumbnail\">\n            <a href=\"http:\/\/www.spaziotorino.it\/scatto\/wp-content\/gallery\/2019_02_26_justwoman\/pla_7994.jpg\"\n               title=\"Just The Woman I Am\"\n               data-src=\"http:\/\/www.spaziotorino.it\/scatto\/wp-content\/gallery\/2019_02_26_justwoman\/pla_7994.jpg\"\n               data-thumbnail=\"http:\/\/www.spaziotorino.it\/scatto\/wp-content\/gallery\/2019_02_26_justwoman\/thumbs\/thumbs_pla_7994.jpg\"\n               data-image-id=\"22293\"\n               data-title=\"Just The Woman I Am\"\n               data-description=\"Just The Woman I Am\"\n               data-image-slug=\"pla_7994\"\n               class=\"ngg-fancybox\" rel=\"6aeec7d3281eafc2a9e96bd18f46f6c9\">\n                <img\n                    title=\"Just The Woman I Am\"\n                    alt=\"Just The Woman I Am\"\n                    src=\"http:\/\/www.spaziotorino.it\/scatto\/wp-content\/gallery\/2019_02_26_justwoman\/cache\/pla_7994.jpg-nggid0522293-ngg0dyn-60x60x100-00f0w010c011r110f110r010t010.jpg\"\n                    width=\"60\"\n                    height=\"60\"\n                    style=\"max-width:100%;\"\n                \/>\n            <\/a>\n        <\/div>\n\t\t\t\t\t\t\t<\/div> \n\t\t\t\n        \n\t\t\t\t<div id=\"ngg-image-1\" class=\"ngg-gallery-thumbnail-box\" >\n\t\t\t\t        <div class=\"ngg-gallery-thumbnail\">\n            <a href=\"http:\/\/www.spaziotorino.it\/scatto\/wp-content\/gallery\/2019_02_26_justwoman\/pla_8007.jpg\"\n               title=\"Just The Woman I Am\"\n               data-src=\"http:\/\/www.spaziotorino.it\/scatto\/wp-content\/gallery\/2019_02_26_justwoman\/pla_8007.jpg\"\n               data-thumbnail=\"http:\/\/www.spaziotorino.it\/scatto\/wp-content\/gallery\/2019_02_26_justwoman\/thumbs\/thumbs_pla_8007.jpg\"\n               data-image-id=\"22294\"\n               data-title=\"Just The Woman I Am\"\n               data-description=\"Just The Woman I Am\"\n               data-image-slug=\"pla_8007\"\n               class=\"ngg-fancybox\" rel=\"6aeec7d3281eafc2a9e96bd18f46f6c9\">\n                <img\n                    title=\"Just The Woman I Am\"\n                    alt=\"Just The Woman I Am\"\n                    src=\"http:\/\/www.spaziotorino.it\/scatto\/wp-content\/gallery\/2019_02_26_justwoman\/cache\/pla_8007.jpg-nggid0522294-ngg0dyn-60x60x100-00f0w010c011r110f110r010t010.jpg\"\n                    width=\"60\"\n                    height=\"60\"\n                    style=\"max-width:100%;\"\n                \/>\n            <\/a>\n        <\/div>\n\t\t\t\t\t\t\t<\/div> \n\t\t\t\n        \n\t\t\t\t<div id=\"ngg-image-2\" class=\"ngg-gallery-thumbnail-box\" >\n\t\t\t\t        <div class=\"ngg-gallery-thumbnail\">\n            <a href=\"http:\/\/www.spaziotorino.it\/scatto\/wp-content\/gallery\/2019_02_26_justwoman\/pla_8021.jpg\"\n               title=\"La\u00a0prova del percorso\"\n               data-src=\"http:\/\/www.spaziotorino.it\/scatto\/wp-content\/gallery\/2019_02_26_justwoman\/pla_8021.jpg\"\n               data-thumbnail=\"http:\/\/www.spaziotorino.it\/scatto\/wp-content\/gallery\/2019_02_26_justwoman\/thumbs\/thumbs_pla_8021.jpg\"\n               data-image-id=\"22295\"\n               data-title=\"La\u00a0prova del percorso\"\n               data-description=\"La\u00a0prova del percorso\"\n               data-image-slug=\"pla_8021\"\n               class=\"ngg-fancybox\" rel=\"6aeec7d3281eafc2a9e96bd18f46f6c9\">\n                <img\n                    title=\"La\u00a0prova del percorso\"\n                    alt=\"La\u00a0prova del percorso\"\n                    src=\"http:\/\/www.spaziotorino.it\/scatto\/wp-content\/gallery\/2019_02_26_justwoman\/cache\/pla_8021.jpg-nggid0522295-ngg0dyn-60x60x100-00f0w010c011r110f110r010t010.jpg\"\n                    width=\"60\"\n                    height=\"60\"\n                    style=\"max-width:100%;\"\n                \/>\n            <\/a>\n        <\/div>\n\t\t\t\t\t\t\t<\/div> \n\t\t\t\n        \n\t\t\t\t<div id=\"ngg-image-3\" class=\"ngg-gallery-thumbnail-box\" >\n\t\t\t\t        <div class=\"ngg-gallery-thumbnail\">\n            <a href=\"http:\/\/www.spaziotorino.it\/scatto\/wp-content\/gallery\/2019_02_26_justwoman\/pla_8069.jpg\"\n               title=\"Just The Woman I Am\"\n               data-src=\"http:\/\/www.spaziotorino.it\/scatto\/wp-content\/gallery\/2019_02_26_justwoman\/pla_8069.jpg\"\n               data-thumbnail=\"http:\/\/www.spaziotorino.it\/scatto\/wp-content\/gallery\/2019_02_26_justwoman\/thumbs\/thumbs_pla_8069.jpg\"\n               data-image-id=\"22296\"\n               data-title=\"Just The Woman I Am\"\n               data-description=\"Just The Woman I Am\"\n               data-image-slug=\"pla_8069\"\n               class=\"ngg-fancybox\" rel=\"6aeec7d3281eafc2a9e96bd18f46f6c9\">\n                <img\n                    title=\"Just The Woman I Am\"\n                    alt=\"Just The Woman I Am\"\n                    src=\"http:\/\/www.spaziotorino.it\/scatto\/wp-content\/gallery\/2019_02_26_justwoman\/cache\/pla_8069.jpg-nggid0522296-ngg0dyn-60x60x100-00f0w010c011r110f110r010t010.jpg\"\n                    width=\"60\"\n                    height=\"60\"\n                    style=\"max-width:100%;\"\n                \/>\n            <\/a>\n        <\/div>\n\t\t\t\t\t\t\t<\/div> \n\t\t\t\n        \n\t\t\t\t<div id=\"ngg-image-4\" class=\"ngg-gallery-thumbnail-box\" >\n\t\t\t\t        <div class=\"ngg-gallery-thumbnail\">\n            <a href=\"http:\/\/www.spaziotorino.it\/scatto\/wp-content\/gallery\/2019_02_26_justwoman\/pla_8079.jpg\"\n               title=\"Just The Woman I Am\"\n               data-src=\"http:\/\/www.spaziotorino.it\/scatto\/wp-content\/gallery\/2019_02_26_justwoman\/pla_8079.jpg\"\n               data-thumbnail=\"http:\/\/www.spaziotorino.it\/scatto\/wp-content\/gallery\/2019_02_26_justwoman\/thumbs\/thumbs_pla_8079.jpg\"\n               data-image-id=\"22297\"\n               data-title=\"Just The Woman I Am\"\n               data-description=\"Just The Woman I Am\"\n               data-image-slug=\"pla_8079\"\n               class=\"ngg-fancybox\" rel=\"6aeec7d3281eafc2a9e96bd18f46f6c9\">\n                <img\n                    title=\"Just The Woman I Am\"\n                    alt=\"Just The Woman I Am\"\n                    src=\"http:\/\/www.spaziotorino.it\/scatto\/wp-content\/gallery\/2019_02_26_justwoman\/cache\/pla_8079.jpg-nggid0522297-ngg0dyn-60x60x100-00f0w010c011r110f110r010t010.jpg\"\n                    width=\"60\"\n                    height=\"60\"\n                    style=\"max-width:100%;\"\n                \/>\n            <\/a>\n        <\/div>\n\t\t\t\t\t\t\t<\/div> \n\t\t\t\n        \n\t\t\t\t<div id=\"ngg-image-5\" class=\"ngg-gallery-thumbnail-box\" >\n\t\t\t\t        <div class=\"ngg-gallery-thumbnail\">\n            <a href=\"http:\/\/www.spaziotorino.it\/scatto\/wp-content\/gallery\/2019_02_26_justwoman\/pla_8080.jpg\"\n               title=\"Just The Woman I Am\"\n               data-src=\"http:\/\/www.spaziotorino.it\/scatto\/wp-content\/gallery\/2019_02_26_justwoman\/pla_8080.jpg\"\n               data-thumbnail=\"http:\/\/www.spaziotorino.it\/scatto\/wp-content\/gallery\/2019_02_26_justwoman\/thumbs\/thumbs_pla_8080.jpg\"\n               data-image-id=\"22298\"\n               data-title=\"Just The Woman I Am\"\n               data-description=\"Just The Woman I Am\"\n               data-image-slug=\"pla_8080\"\n               class=\"ngg-fancybox\" rel=\"6aeec7d3281eafc2a9e96bd18f46f6c9\">\n                <img\n                    title=\"Just The Woman I Am\"\n                    alt=\"Just The Woman I Am\"\n                    src=\"http:\/\/www.spaziotorino.it\/scatto\/wp-content\/gallery\/2019_02_26_justwoman\/cache\/pla_8080.jpg-nggid0522298-ngg0dyn-60x60x100-00f0w010c011r110f110r010t010.jpg\"\n                    width=\"60\"\n                    height=\"60\"\n                    style=\"max-width:100%;\"\n                \/>\n            <\/a>\n        <\/div>\n\t\t\t\t\t\t\t<\/div> \n\t\t\t\n        \n\t\t\n\t\t<!-- Pagination -->\n\t<div class='ngg-clear'><\/div>\t<\/div>\n\n<p>Domenica 3 marzo 2019, per il sesto anno consecutivo in Piazza San Carlo, torna <strong>Just The Woman I Am<\/strong>, evento di sport, cultura, benessere e socialit\u00e0 a sostegno della ricerca universitaria sul cancro, organizzato dal CUS Torino in stretta collaborazione con l\u2019Universit\u00e0 degli Studi di Torino e il Politecnico di Torino.<\/p>\n<p>Marted\u00ec 26 febbraio&nbsp;si \u00e8 svolta la&nbsp;<strong>prova del percorso&nbsp;<\/strong>con il &nbsp;<strong>\u201cGruppo Training Unito Suism\u201d&nbsp;<\/strong>guidato dalla<strong>&nbsp;Direttrice Generale Loredana Segreto<\/strong>, e alle 13,00<strong>&nbsp;\u00e8 stato inaugurato il \u201cPunto Iscrizioni e Ritiro Welcome Bag\u201d&nbsp;<\/strong>in Piazza Castello presso la sede della Regione Piemonte (sala Mostre) con ingresso da Piazza Castello 165, presenti i&nbsp;<strong>gruppi di studenti internazionali<\/strong>&nbsp;dell\u2019<strong>Universit\u00e0 degli Studi&nbsp;<\/strong>e del<strong>&nbsp;Politecnico di Torino<\/strong>.<\/p>\n<p>L\u2019edizione 2019 si arricchisce di una giornata interamente dedicata alla prevenzione con visite gratuite offerte dalle associazioni presenti in piazza a partire dalle ore 10 fino alle ore 18. La domenica 3 marzo Piazza San Carlo diventer\u00e0 una \u201cpalestra\u201d a cielo aperto, suddivisa in quattro aree: attivit\u00e0 fisica, ricerca universitaria, prevenzione e supporter. A partire dalle ore 10,00 un fitto programma animer\u00e0 l\u2019intera giornata. Sar\u00e0 possibile iscriversi alla corsa\/camminata fino alle 15,00.<\/p>\n<p>Scopri il programma completo delle giornate nella sezione dedicata <a href=\"http:\/\/www.torinodonna.it\/evento\/programma\/\">www.torinodonna.it\/evento\/programma\/<\/a><\/p>\n","protected":false},"excerpt":{"rendered":"<p>Domenica 3 marzo 2019, per il sesto anno consecutivo in Piazza San Carlo, torna Just The Woman I Am, evento di sport, cultura, benessere e socialit\u00e0 a sostegno della ricerca universitaria sul cancro, organizzato dal CUS Torino in stretta collaborazione con l\u2019Universit\u00e0 degli Studi di Torino e il Politecnico di Torino. Marted\u00ec 26 febbraio&nbsp;si \u00e8 [&hellip;]<\/p>\n","protected":false},"author":1,"featured_media":0,"comment_status":"closed","ping_status":"open","sticky":false,"template":"","format":"standard","meta":{"ngg_post_thumbnail":0},"categories":[1,41],"tags":[],"_links":{"self":[{"href":"http:\/\/www.spaziotorino.it\/scatto\/index.php?rest_route=\/wp\/v2\/posts\/15734"}],"collection":[{"href":"http:\/\/www.spaziotorino.it\/scatto\/index.php?rest_route=\/wp\/v2\/posts"}],"about":[{"href":"http:\/\/www.spaziotorino.it\/scatto\/index.php?rest_route=\/wp\/v2\/types\/post"}],"author":[{"embeddable":true,"href":"http:\/\/www.spaziotorino.it\/scatto\/index.php?rest_route=\/wp\/v2\/users\/1"}],"replies":[{"embeddable":true,"href":"http:\/\/www.spaziotorino.it\/scatto\/index.php?rest_route=%2Fwp%2Fv2%2Fcomments&post=15734"}],"version-history":[{"count":4,"href":"http:\/\/www.spaziotorino.it\/scatto\/index.php?rest_route=\/wp\/v2\/posts\/15734\/revisions"}],"predecessor-version":[{"id":15738,"href":"http:\/\/www.spaziotorino.it\/scatto\/index.php?rest_route=\/wp\/v2\/posts\/15734\/revisions\/15738"}],"wp:attachment":[{"href":"http:\/\/www.spaziotorino.it\/scatto\/index.php?rest_route=%2Fwp%2Fv2%2Fmedia&parent=15734"}],"wp:term":[{"taxonomy":"category","embeddable":true,"href":"http:\/\/www.spaziotorino.it\/scatto\/index.php?rest_route=%2Fwp%2Fv2%2Fcategories&post=15734"},{"taxonomy":"post_tag","embeddable":true,"href":"http:\/\/www.spaziotorino.it\/scatto\/index.php?rest_route=%2Fwp%2Fv2%2Ftags&post=15734"}],"curies":[{"name":"wp","href":"https:\/\/api.w.org\/{rel}","templated":true}]}}